{"id":26820,"date":"2024-10-09T16:01:04","date_gmt":"2024-10-09T20:01:04","guid":{"rendered":"https:\/\/www.mpppst.gob.ve\/mpppstweb\/?p=26820"},"modified":"2024-10-09T16:18:57","modified_gmt":"2024-10-09T20:18:57","slug":"80-anos-salvando-vidas-el-ivss-celebra-su-trayectoria-en-la-proteccion-social-de-venezuela","status":"publish","type":"post","link":"https:\/\/www.mpppst.gob.ve\/mpppstweb\/index.php\/2024\/10\/09\/80-anos-salvando-vidas-el-ivss-celebra-su-trayectoria-en-la-proteccion-social-de-venezuela\/","title":{"rendered":"\u00a180 A\u00f1os Salvando Vidas! El IVSS Celebra su Trayectoria en la Protecci\u00f3n Social de Venezuela."},"content":{"rendered":"\n<p>(Caracas, 09-10-24. Prensa MPPPST).\u2013 El Instituto Venezolano de los Seguros Sociales (IVSS), conmemora 80 a\u00f1os de labor ininterrumpida en la protecci\u00f3n social de la poblaci\u00f3n venezolana. Desde su fundaci\u00f3n el 9 de octubre de 1944, ha sido testigo y protagonista en los momentos m\u00e1s significativos para la vida de millones de venezolanas y venezolanos, consolid\u00e1ndose como un pilar fundamental en el bienestar del pa\u00eds.<br><br>A lo largo de su historia, el IVSS ha ofrecido una red de seguridad social, adaptando su estructura a las necesidades cambiantes de la poblaci\u00f3n. <\/p>\n\n\n\n<figure class=\"wp-block-image size-large\"><img decoding=\"async\" loading=\"lazy\" width=\"1024\" height=\"768\" src=\"https:\/\/www.mpppst.gob.ve\/mpppstweb\/wp-content\/uploads\/2024\/10\/img_20241009_161327_7308256333964218221894-1024x768.jpg\" alt=\"\" class=\"wp-image-26825\" srcset=\"https:\/\/www.mpppst.gob.ve\/mpppstweb\/wp-content\/uploads\/2024\/10\/img_20241009_161327_7308256333964218221894-1024x768.jpg 1024w, https:\/\/www.mpppst.gob.ve\/mpppstweb\/wp-content\/uploads\/2024\/10\/img_20241009_161327_7308256333964218221894-300x225.jpg 300w, https:\/\/www.mpppst.gob.ve\/mpppstweb\/wp-content\/uploads\/2024\/10\/img_20241009_161327_7308256333964218221894-768x576.jpg 768w, https:\/\/www.mpppst.gob.ve\/mpppstweb\/wp-content\/uploads\/2024\/10\/img_20241009_161327_7308256333964218221894.jpg 1080w\" sizes=\"(max-width: 1024px) 100vw, 1024px\" \/><\/figure>\n\n\n\n<p><br><br>En la actualidad, el Instituto Venezolano de los Seguros Sociales se encuentra en un proceso de modernizaci\u00f3n en su estructura y sistemas. Su compromiso con la salud y el bienestar del pueblo venezolano es inquebrantable, adapt\u00e1ndose a los desaf\u00edos de cada \u00e9poca.<br><br>En este 80 aniversario, el IVSS reafirma su compromiso en seguir siendo un baluarte para la protecci\u00f3n social y un aliado esencial en la construcci\u00f3n de un futuro m\u00e1s saludable y justo para todos los venezolanos.(Fin\/Prensa MPPPST).<\/p>\n","protected":false},"excerpt":{"rendered":"<p>(Caracas, 09-10-24. Prensa MPPPST).\u2013 El Instituto Venezolano de los Seguros Sociales (IVSS), conmemora 80 a\u00f1os de &hellip; <a title=\"\u00a180 A\u00f1os Salvando Vidas! El IVSS Celebra su Trayectoria en la Protecci\u00f3n Social de Venezuela.\" class=\"hm-read-more\" href=\"https:\/\/www.mpppst.gob.ve\/mpppstweb\/index.php\/2024\/10\/09\/80-anos-salvando-vidas-el-ivss-celebra-su-trayectoria-en-la-proteccion-social-de-venezuela\/\"><span class=\"screen-reader-text\">\u00a180 A\u00f1os Salvando Vidas! El IVSS Celebra su Trayectoria en la Protecci\u00f3n Social de Venezuela.<\/span>Read more<\/a><\/p>\n","protected":false},"author":25,"featured_media":26827,"comment_status":"closed","ping_status":"closed","sticky":false,"template":"","format":"standard","meta":{"footnotes":""},"categories":[82],"tags":[854,387,247,424],"yoast_head":"<!-- This site is optimized with the Yoast SEO plugin v22.5 - https:\/\/yoast.com\/wordpress\/plugins\/seo\/ -->\n<title>\u00a180 A\u00f1os Salvando Vidas! El IVSS Celebra su Trayectoria en la Protecci\u00f3n Social de Venezuela. - MPPPST<\/title>\n<meta name=\"robots\" content=\"index, follow, max-snippet:-1, max-image-preview:large, max-video-preview:-1\" \/>\n<link rel=\"canonical\" href=\"https:\/\/www.mpppst.gob.ve\/mpppstweb\/index.php\/2024\/10\/09\/80-anos-salvando-vidas-el-ivss-celebra-su-trayectoria-en-la-proteccion-social-de-venezuela\/\" \/>\n<meta property=\"og:locale\" content=\"es_ES\" \/>\n<meta property=\"og:type\" content=\"article\" \/>\n<meta property=\"og:title\" content=\"\u00a180 A\u00f1os Salvando Vidas! El IVSS Celebra su Trayectoria en la Protecci\u00f3n Social de Venezuela. - MPPPST\" \/>\n<meta property=\"og:description\" content=\"(Caracas, 09-10-24. Prensa MPPPST).\u2013 El Instituto Venezolano de los Seguros Sociales (IVSS), conmemora 80 a\u00f1os de &hellip; \u00a180 A\u00f1os Salvando Vidas! El IVSS Celebra su Trayectoria en la Protecci\u00f3n Social de Venezuela.Read more\" \/>\n<meta property=\"og:url\" content=\"https:\/\/www.mpppst.gob.ve\/mpppstweb\/index.php\/2024\/10\/09\/80-anos-salvando-vidas-el-ivss-celebra-su-trayectoria-en-la-proteccion-social-de-venezuela\/\" \/>\n<meta property=\"og:site_name\" content=\"MPPPST\" \/>\n<meta property=\"article:published_time\" content=\"2024-10-09T20:01:04+00:00\" \/>\n<meta property=\"article:modified_time\" content=\"2024-10-09T20:18:57+00:00\" \/>\n<meta property=\"og:image\" content=\"http:\/\/www.mpppst.gob.ve\/mpppstweb\/wp-content\/uploads\/2024\/10\/IMG_20241009_161807_941.jpg\" \/>\n\t<meta property=\"og:image:width\" content=\"1080\" \/>\n\t<meta property=\"og:image:height\" content=\"531\" \/>\n\t<meta property=\"og:image:type\" content=\"image\/jpeg\" \/>\n<meta name=\"author\" content=\"MPPPST Prensa\" \/>\n<meta name=\"twitter:card\" content=\"summary_large_image\" \/>\n<meta name=\"twitter:label1\" content=\"Escrito por\" \/>\n\t<meta name=\"twitter:data1\" content=\"MPPPST Prensa\" \/>\n\t<meta name=\"twitter:label2\" content=\"Tiempo de lectura\" \/>\n\t<meta name=\"twitter:data2\" content=\"2 minutos\" \/>\n<script type=\"application\/ld+json\" class=\"yoast-schema-graph\">{\"@context\":\"https:\/\/schema.org\",\"@graph\":[{\"@type\":\"Article\",\"@id\":\"https:\/\/www.mpppst.gob.ve\/mpppstweb\/index.php\/2024\/10\/09\/80-anos-salvando-vidas-el-ivss-celebra-su-trayectoria-en-la-proteccion-social-de-venezuela\/#article\",\"isPartOf\":{\"@id\":\"https:\/\/www.mpppst.gob.ve\/mpppstweb\/index.php\/2024\/10\/09\/80-anos-salvando-vidas-el-ivss-celebra-su-trayectoria-en-la-proteccion-social-de-venezuela\/\"},\"author\":{\"name\":\"MPPPST Prensa\",\"@id\":\"https:\/\/www.mpppst.gob.ve\/mpppstweb\/#\/schema\/person\/fc187ee8ead412bd4c9304b62f900ea4\"},\"headline\":\"\u00a180 A\u00f1os Salvando Vidas! El IVSS Celebra su Trayectoria en la Protecci\u00f3n Social de Venezuela.\",\"datePublished\":\"2024-10-09T20:01:04+00:00\",\"dateModified\":\"2024-10-09T20:18:57+00:00\",\"mainEntityOfPage\":{\"@id\":\"https:\/\/www.mpppst.gob.ve\/mpppstweb\/index.php\/2024\/10\/09\/80-anos-salvando-vidas-el-ivss-celebra-su-trayectoria-en-la-proteccion-social-de-venezuela\/\"},\"wordCount\":197,\"publisher\":{\"@id\":\"https:\/\/www.mpppst.gob.ve\/mpppstweb\/#organization\"},\"image\":{\"@id\":\"https:\/\/www.mpppst.gob.ve\/mpppstweb\/index.php\/2024\/10\/09\/80-anos-salvando-vidas-el-ivss-celebra-su-trayectoria-en-la-proteccion-social-de-venezuela\/#primaryimage\"},\"thumbnailUrl\":\"https:\/\/www.mpppst.gob.ve\/mpppstweb\/wp-content\/uploads\/2024\/10\/IMG_20241009_161807_941.jpg\",\"keywords\":[\"aniversario\",\"Entes adscritos\",\"IVSS\",\"Ministerio del Trabajo\"],\"articleSection\":[\"Gobierno Nacional\"],\"inLanguage\":\"es\"},{\"@type\":\"WebPage\",\"@id\":\"https:\/\/www.mpppst.gob.ve\/mpppstweb\/index.php\/2024\/10\/09\/80-anos-salvando-vidas-el-ivss-celebra-su-trayectoria-en-la-proteccion-social-de-venezuela\/\",\"url\":\"https:\/\/www.mpppst.gob.ve\/mpppstweb\/index.php\/2024\/10\/09\/80-anos-salvando-vidas-el-ivss-celebra-su-trayectoria-en-la-proteccion-social-de-venezuela\/\",\"name\":\"\u00a180 A\u00f1os Salvando Vidas! El IVSS Celebra su Trayectoria en la Protecci\u00f3n Social de Venezuela. - MPPPST\",\"isPartOf\":{\"@id\":\"https:\/\/www.mpppst.gob.ve\/mpppstweb\/#website\"},\"primaryImageOfPage\":{\"@id\":\"https:\/\/www.mpppst.gob.ve\/mpppstweb\/index.php\/2024\/10\/09\/80-anos-salvando-vidas-el-ivss-celebra-su-trayectoria-en-la-proteccion-social-de-venezuela\/#primaryimage\"},\"image\":{\"@id\":\"https:\/\/www.mpppst.gob.ve\/mpppstweb\/index.php\/2024\/10\/09\/80-anos-salvando-vidas-el-ivss-celebra-su-trayectoria-en-la-proteccion-social-de-venezuela\/#primaryimage\"},\"thumbnailUrl\":\"https:\/\/www.mpppst.gob.ve\/mpppstweb\/wp-content\/uploads\/2024\/10\/IMG_20241009_161807_941.jpg\",\"datePublished\":\"2024-10-09T20:01:04+00:00\",\"dateModified\":\"2024-10-09T20:18:57+00:00\",\"breadcrumb\":{\"@id\":\"https:\/\/www.mpppst.gob.ve\/mpppstweb\/index.php\/2024\/10\/09\/80-anos-salvando-vidas-el-ivss-celebra-su-trayectoria-en-la-proteccion-social-de-venezuela\/#breadcrumb\"},\"inLanguage\":\"es\",\"potentialAction\":[{\"@type\":\"ReadAction\",\"target\":[\"https:\/\/www.mpppst.gob.ve\/mpppstweb\/index.php\/2024\/10\/09\/80-anos-salvando-vidas-el-ivss-celebra-su-trayectoria-en-la-proteccion-social-de-venezuela\/\"]}]},{\"@type\":\"ImageObject\",\"inLanguage\":\"es\",\"@id\":\"https:\/\/www.mpppst.gob.ve\/mpppstweb\/index.php\/2024\/10\/09\/80-anos-salvando-vidas-el-ivss-celebra-su-trayectoria-en-la-proteccion-social-de-venezuela\/#primaryimage\",\"url\":\"https:\/\/www.mpppst.gob.ve\/mpppstweb\/wp-content\/uploads\/2024\/10\/IMG_20241009_161807_941.jpg\",\"contentUrl\":\"https:\/\/www.mpppst.gob.ve\/mpppstweb\/wp-content\/uploads\/2024\/10\/IMG_20241009_161807_941.jpg\",\"width\":1080,\"height\":531},{\"@type\":\"BreadcrumbList\",\"@id\":\"https:\/\/www.mpppst.gob.ve\/mpppstweb\/index.php\/2024\/10\/09\/80-anos-salvando-vidas-el-ivss-celebra-su-trayectoria-en-la-proteccion-social-de-venezuela\/#breadcrumb\",\"itemListElement\":[{\"@type\":\"ListItem\",\"position\":1,\"name\":\"Home\",\"item\":\"https:\/\/www.mpppst.gob.ve\/mpppstweb\/\"},{\"@type\":\"ListItem\",\"position\":2,\"name\":\"\u00a180 A\u00f1os Salvando Vidas! El IVSS Celebra su Trayectoria en la Protecci\u00f3n Social de Venezuela.\"}]},{\"@type\":\"WebSite\",\"@id\":\"https:\/\/www.mpppst.gob.ve\/mpppstweb\/#website\",\"url\":\"https:\/\/www.mpppst.gob.ve\/mpppstweb\/\",\"name\":\"MPPPST\",\"description\":\"Ministerio del Poder Popular para el Proceso Social de Trabajo\",\"publisher\":{\"@id\":\"https:\/\/www.mpppst.gob.ve\/mpppstweb\/#organization\"},\"potentialAction\":[{\"@type\":\"SearchAction\",\"target\":{\"@type\":\"EntryPoint\",\"urlTemplate\":\"https:\/\/www.mpppst.gob.ve\/mpppstweb\/?s={search_term_string}\"},\"query-input\":\"required name=search_term_string\"}],\"inLanguage\":\"es\"},{\"@type\":\"Organization\",\"@id\":\"https:\/\/www.mpppst.gob.ve\/mpppstweb\/#organization\",\"name\":\"mpppst\",\"url\":\"https:\/\/www.mpppst.gob.ve\/mpppstweb\/\",\"logo\":{\"@type\":\"ImageObject\",\"inLanguage\":\"es\",\"@id\":\"https:\/\/www.mpppst.gob.ve\/mpppstweb\/#\/schema\/logo\/image\/\",\"url\":\"https:\/\/www.mpppst.gob.ve\/mpppstweb\/wp-content\/uploads\/2025\/07\/cropped-cropped-g910.png\",\"contentUrl\":\"https:\/\/www.mpppst.gob.ve\/mpppstweb\/wp-content\/uploads\/2025\/07\/cropped-cropped-g910.png\",\"width\":1080,\"height\":241,\"caption\":\"mpppst\"},\"image\":{\"@id\":\"https:\/\/www.mpppst.gob.ve\/mpppstweb\/#\/schema\/logo\/image\/\"}},{\"@type\":\"Person\",\"@id\":\"https:\/\/www.mpppst.gob.ve\/mpppstweb\/#\/schema\/person\/fc187ee8ead412bd4c9304b62f900ea4\",\"name\":\"MPPPST Prensa\",\"url\":\"https:\/\/www.mpppst.gob.ve\/mpppstweb\/index.php\/author\/prensa-mpppst\/\"}]}<\/script>\n<!-- \/ Yoast SEO plugin. -->","yoast_head_json":{"title":"\u00a180 A\u00f1os Salvando Vidas! El IVSS Celebra su Trayectoria en la Protecci\u00f3n Social de Venezuela. - MPPPST","robots":{"index":"index","follow":"follow","max-snippet":"max-snippet:-1","max-image-preview":"max-image-preview:large","max-video-preview":"max-video-preview:-1"},"canonical":"https:\/\/www.mpppst.gob.ve\/mpppstweb\/index.php\/2024\/10\/09\/80-anos-salvando-vidas-el-ivss-celebra-su-trayectoria-en-la-proteccion-social-de-venezuela\/","og_locale":"es_ES","og_type":"article","og_title":"\u00a180 A\u00f1os Salvando Vidas! El IVSS Celebra su Trayectoria en la Protecci\u00f3n Social de Venezuela. - MPPPST","og_description":"(Caracas, 09-10-24. Prensa MPPPST).\u2013 El Instituto Venezolano de los Seguros Sociales (IVSS), conmemora 80 a\u00f1os de &hellip; \u00a180 A\u00f1os Salvando Vidas! El IVSS Celebra su Trayectoria en la Protecci\u00f3n Social de Venezuela.Read more","og_url":"https:\/\/www.mpppst.gob.ve\/mpppstweb\/index.php\/2024\/10\/09\/80-anos-salvando-vidas-el-ivss-celebra-su-trayectoria-en-la-proteccion-social-de-venezuela\/","og_site_name":"MPPPST","article_published_time":"2024-10-09T20:01:04+00:00","article_modified_time":"2024-10-09T20:18:57+00:00","og_image":[{"width":1080,"height":531,"url":"http:\/\/www.mpppst.gob.ve\/mpppstweb\/wp-content\/uploads\/2024\/10\/IMG_20241009_161807_941.jpg","type":"image\/jpeg"}],"author":"MPPPST Prensa","twitter_card":"summary_large_image","twitter_misc":{"Escrito por":"MPPPST Prensa","Tiempo de lectura":"2 minutos"},"schema":{"@context":"https:\/\/schema.org","@graph":[{"@type":"Article","@id":"https:\/\/www.mpppst.gob.ve\/mpppstweb\/index.php\/2024\/10\/09\/80-anos-salvando-vidas-el-ivss-celebra-su-trayectoria-en-la-proteccion-social-de-venezuela\/#article","isPartOf":{"@id":"https:\/\/www.mpppst.gob.ve\/mpppstweb\/index.php\/2024\/10\/09\/80-anos-salvando-vidas-el-ivss-celebra-su-trayectoria-en-la-proteccion-social-de-venezuela\/"},"author":{"name":"MPPPST Prensa","@id":"https:\/\/www.mpppst.gob.ve\/mpppstweb\/#\/schema\/person\/fc187ee8ead412bd4c9304b62f900ea4"},"headline":"\u00a180 A\u00f1os Salvando Vidas! El IVSS Celebra su Trayectoria en la Protecci\u00f3n Social de Venezuela.","datePublished":"2024-10-09T20:01:04+00:00","dateModified":"2024-10-09T20:18:57+00:00","mainEntityOfPage":{"@id":"https:\/\/www.mpppst.gob.ve\/mpppstweb\/index.php\/2024\/10\/09\/80-anos-salvando-vidas-el-ivss-celebra-su-trayectoria-en-la-proteccion-social-de-venezuela\/"},"wordCount":197,"publisher":{"@id":"https:\/\/www.mpppst.gob.ve\/mpppstweb\/#organization"},"image":{"@id":"https:\/\/www.mpppst.gob.ve\/mpppstweb\/index.php\/2024\/10\/09\/80-anos-salvando-vidas-el-ivss-celebra-su-trayectoria-en-la-proteccion-social-de-venezuela\/#primaryimage"},"thumbnailUrl":"https:\/\/www.mpppst.gob.ve\/mpppstweb\/wp-content\/uploads\/2024\/10\/IMG_20241009_161807_941.jpg","keywords":["aniversario","Entes adscritos","IVSS","Ministerio del Trabajo"],"articleSection":["Gobierno Nacional"],"inLanguage":"es"},{"@type":"WebPage","@id":"https:\/\/www.mpppst.gob.ve\/mpppstweb\/index.php\/2024\/10\/09\/80-anos-salvando-vidas-el-ivss-celebra-su-trayectoria-en-la-proteccion-social-de-venezuela\/","url":"https:\/\/www.mpppst.gob.ve\/mpppstweb\/index.php\/2024\/10\/09\/80-anos-salvando-vidas-el-ivss-celebra-su-trayectoria-en-la-proteccion-social-de-venezuela\/","name":"\u00a180 A\u00f1os Salvando Vidas! El IVSS Celebra su Trayectoria en la Protecci\u00f3n Social de Venezuela. - MPPPST","isPartOf":{"@id":"https:\/\/www.mpppst.gob.ve\/mpppstweb\/#website"},"primaryImageOfPage":{"@id":"https:\/\/www.mpppst.gob.ve\/mpppstweb\/index.php\/2024\/10\/09\/80-anos-salvando-vidas-el-ivss-celebra-su-trayectoria-en-la-proteccion-social-de-venezuela\/#primaryimage"},"image":{"@id":"https:\/\/www.mpppst.gob.ve\/mpppstweb\/index.php\/2024\/10\/09\/80-anos-salvando-vidas-el-ivss-celebra-su-trayectoria-en-la-proteccion-social-de-venezuela\/#primaryimage"},"thumbnailUrl":"https:\/\/www.mpppst.gob.ve\/mpppstweb\/wp-content\/uploads\/2024\/10\/IMG_20241009_161807_941.jpg","datePublished":"2024-10-09T20:01:04+00:00","dateModified":"2024-10-09T20:18:57+00:00","breadcrumb":{"@id":"https:\/\/www.mpppst.gob.ve\/mpppstweb\/index.php\/2024\/10\/09\/80-anos-salvando-vidas-el-ivss-celebra-su-trayectoria-en-la-proteccion-social-de-venezuela\/#breadcrumb"},"inLanguage":"es","potentialAction":[{"@type":"ReadAction","target":["https:\/\/www.mpppst.gob.ve\/mpppstweb\/index.php\/2024\/10\/09\/80-anos-salvando-vidas-el-ivss-celebra-su-trayectoria-en-la-proteccion-social-de-venezuela\/"]}]},{"@type":"ImageObject","inLanguage":"es","@id":"https:\/\/www.mpppst.gob.ve\/mpppstweb\/index.php\/2024\/10\/09\/80-anos-salvando-vidas-el-ivss-celebra-su-trayectoria-en-la-proteccion-social-de-venezuela\/#primaryimage","url":"https:\/\/www.mpppst.gob.ve\/mpppstweb\/wp-content\/uploads\/2024\/10\/IMG_20241009_161807_941.jpg","contentUrl":"https:\/\/www.mpppst.gob.ve\/mpppstweb\/wp-content\/uploads\/2024\/10\/IMG_20241009_161807_941.jpg","width":1080,"height":531},{"@type":"BreadcrumbList","@id":"https:\/\/www.mpppst.gob.ve\/mpppstweb\/index.php\/2024\/10\/09\/80-anos-salvando-vidas-el-ivss-celebra-su-trayectoria-en-la-proteccion-social-de-venezuela\/#breadcrumb","itemListElement":[{"@type":"ListItem","position":1,"name":"Home","item":"https:\/\/www.mpppst.gob.ve\/mpppstweb\/"},{"@type":"ListItem","position":2,"name":"\u00a180 A\u00f1os Salvando Vidas! El IVSS Celebra su Trayectoria en la Protecci\u00f3n Social de Venezuela."}]},{"@type":"WebSite","@id":"https:\/\/www.mpppst.gob.ve\/mpppstweb\/#website","url":"https:\/\/www.mpppst.gob.ve\/mpppstweb\/","name":"MPPPST","description":"Ministerio del Poder Popular para el Proceso Social de Trabajo","publisher":{"@id":"https:\/\/www.mpppst.gob.ve\/mpppstweb\/#organization"},"potentialAction":[{"@type":"SearchAction","target":{"@type":"EntryPoint","urlTemplate":"https:\/\/www.mpppst.gob.ve\/mpppstweb\/?s={search_term_string}"},"query-input":"required name=search_term_string"}],"inLanguage":"es"},{"@type":"Organization","@id":"https:\/\/www.mpppst.gob.ve\/mpppstweb\/#organization","name":"mpppst","url":"https:\/\/www.mpppst.gob.ve\/mpppstweb\/","logo":{"@type":"ImageObject","inLanguage":"es","@id":"https:\/\/www.mpppst.gob.ve\/mpppstweb\/#\/schema\/logo\/image\/","url":"https:\/\/www.mpppst.gob.ve\/mpppstweb\/wp-content\/uploads\/2025\/07\/cropped-cropped-g910.png","contentUrl":"https:\/\/www.mpppst.gob.ve\/mpppstweb\/wp-content\/uploads\/2025\/07\/cropped-cropped-g910.png","width":1080,"height":241,"caption":"mpppst"},"image":{"@id":"https:\/\/www.mpppst.gob.ve\/mpppstweb\/#\/schema\/logo\/image\/"}},{"@type":"Person","@id":"https:\/\/www.mpppst.gob.ve\/mpppstweb\/#\/schema\/person\/fc187ee8ead412bd4c9304b62f900ea4","name":"MPPPST Prensa","url":"https:\/\/www.mpppst.gob.ve\/mpppstweb\/index.php\/author\/prensa-mpppst\/"}]}},"_links":{"self":[{"href":"https:\/\/www.mpppst.gob.ve\/mpppstweb\/index.php\/wp-json\/wp\/v2\/posts\/26820"}],"collection":[{"href":"https:\/\/www.mpppst.gob.ve\/mpppstweb\/index.php\/wp-json\/wp\/v2\/posts"}],"about":[{"href":"https:\/\/www.mpppst.gob.ve\/mpppstweb\/index.php\/wp-json\/wp\/v2\/types\/post"}],"author":[{"embeddable":true,"href":"https:\/\/www.mpppst.gob.ve\/mpppstweb\/index.php\/wp-json\/wp\/v2\/users\/25"}],"replies":[{"embeddable":true,"href":"https:\/\/www.mpppst.gob.ve\/mpppstweb\/index.php\/wp-json\/wp\/v2\/comments?post=26820"}],"version-history":[{"count":4,"href":"https:\/\/www.mpppst.gob.ve\/mpppstweb\/index.php\/wp-json\/wp\/v2\/posts\/26820\/revisions"}],"predecessor-version":[{"id":26828,"href":"https:\/\/www.mpppst.gob.ve\/mpppstweb\/index.php\/wp-json\/wp\/v2\/posts\/26820\/revisions\/26828"}],"wp:featuredmedia":[{"embeddable":true,"href":"https:\/\/www.mpppst.gob.ve\/mpppstweb\/index.php\/wp-json\/wp\/v2\/media\/26827"}],"wp:attachment":[{"href":"https:\/\/www.mpppst.gob.ve\/mpppstweb\/index.php\/wp-json\/wp\/v2\/media?parent=26820"}],"wp:term":[{"taxonomy":"category","embeddable":true,"href":"https:\/\/www.mpppst.gob.ve\/mpppstweb\/index.php\/wp-json\/wp\/v2\/categories?post=26820"},{"taxonomy":"post_tag","embeddable":true,"href":"https:\/\/www.mpppst.gob.ve\/mpppstweb\/index.php\/wp-json\/wp\/v2\/tags?post=26820"}],"curies":[{"name":"wp","href":"https:\/\/api.w.org\/{rel}","templated":true}]}}