{"id":28460,"date":"2026-04-27T17:43:43","date_gmt":"2026-04-27T21:43:43","guid":{"rendered":"https:\/\/www.mpppst.gob.ve\/mpppstweb\/?p=28460"},"modified":"2026-04-27T18:10:38","modified_gmt":"2026-04-27T22:10:38","slug":"dia-internacional-de-los-trabajadores-la-historia-de-un-derecho-consagrado","status":"publish","type":"post","link":"https:\/\/www.mpppst.gob.ve\/mpppstweb\/index.php\/2026\/04\/27\/dia-internacional-de-los-trabajadores-la-historia-de-un-derecho-consagrado\/","title":{"rendered":"D\u00eda Internacional de los Trabajadores: la historia de un derecho consagrado"},"content":{"rendered":"\n<p><strong>Prensa MPPPST (27\/04\/2026).<\/strong>&#8211; El D\u00eda Internacional de los Trabajadores representa el triunfo de una lucha que transform\u00f3 la realidad de millones de personas. Esta historia de resistencia tiene su ra\u00edz en el siglo XIX, alcanzando su punto de quiebre el 1 de mayo de 1886. Ese d\u00eda, bajo la consigna \u00abocho horas para trabajar, ocho para dormir y ocho para el hogar\u00bb cerca de 200 mil trabajadores de Estados Unidos iniciaron una huelga para exigir la reducci\u00f3n de las extenuantes jornadas laborales de 16 horas.<\/p>\n\n\n\n<p>El conflicto escal\u00f3 tr\u00e1gicamente en Chicago durante la revuelta de Haymarket, donde una explosi\u00f3n y la posterior represi\u00f3n policial derivaron en un juicio irregular contra ocho l\u00edderes sindicales. Cinco de ellos fueron ejecutados, convirti\u00e9ndose para siempre en los M\u00e1rtires de Chicago, s\u00edmbolos universales de la lucha obrera que llevaron al Congreso Obrero Socialista de Par\u00eds a institucionalizar esta fecha en 1889.<\/p>\n\n\n\n<p>En Venezuela, la conmemoraci\u00f3n del 1 de mayo refleja el despertar de los movimientos sociales tras el fin de la dictadura de Juan Vicente G\u00f3mez. El primer gran hito ocurri\u00f3 en 1936 en Maracaibo, donde una manifestaci\u00f3n masiva impuls\u00f3 la creaci\u00f3n del primer sindicato petrolero del pa\u00eds. Una d\u00e9cada despu\u00e9s, en 1945, el presidente Isa\u00edas Medina Angarita formaliz\u00f3 la fecha por decreto, d\u00e1ndole un marco legal al esfuerzo obrero.<\/p>\n\n\n<div class=\"wp-block-image\">\n<figure class=\"aligncenter size-large is-resized\"><a href=\"https:\/\/www.mpppst.gob.ve\/mpppstweb\/wp-content\/uploads\/2026\/04\/image1-20.jpg\"><img decoding=\"async\" loading=\"lazy\" width=\"1024\" height=\"598\" src=\"https:\/\/www.mpppst.gob.ve\/mpppstweb\/wp-content\/uploads\/2026\/04\/image1-20-1024x598.jpg\" alt=\"\" class=\"wp-image-28465\" style=\"aspect-ratio:1.7123745819397993;width:437px;height:auto\" srcset=\"https:\/\/www.mpppst.gob.ve\/mpppstweb\/wp-content\/uploads\/2026\/04\/image1-20-1024x598.jpg 1024w, https:\/\/www.mpppst.gob.ve\/mpppstweb\/wp-content\/uploads\/2026\/04\/image1-20-300x175.jpg 300w, https:\/\/www.mpppst.gob.ve\/mpppstweb\/wp-content\/uploads\/2026\/04\/image1-20-768x449.jpg 768w, https:\/\/www.mpppst.gob.ve\/mpppstweb\/wp-content\/uploads\/2026\/04\/image1-20.jpg 1261w\" sizes=\"(max-width: 1024px) 100vw, 1024px\" \/><\/a><\/figure><\/div>\n\n\n<p>Finalmente, en 1946, la Junta Revolucionaria de Gobierno presidida por R\u00f3mulo Betancourt termin\u00f3 de blindar este derecho al establecer que el d\u00eda no s\u00f3lo fuera de descanso obligatorio, sino tambi\u00e9n un feriado remunerado.<\/p>\n\n\n\n<p>Hoy, el D\u00eda Internacional de los Trabajadores permanece como una fecha para la reflexi\u00f3n sobre los desaf\u00edos que persisten, desde la garant\u00eda de salarios dignos y la seguridad social, hasta la protecci\u00f3n contra el trabajo infantil y cualquier forma de abuso. Es un recordatorio de que los derechos laborales no son concesiones, sino victorias hist\u00f3ricas que deben protegerse para asegurar que el trabajo siga siendo, ante todo, un baluarte de justicia y la dignidad humana.<\/p>\n\n\n\n<p><strong>T: Prensa MPPPST\/Jesimar Rosendo<\/strong><\/p>\n","protected":false},"excerpt":{"rendered":"<p>Prensa MPPPST (27\/04\/2026).&#8211; El D\u00eda Internacional de los Trabajadores representa el triunfo de una lucha que &hellip; <a title=\"D\u00eda Internacional de los Trabajadores: la historia de un derecho consagrado\" class=\"hm-read-more\" href=\"https:\/\/www.mpppst.gob.ve\/mpppstweb\/index.php\/2026\/04\/27\/dia-internacional-de-los-trabajadores-la-historia-de-un-derecho-consagrado\/\"><span class=\"screen-reader-text\">D\u00eda Internacional de los Trabajadores: la historia de un derecho consagrado<\/span>Read more<\/a><\/p>\n","protected":false},"author":141,"featured_media":28464,"comment_status":"closed","ping_status":"closed","sticky":false,"template":"","format":"standard","meta":{"footnotes":""},"categories":[82],"tags":[],"yoast_head":"<!-- This site is optimized with the Yoast SEO plugin v22.5 - https:\/\/yoast.com\/wordpress\/plugins\/seo\/ -->\n<title>D\u00eda Internacional de los Trabajadores: la historia de un derecho consagrado - MPPPST<\/title>\n<meta name=\"robots\" content=\"index, follow, max-snippet:-1, max-image-preview:large, max-video-preview:-1\" \/>\n<link rel=\"canonical\" href=\"https:\/\/www.mpppst.gob.ve\/mpppstweb\/index.php\/2026\/04\/27\/dia-internacional-de-los-trabajadores-la-historia-de-un-derecho-consagrado\/\" \/>\n<meta property=\"og:locale\" content=\"es_ES\" \/>\n<meta property=\"og:type\" content=\"article\" \/>\n<meta property=\"og:title\" content=\"D\u00eda Internacional de los Trabajadores: la historia de un derecho consagrado - MPPPST\" \/>\n<meta property=\"og:description\" content=\"Prensa MPPPST (27\/04\/2026).&#8211; El D\u00eda Internacional de los Trabajadores representa el triunfo de una lucha que &hellip; D\u00eda Internacional de los Trabajadores: la historia de un derecho consagradoRead more\" \/>\n<meta property=\"og:url\" content=\"https:\/\/www.mpppst.gob.ve\/mpppstweb\/index.php\/2026\/04\/27\/dia-internacional-de-los-trabajadores-la-historia-de-un-derecho-consagrado\/\" \/>\n<meta property=\"og:site_name\" content=\"MPPPST\" \/>\n<meta property=\"article:published_time\" content=\"2026-04-27T21:43:43+00:00\" \/>\n<meta property=\"article:modified_time\" content=\"2026-04-27T22:10:38+00:00\" \/>\n<meta property=\"og:image\" content=\"http:\/\/www.mpppst.gob.ve\/mpppstweb\/wp-content\/uploads\/2026\/04\/image1-61.jpg\" \/>\n\t<meta property=\"og:image:width\" content=\"1184\" \/>\n\t<meta property=\"og:image:height\" content=\"789\" \/>\n\t<meta property=\"og:image:type\" content=\"image\/jpeg\" \/>\n<meta name=\"author\" content=\"Jesimar Rosendo\" \/>\n<meta name=\"twitter:card\" content=\"summary_large_image\" \/>\n<meta name=\"twitter:label1\" content=\"Escrito por\" \/>\n\t<meta name=\"twitter:data1\" content=\"Jesimar Rosendo\" \/>\n\t<meta name=\"twitter:label2\" content=\"Tiempo de lectura\" \/>\n\t<meta name=\"twitter:data2\" content=\"2 minutos\" \/>\n<script type=\"application\/ld+json\" class=\"yoast-schema-graph\">{\"@context\":\"https:\/\/schema.org\",\"@graph\":[{\"@type\":\"Article\",\"@id\":\"https:\/\/www.mpppst.gob.ve\/mpppstweb\/index.php\/2026\/04\/27\/dia-internacional-de-los-trabajadores-la-historia-de-un-derecho-consagrado\/#article\",\"isPartOf\":{\"@id\":\"https:\/\/www.mpppst.gob.ve\/mpppstweb\/index.php\/2026\/04\/27\/dia-internacional-de-los-trabajadores-la-historia-de-un-derecho-consagrado\/\"},\"author\":{\"name\":\"Jesimar Rosendo\",\"@id\":\"https:\/\/www.mpppst.gob.ve\/mpppstweb\/#\/schema\/person\/1e6400233d92b8ff5ffde8edd3bf14b2\"},\"headline\":\"D\u00eda Internacional de los Trabajadores: la historia de un derecho consagrado\",\"datePublished\":\"2026-04-27T21:43:43+00:00\",\"dateModified\":\"2026-04-27T22:10:38+00:00\",\"mainEntityOfPage\":{\"@id\":\"https:\/\/www.mpppst.gob.ve\/mpppstweb\/index.php\/2026\/04\/27\/dia-internacional-de-los-trabajadores-la-historia-de-un-derecho-consagrado\/\"},\"wordCount\":362,\"publisher\":{\"@id\":\"https:\/\/www.mpppst.gob.ve\/mpppstweb\/#organization\"},\"image\":{\"@id\":\"https:\/\/www.mpppst.gob.ve\/mpppstweb\/index.php\/2026\/04\/27\/dia-internacional-de-los-trabajadores-la-historia-de-un-derecho-consagrado\/#primaryimage\"},\"thumbnailUrl\":\"https:\/\/www.mpppst.gob.ve\/mpppstweb\/wp-content\/uploads\/2026\/04\/image1-61.jpg\",\"articleSection\":[\"Gobierno Nacional\"],\"inLanguage\":\"es\"},{\"@type\":\"WebPage\",\"@id\":\"https:\/\/www.mpppst.gob.ve\/mpppstweb\/index.php\/2026\/04\/27\/dia-internacional-de-los-trabajadores-la-historia-de-un-derecho-consagrado\/\",\"url\":\"https:\/\/www.mpppst.gob.ve\/mpppstweb\/index.php\/2026\/04\/27\/dia-internacional-de-los-trabajadores-la-historia-de-un-derecho-consagrado\/\",\"name\":\"D\u00eda Internacional de los Trabajadores: la historia de un derecho consagrado - MPPPST\",\"isPartOf\":{\"@id\":\"https:\/\/www.mpppst.gob.ve\/mpppstweb\/#website\"},\"primaryImageOfPage\":{\"@id\":\"https:\/\/www.mpppst.gob.ve\/mpppstweb\/index.php\/2026\/04\/27\/dia-internacional-de-los-trabajadores-la-historia-de-un-derecho-consagrado\/#primaryimage\"},\"image\":{\"@id\":\"https:\/\/www.mpppst.gob.ve\/mpppstweb\/index.php\/2026\/04\/27\/dia-internacional-de-los-trabajadores-la-historia-de-un-derecho-consagrado\/#primaryimage\"},\"thumbnailUrl\":\"https:\/\/www.mpppst.gob.ve\/mpppstweb\/wp-content\/uploads\/2026\/04\/image1-61.jpg\",\"datePublished\":\"2026-04-27T21:43:43+00:00\",\"dateModified\":\"2026-04-27T22:10:38+00:00\",\"breadcrumb\":{\"@id\":\"https:\/\/www.mpppst.gob.ve\/mpppstweb\/index.php\/2026\/04\/27\/dia-internacional-de-los-trabajadores-la-historia-de-un-derecho-consagrado\/#breadcrumb\"},\"inLanguage\":\"es\",\"potentialAction\":[{\"@type\":\"ReadAction\",\"target\":[\"https:\/\/www.mpppst.gob.ve\/mpppstweb\/index.php\/2026\/04\/27\/dia-internacional-de-los-trabajadores-la-historia-de-un-derecho-consagrado\/\"]}]},{\"@type\":\"ImageObject\",\"inLanguage\":\"es\",\"@id\":\"https:\/\/www.mpppst.gob.ve\/mpppstweb\/index.php\/2026\/04\/27\/dia-internacional-de-los-trabajadores-la-historia-de-un-derecho-consagrado\/#primaryimage\",\"url\":\"https:\/\/www.mpppst.gob.ve\/mpppstweb\/wp-content\/uploads\/2026\/04\/image1-61.jpg\",\"contentUrl\":\"https:\/\/www.mpppst.gob.ve\/mpppstweb\/wp-content\/uploads\/2026\/04\/image1-61.jpg\",\"width\":1184,\"height\":789},{\"@type\":\"BreadcrumbList\",\"@id\":\"https:\/\/www.mpppst.gob.ve\/mpppstweb\/index.php\/2026\/04\/27\/dia-internacional-de-los-trabajadores-la-historia-de-un-derecho-consagrado\/#breadcrumb\",\"itemListElement\":[{\"@type\":\"ListItem\",\"position\":1,\"name\":\"Home\",\"item\":\"https:\/\/www.mpppst.gob.ve\/mpppstweb\/\"},{\"@type\":\"ListItem\",\"position\":2,\"name\":\"D\u00eda Internacional de los Trabajadores: la historia de un derecho consagrado\"}]},{\"@type\":\"WebSite\",\"@id\":\"https:\/\/www.mpppst.gob.ve\/mpppstweb\/#website\",\"url\":\"https:\/\/www.mpppst.gob.ve\/mpppstweb\/\",\"name\":\"MPPPST\",\"description\":\"Ministerio del Poder Popular para el Proceso Social de Trabajo\",\"publisher\":{\"@id\":\"https:\/\/www.mpppst.gob.ve\/mpppstweb\/#organization\"},\"potentialAction\":[{\"@type\":\"SearchAction\",\"target\":{\"@type\":\"EntryPoint\",\"urlTemplate\":\"https:\/\/www.mpppst.gob.ve\/mpppstweb\/?s={search_term_string}\"},\"query-input\":\"required name=search_term_string\"}],\"inLanguage\":\"es\"},{\"@type\":\"Organization\",\"@id\":\"https:\/\/www.mpppst.gob.ve\/mpppstweb\/#organization\",\"name\":\"mpppst\",\"url\":\"https:\/\/www.mpppst.gob.ve\/mpppstweb\/\",\"logo\":{\"@type\":\"ImageObject\",\"inLanguage\":\"es\",\"@id\":\"https:\/\/www.mpppst.gob.ve\/mpppstweb\/#\/schema\/logo\/image\/\",\"url\":\"https:\/\/www.mpppst.gob.ve\/mpppstweb\/wp-content\/uploads\/2025\/07\/cropped-cropped-g910.png\",\"contentUrl\":\"https:\/\/www.mpppst.gob.ve\/mpppstweb\/wp-content\/uploads\/2025\/07\/cropped-cropped-g910.png\",\"width\":1080,\"height\":241,\"caption\":\"mpppst\"},\"image\":{\"@id\":\"https:\/\/www.mpppst.gob.ve\/mpppstweb\/#\/schema\/logo\/image\/\"}},{\"@type\":\"Person\",\"@id\":\"https:\/\/www.mpppst.gob.ve\/mpppstweb\/#\/schema\/person\/1e6400233d92b8ff5ffde8edd3bf14b2\",\"name\":\"Jesimar Rosendo\",\"url\":\"https:\/\/www.mpppst.gob.ve\/mpppstweb\/index.php\/author\/j-rosendo\/\"}]}<\/script>\n<!-- \/ Yoast SEO plugin. -->","yoast_head_json":{"title":"D\u00eda Internacional de los Trabajadores: la historia de un derecho consagrado - MPPPST","robots":{"index":"index","follow":"follow","max-snippet":"max-snippet:-1","max-image-preview":"max-image-preview:large","max-video-preview":"max-video-preview:-1"},"canonical":"https:\/\/www.mpppst.gob.ve\/mpppstweb\/index.php\/2026\/04\/27\/dia-internacional-de-los-trabajadores-la-historia-de-un-derecho-consagrado\/","og_locale":"es_ES","og_type":"article","og_title":"D\u00eda Internacional de los Trabajadores: la historia de un derecho consagrado - MPPPST","og_description":"Prensa MPPPST (27\/04\/2026).&#8211; El D\u00eda Internacional de los Trabajadores representa el triunfo de una lucha que &hellip; D\u00eda Internacional de los Trabajadores: la historia de un derecho consagradoRead more","og_url":"https:\/\/www.mpppst.gob.ve\/mpppstweb\/index.php\/2026\/04\/27\/dia-internacional-de-los-trabajadores-la-historia-de-un-derecho-consagrado\/","og_site_name":"MPPPST","article_published_time":"2026-04-27T21:43:43+00:00","article_modified_time":"2026-04-27T22:10:38+00:00","og_image":[{"width":1184,"height":789,"url":"http:\/\/www.mpppst.gob.ve\/mpppstweb\/wp-content\/uploads\/2026\/04\/image1-61.jpg","type":"image\/jpeg"}],"author":"Jesimar Rosendo","twitter_card":"summary_large_image","twitter_misc":{"Escrito por":"Jesimar Rosendo","Tiempo de lectura":"2 minutos"},"schema":{"@context":"https:\/\/schema.org","@graph":[{"@type":"Article","@id":"https:\/\/www.mpppst.gob.ve\/mpppstweb\/index.php\/2026\/04\/27\/dia-internacional-de-los-trabajadores-la-historia-de-un-derecho-consagrado\/#article","isPartOf":{"@id":"https:\/\/www.mpppst.gob.ve\/mpppstweb\/index.php\/2026\/04\/27\/dia-internacional-de-los-trabajadores-la-historia-de-un-derecho-consagrado\/"},"author":{"name":"Jesimar Rosendo","@id":"https:\/\/www.mpppst.gob.ve\/mpppstweb\/#\/schema\/person\/1e6400233d92b8ff5ffde8edd3bf14b2"},"headline":"D\u00eda Internacional de los Trabajadores: la historia de un derecho consagrado","datePublished":"2026-04-27T21:43:43+00:00","dateModified":"2026-04-27T22:10:38+00:00","mainEntityOfPage":{"@id":"https:\/\/www.mpppst.gob.ve\/mpppstweb\/index.php\/2026\/04\/27\/dia-internacional-de-los-trabajadores-la-historia-de-un-derecho-consagrado\/"},"wordCount":362,"publisher":{"@id":"https:\/\/www.mpppst.gob.ve\/mpppstweb\/#organization"},"image":{"@id":"https:\/\/www.mpppst.gob.ve\/mpppstweb\/index.php\/2026\/04\/27\/dia-internacional-de-los-trabajadores-la-historia-de-un-derecho-consagrado\/#primaryimage"},"thumbnailUrl":"https:\/\/www.mpppst.gob.ve\/mpppstweb\/wp-content\/uploads\/2026\/04\/image1-61.jpg","articleSection":["Gobierno Nacional"],"inLanguage":"es"},{"@type":"WebPage","@id":"https:\/\/www.mpppst.gob.ve\/mpppstweb\/index.php\/2026\/04\/27\/dia-internacional-de-los-trabajadores-la-historia-de-un-derecho-consagrado\/","url":"https:\/\/www.mpppst.gob.ve\/mpppstweb\/index.php\/2026\/04\/27\/dia-internacional-de-los-trabajadores-la-historia-de-un-derecho-consagrado\/","name":"D\u00eda Internacional de los Trabajadores: la historia de un derecho consagrado - MPPPST","isPartOf":{"@id":"https:\/\/www.mpppst.gob.ve\/mpppstweb\/#website"},"primaryImageOfPage":{"@id":"https:\/\/www.mpppst.gob.ve\/mpppstweb\/index.php\/2026\/04\/27\/dia-internacional-de-los-trabajadores-la-historia-de-un-derecho-consagrado\/#primaryimage"},"image":{"@id":"https:\/\/www.mpppst.gob.ve\/mpppstweb\/index.php\/2026\/04\/27\/dia-internacional-de-los-trabajadores-la-historia-de-un-derecho-consagrado\/#primaryimage"},"thumbnailUrl":"https:\/\/www.mpppst.gob.ve\/mpppstweb\/wp-content\/uploads\/2026\/04\/image1-61.jpg","datePublished":"2026-04-27T21:43:43+00:00","dateModified":"2026-04-27T22:10:38+00:00","breadcrumb":{"@id":"https:\/\/www.mpppst.gob.ve\/mpppstweb\/index.php\/2026\/04\/27\/dia-internacional-de-los-trabajadores-la-historia-de-un-derecho-consagrado\/#breadcrumb"},"inLanguage":"es","potentialAction":[{"@type":"ReadAction","target":["https:\/\/www.mpppst.gob.ve\/mpppstweb\/index.php\/2026\/04\/27\/dia-internacional-de-los-trabajadores-la-historia-de-un-derecho-consagrado\/"]}]},{"@type":"ImageObject","inLanguage":"es","@id":"https:\/\/www.mpppst.gob.ve\/mpppstweb\/index.php\/2026\/04\/27\/dia-internacional-de-los-trabajadores-la-historia-de-un-derecho-consagrado\/#primaryimage","url":"https:\/\/www.mpppst.gob.ve\/mpppstweb\/wp-content\/uploads\/2026\/04\/image1-61.jpg","contentUrl":"https:\/\/www.mpppst.gob.ve\/mpppstweb\/wp-content\/uploads\/2026\/04\/image1-61.jpg","width":1184,"height":789},{"@type":"BreadcrumbList","@id":"https:\/\/www.mpppst.gob.ve\/mpppstweb\/index.php\/2026\/04\/27\/dia-internacional-de-los-trabajadores-la-historia-de-un-derecho-consagrado\/#breadcrumb","itemListElement":[{"@type":"ListItem","position":1,"name":"Home","item":"https:\/\/www.mpppst.gob.ve\/mpppstweb\/"},{"@type":"ListItem","position":2,"name":"D\u00eda Internacional de los Trabajadores: la historia de un derecho consagrado"}]},{"@type":"WebSite","@id":"https:\/\/www.mpppst.gob.ve\/mpppstweb\/#website","url":"https:\/\/www.mpppst.gob.ve\/mpppstweb\/","name":"MPPPST","description":"Ministerio del Poder Popular para el Proceso Social de Trabajo","publisher":{"@id":"https:\/\/www.mpppst.gob.ve\/mpppstweb\/#organization"},"potentialAction":[{"@type":"SearchAction","target":{"@type":"EntryPoint","urlTemplate":"https:\/\/www.mpppst.gob.ve\/mpppstweb\/?s={search_term_string}"},"query-input":"required name=search_term_string"}],"inLanguage":"es"},{"@type":"Organization","@id":"https:\/\/www.mpppst.gob.ve\/mpppstweb\/#organization","name":"mpppst","url":"https:\/\/www.mpppst.gob.ve\/mpppstweb\/","logo":{"@type":"ImageObject","inLanguage":"es","@id":"https:\/\/www.mpppst.gob.ve\/mpppstweb\/#\/schema\/logo\/image\/","url":"https:\/\/www.mpppst.gob.ve\/mpppstweb\/wp-content\/uploads\/2025\/07\/cropped-cropped-g910.png","contentUrl":"https:\/\/www.mpppst.gob.ve\/mpppstweb\/wp-content\/uploads\/2025\/07\/cropped-cropped-g910.png","width":1080,"height":241,"caption":"mpppst"},"image":{"@id":"https:\/\/www.mpppst.gob.ve\/mpppstweb\/#\/schema\/logo\/image\/"}},{"@type":"Person","@id":"https:\/\/www.mpppst.gob.ve\/mpppstweb\/#\/schema\/person\/1e6400233d92b8ff5ffde8edd3bf14b2","name":"Jesimar Rosendo","url":"https:\/\/www.mpppst.gob.ve\/mpppstweb\/index.php\/author\/j-rosendo\/"}]}},"_links":{"self":[{"href":"https:\/\/www.mpppst.gob.ve\/mpppstweb\/index.php\/wp-json\/wp\/v2\/posts\/28460"}],"collection":[{"href":"https:\/\/www.mpppst.gob.ve\/mpppstweb\/index.php\/wp-json\/wp\/v2\/posts"}],"about":[{"href":"https:\/\/www.mpppst.gob.ve\/mpppstweb\/index.php\/wp-json\/wp\/v2\/types\/post"}],"author":[{"embeddable":true,"href":"https:\/\/www.mpppst.gob.ve\/mpppstweb\/index.php\/wp-json\/wp\/v2\/users\/141"}],"replies":[{"embeddable":true,"href":"https:\/\/www.mpppst.gob.ve\/mpppstweb\/index.php\/wp-json\/wp\/v2\/comments?post=28460"}],"version-history":[{"count":2,"href":"https:\/\/www.mpppst.gob.ve\/mpppstweb\/index.php\/wp-json\/wp\/v2\/posts\/28460\/revisions"}],"predecessor-version":[{"id":28466,"href":"https:\/\/www.mpppst.gob.ve\/mpppstweb\/index.php\/wp-json\/wp\/v2\/posts\/28460\/revisions\/28466"}],"wp:featuredmedia":[{"embeddable":true,"href":"https:\/\/www.mpppst.gob.ve\/mpppstweb\/index.php\/wp-json\/wp\/v2\/media\/28464"}],"wp:attachment":[{"href":"https:\/\/www.mpppst.gob.ve\/mpppstweb\/index.php\/wp-json\/wp\/v2\/media?parent=28460"}],"wp:term":[{"taxonomy":"category","embeddable":true,"href":"https:\/\/www.mpppst.gob.ve\/mpppstweb\/index.php\/wp-json\/wp\/v2\/categories?post=28460"},{"taxonomy":"post_tag","embeddable":true,"href":"https:\/\/www.mpppst.gob.ve\/mpppstweb\/index.php\/wp-json\/wp\/v2\/tags?post=28460"}],"curies":[{"name":"wp","href":"https:\/\/api.w.org\/{rel}","templated":true}]}}