{"id":28467,"date":"2026-04-28T17:22:37","date_gmt":"2026-04-28T21:22:37","guid":{"rendered":"https:\/\/www.mpppst.gob.ve\/mpppstweb\/?p=28467"},"modified":"2026-04-28T17:40:29","modified_gmt":"2026-04-28T21:40:29","slug":"autoridades-del-gobierno-nacional-y-la-oit-instalaron-el-5to-foro-de-dialogo-social-en-caracas","status":"publish","type":"post","link":"https:\/\/www.mpppst.gob.ve\/mpppstweb\/index.php\/2026\/04\/28\/autoridades-del-gobierno-nacional-y-la-oit-instalaron-el-5to-foro-de-dialogo-social-en-caracas\/","title":{"rendered":"Autoridades del Gobierno Nacional y la OIT instalaron el 5to Foro de Di\u00e1logo Social en Caracas"},"content":{"rendered":"\n<p><strong>Prensa MPPPST (28\/04\/2026).<\/strong>&#8211; Autoridades del Gobierno Nacional, representantes de la Organizaci\u00f3n Internacional del Trabajo (OIT), organizaciones de empleadores y centrales sindicales instalaron este martes en Caracas la quinta edici\u00f3n del Foro de Di\u00e1logo Social.<\/p>\n\n\n\n<p>Desde 2022, este espacio se ha consolidado como escenario de encuentro, reconocimiento mutuo y construcci\u00f3n de consensos entre los actores del mundo laboral venezolano.<\/p>\n\n\n\n<figure class=\"wp-block-image size-large is-resized\"><a href=\"https:\/\/www.mpppst.gob.ve\/mpppstweb\/wp-content\/uploads\/2026\/04\/IMG-20260428-WA0126.jpg\"><img decoding=\"async\" loading=\"lazy\" width=\"1024\" height=\"768\" src=\"https:\/\/www.mpppst.gob.ve\/mpppstweb\/wp-content\/uploads\/2026\/04\/IMG-20260428-WA0126-1024x768.jpg\" alt=\"\" class=\"wp-image-28472\" style=\"aspect-ratio:1.3333333333333333;width:432px;height:auto\" srcset=\"https:\/\/www.mpppst.gob.ve\/mpppstweb\/wp-content\/uploads\/2026\/04\/IMG-20260428-WA0126-1024x768.jpg 1024w, https:\/\/www.mpppst.gob.ve\/mpppstweb\/wp-content\/uploads\/2026\/04\/IMG-20260428-WA0126-300x225.jpg 300w, https:\/\/www.mpppst.gob.ve\/mpppstweb\/wp-content\/uploads\/2026\/04\/IMG-20260428-WA0126-768x576.jpg 768w, https:\/\/www.mpppst.gob.ve\/mpppstweb\/wp-content\/uploads\/2026\/04\/IMG-20260428-WA0126-1536x1152.jpg 1536w, https:\/\/www.mpppst.gob.ve\/mpppstweb\/wp-content\/uploads\/2026\/04\/IMG-20260428-WA0126-2048x1536.jpg 2048w, https:\/\/www.mpppst.gob.ve\/mpppstweb\/wp-content\/uploads\/2026\/04\/IMG-20260428-WA0126-1300x975.jpg 1300w\" sizes=\"(max-width: 1024px) 100vw, 1024px\" \/><\/a><\/figure>\n\n\n\n<p>El ministro del Poder Popular para el Proceso Social de Trabajo, Carlos Alexis Castillo Ascanio, destac\u00f3 que este foro fortalece una nueva etapa de entendimiento entre trabajadores, empleadores y el Estado. <\/p>\n\n\n\n<p>\u00abBajo la conducci\u00f3n estrat\u00e9gica de la Presidenta (E) de la Rep\u00fablica Delcy Rodriguez, y acogiendo las recomendaciones de la OIT, se ha dado vida a la Mesa de Di\u00e1logo Nacional para los Consensos Laborales y Sociales. Estamos recuperando la interlocuci\u00f3n como herramienta fundamental para alcanzar la prosperidad\u00bb, se\u00f1al\u00f3 el Ministro.<\/p>\n\n\n\n<figure class=\"wp-block-image size-large is-resized\"><a href=\"https:\/\/www.mpppst.gob.ve\/mpppstweb\/wp-content\/uploads\/2026\/04\/IMG-20260428-WA0124.jpg\"><img decoding=\"async\" loading=\"lazy\" width=\"1024\" height=\"682\" src=\"https:\/\/www.mpppst.gob.ve\/mpppstweb\/wp-content\/uploads\/2026\/04\/IMG-20260428-WA0124-1024x682.jpg\" alt=\"\" class=\"wp-image-28473\" style=\"aspect-ratio:1.501466275659824;width:433px;height:auto\" srcset=\"https:\/\/www.mpppst.gob.ve\/mpppstweb\/wp-content\/uploads\/2026\/04\/IMG-20260428-WA0124-1024x682.jpg 1024w, https:\/\/www.mpppst.gob.ve\/mpppstweb\/wp-content\/uploads\/2026\/04\/IMG-20260428-WA0124-300x200.jpg 300w, https:\/\/www.mpppst.gob.ve\/mpppstweb\/wp-content\/uploads\/2026\/04\/IMG-20260428-WA0124-768x512.jpg 768w, https:\/\/www.mpppst.gob.ve\/mpppstweb\/wp-content\/uploads\/2026\/04\/IMG-20260428-WA0124-1536x1024.jpg 1536w, https:\/\/www.mpppst.gob.ve\/mpppstweb\/wp-content\/uploads\/2026\/04\/IMG-20260428-WA0124-2048x1365.jpg 2048w, https:\/\/www.mpppst.gob.ve\/mpppstweb\/wp-content\/uploads\/2026\/04\/IMG-20260428-WA0124-1300x867.jpg 1300w, https:\/\/www.mpppst.gob.ve\/mpppstweb\/wp-content\/uploads\/2026\/04\/IMG-20260428-WA0124-800x533.jpg 800w\" sizes=\"(max-width: 1024px) 100vw, 1024px\" \/><\/a><\/figure>\n\n\n\n<p>Castillo manifest\u00f3 que la metodolog\u00eda deliberativa de este espacio permite establecer aumentos responsables \u00abbasados en la verdad econ\u00f3mica y la capacidad productiva, protegiendo siempre el bienestar del trabajador sin comprometer la estabilidad del sistema\u00bb. Mencion\u00f3 la necesidad de erradicar los falsos salarios inflacionarios, \u00abentendiendo que un aumento s\u00f3lo es real cuando viene acompa\u00f1ado de estabilidad en su poder adquisitivo, fruto de un acuerdo nacional entre quienes producen y quienes legislan\u00bb. <\/p>\n\n\n\n<p>En ese sentido, se refiri\u00f3 a la importancia de fortalecer el Programa para la Paz y la Convivencia Democr\u00e1tica. \u00abAl dar paso del conflicto al acuerdo, elevamos la calidad de nuestra democracia y aseguramos que los centros de trabajo sean espacios de armon\u00eda y progreso\u00bb, dijo.<\/p>\n\n\n\n<figure class=\"wp-block-image size-large is-resized\"><a href=\"https:\/\/www.mpppst.gob.ve\/mpppstweb\/wp-content\/uploads\/2026\/04\/IMG-20260428-WA0123.jpg\"><img decoding=\"async\" loading=\"lazy\" width=\"1024\" height=\"682\" src=\"https:\/\/www.mpppst.gob.ve\/mpppstweb\/wp-content\/uploads\/2026\/04\/IMG-20260428-WA0123-1024x682.jpg\" alt=\"\" class=\"wp-image-28474\" style=\"aspect-ratio:1.501466275659824;width:441px;height:auto\" srcset=\"https:\/\/www.mpppst.gob.ve\/mpppstweb\/wp-content\/uploads\/2026\/04\/IMG-20260428-WA0123-1024x682.jpg 1024w, https:\/\/www.mpppst.gob.ve\/mpppstweb\/wp-content\/uploads\/2026\/04\/IMG-20260428-WA0123-300x200.jpg 300w, https:\/\/www.mpppst.gob.ve\/mpppstweb\/wp-content\/uploads\/2026\/04\/IMG-20260428-WA0123-768x512.jpg 768w, https:\/\/www.mpppst.gob.ve\/mpppstweb\/wp-content\/uploads\/2026\/04\/IMG-20260428-WA0123-1536x1024.jpg 1536w, https:\/\/www.mpppst.gob.ve\/mpppstweb\/wp-content\/uploads\/2026\/04\/IMG-20260428-WA0123-2048x1365.jpg 2048w, https:\/\/www.mpppst.gob.ve\/mpppstweb\/wp-content\/uploads\/2026\/04\/IMG-20260428-WA0123-1300x867.jpg 1300w, https:\/\/www.mpppst.gob.ve\/mpppstweb\/wp-content\/uploads\/2026\/04\/IMG-20260428-WA0123-800x533.jpg 800w\" sizes=\"(max-width: 1024px) 100vw, 1024px\" \/><\/a><\/figure>\n\n\n\n<p>El titular de la cartera laboral a\u00f1adi\u00f3 que el tiempo de las confrontaciones est\u00e9riles y las decisiones unilaterales ha sido superado. \u00abHemos adoptado una dial\u00e9ctica de consensos reales\u201d, afirm\u00f3. Subray\u00f3 que la Mesa de Di\u00e1logo Nacional para los Consensos Laborales y Sociales permitir\u00e1 avanzar hacia \u201caumentos responsables, basados en la verdad econ\u00f3mica y la capacidad productiva real del pa\u00eds\u201d.<\/p>\n\n\n\n<figure class=\"wp-block-image size-large is-resized\"><a href=\"https:\/\/www.mpppst.gob.ve\/mpppstweb\/wp-content\/uploads\/2026\/04\/IMG-20260428-WA0119.jpg\"><img decoding=\"async\" loading=\"lazy\" width=\"1024\" height=\"682\" src=\"https:\/\/www.mpppst.gob.ve\/mpppstweb\/wp-content\/uploads\/2026\/04\/IMG-20260428-WA0119-1024x682.jpg\" alt=\"\" class=\"wp-image-28475\" style=\"aspect-ratio:1.501466275659824;width:439px;height:auto\" srcset=\"https:\/\/www.mpppst.gob.ve\/mpppstweb\/wp-content\/uploads\/2026\/04\/IMG-20260428-WA0119-1024x682.jpg 1024w, https:\/\/www.mpppst.gob.ve\/mpppstweb\/wp-content\/uploads\/2026\/04\/IMG-20260428-WA0119-300x200.jpg 300w, https:\/\/www.mpppst.gob.ve\/mpppstweb\/wp-content\/uploads\/2026\/04\/IMG-20260428-WA0119-768x512.jpg 768w, https:\/\/www.mpppst.gob.ve\/mpppstweb\/wp-content\/uploads\/2026\/04\/IMG-20260428-WA0119-1536x1024.jpg 1536w, https:\/\/www.mpppst.gob.ve\/mpppstweb\/wp-content\/uploads\/2026\/04\/IMG-20260428-WA0119-2048x1365.jpg 2048w, https:\/\/www.mpppst.gob.ve\/mpppstweb\/wp-content\/uploads\/2026\/04\/IMG-20260428-WA0119-1300x867.jpg 1300w, https:\/\/www.mpppst.gob.ve\/mpppstweb\/wp-content\/uploads\/2026\/04\/IMG-20260428-WA0119-800x533.jpg 800w\" sizes=\"(max-width: 1024px) 100vw, 1024px\" \/><\/a><\/figure>\n\n\n\n<p>Por su parte, el director de la OIT para los pa\u00edses andinos, \u00cdtalo Cardona, expres\u00f3 el respaldo del organismo internacional al proceso venezolano. \u201cEstamos aqu\u00ed para contribuir con el Gobierno, empleadores y trabajadores en el fortalecimiento del di\u00e1logo social\u201d, indic\u00f3. Adem\u00e1s, reiter\u00f3 la disposici\u00f3n de brindar asistencia t\u00e9cnica para la fijaci\u00f3n del salario m\u00ednimo y el cumplimiento de los convenios 26, 87 y 144.<\/p>\n\n\n\n<figure class=\"wp-block-image size-large is-resized\"><a href=\"https:\/\/www.mpppst.gob.ve\/mpppstweb\/wp-content\/uploads\/2026\/04\/IMG-20260428-WA0109.jpg\"><img decoding=\"async\" loading=\"lazy\" width=\"1024\" height=\"682\" src=\"https:\/\/www.mpppst.gob.ve\/mpppstweb\/wp-content\/uploads\/2026\/04\/IMG-20260428-WA0109-1024x682.jpg\" alt=\"\" class=\"wp-image-28477\" style=\"aspect-ratio:1.501466275659824;width:449px;height:auto\" srcset=\"https:\/\/www.mpppst.gob.ve\/mpppstweb\/wp-content\/uploads\/2026\/04\/IMG-20260428-WA0109-1024x682.jpg 1024w, https:\/\/www.mpppst.gob.ve\/mpppstweb\/wp-content\/uploads\/2026\/04\/IMG-20260428-WA0109-300x200.jpg 300w, https:\/\/www.mpppst.gob.ve\/mpppstweb\/wp-content\/uploads\/2026\/04\/IMG-20260428-WA0109-768x512.jpg 768w, https:\/\/www.mpppst.gob.ve\/mpppstweb\/wp-content\/uploads\/2026\/04\/IMG-20260428-WA0109-1536x1024.jpg 1536w, https:\/\/www.mpppst.gob.ve\/mpppstweb\/wp-content\/uploads\/2026\/04\/IMG-20260428-WA0109-2048x1365.jpg 2048w, https:\/\/www.mpppst.gob.ve\/mpppstweb\/wp-content\/uploads\/2026\/04\/IMG-20260428-WA0109-1300x867.jpg 1300w, https:\/\/www.mpppst.gob.ve\/mpppstweb\/wp-content\/uploads\/2026\/04\/IMG-20260428-WA0109-800x533.jpg 800w\" sizes=\"(max-width: 1024px) 100vw, 1024px\" \/><\/a><\/figure>\n\n\n\n<p>Entretanto, el viceministro para Temas Multilaterales del Ministerio del Poder Popular para Relaciones Exteriores, embajador Alexander Y\u00e1nez, transmiti\u00f3 un saludo en nombre del canciller Yv\u00e1n Gil, en el que resalt\u00f3 el compromiso del Gobierno Bolivariano con el desarrollo social, laboral e integral del pa\u00eds, as\u00ed como la importancia de la Mesa de Di\u00e1logo Nacional impulsada por la presidenta encargada Delcy Rodr\u00edguez para alcanzar consensos laborales.<\/p>\n\n\n\n<figure class=\"wp-block-image size-large is-resized\"><a href=\"https:\/\/www.mpppst.gob.ve\/mpppstweb\/wp-content\/uploads\/2026\/04\/IMG-20260428-WA0112.jpg\"><img decoding=\"async\" loading=\"lazy\" width=\"1024\" height=\"682\" src=\"https:\/\/www.mpppst.gob.ve\/mpppstweb\/wp-content\/uploads\/2026\/04\/IMG-20260428-WA0112-1024x682.jpg\" alt=\"\" class=\"wp-image-28476\" style=\"aspect-ratio:1.501466275659824;width:442px;height:auto\" srcset=\"https:\/\/www.mpppst.gob.ve\/mpppstweb\/wp-content\/uploads\/2026\/04\/IMG-20260428-WA0112-1024x682.jpg 1024w, https:\/\/www.mpppst.gob.ve\/mpppstweb\/wp-content\/uploads\/2026\/04\/IMG-20260428-WA0112-300x200.jpg 300w, https:\/\/www.mpppst.gob.ve\/mpppstweb\/wp-content\/uploads\/2026\/04\/IMG-20260428-WA0112-768x512.jpg 768w, https:\/\/www.mpppst.gob.ve\/mpppstweb\/wp-content\/uploads\/2026\/04\/IMG-20260428-WA0112-1536x1024.jpg 1536w, https:\/\/www.mpppst.gob.ve\/mpppstweb\/wp-content\/uploads\/2026\/04\/IMG-20260428-WA0112-2048x1365.jpg 2048w, https:\/\/www.mpppst.gob.ve\/mpppstweb\/wp-content\/uploads\/2026\/04\/IMG-20260428-WA0112-1300x867.jpg 1300w, https:\/\/www.mpppst.gob.ve\/mpppstweb\/wp-content\/uploads\/2026\/04\/IMG-20260428-WA0112-800x533.jpg 800w\" sizes=\"(max-width: 1024px) 100vw, 1024px\" \/><\/a><\/figure>\n\n\n\n<p>Este evento, que se desarrolla los d\u00edas 28 y 29 de abril en Caracas, re\u00fane tambi\u00e9n a representantes de la Organizaci\u00f3n de Naciones Unidas, organizaciones sindicales y empresariales, quienes plantearon la necesidad de fortalecer el salario, mejorar las prestaciones sociales, garantizar mayor seguridad laboral y generar respuestas concretas para la recuperaci\u00f3n del poder adquisitivo de los trabajadores venezolanos.<\/p>\n\n\n\n<p>Asimismo, se ratific\u00f3 la coexistencia de dos espacios de interlocuci\u00f3n: la Mesa de Di\u00e1logo Nacional, de car\u00e1cter amplio y multisectorial impulsada por la Presidencia de la Rep\u00fablica, y el Foro de Di\u00e1logo Social, enfocado en los compromisos t\u00e9cnicos asumidos ante la OIT.<\/p>\n\n\n\n<figure class=\"wp-block-image size-large is-resized\"><a href=\"https:\/\/www.mpppst.gob.ve\/mpppstweb\/wp-content\/uploads\/2026\/04\/IMG-20260428-WA0117.jpg\"><img decoding=\"async\" loading=\"lazy\" width=\"1024\" height=\"682\" src=\"https:\/\/www.mpppst.gob.ve\/mpppstweb\/wp-content\/uploads\/2026\/04\/IMG-20260428-WA0117-1024x682.jpg\" alt=\"\" class=\"wp-image-28478\" style=\"aspect-ratio:1.501466275659824;width:437px;height:auto\" srcset=\"https:\/\/www.mpppst.gob.ve\/mpppstweb\/wp-content\/uploads\/2026\/04\/IMG-20260428-WA0117-1024x682.jpg 1024w, https:\/\/www.mpppst.gob.ve\/mpppstweb\/wp-content\/uploads\/2026\/04\/IMG-20260428-WA0117-300x200.jpg 300w, https:\/\/www.mpppst.gob.ve\/mpppstweb\/wp-content\/uploads\/2026\/04\/IMG-20260428-WA0117-768x512.jpg 768w, https:\/\/www.mpppst.gob.ve\/mpppstweb\/wp-content\/uploads\/2026\/04\/IMG-20260428-WA0117-1536x1024.jpg 1536w, https:\/\/www.mpppst.gob.ve\/mpppstweb\/wp-content\/uploads\/2026\/04\/IMG-20260428-WA0117-2048x1365.jpg 2048w, https:\/\/www.mpppst.gob.ve\/mpppstweb\/wp-content\/uploads\/2026\/04\/IMG-20260428-WA0117-1300x867.jpg 1300w, https:\/\/www.mpppst.gob.ve\/mpppstweb\/wp-content\/uploads\/2026\/04\/IMG-20260428-WA0117-800x533.jpg 800w\" sizes=\"(max-width: 1024px) 100vw, 1024px\" \/><\/a><\/figure>\n\n\n\n<figure class=\"wp-block-image size-large is-resized\"><a href=\"https:\/\/www.mpppst.gob.ve\/mpppstweb\/wp-content\/uploads\/2026\/04\/IMG-20260428-WA0115.jpg\"><img decoding=\"async\" loading=\"lazy\" width=\"1024\" height=\"682\" src=\"https:\/\/www.mpppst.gob.ve\/mpppstweb\/wp-content\/uploads\/2026\/04\/IMG-20260428-WA0115-1024x682.jpg\" alt=\"\" class=\"wp-image-28479\" style=\"aspect-ratio:1.501466275659824;width:428px;height:auto\" srcset=\"https:\/\/www.mpppst.gob.ve\/mpppstweb\/wp-content\/uploads\/2026\/04\/IMG-20260428-WA0115-1024x682.jpg 1024w, https:\/\/www.mpppst.gob.ve\/mpppstweb\/wp-content\/uploads\/2026\/04\/IMG-20260428-WA0115-300x200.jpg 300w, https:\/\/www.mpppst.gob.ve\/mpppstweb\/wp-content\/uploads\/2026\/04\/IMG-20260428-WA0115-768x512.jpg 768w, https:\/\/www.mpppst.gob.ve\/mpppstweb\/wp-content\/uploads\/2026\/04\/IMG-20260428-WA0115-1536x1024.jpg 1536w, https:\/\/www.mpppst.gob.ve\/mpppstweb\/wp-content\/uploads\/2026\/04\/IMG-20260428-WA0115-2048x1365.jpg 2048w, https:\/\/www.mpppst.gob.ve\/mpppstweb\/wp-content\/uploads\/2026\/04\/IMG-20260428-WA0115-1300x867.jpg 1300w, https:\/\/www.mpppst.gob.ve\/mpppstweb\/wp-content\/uploads\/2026\/04\/IMG-20260428-WA0115-800x533.jpg 800w\" sizes=\"(max-width: 1024px) 100vw, 1024px\" \/><\/a><\/figure>\n\n\n\n<figure class=\"wp-block-image size-large is-resized\"><a href=\"https:\/\/www.mpppst.gob.ve\/mpppstweb\/wp-content\/uploads\/2026\/04\/IMG-20260428-WA0110.jpg\"><img decoding=\"async\" loading=\"lazy\" width=\"1024\" height=\"682\" src=\"https:\/\/www.mpppst.gob.ve\/mpppstweb\/wp-content\/uploads\/2026\/04\/IMG-20260428-WA0110-1024x682.jpg\" alt=\"\" class=\"wp-image-28480\" style=\"aspect-ratio:1.501466275659824;width:438px;height:auto\" srcset=\"https:\/\/www.mpppst.gob.ve\/mpppstweb\/wp-content\/uploads\/2026\/04\/IMG-20260428-WA0110-1024x682.jpg 1024w, https:\/\/www.mpppst.gob.ve\/mpppstweb\/wp-content\/uploads\/2026\/04\/IMG-20260428-WA0110-300x200.jpg 300w, https:\/\/www.mpppst.gob.ve\/mpppstweb\/wp-content\/uploads\/2026\/04\/IMG-20260428-WA0110-768x512.jpg 768w, https:\/\/www.mpppst.gob.ve\/mpppstweb\/wp-content\/uploads\/2026\/04\/IMG-20260428-WA0110-1536x1024.jpg 1536w, https:\/\/www.mpppst.gob.ve\/mpppstweb\/wp-content\/uploads\/2026\/04\/IMG-20260428-WA0110-2048x1365.jpg 2048w, https:\/\/www.mpppst.gob.ve\/mpppstweb\/wp-content\/uploads\/2026\/04\/IMG-20260428-WA0110-1300x867.jpg 1300w, https:\/\/www.mpppst.gob.ve\/mpppstweb\/wp-content\/uploads\/2026\/04\/IMG-20260428-WA0110-800x533.jpg 800w\" sizes=\"(max-width: 1024px) 100vw, 1024px\" \/><\/a><\/figure>\n\n\n\n<figure class=\"wp-block-image size-large is-resized\"><a href=\"https:\/\/www.mpppst.gob.ve\/mpppstweb\/wp-content\/uploads\/2026\/04\/IMG-20260428-WA0121.jpg\"><img decoding=\"async\" loading=\"lazy\" width=\"1024\" height=\"682\" src=\"https:\/\/www.mpppst.gob.ve\/mpppstweb\/wp-content\/uploads\/2026\/04\/IMG-20260428-WA0121-1024x682.jpg\" alt=\"\" class=\"wp-image-28481\" style=\"aspect-ratio:1.501466275659824;width:444px;height:auto\" srcset=\"https:\/\/www.mpppst.gob.ve\/mpppstweb\/wp-content\/uploads\/2026\/04\/IMG-20260428-WA0121-1024x682.jpg 1024w, https:\/\/www.mpppst.gob.ve\/mpppstweb\/wp-content\/uploads\/2026\/04\/IMG-20260428-WA0121-300x200.jpg 300w, https:\/\/www.mpppst.gob.ve\/mpppstweb\/wp-content\/uploads\/2026\/04\/IMG-20260428-WA0121-768x512.jpg 768w, https:\/\/www.mpppst.gob.ve\/mpppstweb\/wp-content\/uploads\/2026\/04\/IMG-20260428-WA0121-1536x1024.jpg 1536w, https:\/\/www.mpppst.gob.ve\/mpppstweb\/wp-content\/uploads\/2026\/04\/IMG-20260428-WA0121-2048x1365.jpg 2048w, https:\/\/www.mpppst.gob.ve\/mpppstweb\/wp-content\/uploads\/2026\/04\/IMG-20260428-WA0121-1300x867.jpg 1300w, https:\/\/www.mpppst.gob.ve\/mpppstweb\/wp-content\/uploads\/2026\/04\/IMG-20260428-WA0121-800x533.jpg 800w\" sizes=\"(max-width: 1024px) 100vw, 1024px\" \/><\/a><\/figure>\n\n\n\n<p><strong>T: Prensa MPPPST\/Franquis Toledo<\/strong><\/p>\n","protected":false},"excerpt":{"rendered":"<p>Prensa MPPPST (28\/04\/2026).&#8211; Autoridades del Gobierno Nacional, representantes de la Organizaci\u00f3n Internacional del Trabajo (OIT), organizaciones &hellip; <a title=\"Autoridades del Gobierno Nacional y la OIT instalaron el 5to Foro de Di\u00e1logo Social en Caracas\" class=\"hm-read-more\" href=\"https:\/\/www.mpppst.gob.ve\/mpppstweb\/index.php\/2026\/04\/28\/autoridades-del-gobierno-nacional-y-la-oit-instalaron-el-5to-foro-de-dialogo-social-en-caracas\/\"><span class=\"screen-reader-text\">Autoridades del Gobierno Nacional y la OIT instalaron el 5to Foro de Di\u00e1logo Social en Caracas<\/span>Read more<\/a><\/p>\n","protected":false},"author":145,"featured_media":28470,"comment_status":"closed","ping_status":"closed","sticky":false,"template":"","format":"standard","meta":{"footnotes":""},"categories":[82],"tags":[],"yoast_head":"<!-- This site is optimized with the Yoast SEO plugin v22.5 - https:\/\/yoast.com\/wordpress\/plugins\/seo\/ -->\n<title>Autoridades del Gobierno Nacional y la OIT instalaron el 5to Foro de Di\u00e1logo Social en Caracas - MPPPST<\/title>\n<meta name=\"robots\" content=\"index, follow, max-snippet:-1, max-image-preview:large, max-video-preview:-1\" \/>\n<link rel=\"canonical\" href=\"https:\/\/www.mpppst.gob.ve\/mpppstweb\/index.php\/2026\/04\/28\/autoridades-del-gobierno-nacional-y-la-oit-instalaron-el-5to-foro-de-dialogo-social-en-caracas\/\" \/>\n<meta property=\"og:locale\" content=\"es_ES\" \/>\n<meta property=\"og:type\" content=\"article\" \/>\n<meta property=\"og:title\" content=\"Autoridades del Gobierno Nacional y la OIT instalaron el 5to Foro de Di\u00e1logo Social en Caracas - MPPPST\" \/>\n<meta property=\"og:description\" content=\"Prensa MPPPST (28\/04\/2026).&#8211; Autoridades del Gobierno Nacional, representantes de la Organizaci\u00f3n Internacional del Trabajo (OIT), organizaciones &hellip; Autoridades del Gobierno Nacional y la OIT instalaron el 5to Foro de Di\u00e1logo Social en CaracasRead more\" \/>\n<meta property=\"og:url\" content=\"https:\/\/www.mpppst.gob.ve\/mpppstweb\/index.php\/2026\/04\/28\/autoridades-del-gobierno-nacional-y-la-oit-instalaron-el-5to-foro-de-dialogo-social-en-caracas\/\" \/>\n<meta property=\"og:site_name\" content=\"MPPPST\" \/>\n<meta property=\"article:published_time\" content=\"2026-04-28T21:22:37+00:00\" \/>\n<meta property=\"article:modified_time\" content=\"2026-04-28T21:40:29+00:00\" \/>\n<meta property=\"og:image\" content=\"http:\/\/www.mpppst.gob.ve\/mpppstweb\/wp-content\/uploads\/2026\/04\/IMG-20260428-WA0129.jpg\" \/>\n\t<meta property=\"og:image:width\" content=\"2560\" \/>\n\t<meta property=\"og:image:height\" content=\"1706\" \/>\n\t<meta property=\"og:image:type\" content=\"image\/jpeg\" \/>\n<meta name=\"author\" content=\"Franquis Toledo\" \/>\n<meta name=\"twitter:card\" content=\"summary_large_image\" \/>\n<meta name=\"twitter:label1\" content=\"Escrito por\" \/>\n\t<meta name=\"twitter:data1\" content=\"Franquis Toledo\" \/>\n\t<meta name=\"twitter:label2\" content=\"Tiempo de lectura\" \/>\n\t<meta name=\"twitter:data2\" content=\"5 minutos\" \/>\n<script type=\"application\/ld+json\" class=\"yoast-schema-graph\">{\"@context\":\"https:\/\/schema.org\",\"@graph\":[{\"@type\":\"Article\",\"@id\":\"https:\/\/www.mpppst.gob.ve\/mpppstweb\/index.php\/2026\/04\/28\/autoridades-del-gobierno-nacional-y-la-oit-instalaron-el-5to-foro-de-dialogo-social-en-caracas\/#article\",\"isPartOf\":{\"@id\":\"https:\/\/www.mpppst.gob.ve\/mpppstweb\/index.php\/2026\/04\/28\/autoridades-del-gobierno-nacional-y-la-oit-instalaron-el-5to-foro-de-dialogo-social-en-caracas\/\"},\"author\":{\"name\":\"Franquis Toledo\",\"@id\":\"https:\/\/www.mpppst.gob.ve\/mpppstweb\/#\/schema\/person\/2cd60631a096d4411ffeef4dfd3d46aa\"},\"headline\":\"Autoridades del Gobierno Nacional y la OIT instalaron el 5to Foro de Di\u00e1logo Social en Caracas\",\"datePublished\":\"2026-04-28T21:22:37+00:00\",\"dateModified\":\"2026-04-28T21:40:29+00:00\",\"mainEntityOfPage\":{\"@id\":\"https:\/\/www.mpppst.gob.ve\/mpppstweb\/index.php\/2026\/04\/28\/autoridades-del-gobierno-nacional-y-la-oit-instalaron-el-5to-foro-de-dialogo-social-en-caracas\/\"},\"wordCount\":604,\"publisher\":{\"@id\":\"https:\/\/www.mpppst.gob.ve\/mpppstweb\/#organization\"},\"image\":{\"@id\":\"https:\/\/www.mpppst.gob.ve\/mpppstweb\/index.php\/2026\/04\/28\/autoridades-del-gobierno-nacional-y-la-oit-instalaron-el-5to-foro-de-dialogo-social-en-caracas\/#primaryimage\"},\"thumbnailUrl\":\"https:\/\/www.mpppst.gob.ve\/mpppstweb\/wp-content\/uploads\/2026\/04\/IMG-20260428-WA0129.jpg\",\"articleSection\":[\"Gobierno Nacional\"],\"inLanguage\":\"es\"},{\"@type\":\"WebPage\",\"@id\":\"https:\/\/www.mpppst.gob.ve\/mpppstweb\/index.php\/2026\/04\/28\/autoridades-del-gobierno-nacional-y-la-oit-instalaron-el-5to-foro-de-dialogo-social-en-caracas\/\",\"url\":\"https:\/\/www.mpppst.gob.ve\/mpppstweb\/index.php\/2026\/04\/28\/autoridades-del-gobierno-nacional-y-la-oit-instalaron-el-5to-foro-de-dialogo-social-en-caracas\/\",\"name\":\"Autoridades del Gobierno Nacional y la OIT instalaron el 5to Foro de Di\u00e1logo Social en Caracas - MPPPST\",\"isPartOf\":{\"@id\":\"https:\/\/www.mpppst.gob.ve\/mpppstweb\/#website\"},\"primaryImageOfPage\":{\"@id\":\"https:\/\/www.mpppst.gob.ve\/mpppstweb\/index.php\/2026\/04\/28\/autoridades-del-gobierno-nacional-y-la-oit-instalaron-el-5to-foro-de-dialogo-social-en-caracas\/#primaryimage\"},\"image\":{\"@id\":\"https:\/\/www.mpppst.gob.ve\/mpppstweb\/index.php\/2026\/04\/28\/autoridades-del-gobierno-nacional-y-la-oit-instalaron-el-5to-foro-de-dialogo-social-en-caracas\/#primaryimage\"},\"thumbnailUrl\":\"https:\/\/www.mpppst.gob.ve\/mpppstweb\/wp-content\/uploads\/2026\/04\/IMG-20260428-WA0129.jpg\",\"datePublished\":\"2026-04-28T21:22:37+00:00\",\"dateModified\":\"2026-04-28T21:40:29+00:00\",\"breadcrumb\":{\"@id\":\"https:\/\/www.mpppst.gob.ve\/mpppstweb\/index.php\/2026\/04\/28\/autoridades-del-gobierno-nacional-y-la-oit-instalaron-el-5to-foro-de-dialogo-social-en-caracas\/#breadcrumb\"},\"inLanguage\":\"es\",\"potentialAction\":[{\"@type\":\"ReadAction\",\"target\":[\"https:\/\/www.mpppst.gob.ve\/mpppstweb\/index.php\/2026\/04\/28\/autoridades-del-gobierno-nacional-y-la-oit-instalaron-el-5to-foro-de-dialogo-social-en-caracas\/\"]}]},{\"@type\":\"ImageObject\",\"inLanguage\":\"es\",\"@id\":\"https:\/\/www.mpppst.gob.ve\/mpppstweb\/index.php\/2026\/04\/28\/autoridades-del-gobierno-nacional-y-la-oit-instalaron-el-5to-foro-de-dialogo-social-en-caracas\/#primaryimage\",\"url\":\"https:\/\/www.mpppst.gob.ve\/mpppstweb\/wp-content\/uploads\/2026\/04\/IMG-20260428-WA0129.jpg\",\"contentUrl\":\"https:\/\/www.mpppst.gob.ve\/mpppstweb\/wp-content\/uploads\/2026\/04\/IMG-20260428-WA0129.jpg\",\"width\":2560,\"height\":1706},{\"@type\":\"BreadcrumbList\",\"@id\":\"https:\/\/www.mpppst.gob.ve\/mpppstweb\/index.php\/2026\/04\/28\/autoridades-del-gobierno-nacional-y-la-oit-instalaron-el-5to-foro-de-dialogo-social-en-caracas\/#breadcrumb\",\"itemListElement\":[{\"@type\":\"ListItem\",\"position\":1,\"name\":\"Home\",\"item\":\"https:\/\/www.mpppst.gob.ve\/mpppstweb\/\"},{\"@type\":\"ListItem\",\"position\":2,\"name\":\"Autoridades del Gobierno Nacional y la OIT instalaron el 5to Foro de Di\u00e1logo Social en Caracas\"}]},{\"@type\":\"WebSite\",\"@id\":\"https:\/\/www.mpppst.gob.ve\/mpppstweb\/#website\",\"url\":\"https:\/\/www.mpppst.gob.ve\/mpppstweb\/\",\"name\":\"MPPPST\",\"description\":\"Ministerio del Poder Popular para el Proceso Social de Trabajo\",\"publisher\":{\"@id\":\"https:\/\/www.mpppst.gob.ve\/mpppstweb\/#organization\"},\"potentialAction\":[{\"@type\":\"SearchAction\",\"target\":{\"@type\":\"EntryPoint\",\"urlTemplate\":\"https:\/\/www.mpppst.gob.ve\/mpppstweb\/?s={search_term_string}\"},\"query-input\":\"required name=search_term_string\"}],\"inLanguage\":\"es\"},{\"@type\":\"Organization\",\"@id\":\"https:\/\/www.mpppst.gob.ve\/mpppstweb\/#organization\",\"name\":\"mpppst\",\"url\":\"https:\/\/www.mpppst.gob.ve\/mpppstweb\/\",\"logo\":{\"@type\":\"ImageObject\",\"inLanguage\":\"es\",\"@id\":\"https:\/\/www.mpppst.gob.ve\/mpppstweb\/#\/schema\/logo\/image\/\",\"url\":\"https:\/\/www.mpppst.gob.ve\/mpppstweb\/wp-content\/uploads\/2025\/07\/cropped-cropped-g910.png\",\"contentUrl\":\"https:\/\/www.mpppst.gob.ve\/mpppstweb\/wp-content\/uploads\/2025\/07\/cropped-cropped-g910.png\",\"width\":1080,\"height\":241,\"caption\":\"mpppst\"},\"image\":{\"@id\":\"https:\/\/www.mpppst.gob.ve\/mpppstweb\/#\/schema\/logo\/image\/\"}},{\"@type\":\"Person\",\"@id\":\"https:\/\/www.mpppst.gob.ve\/mpppstweb\/#\/schema\/person\/2cd60631a096d4411ffeef4dfd3d46aa\",\"name\":\"Franquis Toledo\",\"url\":\"https:\/\/www.mpppst.gob.ve\/mpppstweb\/index.php\/author\/f-toledo\/\"}]}<\/script>\n<!-- \/ Yoast SEO plugin. -->","yoast_head_json":{"title":"Autoridades del Gobierno Nacional y la OIT instalaron el 5to Foro de Di\u00e1logo Social en Caracas - MPPPST","robots":{"index":"index","follow":"follow","max-snippet":"max-snippet:-1","max-image-preview":"max-image-preview:large","max-video-preview":"max-video-preview:-1"},"canonical":"https:\/\/www.mpppst.gob.ve\/mpppstweb\/index.php\/2026\/04\/28\/autoridades-del-gobierno-nacional-y-la-oit-instalaron-el-5to-foro-de-dialogo-social-en-caracas\/","og_locale":"es_ES","og_type":"article","og_title":"Autoridades del Gobierno Nacional y la OIT instalaron el 5to Foro de Di\u00e1logo Social en Caracas - MPPPST","og_description":"Prensa MPPPST (28\/04\/2026).&#8211; Autoridades del Gobierno Nacional, representantes de la Organizaci\u00f3n Internacional del Trabajo (OIT), organizaciones &hellip; Autoridades del Gobierno Nacional y la OIT instalaron el 5to Foro de Di\u00e1logo Social en CaracasRead more","og_url":"https:\/\/www.mpppst.gob.ve\/mpppstweb\/index.php\/2026\/04\/28\/autoridades-del-gobierno-nacional-y-la-oit-instalaron-el-5to-foro-de-dialogo-social-en-caracas\/","og_site_name":"MPPPST","article_published_time":"2026-04-28T21:22:37+00:00","article_modified_time":"2026-04-28T21:40:29+00:00","og_image":[{"width":2560,"height":1706,"url":"http:\/\/www.mpppst.gob.ve\/mpppstweb\/wp-content\/uploads\/2026\/04\/IMG-20260428-WA0129.jpg","type":"image\/jpeg"}],"author":"Franquis Toledo","twitter_card":"summary_large_image","twitter_misc":{"Escrito por":"Franquis Toledo","Tiempo de lectura":"5 minutos"},"schema":{"@context":"https:\/\/schema.org","@graph":[{"@type":"Article","@id":"https:\/\/www.mpppst.gob.ve\/mpppstweb\/index.php\/2026\/04\/28\/autoridades-del-gobierno-nacional-y-la-oit-instalaron-el-5to-foro-de-dialogo-social-en-caracas\/#article","isPartOf":{"@id":"https:\/\/www.mpppst.gob.ve\/mpppstweb\/index.php\/2026\/04\/28\/autoridades-del-gobierno-nacional-y-la-oit-instalaron-el-5to-foro-de-dialogo-social-en-caracas\/"},"author":{"name":"Franquis Toledo","@id":"https:\/\/www.mpppst.gob.ve\/mpppstweb\/#\/schema\/person\/2cd60631a096d4411ffeef4dfd3d46aa"},"headline":"Autoridades del Gobierno Nacional y la OIT instalaron el 5to Foro de Di\u00e1logo Social en Caracas","datePublished":"2026-04-28T21:22:37+00:00","dateModified":"2026-04-28T21:40:29+00:00","mainEntityOfPage":{"@id":"https:\/\/www.mpppst.gob.ve\/mpppstweb\/index.php\/2026\/04\/28\/autoridades-del-gobierno-nacional-y-la-oit-instalaron-el-5to-foro-de-dialogo-social-en-caracas\/"},"wordCount":604,"publisher":{"@id":"https:\/\/www.mpppst.gob.ve\/mpppstweb\/#organization"},"image":{"@id":"https:\/\/www.mpppst.gob.ve\/mpppstweb\/index.php\/2026\/04\/28\/autoridades-del-gobierno-nacional-y-la-oit-instalaron-el-5to-foro-de-dialogo-social-en-caracas\/#primaryimage"},"thumbnailUrl":"https:\/\/www.mpppst.gob.ve\/mpppstweb\/wp-content\/uploads\/2026\/04\/IMG-20260428-WA0129.jpg","articleSection":["Gobierno Nacional"],"inLanguage":"es"},{"@type":"WebPage","@id":"https:\/\/www.mpppst.gob.ve\/mpppstweb\/index.php\/2026\/04\/28\/autoridades-del-gobierno-nacional-y-la-oit-instalaron-el-5to-foro-de-dialogo-social-en-caracas\/","url":"https:\/\/www.mpppst.gob.ve\/mpppstweb\/index.php\/2026\/04\/28\/autoridades-del-gobierno-nacional-y-la-oit-instalaron-el-5to-foro-de-dialogo-social-en-caracas\/","name":"Autoridades del Gobierno Nacional y la OIT instalaron el 5to Foro de Di\u00e1logo Social en Caracas - MPPPST","isPartOf":{"@id":"https:\/\/www.mpppst.gob.ve\/mpppstweb\/#website"},"primaryImageOfPage":{"@id":"https:\/\/www.mpppst.gob.ve\/mpppstweb\/index.php\/2026\/04\/28\/autoridades-del-gobierno-nacional-y-la-oit-instalaron-el-5to-foro-de-dialogo-social-en-caracas\/#primaryimage"},"image":{"@id":"https:\/\/www.mpppst.gob.ve\/mpppstweb\/index.php\/2026\/04\/28\/autoridades-del-gobierno-nacional-y-la-oit-instalaron-el-5to-foro-de-dialogo-social-en-caracas\/#primaryimage"},"thumbnailUrl":"https:\/\/www.mpppst.gob.ve\/mpppstweb\/wp-content\/uploads\/2026\/04\/IMG-20260428-WA0129.jpg","datePublished":"2026-04-28T21:22:37+00:00","dateModified":"2026-04-28T21:40:29+00:00","breadcrumb":{"@id":"https:\/\/www.mpppst.gob.ve\/mpppstweb\/index.php\/2026\/04\/28\/autoridades-del-gobierno-nacional-y-la-oit-instalaron-el-5to-foro-de-dialogo-social-en-caracas\/#breadcrumb"},"inLanguage":"es","potentialAction":[{"@type":"ReadAction","target":["https:\/\/www.mpppst.gob.ve\/mpppstweb\/index.php\/2026\/04\/28\/autoridades-del-gobierno-nacional-y-la-oit-instalaron-el-5to-foro-de-dialogo-social-en-caracas\/"]}]},{"@type":"ImageObject","inLanguage":"es","@id":"https:\/\/www.mpppst.gob.ve\/mpppstweb\/index.php\/2026\/04\/28\/autoridades-del-gobierno-nacional-y-la-oit-instalaron-el-5to-foro-de-dialogo-social-en-caracas\/#primaryimage","url":"https:\/\/www.mpppst.gob.ve\/mpppstweb\/wp-content\/uploads\/2026\/04\/IMG-20260428-WA0129.jpg","contentUrl":"https:\/\/www.mpppst.gob.ve\/mpppstweb\/wp-content\/uploads\/2026\/04\/IMG-20260428-WA0129.jpg","width":2560,"height":1706},{"@type":"BreadcrumbList","@id":"https:\/\/www.mpppst.gob.ve\/mpppstweb\/index.php\/2026\/04\/28\/autoridades-del-gobierno-nacional-y-la-oit-instalaron-el-5to-foro-de-dialogo-social-en-caracas\/#breadcrumb","itemListElement":[{"@type":"ListItem","position":1,"name":"Home","item":"https:\/\/www.mpppst.gob.ve\/mpppstweb\/"},{"@type":"ListItem","position":2,"name":"Autoridades del Gobierno Nacional y la OIT instalaron el 5to Foro de Di\u00e1logo Social en Caracas"}]},{"@type":"WebSite","@id":"https:\/\/www.mpppst.gob.ve\/mpppstweb\/#website","url":"https:\/\/www.mpppst.gob.ve\/mpppstweb\/","name":"MPPPST","description":"Ministerio del Poder Popular para el Proceso Social de Trabajo","publisher":{"@id":"https:\/\/www.mpppst.gob.ve\/mpppstweb\/#organization"},"potentialAction":[{"@type":"SearchAction","target":{"@type":"EntryPoint","urlTemplate":"https:\/\/www.mpppst.gob.ve\/mpppstweb\/?s={search_term_string}"},"query-input":"required name=search_term_string"}],"inLanguage":"es"},{"@type":"Organization","@id":"https:\/\/www.mpppst.gob.ve\/mpppstweb\/#organization","name":"mpppst","url":"https:\/\/www.mpppst.gob.ve\/mpppstweb\/","logo":{"@type":"ImageObject","inLanguage":"es","@id":"https:\/\/www.mpppst.gob.ve\/mpppstweb\/#\/schema\/logo\/image\/","url":"https:\/\/www.mpppst.gob.ve\/mpppstweb\/wp-content\/uploads\/2025\/07\/cropped-cropped-g910.png","contentUrl":"https:\/\/www.mpppst.gob.ve\/mpppstweb\/wp-content\/uploads\/2025\/07\/cropped-cropped-g910.png","width":1080,"height":241,"caption":"mpppst"},"image":{"@id":"https:\/\/www.mpppst.gob.ve\/mpppstweb\/#\/schema\/logo\/image\/"}},{"@type":"Person","@id":"https:\/\/www.mpppst.gob.ve\/mpppstweb\/#\/schema\/person\/2cd60631a096d4411ffeef4dfd3d46aa","name":"Franquis Toledo","url":"https:\/\/www.mpppst.gob.ve\/mpppstweb\/index.php\/author\/f-toledo\/"}]}},"_links":{"self":[{"href":"https:\/\/www.mpppst.gob.ve\/mpppstweb\/index.php\/wp-json\/wp\/v2\/posts\/28467"}],"collection":[{"href":"https:\/\/www.mpppst.gob.ve\/mpppstweb\/index.php\/wp-json\/wp\/v2\/posts"}],"about":[{"href":"https:\/\/www.mpppst.gob.ve\/mpppstweb\/index.php\/wp-json\/wp\/v2\/types\/post"}],"author":[{"embeddable":true,"href":"https:\/\/www.mpppst.gob.ve\/mpppstweb\/index.php\/wp-json\/wp\/v2\/users\/145"}],"replies":[{"embeddable":true,"href":"https:\/\/www.mpppst.gob.ve\/mpppstweb\/index.php\/wp-json\/wp\/v2\/comments?post=28467"}],"version-history":[{"count":4,"href":"https:\/\/www.mpppst.gob.ve\/mpppstweb\/index.php\/wp-json\/wp\/v2\/posts\/28467\/revisions"}],"predecessor-version":[{"id":28484,"href":"https:\/\/www.mpppst.gob.ve\/mpppstweb\/index.php\/wp-json\/wp\/v2\/posts\/28467\/revisions\/28484"}],"wp:featuredmedia":[{"embeddable":true,"href":"https:\/\/www.mpppst.gob.ve\/mpppstweb\/index.php\/wp-json\/wp\/v2\/media\/28470"}],"wp:attachment":[{"href":"https:\/\/www.mpppst.gob.ve\/mpppstweb\/index.php\/wp-json\/wp\/v2\/media?parent=28467"}],"wp:term":[{"taxonomy":"category","embeddable":true,"href":"https:\/\/www.mpppst.gob.ve\/mpppstweb\/index.php\/wp-json\/wp\/v2\/categories?post=28467"},{"taxonomy":"post_tag","embeddable":true,"href":"https:\/\/www.mpppst.gob.ve\/mpppstweb\/index.php\/wp-json\/wp\/v2\/tags?post=28467"}],"curies":[{"name":"wp","href":"https:\/\/api.w.org\/{rel}","templated":true}]}}