{"id":28485,"date":"2026-04-29T13:29:00","date_gmt":"2026-04-29T17:29:00","guid":{"rendered":"https:\/\/www.mpppst.gob.ve\/mpppstweb\/?p=28485"},"modified":"2026-04-29T13:29:05","modified_gmt":"2026-04-29T17:29:05","slug":"incret-promueve-el-bienestar-psicologico-en-el-dia-mundial-de-la-seguridad-y-salud-en-el-trabajo","status":"publish","type":"post","link":"https:\/\/www.mpppst.gob.ve\/mpppstweb\/index.php\/2026\/04\/29\/incret-promueve-el-bienestar-psicologico-en-el-dia-mundial-de-la-seguridad-y-salud-en-el-trabajo\/","title":{"rendered":"INCRET promueve el bienestar psicol\u00f3gico en el D\u00eda Mundial de la Seguridad y Salud en el Trabajo"},"content":{"rendered":"\n<p><strong>Prensa MPPPST (29\/04\/2026).\u2013<\/strong> El Instituto Nacional de Capacitaci\u00f3n y Recreaci\u00f3n de los Trabajadores (INCRET) conmemor\u00f3 este martes 28 de abril el D\u00eda Mundial de la Seguridad y Salud en el Trabajo con un encuentro formativo en el Teatro Jos\u00e9 \u201cChino\u201d Khan, en Caracas. <\/p>\n\n\n\n<p>La actividad, centrada en la perspectiva psicol\u00f3gica laboral, cont\u00f3 con la participaci\u00f3n del presidente del instituto, Jos\u00e9 Daniel Garc\u00eda, el director de Capacitaci\u00f3n y Formaci\u00f3n, Jos\u00e9 Delgado, y el psic\u00f3logo Harold Tovar.<\/p>\n\n\n\n<figure class=\"wp-block-image size-large is-resized\"><a href=\"https:\/\/www.mpppst.gob.ve\/mpppstweb\/wp-content\/uploads\/2026\/04\/IMG_20260429_102423_237.jpg\"><img decoding=\"async\" loading=\"lazy\" width=\"1024\" height=\"576\" src=\"https:\/\/www.mpppst.gob.ve\/mpppstweb\/wp-content\/uploads\/2026\/04\/IMG_20260429_102423_237-1024x576.jpg\" alt=\"\" class=\"wp-image-28487\" style=\"aspect-ratio:1.7777777777777777;width:431px;height:auto\" srcset=\"https:\/\/www.mpppst.gob.ve\/mpppstweb\/wp-content\/uploads\/2026\/04\/IMG_20260429_102423_237-1024x576.jpg 1024w, https:\/\/www.mpppst.gob.ve\/mpppstweb\/wp-content\/uploads\/2026\/04\/IMG_20260429_102423_237-300x169.jpg 300w, https:\/\/www.mpppst.gob.ve\/mpppstweb\/wp-content\/uploads\/2026\/04\/IMG_20260429_102423_237-768x432.jpg 768w, https:\/\/www.mpppst.gob.ve\/mpppstweb\/wp-content\/uploads\/2026\/04\/IMG_20260429_102423_237-1536x864.jpg 1536w, https:\/\/www.mpppst.gob.ve\/mpppstweb\/wp-content\/uploads\/2026\/04\/IMG_20260429_102423_237-2048x1152.jpg 2048w, https:\/\/www.mpppst.gob.ve\/mpppstweb\/wp-content\/uploads\/2026\/04\/IMG_20260429_102423_237-1300x731.jpg 1300w\" sizes=\"(max-width: 1024px) 100vw, 1024px\" \/><\/a><\/figure>\n\n\n\n<p>Durante su intervenci\u00f3n, Garc\u00eda destac\u00f3 la relaci\u00f3n entre la salud mental y la ejecuci\u00f3n del Plan Recreativo Laboral, destacando que la recreaci\u00f3n es una herramienta estrat\u00e9gica de prevenci\u00f3n. \u00abA trav\u00e9s de nuestro Plan Recreativo Laboral, garantizamos que el derecho al descanso y al esparcimiento fortalezca la salud integral de la clase obrera. La seguridad laboral empieza por el bienestar emocional de nuestra gente\u00bb, sostuvo.<\/p>\n\n\n\n<p>Por su parte, el especialista Harold Tovar enfatiz\u00f3 la necesidad de priorizar el bienestar emocional en el centro de las pol\u00edticas de gesti\u00f3n en cada entidad de trabajo.  \u00abLa salud mental es tan importante como la integridad f\u00edsica; es un componente irrenunciable de la productividad y la dignidad humana. Un entorno laboral sano debe prevenir el agotamiento y fomentar el equilibrio psicol\u00f3gico\u00bb, afirm\u00f3.<\/p>\n\n\n\n<figure class=\"wp-block-image size-large is-resized\"><a href=\"https:\/\/www.mpppst.gob.ve\/mpppstweb\/wp-content\/uploads\/2026\/04\/IMG_20260429_102423_106.jpg\"><img decoding=\"async\" loading=\"lazy\" width=\"1024\" height=\"576\" src=\"https:\/\/www.mpppst.gob.ve\/mpppstweb\/wp-content\/uploads\/2026\/04\/IMG_20260429_102423_106-1024x576.jpg\" alt=\"\" class=\"wp-image-28488\" style=\"aspect-ratio:1.7777777777777777;width:437px;height:auto\" srcset=\"https:\/\/www.mpppst.gob.ve\/mpppstweb\/wp-content\/uploads\/2026\/04\/IMG_20260429_102423_106-1024x576.jpg 1024w, https:\/\/www.mpppst.gob.ve\/mpppstweb\/wp-content\/uploads\/2026\/04\/IMG_20260429_102423_106-300x169.jpg 300w, https:\/\/www.mpppst.gob.ve\/mpppstweb\/wp-content\/uploads\/2026\/04\/IMG_20260429_102423_106-768x432.jpg 768w, https:\/\/www.mpppst.gob.ve\/mpppstweb\/wp-content\/uploads\/2026\/04\/IMG_20260429_102423_106-1536x864.jpg 1536w, https:\/\/www.mpppst.gob.ve\/mpppstweb\/wp-content\/uploads\/2026\/04\/IMG_20260429_102423_106-2048x1152.jpg 2048w, https:\/\/www.mpppst.gob.ve\/mpppstweb\/wp-content\/uploads\/2026\/04\/IMG_20260429_102423_106-1300x731.jpg 1300w\" sizes=\"(max-width: 1024px) 100vw, 1024px\" \/><\/a><\/figure>\n\n\n\n<p>El encuentro concluy\u00f3 con el firme compromiso de la Direcci\u00f3n de Capacitaci\u00f3n y Formaci\u00f3n, liderada por Jos\u00e9 Delgado, de masificar estas estrategias de abordaje psicosocial en todo el territorio nacional. El INCRET trabaja en la consolidaci\u00f3n de entornos laborales m\u00e1s humanos, donde el bienestar emocional sea la base de la seguridad integral.<\/p>\n\n\n\n<p><strong>T: Prensa INCRET<\/strong><\/p>\n","protected":false},"excerpt":{"rendered":"<p>Prensa MPPPST (29\/04\/2026).\u2013 El Instituto Nacional de Capacitaci\u00f3n y Recreaci\u00f3n de los Trabajadores (INCRET) conmemor\u00f3 este &hellip; <a title=\"INCRET promueve el bienestar psicol\u00f3gico en el D\u00eda Mundial de la Seguridad y Salud en el Trabajo\" class=\"hm-read-more\" href=\"https:\/\/www.mpppst.gob.ve\/mpppstweb\/index.php\/2026\/04\/29\/incret-promueve-el-bienestar-psicologico-en-el-dia-mundial-de-la-seguridad-y-salud-en-el-trabajo\/\"><span class=\"screen-reader-text\">INCRET promueve el bienestar psicol\u00f3gico en el D\u00eda Mundial de la Seguridad y Salud en el Trabajo<\/span>Read more<\/a><\/p>\n","protected":false},"author":145,"featured_media":28486,"comment_status":"closed","ping_status":"closed","sticky":false,"template":"","format":"standard","meta":{"footnotes":""},"categories":[256],"tags":[],"yoast_head":"<!-- This site is optimized with the Yoast SEO plugin v22.5 - https:\/\/yoast.com\/wordpress\/plugins\/seo\/ -->\n<title>INCRET promueve el bienestar psicol\u00f3gico en el D\u00eda Mundial de la Seguridad y Salud en el Trabajo - MPPPST<\/title>\n<meta name=\"robots\" content=\"index, follow, max-snippet:-1, max-image-preview:large, max-video-preview:-1\" \/>\n<link rel=\"canonical\" href=\"https:\/\/www.mpppst.gob.ve\/mpppstweb\/index.php\/2026\/04\/29\/incret-promueve-el-bienestar-psicologico-en-el-dia-mundial-de-la-seguridad-y-salud-en-el-trabajo\/\" \/>\n<meta property=\"og:locale\" content=\"es_ES\" \/>\n<meta property=\"og:type\" content=\"article\" \/>\n<meta property=\"og:title\" content=\"INCRET promueve el bienestar psicol\u00f3gico en el D\u00eda Mundial de la Seguridad y Salud en el Trabajo - MPPPST\" \/>\n<meta property=\"og:description\" content=\"Prensa MPPPST (29\/04\/2026).\u2013 El Instituto Nacional de Capacitaci\u00f3n y Recreaci\u00f3n de los Trabajadores (INCRET) conmemor\u00f3 este &hellip; INCRET promueve el bienestar psicol\u00f3gico en el D\u00eda Mundial de la Seguridad y Salud en el TrabajoRead more\" \/>\n<meta property=\"og:url\" content=\"https:\/\/www.mpppst.gob.ve\/mpppstweb\/index.php\/2026\/04\/29\/incret-promueve-el-bienestar-psicologico-en-el-dia-mundial-de-la-seguridad-y-salud-en-el-trabajo\/\" \/>\n<meta property=\"og:site_name\" content=\"MPPPST\" \/>\n<meta property=\"article:published_time\" content=\"2026-04-29T17:29:00+00:00\" \/>\n<meta property=\"article:modified_time\" content=\"2026-04-29T17:29:05+00:00\" \/>\n<meta property=\"og:image\" content=\"http:\/\/www.mpppst.gob.ve\/mpppstweb\/wp-content\/uploads\/2026\/04\/IMG_20260429_102423_291.jpg\" \/>\n\t<meta property=\"og:image:width\" content=\"2560\" \/>\n\t<meta property=\"og:image:height\" content=\"1440\" \/>\n\t<meta property=\"og:image:type\" content=\"image\/jpeg\" \/>\n<meta name=\"author\" content=\"Franquis Toledo\" \/>\n<meta name=\"twitter:card\" content=\"summary_large_image\" \/>\n<meta name=\"twitter:label1\" content=\"Escrito por\" \/>\n\t<meta name=\"twitter:data1\" content=\"Franquis Toledo\" \/>\n\t<meta name=\"twitter:label2\" content=\"Tiempo de lectura\" \/>\n\t<meta name=\"twitter:data2\" content=\"2 minutos\" \/>\n<script type=\"application\/ld+json\" class=\"yoast-schema-graph\">{\"@context\":\"https:\/\/schema.org\",\"@graph\":[{\"@type\":\"Article\",\"@id\":\"https:\/\/www.mpppst.gob.ve\/mpppstweb\/index.php\/2026\/04\/29\/incret-promueve-el-bienestar-psicologico-en-el-dia-mundial-de-la-seguridad-y-salud-en-el-trabajo\/#article\",\"isPartOf\":{\"@id\":\"https:\/\/www.mpppst.gob.ve\/mpppstweb\/index.php\/2026\/04\/29\/incret-promueve-el-bienestar-psicologico-en-el-dia-mundial-de-la-seguridad-y-salud-en-el-trabajo\/\"},\"author\":{\"name\":\"Franquis Toledo\",\"@id\":\"https:\/\/www.mpppst.gob.ve\/mpppstweb\/#\/schema\/person\/2cd60631a096d4411ffeef4dfd3d46aa\"},\"headline\":\"INCRET promueve el bienestar psicol\u00f3gico en el D\u00eda Mundial de la Seguridad y Salud en el Trabajo\",\"datePublished\":\"2026-04-29T17:29:00+00:00\",\"dateModified\":\"2026-04-29T17:29:05+00:00\",\"mainEntityOfPage\":{\"@id\":\"https:\/\/www.mpppst.gob.ve\/mpppstweb\/index.php\/2026\/04\/29\/incret-promueve-el-bienestar-psicologico-en-el-dia-mundial-de-la-seguridad-y-salud-en-el-trabajo\/\"},\"wordCount\":300,\"publisher\":{\"@id\":\"https:\/\/www.mpppst.gob.ve\/mpppstweb\/#organization\"},\"image\":{\"@id\":\"https:\/\/www.mpppst.gob.ve\/mpppstweb\/index.php\/2026\/04\/29\/incret-promueve-el-bienestar-psicologico-en-el-dia-mundial-de-la-seguridad-y-salud-en-el-trabajo\/#primaryimage\"},\"thumbnailUrl\":\"https:\/\/www.mpppst.gob.ve\/mpppstweb\/wp-content\/uploads\/2026\/04\/IMG_20260429_102423_291.jpg\",\"articleSection\":[\"INCRET\"],\"inLanguage\":\"es\"},{\"@type\":\"WebPage\",\"@id\":\"https:\/\/www.mpppst.gob.ve\/mpppstweb\/index.php\/2026\/04\/29\/incret-promueve-el-bienestar-psicologico-en-el-dia-mundial-de-la-seguridad-y-salud-en-el-trabajo\/\",\"url\":\"https:\/\/www.mpppst.gob.ve\/mpppstweb\/index.php\/2026\/04\/29\/incret-promueve-el-bienestar-psicologico-en-el-dia-mundial-de-la-seguridad-y-salud-en-el-trabajo\/\",\"name\":\"INCRET promueve el bienestar psicol\u00f3gico en el D\u00eda Mundial de la Seguridad y Salud en el Trabajo - MPPPST\",\"isPartOf\":{\"@id\":\"https:\/\/www.mpppst.gob.ve\/mpppstweb\/#website\"},\"primaryImageOfPage\":{\"@id\":\"https:\/\/www.mpppst.gob.ve\/mpppstweb\/index.php\/2026\/04\/29\/incret-promueve-el-bienestar-psicologico-en-el-dia-mundial-de-la-seguridad-y-salud-en-el-trabajo\/#primaryimage\"},\"image\":{\"@id\":\"https:\/\/www.mpppst.gob.ve\/mpppstweb\/index.php\/2026\/04\/29\/incret-promueve-el-bienestar-psicologico-en-el-dia-mundial-de-la-seguridad-y-salud-en-el-trabajo\/#primaryimage\"},\"thumbnailUrl\":\"https:\/\/www.mpppst.gob.ve\/mpppstweb\/wp-content\/uploads\/2026\/04\/IMG_20260429_102423_291.jpg\",\"datePublished\":\"2026-04-29T17:29:00+00:00\",\"dateModified\":\"2026-04-29T17:29:05+00:00\",\"breadcrumb\":{\"@id\":\"https:\/\/www.mpppst.gob.ve\/mpppstweb\/index.php\/2026\/04\/29\/incret-promueve-el-bienestar-psicologico-en-el-dia-mundial-de-la-seguridad-y-salud-en-el-trabajo\/#breadcrumb\"},\"inLanguage\":\"es\",\"potentialAction\":[{\"@type\":\"ReadAction\",\"target\":[\"https:\/\/www.mpppst.gob.ve\/mpppstweb\/index.php\/2026\/04\/29\/incret-promueve-el-bienestar-psicologico-en-el-dia-mundial-de-la-seguridad-y-salud-en-el-trabajo\/\"]}]},{\"@type\":\"ImageObject\",\"inLanguage\":\"es\",\"@id\":\"https:\/\/www.mpppst.gob.ve\/mpppstweb\/index.php\/2026\/04\/29\/incret-promueve-el-bienestar-psicologico-en-el-dia-mundial-de-la-seguridad-y-salud-en-el-trabajo\/#primaryimage\",\"url\":\"https:\/\/www.mpppst.gob.ve\/mpppstweb\/wp-content\/uploads\/2026\/04\/IMG_20260429_102423_291.jpg\",\"contentUrl\":\"https:\/\/www.mpppst.gob.ve\/mpppstweb\/wp-content\/uploads\/2026\/04\/IMG_20260429_102423_291.jpg\",\"width\":2560,\"height\":1440},{\"@type\":\"BreadcrumbList\",\"@id\":\"https:\/\/www.mpppst.gob.ve\/mpppstweb\/index.php\/2026\/04\/29\/incret-promueve-el-bienestar-psicologico-en-el-dia-mundial-de-la-seguridad-y-salud-en-el-trabajo\/#breadcrumb\",\"itemListElement\":[{\"@type\":\"ListItem\",\"position\":1,\"name\":\"Home\",\"item\":\"https:\/\/www.mpppst.gob.ve\/mpppstweb\/\"},{\"@type\":\"ListItem\",\"position\":2,\"name\":\"INCRET promueve el bienestar psicol\u00f3gico en el D\u00eda Mundial de la Seguridad y Salud en el Trabajo\"}]},{\"@type\":\"WebSite\",\"@id\":\"https:\/\/www.mpppst.gob.ve\/mpppstweb\/#website\",\"url\":\"https:\/\/www.mpppst.gob.ve\/mpppstweb\/\",\"name\":\"MPPPST\",\"description\":\"Ministerio del Poder Popular para el Proceso Social de Trabajo\",\"publisher\":{\"@id\":\"https:\/\/www.mpppst.gob.ve\/mpppstweb\/#organization\"},\"potentialAction\":[{\"@type\":\"SearchAction\",\"target\":{\"@type\":\"EntryPoint\",\"urlTemplate\":\"https:\/\/www.mpppst.gob.ve\/mpppstweb\/?s={search_term_string}\"},\"query-input\":\"required name=search_term_string\"}],\"inLanguage\":\"es\"},{\"@type\":\"Organization\",\"@id\":\"https:\/\/www.mpppst.gob.ve\/mpppstweb\/#organization\",\"name\":\"mpppst\",\"url\":\"https:\/\/www.mpppst.gob.ve\/mpppstweb\/\",\"logo\":{\"@type\":\"ImageObject\",\"inLanguage\":\"es\",\"@id\":\"https:\/\/www.mpppst.gob.ve\/mpppstweb\/#\/schema\/logo\/image\/\",\"url\":\"https:\/\/www.mpppst.gob.ve\/mpppstweb\/wp-content\/uploads\/2025\/07\/cropped-cropped-g910.png\",\"contentUrl\":\"https:\/\/www.mpppst.gob.ve\/mpppstweb\/wp-content\/uploads\/2025\/07\/cropped-cropped-g910.png\",\"width\":1080,\"height\":241,\"caption\":\"mpppst\"},\"image\":{\"@id\":\"https:\/\/www.mpppst.gob.ve\/mpppstweb\/#\/schema\/logo\/image\/\"}},{\"@type\":\"Person\",\"@id\":\"https:\/\/www.mpppst.gob.ve\/mpppstweb\/#\/schema\/person\/2cd60631a096d4411ffeef4dfd3d46aa\",\"name\":\"Franquis Toledo\",\"url\":\"https:\/\/www.mpppst.gob.ve\/mpppstweb\/index.php\/author\/f-toledo\/\"}]}<\/script>\n<!-- \/ Yoast SEO plugin. -->","yoast_head_json":{"title":"INCRET promueve el bienestar psicol\u00f3gico en el D\u00eda Mundial de la Seguridad y Salud en el Trabajo - MPPPST","robots":{"index":"index","follow":"follow","max-snippet":"max-snippet:-1","max-image-preview":"max-image-preview:large","max-video-preview":"max-video-preview:-1"},"canonical":"https:\/\/www.mpppst.gob.ve\/mpppstweb\/index.php\/2026\/04\/29\/incret-promueve-el-bienestar-psicologico-en-el-dia-mundial-de-la-seguridad-y-salud-en-el-trabajo\/","og_locale":"es_ES","og_type":"article","og_title":"INCRET promueve el bienestar psicol\u00f3gico en el D\u00eda Mundial de la Seguridad y Salud en el Trabajo - MPPPST","og_description":"Prensa MPPPST (29\/04\/2026).\u2013 El Instituto Nacional de Capacitaci\u00f3n y Recreaci\u00f3n de los Trabajadores (INCRET) conmemor\u00f3 este &hellip; INCRET promueve el bienestar psicol\u00f3gico en el D\u00eda Mundial de la Seguridad y Salud en el TrabajoRead more","og_url":"https:\/\/www.mpppst.gob.ve\/mpppstweb\/index.php\/2026\/04\/29\/incret-promueve-el-bienestar-psicologico-en-el-dia-mundial-de-la-seguridad-y-salud-en-el-trabajo\/","og_site_name":"MPPPST","article_published_time":"2026-04-29T17:29:00+00:00","article_modified_time":"2026-04-29T17:29:05+00:00","og_image":[{"width":2560,"height":1440,"url":"http:\/\/www.mpppst.gob.ve\/mpppstweb\/wp-content\/uploads\/2026\/04\/IMG_20260429_102423_291.jpg","type":"image\/jpeg"}],"author":"Franquis Toledo","twitter_card":"summary_large_image","twitter_misc":{"Escrito por":"Franquis Toledo","Tiempo de lectura":"2 minutos"},"schema":{"@context":"https:\/\/schema.org","@graph":[{"@type":"Article","@id":"https:\/\/www.mpppst.gob.ve\/mpppstweb\/index.php\/2026\/04\/29\/incret-promueve-el-bienestar-psicologico-en-el-dia-mundial-de-la-seguridad-y-salud-en-el-trabajo\/#article","isPartOf":{"@id":"https:\/\/www.mpppst.gob.ve\/mpppstweb\/index.php\/2026\/04\/29\/incret-promueve-el-bienestar-psicologico-en-el-dia-mundial-de-la-seguridad-y-salud-en-el-trabajo\/"},"author":{"name":"Franquis Toledo","@id":"https:\/\/www.mpppst.gob.ve\/mpppstweb\/#\/schema\/person\/2cd60631a096d4411ffeef4dfd3d46aa"},"headline":"INCRET promueve el bienestar psicol\u00f3gico en el D\u00eda Mundial de la Seguridad y Salud en el Trabajo","datePublished":"2026-04-29T17:29:00+00:00","dateModified":"2026-04-29T17:29:05+00:00","mainEntityOfPage":{"@id":"https:\/\/www.mpppst.gob.ve\/mpppstweb\/index.php\/2026\/04\/29\/incret-promueve-el-bienestar-psicologico-en-el-dia-mundial-de-la-seguridad-y-salud-en-el-trabajo\/"},"wordCount":300,"publisher":{"@id":"https:\/\/www.mpppst.gob.ve\/mpppstweb\/#organization"},"image":{"@id":"https:\/\/www.mpppst.gob.ve\/mpppstweb\/index.php\/2026\/04\/29\/incret-promueve-el-bienestar-psicologico-en-el-dia-mundial-de-la-seguridad-y-salud-en-el-trabajo\/#primaryimage"},"thumbnailUrl":"https:\/\/www.mpppst.gob.ve\/mpppstweb\/wp-content\/uploads\/2026\/04\/IMG_20260429_102423_291.jpg","articleSection":["INCRET"],"inLanguage":"es"},{"@type":"WebPage","@id":"https:\/\/www.mpppst.gob.ve\/mpppstweb\/index.php\/2026\/04\/29\/incret-promueve-el-bienestar-psicologico-en-el-dia-mundial-de-la-seguridad-y-salud-en-el-trabajo\/","url":"https:\/\/www.mpppst.gob.ve\/mpppstweb\/index.php\/2026\/04\/29\/incret-promueve-el-bienestar-psicologico-en-el-dia-mundial-de-la-seguridad-y-salud-en-el-trabajo\/","name":"INCRET promueve el bienestar psicol\u00f3gico en el D\u00eda Mundial de la Seguridad y Salud en el Trabajo - MPPPST","isPartOf":{"@id":"https:\/\/www.mpppst.gob.ve\/mpppstweb\/#website"},"primaryImageOfPage":{"@id":"https:\/\/www.mpppst.gob.ve\/mpppstweb\/index.php\/2026\/04\/29\/incret-promueve-el-bienestar-psicologico-en-el-dia-mundial-de-la-seguridad-y-salud-en-el-trabajo\/#primaryimage"},"image":{"@id":"https:\/\/www.mpppst.gob.ve\/mpppstweb\/index.php\/2026\/04\/29\/incret-promueve-el-bienestar-psicologico-en-el-dia-mundial-de-la-seguridad-y-salud-en-el-trabajo\/#primaryimage"},"thumbnailUrl":"https:\/\/www.mpppst.gob.ve\/mpppstweb\/wp-content\/uploads\/2026\/04\/IMG_20260429_102423_291.jpg","datePublished":"2026-04-29T17:29:00+00:00","dateModified":"2026-04-29T17:29:05+00:00","breadcrumb":{"@id":"https:\/\/www.mpppst.gob.ve\/mpppstweb\/index.php\/2026\/04\/29\/incret-promueve-el-bienestar-psicologico-en-el-dia-mundial-de-la-seguridad-y-salud-en-el-trabajo\/#breadcrumb"},"inLanguage":"es","potentialAction":[{"@type":"ReadAction","target":["https:\/\/www.mpppst.gob.ve\/mpppstweb\/index.php\/2026\/04\/29\/incret-promueve-el-bienestar-psicologico-en-el-dia-mundial-de-la-seguridad-y-salud-en-el-trabajo\/"]}]},{"@type":"ImageObject","inLanguage":"es","@id":"https:\/\/www.mpppst.gob.ve\/mpppstweb\/index.php\/2026\/04\/29\/incret-promueve-el-bienestar-psicologico-en-el-dia-mundial-de-la-seguridad-y-salud-en-el-trabajo\/#primaryimage","url":"https:\/\/www.mpppst.gob.ve\/mpppstweb\/wp-content\/uploads\/2026\/04\/IMG_20260429_102423_291.jpg","contentUrl":"https:\/\/www.mpppst.gob.ve\/mpppstweb\/wp-content\/uploads\/2026\/04\/IMG_20260429_102423_291.jpg","width":2560,"height":1440},{"@type":"BreadcrumbList","@id":"https:\/\/www.mpppst.gob.ve\/mpppstweb\/index.php\/2026\/04\/29\/incret-promueve-el-bienestar-psicologico-en-el-dia-mundial-de-la-seguridad-y-salud-en-el-trabajo\/#breadcrumb","itemListElement":[{"@type":"ListItem","position":1,"name":"Home","item":"https:\/\/www.mpppst.gob.ve\/mpppstweb\/"},{"@type":"ListItem","position":2,"name":"INCRET promueve el bienestar psicol\u00f3gico en el D\u00eda Mundial de la Seguridad y Salud en el Trabajo"}]},{"@type":"WebSite","@id":"https:\/\/www.mpppst.gob.ve\/mpppstweb\/#website","url":"https:\/\/www.mpppst.gob.ve\/mpppstweb\/","name":"MPPPST","description":"Ministerio del Poder Popular para el Proceso Social de Trabajo","publisher":{"@id":"https:\/\/www.mpppst.gob.ve\/mpppstweb\/#organization"},"potentialAction":[{"@type":"SearchAction","target":{"@type":"EntryPoint","urlTemplate":"https:\/\/www.mpppst.gob.ve\/mpppstweb\/?s={search_term_string}"},"query-input":"required name=search_term_string"}],"inLanguage":"es"},{"@type":"Organization","@id":"https:\/\/www.mpppst.gob.ve\/mpppstweb\/#organization","name":"mpppst","url":"https:\/\/www.mpppst.gob.ve\/mpppstweb\/","logo":{"@type":"ImageObject","inLanguage":"es","@id":"https:\/\/www.mpppst.gob.ve\/mpppstweb\/#\/schema\/logo\/image\/","url":"https:\/\/www.mpppst.gob.ve\/mpppstweb\/wp-content\/uploads\/2025\/07\/cropped-cropped-g910.png","contentUrl":"https:\/\/www.mpppst.gob.ve\/mpppstweb\/wp-content\/uploads\/2025\/07\/cropped-cropped-g910.png","width":1080,"height":241,"caption":"mpppst"},"image":{"@id":"https:\/\/www.mpppst.gob.ve\/mpppstweb\/#\/schema\/logo\/image\/"}},{"@type":"Person","@id":"https:\/\/www.mpppst.gob.ve\/mpppstweb\/#\/schema\/person\/2cd60631a096d4411ffeef4dfd3d46aa","name":"Franquis Toledo","url":"https:\/\/www.mpppst.gob.ve\/mpppstweb\/index.php\/author\/f-toledo\/"}]}},"_links":{"self":[{"href":"https:\/\/www.mpppst.gob.ve\/mpppstweb\/index.php\/wp-json\/wp\/v2\/posts\/28485"}],"collection":[{"href":"https:\/\/www.mpppst.gob.ve\/mpppstweb\/index.php\/wp-json\/wp\/v2\/posts"}],"about":[{"href":"https:\/\/www.mpppst.gob.ve\/mpppstweb\/index.php\/wp-json\/wp\/v2\/types\/post"}],"author":[{"embeddable":true,"href":"https:\/\/www.mpppst.gob.ve\/mpppstweb\/index.php\/wp-json\/wp\/v2\/users\/145"}],"replies":[{"embeddable":true,"href":"https:\/\/www.mpppst.gob.ve\/mpppstweb\/index.php\/wp-json\/wp\/v2\/comments?post=28485"}],"version-history":[{"count":1,"href":"https:\/\/www.mpppst.gob.ve\/mpppstweb\/index.php\/wp-json\/wp\/v2\/posts\/28485\/revisions"}],"predecessor-version":[{"id":28489,"href":"https:\/\/www.mpppst.gob.ve\/mpppstweb\/index.php\/wp-json\/wp\/v2\/posts\/28485\/revisions\/28489"}],"wp:featuredmedia":[{"embeddable":true,"href":"https:\/\/www.mpppst.gob.ve\/mpppstweb\/index.php\/wp-json\/wp\/v2\/media\/28486"}],"wp:attachment":[{"href":"https:\/\/www.mpppst.gob.ve\/mpppstweb\/index.php\/wp-json\/wp\/v2\/media?parent=28485"}],"wp:term":[{"taxonomy":"category","embeddable":true,"href":"https:\/\/www.mpppst.gob.ve\/mpppstweb\/index.php\/wp-json\/wp\/v2\/categories?post=28485"},{"taxonomy":"post_tag","embeddable":true,"href":"https:\/\/www.mpppst.gob.ve\/mpppstweb\/index.php\/wp-json\/wp\/v2\/tags?post=28485"}],"curies":[{"name":"wp","href":"https:\/\/api.w.org\/{rel}","templated":true}]}}