{"id":28495,"date":"2026-04-29T20:56:29","date_gmt":"2026-04-30T00:56:29","guid":{"rendered":"https:\/\/www.mpppst.gob.ve\/mpppstweb\/?p=28495"},"modified":"2026-04-29T20:56:32","modified_gmt":"2026-04-30T00:56:32","slug":"clausurado-el-5-foro-de-dialogo-social-entre-sectores-laborales-y-productivos-del-pais","status":"publish","type":"post","link":"https:\/\/www.mpppst.gob.ve\/mpppstweb\/index.php\/2026\/04\/29\/clausurado-el-5-foro-de-dialogo-social-entre-sectores-laborales-y-productivos-del-pais\/","title":{"rendered":"Clausurado el 5\u00b0 Foro de Di\u00e1logo Social entre sectores laborales y productivos del pa\u00eds"},"content":{"rendered":"\n<p><strong>Prensa MPPPST (29\/04\/2026).- <\/strong>Autoridades del Gobierno Nacional, representantes de la Organizaci\u00f3n Internacional del Trabajo (OIT), organizaciones de empleadores y centrales sindicales clausuraron este mi\u00e9rcoles en Caracas la quinta edici\u00f3n del Foro de Di\u00e1logo Social.<\/p>\n\n\n\n<figure class=\"wp-block-image size-large is-resized\"><a href=\"https:\/\/www.mpppst.gob.ve\/mpppstweb\/wp-content\/uploads\/2026\/04\/IMG-20260429-WA0087.jpg\"><img decoding=\"async\" loading=\"lazy\" width=\"1024\" height=\"682\" src=\"https:\/\/www.mpppst.gob.ve\/mpppstweb\/wp-content\/uploads\/2026\/04\/IMG-20260429-WA0087-1024x682.jpg\" alt=\"\" class=\"wp-image-28497\" style=\"aspect-ratio:1.501466275659824;width:443px;height:auto\" srcset=\"https:\/\/www.mpppst.gob.ve\/mpppstweb\/wp-content\/uploads\/2026\/04\/IMG-20260429-WA0087-1024x682.jpg 1024w, https:\/\/www.mpppst.gob.ve\/mpppstweb\/wp-content\/uploads\/2026\/04\/IMG-20260429-WA0087-300x200.jpg 300w, https:\/\/www.mpppst.gob.ve\/mpppstweb\/wp-content\/uploads\/2026\/04\/IMG-20260429-WA0087-768x512.jpg 768w, https:\/\/www.mpppst.gob.ve\/mpppstweb\/wp-content\/uploads\/2026\/04\/IMG-20260429-WA0087-1536x1024.jpg 1536w, https:\/\/www.mpppst.gob.ve\/mpppstweb\/wp-content\/uploads\/2026\/04\/IMG-20260429-WA0087-2048x1365.jpg 2048w, https:\/\/www.mpppst.gob.ve\/mpppstweb\/wp-content\/uploads\/2026\/04\/IMG-20260429-WA0087-1300x867.jpg 1300w, https:\/\/www.mpppst.gob.ve\/mpppstweb\/wp-content\/uploads\/2026\/04\/IMG-20260429-WA0087-800x533.jpg 800w\" sizes=\"(max-width: 1024px) 100vw, 1024px\" \/><\/a><\/figure>\n\n\n\n<p>\u00abHoy cerramos este foro con un mensaje claro: hemos demostrado que por encima de cualquier diferencia somos capaces de reconocer la emergencia y actuar en consecuencia. La unidad de todos los sectores para resolver el problema laboral ha dejado de ser un deseo para convertirse en una realidad tangible en estas mesas. Hagamos que este esfuerzo valga la pena\u00bb, expres\u00f3 el ministro del Poder Popular para el Proceso Social de Trabajo, Dr. Carlos Alexis Castillo Ascanio, al cierre del evento.<\/p>\n\n\n\n<figure class=\"wp-block-image size-large is-resized\"><a href=\"https:\/\/www.mpppst.gob.ve\/mpppstweb\/wp-content\/uploads\/2026\/04\/IMG-20260429-WA0129.jpg\"><img decoding=\"async\" loading=\"lazy\" width=\"1024\" height=\"682\" src=\"https:\/\/www.mpppst.gob.ve\/mpppstweb\/wp-content\/uploads\/2026\/04\/IMG-20260429-WA0129-1024x682.jpg\" alt=\"\" class=\"wp-image-28498\" style=\"aspect-ratio:1.501466275659824;width:441px;height:auto\" srcset=\"https:\/\/www.mpppst.gob.ve\/mpppstweb\/wp-content\/uploads\/2026\/04\/IMG-20260429-WA0129-1024x682.jpg 1024w, https:\/\/www.mpppst.gob.ve\/mpppstweb\/wp-content\/uploads\/2026\/04\/IMG-20260429-WA0129-300x200.jpg 300w, https:\/\/www.mpppst.gob.ve\/mpppstweb\/wp-content\/uploads\/2026\/04\/IMG-20260429-WA0129-768x512.jpg 768w, https:\/\/www.mpppst.gob.ve\/mpppstweb\/wp-content\/uploads\/2026\/04\/IMG-20260429-WA0129-1536x1024.jpg 1536w, https:\/\/www.mpppst.gob.ve\/mpppstweb\/wp-content\/uploads\/2026\/04\/IMG-20260429-WA0129-2048x1365.jpg 2048w, https:\/\/www.mpppst.gob.ve\/mpppstweb\/wp-content\/uploads\/2026\/04\/IMG-20260429-WA0129-1300x867.jpg 1300w, https:\/\/www.mpppst.gob.ve\/mpppstweb\/wp-content\/uploads\/2026\/04\/IMG-20260429-WA0129-800x533.jpg 800w\" sizes=\"(max-width: 1024px) 100vw, 1024px\" \/><\/a><\/figure>\n\n\n\n<p>Igualmente, el titular de la cartera del Trabajo, agradeci\u00f3 el acompa\u00f1amiento de la OIT durante el proceso de asistencia t\u00e9cnica, demostrando su calidez humana. \u00abUstedes no solo nos traen est\u00e1ndares internacionales, sino tambi\u00e9n equilibrio y una paciencia admirable, gracias por escucharnos y entender nuestras complejidades\u00bb, destac\u00f3.<\/p>\n\n\n\n<p>Por su parte, el director de la OIT para los pa\u00edses andinos, \u00cdtalo Cardona, expres\u00f3 el respaldo del organismo al proceso de consenso entre los diversos sectores empresariales y productivos del pa\u00eds.<\/p>\n\n\n\n<figure class=\"wp-block-image size-large is-resized\"><a href=\"https:\/\/www.mpppst.gob.ve\/mpppstweb\/wp-content\/uploads\/2026\/04\/IMG-20260429-WA01311.jpg\"><img decoding=\"async\" loading=\"lazy\" width=\"1024\" height=\"682\" src=\"https:\/\/www.mpppst.gob.ve\/mpppstweb\/wp-content\/uploads\/2026\/04\/IMG-20260429-WA01311-1024x682.jpg\" alt=\"\" class=\"wp-image-28499\" style=\"aspect-ratio:1.501466275659824;width:436px;height:auto\" srcset=\"https:\/\/www.mpppst.gob.ve\/mpppstweb\/wp-content\/uploads\/2026\/04\/IMG-20260429-WA01311-1024x682.jpg 1024w, https:\/\/www.mpppst.gob.ve\/mpppstweb\/wp-content\/uploads\/2026\/04\/IMG-20260429-WA01311-300x200.jpg 300w, https:\/\/www.mpppst.gob.ve\/mpppstweb\/wp-content\/uploads\/2026\/04\/IMG-20260429-WA01311-768x512.jpg 768w, https:\/\/www.mpppst.gob.ve\/mpppstweb\/wp-content\/uploads\/2026\/04\/IMG-20260429-WA01311-1536x1024.jpg 1536w, https:\/\/www.mpppst.gob.ve\/mpppstweb\/wp-content\/uploads\/2026\/04\/IMG-20260429-WA01311-2048x1365.jpg 2048w, https:\/\/www.mpppst.gob.ve\/mpppstweb\/wp-content\/uploads\/2026\/04\/IMG-20260429-WA01311-1300x867.jpg 1300w, https:\/\/www.mpppst.gob.ve\/mpppstweb\/wp-content\/uploads\/2026\/04\/IMG-20260429-WA01311-800x533.jpg 800w\" sizes=\"(max-width: 1024px) 100vw, 1024px\" \/><\/a><\/figure>\n\n\n\n<p>\u00abNos vamos satisfechos y animados, para que lo que est\u00e1 escrito se pueda concretar en hechos como buenos resultados que todas y todos queremos\u00bb, indic\u00f3 el funcionario.<\/p>\n\n\n\n<p>Durante el encuentro desarrollado los d\u00edas 28 y 29 de abril, logr\u00f3 consolidar un consenso plasmado en el documento conclusivo aprobado por el Ministerio del Poder Popular para el Proceso Social de Trabajo (MPPPST), FEDECAMARAS, FEDEINDUSTRIA y diversas centrales sindicales del pa\u00eds.<\/p>\n\n\n\n<figure class=\"wp-block-image size-large is-resized\"><a href=\"https:\/\/www.mpppst.gob.ve\/mpppstweb\/wp-content\/uploads\/2026\/04\/IMG-20260429-WA0073.jpg\"><img decoding=\"async\" loading=\"lazy\" width=\"1024\" height=\"682\" src=\"https:\/\/www.mpppst.gob.ve\/mpppstweb\/wp-content\/uploads\/2026\/04\/IMG-20260429-WA0073-1024x682.jpg\" alt=\"\" class=\"wp-image-28500\" style=\"aspect-ratio:1.501466275659824;width:442px;height:auto\" srcset=\"https:\/\/www.mpppst.gob.ve\/mpppstweb\/wp-content\/uploads\/2026\/04\/IMG-20260429-WA0073-1024x682.jpg 1024w, https:\/\/www.mpppst.gob.ve\/mpppstweb\/wp-content\/uploads\/2026\/04\/IMG-20260429-WA0073-300x200.jpg 300w, https:\/\/www.mpppst.gob.ve\/mpppstweb\/wp-content\/uploads\/2026\/04\/IMG-20260429-WA0073-768x512.jpg 768w, https:\/\/www.mpppst.gob.ve\/mpppstweb\/wp-content\/uploads\/2026\/04\/IMG-20260429-WA0073-1536x1024.jpg 1536w, https:\/\/www.mpppst.gob.ve\/mpppstweb\/wp-content\/uploads\/2026\/04\/IMG-20260429-WA0073-2048x1365.jpg 2048w, https:\/\/www.mpppst.gob.ve\/mpppstweb\/wp-content\/uploads\/2026\/04\/IMG-20260429-WA0073-1300x867.jpg 1300w, https:\/\/www.mpppst.gob.ve\/mpppstweb\/wp-content\/uploads\/2026\/04\/IMG-20260429-WA0073-800x533.jpg 800w\" sizes=\"(max-width: 1024px) 100vw, 1024px\" \/><\/a><\/figure>\n\n\n\n<figure class=\"wp-block-image size-large is-resized\"><a href=\"https:\/\/www.mpppst.gob.ve\/mpppstweb\/wp-content\/uploads\/2026\/04\/IMG-20260429-WA0083.jpg\"><img decoding=\"async\" loading=\"lazy\" width=\"1024\" height=\"682\" src=\"https:\/\/www.mpppst.gob.ve\/mpppstweb\/wp-content\/uploads\/2026\/04\/IMG-20260429-WA0083-1024x682.jpg\" alt=\"\" class=\"wp-image-28501\" style=\"aspect-ratio:1.501466275659824;width:440px;height:auto\" srcset=\"https:\/\/www.mpppst.gob.ve\/mpppstweb\/wp-content\/uploads\/2026\/04\/IMG-20260429-WA0083-1024x682.jpg 1024w, https:\/\/www.mpppst.gob.ve\/mpppstweb\/wp-content\/uploads\/2026\/04\/IMG-20260429-WA0083-300x200.jpg 300w, https:\/\/www.mpppst.gob.ve\/mpppstweb\/wp-content\/uploads\/2026\/04\/IMG-20260429-WA0083-768x512.jpg 768w, https:\/\/www.mpppst.gob.ve\/mpppstweb\/wp-content\/uploads\/2026\/04\/IMG-20260429-WA0083-1536x1024.jpg 1536w, https:\/\/www.mpppst.gob.ve\/mpppstweb\/wp-content\/uploads\/2026\/04\/IMG-20260429-WA0083-2048x1365.jpg 2048w, https:\/\/www.mpppst.gob.ve\/mpppstweb\/wp-content\/uploads\/2026\/04\/IMG-20260429-WA0083-1300x867.jpg 1300w, https:\/\/www.mpppst.gob.ve\/mpppstweb\/wp-content\/uploads\/2026\/04\/IMG-20260429-WA0083-800x533.jpg 800w\" sizes=\"(max-width: 1024px) 100vw, 1024px\" \/><\/a><\/figure>\n\n\n\n<figure class=\"wp-block-image size-large is-resized\"><a href=\"https:\/\/www.mpppst.gob.ve\/mpppstweb\/wp-content\/uploads\/2026\/04\/IMG-20260429-WA0081.jpg\"><img decoding=\"async\" loading=\"lazy\" width=\"1024\" height=\"682\" src=\"https:\/\/www.mpppst.gob.ve\/mpppstweb\/wp-content\/uploads\/2026\/04\/IMG-20260429-WA0081-1024x682.jpg\" alt=\"\" class=\"wp-image-28502\" style=\"aspect-ratio:1.501466275659824;width:437px;height:auto\" srcset=\"https:\/\/www.mpppst.gob.ve\/mpppstweb\/wp-content\/uploads\/2026\/04\/IMG-20260429-WA0081-1024x682.jpg 1024w, https:\/\/www.mpppst.gob.ve\/mpppstweb\/wp-content\/uploads\/2026\/04\/IMG-20260429-WA0081-300x200.jpg 300w, https:\/\/www.mpppst.gob.ve\/mpppstweb\/wp-content\/uploads\/2026\/04\/IMG-20260429-WA0081-768x512.jpg 768w, https:\/\/www.mpppst.gob.ve\/mpppstweb\/wp-content\/uploads\/2026\/04\/IMG-20260429-WA0081-1536x1024.jpg 1536w, https:\/\/www.mpppst.gob.ve\/mpppstweb\/wp-content\/uploads\/2026\/04\/IMG-20260429-WA0081-2048x1365.jpg 2048w, https:\/\/www.mpppst.gob.ve\/mpppstweb\/wp-content\/uploads\/2026\/04\/IMG-20260429-WA0081-1300x867.jpg 1300w, https:\/\/www.mpppst.gob.ve\/mpppstweb\/wp-content\/uploads\/2026\/04\/IMG-20260429-WA0081-800x533.jpg 800w\" sizes=\"(max-width: 1024px) 100vw, 1024px\" \/><\/a><\/figure>\n\n\n\n<p>En tal sentido, en esta quinta sesi\u00f3n del Foro, se acord\u00f3 continuar fortaleciendo el di\u00e1logo social tripartito, con la participaci\u00f3n de todos los sectores, en coordinaci\u00f3n con la Mesa de Di\u00e1logo Nacional para los Consensos Laborales y Sociales.<\/p>\n\n\n\n<p>Asimismo, se plante\u00f3 promover la articulaci\u00f3n institucional, especialmente con la Asamblea Nacional, para garantizar consultas efectivas en procesos legislativos vinculados al \u00e1mbito laboral, as\u00ed como evaluar la realizaci\u00f3n de una pr\u00f3xima sesi\u00f3n del foro con asistencia t\u00e9cnica del organismo internacional.<\/p>\n\n\n\n<p>Finalmente, bajo la anuencia de la OIT, se acord\u00f3 la exigencia del cese de las medidas coercitivas unilaterales que permitan la paz, la estabilidad y el buen funcionamiento del mundo del trabajo, as\u00ed como el normal desarrollo de las fuerzas productivas y sociolaborales del pa\u00eds.<\/p>\n\n\n\n<figure class=\"wp-block-image size-large is-resized\"><a href=\"https:\/\/www.mpppst.gob.ve\/mpppstweb\/wp-content\/uploads\/2026\/04\/IMG-20260429-WA0079.jpg\"><img decoding=\"async\" loading=\"lazy\" width=\"1024\" height=\"682\" src=\"https:\/\/www.mpppst.gob.ve\/mpppstweb\/wp-content\/uploads\/2026\/04\/IMG-20260429-WA0079-1024x682.jpg\" alt=\"\" class=\"wp-image-28503\" style=\"aspect-ratio:1.501466275659824;width:440px;height:auto\" srcset=\"https:\/\/www.mpppst.gob.ve\/mpppstweb\/wp-content\/uploads\/2026\/04\/IMG-20260429-WA0079-1024x682.jpg 1024w, https:\/\/www.mpppst.gob.ve\/mpppstweb\/wp-content\/uploads\/2026\/04\/IMG-20260429-WA0079-300x200.jpg 300w, https:\/\/www.mpppst.gob.ve\/mpppstweb\/wp-content\/uploads\/2026\/04\/IMG-20260429-WA0079-768x512.jpg 768w, https:\/\/www.mpppst.gob.ve\/mpppstweb\/wp-content\/uploads\/2026\/04\/IMG-20260429-WA0079-1536x1024.jpg 1536w, https:\/\/www.mpppst.gob.ve\/mpppstweb\/wp-content\/uploads\/2026\/04\/IMG-20260429-WA0079-2048x1365.jpg 2048w, https:\/\/www.mpppst.gob.ve\/mpppstweb\/wp-content\/uploads\/2026\/04\/IMG-20260429-WA0079-1300x867.jpg 1300w, https:\/\/www.mpppst.gob.ve\/mpppstweb\/wp-content\/uploads\/2026\/04\/IMG-20260429-WA0079-800x533.jpg 800w\" sizes=\"(max-width: 1024px) 100vw, 1024px\" \/><\/a><\/figure>\n\n\n\n<p>De esta manera, el Foro de Di\u00e1logo Social forma parte de los mecanismos impulsados con apoyo de la OIT para promover acuerdos entre el Estado venezolano, empleadores y trabajadores, en l\u00ednea con el fortalecimiento del di\u00e1logo tripartito en el pa\u00eds.<\/p>\n\n\n\n<figure class=\"wp-block-image size-large is-resized\"><a href=\"https:\/\/www.mpppst.gob.ve\/mpppstweb\/wp-content\/uploads\/2026\/04\/IMG-20260429-WA0085.jpg\"><img decoding=\"async\" loading=\"lazy\" width=\"1024\" height=\"682\" src=\"https:\/\/www.mpppst.gob.ve\/mpppstweb\/wp-content\/uploads\/2026\/04\/IMG-20260429-WA0085-1024x682.jpg\" alt=\"\" class=\"wp-image-28504\" style=\"aspect-ratio:1.5005861664712778;width:438px;height:auto\" srcset=\"https:\/\/www.mpppst.gob.ve\/mpppstweb\/wp-content\/uploads\/2026\/04\/IMG-20260429-WA0085-1024x682.jpg 1024w, https:\/\/www.mpppst.gob.ve\/mpppstweb\/wp-content\/uploads\/2026\/04\/IMG-20260429-WA0085-300x200.jpg 300w, https:\/\/www.mpppst.gob.ve\/mpppstweb\/wp-content\/uploads\/2026\/04\/IMG-20260429-WA0085-768x512.jpg 768w, https:\/\/www.mpppst.gob.ve\/mpppstweb\/wp-content\/uploads\/2026\/04\/IMG-20260429-WA0085-1536x1024.jpg 1536w, https:\/\/www.mpppst.gob.ve\/mpppstweb\/wp-content\/uploads\/2026\/04\/IMG-20260429-WA0085-2048x1365.jpg 2048w, https:\/\/www.mpppst.gob.ve\/mpppstweb\/wp-content\/uploads\/2026\/04\/IMG-20260429-WA0085-1300x867.jpg 1300w, https:\/\/www.mpppst.gob.ve\/mpppstweb\/wp-content\/uploads\/2026\/04\/IMG-20260429-WA0085-800x533.jpg 800w\" sizes=\"(max-width: 1024px) 100vw, 1024px\" \/><\/a><\/figure>\n\n\n\n<figure class=\"wp-block-image size-large is-resized\"><a href=\"https:\/\/www.mpppst.gob.ve\/mpppstweb\/wp-content\/uploads\/2026\/04\/IMG-20260429-WA0089.jpg\"><img decoding=\"async\" loading=\"lazy\" width=\"1024\" height=\"682\" src=\"https:\/\/www.mpppst.gob.ve\/mpppstweb\/wp-content\/uploads\/2026\/04\/IMG-20260429-WA0089-1024x682.jpg\" alt=\"\" class=\"wp-image-28505\" style=\"aspect-ratio:1.501466275659824;width:438px;height:auto\" srcset=\"https:\/\/www.mpppst.gob.ve\/mpppstweb\/wp-content\/uploads\/2026\/04\/IMG-20260429-WA0089-1024x682.jpg 1024w, https:\/\/www.mpppst.gob.ve\/mpppstweb\/wp-content\/uploads\/2026\/04\/IMG-20260429-WA0089-300x200.jpg 300w, https:\/\/www.mpppst.gob.ve\/mpppstweb\/wp-content\/uploads\/2026\/04\/IMG-20260429-WA0089-768x512.jpg 768w, https:\/\/www.mpppst.gob.ve\/mpppstweb\/wp-content\/uploads\/2026\/04\/IMG-20260429-WA0089-1536x1024.jpg 1536w, https:\/\/www.mpppst.gob.ve\/mpppstweb\/wp-content\/uploads\/2026\/04\/IMG-20260429-WA0089-2048x1365.jpg 2048w, https:\/\/www.mpppst.gob.ve\/mpppstweb\/wp-content\/uploads\/2026\/04\/IMG-20260429-WA0089-1300x867.jpg 1300w, https:\/\/www.mpppst.gob.ve\/mpppstweb\/wp-content\/uploads\/2026\/04\/IMG-20260429-WA0089-800x533.jpg 800w\" sizes=\"(max-width: 1024px) 100vw, 1024px\" \/><\/a><\/figure>\n\n\n\n<p><strong>T: Prensa MPPPST\/Franquis Toledo<\/strong><\/p>\n","protected":false},"excerpt":{"rendered":"<p>Prensa MPPPST (29\/04\/2026).- Autoridades del Gobierno Nacional, representantes de la Organizaci\u00f3n Internacional del Trabajo (OIT), organizaciones &hellip; <a title=\"Clausurado el 5\u00b0 Foro de Di\u00e1logo Social entre sectores laborales y productivos del pa\u00eds\" class=\"hm-read-more\" href=\"https:\/\/www.mpppst.gob.ve\/mpppstweb\/index.php\/2026\/04\/29\/clausurado-el-5-foro-de-dialogo-social-entre-sectores-laborales-y-productivos-del-pais\/\"><span class=\"screen-reader-text\">Clausurado el 5\u00b0 Foro de Di\u00e1logo Social entre sectores laborales y productivos del pa\u00eds<\/span>Read more<\/a><\/p>\n","protected":false},"author":145,"featured_media":28496,"comment_status":"closed","ping_status":"closed","sticky":false,"template":"","format":"standard","meta":{"footnotes":""},"categories":[82],"tags":[],"yoast_head":"<!-- This site is optimized with the Yoast SEO plugin v22.5 - https:\/\/yoast.com\/wordpress\/plugins\/seo\/ -->\n<title>Clausurado el 5\u00b0 Foro de Di\u00e1logo Social entre sectores laborales y productivos del pa\u00eds - MPPPST<\/title>\n<meta name=\"robots\" content=\"index, follow, max-snippet:-1, max-image-preview:large, max-video-preview:-1\" \/>\n<link rel=\"canonical\" href=\"https:\/\/www.mpppst.gob.ve\/mpppstweb\/index.php\/2026\/04\/29\/clausurado-el-5-foro-de-dialogo-social-entre-sectores-laborales-y-productivos-del-pais\/\" \/>\n<meta property=\"og:locale\" content=\"es_ES\" \/>\n<meta property=\"og:type\" content=\"article\" \/>\n<meta property=\"og:title\" content=\"Clausurado el 5\u00b0 Foro de Di\u00e1logo Social entre sectores laborales y productivos del pa\u00eds - MPPPST\" \/>\n<meta property=\"og:description\" content=\"Prensa MPPPST (29\/04\/2026).- Autoridades del Gobierno Nacional, representantes de la Organizaci\u00f3n Internacional del Trabajo (OIT), organizaciones &hellip; Clausurado el 5\u00b0 Foro de Di\u00e1logo Social entre sectores laborales y productivos del pa\u00edsRead more\" \/>\n<meta property=\"og:url\" content=\"https:\/\/www.mpppst.gob.ve\/mpppstweb\/index.php\/2026\/04\/29\/clausurado-el-5-foro-de-dialogo-social-entre-sectores-laborales-y-productivos-del-pais\/\" \/>\n<meta property=\"og:site_name\" content=\"MPPPST\" \/>\n<meta property=\"article:published_time\" content=\"2026-04-30T00:56:29+00:00\" \/>\n<meta property=\"article:modified_time\" content=\"2026-04-30T00:56:32+00:00\" \/>\n<meta property=\"og:image\" content=\"http:\/\/www.mpppst.gob.ve\/mpppstweb\/wp-content\/uploads\/2026\/04\/IMG-20260429-WA0133.jpg\" \/>\n\t<meta property=\"og:image:width\" content=\"2560\" \/>\n\t<meta property=\"og:image:height\" content=\"1706\" \/>\n\t<meta property=\"og:image:type\" content=\"image\/jpeg\" \/>\n<meta name=\"author\" content=\"Franquis Toledo\" \/>\n<meta name=\"twitter:card\" content=\"summary_large_image\" \/>\n<meta name=\"twitter:label1\" content=\"Escrito por\" \/>\n\t<meta name=\"twitter:data1\" content=\"Franquis Toledo\" \/>\n\t<meta name=\"twitter:label2\" content=\"Tiempo de lectura\" \/>\n\t<meta name=\"twitter:data2\" content=\"4 minutos\" \/>\n<script type=\"application\/ld+json\" class=\"yoast-schema-graph\">{\"@context\":\"https:\/\/schema.org\",\"@graph\":[{\"@type\":\"Article\",\"@id\":\"https:\/\/www.mpppst.gob.ve\/mpppstweb\/index.php\/2026\/04\/29\/clausurado-el-5-foro-de-dialogo-social-entre-sectores-laborales-y-productivos-del-pais\/#article\",\"isPartOf\":{\"@id\":\"https:\/\/www.mpppst.gob.ve\/mpppstweb\/index.php\/2026\/04\/29\/clausurado-el-5-foro-de-dialogo-social-entre-sectores-laborales-y-productivos-del-pais\/\"},\"author\":{\"name\":\"Franquis Toledo\",\"@id\":\"https:\/\/www.mpppst.gob.ve\/mpppstweb\/#\/schema\/person\/2cd60631a096d4411ffeef4dfd3d46aa\"},\"headline\":\"Clausurado el 5\u00b0 Foro de Di\u00e1logo Social entre sectores laborales y productivos del pa\u00eds\",\"datePublished\":\"2026-04-30T00:56:29+00:00\",\"dateModified\":\"2026-04-30T00:56:32+00:00\",\"mainEntityOfPage\":{\"@id\":\"https:\/\/www.mpppst.gob.ve\/mpppstweb\/index.php\/2026\/04\/29\/clausurado-el-5-foro-de-dialogo-social-entre-sectores-laborales-y-productivos-del-pais\/\"},\"wordCount\":469,\"publisher\":{\"@id\":\"https:\/\/www.mpppst.gob.ve\/mpppstweb\/#organization\"},\"image\":{\"@id\":\"https:\/\/www.mpppst.gob.ve\/mpppstweb\/index.php\/2026\/04\/29\/clausurado-el-5-foro-de-dialogo-social-entre-sectores-laborales-y-productivos-del-pais\/#primaryimage\"},\"thumbnailUrl\":\"https:\/\/www.mpppst.gob.ve\/mpppstweb\/wp-content\/uploads\/2026\/04\/IMG-20260429-WA0133.jpg\",\"articleSection\":[\"Gobierno Nacional\"],\"inLanguage\":\"es\"},{\"@type\":\"WebPage\",\"@id\":\"https:\/\/www.mpppst.gob.ve\/mpppstweb\/index.php\/2026\/04\/29\/clausurado-el-5-foro-de-dialogo-social-entre-sectores-laborales-y-productivos-del-pais\/\",\"url\":\"https:\/\/www.mpppst.gob.ve\/mpppstweb\/index.php\/2026\/04\/29\/clausurado-el-5-foro-de-dialogo-social-entre-sectores-laborales-y-productivos-del-pais\/\",\"name\":\"Clausurado el 5\u00b0 Foro de Di\u00e1logo Social entre sectores laborales y productivos del pa\u00eds - MPPPST\",\"isPartOf\":{\"@id\":\"https:\/\/www.mpppst.gob.ve\/mpppstweb\/#website\"},\"primaryImageOfPage\":{\"@id\":\"https:\/\/www.mpppst.gob.ve\/mpppstweb\/index.php\/2026\/04\/29\/clausurado-el-5-foro-de-dialogo-social-entre-sectores-laborales-y-productivos-del-pais\/#primaryimage\"},\"image\":{\"@id\":\"https:\/\/www.mpppst.gob.ve\/mpppstweb\/index.php\/2026\/04\/29\/clausurado-el-5-foro-de-dialogo-social-entre-sectores-laborales-y-productivos-del-pais\/#primaryimage\"},\"thumbnailUrl\":\"https:\/\/www.mpppst.gob.ve\/mpppstweb\/wp-content\/uploads\/2026\/04\/IMG-20260429-WA0133.jpg\",\"datePublished\":\"2026-04-30T00:56:29+00:00\",\"dateModified\":\"2026-04-30T00:56:32+00:00\",\"breadcrumb\":{\"@id\":\"https:\/\/www.mpppst.gob.ve\/mpppstweb\/index.php\/2026\/04\/29\/clausurado-el-5-foro-de-dialogo-social-entre-sectores-laborales-y-productivos-del-pais\/#breadcrumb\"},\"inLanguage\":\"es\",\"potentialAction\":[{\"@type\":\"ReadAction\",\"target\":[\"https:\/\/www.mpppst.gob.ve\/mpppstweb\/index.php\/2026\/04\/29\/clausurado-el-5-foro-de-dialogo-social-entre-sectores-laborales-y-productivos-del-pais\/\"]}]},{\"@type\":\"ImageObject\",\"inLanguage\":\"es\",\"@id\":\"https:\/\/www.mpppst.gob.ve\/mpppstweb\/index.php\/2026\/04\/29\/clausurado-el-5-foro-de-dialogo-social-entre-sectores-laborales-y-productivos-del-pais\/#primaryimage\",\"url\":\"https:\/\/www.mpppst.gob.ve\/mpppstweb\/wp-content\/uploads\/2026\/04\/IMG-20260429-WA0133.jpg\",\"contentUrl\":\"https:\/\/www.mpppst.gob.ve\/mpppstweb\/wp-content\/uploads\/2026\/04\/IMG-20260429-WA0133.jpg\",\"width\":2560,\"height\":1706},{\"@type\":\"BreadcrumbList\",\"@id\":\"https:\/\/www.mpppst.gob.ve\/mpppstweb\/index.php\/2026\/04\/29\/clausurado-el-5-foro-de-dialogo-social-entre-sectores-laborales-y-productivos-del-pais\/#breadcrumb\",\"itemListElement\":[{\"@type\":\"ListItem\",\"position\":1,\"name\":\"Home\",\"item\":\"https:\/\/www.mpppst.gob.ve\/mpppstweb\/\"},{\"@type\":\"ListItem\",\"position\":2,\"name\":\"Clausurado el 5\u00b0 Foro de Di\u00e1logo Social entre sectores laborales y productivos del pa\u00eds\"}]},{\"@type\":\"WebSite\",\"@id\":\"https:\/\/www.mpppst.gob.ve\/mpppstweb\/#website\",\"url\":\"https:\/\/www.mpppst.gob.ve\/mpppstweb\/\",\"name\":\"MPPPST\",\"description\":\"Ministerio del Poder Popular para el Proceso Social de Trabajo\",\"publisher\":{\"@id\":\"https:\/\/www.mpppst.gob.ve\/mpppstweb\/#organization\"},\"potentialAction\":[{\"@type\":\"SearchAction\",\"target\":{\"@type\":\"EntryPoint\",\"urlTemplate\":\"https:\/\/www.mpppst.gob.ve\/mpppstweb\/?s={search_term_string}\"},\"query-input\":\"required name=search_term_string\"}],\"inLanguage\":\"es\"},{\"@type\":\"Organization\",\"@id\":\"https:\/\/www.mpppst.gob.ve\/mpppstweb\/#organization\",\"name\":\"mpppst\",\"url\":\"https:\/\/www.mpppst.gob.ve\/mpppstweb\/\",\"logo\":{\"@type\":\"ImageObject\",\"inLanguage\":\"es\",\"@id\":\"https:\/\/www.mpppst.gob.ve\/mpppstweb\/#\/schema\/logo\/image\/\",\"url\":\"https:\/\/www.mpppst.gob.ve\/mpppstweb\/wp-content\/uploads\/2025\/07\/cropped-cropped-g910.png\",\"contentUrl\":\"https:\/\/www.mpppst.gob.ve\/mpppstweb\/wp-content\/uploads\/2025\/07\/cropped-cropped-g910.png\",\"width\":1080,\"height\":241,\"caption\":\"mpppst\"},\"image\":{\"@id\":\"https:\/\/www.mpppst.gob.ve\/mpppstweb\/#\/schema\/logo\/image\/\"}},{\"@type\":\"Person\",\"@id\":\"https:\/\/www.mpppst.gob.ve\/mpppstweb\/#\/schema\/person\/2cd60631a096d4411ffeef4dfd3d46aa\",\"name\":\"Franquis Toledo\",\"url\":\"https:\/\/www.mpppst.gob.ve\/mpppstweb\/index.php\/author\/f-toledo\/\"}]}<\/script>\n<!-- \/ Yoast SEO plugin. -->","yoast_head_json":{"title":"Clausurado el 5\u00b0 Foro de Di\u00e1logo Social entre sectores laborales y productivos del pa\u00eds - MPPPST","robots":{"index":"index","follow":"follow","max-snippet":"max-snippet:-1","max-image-preview":"max-image-preview:large","max-video-preview":"max-video-preview:-1"},"canonical":"https:\/\/www.mpppst.gob.ve\/mpppstweb\/index.php\/2026\/04\/29\/clausurado-el-5-foro-de-dialogo-social-entre-sectores-laborales-y-productivos-del-pais\/","og_locale":"es_ES","og_type":"article","og_title":"Clausurado el 5\u00b0 Foro de Di\u00e1logo Social entre sectores laborales y productivos del pa\u00eds - MPPPST","og_description":"Prensa MPPPST (29\/04\/2026).- Autoridades del Gobierno Nacional, representantes de la Organizaci\u00f3n Internacional del Trabajo (OIT), organizaciones &hellip; Clausurado el 5\u00b0 Foro de Di\u00e1logo Social entre sectores laborales y productivos del pa\u00edsRead more","og_url":"https:\/\/www.mpppst.gob.ve\/mpppstweb\/index.php\/2026\/04\/29\/clausurado-el-5-foro-de-dialogo-social-entre-sectores-laborales-y-productivos-del-pais\/","og_site_name":"MPPPST","article_published_time":"2026-04-30T00:56:29+00:00","article_modified_time":"2026-04-30T00:56:32+00:00","og_image":[{"width":2560,"height":1706,"url":"http:\/\/www.mpppst.gob.ve\/mpppstweb\/wp-content\/uploads\/2026\/04\/IMG-20260429-WA0133.jpg","type":"image\/jpeg"}],"author":"Franquis Toledo","twitter_card":"summary_large_image","twitter_misc":{"Escrito por":"Franquis Toledo","Tiempo de lectura":"4 minutos"},"schema":{"@context":"https:\/\/schema.org","@graph":[{"@type":"Article","@id":"https:\/\/www.mpppst.gob.ve\/mpppstweb\/index.php\/2026\/04\/29\/clausurado-el-5-foro-de-dialogo-social-entre-sectores-laborales-y-productivos-del-pais\/#article","isPartOf":{"@id":"https:\/\/www.mpppst.gob.ve\/mpppstweb\/index.php\/2026\/04\/29\/clausurado-el-5-foro-de-dialogo-social-entre-sectores-laborales-y-productivos-del-pais\/"},"author":{"name":"Franquis Toledo","@id":"https:\/\/www.mpppst.gob.ve\/mpppstweb\/#\/schema\/person\/2cd60631a096d4411ffeef4dfd3d46aa"},"headline":"Clausurado el 5\u00b0 Foro de Di\u00e1logo Social entre sectores laborales y productivos del pa\u00eds","datePublished":"2026-04-30T00:56:29+00:00","dateModified":"2026-04-30T00:56:32+00:00","mainEntityOfPage":{"@id":"https:\/\/www.mpppst.gob.ve\/mpppstweb\/index.php\/2026\/04\/29\/clausurado-el-5-foro-de-dialogo-social-entre-sectores-laborales-y-productivos-del-pais\/"},"wordCount":469,"publisher":{"@id":"https:\/\/www.mpppst.gob.ve\/mpppstweb\/#organization"},"image":{"@id":"https:\/\/www.mpppst.gob.ve\/mpppstweb\/index.php\/2026\/04\/29\/clausurado-el-5-foro-de-dialogo-social-entre-sectores-laborales-y-productivos-del-pais\/#primaryimage"},"thumbnailUrl":"https:\/\/www.mpppst.gob.ve\/mpppstweb\/wp-content\/uploads\/2026\/04\/IMG-20260429-WA0133.jpg","articleSection":["Gobierno Nacional"],"inLanguage":"es"},{"@type":"WebPage","@id":"https:\/\/www.mpppst.gob.ve\/mpppstweb\/index.php\/2026\/04\/29\/clausurado-el-5-foro-de-dialogo-social-entre-sectores-laborales-y-productivos-del-pais\/","url":"https:\/\/www.mpppst.gob.ve\/mpppstweb\/index.php\/2026\/04\/29\/clausurado-el-5-foro-de-dialogo-social-entre-sectores-laborales-y-productivos-del-pais\/","name":"Clausurado el 5\u00b0 Foro de Di\u00e1logo Social entre sectores laborales y productivos del pa\u00eds - MPPPST","isPartOf":{"@id":"https:\/\/www.mpppst.gob.ve\/mpppstweb\/#website"},"primaryImageOfPage":{"@id":"https:\/\/www.mpppst.gob.ve\/mpppstweb\/index.php\/2026\/04\/29\/clausurado-el-5-foro-de-dialogo-social-entre-sectores-laborales-y-productivos-del-pais\/#primaryimage"},"image":{"@id":"https:\/\/www.mpppst.gob.ve\/mpppstweb\/index.php\/2026\/04\/29\/clausurado-el-5-foro-de-dialogo-social-entre-sectores-laborales-y-productivos-del-pais\/#primaryimage"},"thumbnailUrl":"https:\/\/www.mpppst.gob.ve\/mpppstweb\/wp-content\/uploads\/2026\/04\/IMG-20260429-WA0133.jpg","datePublished":"2026-04-30T00:56:29+00:00","dateModified":"2026-04-30T00:56:32+00:00","breadcrumb":{"@id":"https:\/\/www.mpppst.gob.ve\/mpppstweb\/index.php\/2026\/04\/29\/clausurado-el-5-foro-de-dialogo-social-entre-sectores-laborales-y-productivos-del-pais\/#breadcrumb"},"inLanguage":"es","potentialAction":[{"@type":"ReadAction","target":["https:\/\/www.mpppst.gob.ve\/mpppstweb\/index.php\/2026\/04\/29\/clausurado-el-5-foro-de-dialogo-social-entre-sectores-laborales-y-productivos-del-pais\/"]}]},{"@type":"ImageObject","inLanguage":"es","@id":"https:\/\/www.mpppst.gob.ve\/mpppstweb\/index.php\/2026\/04\/29\/clausurado-el-5-foro-de-dialogo-social-entre-sectores-laborales-y-productivos-del-pais\/#primaryimage","url":"https:\/\/www.mpppst.gob.ve\/mpppstweb\/wp-content\/uploads\/2026\/04\/IMG-20260429-WA0133.jpg","contentUrl":"https:\/\/www.mpppst.gob.ve\/mpppstweb\/wp-content\/uploads\/2026\/04\/IMG-20260429-WA0133.jpg","width":2560,"height":1706},{"@type":"BreadcrumbList","@id":"https:\/\/www.mpppst.gob.ve\/mpppstweb\/index.php\/2026\/04\/29\/clausurado-el-5-foro-de-dialogo-social-entre-sectores-laborales-y-productivos-del-pais\/#breadcrumb","itemListElement":[{"@type":"ListItem","position":1,"name":"Home","item":"https:\/\/www.mpppst.gob.ve\/mpppstweb\/"},{"@type":"ListItem","position":2,"name":"Clausurado el 5\u00b0 Foro de Di\u00e1logo Social entre sectores laborales y productivos del pa\u00eds"}]},{"@type":"WebSite","@id":"https:\/\/www.mpppst.gob.ve\/mpppstweb\/#website","url":"https:\/\/www.mpppst.gob.ve\/mpppstweb\/","name":"MPPPST","description":"Ministerio del Poder Popular para el Proceso Social de Trabajo","publisher":{"@id":"https:\/\/www.mpppst.gob.ve\/mpppstweb\/#organization"},"potentialAction":[{"@type":"SearchAction","target":{"@type":"EntryPoint","urlTemplate":"https:\/\/www.mpppst.gob.ve\/mpppstweb\/?s={search_term_string}"},"query-input":"required name=search_term_string"}],"inLanguage":"es"},{"@type":"Organization","@id":"https:\/\/www.mpppst.gob.ve\/mpppstweb\/#organization","name":"mpppst","url":"https:\/\/www.mpppst.gob.ve\/mpppstweb\/","logo":{"@type":"ImageObject","inLanguage":"es","@id":"https:\/\/www.mpppst.gob.ve\/mpppstweb\/#\/schema\/logo\/image\/","url":"https:\/\/www.mpppst.gob.ve\/mpppstweb\/wp-content\/uploads\/2025\/07\/cropped-cropped-g910.png","contentUrl":"https:\/\/www.mpppst.gob.ve\/mpppstweb\/wp-content\/uploads\/2025\/07\/cropped-cropped-g910.png","width":1080,"height":241,"caption":"mpppst"},"image":{"@id":"https:\/\/www.mpppst.gob.ve\/mpppstweb\/#\/schema\/logo\/image\/"}},{"@type":"Person","@id":"https:\/\/www.mpppst.gob.ve\/mpppstweb\/#\/schema\/person\/2cd60631a096d4411ffeef4dfd3d46aa","name":"Franquis Toledo","url":"https:\/\/www.mpppst.gob.ve\/mpppstweb\/index.php\/author\/f-toledo\/"}]}},"_links":{"self":[{"href":"https:\/\/www.mpppst.gob.ve\/mpppstweb\/index.php\/wp-json\/wp\/v2\/posts\/28495"}],"collection":[{"href":"https:\/\/www.mpppst.gob.ve\/mpppstweb\/index.php\/wp-json\/wp\/v2\/posts"}],"about":[{"href":"https:\/\/www.mpppst.gob.ve\/mpppstweb\/index.php\/wp-json\/wp\/v2\/types\/post"}],"author":[{"embeddable":true,"href":"https:\/\/www.mpppst.gob.ve\/mpppstweb\/index.php\/wp-json\/wp\/v2\/users\/145"}],"replies":[{"embeddable":true,"href":"https:\/\/www.mpppst.gob.ve\/mpppstweb\/index.php\/wp-json\/wp\/v2\/comments?post=28495"}],"version-history":[{"count":1,"href":"https:\/\/www.mpppst.gob.ve\/mpppstweb\/index.php\/wp-json\/wp\/v2\/posts\/28495\/revisions"}],"predecessor-version":[{"id":28506,"href":"https:\/\/www.mpppst.gob.ve\/mpppstweb\/index.php\/wp-json\/wp\/v2\/posts\/28495\/revisions\/28506"}],"wp:featuredmedia":[{"embeddable":true,"href":"https:\/\/www.mpppst.gob.ve\/mpppstweb\/index.php\/wp-json\/wp\/v2\/media\/28496"}],"wp:attachment":[{"href":"https:\/\/www.mpppst.gob.ve\/mpppstweb\/index.php\/wp-json\/wp\/v2\/media?parent=28495"}],"wp:term":[{"taxonomy":"category","embeddable":true,"href":"https:\/\/www.mpppst.gob.ve\/mpppstweb\/index.php\/wp-json\/wp\/v2\/categories?post=28495"},{"taxonomy":"post_tag","embeddable":true,"href":"https:\/\/www.mpppst.gob.ve\/mpppstweb\/index.php\/wp-json\/wp\/v2\/tags?post=28495"}],"curies":[{"name":"wp","href":"https:\/\/api.w.org\/{rel}","templated":true}]}}