{"id":28507,"date":"2026-04-30T15:13:17","date_gmt":"2026-04-30T19:13:17","guid":{"rendered":"https:\/\/www.mpppst.gob.ve\/mpppstweb\/?p=28507"},"modified":"2026-04-30T15:13:20","modified_gmt":"2026-04-30T19:13:20","slug":"mesa-nacional-de-dialogo-laboral-acuerda-medidas-para-fortalecer-condiciones-socioeconomicas-de-los-trabajadores","status":"publish","type":"post","link":"https:\/\/www.mpppst.gob.ve\/mpppstweb\/index.php\/2026\/04\/30\/mesa-nacional-de-dialogo-laboral-acuerda-medidas-para-fortalecer-condiciones-socioeconomicas-de-los-trabajadores\/","title":{"rendered":"Mesa Nacional de Di\u00e1logo Laboral acuerda medidas para fortalecer condiciones socioecon\u00f3micas de los trabajadores"},"content":{"rendered":"\n<p><strong>Prensa MPPPST (30\/04\/2026).- <\/strong>Este jueves 30 de abril de 2026, se desarroll\u00f3 la 3\u00b0 Plenaria de la Mesa Nacional de Di\u00e1logo para los Consensos Laborales y Sociales, bajo la directriz de la presidenta (E) de la Rep\u00fablica, Delcy Rodr\u00edguez, con la participaci\u00f3n de representantes sindicales, empleadores y el Ejecutivo Nacional.<\/p>\n\n\n\n<p>El encuentro tuvo lugar en el Sal\u00f3n de Convenciones \u201cSim\u00f3n Bol\u00edvar\u201d de La Carlota, donde las partes suscribieron un acta de acuerdos orientada a avanzar en el bienestar y progreso del pa\u00eds, mediante acciones de aplicaci\u00f3n inmediata que permitan mejorar las condiciones sociolaborales y la calidad de vida de los trabajadores y sus familias.<\/p>\n\n\n\n<figure class=\"wp-block-image size-large is-resized\"><a href=\"https:\/\/www.mpppst.gob.ve\/mpppstweb\/wp-content\/uploads\/2026\/04\/IMG-20260430-WA0069.jpg\"><img decoding=\"async\" loading=\"lazy\" width=\"1024\" height=\"682\" src=\"https:\/\/www.mpppst.gob.ve\/mpppstweb\/wp-content\/uploads\/2026\/04\/IMG-20260430-WA0069-1024x682.jpg\" alt=\"\" class=\"wp-image-28509\" style=\"aspect-ratio:1.5005861664712778;width:445px;height:auto\" srcset=\"https:\/\/www.mpppst.gob.ve\/mpppstweb\/wp-content\/uploads\/2026\/04\/IMG-20260430-WA0069-1024x682.jpg 1024w, https:\/\/www.mpppst.gob.ve\/mpppstweb\/wp-content\/uploads\/2026\/04\/IMG-20260430-WA0069-300x200.jpg 300w, https:\/\/www.mpppst.gob.ve\/mpppstweb\/wp-content\/uploads\/2026\/04\/IMG-20260430-WA0069-768x512.jpg 768w, https:\/\/www.mpppst.gob.ve\/mpppstweb\/wp-content\/uploads\/2026\/04\/IMG-20260430-WA0069-800x533.jpg 800w, https:\/\/www.mpppst.gob.ve\/mpppstweb\/wp-content\/uploads\/2026\/04\/IMG-20260430-WA0069.jpg 1280w\" sizes=\"(max-width: 1024px) 100vw, 1024px\" \/><\/a><\/figure>\n\n\n\n<p>Durante la plenaria, en representaci\u00f3n del Ejecutivo Nacional, el ministro del Poder Popular para el Proceso Social del Trabajo, Dr. Carlos Alexis Castillo Ascanio, expres\u00f3 la disposici\u00f3n del Gobierno Bolivariano de acoger las recomendaciones consensuadas entre los sectores participantes.<\/p>\n\n\n\n<figure class=\"wp-block-image size-large is-resized\"><a href=\"https:\/\/www.mpppst.gob.ve\/mpppstweb\/wp-content\/uploads\/2026\/04\/IMG-20260430-WA0062.jpg\"><img decoding=\"async\" loading=\"lazy\" width=\"1024\" height=\"682\" src=\"https:\/\/www.mpppst.gob.ve\/mpppstweb\/wp-content\/uploads\/2026\/04\/IMG-20260430-WA0062-1024x682.jpg\" alt=\"\" class=\"wp-image-28510\" style=\"aspect-ratio:1.5005861664712778;width:431px;height:auto\" srcset=\"https:\/\/www.mpppst.gob.ve\/mpppstweb\/wp-content\/uploads\/2026\/04\/IMG-20260430-WA0062-1024x682.jpg 1024w, https:\/\/www.mpppst.gob.ve\/mpppstweb\/wp-content\/uploads\/2026\/04\/IMG-20260430-WA0062-300x200.jpg 300w, https:\/\/www.mpppst.gob.ve\/mpppstweb\/wp-content\/uploads\/2026\/04\/IMG-20260430-WA0062-768x512.jpg 768w, https:\/\/www.mpppst.gob.ve\/mpppstweb\/wp-content\/uploads\/2026\/04\/IMG-20260430-WA0062-1536x1024.jpg 1536w, https:\/\/www.mpppst.gob.ve\/mpppstweb\/wp-content\/uploads\/2026\/04\/IMG-20260430-WA0062-2048x1365.jpg 2048w, https:\/\/www.mpppst.gob.ve\/mpppstweb\/wp-content\/uploads\/2026\/04\/IMG-20260430-WA0062-1300x867.jpg 1300w, https:\/\/www.mpppst.gob.ve\/mpppstweb\/wp-content\/uploads\/2026\/04\/IMG-20260430-WA0062-800x533.jpg 800w\" sizes=\"(max-width: 1024px) 100vw, 1024px\" \/><\/a><\/figure>\n\n\n\n<p>A su vez, las centrales obreras propusieron, en el contexto del D\u00eda Internacional del Trabajador, un ajuste urgente de los beneficios socioecon\u00f3micos tanto para el sector p\u00fablico como privado, as\u00ed como la solicitud formal del levantamiento de las sanciones. <\/p>\n\n\n\n<figure class=\"wp-block-image size-large is-resized\"><a href=\"https:\/\/www.mpppst.gob.ve\/mpppstweb\/wp-content\/uploads\/2026\/04\/IMG-20260430-WA0063.jpg\"><img decoding=\"async\" loading=\"lazy\" width=\"1024\" height=\"682\" src=\"https:\/\/www.mpppst.gob.ve\/mpppstweb\/wp-content\/uploads\/2026\/04\/IMG-20260430-WA0063-1024x682.jpg\" alt=\"\" class=\"wp-image-28511\" style=\"aspect-ratio:1.5005861664712778;width:431px;height:auto\" srcset=\"https:\/\/www.mpppst.gob.ve\/mpppstweb\/wp-content\/uploads\/2026\/04\/IMG-20260430-WA0063-1024x682.jpg 1024w, https:\/\/www.mpppst.gob.ve\/mpppstweb\/wp-content\/uploads\/2026\/04\/IMG-20260430-WA0063-300x200.jpg 300w, https:\/\/www.mpppst.gob.ve\/mpppstweb\/wp-content\/uploads\/2026\/04\/IMG-20260430-WA0063-768x512.jpg 768w, https:\/\/www.mpppst.gob.ve\/mpppstweb\/wp-content\/uploads\/2026\/04\/IMG-20260430-WA0063-800x533.jpg 800w, https:\/\/www.mpppst.gob.ve\/mpppstweb\/wp-content\/uploads\/2026\/04\/IMG-20260430-WA0063.jpg 1280w\" sizes=\"(max-width: 1024px) 100vw, 1024px\" \/><\/a><\/figure>\n\n\n\n<p>Por su parte, la representaci\u00f3n de los empleadores manifest\u00f3 su aspiraci\u00f3n de que las relaciones econ\u00f3micas y pol\u00edticas retornen a la normalidad en un entorno libre de sanciones, que favorezca el desarrollo de las fuerzas productivas.<\/p>\n\n\n\n<figure class=\"wp-block-image size-large is-resized\"><a href=\"https:\/\/www.mpppst.gob.ve\/mpppstweb\/wp-content\/uploads\/2026\/04\/IMG-20260430-WA0071.jpg\"><img decoding=\"async\" loading=\"lazy\" width=\"1024\" height=\"682\" src=\"https:\/\/www.mpppst.gob.ve\/mpppstweb\/wp-content\/uploads\/2026\/04\/IMG-20260430-WA0071-1024x682.jpg\" alt=\"\" class=\"wp-image-28512\" style=\"aspect-ratio:1.5005861664712778;width:438px;height:auto\" srcset=\"https:\/\/www.mpppst.gob.ve\/mpppstweb\/wp-content\/uploads\/2026\/04\/IMG-20260430-WA0071-1024x682.jpg 1024w, https:\/\/www.mpppst.gob.ve\/mpppstweb\/wp-content\/uploads\/2026\/04\/IMG-20260430-WA0071-300x200.jpg 300w, https:\/\/www.mpppst.gob.ve\/mpppstweb\/wp-content\/uploads\/2026\/04\/IMG-20260430-WA0071-768x512.jpg 768w, https:\/\/www.mpppst.gob.ve\/mpppstweb\/wp-content\/uploads\/2026\/04\/IMG-20260430-WA0071-1536x1024.jpg 1536w, https:\/\/www.mpppst.gob.ve\/mpppstweb\/wp-content\/uploads\/2026\/04\/IMG-20260430-WA0071-2048x1365.jpg 2048w, https:\/\/www.mpppst.gob.ve\/mpppstweb\/wp-content\/uploads\/2026\/04\/IMG-20260430-WA0071-1300x867.jpg 1300w, https:\/\/www.mpppst.gob.ve\/mpppstweb\/wp-content\/uploads\/2026\/04\/IMG-20260430-WA0071-800x533.jpg 800w\" sizes=\"(max-width: 1024px) 100vw, 1024px\" \/><\/a><\/figure>\n\n\n\n<p>Asimismo, se acord\u00f3 exhortar al sector privado a extender el ingreso m\u00ednimo mensual anunciado por el Ejecutivo Nacional a sus trabajadores, permitiendo su pago mediante bonificaciones de car\u00e1cter no salarial, adem\u00e1s de reiterar la obligaci\u00f3n de entregar recibos de pago detallados que incluyan todas las remuneraciones y beneficios.<\/p>\n\n\n\n<p>Las partes coincidieron en avanzar en un proceso de reconciliaci\u00f3n nacional mediante la solicitud del levantamiento de las sanciones contra el Estado venezolano, estableciendo adem\u00e1s que cualquier diferencia en la ejecuci\u00f3n de los acuerdos ser\u00e1 resuelta por consenso con mediaci\u00f3n del MPPPST.<\/p>\n\n\n\n<figure class=\"wp-block-image size-large is-resized\"><a href=\"https:\/\/www.mpppst.gob.ve\/mpppstweb\/wp-content\/uploads\/2026\/04\/IMG-20260430-WA0060.jpg\"><img decoding=\"async\" loading=\"lazy\" width=\"1024\" height=\"682\" src=\"https:\/\/www.mpppst.gob.ve\/mpppstweb\/wp-content\/uploads\/2026\/04\/IMG-20260430-WA0060-1024x682.jpg\" alt=\"\" class=\"wp-image-28513\" style=\"aspect-ratio:1.5005861664712778;width:439px;height:auto\" srcset=\"https:\/\/www.mpppst.gob.ve\/mpppstweb\/wp-content\/uploads\/2026\/04\/IMG-20260430-WA0060-1024x682.jpg 1024w, https:\/\/www.mpppst.gob.ve\/mpppstweb\/wp-content\/uploads\/2026\/04\/IMG-20260430-WA0060-300x200.jpg 300w, https:\/\/www.mpppst.gob.ve\/mpppstweb\/wp-content\/uploads\/2026\/04\/IMG-20260430-WA0060-768x512.jpg 768w, https:\/\/www.mpppst.gob.ve\/mpppstweb\/wp-content\/uploads\/2026\/04\/IMG-20260430-WA0060-1536x1024.jpg 1536w, https:\/\/www.mpppst.gob.ve\/mpppstweb\/wp-content\/uploads\/2026\/04\/IMG-20260430-WA0060-2048x1365.jpg 2048w, https:\/\/www.mpppst.gob.ve\/mpppstweb\/wp-content\/uploads\/2026\/04\/IMG-20260430-WA0060-1300x867.jpg 1300w, https:\/\/www.mpppst.gob.ve\/mpppstweb\/wp-content\/uploads\/2026\/04\/IMG-20260430-WA0060-800x533.jpg 800w\" sizes=\"(max-width: 1024px) 100vw, 1024px\" \/><\/a><\/figure>\n\n\n\n<p>De igual forma, se anunci\u00f3 que la pr\u00f3xima semana se retomar\u00e1n las mesas de trabajo para continuar avanzando en los acuerdos alcanzados.<\/p>\n\n\n\n<p>Finalmente, el documento final ser\u00e1 elevado a la presidenta (E) de la Rep\u00fablica para su aprobaci\u00f3n y formalizaci\u00f3n. <\/p>\n\n\n\n<p><strong>T: Prensa MPPPST\/Franquis Toledo<\/strong><\/p>\n","protected":false},"excerpt":{"rendered":"<p>Prensa MPPPST (30\/04\/2026).- Este jueves 30 de abril de 2026, se desarroll\u00f3 la 3\u00b0 Plenaria de &hellip; <a title=\"Mesa Nacional de Di\u00e1logo Laboral acuerda medidas para fortalecer condiciones socioecon\u00f3micas de los trabajadores\" class=\"hm-read-more\" href=\"https:\/\/www.mpppst.gob.ve\/mpppstweb\/index.php\/2026\/04\/30\/mesa-nacional-de-dialogo-laboral-acuerda-medidas-para-fortalecer-condiciones-socioeconomicas-de-los-trabajadores\/\"><span class=\"screen-reader-text\">Mesa Nacional de Di\u00e1logo Laboral acuerda medidas para fortalecer condiciones socioecon\u00f3micas de los trabajadores<\/span>Read more<\/a><\/p>\n","protected":false},"author":145,"featured_media":28508,"comment_status":"closed","ping_status":"closed","sticky":false,"template":"","format":"standard","meta":{"footnotes":""},"categories":[82],"tags":[],"yoast_head":"<!-- This site is optimized with the Yoast SEO plugin v22.5 - https:\/\/yoast.com\/wordpress\/plugins\/seo\/ -->\n<title>Mesa Nacional de Di\u00e1logo Laboral acuerda medidas para fortalecer condiciones socioecon\u00f3micas de los trabajadores - MPPPST<\/title>\n<meta name=\"robots\" content=\"index, follow, max-snippet:-1, max-image-preview:large, max-video-preview:-1\" \/>\n<link rel=\"canonical\" href=\"https:\/\/www.mpppst.gob.ve\/mpppstweb\/index.php\/2026\/04\/30\/mesa-nacional-de-dialogo-laboral-acuerda-medidas-para-fortalecer-condiciones-socioeconomicas-de-los-trabajadores\/\" \/>\n<meta property=\"og:locale\" content=\"es_ES\" \/>\n<meta property=\"og:type\" content=\"article\" \/>\n<meta property=\"og:title\" content=\"Mesa Nacional de Di\u00e1logo Laboral acuerda medidas para fortalecer condiciones socioecon\u00f3micas de los trabajadores - MPPPST\" \/>\n<meta property=\"og:description\" content=\"Prensa MPPPST (30\/04\/2026).- Este jueves 30 de abril de 2026, se desarroll\u00f3 la 3\u00b0 Plenaria de &hellip; Mesa Nacional de Di\u00e1logo Laboral acuerda medidas para fortalecer condiciones socioecon\u00f3micas de los trabajadoresRead more\" \/>\n<meta property=\"og:url\" content=\"https:\/\/www.mpppst.gob.ve\/mpppstweb\/index.php\/2026\/04\/30\/mesa-nacional-de-dialogo-laboral-acuerda-medidas-para-fortalecer-condiciones-socioeconomicas-de-los-trabajadores\/\" \/>\n<meta property=\"og:site_name\" content=\"MPPPST\" \/>\n<meta property=\"article:published_time\" content=\"2026-04-30T19:13:17+00:00\" \/>\n<meta property=\"article:modified_time\" content=\"2026-04-30T19:13:20+00:00\" \/>\n<meta property=\"og:image\" content=\"http:\/\/www.mpppst.gob.ve\/mpppstweb\/wp-content\/uploads\/2026\/04\/IMG-20260430-WA0064.jpg\" \/>\n\t<meta property=\"og:image:width\" content=\"1280\" \/>\n\t<meta property=\"og:image:height\" content=\"853\" \/>\n\t<meta property=\"og:image:type\" content=\"image\/jpeg\" \/>\n<meta name=\"author\" content=\"Franquis Toledo\" \/>\n<meta name=\"twitter:card\" content=\"summary_large_image\" \/>\n<meta name=\"twitter:label1\" content=\"Escrito por\" \/>\n\t<meta name=\"twitter:data1\" content=\"Franquis Toledo\" \/>\n\t<meta name=\"twitter:label2\" content=\"Tiempo de lectura\" \/>\n\t<meta name=\"twitter:data2\" content=\"3 minutos\" \/>\n<script type=\"application\/ld+json\" class=\"yoast-schema-graph\">{\"@context\":\"https:\/\/schema.org\",\"@graph\":[{\"@type\":\"Article\",\"@id\":\"https:\/\/www.mpppst.gob.ve\/mpppstweb\/index.php\/2026\/04\/30\/mesa-nacional-de-dialogo-laboral-acuerda-medidas-para-fortalecer-condiciones-socioeconomicas-de-los-trabajadores\/#article\",\"isPartOf\":{\"@id\":\"https:\/\/www.mpppst.gob.ve\/mpppstweb\/index.php\/2026\/04\/30\/mesa-nacional-de-dialogo-laboral-acuerda-medidas-para-fortalecer-condiciones-socioeconomicas-de-los-trabajadores\/\"},\"author\":{\"name\":\"Franquis Toledo\",\"@id\":\"https:\/\/www.mpppst.gob.ve\/mpppstweb\/#\/schema\/person\/2cd60631a096d4411ffeef4dfd3d46aa\"},\"headline\":\"Mesa Nacional de Di\u00e1logo Laboral acuerda medidas para fortalecer condiciones socioecon\u00f3micas de los trabajadores\",\"datePublished\":\"2026-04-30T19:13:17+00:00\",\"dateModified\":\"2026-04-30T19:13:20+00:00\",\"mainEntityOfPage\":{\"@id\":\"https:\/\/www.mpppst.gob.ve\/mpppstweb\/index.php\/2026\/04\/30\/mesa-nacional-de-dialogo-laboral-acuerda-medidas-para-fortalecer-condiciones-socioeconomicas-de-los-trabajadores\/\"},\"wordCount\":397,\"publisher\":{\"@id\":\"https:\/\/www.mpppst.gob.ve\/mpppstweb\/#organization\"},\"image\":{\"@id\":\"https:\/\/www.mpppst.gob.ve\/mpppstweb\/index.php\/2026\/04\/30\/mesa-nacional-de-dialogo-laboral-acuerda-medidas-para-fortalecer-condiciones-socioeconomicas-de-los-trabajadores\/#primaryimage\"},\"thumbnailUrl\":\"https:\/\/www.mpppst.gob.ve\/mpppstweb\/wp-content\/uploads\/2026\/04\/IMG-20260430-WA0064.jpg\",\"articleSection\":[\"Gobierno Nacional\"],\"inLanguage\":\"es\"},{\"@type\":\"WebPage\",\"@id\":\"https:\/\/www.mpppst.gob.ve\/mpppstweb\/index.php\/2026\/04\/30\/mesa-nacional-de-dialogo-laboral-acuerda-medidas-para-fortalecer-condiciones-socioeconomicas-de-los-trabajadores\/\",\"url\":\"https:\/\/www.mpppst.gob.ve\/mpppstweb\/index.php\/2026\/04\/30\/mesa-nacional-de-dialogo-laboral-acuerda-medidas-para-fortalecer-condiciones-socioeconomicas-de-los-trabajadores\/\",\"name\":\"Mesa Nacional de Di\u00e1logo Laboral acuerda medidas para fortalecer condiciones socioecon\u00f3micas de los trabajadores - MPPPST\",\"isPartOf\":{\"@id\":\"https:\/\/www.mpppst.gob.ve\/mpppstweb\/#website\"},\"primaryImageOfPage\":{\"@id\":\"https:\/\/www.mpppst.gob.ve\/mpppstweb\/index.php\/2026\/04\/30\/mesa-nacional-de-dialogo-laboral-acuerda-medidas-para-fortalecer-condiciones-socioeconomicas-de-los-trabajadores\/#primaryimage\"},\"image\":{\"@id\":\"https:\/\/www.mpppst.gob.ve\/mpppstweb\/index.php\/2026\/04\/30\/mesa-nacional-de-dialogo-laboral-acuerda-medidas-para-fortalecer-condiciones-socioeconomicas-de-los-trabajadores\/#primaryimage\"},\"thumbnailUrl\":\"https:\/\/www.mpppst.gob.ve\/mpppstweb\/wp-content\/uploads\/2026\/04\/IMG-20260430-WA0064.jpg\",\"datePublished\":\"2026-04-30T19:13:17+00:00\",\"dateModified\":\"2026-04-30T19:13:20+00:00\",\"breadcrumb\":{\"@id\":\"https:\/\/www.mpppst.gob.ve\/mpppstweb\/index.php\/2026\/04\/30\/mesa-nacional-de-dialogo-laboral-acuerda-medidas-para-fortalecer-condiciones-socioeconomicas-de-los-trabajadores\/#breadcrumb\"},\"inLanguage\":\"es\",\"potentialAction\":[{\"@type\":\"ReadAction\",\"target\":[\"https:\/\/www.mpppst.gob.ve\/mpppstweb\/index.php\/2026\/04\/30\/mesa-nacional-de-dialogo-laboral-acuerda-medidas-para-fortalecer-condiciones-socioeconomicas-de-los-trabajadores\/\"]}]},{\"@type\":\"ImageObject\",\"inLanguage\":\"es\",\"@id\":\"https:\/\/www.mpppst.gob.ve\/mpppstweb\/index.php\/2026\/04\/30\/mesa-nacional-de-dialogo-laboral-acuerda-medidas-para-fortalecer-condiciones-socioeconomicas-de-los-trabajadores\/#primaryimage\",\"url\":\"https:\/\/www.mpppst.gob.ve\/mpppstweb\/wp-content\/uploads\/2026\/04\/IMG-20260430-WA0064.jpg\",\"contentUrl\":\"https:\/\/www.mpppst.gob.ve\/mpppstweb\/wp-content\/uploads\/2026\/04\/IMG-20260430-WA0064.jpg\",\"width\":1280,\"height\":853},{\"@type\":\"BreadcrumbList\",\"@id\":\"https:\/\/www.mpppst.gob.ve\/mpppstweb\/index.php\/2026\/04\/30\/mesa-nacional-de-dialogo-laboral-acuerda-medidas-para-fortalecer-condiciones-socioeconomicas-de-los-trabajadores\/#breadcrumb\",\"itemListElement\":[{\"@type\":\"ListItem\",\"position\":1,\"name\":\"Home\",\"item\":\"https:\/\/www.mpppst.gob.ve\/mpppstweb\/\"},{\"@type\":\"ListItem\",\"position\":2,\"name\":\"Mesa Nacional de Di\u00e1logo Laboral acuerda medidas para fortalecer condiciones socioecon\u00f3micas de los trabajadores\"}]},{\"@type\":\"WebSite\",\"@id\":\"https:\/\/www.mpppst.gob.ve\/mpppstweb\/#website\",\"url\":\"https:\/\/www.mpppst.gob.ve\/mpppstweb\/\",\"name\":\"MPPPST\",\"description\":\"Ministerio del Poder Popular para el Proceso Social de Trabajo\",\"publisher\":{\"@id\":\"https:\/\/www.mpppst.gob.ve\/mpppstweb\/#organization\"},\"potentialAction\":[{\"@type\":\"SearchAction\",\"target\":{\"@type\":\"EntryPoint\",\"urlTemplate\":\"https:\/\/www.mpppst.gob.ve\/mpppstweb\/?s={search_term_string}\"},\"query-input\":\"required name=search_term_string\"}],\"inLanguage\":\"es\"},{\"@type\":\"Organization\",\"@id\":\"https:\/\/www.mpppst.gob.ve\/mpppstweb\/#organization\",\"name\":\"mpppst\",\"url\":\"https:\/\/www.mpppst.gob.ve\/mpppstweb\/\",\"logo\":{\"@type\":\"ImageObject\",\"inLanguage\":\"es\",\"@id\":\"https:\/\/www.mpppst.gob.ve\/mpppstweb\/#\/schema\/logo\/image\/\",\"url\":\"https:\/\/www.mpppst.gob.ve\/mpppstweb\/wp-content\/uploads\/2025\/07\/cropped-cropped-g910.png\",\"contentUrl\":\"https:\/\/www.mpppst.gob.ve\/mpppstweb\/wp-content\/uploads\/2025\/07\/cropped-cropped-g910.png\",\"width\":1080,\"height\":241,\"caption\":\"mpppst\"},\"image\":{\"@id\":\"https:\/\/www.mpppst.gob.ve\/mpppstweb\/#\/schema\/logo\/image\/\"}},{\"@type\":\"Person\",\"@id\":\"https:\/\/www.mpppst.gob.ve\/mpppstweb\/#\/schema\/person\/2cd60631a096d4411ffeef4dfd3d46aa\",\"name\":\"Franquis Toledo\",\"url\":\"https:\/\/www.mpppst.gob.ve\/mpppstweb\/index.php\/author\/f-toledo\/\"}]}<\/script>\n<!-- \/ Yoast SEO plugin. -->","yoast_head_json":{"title":"Mesa Nacional de Di\u00e1logo Laboral acuerda medidas para fortalecer condiciones socioecon\u00f3micas de los trabajadores - MPPPST","robots":{"index":"index","follow":"follow","max-snippet":"max-snippet:-1","max-image-preview":"max-image-preview:large","max-video-preview":"max-video-preview:-1"},"canonical":"https:\/\/www.mpppst.gob.ve\/mpppstweb\/index.php\/2026\/04\/30\/mesa-nacional-de-dialogo-laboral-acuerda-medidas-para-fortalecer-condiciones-socioeconomicas-de-los-trabajadores\/","og_locale":"es_ES","og_type":"article","og_title":"Mesa Nacional de Di\u00e1logo Laboral acuerda medidas para fortalecer condiciones socioecon\u00f3micas de los trabajadores - MPPPST","og_description":"Prensa MPPPST (30\/04\/2026).- Este jueves 30 de abril de 2026, se desarroll\u00f3 la 3\u00b0 Plenaria de &hellip; Mesa Nacional de Di\u00e1logo Laboral acuerda medidas para fortalecer condiciones socioecon\u00f3micas de los trabajadoresRead more","og_url":"https:\/\/www.mpppst.gob.ve\/mpppstweb\/index.php\/2026\/04\/30\/mesa-nacional-de-dialogo-laboral-acuerda-medidas-para-fortalecer-condiciones-socioeconomicas-de-los-trabajadores\/","og_site_name":"MPPPST","article_published_time":"2026-04-30T19:13:17+00:00","article_modified_time":"2026-04-30T19:13:20+00:00","og_image":[{"width":1280,"height":853,"url":"http:\/\/www.mpppst.gob.ve\/mpppstweb\/wp-content\/uploads\/2026\/04\/IMG-20260430-WA0064.jpg","type":"image\/jpeg"}],"author":"Franquis Toledo","twitter_card":"summary_large_image","twitter_misc":{"Escrito por":"Franquis Toledo","Tiempo de lectura":"3 minutos"},"schema":{"@context":"https:\/\/schema.org","@graph":[{"@type":"Article","@id":"https:\/\/www.mpppst.gob.ve\/mpppstweb\/index.php\/2026\/04\/30\/mesa-nacional-de-dialogo-laboral-acuerda-medidas-para-fortalecer-condiciones-socioeconomicas-de-los-trabajadores\/#article","isPartOf":{"@id":"https:\/\/www.mpppst.gob.ve\/mpppstweb\/index.php\/2026\/04\/30\/mesa-nacional-de-dialogo-laboral-acuerda-medidas-para-fortalecer-condiciones-socioeconomicas-de-los-trabajadores\/"},"author":{"name":"Franquis Toledo","@id":"https:\/\/www.mpppst.gob.ve\/mpppstweb\/#\/schema\/person\/2cd60631a096d4411ffeef4dfd3d46aa"},"headline":"Mesa Nacional de Di\u00e1logo Laboral acuerda medidas para fortalecer condiciones socioecon\u00f3micas de los trabajadores","datePublished":"2026-04-30T19:13:17+00:00","dateModified":"2026-04-30T19:13:20+00:00","mainEntityOfPage":{"@id":"https:\/\/www.mpppst.gob.ve\/mpppstweb\/index.php\/2026\/04\/30\/mesa-nacional-de-dialogo-laboral-acuerda-medidas-para-fortalecer-condiciones-socioeconomicas-de-los-trabajadores\/"},"wordCount":397,"publisher":{"@id":"https:\/\/www.mpppst.gob.ve\/mpppstweb\/#organization"},"image":{"@id":"https:\/\/www.mpppst.gob.ve\/mpppstweb\/index.php\/2026\/04\/30\/mesa-nacional-de-dialogo-laboral-acuerda-medidas-para-fortalecer-condiciones-socioeconomicas-de-los-trabajadores\/#primaryimage"},"thumbnailUrl":"https:\/\/www.mpppst.gob.ve\/mpppstweb\/wp-content\/uploads\/2026\/04\/IMG-20260430-WA0064.jpg","articleSection":["Gobierno Nacional"],"inLanguage":"es"},{"@type":"WebPage","@id":"https:\/\/www.mpppst.gob.ve\/mpppstweb\/index.php\/2026\/04\/30\/mesa-nacional-de-dialogo-laboral-acuerda-medidas-para-fortalecer-condiciones-socioeconomicas-de-los-trabajadores\/","url":"https:\/\/www.mpppst.gob.ve\/mpppstweb\/index.php\/2026\/04\/30\/mesa-nacional-de-dialogo-laboral-acuerda-medidas-para-fortalecer-condiciones-socioeconomicas-de-los-trabajadores\/","name":"Mesa Nacional de Di\u00e1logo Laboral acuerda medidas para fortalecer condiciones socioecon\u00f3micas de los trabajadores - MPPPST","isPartOf":{"@id":"https:\/\/www.mpppst.gob.ve\/mpppstweb\/#website"},"primaryImageOfPage":{"@id":"https:\/\/www.mpppst.gob.ve\/mpppstweb\/index.php\/2026\/04\/30\/mesa-nacional-de-dialogo-laboral-acuerda-medidas-para-fortalecer-condiciones-socioeconomicas-de-los-trabajadores\/#primaryimage"},"image":{"@id":"https:\/\/www.mpppst.gob.ve\/mpppstweb\/index.php\/2026\/04\/30\/mesa-nacional-de-dialogo-laboral-acuerda-medidas-para-fortalecer-condiciones-socioeconomicas-de-los-trabajadores\/#primaryimage"},"thumbnailUrl":"https:\/\/www.mpppst.gob.ve\/mpppstweb\/wp-content\/uploads\/2026\/04\/IMG-20260430-WA0064.jpg","datePublished":"2026-04-30T19:13:17+00:00","dateModified":"2026-04-30T19:13:20+00:00","breadcrumb":{"@id":"https:\/\/www.mpppst.gob.ve\/mpppstweb\/index.php\/2026\/04\/30\/mesa-nacional-de-dialogo-laboral-acuerda-medidas-para-fortalecer-condiciones-socioeconomicas-de-los-trabajadores\/#breadcrumb"},"inLanguage":"es","potentialAction":[{"@type":"ReadAction","target":["https:\/\/www.mpppst.gob.ve\/mpppstweb\/index.php\/2026\/04\/30\/mesa-nacional-de-dialogo-laboral-acuerda-medidas-para-fortalecer-condiciones-socioeconomicas-de-los-trabajadores\/"]}]},{"@type":"ImageObject","inLanguage":"es","@id":"https:\/\/www.mpppst.gob.ve\/mpppstweb\/index.php\/2026\/04\/30\/mesa-nacional-de-dialogo-laboral-acuerda-medidas-para-fortalecer-condiciones-socioeconomicas-de-los-trabajadores\/#primaryimage","url":"https:\/\/www.mpppst.gob.ve\/mpppstweb\/wp-content\/uploads\/2026\/04\/IMG-20260430-WA0064.jpg","contentUrl":"https:\/\/www.mpppst.gob.ve\/mpppstweb\/wp-content\/uploads\/2026\/04\/IMG-20260430-WA0064.jpg","width":1280,"height":853},{"@type":"BreadcrumbList","@id":"https:\/\/www.mpppst.gob.ve\/mpppstweb\/index.php\/2026\/04\/30\/mesa-nacional-de-dialogo-laboral-acuerda-medidas-para-fortalecer-condiciones-socioeconomicas-de-los-trabajadores\/#breadcrumb","itemListElement":[{"@type":"ListItem","position":1,"name":"Home","item":"https:\/\/www.mpppst.gob.ve\/mpppstweb\/"},{"@type":"ListItem","position":2,"name":"Mesa Nacional de Di\u00e1logo Laboral acuerda medidas para fortalecer condiciones socioecon\u00f3micas de los trabajadores"}]},{"@type":"WebSite","@id":"https:\/\/www.mpppst.gob.ve\/mpppstweb\/#website","url":"https:\/\/www.mpppst.gob.ve\/mpppstweb\/","name":"MPPPST","description":"Ministerio del Poder Popular para el Proceso Social de Trabajo","publisher":{"@id":"https:\/\/www.mpppst.gob.ve\/mpppstweb\/#organization"},"potentialAction":[{"@type":"SearchAction","target":{"@type":"EntryPoint","urlTemplate":"https:\/\/www.mpppst.gob.ve\/mpppstweb\/?s={search_term_string}"},"query-input":"required name=search_term_string"}],"inLanguage":"es"},{"@type":"Organization","@id":"https:\/\/www.mpppst.gob.ve\/mpppstweb\/#organization","name":"mpppst","url":"https:\/\/www.mpppst.gob.ve\/mpppstweb\/","logo":{"@type":"ImageObject","inLanguage":"es","@id":"https:\/\/www.mpppst.gob.ve\/mpppstweb\/#\/schema\/logo\/image\/","url":"https:\/\/www.mpppst.gob.ve\/mpppstweb\/wp-content\/uploads\/2025\/07\/cropped-cropped-g910.png","contentUrl":"https:\/\/www.mpppst.gob.ve\/mpppstweb\/wp-content\/uploads\/2025\/07\/cropped-cropped-g910.png","width":1080,"height":241,"caption":"mpppst"},"image":{"@id":"https:\/\/www.mpppst.gob.ve\/mpppstweb\/#\/schema\/logo\/image\/"}},{"@type":"Person","@id":"https:\/\/www.mpppst.gob.ve\/mpppstweb\/#\/schema\/person\/2cd60631a096d4411ffeef4dfd3d46aa","name":"Franquis Toledo","url":"https:\/\/www.mpppst.gob.ve\/mpppstweb\/index.php\/author\/f-toledo\/"}]}},"_links":{"self":[{"href":"https:\/\/www.mpppst.gob.ve\/mpppstweb\/index.php\/wp-json\/wp\/v2\/posts\/28507"}],"collection":[{"href":"https:\/\/www.mpppst.gob.ve\/mpppstweb\/index.php\/wp-json\/wp\/v2\/posts"}],"about":[{"href":"https:\/\/www.mpppst.gob.ve\/mpppstweb\/index.php\/wp-json\/wp\/v2\/types\/post"}],"author":[{"embeddable":true,"href":"https:\/\/www.mpppst.gob.ve\/mpppstweb\/index.php\/wp-json\/wp\/v2\/users\/145"}],"replies":[{"embeddable":true,"href":"https:\/\/www.mpppst.gob.ve\/mpppstweb\/index.php\/wp-json\/wp\/v2\/comments?post=28507"}],"version-history":[{"count":1,"href":"https:\/\/www.mpppst.gob.ve\/mpppstweb\/index.php\/wp-json\/wp\/v2\/posts\/28507\/revisions"}],"predecessor-version":[{"id":28514,"href":"https:\/\/www.mpppst.gob.ve\/mpppstweb\/index.php\/wp-json\/wp\/v2\/posts\/28507\/revisions\/28514"}],"wp:featuredmedia":[{"embeddable":true,"href":"https:\/\/www.mpppst.gob.ve\/mpppstweb\/index.php\/wp-json\/wp\/v2\/media\/28508"}],"wp:attachment":[{"href":"https:\/\/www.mpppst.gob.ve\/mpppstweb\/index.php\/wp-json\/wp\/v2\/media?parent=28507"}],"wp:term":[{"taxonomy":"category","embeddable":true,"href":"https:\/\/www.mpppst.gob.ve\/mpppstweb\/index.php\/wp-json\/wp\/v2\/categories?post=28507"},{"taxonomy":"post_tag","embeddable":true,"href":"https:\/\/www.mpppst.gob.ve\/mpppstweb\/index.php\/wp-json\/wp\/v2\/tags?post=28507"}],"curies":[{"name":"wp","href":"https:\/\/api.w.org\/{rel}","templated":true}]}}