{"id":29333,"date":"2026-09-04T13:36:29","date_gmt":"2026-09-04T17:36:29","guid":{"rendered":"https:\/\/www.mpppst.gob.ve\/mpppstweb\/?p=29333"},"modified":"2026-09-04T13:36:31","modified_gmt":"2026-09-04T17:36:31","slug":"coordinacion-de-la-zona-llanos-centrales-despliega-jornadas-de-fiscalizacion-y-proteccion-obrera-en-cojedes","status":"publish","type":"post","link":"https:\/\/www.mpppst.gob.ve\/mpppstweb\/index.php\/2026\/09\/04\/coordinacion-de-la-zona-llanos-centrales-despliega-jornadas-de-fiscalizacion-y-proteccion-obrera-en-cojedes\/","title":{"rendered":"Coordinaci\u00f3n de la Zona Llanos Centrales despliega jornadas de fiscalizaci\u00f3n y protecci\u00f3n obrera en Cojedes"},"content":{"rendered":"\n<p class=\"wp-block-paragraph\">04\/09\/2026 &#8211; La Inspector\u00eda del Trabajo de la Zona Llanos Centrales, en el estado Cojedes, consolid\u00f3 su balance de gesti\u00f3n correspondiente a la semana del 31 de agosto al 04 de septiembre de 2026. Las actividades estuvieron enfocadas en la protecci\u00f3n de derechos, formaci\u00f3n colectiva e instalaci\u00f3n de mesas t\u00e9cnico-laborales.<\/p>\n\n\n\n<p class=\"wp-block-paragraph\">De este modo, unidades t\u00e9cnicas desplegaron operativos de orientaci\u00f3n en previsi\u00f3n social legal. Se distribuy\u00f3 material educativo y se promovi\u00f3 la afiliaci\u00f3n al Seguro Social en los sectores farmac\u00e9utico, bancario, ferretero y comercial, priorizando el diagn\u00f3stico y la higiene laboral.<\/p>\n\n\n\n<p class=\"wp-block-paragraph\">Asimismo, se dictaron talleres formativos sobre la acreditaci\u00f3n de saberes y un conversatorio especial orientado a comerciantes locales respecto a las nociones b\u00e1sicas para el registro de marcas.<\/p>\n\n\n\n<figure class=\"wp-block-gallery has-nested-images columns-default is-cropped wp-block-gallery-1 is-layout-flex wp-block-gallery-is-layout-flex\">\n<figure class=\"wp-block-image size-large\"><a href=\"https:\/\/www.mpppst.gob.ve\/mpppstweb\/wp-content\/uploads\/2026\/09\/WhatsApp-Image-2026-09-04-at-6.56.43-PM.jpeg\"><img loading=\"lazy\" decoding=\"async\" width=\"1024\" height=\"768\" data-id=\"29335\" src=\"https:\/\/www.mpppst.gob.ve\/mpppstweb\/wp-content\/uploads\/2026\/09\/WhatsApp-Image-2026-09-04-at-6.56.43-PM-1024x768.jpeg\" alt=\"\" class=\"wp-image-29335\" srcset=\"https:\/\/www.mpppst.gob.ve\/mpppstweb\/wp-content\/uploads\/2026\/09\/WhatsApp-Image-2026-09-04-at-6.56.43-PM-1024x768.jpeg 1024w, https:\/\/www.mpppst.gob.ve\/mpppstweb\/wp-content\/uploads\/2026\/09\/WhatsApp-Image-2026-09-04-at-6.56.43-PM-768x576.jpeg 768w, https:\/\/www.mpppst.gob.ve\/mpppstweb\/wp-content\/uploads\/2026\/09\/WhatsApp-Image-2026-09-04-at-6.56.43-PM-300x225.jpeg 300w, https:\/\/www.mpppst.gob.ve\/mpppstweb\/wp-content\/uploads\/2026\/09\/WhatsApp-Image-2026-09-04-at-6.56.43-PM.jpeg 1040w\" sizes=\"auto, (max-width: 1024px) 100vw, 1024px\" \/><\/a><\/figure>\n<\/figure>\n\n\n\n<p class=\"wp-block-paragraph\">Por otro lado, se paut\u00f3 la instalaci\u00f3n de tres mesas t\u00e9cnicas claves con sindicatos y representantes de los sectores metal\u00fargico, manufacturero y petrolero:<\/p>\n\n\n\n<p class=\"wp-block-paragraph\">Mesa 1: Dirigida a evaluar problem\u00e1ticas estructurales por paralizaci\u00f3n productiva derivada de severas limitaciones en el suministro el\u00e9ctrico, situaci\u00f3n que afecta la estabilidad de los trabajadores. La parte empleadora no compareci\u00f3.<\/p>\n\n\n\n<p class=\"wp-block-paragraph\">Mesa 2: Tras celebrarse una tercera convocatoria sin la asistencia de la representaci\u00f3n patronal, se decret\u00f3 el cierre formal del procedimiento t\u00e9cnico de evaluaci\u00f3n operativa en una entidad de producci\u00f3n de conductores el\u00e9ctricos.<\/p>\n\n\n\n<p class=\"wp-block-paragraph\">Mesa 3: Instalaci\u00f3n formal del espacio de mediaci\u00f3n donde el personal solicit\u00f3 el pago pendiente de prestaciones sociales hist\u00f3ricas y pasivos acumulados. La entidad de trabajo, actualmente sujeta a medidas especiales de protecci\u00f3n laboral bajo el art\u00edculo 149 de la LOTTT, no asisti\u00f3 a la convocatoria.<\/p>\n\n\n\n<p class=\"wp-block-paragraph\">P: MPPPST\/ Lic. Jesimar Rosendo.<\/p>\n\n\n\n<p class=\"wp-block-paragraph\"><\/p>\n","protected":false},"excerpt":{"rendered":"<p>04\/09\/2026 &#8211; La Inspector\u00eda del Trabajo de la Zona Llanos Centrales, en el estado Cojedes, consolid\u00f3 &hellip; <a title=\"Coordinaci\u00f3n de la Zona Llanos Centrales despliega jornadas de fiscalizaci\u00f3n y protecci\u00f3n obrera en Cojedes\" class=\"hm-read-more\" href=\"https:\/\/www.mpppst.gob.ve\/mpppstweb\/index.php\/2026\/09\/04\/coordinacion-de-la-zona-llanos-centrales-despliega-jornadas-de-fiscalizacion-y-proteccion-obrera-en-cojedes\/\"><span class=\"screen-reader-text\">Coordinaci\u00f3n de la Zona Llanos Centrales despliega jornadas de fiscalizaci\u00f3n y protecci\u00f3n obrera en Cojedes<\/span>Leer m\u00e1s<\/a><\/p>\n","protected":false},"author":141,"featured_media":29334,"comment_status":"closed","ping_status":"closed","sticky":false,"template":"","format":"standard","meta":{"footnotes":""},"categories":[630],"tags":[],"class_list":["post-29333","post","type-post","status-publish","format-standard","has-post-thumbnail","hentry","category-regionales-del-mpppst"],"yoast_head":"<!-- This site is optimized with the Yoast SEO plugin v28.4 - https:\/\/yoast.com\/product\/yoast-seo-wordpress\/ -->\n<title>Coordinaci\u00f3n de la Zona Llanos Centrales despliega jornadas de fiscalizaci\u00f3n y protecci\u00f3n obrera en Cojedes - MPPPST<\/title>\n<meta name=\"robots\" content=\"index, follow, max-snippet:-1, max-image-preview:large, max-video-preview:-1\" \/>\n<link rel=\"canonical\" href=\"https:\/\/www.mpppst.gob.ve\/mpppstweb\/index.php\/2026\/09\/04\/coordinacion-de-la-zona-llanos-centrales-despliega-jornadas-de-fiscalizacion-y-proteccion-obrera-en-cojedes\/\" \/>\n<meta property=\"og:locale\" content=\"es_ES\" \/>\n<meta property=\"og:type\" content=\"article\" \/>\n<meta property=\"og:title\" content=\"Coordinaci\u00f3n de la Zona Llanos Centrales despliega jornadas de fiscalizaci\u00f3n y protecci\u00f3n obrera en Cojedes - MPPPST\" \/>\n<meta property=\"og:description\" content=\"04\/09\/2026 &#8211; La Inspector\u00eda del Trabajo de la Zona Llanos Centrales, en el estado Cojedes, consolid\u00f3 &hellip; Coordinaci\u00f3n de la Zona Llanos Centrales despliega jornadas de fiscalizaci\u00f3n y protecci\u00f3n obrera en CojedesLeer m\u00e1s\" \/>\n<meta property=\"og:url\" content=\"https:\/\/www.mpppst.gob.ve\/mpppstweb\/index.php\/2026\/09\/04\/coordinacion-de-la-zona-llanos-centrales-despliega-jornadas-de-fiscalizacion-y-proteccion-obrera-en-cojedes\/\" \/>\n<meta property=\"og:site_name\" content=\"MPPPST\" \/>\n<meta property=\"article:publisher\" content=\"https:\/\/www.facebook.com\/mintrabajo_ve\" \/>\n<meta property=\"article:published_time\" content=\"2026-09-04T17:36:29+00:00\" \/>\n<meta property=\"article:modified_time\" content=\"2026-09-04T17:36:31+00:00\" \/>\n<meta property=\"og:image\" content=\"https:\/\/www.mpppst.gob.ve\/mpppstweb\/wp-content\/uploads\/2026\/09\/WhatsApp-Image-2026-09-04-at-6.55.09-PM-e1788542610988.jpeg\" \/>\n\t<meta property=\"og:image:width\" content=\"920\" \/>\n\t<meta property=\"og:image:height\" content=\"391\" \/>\n\t<meta property=\"og:image:type\" content=\"image\/jpeg\" \/>\n<meta name=\"author\" content=\"Jesimar Rosendo\" \/>\n<meta name=\"twitter:card\" content=\"summary_large_image\" \/>\n<script type=\"application\/ld+json\" class=\"yoast-schema-graph\">{\"@context\":\"https:\\\/\\\/schema.org\",\"@graph\":[{\"@type\":\"Article\",\"@id\":\"https:\\\/\\\/www.mpppst.gob.ve\\\/mpppstweb\\\/index.php\\\/2026\\\/09\\\/04\\\/coordinacion-de-la-zona-llanos-centrales-despliega-jornadas-de-fiscalizacion-y-proteccion-obrera-en-cojedes\\\/#article\",\"isPartOf\":{\"@id\":\"https:\\\/\\\/www.mpppst.gob.ve\\\/mpppstweb\\\/index.php\\\/2026\\\/09\\\/04\\\/coordinacion-de-la-zona-llanos-centrales-despliega-jornadas-de-fiscalizacion-y-proteccion-obrera-en-cojedes\\\/\"},\"author\":{\"name\":\"Jesimar Rosendo\",\"@id\":\"https:\\\/\\\/www.mpppst.gob.ve\\\/mpppstweb\\\/#\\\/schema\\\/person\\\/1e6400233d92b8ff5ffde8edd3bf14b2\"},\"headline\":\"Coordinaci\u00f3n de la Zona Llanos Centrales despliega jornadas de fiscalizaci\u00f3n y protecci\u00f3n obrera en Cojedes\",\"datePublished\":\"2026-09-04T17:36:29+00:00\",\"dateModified\":\"2026-09-04T17:36:31+00:00\",\"mainEntityOfPage\":{\"@id\":\"https:\\\/\\\/www.mpppst.gob.ve\\\/mpppstweb\\\/index.php\\\/2026\\\/09\\\/04\\\/coordinacion-de-la-zona-llanos-centrales-despliega-jornadas-de-fiscalizacion-y-proteccion-obrera-en-cojedes\\\/\"},\"wordCount\":297,\"publisher\":{\"@id\":\"https:\\\/\\\/www.mpppst.gob.ve\\\/mpppstweb\\\/#organization\"},\"image\":{\"@id\":\"https:\\\/\\\/www.mpppst.gob.ve\\\/mpppstweb\\\/index.php\\\/2026\\\/09\\\/04\\\/coordinacion-de-la-zona-llanos-centrales-despliega-jornadas-de-fiscalizacion-y-proteccion-obrera-en-cojedes\\\/#primaryimage\"},\"thumbnailUrl\":\"https:\\\/\\\/www.mpppst.gob.ve\\\/mpppstweb\\\/wp-content\\\/uploads\\\/2026\\\/09\\\/WhatsApp-Image-2026-09-04-at-6.55.09-PM-e1788542610988.jpeg\",\"articleSection\":[\"Regionales\"],\"inLanguage\":\"es\"},{\"@type\":\"WebPage\",\"@id\":\"https:\\\/\\\/www.mpppst.gob.ve\\\/mpppstweb\\\/index.php\\\/2026\\\/09\\\/04\\\/coordinacion-de-la-zona-llanos-centrales-despliega-jornadas-de-fiscalizacion-y-proteccion-obrera-en-cojedes\\\/\",\"url\":\"https:\\\/\\\/www.mpppst.gob.ve\\\/mpppstweb\\\/index.php\\\/2026\\\/09\\\/04\\\/coordinacion-de-la-zona-llanos-centrales-despliega-jornadas-de-fiscalizacion-y-proteccion-obrera-en-cojedes\\\/\",\"name\":\"Coordinaci\u00f3n de la Zona Llanos Centrales despliega jornadas de fiscalizaci\u00f3n y protecci\u00f3n obrera en Cojedes - MPPPST\",\"isPartOf\":{\"@id\":\"https:\\\/\\\/www.mpppst.gob.ve\\\/mpppstweb\\\/#website\"},\"primaryImageOfPage\":{\"@id\":\"https:\\\/\\\/www.mpppst.gob.ve\\\/mpppstweb\\\/index.php\\\/2026\\\/09\\\/04\\\/coordinacion-de-la-zona-llanos-centrales-despliega-jornadas-de-fiscalizacion-y-proteccion-obrera-en-cojedes\\\/#primaryimage\"},\"image\":{\"@id\":\"https:\\\/\\\/www.mpppst.gob.ve\\\/mpppstweb\\\/index.php\\\/2026\\\/09\\\/04\\\/coordinacion-de-la-zona-llanos-centrales-despliega-jornadas-de-fiscalizacion-y-proteccion-obrera-en-cojedes\\\/#primaryimage\"},\"thumbnailUrl\":\"https:\\\/\\\/www.mpppst.gob.ve\\\/mpppstweb\\\/wp-content\\\/uploads\\\/2026\\\/09\\\/WhatsApp-Image-2026-09-04-at-6.55.09-PM-e1788542610988.jpeg\",\"datePublished\":\"2026-09-04T17:36:29+00:00\",\"dateModified\":\"2026-09-04T17:36:31+00:00\",\"breadcrumb\":{\"@id\":\"https:\\\/\\\/www.mpppst.gob.ve\\\/mpppstweb\\\/index.php\\\/2026\\\/09\\\/04\\\/coordinacion-de-la-zona-llanos-centrales-despliega-jornadas-de-fiscalizacion-y-proteccion-obrera-en-cojedes\\\/#breadcrumb\"},\"inLanguage\":\"es\",\"potentialAction\":[{\"@type\":\"ReadAction\",\"target\":[\"https:\\\/\\\/www.mpppst.gob.ve\\\/mpppstweb\\\/index.php\\\/2026\\\/09\\\/04\\\/coordinacion-de-la-zona-llanos-centrales-despliega-jornadas-de-fiscalizacion-y-proteccion-obrera-en-cojedes\\\/\"]}]},{\"@type\":\"ImageObject\",\"inLanguage\":\"es\",\"@id\":\"https:\\\/\\\/www.mpppst.gob.ve\\\/mpppstweb\\\/index.php\\\/2026\\\/09\\\/04\\\/coordinacion-de-la-zona-llanos-centrales-despliega-jornadas-de-fiscalizacion-y-proteccion-obrera-en-cojedes\\\/#primaryimage\",\"url\":\"https:\\\/\\\/www.mpppst.gob.ve\\\/mpppstweb\\\/wp-content\\\/uploads\\\/2026\\\/09\\\/WhatsApp-Image-2026-09-04-at-6.55.09-PM-e1788542610988.jpeg\",\"contentUrl\":\"https:\\\/\\\/www.mpppst.gob.ve\\\/mpppstweb\\\/wp-content\\\/uploads\\\/2026\\\/09\\\/WhatsApp-Image-2026-09-04-at-6.55.09-PM-e1788542610988.jpeg\",\"width\":920,\"height\":391},{\"@type\":\"BreadcrumbList\",\"@id\":\"https:\\\/\\\/www.mpppst.gob.ve\\\/mpppstweb\\\/index.php\\\/2026\\\/09\\\/04\\\/coordinacion-de-la-zona-llanos-centrales-despliega-jornadas-de-fiscalizacion-y-proteccion-obrera-en-cojedes\\\/#breadcrumb\",\"itemListElement\":[{\"@type\":\"ListItem\",\"position\":1,\"name\":\"Home\",\"item\":\"https:\\\/\\\/www.mpppst.gob.ve\\\/mpppstweb\\\/\"},{\"@type\":\"ListItem\",\"position\":2,\"name\":\"Coordinaci\u00f3n de la Zona Llanos Centrales despliega jornadas de fiscalizaci\u00f3n y protecci\u00f3n obrera en Cojedes\"}]},{\"@type\":\"WebSite\",\"@id\":\"https:\\\/\\\/www.mpppst.gob.ve\\\/mpppstweb\\\/#website\",\"url\":\"https:\\\/\\\/www.mpppst.gob.ve\\\/mpppstweb\\\/\",\"name\":\"MPPPST\",\"description\":\"Sitio web oficial del Ministerio del Poder Popular para el Proceso Social de Trabajo\",\"publisher\":{\"@id\":\"https:\\\/\\\/www.mpppst.gob.ve\\\/mpppstweb\\\/#organization\"},\"alternateName\":\"Ministerio del Poder Popular para el Proceso Social de Trabajo\",\"potentialAction\":[{\"@type\":\"SearchAction\",\"target\":{\"@type\":\"EntryPoint\",\"urlTemplate\":\"https:\\\/\\\/www.mpppst.gob.ve\\\/mpppstweb\\\/?s={search_term_string}\"},\"query-input\":{\"@type\":\"PropertyValueSpecification\",\"valueRequired\":true,\"valueName\":\"search_term_string\"}}],\"inLanguage\":\"es\"},{\"@type\":\"Organization\",\"@id\":\"https:\\\/\\\/www.mpppst.gob.ve\\\/mpppstweb\\\/#organization\",\"name\":\"Ministerio del Poder Popular para el Proceso Social de Trabajo\",\"alternateName\":\"MPPPST\",\"url\":\"https:\\\/\\\/www.mpppst.gob.ve\\\/mpppstweb\\\/\",\"logo\":{\"@type\":\"ImageObject\",\"inLanguage\":\"es\",\"@id\":\"https:\\\/\\\/www.mpppst.gob.ve\\\/mpppstweb\\\/#\\\/schema\\\/logo\\\/image\\\/\",\"url\":\"https:\\\/\\\/www.mpppst.gob.ve\\\/mpppstweb\\\/wp-content\\\/uploads\\\/2025\\\/07\\\/cropped-cropped-g910.png\",\"contentUrl\":\"https:\\\/\\\/www.mpppst.gob.ve\\\/mpppstweb\\\/wp-content\\\/uploads\\\/2025\\\/07\\\/cropped-cropped-g910.png\",\"width\":1080,\"height\":241,\"caption\":\"Ministerio del Poder Popular para el Proceso Social de Trabajo\"},\"image\":{\"@id\":\"https:\\\/\\\/www.mpppst.gob.ve\\\/mpppstweb\\\/#\\\/schema\\\/logo\\\/image\\\/\"},\"sameAs\":[\"https:\\\/\\\/www.facebook.com\\\/mintrabajo_ve\",\"https:\\\/\\\/www.instagram.com\\\/mintrabajo_ve\\\/\",\"https:\\\/\\\/www.tiktok.com\\\/@mintrabajo_ve\",\"https:\\\/\\\/t.me\\\/mpppst\"]},{\"@type\":\"Person\",\"@id\":\"https:\\\/\\\/www.mpppst.gob.ve\\\/mpppstweb\\\/#\\\/schema\\\/person\\\/1e6400233d92b8ff5ffde8edd3bf14b2\",\"name\":\"Jesimar Rosendo\",\"url\":\"https:\\\/\\\/www.mpppst.gob.ve\\\/mpppstweb\\\/index.php\\\/author\\\/j-rosendo\\\/\"}]}<\/script>\n<!-- \/ Yoast SEO plugin. -->","yoast_head_json":{"title":"Coordinaci\u00f3n de la Zona Llanos Centrales despliega jornadas de fiscalizaci\u00f3n y protecci\u00f3n obrera en Cojedes - MPPPST","robots":{"index":"index","follow":"follow","max-snippet":"max-snippet:-1","max-image-preview":"max-image-preview:large","max-video-preview":"max-video-preview:-1"},"canonical":"https:\/\/www.mpppst.gob.ve\/mpppstweb\/index.php\/2026\/09\/04\/coordinacion-de-la-zona-llanos-centrales-despliega-jornadas-de-fiscalizacion-y-proteccion-obrera-en-cojedes\/","og_locale":"es_ES","og_type":"article","og_title":"Coordinaci\u00f3n de la Zona Llanos Centrales despliega jornadas de fiscalizaci\u00f3n y protecci\u00f3n obrera en Cojedes - MPPPST","og_description":"04\/09\/2026 &#8211; La Inspector\u00eda del Trabajo de la Zona Llanos Centrales, en el estado Cojedes, consolid\u00f3 &hellip; Coordinaci\u00f3n de la Zona Llanos Centrales despliega jornadas de fiscalizaci\u00f3n y protecci\u00f3n obrera en CojedesLeer m\u00e1s","og_url":"https:\/\/www.mpppst.gob.ve\/mpppstweb\/index.php\/2026\/09\/04\/coordinacion-de-la-zona-llanos-centrales-despliega-jornadas-de-fiscalizacion-y-proteccion-obrera-en-cojedes\/","og_site_name":"MPPPST","article_publisher":"https:\/\/www.facebook.com\/mintrabajo_ve","article_published_time":"2026-09-04T17:36:29+00:00","article_modified_time":"2026-09-04T17:36:31+00:00","og_image":[{"width":920,"height":391,"url":"https:\/\/www.mpppst.gob.ve\/mpppstweb\/wp-content\/uploads\/2026\/09\/WhatsApp-Image-2026-09-04-at-6.55.09-PM-e1788542610988.jpeg","type":"image\/jpeg"}],"author":"Jesimar Rosendo","twitter_card":"summary_large_image","schema":{"@context":"https:\/\/schema.org","@graph":[{"@type":"Article","@id":"https:\/\/www.mpppst.gob.ve\/mpppstweb\/index.php\/2026\/09\/04\/coordinacion-de-la-zona-llanos-centrales-despliega-jornadas-de-fiscalizacion-y-proteccion-obrera-en-cojedes\/#article","isPartOf":{"@id":"https:\/\/www.mpppst.gob.ve\/mpppstweb\/index.php\/2026\/09\/04\/coordinacion-de-la-zona-llanos-centrales-despliega-jornadas-de-fiscalizacion-y-proteccion-obrera-en-cojedes\/"},"author":{"name":"Jesimar Rosendo","@id":"https:\/\/www.mpppst.gob.ve\/mpppstweb\/#\/schema\/person\/1e6400233d92b8ff5ffde8edd3bf14b2"},"headline":"Coordinaci\u00f3n de la Zona Llanos Centrales despliega jornadas de fiscalizaci\u00f3n y protecci\u00f3n obrera en Cojedes","datePublished":"2026-09-04T17:36:29+00:00","dateModified":"2026-09-04T17:36:31+00:00","mainEntityOfPage":{"@id":"https:\/\/www.mpppst.gob.ve\/mpppstweb\/index.php\/2026\/09\/04\/coordinacion-de-la-zona-llanos-centrales-despliega-jornadas-de-fiscalizacion-y-proteccion-obrera-en-cojedes\/"},"wordCount":297,"publisher":{"@id":"https:\/\/www.mpppst.gob.ve\/mpppstweb\/#organization"},"image":{"@id":"https:\/\/www.mpppst.gob.ve\/mpppstweb\/index.php\/2026\/09\/04\/coordinacion-de-la-zona-llanos-centrales-despliega-jornadas-de-fiscalizacion-y-proteccion-obrera-en-cojedes\/#primaryimage"},"thumbnailUrl":"https:\/\/www.mpppst.gob.ve\/mpppstweb\/wp-content\/uploads\/2026\/09\/WhatsApp-Image-2026-09-04-at-6.55.09-PM-e1788542610988.jpeg","articleSection":["Regionales"],"inLanguage":"es"},{"@type":"WebPage","@id":"https:\/\/www.mpppst.gob.ve\/mpppstweb\/index.php\/2026\/09\/04\/coordinacion-de-la-zona-llanos-centrales-despliega-jornadas-de-fiscalizacion-y-proteccion-obrera-en-cojedes\/","url":"https:\/\/www.mpppst.gob.ve\/mpppstweb\/index.php\/2026\/09\/04\/coordinacion-de-la-zona-llanos-centrales-despliega-jornadas-de-fiscalizacion-y-proteccion-obrera-en-cojedes\/","name":"Coordinaci\u00f3n de la Zona Llanos Centrales despliega jornadas de fiscalizaci\u00f3n y protecci\u00f3n obrera en Cojedes - MPPPST","isPartOf":{"@id":"https:\/\/www.mpppst.gob.ve\/mpppstweb\/#website"},"primaryImageOfPage":{"@id":"https:\/\/www.mpppst.gob.ve\/mpppstweb\/index.php\/2026\/09\/04\/coordinacion-de-la-zona-llanos-centrales-despliega-jornadas-de-fiscalizacion-y-proteccion-obrera-en-cojedes\/#primaryimage"},"image":{"@id":"https:\/\/www.mpppst.gob.ve\/mpppstweb\/index.php\/2026\/09\/04\/coordinacion-de-la-zona-llanos-centrales-despliega-jornadas-de-fiscalizacion-y-proteccion-obrera-en-cojedes\/#primaryimage"},"thumbnailUrl":"https:\/\/www.mpppst.gob.ve\/mpppstweb\/wp-content\/uploads\/2026\/09\/WhatsApp-Image-2026-09-04-at-6.55.09-PM-e1788542610988.jpeg","datePublished":"2026-09-04T17:36:29+00:00","dateModified":"2026-09-04T17:36:31+00:00","breadcrumb":{"@id":"https:\/\/www.mpppst.gob.ve\/mpppstweb\/index.php\/2026\/09\/04\/coordinacion-de-la-zona-llanos-centrales-despliega-jornadas-de-fiscalizacion-y-proteccion-obrera-en-cojedes\/#breadcrumb"},"inLanguage":"es","potentialAction":[{"@type":"ReadAction","target":["https:\/\/www.mpppst.gob.ve\/mpppstweb\/index.php\/2026\/09\/04\/coordinacion-de-la-zona-llanos-centrales-despliega-jornadas-de-fiscalizacion-y-proteccion-obrera-en-cojedes\/"]}]},{"@type":"ImageObject","inLanguage":"es","@id":"https:\/\/www.mpppst.gob.ve\/mpppstweb\/index.php\/2026\/09\/04\/coordinacion-de-la-zona-llanos-centrales-despliega-jornadas-de-fiscalizacion-y-proteccion-obrera-en-cojedes\/#primaryimage","url":"https:\/\/www.mpppst.gob.ve\/mpppstweb\/wp-content\/uploads\/2026\/09\/WhatsApp-Image-2026-09-04-at-6.55.09-PM-e1788542610988.jpeg","contentUrl":"https:\/\/www.mpppst.gob.ve\/mpppstweb\/wp-content\/uploads\/2026\/09\/WhatsApp-Image-2026-09-04-at-6.55.09-PM-e1788542610988.jpeg","width":920,"height":391},{"@type":"BreadcrumbList","@id":"https:\/\/www.mpppst.gob.ve\/mpppstweb\/index.php\/2026\/09\/04\/coordinacion-de-la-zona-llanos-centrales-despliega-jornadas-de-fiscalizacion-y-proteccion-obrera-en-cojedes\/#breadcrumb","itemListElement":[{"@type":"ListItem","position":1,"name":"Home","item":"https:\/\/www.mpppst.gob.ve\/mpppstweb\/"},{"@type":"ListItem","position":2,"name":"Coordinaci\u00f3n de la Zona Llanos Centrales despliega jornadas de fiscalizaci\u00f3n y protecci\u00f3n obrera en Cojedes"}]},{"@type":"WebSite","@id":"https:\/\/www.mpppst.gob.ve\/mpppstweb\/#website","url":"https:\/\/www.mpppst.gob.ve\/mpppstweb\/","name":"MPPPST","description":"Sitio web oficial del Ministerio del Poder Popular para el Proceso Social de Trabajo","publisher":{"@id":"https:\/\/www.mpppst.gob.ve\/mpppstweb\/#organization"},"alternateName":"Ministerio del Poder Popular para el Proceso Social de Trabajo","potentialAction":[{"@type":"SearchAction","target":{"@type":"EntryPoint","urlTemplate":"https:\/\/www.mpppst.gob.ve\/mpppstweb\/?s={search_term_string}"},"query-input":{"@type":"PropertyValueSpecification","valueRequired":true,"valueName":"search_term_string"}}],"inLanguage":"es"},{"@type":"Organization","@id":"https:\/\/www.mpppst.gob.ve\/mpppstweb\/#organization","name":"Ministerio del Poder Popular para el Proceso Social de Trabajo","alternateName":"MPPPST","url":"https:\/\/www.mpppst.gob.ve\/mpppstweb\/","logo":{"@type":"ImageObject","inLanguage":"es","@id":"https:\/\/www.mpppst.gob.ve\/mpppstweb\/#\/schema\/logo\/image\/","url":"https:\/\/www.mpppst.gob.ve\/mpppstweb\/wp-content\/uploads\/2025\/07\/cropped-cropped-g910.png","contentUrl":"https:\/\/www.mpppst.gob.ve\/mpppstweb\/wp-content\/uploads\/2025\/07\/cropped-cropped-g910.png","width":1080,"height":241,"caption":"Ministerio del Poder Popular para el Proceso Social de Trabajo"},"image":{"@id":"https:\/\/www.mpppst.gob.ve\/mpppstweb\/#\/schema\/logo\/image\/"},"sameAs":["https:\/\/www.facebook.com\/mintrabajo_ve","https:\/\/www.instagram.com\/mintrabajo_ve\/","https:\/\/www.tiktok.com\/@mintrabajo_ve","https:\/\/t.me\/mpppst"]},{"@type":"Person","@id":"https:\/\/www.mpppst.gob.ve\/mpppstweb\/#\/schema\/person\/1e6400233d92b8ff5ffde8edd3bf14b2","name":"Jesimar Rosendo","url":"https:\/\/www.mpppst.gob.ve\/mpppstweb\/index.php\/author\/j-rosendo\/"}]}},"_links":{"self":[{"href":"https:\/\/www.mpppst.gob.ve\/mpppstweb\/index.php\/wp-json\/wp\/v2\/posts\/29333","targetHints":{"allow":["GET"]}}],"collection":[{"href":"https:\/\/www.mpppst.gob.ve\/mpppstweb\/index.php\/wp-json\/wp\/v2\/posts"}],"about":[{"href":"https:\/\/www.mpppst.gob.ve\/mpppstweb\/index.php\/wp-json\/wp\/v2\/types\/post"}],"author":[{"embeddable":true,"href":"https:\/\/www.mpppst.gob.ve\/mpppstweb\/index.php\/wp-json\/wp\/v2\/users\/141"}],"replies":[{"embeddable":true,"href":"https:\/\/www.mpppst.gob.ve\/mpppstweb\/index.php\/wp-json\/wp\/v2\/comments?post=29333"}],"version-history":[{"count":3,"href":"https:\/\/www.mpppst.gob.ve\/mpppstweb\/index.php\/wp-json\/wp\/v2\/posts\/29333\/revisions"}],"predecessor-version":[{"id":29339,"href":"https:\/\/www.mpppst.gob.ve\/mpppstweb\/index.php\/wp-json\/wp\/v2\/posts\/29333\/revisions\/29339"}],"wp:featuredmedia":[{"embeddable":true,"href":"https:\/\/www.mpppst.gob.ve\/mpppstweb\/index.php\/wp-json\/wp\/v2\/media\/29334"}],"wp:attachment":[{"href":"https:\/\/www.mpppst.gob.ve\/mpppstweb\/index.php\/wp-json\/wp\/v2\/media?parent=29333"}],"wp:term":[{"taxonomy":"category","embeddable":true,"href":"https:\/\/www.mpppst.gob.ve\/mpppstweb\/index.php\/wp-json\/wp\/v2\/categories?post=29333"},{"taxonomy":"post_tag","embeddable":true,"href":"https:\/\/www.mpppst.gob.ve\/mpppstweb\/index.php\/wp-json\/wp\/v2\/tags?post=29333"}],"curies":[{"name":"wp","href":"https:\/\/api.w.org\/{rel}","templated":true}]}}