{"id":29340,"date":"2026-09-05T12:05:50","date_gmt":"2026-09-05T16:05:50","guid":{"rendered":"https:\/\/www.mpppst.gob.ve\/mpppstweb\/?p=29340"},"modified":"2026-09-05T12:05:51","modified_gmt":"2026-09-05T16:05:51","slug":"inspectoria-del-trabajo-despliega-agenda-de-justicia-social-y-formacion-en-la-zona-andina-y-sur-del-lago","status":"publish","type":"post","link":"https:\/\/www.mpppst.gob.ve\/mpppstweb\/index.php\/2026\/09\/05\/inspectoria-del-trabajo-despliega-agenda-de-justicia-social-y-formacion-en-la-zona-andina-y-sur-del-lago\/","title":{"rendered":"Inspector\u00eda del Trabajo despliega agenda de justicia social y formaci\u00f3n en la Zona Andina y Sur del Lago"},"content":{"rendered":"\n<p class=\"wp-block-paragraph\">05\/09\/2026 &#8211; La Inspector\u00eda de Trabajo de la Zona Andina y Sur del Lago coordin\u00f3 mesas t\u00e9cnicas, inspecciones de previsi\u00f3n social y talleres legales durante la \u00faltima semana. Los procedimientos abarcaron desde la discusi\u00f3n de contratos colectivos hasta la ejecuci\u00f3n de reenganches en sectores p\u00fablicos y privados.<\/p>\n\n\n\n<p class=\"wp-block-paragraph\">En el marco del fortalecimiento de los derechos de la clase obrera, se complet\u00f3 un intenso cronograma de actividades correspondiente a la semana del 26 de agosto al 02 de septiembre de 2026. Las jornadas combinaron la resoluci\u00f3n de conflictos colectivos, la ejecuci\u00f3n de providencias de reenganche, inspecciones de previsi\u00f3n y capacitaci\u00f3n legal e institucional en las entidades andinas.<\/p>\n\n\n\n<figure class=\"wp-block-image size-full\"><a href=\"https:\/\/www.mpppst.gob.ve\/mpppstweb\/wp-content\/uploads\/2026\/09\/photo_4963406474214313112_y.jpg\"><img loading=\"lazy\" decoding=\"async\" width=\"692\" height=\"677\" src=\"https:\/\/www.mpppst.gob.ve\/mpppstweb\/wp-content\/uploads\/2026\/09\/photo_4963406474214313112_y-edited-1.jpg\" alt=\"\" class=\"wp-image-29354\" srcset=\"https:\/\/www.mpppst.gob.ve\/mpppstweb\/wp-content\/uploads\/2026\/09\/photo_4963406474214313112_y-edited-1.jpg 692w, https:\/\/www.mpppst.gob.ve\/mpppstweb\/wp-content\/uploads\/2026\/09\/photo_4963406474214313112_y-edited-1-300x293.jpg 300w\" sizes=\"auto, (max-width: 692px) 100vw, 692px\" \/><\/a><\/figure>\n\n\n\n<p class=\"wp-block-paragraph\">En T\u00e1chira, la sala del Registro Nacional de Organizaciones Sindicales (R.N.O.S.), bajo la jefatura de la Abg. Morella P\u00e9rez Parra, proces\u00f3 la atenci\u00f3n de usuarios y la actualizaci\u00f3n de tr\u00e1mites del a\u00f1o. <\/p>\n\n\n\n<p class=\"wp-block-paragraph\">La gesti\u00f3n incluy\u00f3 la revisi\u00f3n t\u00e9cnica de solicitudes de registro, modificaciones estatutarias, rendiciones de cuentas de fondos sindicales y n\u00f3minas de afiliados. Asimismo, se culmin\u00f3 el informe estad\u00edstico de agosto para el Ministerio del Trabajo.<\/p>\n\n\n\n<figure class=\"wp-block-image size-full\"><a href=\"https:\/\/www.mpppst.gob.ve\/mpppstweb\/wp-content\/uploads\/2026\/09\/WhatsApp-Image-2026-09-04-at-6.36.07-PM-2.jpeg\"><img loading=\"lazy\" decoding=\"async\" width=\"722\" height=\"684\" src=\"https:\/\/www.mpppst.gob.ve\/mpppstweb\/wp-content\/uploads\/2026\/09\/WhatsApp-Image-2026-09-04-at-6.36.07-PM-2-edited-1.jpeg\" alt=\"\" class=\"wp-image-29355\" srcset=\"https:\/\/www.mpppst.gob.ve\/mpppstweb\/wp-content\/uploads\/2026\/09\/WhatsApp-Image-2026-09-04-at-6.36.07-PM-2-edited-1.jpeg 722w, https:\/\/www.mpppst.gob.ve\/mpppstweb\/wp-content\/uploads\/2026\/09\/WhatsApp-Image-2026-09-04-at-6.36.07-PM-2-edited-1-300x284.jpeg 300w\" sizes=\"auto, (max-width: 722px) 100vw, 722px\" \/><\/a><\/figure>\n\n\n\n<p class=\"wp-block-paragraph\">Por su parte, en M\u00e9rida se ejecutaron exitosamente reenganches laborales y abordajes de previsi\u00f3n social, Adem\u00e1s, se dict\u00f3 un taller sobre normativa laboral a cuerpos de seguridad, asimismo se realizaron mesas de conciliaci\u00f3n para proyectos de contratos colectivos y atenci\u00f3n a desacatos patronales. <\/p>\n\n\n\n<p class=\"wp-block-paragraph\">Se concret\u00f3 un acuerdo especial de protecci\u00f3n al empleo mediante permisos no remunerados por 90 d\u00edas. Tambi\u00e9n, se formalizaron inspecciones de previsi\u00f3n en el sector bancario, carga masiva en los sistemas nacionales de supervisi\u00f3n y alianzas formativas con planes educativos y de aprendices.<\/p>\n\n\n\n<p class=\"wp-block-paragraph\">T: Prensa MPPPST\/ Lic. Jesimar Rosendo<\/p>\n","protected":false},"excerpt":{"rendered":"<p>05\/09\/2026 &#8211; La Inspector\u00eda de Trabajo de la Zona Andina y Sur del Lago coordin\u00f3 mesas &hellip; <a title=\"Inspector\u00eda del Trabajo despliega agenda de justicia social y formaci\u00f3n en la Zona Andina y Sur del Lago\" class=\"hm-read-more\" href=\"https:\/\/www.mpppst.gob.ve\/mpppstweb\/index.php\/2026\/09\/05\/inspectoria-del-trabajo-despliega-agenda-de-justicia-social-y-formacion-en-la-zona-andina-y-sur-del-lago\/\"><span class=\"screen-reader-text\">Inspector\u00eda del Trabajo despliega agenda de justicia social y formaci\u00f3n en la Zona Andina y Sur del Lago<\/span>Leer m\u00e1s<\/a><\/p>\n","protected":false},"author":141,"featured_media":29343,"comment_status":"closed","ping_status":"closed","sticky":false,"template":"","format":"standard","meta":{"footnotes":""},"categories":[630],"tags":[],"class_list":["post-29340","post","type-post","status-publish","format-standard","has-post-thumbnail","hentry","category-regionales-del-mpppst"],"yoast_head":"<!-- This site is optimized with the Yoast SEO plugin v28.4 - https:\/\/yoast.com\/product\/yoast-seo-wordpress\/ -->\n<title>Inspector\u00eda del Trabajo despliega agenda de justicia social y formaci\u00f3n en la Zona Andina y Sur del Lago - MPPPST<\/title>\n<meta name=\"robots\" content=\"index, follow, max-snippet:-1, max-image-preview:large, max-video-preview:-1\" \/>\n<link rel=\"canonical\" href=\"https:\/\/www.mpppst.gob.ve\/mpppstweb\/index.php\/2026\/09\/05\/inspectoria-del-trabajo-despliega-agenda-de-justicia-social-y-formacion-en-la-zona-andina-y-sur-del-lago\/\" \/>\n<meta property=\"og:locale\" content=\"es_ES\" \/>\n<meta property=\"og:type\" content=\"article\" \/>\n<meta property=\"og:title\" content=\"Inspector\u00eda del Trabajo despliega agenda de justicia social y formaci\u00f3n en la Zona Andina y Sur del Lago - MPPPST\" \/>\n<meta property=\"og:description\" content=\"05\/09\/2026 &#8211; La Inspector\u00eda de Trabajo de la Zona Andina y Sur del Lago coordin\u00f3 mesas &hellip; Inspector\u00eda del Trabajo despliega agenda de justicia social y formaci\u00f3n en la Zona Andina y Sur del LagoLeer m\u00e1s\" \/>\n<meta property=\"og:url\" content=\"https:\/\/www.mpppst.gob.ve\/mpppstweb\/index.php\/2026\/09\/05\/inspectoria-del-trabajo-despliega-agenda-de-justicia-social-y-formacion-en-la-zona-andina-y-sur-del-lago\/\" \/>\n<meta property=\"og:site_name\" content=\"MPPPST\" \/>\n<meta property=\"article:publisher\" content=\"https:\/\/www.facebook.com\/mintrabajo_ve\" \/>\n<meta property=\"article:published_time\" content=\"2026-09-05T16:05:50+00:00\" \/>\n<meta property=\"article:modified_time\" content=\"2026-09-05T16:05:51+00:00\" \/>\n<meta property=\"og:image\" content=\"https:\/\/www.mpppst.gob.ve\/mpppstweb\/wp-content\/uploads\/2026\/09\/WhatsApp-Image-2026-09-04-at-6.36.08-PM-e1788624143688.jpeg\" \/>\n\t<meta property=\"og:image:width\" content=\"750\" \/>\n\t<meta property=\"og:image:height\" content=\"504\" \/>\n\t<meta property=\"og:image:type\" content=\"image\/jpeg\" \/>\n<meta name=\"author\" content=\"Jesimar Rosendo\" \/>\n<meta name=\"twitter:card\" content=\"summary_large_image\" \/>\n<script type=\"application\/ld+json\" class=\"yoast-schema-graph\">{\"@context\":\"https:\\\/\\\/schema.org\",\"@graph\":[{\"@type\":\"Article\",\"@id\":\"https:\\\/\\\/www.mpppst.gob.ve\\\/mpppstweb\\\/index.php\\\/2026\\\/09\\\/05\\\/inspectoria-del-trabajo-despliega-agenda-de-justicia-social-y-formacion-en-la-zona-andina-y-sur-del-lago\\\/#article\",\"isPartOf\":{\"@id\":\"https:\\\/\\\/www.mpppst.gob.ve\\\/mpppstweb\\\/index.php\\\/2026\\\/09\\\/05\\\/inspectoria-del-trabajo-despliega-agenda-de-justicia-social-y-formacion-en-la-zona-andina-y-sur-del-lago\\\/\"},\"author\":{\"name\":\"Jesimar Rosendo\",\"@id\":\"https:\\\/\\\/www.mpppst.gob.ve\\\/mpppstweb\\\/#\\\/schema\\\/person\\\/1e6400233d92b8ff5ffde8edd3bf14b2\"},\"headline\":\"Inspector\u00eda del Trabajo despliega agenda de justicia social y formaci\u00f3n en la Zona Andina y Sur del Lago\",\"datePublished\":\"2026-09-05T16:05:50+00:00\",\"dateModified\":\"2026-09-05T16:05:51+00:00\",\"mainEntityOfPage\":{\"@id\":\"https:\\\/\\\/www.mpppst.gob.ve\\\/mpppstweb\\\/index.php\\\/2026\\\/09\\\/05\\\/inspectoria-del-trabajo-despliega-agenda-de-justicia-social-y-formacion-en-la-zona-andina-y-sur-del-lago\\\/\"},\"wordCount\":314,\"publisher\":{\"@id\":\"https:\\\/\\\/www.mpppst.gob.ve\\\/mpppstweb\\\/#organization\"},\"image\":{\"@id\":\"https:\\\/\\\/www.mpppst.gob.ve\\\/mpppstweb\\\/index.php\\\/2026\\\/09\\\/05\\\/inspectoria-del-trabajo-despliega-agenda-de-justicia-social-y-formacion-en-la-zona-andina-y-sur-del-lago\\\/#primaryimage\"},\"thumbnailUrl\":\"https:\\\/\\\/www.mpppst.gob.ve\\\/mpppstweb\\\/wp-content\\\/uploads\\\/2026\\\/09\\\/WhatsApp-Image-2026-09-04-at-6.36.08-PM-e1788624143688.jpeg\",\"articleSection\":[\"Regionales\"],\"inLanguage\":\"es\"},{\"@type\":\"WebPage\",\"@id\":\"https:\\\/\\\/www.mpppst.gob.ve\\\/mpppstweb\\\/index.php\\\/2026\\\/09\\\/05\\\/inspectoria-del-trabajo-despliega-agenda-de-justicia-social-y-formacion-en-la-zona-andina-y-sur-del-lago\\\/\",\"url\":\"https:\\\/\\\/www.mpppst.gob.ve\\\/mpppstweb\\\/index.php\\\/2026\\\/09\\\/05\\\/inspectoria-del-trabajo-despliega-agenda-de-justicia-social-y-formacion-en-la-zona-andina-y-sur-del-lago\\\/\",\"name\":\"Inspector\u00eda del Trabajo despliega agenda de justicia social y formaci\u00f3n en la Zona Andina y Sur del Lago - MPPPST\",\"isPartOf\":{\"@id\":\"https:\\\/\\\/www.mpppst.gob.ve\\\/mpppstweb\\\/#website\"},\"primaryImageOfPage\":{\"@id\":\"https:\\\/\\\/www.mpppst.gob.ve\\\/mpppstweb\\\/index.php\\\/2026\\\/09\\\/05\\\/inspectoria-del-trabajo-despliega-agenda-de-justicia-social-y-formacion-en-la-zona-andina-y-sur-del-lago\\\/#primaryimage\"},\"image\":{\"@id\":\"https:\\\/\\\/www.mpppst.gob.ve\\\/mpppstweb\\\/index.php\\\/2026\\\/09\\\/05\\\/inspectoria-del-trabajo-despliega-agenda-de-justicia-social-y-formacion-en-la-zona-andina-y-sur-del-lago\\\/#primaryimage\"},\"thumbnailUrl\":\"https:\\\/\\\/www.mpppst.gob.ve\\\/mpppstweb\\\/wp-content\\\/uploads\\\/2026\\\/09\\\/WhatsApp-Image-2026-09-04-at-6.36.08-PM-e1788624143688.jpeg\",\"datePublished\":\"2026-09-05T16:05:50+00:00\",\"dateModified\":\"2026-09-05T16:05:51+00:00\",\"breadcrumb\":{\"@id\":\"https:\\\/\\\/www.mpppst.gob.ve\\\/mpppstweb\\\/index.php\\\/2026\\\/09\\\/05\\\/inspectoria-del-trabajo-despliega-agenda-de-justicia-social-y-formacion-en-la-zona-andina-y-sur-del-lago\\\/#breadcrumb\"},\"inLanguage\":\"es\",\"potentialAction\":[{\"@type\":\"ReadAction\",\"target\":[\"https:\\\/\\\/www.mpppst.gob.ve\\\/mpppstweb\\\/index.php\\\/2026\\\/09\\\/05\\\/inspectoria-del-trabajo-despliega-agenda-de-justicia-social-y-formacion-en-la-zona-andina-y-sur-del-lago\\\/\"]}]},{\"@type\":\"ImageObject\",\"inLanguage\":\"es\",\"@id\":\"https:\\\/\\\/www.mpppst.gob.ve\\\/mpppstweb\\\/index.php\\\/2026\\\/09\\\/05\\\/inspectoria-del-trabajo-despliega-agenda-de-justicia-social-y-formacion-en-la-zona-andina-y-sur-del-lago\\\/#primaryimage\",\"url\":\"https:\\\/\\\/www.mpppst.gob.ve\\\/mpppstweb\\\/wp-content\\\/uploads\\\/2026\\\/09\\\/WhatsApp-Image-2026-09-04-at-6.36.08-PM-e1788624143688.jpeg\",\"contentUrl\":\"https:\\\/\\\/www.mpppst.gob.ve\\\/mpppstweb\\\/wp-content\\\/uploads\\\/2026\\\/09\\\/WhatsApp-Image-2026-09-04-at-6.36.08-PM-e1788624143688.jpeg\",\"width\":750,\"height\":504},{\"@type\":\"BreadcrumbList\",\"@id\":\"https:\\\/\\\/www.mpppst.gob.ve\\\/mpppstweb\\\/index.php\\\/2026\\\/09\\\/05\\\/inspectoria-del-trabajo-despliega-agenda-de-justicia-social-y-formacion-en-la-zona-andina-y-sur-del-lago\\\/#breadcrumb\",\"itemListElement\":[{\"@type\":\"ListItem\",\"position\":1,\"name\":\"Home\",\"item\":\"https:\\\/\\\/www.mpppst.gob.ve\\\/mpppstweb\\\/\"},{\"@type\":\"ListItem\",\"position\":2,\"name\":\"Inspector\u00eda del Trabajo despliega agenda de justicia social y formaci\u00f3n en la Zona Andina y Sur del Lago\"}]},{\"@type\":\"WebSite\",\"@id\":\"https:\\\/\\\/www.mpppst.gob.ve\\\/mpppstweb\\\/#website\",\"url\":\"https:\\\/\\\/www.mpppst.gob.ve\\\/mpppstweb\\\/\",\"name\":\"MPPPST\",\"description\":\"Sitio web oficial del Ministerio del Poder Popular para el Proceso Social de Trabajo\",\"publisher\":{\"@id\":\"https:\\\/\\\/www.mpppst.gob.ve\\\/mpppstweb\\\/#organization\"},\"alternateName\":\"Ministerio del Poder Popular para el Proceso Social de Trabajo\",\"potentialAction\":[{\"@type\":\"SearchAction\",\"target\":{\"@type\":\"EntryPoint\",\"urlTemplate\":\"https:\\\/\\\/www.mpppst.gob.ve\\\/mpppstweb\\\/?s={search_term_string}\"},\"query-input\":{\"@type\":\"PropertyValueSpecification\",\"valueRequired\":true,\"valueName\":\"search_term_string\"}}],\"inLanguage\":\"es\"},{\"@type\":\"Organization\",\"@id\":\"https:\\\/\\\/www.mpppst.gob.ve\\\/mpppstweb\\\/#organization\",\"name\":\"Ministerio del Poder Popular para el Proceso Social de Trabajo\",\"alternateName\":\"MPPPST\",\"url\":\"https:\\\/\\\/www.mpppst.gob.ve\\\/mpppstweb\\\/\",\"logo\":{\"@type\":\"ImageObject\",\"inLanguage\":\"es\",\"@id\":\"https:\\\/\\\/www.mpppst.gob.ve\\\/mpppstweb\\\/#\\\/schema\\\/logo\\\/image\\\/\",\"url\":\"https:\\\/\\\/www.mpppst.gob.ve\\\/mpppstweb\\\/wp-content\\\/uploads\\\/2025\\\/07\\\/cropped-cropped-g910.png\",\"contentUrl\":\"https:\\\/\\\/www.mpppst.gob.ve\\\/mpppstweb\\\/wp-content\\\/uploads\\\/2025\\\/07\\\/cropped-cropped-g910.png\",\"width\":1080,\"height\":241,\"caption\":\"Ministerio del Poder Popular para el Proceso Social de Trabajo\"},\"image\":{\"@id\":\"https:\\\/\\\/www.mpppst.gob.ve\\\/mpppstweb\\\/#\\\/schema\\\/logo\\\/image\\\/\"},\"sameAs\":[\"https:\\\/\\\/www.facebook.com\\\/mintrabajo_ve\",\"https:\\\/\\\/www.instagram.com\\\/mintrabajo_ve\\\/\",\"https:\\\/\\\/www.tiktok.com\\\/@mintrabajo_ve\",\"https:\\\/\\\/t.me\\\/mpppst\"]},{\"@type\":\"Person\",\"@id\":\"https:\\\/\\\/www.mpppst.gob.ve\\\/mpppstweb\\\/#\\\/schema\\\/person\\\/1e6400233d92b8ff5ffde8edd3bf14b2\",\"name\":\"Jesimar Rosendo\",\"url\":\"https:\\\/\\\/www.mpppst.gob.ve\\\/mpppstweb\\\/index.php\\\/author\\\/j-rosendo\\\/\"}]}<\/script>\n<!-- \/ Yoast SEO plugin. -->","yoast_head_json":{"title":"Inspector\u00eda del Trabajo despliega agenda de justicia social y formaci\u00f3n en la Zona Andina y Sur del Lago - MPPPST","robots":{"index":"index","follow":"follow","max-snippet":"max-snippet:-1","max-image-preview":"max-image-preview:large","max-video-preview":"max-video-preview:-1"},"canonical":"https:\/\/www.mpppst.gob.ve\/mpppstweb\/index.php\/2026\/09\/05\/inspectoria-del-trabajo-despliega-agenda-de-justicia-social-y-formacion-en-la-zona-andina-y-sur-del-lago\/","og_locale":"es_ES","og_type":"article","og_title":"Inspector\u00eda del Trabajo despliega agenda de justicia social y formaci\u00f3n en la Zona Andina y Sur del Lago - MPPPST","og_description":"05\/09\/2026 &#8211; La Inspector\u00eda de Trabajo de la Zona Andina y Sur del Lago coordin\u00f3 mesas &hellip; Inspector\u00eda del Trabajo despliega agenda de justicia social y formaci\u00f3n en la Zona Andina y Sur del LagoLeer m\u00e1s","og_url":"https:\/\/www.mpppst.gob.ve\/mpppstweb\/index.php\/2026\/09\/05\/inspectoria-del-trabajo-despliega-agenda-de-justicia-social-y-formacion-en-la-zona-andina-y-sur-del-lago\/","og_site_name":"MPPPST","article_publisher":"https:\/\/www.facebook.com\/mintrabajo_ve","article_published_time":"2026-09-05T16:05:50+00:00","article_modified_time":"2026-09-05T16:05:51+00:00","og_image":[{"width":750,"height":504,"url":"https:\/\/www.mpppst.gob.ve\/mpppstweb\/wp-content\/uploads\/2026\/09\/WhatsApp-Image-2026-09-04-at-6.36.08-PM-e1788624143688.jpeg","type":"image\/jpeg"}],"author":"Jesimar Rosendo","twitter_card":"summary_large_image","schema":{"@context":"https:\/\/schema.org","@graph":[{"@type":"Article","@id":"https:\/\/www.mpppst.gob.ve\/mpppstweb\/index.php\/2026\/09\/05\/inspectoria-del-trabajo-despliega-agenda-de-justicia-social-y-formacion-en-la-zona-andina-y-sur-del-lago\/#article","isPartOf":{"@id":"https:\/\/www.mpppst.gob.ve\/mpppstweb\/index.php\/2026\/09\/05\/inspectoria-del-trabajo-despliega-agenda-de-justicia-social-y-formacion-en-la-zona-andina-y-sur-del-lago\/"},"author":{"name":"Jesimar Rosendo","@id":"https:\/\/www.mpppst.gob.ve\/mpppstweb\/#\/schema\/person\/1e6400233d92b8ff5ffde8edd3bf14b2"},"headline":"Inspector\u00eda del Trabajo despliega agenda de justicia social y formaci\u00f3n en la Zona Andina y Sur del Lago","datePublished":"2026-09-05T16:05:50+00:00","dateModified":"2026-09-05T16:05:51+00:00","mainEntityOfPage":{"@id":"https:\/\/www.mpppst.gob.ve\/mpppstweb\/index.php\/2026\/09\/05\/inspectoria-del-trabajo-despliega-agenda-de-justicia-social-y-formacion-en-la-zona-andina-y-sur-del-lago\/"},"wordCount":314,"publisher":{"@id":"https:\/\/www.mpppst.gob.ve\/mpppstweb\/#organization"},"image":{"@id":"https:\/\/www.mpppst.gob.ve\/mpppstweb\/index.php\/2026\/09\/05\/inspectoria-del-trabajo-despliega-agenda-de-justicia-social-y-formacion-en-la-zona-andina-y-sur-del-lago\/#primaryimage"},"thumbnailUrl":"https:\/\/www.mpppst.gob.ve\/mpppstweb\/wp-content\/uploads\/2026\/09\/WhatsApp-Image-2026-09-04-at-6.36.08-PM-e1788624143688.jpeg","articleSection":["Regionales"],"inLanguage":"es"},{"@type":"WebPage","@id":"https:\/\/www.mpppst.gob.ve\/mpppstweb\/index.php\/2026\/09\/05\/inspectoria-del-trabajo-despliega-agenda-de-justicia-social-y-formacion-en-la-zona-andina-y-sur-del-lago\/","url":"https:\/\/www.mpppst.gob.ve\/mpppstweb\/index.php\/2026\/09\/05\/inspectoria-del-trabajo-despliega-agenda-de-justicia-social-y-formacion-en-la-zona-andina-y-sur-del-lago\/","name":"Inspector\u00eda del Trabajo despliega agenda de justicia social y formaci\u00f3n en la Zona Andina y Sur del Lago - MPPPST","isPartOf":{"@id":"https:\/\/www.mpppst.gob.ve\/mpppstweb\/#website"},"primaryImageOfPage":{"@id":"https:\/\/www.mpppst.gob.ve\/mpppstweb\/index.php\/2026\/09\/05\/inspectoria-del-trabajo-despliega-agenda-de-justicia-social-y-formacion-en-la-zona-andina-y-sur-del-lago\/#primaryimage"},"image":{"@id":"https:\/\/www.mpppst.gob.ve\/mpppstweb\/index.php\/2026\/09\/05\/inspectoria-del-trabajo-despliega-agenda-de-justicia-social-y-formacion-en-la-zona-andina-y-sur-del-lago\/#primaryimage"},"thumbnailUrl":"https:\/\/www.mpppst.gob.ve\/mpppstweb\/wp-content\/uploads\/2026\/09\/WhatsApp-Image-2026-09-04-at-6.36.08-PM-e1788624143688.jpeg","datePublished":"2026-09-05T16:05:50+00:00","dateModified":"2026-09-05T16:05:51+00:00","breadcrumb":{"@id":"https:\/\/www.mpppst.gob.ve\/mpppstweb\/index.php\/2026\/09\/05\/inspectoria-del-trabajo-despliega-agenda-de-justicia-social-y-formacion-en-la-zona-andina-y-sur-del-lago\/#breadcrumb"},"inLanguage":"es","potentialAction":[{"@type":"ReadAction","target":["https:\/\/www.mpppst.gob.ve\/mpppstweb\/index.php\/2026\/09\/05\/inspectoria-del-trabajo-despliega-agenda-de-justicia-social-y-formacion-en-la-zona-andina-y-sur-del-lago\/"]}]},{"@type":"ImageObject","inLanguage":"es","@id":"https:\/\/www.mpppst.gob.ve\/mpppstweb\/index.php\/2026\/09\/05\/inspectoria-del-trabajo-despliega-agenda-de-justicia-social-y-formacion-en-la-zona-andina-y-sur-del-lago\/#primaryimage","url":"https:\/\/www.mpppst.gob.ve\/mpppstweb\/wp-content\/uploads\/2026\/09\/WhatsApp-Image-2026-09-04-at-6.36.08-PM-e1788624143688.jpeg","contentUrl":"https:\/\/www.mpppst.gob.ve\/mpppstweb\/wp-content\/uploads\/2026\/09\/WhatsApp-Image-2026-09-04-at-6.36.08-PM-e1788624143688.jpeg","width":750,"height":504},{"@type":"BreadcrumbList","@id":"https:\/\/www.mpppst.gob.ve\/mpppstweb\/index.php\/2026\/09\/05\/inspectoria-del-trabajo-despliega-agenda-de-justicia-social-y-formacion-en-la-zona-andina-y-sur-del-lago\/#breadcrumb","itemListElement":[{"@type":"ListItem","position":1,"name":"Home","item":"https:\/\/www.mpppst.gob.ve\/mpppstweb\/"},{"@type":"ListItem","position":2,"name":"Inspector\u00eda del Trabajo despliega agenda de justicia social y formaci\u00f3n en la Zona Andina y Sur del Lago"}]},{"@type":"WebSite","@id":"https:\/\/www.mpppst.gob.ve\/mpppstweb\/#website","url":"https:\/\/www.mpppst.gob.ve\/mpppstweb\/","name":"MPPPST","description":"Sitio web oficial del Ministerio del Poder Popular para el Proceso Social de Trabajo","publisher":{"@id":"https:\/\/www.mpppst.gob.ve\/mpppstweb\/#organization"},"alternateName":"Ministerio del Poder Popular para el Proceso Social de Trabajo","potentialAction":[{"@type":"SearchAction","target":{"@type":"EntryPoint","urlTemplate":"https:\/\/www.mpppst.gob.ve\/mpppstweb\/?s={search_term_string}"},"query-input":{"@type":"PropertyValueSpecification","valueRequired":true,"valueName":"search_term_string"}}],"inLanguage":"es"},{"@type":"Organization","@id":"https:\/\/www.mpppst.gob.ve\/mpppstweb\/#organization","name":"Ministerio del Poder Popular para el Proceso Social de Trabajo","alternateName":"MPPPST","url":"https:\/\/www.mpppst.gob.ve\/mpppstweb\/","logo":{"@type":"ImageObject","inLanguage":"es","@id":"https:\/\/www.mpppst.gob.ve\/mpppstweb\/#\/schema\/logo\/image\/","url":"https:\/\/www.mpppst.gob.ve\/mpppstweb\/wp-content\/uploads\/2025\/07\/cropped-cropped-g910.png","contentUrl":"https:\/\/www.mpppst.gob.ve\/mpppstweb\/wp-content\/uploads\/2025\/07\/cropped-cropped-g910.png","width":1080,"height":241,"caption":"Ministerio del Poder Popular para el Proceso Social de Trabajo"},"image":{"@id":"https:\/\/www.mpppst.gob.ve\/mpppstweb\/#\/schema\/logo\/image\/"},"sameAs":["https:\/\/www.facebook.com\/mintrabajo_ve","https:\/\/www.instagram.com\/mintrabajo_ve\/","https:\/\/www.tiktok.com\/@mintrabajo_ve","https:\/\/t.me\/mpppst"]},{"@type":"Person","@id":"https:\/\/www.mpppst.gob.ve\/mpppstweb\/#\/schema\/person\/1e6400233d92b8ff5ffde8edd3bf14b2","name":"Jesimar Rosendo","url":"https:\/\/www.mpppst.gob.ve\/mpppstweb\/index.php\/author\/j-rosendo\/"}]}},"_links":{"self":[{"href":"https:\/\/www.mpppst.gob.ve\/mpppstweb\/index.php\/wp-json\/wp\/v2\/posts\/29340","targetHints":{"allow":["GET"]}}],"collection":[{"href":"https:\/\/www.mpppst.gob.ve\/mpppstweb\/index.php\/wp-json\/wp\/v2\/posts"}],"about":[{"href":"https:\/\/www.mpppst.gob.ve\/mpppstweb\/index.php\/wp-json\/wp\/v2\/types\/post"}],"author":[{"embeddable":true,"href":"https:\/\/www.mpppst.gob.ve\/mpppstweb\/index.php\/wp-json\/wp\/v2\/users\/141"}],"replies":[{"embeddable":true,"href":"https:\/\/www.mpppst.gob.ve\/mpppstweb\/index.php\/wp-json\/wp\/v2\/comments?post=29340"}],"version-history":[{"count":5,"href":"https:\/\/www.mpppst.gob.ve\/mpppstweb\/index.php\/wp-json\/wp\/v2\/posts\/29340\/revisions"}],"predecessor-version":[{"id":29360,"href":"https:\/\/www.mpppst.gob.ve\/mpppstweb\/index.php\/wp-json\/wp\/v2\/posts\/29340\/revisions\/29360"}],"wp:featuredmedia":[{"embeddable":true,"href":"https:\/\/www.mpppst.gob.ve\/mpppstweb\/index.php\/wp-json\/wp\/v2\/media\/29343"}],"wp:attachment":[{"href":"https:\/\/www.mpppst.gob.ve\/mpppstweb\/index.php\/wp-json\/wp\/v2\/media?parent=29340"}],"wp:term":[{"taxonomy":"category","embeddable":true,"href":"https:\/\/www.mpppst.gob.ve\/mpppstweb\/index.php\/wp-json\/wp\/v2\/categories?post=29340"},{"taxonomy":"post_tag","embeddable":true,"href":"https:\/\/www.mpppst.gob.ve\/mpppstweb\/index.php\/wp-json\/wp\/v2\/tags?post=29340"}],"curies":[{"name":"wp","href":"https:\/\/api.w.org\/{rel}","templated":true}]}}