{"id":3304,"date":"2015-06-26T09:09:08","date_gmt":"2015-06-26T09:09:08","guid":{"rendered":"http:\/\/www.mpppst.gob.ve\/mpppstweb\/?p=3304"},"modified":"2016-07-01T16:03:18","modified_gmt":"2016-07-01T16:03:18","slug":"simbolo-de-negro-primero-iluminara-desde-el-panteon-nacional","status":"publish","type":"post","link":"https:\/\/www.mpppst.gob.ve\/mpppstweb\/index.php\/2015\/06\/26\/simbolo-de-negro-primero-iluminara-desde-el-panteon-nacional\/","title":{"rendered":"S\u00edmbolo de \u201cNegro Primero\u201d iluminar\u00e1 desde el Pante\u00f3n Nacional"},"content":{"rendered":"<p style=\"text-align: justify;\">Enmarcado en los 194 A\u00f1os de la Batalla de Carabobo, D\u00eda del Ej\u00e9rcito Nacional Bolivariano y D\u00eda de Fiesta Nacional, este mi\u00e9rcoles fueron llevados los restos simb\u00f3licos del Teniente Pedro Camejo, mejor conocido como \u201cNegro Primero\u201d al Pante\u00f3n Nacional rindiendo honores a su valent\u00eda y lealtad en la lucha independentista.<\/p>\n<p style=\"text-align: justify;\">Arist\u00f3bulo Ist\u00fariz, Gobernador del estado Anzo\u00e1tegui fue el orador de orden del acto que dio inicio en la Asamblea Nacional con la llegada de los restos simb\u00f3licos del Teniente Pedro Camejo, donde diputados, diversas personalidades y pueblo presente le rindieron honores recordando un poco de la historia del pr\u00f3cer y de la afrovenezolanidad.<\/p>\n<p style=\"text-align: justify;\">\u201cEste acto, en conmemoraci\u00f3n a Negro Primero, es un reconocimiento a la participaci\u00f3n de un pueblo conformado en las batallas de la independencia de Venezuela (&#8230;) El traslado de los restos simb\u00f3licos de Pedro Camejo al Pante\u00f3n Nacional, es un acto de reivindicaci\u00f3n y justicia y quisiera tambi\u00e9n recordar al primer negro, Jos\u00e9 Leonardo Chirino, y a todos los hombres y mujeres venidos de \u00c1frica como esclavos y que luego dieron su vida para el aporte y construcci\u00f3n de la sociedad y nacionalidad venezolana\u201d, expres\u00f3 Ist\u00fariz.<\/p>\n<p style=\"text-align: justify;\">Seguidamente los restos simb\u00f3licos fueron trasladados al Pante\u00f3n Nacional escoltados por el pueblo venezolano, la guardia de honor, el alto mando militar y miembros de la Asamblea Nacional donde esperaba el Presidente de la Rep\u00fablica Nicol\u00e1s Maduro.<\/p>\n<p style=\"text-align: justify;\">\u201cAprendamos de la historia, traigamos la historia como fuerza viva y llenemos nuestro esp\u00edritu con el hero\u00edsmo de quienes supieron, en la hora que les toc\u00f3 vivir, llenar de brillo y de luz toda nuestra Patria. Llevemos el canto del pueblo como un canto seguro de victoria hoy, ma\u00f1ana y siempre. Llevemos a Pedro Camejo en nuestro coraz\u00f3n en las nuevas batallas, en las nuevas victorias que nos depara la vida de la Rep\u00fablica Bolivariana de Venezuela\u00bb, dijo el Jefe de Estado.<\/p>\n<p style=\"text-align: justify;\">Maduro resalt\u00f3 que el pr\u00f3cer afrodescendiente \u00abno estaba en el Pante\u00f3n por la misma raz\u00f3n por la que no estaba el Cacique Guaicaipuro y por la misma raz\u00f3n que trataron de tapar y borrar la historia de Ezequiel Zamora, de manchar y hacer olvidar la historia gloriosa de Cipriano Castro y los ideales y pensamientos de nuestro Libertador Sim\u00f3n Bol\u00edvar, es por el racismo hist\u00f3rico de las oligarqu\u00edas que Guacaipuro tuvo que ser tra\u00eddo al Pante\u00f3n por el comandante Ch\u00e1vez, el 10 de diciembre de 2001, y por eso hoy un hijo de Hugo Ch\u00e1vez trae al Negro Primero, como el m\u00e1ximo honor que se le da a un soldado de la Patria\u00bb.<\/p>\n<p style=\"text-align: justify;\">As\u00ed mismo aprovech\u00f3 la oportunidad para hacer un llamado al pueblo venezolano y agilizar la Revoluci\u00f3n. \u201cHe planteado en los \u00faltimos d\u00edas que nosotros tenemos que ir a un proceso de repolitizaci\u00f3n, de reimpulso, reideologizaci\u00f3n, remoralizaci\u00f3n, de reimpulso revolucionario de los valores morales que sembr\u00f3 Ch\u00e1vez en la Patria, en el coraz\u00f3n, en las mentes. Es reimpulso y renovaci\u00f3n\u201d, apunt\u00f3 en cadena nacional de radio y televisi\u00f3n, desde el Pante\u00f3n Nacional.<\/p>\n<p style=\"text-align: justify;\">Pedro Camejo, mejor conocido como Negro Primero, naci\u00f3 en San Juan de Payara, estado Apure en el a\u00f1o 1790, fue un militar venezolano que luch\u00f3 primero junto al ej\u00e9rcito realista para luego pasar al ej\u00e9rcito patriota durante la guerra de independencia, alcanzando el grado de Teniente. El apodo con el que se le conoce, se inspira en que era el \u00fanico oficial de tez oscura en el ej\u00e9rcito del Libertador Sim\u00f3n Bol\u00edvar que siempre formaba la primera fila de ataque en el campo de batalla. Adem\u00e1s, en su bravura y destreza para el manejo de la lanza.<\/p>\n<p style=\"text-align: justify;\">El 24 de junio de 1821 fallece producto de una herida de gravedad. Eduardo Blanco, en Venezuela heroica, narra el momento en el que el teniente compareci\u00f3 ante el general P\u00e1ez y con voz desfalleciente le dijo: \u201cMi general, vengo a decirle adi\u00f3s porque estoy muerto\u201d.<\/p>\n<p style=\"text-align: justify;\">Hoy, el Negro Primero es el s\u00edmbolo de un pueblo que fue excluido por la oligarqu\u00eda, y que est\u00e1 dispuesto a defender la Revoluci\u00f3n de manera contundente y protag\u00f3nica.<\/p>\n<p style=\"text-align: justify;\">Report\u00f3: Ninoska Gilson<br \/>\nFoto: Maritza Higuera<\/p>\n","protected":false},"excerpt":{"rendered":"<p>Hoy, el Negro Primero es el s\u00edmbolo de un pueblo que fue excluido por la oligarqu\u00eda, y que est\u00e1 dispuesto a defender la Revoluci\u00f3n<\/p>\n","protected":false},"author":25,"featured_media":3307,"comment_status":"closed","ping_status":"closed","sticky":false,"template":"","format":"standard","meta":{"footnotes":""},"categories":[82],"tags":[],"yoast_head":"<!-- This site is optimized with the Yoast SEO plugin v22.5 - https:\/\/yoast.com\/wordpress\/plugins\/seo\/ -->\n<title>S\u00edmbolo de \u201cNegro Primero\u201d iluminar\u00e1 desde el Pante\u00f3n Nacional - MPPPST<\/title>\n<meta name=\"robots\" content=\"index, follow, max-snippet:-1, max-image-preview:large, max-video-preview:-1\" \/>\n<link rel=\"canonical\" href=\"https:\/\/www.mpppst.gob.ve\/mpppstweb\/index.php\/2015\/06\/26\/simbolo-de-negro-primero-iluminara-desde-el-panteon-nacional\/\" \/>\n<meta property=\"og:locale\" content=\"es_ES\" \/>\n<meta property=\"og:type\" content=\"article\" \/>\n<meta property=\"og:title\" content=\"S\u00edmbolo de \u201cNegro Primero\u201d iluminar\u00e1 desde el Pante\u00f3n Nacional - MPPPST\" \/>\n<meta property=\"og:description\" content=\"Hoy, el Negro Primero es el s\u00edmbolo de un pueblo que fue excluido por la oligarqu\u00eda, y que est\u00e1 dispuesto a defender la Revoluci\u00f3n\" \/>\n<meta property=\"og:url\" content=\"https:\/\/www.mpppst.gob.ve\/mpppstweb\/index.php\/2015\/06\/26\/simbolo-de-negro-primero-iluminara-desde-el-panteon-nacional\/\" \/>\n<meta property=\"og:site_name\" content=\"MPPPST\" \/>\n<meta property=\"article:published_time\" content=\"2015-06-26T09:09:08+00:00\" \/>\n<meta property=\"article:modified_time\" content=\"2016-07-01T16:03:18+00:00\" \/>\n<meta property=\"og:image\" content=\"https:\/\/www.mpppst.gob.ve\/mpppstweb\/wp-content\/uploads\/2015\/06\/IMG_1706-1.jpg\" \/>\n\t<meta property=\"og:image:width\" content=\"520\" \/>\n\t<meta property=\"og:image:height\" content=\"480\" \/>\n\t<meta property=\"og:image:type\" content=\"image\/jpeg\" \/>\n<meta name=\"author\" content=\"MPPPST Prensa\" \/>\n<meta name=\"twitter:card\" content=\"summary_large_image\" \/>\n<meta name=\"twitter:label1\" content=\"Escrito por\" \/>\n\t<meta name=\"twitter:data1\" content=\"MPPPST Prensa\" \/>\n\t<meta name=\"twitter:label2\" content=\"Tiempo de lectura\" \/>\n\t<meta name=\"twitter:data2\" content=\"4 minutos\" \/>\n<script type=\"application\/ld+json\" class=\"yoast-schema-graph\">{\"@context\":\"https:\/\/schema.org\",\"@graph\":[{\"@type\":\"Article\",\"@id\":\"https:\/\/www.mpppst.gob.ve\/mpppstweb\/index.php\/2015\/06\/26\/simbolo-de-negro-primero-iluminara-desde-el-panteon-nacional\/#article\",\"isPartOf\":{\"@id\":\"https:\/\/www.mpppst.gob.ve\/mpppstweb\/index.php\/2015\/06\/26\/simbolo-de-negro-primero-iluminara-desde-el-panteon-nacional\/\"},\"author\":{\"name\":\"MPPPST Prensa\",\"@id\":\"https:\/\/www.mpppst.gob.ve\/mpppstweb\/#\/schema\/person\/fc187ee8ead412bd4c9304b62f900ea4\"},\"headline\":\"S\u00edmbolo de \u201cNegro Primero\u201d iluminar\u00e1 desde el Pante\u00f3n Nacional\",\"datePublished\":\"2015-06-26T09:09:08+00:00\",\"dateModified\":\"2016-07-01T16:03:18+00:00\",\"mainEntityOfPage\":{\"@id\":\"https:\/\/www.mpppst.gob.ve\/mpppstweb\/index.php\/2015\/06\/26\/simbolo-de-negro-primero-iluminara-desde-el-panteon-nacional\/\"},\"wordCount\":740,\"publisher\":{\"@id\":\"https:\/\/www.mpppst.gob.ve\/mpppstweb\/#organization\"},\"image\":{\"@id\":\"https:\/\/www.mpppst.gob.ve\/mpppstweb\/index.php\/2015\/06\/26\/simbolo-de-negro-primero-iluminara-desde-el-panteon-nacional\/#primaryimage\"},\"thumbnailUrl\":\"https:\/\/www.mpppst.gob.ve\/mpppstweb\/wp-content\/uploads\/2015\/06\/IMG_1706-1.jpg\",\"articleSection\":[\"Gobierno Nacional\"],\"inLanguage\":\"es\"},{\"@type\":\"WebPage\",\"@id\":\"https:\/\/www.mpppst.gob.ve\/mpppstweb\/index.php\/2015\/06\/26\/simbolo-de-negro-primero-iluminara-desde-el-panteon-nacional\/\",\"url\":\"https:\/\/www.mpppst.gob.ve\/mpppstweb\/index.php\/2015\/06\/26\/simbolo-de-negro-primero-iluminara-desde-el-panteon-nacional\/\",\"name\":\"S\u00edmbolo de \u201cNegro Primero\u201d iluminar\u00e1 desde el Pante\u00f3n Nacional - MPPPST\",\"isPartOf\":{\"@id\":\"https:\/\/www.mpppst.gob.ve\/mpppstweb\/#website\"},\"primaryImageOfPage\":{\"@id\":\"https:\/\/www.mpppst.gob.ve\/mpppstweb\/index.php\/2015\/06\/26\/simbolo-de-negro-primero-iluminara-desde-el-panteon-nacional\/#primaryimage\"},\"image\":{\"@id\":\"https:\/\/www.mpppst.gob.ve\/mpppstweb\/index.php\/2015\/06\/26\/simbolo-de-negro-primero-iluminara-desde-el-panteon-nacional\/#primaryimage\"},\"thumbnailUrl\":\"https:\/\/www.mpppst.gob.ve\/mpppstweb\/wp-content\/uploads\/2015\/06\/IMG_1706-1.jpg\",\"datePublished\":\"2015-06-26T09:09:08+00:00\",\"dateModified\":\"2016-07-01T16:03:18+00:00\",\"breadcrumb\":{\"@id\":\"https:\/\/www.mpppst.gob.ve\/mpppstweb\/index.php\/2015\/06\/26\/simbolo-de-negro-primero-iluminara-desde-el-panteon-nacional\/#breadcrumb\"},\"inLanguage\":\"es\",\"potentialAction\":[{\"@type\":\"ReadAction\",\"target\":[\"https:\/\/www.mpppst.gob.ve\/mpppstweb\/index.php\/2015\/06\/26\/simbolo-de-negro-primero-iluminara-desde-el-panteon-nacional\/\"]}]},{\"@type\":\"ImageObject\",\"inLanguage\":\"es\",\"@id\":\"https:\/\/www.mpppst.gob.ve\/mpppstweb\/index.php\/2015\/06\/26\/simbolo-de-negro-primero-iluminara-desde-el-panteon-nacional\/#primaryimage\",\"url\":\"https:\/\/www.mpppst.gob.ve\/mpppstweb\/wp-content\/uploads\/2015\/06\/IMG_1706-1.jpg\",\"contentUrl\":\"https:\/\/www.mpppst.gob.ve\/mpppstweb\/wp-content\/uploads\/2015\/06\/IMG_1706-1.jpg\",\"width\":520,\"height\":480},{\"@type\":\"BreadcrumbList\",\"@id\":\"https:\/\/www.mpppst.gob.ve\/mpppstweb\/index.php\/2015\/06\/26\/simbolo-de-negro-primero-iluminara-desde-el-panteon-nacional\/#breadcrumb\",\"itemListElement\":[{\"@type\":\"ListItem\",\"position\":1,\"name\":\"Home\",\"item\":\"https:\/\/www.mpppst.gob.ve\/mpppstweb\/\"},{\"@type\":\"ListItem\",\"position\":2,\"name\":\"S\u00edmbolo de \u201cNegro Primero\u201d iluminar\u00e1 desde el Pante\u00f3n Nacional\"}]},{\"@type\":\"WebSite\",\"@id\":\"https:\/\/www.mpppst.gob.ve\/mpppstweb\/#website\",\"url\":\"https:\/\/www.mpppst.gob.ve\/mpppstweb\/\",\"name\":\"MPPPST\",\"description\":\"Ministerio del Poder Popular para el Proceso Social de Trabajo\",\"publisher\":{\"@id\":\"https:\/\/www.mpppst.gob.ve\/mpppstweb\/#organization\"},\"potentialAction\":[{\"@type\":\"SearchAction\",\"target\":{\"@type\":\"EntryPoint\",\"urlTemplate\":\"https:\/\/www.mpppst.gob.ve\/mpppstweb\/?s={search_term_string}\"},\"query-input\":\"required name=search_term_string\"}],\"inLanguage\":\"es\"},{\"@type\":\"Organization\",\"@id\":\"https:\/\/www.mpppst.gob.ve\/mpppstweb\/#organization\",\"name\":\"mpppst\",\"url\":\"https:\/\/www.mpppst.gob.ve\/mpppstweb\/\",\"logo\":{\"@type\":\"ImageObject\",\"inLanguage\":\"es\",\"@id\":\"https:\/\/www.mpppst.gob.ve\/mpppstweb\/#\/schema\/logo\/image\/\",\"url\":\"https:\/\/www.mpppst.gob.ve\/mpppstweb\/wp-content\/uploads\/2025\/07\/cropped-cropped-g910.png\",\"contentUrl\":\"https:\/\/www.mpppst.gob.ve\/mpppstweb\/wp-content\/uploads\/2025\/07\/cropped-cropped-g910.png\",\"width\":1080,\"height\":241,\"caption\":\"mpppst\"},\"image\":{\"@id\":\"https:\/\/www.mpppst.gob.ve\/mpppstweb\/#\/schema\/logo\/image\/\"}},{\"@type\":\"Person\",\"@id\":\"https:\/\/www.mpppst.gob.ve\/mpppstweb\/#\/schema\/person\/fc187ee8ead412bd4c9304b62f900ea4\",\"name\":\"MPPPST Prensa\",\"url\":\"https:\/\/www.mpppst.gob.ve\/mpppstweb\/index.php\/author\/prensa-mpppst\/\"}]}<\/script>\n<!-- \/ Yoast SEO plugin. -->","yoast_head_json":{"title":"S\u00edmbolo de \u201cNegro Primero\u201d iluminar\u00e1 desde el Pante\u00f3n Nacional - MPPPST","robots":{"index":"index","follow":"follow","max-snippet":"max-snippet:-1","max-image-preview":"max-image-preview:large","max-video-preview":"max-video-preview:-1"},"canonical":"https:\/\/www.mpppst.gob.ve\/mpppstweb\/index.php\/2015\/06\/26\/simbolo-de-negro-primero-iluminara-desde-el-panteon-nacional\/","og_locale":"es_ES","og_type":"article","og_title":"S\u00edmbolo de \u201cNegro Primero\u201d iluminar\u00e1 desde el Pante\u00f3n Nacional - MPPPST","og_description":"Hoy, el Negro Primero es el s\u00edmbolo de un pueblo que fue excluido por la oligarqu\u00eda, y que est\u00e1 dispuesto a defender la Revoluci\u00f3n","og_url":"https:\/\/www.mpppst.gob.ve\/mpppstweb\/index.php\/2015\/06\/26\/simbolo-de-negro-primero-iluminara-desde-el-panteon-nacional\/","og_site_name":"MPPPST","article_published_time":"2015-06-26T09:09:08+00:00","article_modified_time":"2016-07-01T16:03:18+00:00","og_image":[{"width":520,"height":480,"url":"https:\/\/www.mpppst.gob.ve\/mpppstweb\/wp-content\/uploads\/2015\/06\/IMG_1706-1.jpg","type":"image\/jpeg"}],"author":"MPPPST Prensa","twitter_card":"summary_large_image","twitter_misc":{"Escrito por":"MPPPST Prensa","Tiempo de lectura":"4 minutos"},"schema":{"@context":"https:\/\/schema.org","@graph":[{"@type":"Article","@id":"https:\/\/www.mpppst.gob.ve\/mpppstweb\/index.php\/2015\/06\/26\/simbolo-de-negro-primero-iluminara-desde-el-panteon-nacional\/#article","isPartOf":{"@id":"https:\/\/www.mpppst.gob.ve\/mpppstweb\/index.php\/2015\/06\/26\/simbolo-de-negro-primero-iluminara-desde-el-panteon-nacional\/"},"author":{"name":"MPPPST Prensa","@id":"https:\/\/www.mpppst.gob.ve\/mpppstweb\/#\/schema\/person\/fc187ee8ead412bd4c9304b62f900ea4"},"headline":"S\u00edmbolo de \u201cNegro Primero\u201d iluminar\u00e1 desde el Pante\u00f3n Nacional","datePublished":"2015-06-26T09:09:08+00:00","dateModified":"2016-07-01T16:03:18+00:00","mainEntityOfPage":{"@id":"https:\/\/www.mpppst.gob.ve\/mpppstweb\/index.php\/2015\/06\/26\/simbolo-de-negro-primero-iluminara-desde-el-panteon-nacional\/"},"wordCount":740,"publisher":{"@id":"https:\/\/www.mpppst.gob.ve\/mpppstweb\/#organization"},"image":{"@id":"https:\/\/www.mpppst.gob.ve\/mpppstweb\/index.php\/2015\/06\/26\/simbolo-de-negro-primero-iluminara-desde-el-panteon-nacional\/#primaryimage"},"thumbnailUrl":"https:\/\/www.mpppst.gob.ve\/mpppstweb\/wp-content\/uploads\/2015\/06\/IMG_1706-1.jpg","articleSection":["Gobierno Nacional"],"inLanguage":"es"},{"@type":"WebPage","@id":"https:\/\/www.mpppst.gob.ve\/mpppstweb\/index.php\/2015\/06\/26\/simbolo-de-negro-primero-iluminara-desde-el-panteon-nacional\/","url":"https:\/\/www.mpppst.gob.ve\/mpppstweb\/index.php\/2015\/06\/26\/simbolo-de-negro-primero-iluminara-desde-el-panteon-nacional\/","name":"S\u00edmbolo de \u201cNegro Primero\u201d iluminar\u00e1 desde el Pante\u00f3n Nacional - MPPPST","isPartOf":{"@id":"https:\/\/www.mpppst.gob.ve\/mpppstweb\/#website"},"primaryImageOfPage":{"@id":"https:\/\/www.mpppst.gob.ve\/mpppstweb\/index.php\/2015\/06\/26\/simbolo-de-negro-primero-iluminara-desde-el-panteon-nacional\/#primaryimage"},"image":{"@id":"https:\/\/www.mpppst.gob.ve\/mpppstweb\/index.php\/2015\/06\/26\/simbolo-de-negro-primero-iluminara-desde-el-panteon-nacional\/#primaryimage"},"thumbnailUrl":"https:\/\/www.mpppst.gob.ve\/mpppstweb\/wp-content\/uploads\/2015\/06\/IMG_1706-1.jpg","datePublished":"2015-06-26T09:09:08+00:00","dateModified":"2016-07-01T16:03:18+00:00","breadcrumb":{"@id":"https:\/\/www.mpppst.gob.ve\/mpppstweb\/index.php\/2015\/06\/26\/simbolo-de-negro-primero-iluminara-desde-el-panteon-nacional\/#breadcrumb"},"inLanguage":"es","potentialAction":[{"@type":"ReadAction","target":["https:\/\/www.mpppst.gob.ve\/mpppstweb\/index.php\/2015\/06\/26\/simbolo-de-negro-primero-iluminara-desde-el-panteon-nacional\/"]}]},{"@type":"ImageObject","inLanguage":"es","@id":"https:\/\/www.mpppst.gob.ve\/mpppstweb\/index.php\/2015\/06\/26\/simbolo-de-negro-primero-iluminara-desde-el-panteon-nacional\/#primaryimage","url":"https:\/\/www.mpppst.gob.ve\/mpppstweb\/wp-content\/uploads\/2015\/06\/IMG_1706-1.jpg","contentUrl":"https:\/\/www.mpppst.gob.ve\/mpppstweb\/wp-content\/uploads\/2015\/06\/IMG_1706-1.jpg","width":520,"height":480},{"@type":"BreadcrumbList","@id":"https:\/\/www.mpppst.gob.ve\/mpppstweb\/index.php\/2015\/06\/26\/simbolo-de-negro-primero-iluminara-desde-el-panteon-nacional\/#breadcrumb","itemListElement":[{"@type":"ListItem","position":1,"name":"Home","item":"https:\/\/www.mpppst.gob.ve\/mpppstweb\/"},{"@type":"ListItem","position":2,"name":"S\u00edmbolo de \u201cNegro Primero\u201d iluminar\u00e1 desde el Pante\u00f3n Nacional"}]},{"@type":"WebSite","@id":"https:\/\/www.mpppst.gob.ve\/mpppstweb\/#website","url":"https:\/\/www.mpppst.gob.ve\/mpppstweb\/","name":"MPPPST","description":"Ministerio del Poder Popular para el Proceso Social de Trabajo","publisher":{"@id":"https:\/\/www.mpppst.gob.ve\/mpppstweb\/#organization"},"potentialAction":[{"@type":"SearchAction","target":{"@type":"EntryPoint","urlTemplate":"https:\/\/www.mpppst.gob.ve\/mpppstweb\/?s={search_term_string}"},"query-input":"required name=search_term_string"}],"inLanguage":"es"},{"@type":"Organization","@id":"https:\/\/www.mpppst.gob.ve\/mpppstweb\/#organization","name":"mpppst","url":"https:\/\/www.mpppst.gob.ve\/mpppstweb\/","logo":{"@type":"ImageObject","inLanguage":"es","@id":"https:\/\/www.mpppst.gob.ve\/mpppstweb\/#\/schema\/logo\/image\/","url":"https:\/\/www.mpppst.gob.ve\/mpppstweb\/wp-content\/uploads\/2025\/07\/cropped-cropped-g910.png","contentUrl":"https:\/\/www.mpppst.gob.ve\/mpppstweb\/wp-content\/uploads\/2025\/07\/cropped-cropped-g910.png","width":1080,"height":241,"caption":"mpppst"},"image":{"@id":"https:\/\/www.mpppst.gob.ve\/mpppstweb\/#\/schema\/logo\/image\/"}},{"@type":"Person","@id":"https:\/\/www.mpppst.gob.ve\/mpppstweb\/#\/schema\/person\/fc187ee8ead412bd4c9304b62f900ea4","name":"MPPPST Prensa","url":"https:\/\/www.mpppst.gob.ve\/mpppstweb\/index.php\/author\/prensa-mpppst\/"}]}},"_links":{"self":[{"href":"https:\/\/www.mpppst.gob.ve\/mpppstweb\/index.php\/wp-json\/wp\/v2\/posts\/3304"}],"collection":[{"href":"https:\/\/www.mpppst.gob.ve\/mpppstweb\/index.php\/wp-json\/wp\/v2\/posts"}],"about":[{"href":"https:\/\/www.mpppst.gob.ve\/mpppstweb\/index.php\/wp-json\/wp\/v2\/types\/post"}],"author":[{"embeddable":true,"href":"https:\/\/www.mpppst.gob.ve\/mpppstweb\/index.php\/wp-json\/wp\/v2\/users\/25"}],"replies":[{"embeddable":true,"href":"https:\/\/www.mpppst.gob.ve\/mpppstweb\/index.php\/wp-json\/wp\/v2\/comments?post=3304"}],"version-history":[{"count":1,"href":"https:\/\/www.mpppst.gob.ve\/mpppstweb\/index.php\/wp-json\/wp\/v2\/posts\/3304\/revisions"}],"predecessor-version":[{"id":6843,"href":"https:\/\/www.mpppst.gob.ve\/mpppstweb\/index.php\/wp-json\/wp\/v2\/posts\/3304\/revisions\/6843"}],"wp:featuredmedia":[{"embeddable":true,"href":"https:\/\/www.mpppst.gob.ve\/mpppstweb\/index.php\/wp-json\/wp\/v2\/media\/3307"}],"wp:attachment":[{"href":"https:\/\/www.mpppst.gob.ve\/mpppstweb\/index.php\/wp-json\/wp\/v2\/media?parent=3304"}],"wp:term":[{"taxonomy":"category","embeddable":true,"href":"https:\/\/www.mpppst.gob.ve\/mpppstweb\/index.php\/wp-json\/wp\/v2\/categories?post=3304"},{"taxonomy":"post_tag","embeddable":true,"href":"https:\/\/www.mpppst.gob.ve\/mpppstweb\/index.php\/wp-json\/wp\/v2\/tags?post=3304"}],"curies":[{"name":"wp","href":"https:\/\/api.w.org\/{rel}","templated":true}]}}