{"id":3310,"date":"2015-07-02T18:37:24","date_gmt":"2015-07-02T18:37:24","guid":{"rendered":"http:\/\/www.mpppst.gob.ve\/mpppstweb\/?p=3310"},"modified":"2016-07-01T16:04:36","modified_gmt":"2016-07-01T16:04:36","slug":"mpppst-recibe-solicitud-de-trabajadores-de-empresas-polar","status":"publish","type":"post","link":"https:\/\/www.mpppst.gob.ve\/mpppstweb\/index.php\/2015\/07\/02\/mpppst-recibe-solicitud-de-trabajadores-de-empresas-polar\/","title":{"rendered":"MPPPST recibe solicitud de trabajadores de Empresas Polar"},"content":{"rendered":"<p>Caracas, 2 de Julio.- El Ministerio del Poder Popular para el Proceso Social de Trabajo (MPPPST) recibi\u00f3 este jueves a los representantes del sindicato Sintraterricentro de Empresas Polar, quienes hicieron entrega de un documento, luego de una gran marcha de unos tres mil trabajadores y trabajadoras iniciada en Parque Carabobo, para solicitar el pronunciamiento del ente laboral en relaci\u00f3n a sus derechos laborales que seg\u00fan expresaron \u201cest\u00e1n siendo violados\u201d por parte de esa empresa.<\/p>\n<p>El ministro del Poder Popular para el Proceso Social de Trabajo, Jes\u00fas Mart\u00ednez, expres\u00f3 que esa solicitud va a ser procesada con la celeridad que amerita la situaci\u00f3n. \u201cEstoy convencido que lo que ustedes vienen planteando es justo, que han respetado la Ley que elabor\u00f3 nuestro amado Presidente Hugo Ch\u00e1vez Fr\u00edas\u201d, refiri\u00f3.<\/p>\n<p>Manifest\u00f3 el titular, que la Ley Org\u00e1nica del Trabajo, los Trabajadores y las Trabajadoras (LOTTT), establece como m\u00e9todo y estilo de las relaciones en el marco del proceso social de trabajo, el amplio di\u00e1logo. \u201cCreo que ustedes han dado muestra suficiente de que est\u00e1n en disposici\u00f3n de desarrollar el di\u00e1logo y hoy entiendo que no les queda otra opci\u00f3n, ya que han recurrido a diversas instancias y no lo han logrado. Este Ministerio va a estudiar y va a tomar la decisi\u00f3n que se corresponda conforme a las Leyes\u201d.<\/p>\n<p>Juan Rodr\u00edguez, presidente del sindicato Sintraterricentro Polar, inform\u00f3 que los trabajadores de Cervecer\u00eda Polar ya llevan 88 d\u00edas de huelga y que seguir\u00e1n hasta que se pronuncie el MPPPST ya que han agotado todas las instancias. \u201cEsta movilizaci\u00f3n es para denunciar que somos atropellados (por Polar) y demostrar que somos la mayor\u00eda, vamos a hacer cumplir la Ley para salir adelante con la clase trabajadora de Venezuela\u201d.<\/p>\n<p>Se\u00f1al\u00f3, que la principal demanda es por las pr\u00e1cticas antisindicales en la empresa. \u201cNosotros estamos llamando al di\u00e1logo al presidente de Empresas Polar, Lorenzo Mendoza y que cumpla la Ley\u201d. Expres\u00f3 que la empresa quiere imponerles un contrato colectivo, cuando la ley dice que debe sentarse con el sindicato mayoritario y aprobar el contrato conjuntamente con los trabajadores.<\/p>\n<p>Frank Quijada, presidente del sindicato nacional de Empresas Polar, expres\u00f3 que la marcha organizada es para protestar por el derecho de los trabajadores a una vida libre de violencia. Indic\u00f3 tambi\u00e9n que exigen que la empresa reconozca al sindicato Sintraterricentro, debido a que tiene 700 afiliados y est\u00e1 facultado para discutir las cl\u00e1usulas del contrato colectivo.<\/p>\n<p>Los representantes sindicales iniciaron la movilizaci\u00f3n en el Ministerio P\u00fablico para entregar un documento a la Fiscal General de la Rep\u00fablica, luego se trasladaron por toda la avenida Universidad para llegar a la Asamblea Nacional y exigir la interpelaci\u00f3n de Lorenzo Mendoza por \u201cviolaci\u00f3n de los derechos laborales y humanos hacia los trabajadores y trabajadoras de empresas Polar\u201d y finaliz\u00f3 en el ente laboral.<\/p>\n<p>Durante el recorrido los representantes del sindicato Sintraterricentro fueron acompa\u00f1ados por m\u00e1s de 3 mil trabajadores y trabajadoras de Cervecer\u00edas Polar, junto a la clase obrera de Cantv, PDVSA, Metro de Caracas, entre otros, quienes se solidarizaron con esa lucha.<\/p>\n<p>&nbsp;<\/p>\n<p><strong>Redacci\u00f3n: Miliseth Ysea<\/strong><\/p>\n<p><strong>Fotograf\u00eda: Dellys Landaeta<\/strong><\/p>\n","protected":false},"excerpt":{"rendered":"<p>Luego de una gran marcha de unos tres mil trabajadores y trabajadoras iniciada en Parque Carabobo<\/p>\n","protected":false},"author":25,"featured_media":3311,"comment_status":"closed","ping_status":"closed","sticky":false,"template":"","format":"standard","meta":{"footnotes":""},"categories":[83],"tags":[],"yoast_head":"<!-- This site is optimized with the Yoast SEO plugin v22.5 - https:\/\/yoast.com\/wordpress\/plugins\/seo\/ -->\n<title>MPPPST recibe solicitud de trabajadores de Empresas Polar - MPPPST<\/title>\n<meta name=\"robots\" content=\"index, follow, max-snippet:-1, max-image-preview:large, max-video-preview:-1\" \/>\n<link rel=\"canonical\" href=\"https:\/\/www.mpppst.gob.ve\/mpppstweb\/index.php\/2015\/07\/02\/mpppst-recibe-solicitud-de-trabajadores-de-empresas-polar\/\" \/>\n<meta property=\"og:locale\" content=\"es_ES\" \/>\n<meta property=\"og:type\" content=\"article\" \/>\n<meta property=\"og:title\" content=\"MPPPST recibe solicitud de trabajadores de Empresas Polar - MPPPST\" \/>\n<meta property=\"og:description\" content=\"Luego de una gran marcha de unos tres mil trabajadores y trabajadoras iniciada en Parque Carabobo\" \/>\n<meta property=\"og:url\" content=\"https:\/\/www.mpppst.gob.ve\/mpppstweb\/index.php\/2015\/07\/02\/mpppst-recibe-solicitud-de-trabajadores-de-empresas-polar\/\" \/>\n<meta property=\"og:site_name\" content=\"MPPPST\" \/>\n<meta property=\"article:published_time\" content=\"2015-07-02T18:37:24+00:00\" \/>\n<meta property=\"article:modified_time\" content=\"2016-07-01T16:04:36+00:00\" \/>\n<meta property=\"og:image\" content=\"https:\/\/www.mpppst.gob.ve\/mpppstweb\/wp-content\/uploads\/2015\/07\/Foto-Polar-Web.jpg\" \/>\n\t<meta property=\"og:image:width\" content=\"640\" \/>\n\t<meta property=\"og:image:height\" content=\"427\" \/>\n\t<meta property=\"og:image:type\" content=\"image\/jpeg\" \/>\n<meta name=\"author\" content=\"MPPPST Prensa\" \/>\n<meta name=\"twitter:card\" content=\"summary_large_image\" \/>\n<meta name=\"twitter:label1\" content=\"Escrito por\" \/>\n\t<meta name=\"twitter:data1\" content=\"MPPPST Prensa\" \/>\n\t<meta name=\"twitter:label2\" content=\"Tiempo de lectura\" \/>\n\t<meta name=\"twitter:data2\" content=\"3 minutos\" \/>\n<script type=\"application\/ld+json\" class=\"yoast-schema-graph\">{\"@context\":\"https:\/\/schema.org\",\"@graph\":[{\"@type\":\"Article\",\"@id\":\"https:\/\/www.mpppst.gob.ve\/mpppstweb\/index.php\/2015\/07\/02\/mpppst-recibe-solicitud-de-trabajadores-de-empresas-polar\/#article\",\"isPartOf\":{\"@id\":\"https:\/\/www.mpppst.gob.ve\/mpppstweb\/index.php\/2015\/07\/02\/mpppst-recibe-solicitud-de-trabajadores-de-empresas-polar\/\"},\"author\":{\"name\":\"MPPPST Prensa\",\"@id\":\"https:\/\/www.mpppst.gob.ve\/mpppstweb\/#\/schema\/person\/fc187ee8ead412bd4c9304b62f900ea4\"},\"headline\":\"MPPPST recibe solicitud de trabajadores de Empresas Polar\",\"datePublished\":\"2015-07-02T18:37:24+00:00\",\"dateModified\":\"2016-07-01T16:04:36+00:00\",\"mainEntityOfPage\":{\"@id\":\"https:\/\/www.mpppst.gob.ve\/mpppstweb\/index.php\/2015\/07\/02\/mpppst-recibe-solicitud-de-trabajadores-de-empresas-polar\/\"},\"wordCount\":549,\"publisher\":{\"@id\":\"https:\/\/www.mpppst.gob.ve\/mpppstweb\/#organization\"},\"image\":{\"@id\":\"https:\/\/www.mpppst.gob.ve\/mpppstweb\/index.php\/2015\/07\/02\/mpppst-recibe-solicitud-de-trabajadores-de-empresas-polar\/#primaryimage\"},\"thumbnailUrl\":\"https:\/\/www.mpppst.gob.ve\/mpppstweb\/wp-content\/uploads\/2015\/07\/Foto-Polar-Web.jpg\",\"articleSection\":[\"Ministerio\"],\"inLanguage\":\"es\"},{\"@type\":\"WebPage\",\"@id\":\"https:\/\/www.mpppst.gob.ve\/mpppstweb\/index.php\/2015\/07\/02\/mpppst-recibe-solicitud-de-trabajadores-de-empresas-polar\/\",\"url\":\"https:\/\/www.mpppst.gob.ve\/mpppstweb\/index.php\/2015\/07\/02\/mpppst-recibe-solicitud-de-trabajadores-de-empresas-polar\/\",\"name\":\"MPPPST recibe solicitud de trabajadores de Empresas Polar - MPPPST\",\"isPartOf\":{\"@id\":\"https:\/\/www.mpppst.gob.ve\/mpppstweb\/#website\"},\"primaryImageOfPage\":{\"@id\":\"https:\/\/www.mpppst.gob.ve\/mpppstweb\/index.php\/2015\/07\/02\/mpppst-recibe-solicitud-de-trabajadores-de-empresas-polar\/#primaryimage\"},\"image\":{\"@id\":\"https:\/\/www.mpppst.gob.ve\/mpppstweb\/index.php\/2015\/07\/02\/mpppst-recibe-solicitud-de-trabajadores-de-empresas-polar\/#primaryimage\"},\"thumbnailUrl\":\"https:\/\/www.mpppst.gob.ve\/mpppstweb\/wp-content\/uploads\/2015\/07\/Foto-Polar-Web.jpg\",\"datePublished\":\"2015-07-02T18:37:24+00:00\",\"dateModified\":\"2016-07-01T16:04:36+00:00\",\"breadcrumb\":{\"@id\":\"https:\/\/www.mpppst.gob.ve\/mpppstweb\/index.php\/2015\/07\/02\/mpppst-recibe-solicitud-de-trabajadores-de-empresas-polar\/#breadcrumb\"},\"inLanguage\":\"es\",\"potentialAction\":[{\"@type\":\"ReadAction\",\"target\":[\"https:\/\/www.mpppst.gob.ve\/mpppstweb\/index.php\/2015\/07\/02\/mpppst-recibe-solicitud-de-trabajadores-de-empresas-polar\/\"]}]},{\"@type\":\"ImageObject\",\"inLanguage\":\"es\",\"@id\":\"https:\/\/www.mpppst.gob.ve\/mpppstweb\/index.php\/2015\/07\/02\/mpppst-recibe-solicitud-de-trabajadores-de-empresas-polar\/#primaryimage\",\"url\":\"https:\/\/www.mpppst.gob.ve\/mpppstweb\/wp-content\/uploads\/2015\/07\/Foto-Polar-Web.jpg\",\"contentUrl\":\"https:\/\/www.mpppst.gob.ve\/mpppstweb\/wp-content\/uploads\/2015\/07\/Foto-Polar-Web.jpg\",\"width\":640,\"height\":427},{\"@type\":\"BreadcrumbList\",\"@id\":\"https:\/\/www.mpppst.gob.ve\/mpppstweb\/index.php\/2015\/07\/02\/mpppst-recibe-solicitud-de-trabajadores-de-empresas-polar\/#breadcrumb\",\"itemListElement\":[{\"@type\":\"ListItem\",\"position\":1,\"name\":\"Home\",\"item\":\"https:\/\/www.mpppst.gob.ve\/mpppstweb\/\"},{\"@type\":\"ListItem\",\"position\":2,\"name\":\"MPPPST recibe solicitud de trabajadores de Empresas Polar\"}]},{\"@type\":\"WebSite\",\"@id\":\"https:\/\/www.mpppst.gob.ve\/mpppstweb\/#website\",\"url\":\"https:\/\/www.mpppst.gob.ve\/mpppstweb\/\",\"name\":\"MPPPST\",\"description\":\"Ministerio del Poder Popular para el Proceso Social de Trabajo\",\"publisher\":{\"@id\":\"https:\/\/www.mpppst.gob.ve\/mpppstweb\/#organization\"},\"potentialAction\":[{\"@type\":\"SearchAction\",\"target\":{\"@type\":\"EntryPoint\",\"urlTemplate\":\"https:\/\/www.mpppst.gob.ve\/mpppstweb\/?s={search_term_string}\"},\"query-input\":\"required name=search_term_string\"}],\"inLanguage\":\"es\"},{\"@type\":\"Organization\",\"@id\":\"https:\/\/www.mpppst.gob.ve\/mpppstweb\/#organization\",\"name\":\"mpppst\",\"url\":\"https:\/\/www.mpppst.gob.ve\/mpppstweb\/\",\"logo\":{\"@type\":\"ImageObject\",\"inLanguage\":\"es\",\"@id\":\"https:\/\/www.mpppst.gob.ve\/mpppstweb\/#\/schema\/logo\/image\/\",\"url\":\"https:\/\/www.mpppst.gob.ve\/mpppstweb\/wp-content\/uploads\/2025\/07\/cropped-cropped-g910.png\",\"contentUrl\":\"https:\/\/www.mpppst.gob.ve\/mpppstweb\/wp-content\/uploads\/2025\/07\/cropped-cropped-g910.png\",\"width\":1080,\"height\":241,\"caption\":\"mpppst\"},\"image\":{\"@id\":\"https:\/\/www.mpppst.gob.ve\/mpppstweb\/#\/schema\/logo\/image\/\"}},{\"@type\":\"Person\",\"@id\":\"https:\/\/www.mpppst.gob.ve\/mpppstweb\/#\/schema\/person\/fc187ee8ead412bd4c9304b62f900ea4\",\"name\":\"MPPPST Prensa\",\"url\":\"https:\/\/www.mpppst.gob.ve\/mpppstweb\/index.php\/author\/prensa-mpppst\/\"}]}<\/script>\n<!-- \/ Yoast SEO plugin. -->","yoast_head_json":{"title":"MPPPST recibe solicitud de trabajadores de Empresas Polar - MPPPST","robots":{"index":"index","follow":"follow","max-snippet":"max-snippet:-1","max-image-preview":"max-image-preview:large","max-video-preview":"max-video-preview:-1"},"canonical":"https:\/\/www.mpppst.gob.ve\/mpppstweb\/index.php\/2015\/07\/02\/mpppst-recibe-solicitud-de-trabajadores-de-empresas-polar\/","og_locale":"es_ES","og_type":"article","og_title":"MPPPST recibe solicitud de trabajadores de Empresas Polar - MPPPST","og_description":"Luego de una gran marcha de unos tres mil trabajadores y trabajadoras iniciada en Parque Carabobo","og_url":"https:\/\/www.mpppst.gob.ve\/mpppstweb\/index.php\/2015\/07\/02\/mpppst-recibe-solicitud-de-trabajadores-de-empresas-polar\/","og_site_name":"MPPPST","article_published_time":"2015-07-02T18:37:24+00:00","article_modified_time":"2016-07-01T16:04:36+00:00","og_image":[{"width":640,"height":427,"url":"https:\/\/www.mpppst.gob.ve\/mpppstweb\/wp-content\/uploads\/2015\/07\/Foto-Polar-Web.jpg","type":"image\/jpeg"}],"author":"MPPPST Prensa","twitter_card":"summary_large_image","twitter_misc":{"Escrito por":"MPPPST Prensa","Tiempo de lectura":"3 minutos"},"schema":{"@context":"https:\/\/schema.org","@graph":[{"@type":"Article","@id":"https:\/\/www.mpppst.gob.ve\/mpppstweb\/index.php\/2015\/07\/02\/mpppst-recibe-solicitud-de-trabajadores-de-empresas-polar\/#article","isPartOf":{"@id":"https:\/\/www.mpppst.gob.ve\/mpppstweb\/index.php\/2015\/07\/02\/mpppst-recibe-solicitud-de-trabajadores-de-empresas-polar\/"},"author":{"name":"MPPPST Prensa","@id":"https:\/\/www.mpppst.gob.ve\/mpppstweb\/#\/schema\/person\/fc187ee8ead412bd4c9304b62f900ea4"},"headline":"MPPPST recibe solicitud de trabajadores de Empresas Polar","datePublished":"2015-07-02T18:37:24+00:00","dateModified":"2016-07-01T16:04:36+00:00","mainEntityOfPage":{"@id":"https:\/\/www.mpppst.gob.ve\/mpppstweb\/index.php\/2015\/07\/02\/mpppst-recibe-solicitud-de-trabajadores-de-empresas-polar\/"},"wordCount":549,"publisher":{"@id":"https:\/\/www.mpppst.gob.ve\/mpppstweb\/#organization"},"image":{"@id":"https:\/\/www.mpppst.gob.ve\/mpppstweb\/index.php\/2015\/07\/02\/mpppst-recibe-solicitud-de-trabajadores-de-empresas-polar\/#primaryimage"},"thumbnailUrl":"https:\/\/www.mpppst.gob.ve\/mpppstweb\/wp-content\/uploads\/2015\/07\/Foto-Polar-Web.jpg","articleSection":["Ministerio"],"inLanguage":"es"},{"@type":"WebPage","@id":"https:\/\/www.mpppst.gob.ve\/mpppstweb\/index.php\/2015\/07\/02\/mpppst-recibe-solicitud-de-trabajadores-de-empresas-polar\/","url":"https:\/\/www.mpppst.gob.ve\/mpppstweb\/index.php\/2015\/07\/02\/mpppst-recibe-solicitud-de-trabajadores-de-empresas-polar\/","name":"MPPPST recibe solicitud de trabajadores de Empresas Polar - MPPPST","isPartOf":{"@id":"https:\/\/www.mpppst.gob.ve\/mpppstweb\/#website"},"primaryImageOfPage":{"@id":"https:\/\/www.mpppst.gob.ve\/mpppstweb\/index.php\/2015\/07\/02\/mpppst-recibe-solicitud-de-trabajadores-de-empresas-polar\/#primaryimage"},"image":{"@id":"https:\/\/www.mpppst.gob.ve\/mpppstweb\/index.php\/2015\/07\/02\/mpppst-recibe-solicitud-de-trabajadores-de-empresas-polar\/#primaryimage"},"thumbnailUrl":"https:\/\/www.mpppst.gob.ve\/mpppstweb\/wp-content\/uploads\/2015\/07\/Foto-Polar-Web.jpg","datePublished":"2015-07-02T18:37:24+00:00","dateModified":"2016-07-01T16:04:36+00:00","breadcrumb":{"@id":"https:\/\/www.mpppst.gob.ve\/mpppstweb\/index.php\/2015\/07\/02\/mpppst-recibe-solicitud-de-trabajadores-de-empresas-polar\/#breadcrumb"},"inLanguage":"es","potentialAction":[{"@type":"ReadAction","target":["https:\/\/www.mpppst.gob.ve\/mpppstweb\/index.php\/2015\/07\/02\/mpppst-recibe-solicitud-de-trabajadores-de-empresas-polar\/"]}]},{"@type":"ImageObject","inLanguage":"es","@id":"https:\/\/www.mpppst.gob.ve\/mpppstweb\/index.php\/2015\/07\/02\/mpppst-recibe-solicitud-de-trabajadores-de-empresas-polar\/#primaryimage","url":"https:\/\/www.mpppst.gob.ve\/mpppstweb\/wp-content\/uploads\/2015\/07\/Foto-Polar-Web.jpg","contentUrl":"https:\/\/www.mpppst.gob.ve\/mpppstweb\/wp-content\/uploads\/2015\/07\/Foto-Polar-Web.jpg","width":640,"height":427},{"@type":"BreadcrumbList","@id":"https:\/\/www.mpppst.gob.ve\/mpppstweb\/index.php\/2015\/07\/02\/mpppst-recibe-solicitud-de-trabajadores-de-empresas-polar\/#breadcrumb","itemListElement":[{"@type":"ListItem","position":1,"name":"Home","item":"https:\/\/www.mpppst.gob.ve\/mpppstweb\/"},{"@type":"ListItem","position":2,"name":"MPPPST recibe solicitud de trabajadores de Empresas Polar"}]},{"@type":"WebSite","@id":"https:\/\/www.mpppst.gob.ve\/mpppstweb\/#website","url":"https:\/\/www.mpppst.gob.ve\/mpppstweb\/","name":"MPPPST","description":"Ministerio del Poder Popular para el Proceso Social de Trabajo","publisher":{"@id":"https:\/\/www.mpppst.gob.ve\/mpppstweb\/#organization"},"potentialAction":[{"@type":"SearchAction","target":{"@type":"EntryPoint","urlTemplate":"https:\/\/www.mpppst.gob.ve\/mpppstweb\/?s={search_term_string}"},"query-input":"required name=search_term_string"}],"inLanguage":"es"},{"@type":"Organization","@id":"https:\/\/www.mpppst.gob.ve\/mpppstweb\/#organization","name":"mpppst","url":"https:\/\/www.mpppst.gob.ve\/mpppstweb\/","logo":{"@type":"ImageObject","inLanguage":"es","@id":"https:\/\/www.mpppst.gob.ve\/mpppstweb\/#\/schema\/logo\/image\/","url":"https:\/\/www.mpppst.gob.ve\/mpppstweb\/wp-content\/uploads\/2025\/07\/cropped-cropped-g910.png","contentUrl":"https:\/\/www.mpppst.gob.ve\/mpppstweb\/wp-content\/uploads\/2025\/07\/cropped-cropped-g910.png","width":1080,"height":241,"caption":"mpppst"},"image":{"@id":"https:\/\/www.mpppst.gob.ve\/mpppstweb\/#\/schema\/logo\/image\/"}},{"@type":"Person","@id":"https:\/\/www.mpppst.gob.ve\/mpppstweb\/#\/schema\/person\/fc187ee8ead412bd4c9304b62f900ea4","name":"MPPPST Prensa","url":"https:\/\/www.mpppst.gob.ve\/mpppstweb\/index.php\/author\/prensa-mpppst\/"}]}},"_links":{"self":[{"href":"https:\/\/www.mpppst.gob.ve\/mpppstweb\/index.php\/wp-json\/wp\/v2\/posts\/3310"}],"collection":[{"href":"https:\/\/www.mpppst.gob.ve\/mpppstweb\/index.php\/wp-json\/wp\/v2\/posts"}],"about":[{"href":"https:\/\/www.mpppst.gob.ve\/mpppstweb\/index.php\/wp-json\/wp\/v2\/types\/post"}],"author":[{"embeddable":true,"href":"https:\/\/www.mpppst.gob.ve\/mpppstweb\/index.php\/wp-json\/wp\/v2\/users\/25"}],"replies":[{"embeddable":true,"href":"https:\/\/www.mpppst.gob.ve\/mpppstweb\/index.php\/wp-json\/wp\/v2\/comments?post=3310"}],"version-history":[{"count":1,"href":"https:\/\/www.mpppst.gob.ve\/mpppstweb\/index.php\/wp-json\/wp\/v2\/posts\/3310\/revisions"}],"predecessor-version":[{"id":6844,"href":"https:\/\/www.mpppst.gob.ve\/mpppstweb\/index.php\/wp-json\/wp\/v2\/posts\/3310\/revisions\/6844"}],"wp:featuredmedia":[{"embeddable":true,"href":"https:\/\/www.mpppst.gob.ve\/mpppstweb\/index.php\/wp-json\/wp\/v2\/media\/3311"}],"wp:attachment":[{"href":"https:\/\/www.mpppst.gob.ve\/mpppstweb\/index.php\/wp-json\/wp\/v2\/media?parent=3310"}],"wp:term":[{"taxonomy":"category","embeddable":true,"href":"https:\/\/www.mpppst.gob.ve\/mpppstweb\/index.php\/wp-json\/wp\/v2\/categories?post=3310"},{"taxonomy":"post_tag","embeddable":true,"href":"https:\/\/www.mpppst.gob.ve\/mpppstweb\/index.php\/wp-json\/wp\/v2\/tags?post=3310"}],"curies":[{"name":"wp","href":"https:\/\/api.w.org\/{rel}","templated":true}]}}