{"id":3371,"date":"2015-07-17T12:26:44","date_gmt":"2015-07-17T12:26:44","guid":{"rendered":"http:\/\/www.mpppst.gob.ve\/mpppstweb\/?p=3371"},"modified":"2016-07-01T16:07:07","modified_gmt":"2016-07-01T16:07:07","slug":"ninos-del-iii-grupo-de-la-guarderia-del-mpppst-celebraron-culminacion-de-curso","status":"publish","type":"post","link":"https:\/\/www.mpppst.gob.ve\/mpppstweb\/index.php\/2015\/07\/17\/ninos-del-iii-grupo-de-la-guarderia-del-mpppst-celebraron-culminacion-de-curso\/","title":{"rendered":"Ni\u00f1os del III grupo de la Guarder\u00eda del MPPPST celebraron culminaci\u00f3n de curso"},"content":{"rendered":"<p style=\"text-align: justify;\">Los ni\u00f1os y ni\u00f1as del III grupo de la Guarder\u00eda Infantil del Ministerio del Poder Popular para el Proceso Social de Trabajo (MPPPST) celebraron este jueves la culminaci\u00f3n de curso y promoci\u00f3n al primer grado de educaci\u00f3n primaria, en un emotivo acto que se realiz\u00f3 en el auditorio del Instituto para la Capacitaci\u00f3n y Recreaci\u00f3n de los Trabajadores (Incret) con la presencia de maestros, padres y representantes.<\/p>\n<p style=\"text-align: justify;\">Con toga y birrete, los 15 graduandos subieron al escenario para recibir, de mano de sus maestros, las medallas y diplomas, mientras eran acompa\u00f1ados a fotografiarse. \u201cEsta es la culminaci\u00f3n de una etapa m\u00e1s de sus vidas. Dejan lo que fue su segunda casa durante cinco a\u00f1os y ahora les espera el reto de construir un mundo mejor\u201d, expres\u00f3 Eulinex \u00c1lvarez, maestra del III grupo.<\/p>\n<p style=\"text-align: justify;\">El personal docente de Maternal I y II y de los grupos I, II y III entreg\u00f3 obsequios a los padres y representantes del a\u00f1o \u201cpor su colaboraci\u00f3n y apoyo\u201d en las labores educativas promovidas por la guarder\u00eda.<\/p>\n<p style=\"text-align: justify;\">Los padres de los ni\u00f1os del III grupo expresaron su agradecimiento a los docentes, personal administrativo y obrero con un reconocimiento. Elkys Castellano, una de las madres asistentes, reconoci\u00f3 a la guarder\u00eda \u201cel trabajo y la atenci\u00f3n que siempre brindaron a los ni\u00f1os y ni\u00f1as\u201d, as\u00ed como el desarrollo de sus capacidades al m\u00e1ximo.<\/p>\n<p style=\"text-align: justify;\">Entretanto, los peque\u00f1os llenaron de ritmo el lugar con sus interpretaciones. Al son del remix de una canci\u00f3n venezolana, los ni\u00f1os de Maternal I salieron al escenario con el primero de los n\u00fameros del acto cultural, al que sigui\u00f3 un corrido interpretado por los integrantes de Maternal II y el baile \u201cWoman del Callao\u201d protagonizado por el III grupo de la guarder\u00eda.<\/p>\n<p style=\"text-align: justify;\">El baile del mono, el Alma Llanera y un merengue caraque\u00f1o dijeron presente en el acto de grado con las interpretaciones de los grupos I, II y III. Los ni\u00f1os Sof\u00eda Alvarado, Chris Aray y Samuel Reyes dedicaron una poes\u00eda a la guarder\u00eda, mientras el cantante popular Edgar Parra, ameniz\u00f3 con dos composiciones de su autor\u00eda. El cierre estuvo a cargo del grupo III con la canci\u00f3n \u201cHoy es el \u00faltimo d\u00eda\u201d.<\/p>\n","protected":false},"excerpt":{"rendered":"<p>Con toga y birrete, los 15 graduandos subieron al escenario para recibir, de mano de sus maestros, las medallas y diplomas.<\/p>\n","protected":false},"author":25,"featured_media":3372,"comment_status":"closed","ping_status":"closed","sticky":false,"template":"","format":"standard","meta":{"footnotes":""},"categories":[83],"tags":[],"yoast_head":"<!-- This site is optimized with the Yoast SEO plugin v22.5 - https:\/\/yoast.com\/wordpress\/plugins\/seo\/ -->\n<title>Ni\u00f1os del III grupo de la Guarder\u00eda del MPPPST celebraron culminaci\u00f3n de curso - MPPPST<\/title>\n<meta name=\"robots\" content=\"index, follow, max-snippet:-1, max-image-preview:large, max-video-preview:-1\" \/>\n<link rel=\"canonical\" href=\"https:\/\/www.mpppst.gob.ve\/mpppstweb\/index.php\/2015\/07\/17\/ninos-del-iii-grupo-de-la-guarderia-del-mpppst-celebraron-culminacion-de-curso\/\" \/>\n<meta property=\"og:locale\" content=\"es_ES\" \/>\n<meta property=\"og:type\" content=\"article\" \/>\n<meta property=\"og:title\" content=\"Ni\u00f1os del III grupo de la Guarder\u00eda del MPPPST celebraron culminaci\u00f3n de curso - MPPPST\" \/>\n<meta property=\"og:description\" content=\"Con toga y birrete, los 15 graduandos subieron al escenario para recibir, de mano de sus maestros, las medallas y diplomas.\" \/>\n<meta property=\"og:url\" content=\"https:\/\/www.mpppst.gob.ve\/mpppstweb\/index.php\/2015\/07\/17\/ninos-del-iii-grupo-de-la-guarderia-del-mpppst-celebraron-culminacion-de-curso\/\" \/>\n<meta property=\"og:site_name\" content=\"MPPPST\" \/>\n<meta property=\"article:published_time\" content=\"2015-07-17T12:26:44+00:00\" \/>\n<meta property=\"article:modified_time\" content=\"2016-07-01T16:07:07+00:00\" \/>\n<meta property=\"og:image\" content=\"https:\/\/www.mpppst.gob.ve\/mpppstweb\/wp-content\/uploads\/2015\/07\/IMG_3838.jpg\" \/>\n\t<meta property=\"og:image:width\" content=\"640\" \/>\n\t<meta property=\"og:image:height\" content=\"427\" \/>\n\t<meta property=\"og:image:type\" content=\"image\/jpeg\" \/>\n<meta name=\"author\" content=\"MPPPST Prensa\" \/>\n<meta name=\"twitter:card\" content=\"summary_large_image\" \/>\n<meta name=\"twitter:label1\" content=\"Escrito por\" \/>\n\t<meta name=\"twitter:data1\" content=\"MPPPST Prensa\" \/>\n\t<meta name=\"twitter:label2\" content=\"Tiempo de lectura\" \/>\n\t<meta name=\"twitter:data2\" content=\"2 minutos\" \/>\n<script type=\"application\/ld+json\" class=\"yoast-schema-graph\">{\"@context\":\"https:\/\/schema.org\",\"@graph\":[{\"@type\":\"Article\",\"@id\":\"https:\/\/www.mpppst.gob.ve\/mpppstweb\/index.php\/2015\/07\/17\/ninos-del-iii-grupo-de-la-guarderia-del-mpppst-celebraron-culminacion-de-curso\/#article\",\"isPartOf\":{\"@id\":\"https:\/\/www.mpppst.gob.ve\/mpppstweb\/index.php\/2015\/07\/17\/ninos-del-iii-grupo-de-la-guarderia-del-mpppst-celebraron-culminacion-de-curso\/\"},\"author\":{\"name\":\"MPPPST Prensa\",\"@id\":\"https:\/\/www.mpppst.gob.ve\/mpppstweb\/#\/schema\/person\/fc187ee8ead412bd4c9304b62f900ea4\"},\"headline\":\"Ni\u00f1os del III grupo de la Guarder\u00eda del MPPPST celebraron culminaci\u00f3n de curso\",\"datePublished\":\"2015-07-17T12:26:44+00:00\",\"dateModified\":\"2016-07-01T16:07:07+00:00\",\"mainEntityOfPage\":{\"@id\":\"https:\/\/www.mpppst.gob.ve\/mpppstweb\/index.php\/2015\/07\/17\/ninos-del-iii-grupo-de-la-guarderia-del-mpppst-celebraron-culminacion-de-curso\/\"},\"wordCount\":407,\"publisher\":{\"@id\":\"https:\/\/www.mpppst.gob.ve\/mpppstweb\/#organization\"},\"image\":{\"@id\":\"https:\/\/www.mpppst.gob.ve\/mpppstweb\/index.php\/2015\/07\/17\/ninos-del-iii-grupo-de-la-guarderia-del-mpppst-celebraron-culminacion-de-curso\/#primaryimage\"},\"thumbnailUrl\":\"https:\/\/www.mpppst.gob.ve\/mpppstweb\/wp-content\/uploads\/2015\/07\/IMG_3838.jpg\",\"articleSection\":[\"Ministerio\"],\"inLanguage\":\"es\"},{\"@type\":\"WebPage\",\"@id\":\"https:\/\/www.mpppst.gob.ve\/mpppstweb\/index.php\/2015\/07\/17\/ninos-del-iii-grupo-de-la-guarderia-del-mpppst-celebraron-culminacion-de-curso\/\",\"url\":\"https:\/\/www.mpppst.gob.ve\/mpppstweb\/index.php\/2015\/07\/17\/ninos-del-iii-grupo-de-la-guarderia-del-mpppst-celebraron-culminacion-de-curso\/\",\"name\":\"Ni\u00f1os del III grupo de la Guarder\u00eda del MPPPST celebraron culminaci\u00f3n de curso - MPPPST\",\"isPartOf\":{\"@id\":\"https:\/\/www.mpppst.gob.ve\/mpppstweb\/#website\"},\"primaryImageOfPage\":{\"@id\":\"https:\/\/www.mpppst.gob.ve\/mpppstweb\/index.php\/2015\/07\/17\/ninos-del-iii-grupo-de-la-guarderia-del-mpppst-celebraron-culminacion-de-curso\/#primaryimage\"},\"image\":{\"@id\":\"https:\/\/www.mpppst.gob.ve\/mpppstweb\/index.php\/2015\/07\/17\/ninos-del-iii-grupo-de-la-guarderia-del-mpppst-celebraron-culminacion-de-curso\/#primaryimage\"},\"thumbnailUrl\":\"https:\/\/www.mpppst.gob.ve\/mpppstweb\/wp-content\/uploads\/2015\/07\/IMG_3838.jpg\",\"datePublished\":\"2015-07-17T12:26:44+00:00\",\"dateModified\":\"2016-07-01T16:07:07+00:00\",\"breadcrumb\":{\"@id\":\"https:\/\/www.mpppst.gob.ve\/mpppstweb\/index.php\/2015\/07\/17\/ninos-del-iii-grupo-de-la-guarderia-del-mpppst-celebraron-culminacion-de-curso\/#breadcrumb\"},\"inLanguage\":\"es\",\"potentialAction\":[{\"@type\":\"ReadAction\",\"target\":[\"https:\/\/www.mpppst.gob.ve\/mpppstweb\/index.php\/2015\/07\/17\/ninos-del-iii-grupo-de-la-guarderia-del-mpppst-celebraron-culminacion-de-curso\/\"]}]},{\"@type\":\"ImageObject\",\"inLanguage\":\"es\",\"@id\":\"https:\/\/www.mpppst.gob.ve\/mpppstweb\/index.php\/2015\/07\/17\/ninos-del-iii-grupo-de-la-guarderia-del-mpppst-celebraron-culminacion-de-curso\/#primaryimage\",\"url\":\"https:\/\/www.mpppst.gob.ve\/mpppstweb\/wp-content\/uploads\/2015\/07\/IMG_3838.jpg\",\"contentUrl\":\"https:\/\/www.mpppst.gob.ve\/mpppstweb\/wp-content\/uploads\/2015\/07\/IMG_3838.jpg\",\"width\":640,\"height\":427},{\"@type\":\"BreadcrumbList\",\"@id\":\"https:\/\/www.mpppst.gob.ve\/mpppstweb\/index.php\/2015\/07\/17\/ninos-del-iii-grupo-de-la-guarderia-del-mpppst-celebraron-culminacion-de-curso\/#breadcrumb\",\"itemListElement\":[{\"@type\":\"ListItem\",\"position\":1,\"name\":\"Home\",\"item\":\"https:\/\/www.mpppst.gob.ve\/mpppstweb\/\"},{\"@type\":\"ListItem\",\"position\":2,\"name\":\"Ni\u00f1os del III grupo de la Guarder\u00eda del MPPPST celebraron culminaci\u00f3n de curso\"}]},{\"@type\":\"WebSite\",\"@id\":\"https:\/\/www.mpppst.gob.ve\/mpppstweb\/#website\",\"url\":\"https:\/\/www.mpppst.gob.ve\/mpppstweb\/\",\"name\":\"MPPPST\",\"description\":\"Ministerio del Poder Popular para el Proceso Social de Trabajo\",\"publisher\":{\"@id\":\"https:\/\/www.mpppst.gob.ve\/mpppstweb\/#organization\"},\"potentialAction\":[{\"@type\":\"SearchAction\",\"target\":{\"@type\":\"EntryPoint\",\"urlTemplate\":\"https:\/\/www.mpppst.gob.ve\/mpppstweb\/?s={search_term_string}\"},\"query-input\":\"required name=search_term_string\"}],\"inLanguage\":\"es\"},{\"@type\":\"Organization\",\"@id\":\"https:\/\/www.mpppst.gob.ve\/mpppstweb\/#organization\",\"name\":\"mpppst\",\"url\":\"https:\/\/www.mpppst.gob.ve\/mpppstweb\/\",\"logo\":{\"@type\":\"ImageObject\",\"inLanguage\":\"es\",\"@id\":\"https:\/\/www.mpppst.gob.ve\/mpppstweb\/#\/schema\/logo\/image\/\",\"url\":\"https:\/\/www.mpppst.gob.ve\/mpppstweb\/wp-content\/uploads\/2025\/07\/cropped-cropped-g910.png\",\"contentUrl\":\"https:\/\/www.mpppst.gob.ve\/mpppstweb\/wp-content\/uploads\/2025\/07\/cropped-cropped-g910.png\",\"width\":1080,\"height\":241,\"caption\":\"mpppst\"},\"image\":{\"@id\":\"https:\/\/www.mpppst.gob.ve\/mpppstweb\/#\/schema\/logo\/image\/\"}},{\"@type\":\"Person\",\"@id\":\"https:\/\/www.mpppst.gob.ve\/mpppstweb\/#\/schema\/person\/fc187ee8ead412bd4c9304b62f900ea4\",\"name\":\"MPPPST Prensa\",\"url\":\"https:\/\/www.mpppst.gob.ve\/mpppstweb\/index.php\/author\/prensa-mpppst\/\"}]}<\/script>\n<!-- \/ Yoast SEO plugin. -->","yoast_head_json":{"title":"Ni\u00f1os del III grupo de la Guarder\u00eda del MPPPST celebraron culminaci\u00f3n de curso - MPPPST","robots":{"index":"index","follow":"follow","max-snippet":"max-snippet:-1","max-image-preview":"max-image-preview:large","max-video-preview":"max-video-preview:-1"},"canonical":"https:\/\/www.mpppst.gob.ve\/mpppstweb\/index.php\/2015\/07\/17\/ninos-del-iii-grupo-de-la-guarderia-del-mpppst-celebraron-culminacion-de-curso\/","og_locale":"es_ES","og_type":"article","og_title":"Ni\u00f1os del III grupo de la Guarder\u00eda del MPPPST celebraron culminaci\u00f3n de curso - MPPPST","og_description":"Con toga y birrete, los 15 graduandos subieron al escenario para recibir, de mano de sus maestros, las medallas y diplomas.","og_url":"https:\/\/www.mpppst.gob.ve\/mpppstweb\/index.php\/2015\/07\/17\/ninos-del-iii-grupo-de-la-guarderia-del-mpppst-celebraron-culminacion-de-curso\/","og_site_name":"MPPPST","article_published_time":"2015-07-17T12:26:44+00:00","article_modified_time":"2016-07-01T16:07:07+00:00","og_image":[{"width":640,"height":427,"url":"https:\/\/www.mpppst.gob.ve\/mpppstweb\/wp-content\/uploads\/2015\/07\/IMG_3838.jpg","type":"image\/jpeg"}],"author":"MPPPST Prensa","twitter_card":"summary_large_image","twitter_misc":{"Escrito por":"MPPPST Prensa","Tiempo de lectura":"2 minutos"},"schema":{"@context":"https:\/\/schema.org","@graph":[{"@type":"Article","@id":"https:\/\/www.mpppst.gob.ve\/mpppstweb\/index.php\/2015\/07\/17\/ninos-del-iii-grupo-de-la-guarderia-del-mpppst-celebraron-culminacion-de-curso\/#article","isPartOf":{"@id":"https:\/\/www.mpppst.gob.ve\/mpppstweb\/index.php\/2015\/07\/17\/ninos-del-iii-grupo-de-la-guarderia-del-mpppst-celebraron-culminacion-de-curso\/"},"author":{"name":"MPPPST Prensa","@id":"https:\/\/www.mpppst.gob.ve\/mpppstweb\/#\/schema\/person\/fc187ee8ead412bd4c9304b62f900ea4"},"headline":"Ni\u00f1os del III grupo de la Guarder\u00eda del MPPPST celebraron culminaci\u00f3n de curso","datePublished":"2015-07-17T12:26:44+00:00","dateModified":"2016-07-01T16:07:07+00:00","mainEntityOfPage":{"@id":"https:\/\/www.mpppst.gob.ve\/mpppstweb\/index.php\/2015\/07\/17\/ninos-del-iii-grupo-de-la-guarderia-del-mpppst-celebraron-culminacion-de-curso\/"},"wordCount":407,"publisher":{"@id":"https:\/\/www.mpppst.gob.ve\/mpppstweb\/#organization"},"image":{"@id":"https:\/\/www.mpppst.gob.ve\/mpppstweb\/index.php\/2015\/07\/17\/ninos-del-iii-grupo-de-la-guarderia-del-mpppst-celebraron-culminacion-de-curso\/#primaryimage"},"thumbnailUrl":"https:\/\/www.mpppst.gob.ve\/mpppstweb\/wp-content\/uploads\/2015\/07\/IMG_3838.jpg","articleSection":["Ministerio"],"inLanguage":"es"},{"@type":"WebPage","@id":"https:\/\/www.mpppst.gob.ve\/mpppstweb\/index.php\/2015\/07\/17\/ninos-del-iii-grupo-de-la-guarderia-del-mpppst-celebraron-culminacion-de-curso\/","url":"https:\/\/www.mpppst.gob.ve\/mpppstweb\/index.php\/2015\/07\/17\/ninos-del-iii-grupo-de-la-guarderia-del-mpppst-celebraron-culminacion-de-curso\/","name":"Ni\u00f1os del III grupo de la Guarder\u00eda del MPPPST celebraron culminaci\u00f3n de curso - MPPPST","isPartOf":{"@id":"https:\/\/www.mpppst.gob.ve\/mpppstweb\/#website"},"primaryImageOfPage":{"@id":"https:\/\/www.mpppst.gob.ve\/mpppstweb\/index.php\/2015\/07\/17\/ninos-del-iii-grupo-de-la-guarderia-del-mpppst-celebraron-culminacion-de-curso\/#primaryimage"},"image":{"@id":"https:\/\/www.mpppst.gob.ve\/mpppstweb\/index.php\/2015\/07\/17\/ninos-del-iii-grupo-de-la-guarderia-del-mpppst-celebraron-culminacion-de-curso\/#primaryimage"},"thumbnailUrl":"https:\/\/www.mpppst.gob.ve\/mpppstweb\/wp-content\/uploads\/2015\/07\/IMG_3838.jpg","datePublished":"2015-07-17T12:26:44+00:00","dateModified":"2016-07-01T16:07:07+00:00","breadcrumb":{"@id":"https:\/\/www.mpppst.gob.ve\/mpppstweb\/index.php\/2015\/07\/17\/ninos-del-iii-grupo-de-la-guarderia-del-mpppst-celebraron-culminacion-de-curso\/#breadcrumb"},"inLanguage":"es","potentialAction":[{"@type":"ReadAction","target":["https:\/\/www.mpppst.gob.ve\/mpppstweb\/index.php\/2015\/07\/17\/ninos-del-iii-grupo-de-la-guarderia-del-mpppst-celebraron-culminacion-de-curso\/"]}]},{"@type":"ImageObject","inLanguage":"es","@id":"https:\/\/www.mpppst.gob.ve\/mpppstweb\/index.php\/2015\/07\/17\/ninos-del-iii-grupo-de-la-guarderia-del-mpppst-celebraron-culminacion-de-curso\/#primaryimage","url":"https:\/\/www.mpppst.gob.ve\/mpppstweb\/wp-content\/uploads\/2015\/07\/IMG_3838.jpg","contentUrl":"https:\/\/www.mpppst.gob.ve\/mpppstweb\/wp-content\/uploads\/2015\/07\/IMG_3838.jpg","width":640,"height":427},{"@type":"BreadcrumbList","@id":"https:\/\/www.mpppst.gob.ve\/mpppstweb\/index.php\/2015\/07\/17\/ninos-del-iii-grupo-de-la-guarderia-del-mpppst-celebraron-culminacion-de-curso\/#breadcrumb","itemListElement":[{"@type":"ListItem","position":1,"name":"Home","item":"https:\/\/www.mpppst.gob.ve\/mpppstweb\/"},{"@type":"ListItem","position":2,"name":"Ni\u00f1os del III grupo de la Guarder\u00eda del MPPPST celebraron culminaci\u00f3n de curso"}]},{"@type":"WebSite","@id":"https:\/\/www.mpppst.gob.ve\/mpppstweb\/#website","url":"https:\/\/www.mpppst.gob.ve\/mpppstweb\/","name":"MPPPST","description":"Ministerio del Poder Popular para el Proceso Social de Trabajo","publisher":{"@id":"https:\/\/www.mpppst.gob.ve\/mpppstweb\/#organization"},"potentialAction":[{"@type":"SearchAction","target":{"@type":"EntryPoint","urlTemplate":"https:\/\/www.mpppst.gob.ve\/mpppstweb\/?s={search_term_string}"},"query-input":"required name=search_term_string"}],"inLanguage":"es"},{"@type":"Organization","@id":"https:\/\/www.mpppst.gob.ve\/mpppstweb\/#organization","name":"mpppst","url":"https:\/\/www.mpppst.gob.ve\/mpppstweb\/","logo":{"@type":"ImageObject","inLanguage":"es","@id":"https:\/\/www.mpppst.gob.ve\/mpppstweb\/#\/schema\/logo\/image\/","url":"https:\/\/www.mpppst.gob.ve\/mpppstweb\/wp-content\/uploads\/2025\/07\/cropped-cropped-g910.png","contentUrl":"https:\/\/www.mpppst.gob.ve\/mpppstweb\/wp-content\/uploads\/2025\/07\/cropped-cropped-g910.png","width":1080,"height":241,"caption":"mpppst"},"image":{"@id":"https:\/\/www.mpppst.gob.ve\/mpppstweb\/#\/schema\/logo\/image\/"}},{"@type":"Person","@id":"https:\/\/www.mpppst.gob.ve\/mpppstweb\/#\/schema\/person\/fc187ee8ead412bd4c9304b62f900ea4","name":"MPPPST Prensa","url":"https:\/\/www.mpppst.gob.ve\/mpppstweb\/index.php\/author\/prensa-mpppst\/"}]}},"_links":{"self":[{"href":"https:\/\/www.mpppst.gob.ve\/mpppstweb\/index.php\/wp-json\/wp\/v2\/posts\/3371"}],"collection":[{"href":"https:\/\/www.mpppst.gob.ve\/mpppstweb\/index.php\/wp-json\/wp\/v2\/posts"}],"about":[{"href":"https:\/\/www.mpppst.gob.ve\/mpppstweb\/index.php\/wp-json\/wp\/v2\/types\/post"}],"author":[{"embeddable":true,"href":"https:\/\/www.mpppst.gob.ve\/mpppstweb\/index.php\/wp-json\/wp\/v2\/users\/25"}],"replies":[{"embeddable":true,"href":"https:\/\/www.mpppst.gob.ve\/mpppstweb\/index.php\/wp-json\/wp\/v2\/comments?post=3371"}],"version-history":[{"count":1,"href":"https:\/\/www.mpppst.gob.ve\/mpppstweb\/index.php\/wp-json\/wp\/v2\/posts\/3371\/revisions"}],"predecessor-version":[{"id":6851,"href":"https:\/\/www.mpppst.gob.ve\/mpppstweb\/index.php\/wp-json\/wp\/v2\/posts\/3371\/revisions\/6851"}],"wp:featuredmedia":[{"embeddable":true,"href":"https:\/\/www.mpppst.gob.ve\/mpppstweb\/index.php\/wp-json\/wp\/v2\/media\/3372"}],"wp:attachment":[{"href":"https:\/\/www.mpppst.gob.ve\/mpppstweb\/index.php\/wp-json\/wp\/v2\/media?parent=3371"}],"wp:term":[{"taxonomy":"category","embeddable":true,"href":"https:\/\/www.mpppst.gob.ve\/mpppstweb\/index.php\/wp-json\/wp\/v2\/categories?post=3371"},{"taxonomy":"post_tag","embeddable":true,"href":"https:\/\/www.mpppst.gob.ve\/mpppstweb\/index.php\/wp-json\/wp\/v2\/tags?post=3371"}],"curies":[{"name":"wp","href":"https:\/\/api.w.org\/{rel}","templated":true}]}}