{"id":3380,"date":"2015-07-21T14:44:41","date_gmt":"2015-07-21T14:44:41","guid":{"rendered":"http:\/\/www.mpppst.gob.ve\/mpppstweb\/?p=3380"},"modified":"2016-07-01T16:07:26","modified_gmt":"2016-07-01T16:07:26","slug":"familias-de-brisas-de-maiquetia-se-unen-a-las-13-mil-visitadas-en-vargas","status":"publish","type":"post","link":"https:\/\/www.mpppst.gob.ve\/mpppstweb\/index.php\/2015\/07\/21\/familias-de-brisas-de-maiquetia-se-unen-a-las-13-mil-visitadas-en-vargas\/","title":{"rendered":"Familias de Brisas de Maiquet\u00eda se unen a las 13 mil visitadas en Vargas"},"content":{"rendered":"<p>Caracas, 19 de julio.- Representantes de consejos comunales y de las Unidades de Batalla Bol\u00edvar-Ch\u00e1vez (UBCH) de la comunidad Brisas de Maiquet\u00eda, parroquia Urimare, del estado Vargas, acompa\u00f1aron este fin de semana al ministro del Poder Popular para el Proceso Social de Trabajo, Jes\u00fas Mart\u00ednez, durante el recorrido casa por casa que se realiz\u00f3 en la zona, para compartir con familias de bajos ingresos y verificar los datos obtenidos durante el censo de la Gran Misi\u00f3n Hogares de la Patria.<\/p>\n<p>El titular del despacho laboral inst\u00f3 a todos los presentes a trabajar en equipo para luchar contra los planes desestabilizadores de la derecha. Resalt\u00f3 que la soluci\u00f3n a los problemas que presenta la comunidad \u201crequiere de la unidad y la ayuda de todos porque la herencia que recibimos del pasado es gigantesca\u201d.<\/p>\n<p>Adolia Vaamonde, presidenta de las Misiones Sociales del estado Vargas, inform\u00f3 que en la entidad m\u00e1s de 13 mil familias han sido verificadas y est\u00e1n recibiendo los beneficios de las Misiones que integran la Gran Misi\u00f3n Hogares de la Patria como Madres del Barrio, Hijos e Hijas de Venezuela, En Amor Mayor y Jos\u00e9 Gregorio Hern\u00e1ndez.<\/p>\n<p>Explic\u00f3 que en la comunidad Brisas de Maiquet\u00eda se tienen seleccionadas 146 familias y que este fin de semana se inici\u00f3 junto al Ministro Mart\u00ednez la verificaci\u00f3n de los datos suministrados durante el censo a las primeras diez familias para constatar en la situaci\u00f3n que viven y las verdaderas necesidades extremas que puedan tener.<\/p>\n<p>Yajaira Vermin, representante de la UBCH de Brisas de Maiquet\u00eda, se\u00f1al\u00f3 que este tipo de ayudas son muy buenas porque les permite a la comunidad tener una mejor calidad de vida.<\/p>\n<p>Katiuska Arias, beneficiaria y madre de cinco ni\u00f1os manifest\u00f3 sentirse emocionada por haber sido seleccionada para recibir la ayuda que necesita con su hijo que padece de autismo. Se\u00f1al\u00f3 que este tipo de misiones son muy buenas porque ayudan a las personas que verdaderamente lo necesitan.<\/p>\n<p>Por su parte, Doris Rosales, otra de las beneficiarias manifest\u00f3 sentirse satisfecha y agradecida con la ayuda que pueda recibir. Resalt\u00f3 que el Gobierno ha hecho un buen trabajo y m\u00e1s con las familias de bajos recursos.<\/p>\n<p>La Gran Misi\u00f3n Hogares de la Patria fue creada por el Presidente de la Rep\u00fablica, Nicol\u00e1s Maduro, en 2014, con el prop\u00f3sito de erradicar la pobreza extrema, al brindar protecci\u00f3n integral a las familias m\u00e1s vulnerables.<\/p>\n<p>En 1998 la pobreza extrema alcanzaba al 17,1% de la poblaci\u00f3n y el Gobierno Revolucionario la redujo a solo 6,8% al culminar el 2013. Con la Gran Misi\u00f3n Hogares de la Patria y otras grandes misiones de la Revoluci\u00f3n se busca reducir a\u00fan m\u00e1s, en 2016, tanto la pobreza extrema como la pobreza en general.<\/p>\n<p>&nbsp;<\/p>\n<p>Redacci\u00f3n: Miliseth Ysea<\/p>\n<p>Fotograf\u00eda: Dellys Landaeta<\/p>\n","protected":false},"excerpt":{"rendered":"<p>Representantes de consejos comunales y de las UBCH de la comunidad Brisas de Maiquet\u00eda, parroquia Urimare, del estado Vargas, acompa\u00f1aron este fin de semana al ministro, Jes\u00fas Mart\u00ednez. <\/p>\n","protected":false},"author":25,"featured_media":3383,"comment_status":"closed","ping_status":"closed","sticky":false,"template":"","format":"standard","meta":{"footnotes":""},"categories":[82],"tags":[],"yoast_head":"<!-- This site is optimized with the Yoast SEO plugin v22.5 - https:\/\/yoast.com\/wordpress\/plugins\/seo\/ -->\n<title>Familias de Brisas de Maiquet\u00eda se unen a las 13 mil visitadas en Vargas - MPPPST<\/title>\n<meta name=\"robots\" content=\"index, follow, max-snippet:-1, max-image-preview:large, max-video-preview:-1\" \/>\n<link rel=\"canonical\" href=\"https:\/\/www.mpppst.gob.ve\/mpppstweb\/index.php\/2015\/07\/21\/familias-de-brisas-de-maiquetia-se-unen-a-las-13-mil-visitadas-en-vargas\/\" \/>\n<meta property=\"og:locale\" content=\"es_ES\" \/>\n<meta property=\"og:type\" content=\"article\" \/>\n<meta property=\"og:title\" content=\"Familias de Brisas de Maiquet\u00eda se unen a las 13 mil visitadas en Vargas - MPPPST\" \/>\n<meta property=\"og:description\" content=\"Representantes de consejos comunales y de las UBCH de la comunidad Brisas de Maiquet\u00eda, parroquia Urimare, del estado Vargas, acompa\u00f1aron este fin de semana al ministro, Jes\u00fas Mart\u00ednez.\" \/>\n<meta property=\"og:url\" content=\"https:\/\/www.mpppst.gob.ve\/mpppstweb\/index.php\/2015\/07\/21\/familias-de-brisas-de-maiquetia-se-unen-a-las-13-mil-visitadas-en-vargas\/\" \/>\n<meta property=\"og:site_name\" content=\"MPPPST\" \/>\n<meta property=\"article:published_time\" content=\"2015-07-21T14:44:41+00:00\" \/>\n<meta property=\"article:modified_time\" content=\"2016-07-01T16:07:26+00:00\" \/>\n<meta property=\"og:image\" content=\"https:\/\/www.mpppst.gob.ve\/mpppstweb\/wp-content\/uploads\/2015\/07\/Foto-web-Maiquetia.jpg\" \/>\n\t<meta property=\"og:image:width\" content=\"640\" \/>\n\t<meta property=\"og:image:height\" content=\"446\" \/>\n\t<meta property=\"og:image:type\" content=\"image\/jpeg\" \/>\n<meta name=\"author\" content=\"MPPPST Prensa\" \/>\n<meta name=\"twitter:card\" content=\"summary_large_image\" \/>\n<meta name=\"twitter:label1\" content=\"Escrito por\" \/>\n\t<meta name=\"twitter:data1\" content=\"MPPPST Prensa\" \/>\n\t<meta name=\"twitter:label2\" content=\"Tiempo de lectura\" \/>\n\t<meta name=\"twitter:data2\" content=\"2 minutos\" \/>\n<script type=\"application\/ld+json\" class=\"yoast-schema-graph\">{\"@context\":\"https:\/\/schema.org\",\"@graph\":[{\"@type\":\"Article\",\"@id\":\"https:\/\/www.mpppst.gob.ve\/mpppstweb\/index.php\/2015\/07\/21\/familias-de-brisas-de-maiquetia-se-unen-a-las-13-mil-visitadas-en-vargas\/#article\",\"isPartOf\":{\"@id\":\"https:\/\/www.mpppst.gob.ve\/mpppstweb\/index.php\/2015\/07\/21\/familias-de-brisas-de-maiquetia-se-unen-a-las-13-mil-visitadas-en-vargas\/\"},\"author\":{\"name\":\"MPPPST Prensa\",\"@id\":\"https:\/\/www.mpppst.gob.ve\/mpppstweb\/#\/schema\/person\/fc187ee8ead412bd4c9304b62f900ea4\"},\"headline\":\"Familias de Brisas de Maiquet\u00eda se unen a las 13 mil visitadas en Vargas\",\"datePublished\":\"2015-07-21T14:44:41+00:00\",\"dateModified\":\"2016-07-01T16:07:26+00:00\",\"mainEntityOfPage\":{\"@id\":\"https:\/\/www.mpppst.gob.ve\/mpppstweb\/index.php\/2015\/07\/21\/familias-de-brisas-de-maiquetia-se-unen-a-las-13-mil-visitadas-en-vargas\/\"},\"wordCount\":494,\"publisher\":{\"@id\":\"https:\/\/www.mpppst.gob.ve\/mpppstweb\/#organization\"},\"image\":{\"@id\":\"https:\/\/www.mpppst.gob.ve\/mpppstweb\/index.php\/2015\/07\/21\/familias-de-brisas-de-maiquetia-se-unen-a-las-13-mil-visitadas-en-vargas\/#primaryimage\"},\"thumbnailUrl\":\"https:\/\/www.mpppst.gob.ve\/mpppstweb\/wp-content\/uploads\/2015\/07\/Foto-web-Maiquetia.jpg\",\"articleSection\":[\"Gobierno Nacional\"],\"inLanguage\":\"es\"},{\"@type\":\"WebPage\",\"@id\":\"https:\/\/www.mpppst.gob.ve\/mpppstweb\/index.php\/2015\/07\/21\/familias-de-brisas-de-maiquetia-se-unen-a-las-13-mil-visitadas-en-vargas\/\",\"url\":\"https:\/\/www.mpppst.gob.ve\/mpppstweb\/index.php\/2015\/07\/21\/familias-de-brisas-de-maiquetia-se-unen-a-las-13-mil-visitadas-en-vargas\/\",\"name\":\"Familias de Brisas de Maiquet\u00eda se unen a las 13 mil visitadas en Vargas - MPPPST\",\"isPartOf\":{\"@id\":\"https:\/\/www.mpppst.gob.ve\/mpppstweb\/#website\"},\"primaryImageOfPage\":{\"@id\":\"https:\/\/www.mpppst.gob.ve\/mpppstweb\/index.php\/2015\/07\/21\/familias-de-brisas-de-maiquetia-se-unen-a-las-13-mil-visitadas-en-vargas\/#primaryimage\"},\"image\":{\"@id\":\"https:\/\/www.mpppst.gob.ve\/mpppstweb\/index.php\/2015\/07\/21\/familias-de-brisas-de-maiquetia-se-unen-a-las-13-mil-visitadas-en-vargas\/#primaryimage\"},\"thumbnailUrl\":\"https:\/\/www.mpppst.gob.ve\/mpppstweb\/wp-content\/uploads\/2015\/07\/Foto-web-Maiquetia.jpg\",\"datePublished\":\"2015-07-21T14:44:41+00:00\",\"dateModified\":\"2016-07-01T16:07:26+00:00\",\"breadcrumb\":{\"@id\":\"https:\/\/www.mpppst.gob.ve\/mpppstweb\/index.php\/2015\/07\/21\/familias-de-brisas-de-maiquetia-se-unen-a-las-13-mil-visitadas-en-vargas\/#breadcrumb\"},\"inLanguage\":\"es\",\"potentialAction\":[{\"@type\":\"ReadAction\",\"target\":[\"https:\/\/www.mpppst.gob.ve\/mpppstweb\/index.php\/2015\/07\/21\/familias-de-brisas-de-maiquetia-se-unen-a-las-13-mil-visitadas-en-vargas\/\"]}]},{\"@type\":\"ImageObject\",\"inLanguage\":\"es\",\"@id\":\"https:\/\/www.mpppst.gob.ve\/mpppstweb\/index.php\/2015\/07\/21\/familias-de-brisas-de-maiquetia-se-unen-a-las-13-mil-visitadas-en-vargas\/#primaryimage\",\"url\":\"https:\/\/www.mpppst.gob.ve\/mpppstweb\/wp-content\/uploads\/2015\/07\/Foto-web-Maiquetia.jpg\",\"contentUrl\":\"https:\/\/www.mpppst.gob.ve\/mpppstweb\/wp-content\/uploads\/2015\/07\/Foto-web-Maiquetia.jpg\",\"width\":640,\"height\":446},{\"@type\":\"BreadcrumbList\",\"@id\":\"https:\/\/www.mpppst.gob.ve\/mpppstweb\/index.php\/2015\/07\/21\/familias-de-brisas-de-maiquetia-se-unen-a-las-13-mil-visitadas-en-vargas\/#breadcrumb\",\"itemListElement\":[{\"@type\":\"ListItem\",\"position\":1,\"name\":\"Home\",\"item\":\"https:\/\/www.mpppst.gob.ve\/mpppstweb\/\"},{\"@type\":\"ListItem\",\"position\":2,\"name\":\"Familias de Brisas de Maiquet\u00eda se unen a las 13 mil visitadas en Vargas\"}]},{\"@type\":\"WebSite\",\"@id\":\"https:\/\/www.mpppst.gob.ve\/mpppstweb\/#website\",\"url\":\"https:\/\/www.mpppst.gob.ve\/mpppstweb\/\",\"name\":\"MPPPST\",\"description\":\"Ministerio del Poder Popular para el Proceso Social de Trabajo\",\"publisher\":{\"@id\":\"https:\/\/www.mpppst.gob.ve\/mpppstweb\/#organization\"},\"potentialAction\":[{\"@type\":\"SearchAction\",\"target\":{\"@type\":\"EntryPoint\",\"urlTemplate\":\"https:\/\/www.mpppst.gob.ve\/mpppstweb\/?s={search_term_string}\"},\"query-input\":\"required name=search_term_string\"}],\"inLanguage\":\"es\"},{\"@type\":\"Organization\",\"@id\":\"https:\/\/www.mpppst.gob.ve\/mpppstweb\/#organization\",\"name\":\"mpppst\",\"url\":\"https:\/\/www.mpppst.gob.ve\/mpppstweb\/\",\"logo\":{\"@type\":\"ImageObject\",\"inLanguage\":\"es\",\"@id\":\"https:\/\/www.mpppst.gob.ve\/mpppstweb\/#\/schema\/logo\/image\/\",\"url\":\"https:\/\/www.mpppst.gob.ve\/mpppstweb\/wp-content\/uploads\/2025\/07\/cropped-cropped-g910.png\",\"contentUrl\":\"https:\/\/www.mpppst.gob.ve\/mpppstweb\/wp-content\/uploads\/2025\/07\/cropped-cropped-g910.png\",\"width\":1080,\"height\":241,\"caption\":\"mpppst\"},\"image\":{\"@id\":\"https:\/\/www.mpppst.gob.ve\/mpppstweb\/#\/schema\/logo\/image\/\"}},{\"@type\":\"Person\",\"@id\":\"https:\/\/www.mpppst.gob.ve\/mpppstweb\/#\/schema\/person\/fc187ee8ead412bd4c9304b62f900ea4\",\"name\":\"MPPPST Prensa\",\"url\":\"https:\/\/www.mpppst.gob.ve\/mpppstweb\/index.php\/author\/prensa-mpppst\/\"}]}<\/script>\n<!-- \/ Yoast SEO plugin. -->","yoast_head_json":{"title":"Familias de Brisas de Maiquet\u00eda se unen a las 13 mil visitadas en Vargas - MPPPST","robots":{"index":"index","follow":"follow","max-snippet":"max-snippet:-1","max-image-preview":"max-image-preview:large","max-video-preview":"max-video-preview:-1"},"canonical":"https:\/\/www.mpppst.gob.ve\/mpppstweb\/index.php\/2015\/07\/21\/familias-de-brisas-de-maiquetia-se-unen-a-las-13-mil-visitadas-en-vargas\/","og_locale":"es_ES","og_type":"article","og_title":"Familias de Brisas de Maiquet\u00eda se unen a las 13 mil visitadas en Vargas - MPPPST","og_description":"Representantes de consejos comunales y de las UBCH de la comunidad Brisas de Maiquet\u00eda, parroquia Urimare, del estado Vargas, acompa\u00f1aron este fin de semana al ministro, Jes\u00fas Mart\u00ednez.","og_url":"https:\/\/www.mpppst.gob.ve\/mpppstweb\/index.php\/2015\/07\/21\/familias-de-brisas-de-maiquetia-se-unen-a-las-13-mil-visitadas-en-vargas\/","og_site_name":"MPPPST","article_published_time":"2015-07-21T14:44:41+00:00","article_modified_time":"2016-07-01T16:07:26+00:00","og_image":[{"width":640,"height":446,"url":"https:\/\/www.mpppst.gob.ve\/mpppstweb\/wp-content\/uploads\/2015\/07\/Foto-web-Maiquetia.jpg","type":"image\/jpeg"}],"author":"MPPPST Prensa","twitter_card":"summary_large_image","twitter_misc":{"Escrito por":"MPPPST Prensa","Tiempo de lectura":"2 minutos"},"schema":{"@context":"https:\/\/schema.org","@graph":[{"@type":"Article","@id":"https:\/\/www.mpppst.gob.ve\/mpppstweb\/index.php\/2015\/07\/21\/familias-de-brisas-de-maiquetia-se-unen-a-las-13-mil-visitadas-en-vargas\/#article","isPartOf":{"@id":"https:\/\/www.mpppst.gob.ve\/mpppstweb\/index.php\/2015\/07\/21\/familias-de-brisas-de-maiquetia-se-unen-a-las-13-mil-visitadas-en-vargas\/"},"author":{"name":"MPPPST Prensa","@id":"https:\/\/www.mpppst.gob.ve\/mpppstweb\/#\/schema\/person\/fc187ee8ead412bd4c9304b62f900ea4"},"headline":"Familias de Brisas de Maiquet\u00eda se unen a las 13 mil visitadas en Vargas","datePublished":"2015-07-21T14:44:41+00:00","dateModified":"2016-07-01T16:07:26+00:00","mainEntityOfPage":{"@id":"https:\/\/www.mpppst.gob.ve\/mpppstweb\/index.php\/2015\/07\/21\/familias-de-brisas-de-maiquetia-se-unen-a-las-13-mil-visitadas-en-vargas\/"},"wordCount":494,"publisher":{"@id":"https:\/\/www.mpppst.gob.ve\/mpppstweb\/#organization"},"image":{"@id":"https:\/\/www.mpppst.gob.ve\/mpppstweb\/index.php\/2015\/07\/21\/familias-de-brisas-de-maiquetia-se-unen-a-las-13-mil-visitadas-en-vargas\/#primaryimage"},"thumbnailUrl":"https:\/\/www.mpppst.gob.ve\/mpppstweb\/wp-content\/uploads\/2015\/07\/Foto-web-Maiquetia.jpg","articleSection":["Gobierno Nacional"],"inLanguage":"es"},{"@type":"WebPage","@id":"https:\/\/www.mpppst.gob.ve\/mpppstweb\/index.php\/2015\/07\/21\/familias-de-brisas-de-maiquetia-se-unen-a-las-13-mil-visitadas-en-vargas\/","url":"https:\/\/www.mpppst.gob.ve\/mpppstweb\/index.php\/2015\/07\/21\/familias-de-brisas-de-maiquetia-se-unen-a-las-13-mil-visitadas-en-vargas\/","name":"Familias de Brisas de Maiquet\u00eda se unen a las 13 mil visitadas en Vargas - MPPPST","isPartOf":{"@id":"https:\/\/www.mpppst.gob.ve\/mpppstweb\/#website"},"primaryImageOfPage":{"@id":"https:\/\/www.mpppst.gob.ve\/mpppstweb\/index.php\/2015\/07\/21\/familias-de-brisas-de-maiquetia-se-unen-a-las-13-mil-visitadas-en-vargas\/#primaryimage"},"image":{"@id":"https:\/\/www.mpppst.gob.ve\/mpppstweb\/index.php\/2015\/07\/21\/familias-de-brisas-de-maiquetia-se-unen-a-las-13-mil-visitadas-en-vargas\/#primaryimage"},"thumbnailUrl":"https:\/\/www.mpppst.gob.ve\/mpppstweb\/wp-content\/uploads\/2015\/07\/Foto-web-Maiquetia.jpg","datePublished":"2015-07-21T14:44:41+00:00","dateModified":"2016-07-01T16:07:26+00:00","breadcrumb":{"@id":"https:\/\/www.mpppst.gob.ve\/mpppstweb\/index.php\/2015\/07\/21\/familias-de-brisas-de-maiquetia-se-unen-a-las-13-mil-visitadas-en-vargas\/#breadcrumb"},"inLanguage":"es","potentialAction":[{"@type":"ReadAction","target":["https:\/\/www.mpppst.gob.ve\/mpppstweb\/index.php\/2015\/07\/21\/familias-de-brisas-de-maiquetia-se-unen-a-las-13-mil-visitadas-en-vargas\/"]}]},{"@type":"ImageObject","inLanguage":"es","@id":"https:\/\/www.mpppst.gob.ve\/mpppstweb\/index.php\/2015\/07\/21\/familias-de-brisas-de-maiquetia-se-unen-a-las-13-mil-visitadas-en-vargas\/#primaryimage","url":"https:\/\/www.mpppst.gob.ve\/mpppstweb\/wp-content\/uploads\/2015\/07\/Foto-web-Maiquetia.jpg","contentUrl":"https:\/\/www.mpppst.gob.ve\/mpppstweb\/wp-content\/uploads\/2015\/07\/Foto-web-Maiquetia.jpg","width":640,"height":446},{"@type":"BreadcrumbList","@id":"https:\/\/www.mpppst.gob.ve\/mpppstweb\/index.php\/2015\/07\/21\/familias-de-brisas-de-maiquetia-se-unen-a-las-13-mil-visitadas-en-vargas\/#breadcrumb","itemListElement":[{"@type":"ListItem","position":1,"name":"Home","item":"https:\/\/www.mpppst.gob.ve\/mpppstweb\/"},{"@type":"ListItem","position":2,"name":"Familias de Brisas de Maiquet\u00eda se unen a las 13 mil visitadas en Vargas"}]},{"@type":"WebSite","@id":"https:\/\/www.mpppst.gob.ve\/mpppstweb\/#website","url":"https:\/\/www.mpppst.gob.ve\/mpppstweb\/","name":"MPPPST","description":"Ministerio del Poder Popular para el Proceso Social de Trabajo","publisher":{"@id":"https:\/\/www.mpppst.gob.ve\/mpppstweb\/#organization"},"potentialAction":[{"@type":"SearchAction","target":{"@type":"EntryPoint","urlTemplate":"https:\/\/www.mpppst.gob.ve\/mpppstweb\/?s={search_term_string}"},"query-input":"required name=search_term_string"}],"inLanguage":"es"},{"@type":"Organization","@id":"https:\/\/www.mpppst.gob.ve\/mpppstweb\/#organization","name":"mpppst","url":"https:\/\/www.mpppst.gob.ve\/mpppstweb\/","logo":{"@type":"ImageObject","inLanguage":"es","@id":"https:\/\/www.mpppst.gob.ve\/mpppstweb\/#\/schema\/logo\/image\/","url":"https:\/\/www.mpppst.gob.ve\/mpppstweb\/wp-content\/uploads\/2025\/07\/cropped-cropped-g910.png","contentUrl":"https:\/\/www.mpppst.gob.ve\/mpppstweb\/wp-content\/uploads\/2025\/07\/cropped-cropped-g910.png","width":1080,"height":241,"caption":"mpppst"},"image":{"@id":"https:\/\/www.mpppst.gob.ve\/mpppstweb\/#\/schema\/logo\/image\/"}},{"@type":"Person","@id":"https:\/\/www.mpppst.gob.ve\/mpppstweb\/#\/schema\/person\/fc187ee8ead412bd4c9304b62f900ea4","name":"MPPPST Prensa","url":"https:\/\/www.mpppst.gob.ve\/mpppstweb\/index.php\/author\/prensa-mpppst\/"}]}},"_links":{"self":[{"href":"https:\/\/www.mpppst.gob.ve\/mpppstweb\/index.php\/wp-json\/wp\/v2\/posts\/3380"}],"collection":[{"href":"https:\/\/www.mpppst.gob.ve\/mpppstweb\/index.php\/wp-json\/wp\/v2\/posts"}],"about":[{"href":"https:\/\/www.mpppst.gob.ve\/mpppstweb\/index.php\/wp-json\/wp\/v2\/types\/post"}],"author":[{"embeddable":true,"href":"https:\/\/www.mpppst.gob.ve\/mpppstweb\/index.php\/wp-json\/wp\/v2\/users\/25"}],"replies":[{"embeddable":true,"href":"https:\/\/www.mpppst.gob.ve\/mpppstweb\/index.php\/wp-json\/wp\/v2\/comments?post=3380"}],"version-history":[{"count":1,"href":"https:\/\/www.mpppst.gob.ve\/mpppstweb\/index.php\/wp-json\/wp\/v2\/posts\/3380\/revisions"}],"predecessor-version":[{"id":6852,"href":"https:\/\/www.mpppst.gob.ve\/mpppstweb\/index.php\/wp-json\/wp\/v2\/posts\/3380\/revisions\/6852"}],"wp:featuredmedia":[{"embeddable":true,"href":"https:\/\/www.mpppst.gob.ve\/mpppstweb\/index.php\/wp-json\/wp\/v2\/media\/3383"}],"wp:attachment":[{"href":"https:\/\/www.mpppst.gob.ve\/mpppstweb\/index.php\/wp-json\/wp\/v2\/media?parent=3380"}],"wp:term":[{"taxonomy":"category","embeddable":true,"href":"https:\/\/www.mpppst.gob.ve\/mpppstweb\/index.php\/wp-json\/wp\/v2\/categories?post=3380"},{"taxonomy":"post_tag","embeddable":true,"href":"https:\/\/www.mpppst.gob.ve\/mpppstweb\/index.php\/wp-json\/wp\/v2\/tags?post=3380"}],"curies":[{"name":"wp","href":"https:\/\/api.w.org\/{rel}","templated":true}]}}