{"id":3385,"date":"2015-07-21T15:19:20","date_gmt":"2015-07-21T15:19:20","guid":{"rendered":"http:\/\/www.mpppst.gob.ve\/mpppstweb\/?p=3385"},"modified":"2016-07-01T16:07:44","modified_gmt":"2016-07-01T16:07:44","slug":"consignado-proyecto-de-convencion-colectiva-unitario-del-magisterio","status":"publish","type":"post","link":"https:\/\/www.mpppst.gob.ve\/mpppstweb\/index.php\/2015\/07\/21\/consignado-proyecto-de-convencion-colectiva-unitario-del-magisterio\/","title":{"rendered":"Consignado Proyecto de Convenci\u00f3n Colectiva Unitario del Magisterio"},"content":{"rendered":"<p>Caracas, 20 de julio.- M\u00e1s de 900 mil trabajadores y trabajadoras de la educaci\u00f3n a nivel nacional entre docentes, administrativos y obreros, ser\u00e1n beneficiados con el Proyecto de Convenci\u00f3n Colectiva Unitario del Magisterio consignado este lunes en la sede del Ministerio del Poder Popular para el Proceso Social de Trabajo (MPPPST).<\/p>\n<p>N\u00e9stor Ovalles, viceministro de Previsi\u00f3n Social del MPPPST, manifest\u00f3 que la entrega de este proyecto, es un hecho hist\u00f3rico, ya que por primera vez trabajadores y trabajadoras sin distingo, concurren para discutir una convenci\u00f3n colectiva de la educaci\u00f3n venezolana, tal como lo establecen la Carta Magna y la Ley Org\u00e1nica del Trabajo los Trabajadores y las Trabajadoras (LOTTT).<\/p>\n<p>Adem\u00e1s Ovalles se refiri\u00f3, a que \u201ceste evento habla por s\u00ed solo de las plenas garant\u00edas que existen en nuestro pa\u00eds para el ejercicio de la libertad sindical y para el cuido, protecci\u00f3n y garant\u00eda de los derechos individuales y colectivos de los trabajadores y trabajadoras\u201d.<\/p>\n<p>Orlando P\u00e9rez, presidente del Sindicato Nacional Fuerza Unitaria Magisterial, inform\u00f3 que 17 organizaciones sindicales entre personal administrativo, obrero y docentes discutir\u00e1n el Proyecto de la Primera Convenci\u00f3n Colectiva Unitaria de los trabajadores de la educaci\u00f3n, \u201cpara revisar la recomposici\u00f3n del salario, la estabilidad de los trabajadores de la educaci\u00f3n y su seguridad social\u201d.<\/p>\n<p>P\u00e9rez, explic\u00f3 que entre las cl\u00e1usulas que contiene este proyecto est\u00e1 el mejoramiento del HCM, la reestructuraci\u00f3n del Ipasme y la posibilidad de la formaci\u00f3n permanente para obreros, administrativos y docentes.<\/p>\n<p>Julio Vargas, presidente del Sindicato Unitario Nacional de Empleados P\u00fablicos del Ministerio de Educaci\u00f3n (SUNEP-ME) manifest\u00f3 que en esta convenci\u00f3n colectiva, adem\u00e1s de incluir la Misi\u00f3n Mercal Obrero y la Misi\u00f3n Vivienda Venezuela, hace \u00e9nfasis en la seguridad social integral de los trabajadores y trabajadoras.<\/p>\n<p>Por su parte, \u00c1ngel Mar\u00edn, presidente de la Federaci\u00f3n de Educadores de Venezuela, destac\u00f3 que esta convenci\u00f3n colectiva se divide en tres cap\u00edtulos, el primero correspondiente a los docentes, el segundo a los administrativos y el tercero a los obreros. Resalt\u00f3, que la condici\u00f3n unitaria est\u00e1 radicada en que cada cap\u00edtulo contiene 23 cl\u00e1usulas de beneficios comunes, con el proyecto futuro de construir una plataforma de seguridad social igual para los tres sectores. Asimismo, construir un sistema de bonos universales, basados en los criterios de la igualdad y la equidad que plantea la Constituci\u00f3n de la Rep\u00fablica Bolivariana de Venezuela.<\/p>\n<p>&nbsp;<\/p>\n<p>Redacci\u00f3n: Miliseth Ysea<\/p>\n<p>Fotograf\u00eda: Maritza Higuera<\/p>\n<p>&nbsp;<\/p>\n","protected":false},"excerpt":{"rendered":"<p>M\u00e1s de 900 mil trabajadores y trabajadoras de la educaci\u00f3n a nivel nacional entre docentes, administrativos y obreros, ser\u00e1n beneficiados<\/p>\n","protected":false},"author":25,"featured_media":3386,"comment_status":"closed","ping_status":"closed","sticky":false,"template":"","format":"standard","meta":{"footnotes":""},"categories":[83],"tags":[],"yoast_head":"<!-- This site is optimized with the Yoast SEO plugin v22.5 - https:\/\/yoast.com\/wordpress\/plugins\/seo\/ -->\n<title>Consignado Proyecto de Convenci\u00f3n Colectiva Unitario del Magisterio - MPPPST<\/title>\n<meta name=\"robots\" content=\"index, follow, max-snippet:-1, max-image-preview:large, max-video-preview:-1\" \/>\n<link rel=\"canonical\" href=\"https:\/\/www.mpppst.gob.ve\/mpppstweb\/index.php\/2015\/07\/21\/consignado-proyecto-de-convencion-colectiva-unitario-del-magisterio\/\" \/>\n<meta property=\"og:locale\" content=\"es_ES\" \/>\n<meta property=\"og:type\" content=\"article\" \/>\n<meta property=\"og:title\" content=\"Consignado Proyecto de Convenci\u00f3n Colectiva Unitario del Magisterio - MPPPST\" \/>\n<meta property=\"og:description\" content=\"M\u00e1s de 900 mil trabajadores y trabajadoras de la educaci\u00f3n a nivel nacional entre docentes, administrativos y obreros, ser\u00e1n beneficiados\" \/>\n<meta property=\"og:url\" content=\"https:\/\/www.mpppst.gob.ve\/mpppstweb\/index.php\/2015\/07\/21\/consignado-proyecto-de-convencion-colectiva-unitario-del-magisterio\/\" \/>\n<meta property=\"og:site_name\" content=\"MPPPST\" \/>\n<meta property=\"article:published_time\" content=\"2015-07-21T15:19:20+00:00\" \/>\n<meta property=\"article:modified_time\" content=\"2016-07-01T16:07:44+00:00\" \/>\n<meta property=\"og:image\" content=\"https:\/\/www.mpppst.gob.ve\/mpppstweb\/wp-content\/uploads\/2015\/07\/Foto-web-educacion.jpg\" \/>\n\t<meta property=\"og:image:width\" content=\"640\" \/>\n\t<meta property=\"og:image:height\" content=\"427\" \/>\n\t<meta property=\"og:image:type\" content=\"image\/jpeg\" \/>\n<meta name=\"author\" content=\"MPPPST Prensa\" \/>\n<meta name=\"twitter:card\" content=\"summary_large_image\" \/>\n<meta name=\"twitter:label1\" content=\"Escrito por\" \/>\n\t<meta name=\"twitter:data1\" content=\"MPPPST Prensa\" \/>\n\t<meta name=\"twitter:label2\" content=\"Tiempo de lectura\" \/>\n\t<meta name=\"twitter:data2\" content=\"2 minutos\" \/>\n<script type=\"application\/ld+json\" class=\"yoast-schema-graph\">{\"@context\":\"https:\/\/schema.org\",\"@graph\":[{\"@type\":\"Article\",\"@id\":\"https:\/\/www.mpppst.gob.ve\/mpppstweb\/index.php\/2015\/07\/21\/consignado-proyecto-de-convencion-colectiva-unitario-del-magisterio\/#article\",\"isPartOf\":{\"@id\":\"https:\/\/www.mpppst.gob.ve\/mpppstweb\/index.php\/2015\/07\/21\/consignado-proyecto-de-convencion-colectiva-unitario-del-magisterio\/\"},\"author\":{\"name\":\"MPPPST Prensa\",\"@id\":\"https:\/\/www.mpppst.gob.ve\/mpppstweb\/#\/schema\/person\/fc187ee8ead412bd4c9304b62f900ea4\"},\"headline\":\"Consignado Proyecto de Convenci\u00f3n Colectiva Unitario del Magisterio\",\"datePublished\":\"2015-07-21T15:19:20+00:00\",\"dateModified\":\"2016-07-01T16:07:44+00:00\",\"mainEntityOfPage\":{\"@id\":\"https:\/\/www.mpppst.gob.ve\/mpppstweb\/index.php\/2015\/07\/21\/consignado-proyecto-de-convencion-colectiva-unitario-del-magisterio\/\"},\"wordCount\":440,\"publisher\":{\"@id\":\"https:\/\/www.mpppst.gob.ve\/mpppstweb\/#organization\"},\"image\":{\"@id\":\"https:\/\/www.mpppst.gob.ve\/mpppstweb\/index.php\/2015\/07\/21\/consignado-proyecto-de-convencion-colectiva-unitario-del-magisterio\/#primaryimage\"},\"thumbnailUrl\":\"https:\/\/www.mpppst.gob.ve\/mpppstweb\/wp-content\/uploads\/2015\/07\/Foto-web-educacion.jpg\",\"articleSection\":[\"Ministerio\"],\"inLanguage\":\"es\"},{\"@type\":\"WebPage\",\"@id\":\"https:\/\/www.mpppst.gob.ve\/mpppstweb\/index.php\/2015\/07\/21\/consignado-proyecto-de-convencion-colectiva-unitario-del-magisterio\/\",\"url\":\"https:\/\/www.mpppst.gob.ve\/mpppstweb\/index.php\/2015\/07\/21\/consignado-proyecto-de-convencion-colectiva-unitario-del-magisterio\/\",\"name\":\"Consignado Proyecto de Convenci\u00f3n Colectiva Unitario del Magisterio - MPPPST\",\"isPartOf\":{\"@id\":\"https:\/\/www.mpppst.gob.ve\/mpppstweb\/#website\"},\"primaryImageOfPage\":{\"@id\":\"https:\/\/www.mpppst.gob.ve\/mpppstweb\/index.php\/2015\/07\/21\/consignado-proyecto-de-convencion-colectiva-unitario-del-magisterio\/#primaryimage\"},\"image\":{\"@id\":\"https:\/\/www.mpppst.gob.ve\/mpppstweb\/index.php\/2015\/07\/21\/consignado-proyecto-de-convencion-colectiva-unitario-del-magisterio\/#primaryimage\"},\"thumbnailUrl\":\"https:\/\/www.mpppst.gob.ve\/mpppstweb\/wp-content\/uploads\/2015\/07\/Foto-web-educacion.jpg\",\"datePublished\":\"2015-07-21T15:19:20+00:00\",\"dateModified\":\"2016-07-01T16:07:44+00:00\",\"breadcrumb\":{\"@id\":\"https:\/\/www.mpppst.gob.ve\/mpppstweb\/index.php\/2015\/07\/21\/consignado-proyecto-de-convencion-colectiva-unitario-del-magisterio\/#breadcrumb\"},\"inLanguage\":\"es\",\"potentialAction\":[{\"@type\":\"ReadAction\",\"target\":[\"https:\/\/www.mpppst.gob.ve\/mpppstweb\/index.php\/2015\/07\/21\/consignado-proyecto-de-convencion-colectiva-unitario-del-magisterio\/\"]}]},{\"@type\":\"ImageObject\",\"inLanguage\":\"es\",\"@id\":\"https:\/\/www.mpppst.gob.ve\/mpppstweb\/index.php\/2015\/07\/21\/consignado-proyecto-de-convencion-colectiva-unitario-del-magisterio\/#primaryimage\",\"url\":\"https:\/\/www.mpppst.gob.ve\/mpppstweb\/wp-content\/uploads\/2015\/07\/Foto-web-educacion.jpg\",\"contentUrl\":\"https:\/\/www.mpppst.gob.ve\/mpppstweb\/wp-content\/uploads\/2015\/07\/Foto-web-educacion.jpg\",\"width\":640,\"height\":427},{\"@type\":\"BreadcrumbList\",\"@id\":\"https:\/\/www.mpppst.gob.ve\/mpppstweb\/index.php\/2015\/07\/21\/consignado-proyecto-de-convencion-colectiva-unitario-del-magisterio\/#breadcrumb\",\"itemListElement\":[{\"@type\":\"ListItem\",\"position\":1,\"name\":\"Home\",\"item\":\"https:\/\/www.mpppst.gob.ve\/mpppstweb\/\"},{\"@type\":\"ListItem\",\"position\":2,\"name\":\"Consignado Proyecto de Convenci\u00f3n Colectiva Unitario del Magisterio\"}]},{\"@type\":\"WebSite\",\"@id\":\"https:\/\/www.mpppst.gob.ve\/mpppstweb\/#website\",\"url\":\"https:\/\/www.mpppst.gob.ve\/mpppstweb\/\",\"name\":\"MPPPST\",\"description\":\"Ministerio del Poder Popular para el Proceso Social de Trabajo\",\"publisher\":{\"@id\":\"https:\/\/www.mpppst.gob.ve\/mpppstweb\/#organization\"},\"potentialAction\":[{\"@type\":\"SearchAction\",\"target\":{\"@type\":\"EntryPoint\",\"urlTemplate\":\"https:\/\/www.mpppst.gob.ve\/mpppstweb\/?s={search_term_string}\"},\"query-input\":\"required name=search_term_string\"}],\"inLanguage\":\"es\"},{\"@type\":\"Organization\",\"@id\":\"https:\/\/www.mpppst.gob.ve\/mpppstweb\/#organization\",\"name\":\"mpppst\",\"url\":\"https:\/\/www.mpppst.gob.ve\/mpppstweb\/\",\"logo\":{\"@type\":\"ImageObject\",\"inLanguage\":\"es\",\"@id\":\"https:\/\/www.mpppst.gob.ve\/mpppstweb\/#\/schema\/logo\/image\/\",\"url\":\"https:\/\/www.mpppst.gob.ve\/mpppstweb\/wp-content\/uploads\/2025\/07\/cropped-cropped-g910.png\",\"contentUrl\":\"https:\/\/www.mpppst.gob.ve\/mpppstweb\/wp-content\/uploads\/2025\/07\/cropped-cropped-g910.png\",\"width\":1080,\"height\":241,\"caption\":\"mpppst\"},\"image\":{\"@id\":\"https:\/\/www.mpppst.gob.ve\/mpppstweb\/#\/schema\/logo\/image\/\"}},{\"@type\":\"Person\",\"@id\":\"https:\/\/www.mpppst.gob.ve\/mpppstweb\/#\/schema\/person\/fc187ee8ead412bd4c9304b62f900ea4\",\"name\":\"MPPPST Prensa\",\"url\":\"https:\/\/www.mpppst.gob.ve\/mpppstweb\/index.php\/author\/prensa-mpppst\/\"}]}<\/script>\n<!-- \/ Yoast SEO plugin. -->","yoast_head_json":{"title":"Consignado Proyecto de Convenci\u00f3n Colectiva Unitario del Magisterio - MPPPST","robots":{"index":"index","follow":"follow","max-snippet":"max-snippet:-1","max-image-preview":"max-image-preview:large","max-video-preview":"max-video-preview:-1"},"canonical":"https:\/\/www.mpppst.gob.ve\/mpppstweb\/index.php\/2015\/07\/21\/consignado-proyecto-de-convencion-colectiva-unitario-del-magisterio\/","og_locale":"es_ES","og_type":"article","og_title":"Consignado Proyecto de Convenci\u00f3n Colectiva Unitario del Magisterio - MPPPST","og_description":"M\u00e1s de 900 mil trabajadores y trabajadoras de la educaci\u00f3n a nivel nacional entre docentes, administrativos y obreros, ser\u00e1n beneficiados","og_url":"https:\/\/www.mpppst.gob.ve\/mpppstweb\/index.php\/2015\/07\/21\/consignado-proyecto-de-convencion-colectiva-unitario-del-magisterio\/","og_site_name":"MPPPST","article_published_time":"2015-07-21T15:19:20+00:00","article_modified_time":"2016-07-01T16:07:44+00:00","og_image":[{"width":640,"height":427,"url":"https:\/\/www.mpppst.gob.ve\/mpppstweb\/wp-content\/uploads\/2015\/07\/Foto-web-educacion.jpg","type":"image\/jpeg"}],"author":"MPPPST Prensa","twitter_card":"summary_large_image","twitter_misc":{"Escrito por":"MPPPST Prensa","Tiempo de lectura":"2 minutos"},"schema":{"@context":"https:\/\/schema.org","@graph":[{"@type":"Article","@id":"https:\/\/www.mpppst.gob.ve\/mpppstweb\/index.php\/2015\/07\/21\/consignado-proyecto-de-convencion-colectiva-unitario-del-magisterio\/#article","isPartOf":{"@id":"https:\/\/www.mpppst.gob.ve\/mpppstweb\/index.php\/2015\/07\/21\/consignado-proyecto-de-convencion-colectiva-unitario-del-magisterio\/"},"author":{"name":"MPPPST Prensa","@id":"https:\/\/www.mpppst.gob.ve\/mpppstweb\/#\/schema\/person\/fc187ee8ead412bd4c9304b62f900ea4"},"headline":"Consignado Proyecto de Convenci\u00f3n Colectiva Unitario del Magisterio","datePublished":"2015-07-21T15:19:20+00:00","dateModified":"2016-07-01T16:07:44+00:00","mainEntityOfPage":{"@id":"https:\/\/www.mpppst.gob.ve\/mpppstweb\/index.php\/2015\/07\/21\/consignado-proyecto-de-convencion-colectiva-unitario-del-magisterio\/"},"wordCount":440,"publisher":{"@id":"https:\/\/www.mpppst.gob.ve\/mpppstweb\/#organization"},"image":{"@id":"https:\/\/www.mpppst.gob.ve\/mpppstweb\/index.php\/2015\/07\/21\/consignado-proyecto-de-convencion-colectiva-unitario-del-magisterio\/#primaryimage"},"thumbnailUrl":"https:\/\/www.mpppst.gob.ve\/mpppstweb\/wp-content\/uploads\/2015\/07\/Foto-web-educacion.jpg","articleSection":["Ministerio"],"inLanguage":"es"},{"@type":"WebPage","@id":"https:\/\/www.mpppst.gob.ve\/mpppstweb\/index.php\/2015\/07\/21\/consignado-proyecto-de-convencion-colectiva-unitario-del-magisterio\/","url":"https:\/\/www.mpppst.gob.ve\/mpppstweb\/index.php\/2015\/07\/21\/consignado-proyecto-de-convencion-colectiva-unitario-del-magisterio\/","name":"Consignado Proyecto de Convenci\u00f3n Colectiva Unitario del Magisterio - MPPPST","isPartOf":{"@id":"https:\/\/www.mpppst.gob.ve\/mpppstweb\/#website"},"primaryImageOfPage":{"@id":"https:\/\/www.mpppst.gob.ve\/mpppstweb\/index.php\/2015\/07\/21\/consignado-proyecto-de-convencion-colectiva-unitario-del-magisterio\/#primaryimage"},"image":{"@id":"https:\/\/www.mpppst.gob.ve\/mpppstweb\/index.php\/2015\/07\/21\/consignado-proyecto-de-convencion-colectiva-unitario-del-magisterio\/#primaryimage"},"thumbnailUrl":"https:\/\/www.mpppst.gob.ve\/mpppstweb\/wp-content\/uploads\/2015\/07\/Foto-web-educacion.jpg","datePublished":"2015-07-21T15:19:20+00:00","dateModified":"2016-07-01T16:07:44+00:00","breadcrumb":{"@id":"https:\/\/www.mpppst.gob.ve\/mpppstweb\/index.php\/2015\/07\/21\/consignado-proyecto-de-convencion-colectiva-unitario-del-magisterio\/#breadcrumb"},"inLanguage":"es","potentialAction":[{"@type":"ReadAction","target":["https:\/\/www.mpppst.gob.ve\/mpppstweb\/index.php\/2015\/07\/21\/consignado-proyecto-de-convencion-colectiva-unitario-del-magisterio\/"]}]},{"@type":"ImageObject","inLanguage":"es","@id":"https:\/\/www.mpppst.gob.ve\/mpppstweb\/index.php\/2015\/07\/21\/consignado-proyecto-de-convencion-colectiva-unitario-del-magisterio\/#primaryimage","url":"https:\/\/www.mpppst.gob.ve\/mpppstweb\/wp-content\/uploads\/2015\/07\/Foto-web-educacion.jpg","contentUrl":"https:\/\/www.mpppst.gob.ve\/mpppstweb\/wp-content\/uploads\/2015\/07\/Foto-web-educacion.jpg","width":640,"height":427},{"@type":"BreadcrumbList","@id":"https:\/\/www.mpppst.gob.ve\/mpppstweb\/index.php\/2015\/07\/21\/consignado-proyecto-de-convencion-colectiva-unitario-del-magisterio\/#breadcrumb","itemListElement":[{"@type":"ListItem","position":1,"name":"Home","item":"https:\/\/www.mpppst.gob.ve\/mpppstweb\/"},{"@type":"ListItem","position":2,"name":"Consignado Proyecto de Convenci\u00f3n Colectiva Unitario del Magisterio"}]},{"@type":"WebSite","@id":"https:\/\/www.mpppst.gob.ve\/mpppstweb\/#website","url":"https:\/\/www.mpppst.gob.ve\/mpppstweb\/","name":"MPPPST","description":"Ministerio del Poder Popular para el Proceso Social de Trabajo","publisher":{"@id":"https:\/\/www.mpppst.gob.ve\/mpppstweb\/#organization"},"potentialAction":[{"@type":"SearchAction","target":{"@type":"EntryPoint","urlTemplate":"https:\/\/www.mpppst.gob.ve\/mpppstweb\/?s={search_term_string}"},"query-input":"required name=search_term_string"}],"inLanguage":"es"},{"@type":"Organization","@id":"https:\/\/www.mpppst.gob.ve\/mpppstweb\/#organization","name":"mpppst","url":"https:\/\/www.mpppst.gob.ve\/mpppstweb\/","logo":{"@type":"ImageObject","inLanguage":"es","@id":"https:\/\/www.mpppst.gob.ve\/mpppstweb\/#\/schema\/logo\/image\/","url":"https:\/\/www.mpppst.gob.ve\/mpppstweb\/wp-content\/uploads\/2025\/07\/cropped-cropped-g910.png","contentUrl":"https:\/\/www.mpppst.gob.ve\/mpppstweb\/wp-content\/uploads\/2025\/07\/cropped-cropped-g910.png","width":1080,"height":241,"caption":"mpppst"},"image":{"@id":"https:\/\/www.mpppst.gob.ve\/mpppstweb\/#\/schema\/logo\/image\/"}},{"@type":"Person","@id":"https:\/\/www.mpppst.gob.ve\/mpppstweb\/#\/schema\/person\/fc187ee8ead412bd4c9304b62f900ea4","name":"MPPPST Prensa","url":"https:\/\/www.mpppst.gob.ve\/mpppstweb\/index.php\/author\/prensa-mpppst\/"}]}},"_links":{"self":[{"href":"https:\/\/www.mpppst.gob.ve\/mpppstweb\/index.php\/wp-json\/wp\/v2\/posts\/3385"}],"collection":[{"href":"https:\/\/www.mpppst.gob.ve\/mpppstweb\/index.php\/wp-json\/wp\/v2\/posts"}],"about":[{"href":"https:\/\/www.mpppst.gob.ve\/mpppstweb\/index.php\/wp-json\/wp\/v2\/types\/post"}],"author":[{"embeddable":true,"href":"https:\/\/www.mpppst.gob.ve\/mpppstweb\/index.php\/wp-json\/wp\/v2\/users\/25"}],"replies":[{"embeddable":true,"href":"https:\/\/www.mpppst.gob.ve\/mpppstweb\/index.php\/wp-json\/wp\/v2\/comments?post=3385"}],"version-history":[{"count":1,"href":"https:\/\/www.mpppst.gob.ve\/mpppstweb\/index.php\/wp-json\/wp\/v2\/posts\/3385\/revisions"}],"predecessor-version":[{"id":6853,"href":"https:\/\/www.mpppst.gob.ve\/mpppstweb\/index.php\/wp-json\/wp\/v2\/posts\/3385\/revisions\/6853"}],"wp:featuredmedia":[{"embeddable":true,"href":"https:\/\/www.mpppst.gob.ve\/mpppstweb\/index.php\/wp-json\/wp\/v2\/media\/3386"}],"wp:attachment":[{"href":"https:\/\/www.mpppst.gob.ve\/mpppstweb\/index.php\/wp-json\/wp\/v2\/media?parent=3385"}],"wp:term":[{"taxonomy":"category","embeddable":true,"href":"https:\/\/www.mpppst.gob.ve\/mpppstweb\/index.php\/wp-json\/wp\/v2\/categories?post=3385"},{"taxonomy":"post_tag","embeddable":true,"href":"https:\/\/www.mpppst.gob.ve\/mpppstweb\/index.php\/wp-json\/wp\/v2\/tags?post=3385"}],"curies":[{"name":"wp","href":"https:\/\/api.w.org\/{rel}","templated":true}]}}