{"id":3430,"date":"2015-07-28T15:19:33","date_gmt":"2015-07-28T15:19:33","guid":{"rendered":"http:\/\/www.mpppst.gob.ve\/mpppstweb\/?p=3430"},"modified":"2016-07-01T16:08:11","modified_gmt":"2016-07-01T16:08:11","slug":"pueblo-venezolano-celebro-cumpleanos-del-comandante-eterno-de-la-revolucion-bolivariana","status":"publish","type":"post","link":"https:\/\/www.mpppst.gob.ve\/mpppstweb\/index.php\/2015\/07\/28\/pueblo-venezolano-celebro-cumpleanos-del-comandante-eterno-de-la-revolucion-bolivariana\/","title":{"rendered":"Pueblo venezolano celebr\u00f3 cumplea\u00f1os del Comandante Eterno de la Revoluci\u00f3n Bolivariana"},"content":{"rendered":"<p style=\"text-align: justify;\">Caracas, 27 de julio.- Con motivo del cumplea\u00f1os n\u00famero 61 del Comandante Eterno de la Revoluci\u00f3n Bolivariana, Hugo Ch\u00e1vez Fr\u00edas, desde este 24 y hasta el 28 de julio se realizaron actos culturales, educativos y recreativos en el Cuartel 4F ubicado en la Parroquia 23 de enero, m\u00e1s conocido por el pueblo venezolano, como El Cuartel de la Monta\u00f1a.<\/p>\n<p style=\"text-align: justify;\">La celebraci\u00f3n de este importante d\u00eda no solo se limit\u00f3 a Caracas, tambi\u00e9n se extendi\u00f3 a lo largo y ancho de todo el territorio nacional, especialmente en su tierra natal Barinas donde el pueblo barinense le rindi\u00f3 tambi\u00e9n homenaje con diversos actos culturales.<\/p>\n<p style=\"text-align: justify;\">El d\u00eda 27 de julio correspondi\u00f3 a la Vicepresidencia Social para la celebraci\u00f3n del cumplea\u00f1os del Comandante Eterno en el Cuartel de la Monta\u00f1a, contando con la presencia de todos los Ministros del \u00c1rea Social y del vicepresidente H\u00e9ctor Rodr\u00edguez, el cual manifest\u00f3 que \u201cToda la Vicepresidencia Social ha venido a celebrar el 61 aniversario de vida del Comandante que est\u00e1 m\u00e1s vivo que nunca, lider\u00e1ndonos, llen\u00e1ndonos de esperanza, que nos pone a la ofensiva en la construcci\u00f3n de la Patria Bolivariana y Socialista donde todas y todos vivamos con dignidad y construyamos este proyecto que esgrim\u00eda Bol\u00edvar en la Carta de Jamaica que es la de una gran patria que haga equilibrio en el mundo\u201d.<\/p>\n<p style=\"text-align: justify;\">\u201cVenimos ac\u00e1 tambi\u00e9n a renovar nuestros votos de lealtad absoluta al pueblo de Venezuela, al hijo del Comandante Ch\u00e1vez nuestro presidente Nicol\u00e1s Maduro quien cuenta con todo el apoyo del pueblo venezolano y que en estas circunstancias dif\u00edciles donde el enemigo se ha afincado con mucha fuerza en la guerra econ\u00f3mica para tratar de debilitar y destruir la Revoluci\u00f3n Bolivariana, ante todo esto la respuesta del Presidente Maduro ha sido la del Comandante Ch\u00e1vez: unidad, lucha, batalla y victoria, y en ese camino seguiremos avanzando\u201d, acoto el Vicepresidente..<\/p>\n<p style=\"text-align: justify;\">\u201cHay una mezcla entre tristeza porque no est\u00e9 pero tambi\u00e9n una alegr\u00eda que a dos a\u00f1os de su partida sigue el pueblo unido, batallando y dando razones para la alegr\u00eda, la esperanza y nuestra lealtad absoluta hacia \u00e9l, somos hombres y mujeres privilegiados de haber vivido el momento de Ch\u00e1vez, hombres como \u00e9l solo pasan cada 200 a\u00f1os por esta tierra y podremos decirle a nuestros nietos que lo conocimos y que adem\u00e1s fuimos copart\u00edcipes de esa \u00e9poca hermosa, seamos responsables de su legado, invitamos al pueblo venezolano a celebrar, y revivir los votos de lealtad absoluta a la Revoluci\u00f3n, al futuro, la esperanza, a las ganas de construir Patria\u201d finaliz\u00f3 Rodr\u00edguez.<\/p>\n<p style=\"text-align: justify;\">En el marco de esta actividad Mar\u00eda Torrealba, trabajadora del Instituto Venezolano de los Seguros Sociales (IVSS) expres\u00f3 emocionada que \u201cesta patria cambi\u00f3 el d\u00eda que Ch\u00e1vez tom\u00f3 las riendas, somos benditos de que una persona como \u00e9l naciera en nuestra Venezuela, yo me siento hoy sumamente feliz celebrando su cumplea\u00f1os porque aunque no est\u00e1 f\u00edsicamente lo veo en cada rostro de los ni\u00f1os del pa\u00eds, esos ni\u00f1os que tendr\u00e1n un futuro mejor gracias a \u00e9l y al proyecto de pa\u00eds que nos leg\u00f3\u201d<\/p>\n<p>&nbsp;<\/p>\n<p>&nbsp;<\/p>\n<p>Redacci\u00f3n: Ninoska Gilson<\/p>\n<p>Fotograf\u00eda: Dellys Landaeta<\/p>\n","protected":false},"excerpt":{"rendered":"<p>Desde este 24 y hasta el 28 de julio se realizaron actos culturales, educativos y recreativos en el Cuartel 4F, con motivo del cumplea\u00f1os n\u00famero 61 del Comandante Eterno Hugo Ch\u00e1vez <\/p>\n","protected":false},"author":25,"featured_media":3434,"comment_status":"closed","ping_status":"closed","sticky":false,"template":"","format":"standard","meta":{"footnotes":""},"categories":[82],"tags":[],"yoast_head":"<!-- This site is optimized with the Yoast SEO plugin v22.5 - https:\/\/yoast.com\/wordpress\/plugins\/seo\/ -->\n<title>Pueblo venezolano celebr\u00f3 cumplea\u00f1os del Comandante Eterno de la Revoluci\u00f3n Bolivariana - MPPPST<\/title>\n<meta name=\"robots\" content=\"index, follow, max-snippet:-1, max-image-preview:large, max-video-preview:-1\" \/>\n<link rel=\"canonical\" href=\"https:\/\/www.mpppst.gob.ve\/mpppstweb\/index.php\/2015\/07\/28\/pueblo-venezolano-celebro-cumpleanos-del-comandante-eterno-de-la-revolucion-bolivariana\/\" \/>\n<meta property=\"og:locale\" content=\"es_ES\" \/>\n<meta property=\"og:type\" content=\"article\" \/>\n<meta property=\"og:title\" content=\"Pueblo venezolano celebr\u00f3 cumplea\u00f1os del Comandante Eterno de la Revoluci\u00f3n Bolivariana - MPPPST\" \/>\n<meta property=\"og:description\" content=\"Desde este 24 y hasta el 28 de julio se realizaron actos culturales, educativos y recreativos en el Cuartel 4F, con motivo del cumplea\u00f1os n\u00famero 61 del Comandante Eterno Hugo Ch\u00e1vez\" \/>\n<meta property=\"og:url\" content=\"https:\/\/www.mpppst.gob.ve\/mpppstweb\/index.php\/2015\/07\/28\/pueblo-venezolano-celebro-cumpleanos-del-comandante-eterno-de-la-revolucion-bolivariana\/\" \/>\n<meta property=\"og:site_name\" content=\"MPPPST\" \/>\n<meta property=\"article:published_time\" content=\"2015-07-28T15:19:33+00:00\" \/>\n<meta property=\"article:modified_time\" content=\"2016-07-01T16:08:11+00:00\" \/>\n<meta property=\"og:image\" content=\"https:\/\/www.mpppst.gob.ve\/mpppstweb\/wp-content\/uploads\/2015\/07\/DSC07870.jpg\" \/>\n\t<meta property=\"og:image:width\" content=\"640\" \/>\n\t<meta property=\"og:image:height\" content=\"427\" \/>\n\t<meta property=\"og:image:type\" content=\"image\/jpeg\" \/>\n<meta name=\"author\" content=\"MPPPST Prensa\" \/>\n<meta name=\"twitter:card\" content=\"summary_large_image\" \/>\n<meta name=\"twitter:label1\" content=\"Escrito por\" \/>\n\t<meta name=\"twitter:data1\" content=\"MPPPST Prensa\" \/>\n\t<meta name=\"twitter:label2\" content=\"Tiempo de lectura\" \/>\n\t<meta name=\"twitter:data2\" content=\"3 minutos\" \/>\n<script type=\"application\/ld+json\" class=\"yoast-schema-graph\">{\"@context\":\"https:\/\/schema.org\",\"@graph\":[{\"@type\":\"Article\",\"@id\":\"https:\/\/www.mpppst.gob.ve\/mpppstweb\/index.php\/2015\/07\/28\/pueblo-venezolano-celebro-cumpleanos-del-comandante-eterno-de-la-revolucion-bolivariana\/#article\",\"isPartOf\":{\"@id\":\"https:\/\/www.mpppst.gob.ve\/mpppstweb\/index.php\/2015\/07\/28\/pueblo-venezolano-celebro-cumpleanos-del-comandante-eterno-de-la-revolucion-bolivariana\/\"},\"author\":{\"name\":\"MPPPST Prensa\",\"@id\":\"https:\/\/www.mpppst.gob.ve\/mpppstweb\/#\/schema\/person\/fc187ee8ead412bd4c9304b62f900ea4\"},\"headline\":\"Pueblo venezolano celebr\u00f3 cumplea\u00f1os del Comandante Eterno de la Revoluci\u00f3n Bolivariana\",\"datePublished\":\"2015-07-28T15:19:33+00:00\",\"dateModified\":\"2016-07-01T16:08:11+00:00\",\"mainEntityOfPage\":{\"@id\":\"https:\/\/www.mpppst.gob.ve\/mpppstweb\/index.php\/2015\/07\/28\/pueblo-venezolano-celebro-cumpleanos-del-comandante-eterno-de-la-revolucion-bolivariana\/\"},\"wordCount\":568,\"publisher\":{\"@id\":\"https:\/\/www.mpppst.gob.ve\/mpppstweb\/#organization\"},\"image\":{\"@id\":\"https:\/\/www.mpppst.gob.ve\/mpppstweb\/index.php\/2015\/07\/28\/pueblo-venezolano-celebro-cumpleanos-del-comandante-eterno-de-la-revolucion-bolivariana\/#primaryimage\"},\"thumbnailUrl\":\"https:\/\/www.mpppst.gob.ve\/mpppstweb\/wp-content\/uploads\/2015\/07\/DSC07870.jpg\",\"articleSection\":[\"Gobierno Nacional\"],\"inLanguage\":\"es\"},{\"@type\":\"WebPage\",\"@id\":\"https:\/\/www.mpppst.gob.ve\/mpppstweb\/index.php\/2015\/07\/28\/pueblo-venezolano-celebro-cumpleanos-del-comandante-eterno-de-la-revolucion-bolivariana\/\",\"url\":\"https:\/\/www.mpppst.gob.ve\/mpppstweb\/index.php\/2015\/07\/28\/pueblo-venezolano-celebro-cumpleanos-del-comandante-eterno-de-la-revolucion-bolivariana\/\",\"name\":\"Pueblo venezolano celebr\u00f3 cumplea\u00f1os del Comandante Eterno de la Revoluci\u00f3n Bolivariana - MPPPST\",\"isPartOf\":{\"@id\":\"https:\/\/www.mpppst.gob.ve\/mpppstweb\/#website\"},\"primaryImageOfPage\":{\"@id\":\"https:\/\/www.mpppst.gob.ve\/mpppstweb\/index.php\/2015\/07\/28\/pueblo-venezolano-celebro-cumpleanos-del-comandante-eterno-de-la-revolucion-bolivariana\/#primaryimage\"},\"image\":{\"@id\":\"https:\/\/www.mpppst.gob.ve\/mpppstweb\/index.php\/2015\/07\/28\/pueblo-venezolano-celebro-cumpleanos-del-comandante-eterno-de-la-revolucion-bolivariana\/#primaryimage\"},\"thumbnailUrl\":\"https:\/\/www.mpppst.gob.ve\/mpppstweb\/wp-content\/uploads\/2015\/07\/DSC07870.jpg\",\"datePublished\":\"2015-07-28T15:19:33+00:00\",\"dateModified\":\"2016-07-01T16:08:11+00:00\",\"breadcrumb\":{\"@id\":\"https:\/\/www.mpppst.gob.ve\/mpppstweb\/index.php\/2015\/07\/28\/pueblo-venezolano-celebro-cumpleanos-del-comandante-eterno-de-la-revolucion-bolivariana\/#breadcrumb\"},\"inLanguage\":\"es\",\"potentialAction\":[{\"@type\":\"ReadAction\",\"target\":[\"https:\/\/www.mpppst.gob.ve\/mpppstweb\/index.php\/2015\/07\/28\/pueblo-venezolano-celebro-cumpleanos-del-comandante-eterno-de-la-revolucion-bolivariana\/\"]}]},{\"@type\":\"ImageObject\",\"inLanguage\":\"es\",\"@id\":\"https:\/\/www.mpppst.gob.ve\/mpppstweb\/index.php\/2015\/07\/28\/pueblo-venezolano-celebro-cumpleanos-del-comandante-eterno-de-la-revolucion-bolivariana\/#primaryimage\",\"url\":\"https:\/\/www.mpppst.gob.ve\/mpppstweb\/wp-content\/uploads\/2015\/07\/DSC07870.jpg\",\"contentUrl\":\"https:\/\/www.mpppst.gob.ve\/mpppstweb\/wp-content\/uploads\/2015\/07\/DSC07870.jpg\",\"width\":640,\"height\":427},{\"@type\":\"BreadcrumbList\",\"@id\":\"https:\/\/www.mpppst.gob.ve\/mpppstweb\/index.php\/2015\/07\/28\/pueblo-venezolano-celebro-cumpleanos-del-comandante-eterno-de-la-revolucion-bolivariana\/#breadcrumb\",\"itemListElement\":[{\"@type\":\"ListItem\",\"position\":1,\"name\":\"Home\",\"item\":\"https:\/\/www.mpppst.gob.ve\/mpppstweb\/\"},{\"@type\":\"ListItem\",\"position\":2,\"name\":\"Pueblo venezolano celebr\u00f3 cumplea\u00f1os del Comandante Eterno de la Revoluci\u00f3n Bolivariana\"}]},{\"@type\":\"WebSite\",\"@id\":\"https:\/\/www.mpppst.gob.ve\/mpppstweb\/#website\",\"url\":\"https:\/\/www.mpppst.gob.ve\/mpppstweb\/\",\"name\":\"MPPPST\",\"description\":\"Ministerio del Poder Popular para el Proceso Social de Trabajo\",\"publisher\":{\"@id\":\"https:\/\/www.mpppst.gob.ve\/mpppstweb\/#organization\"},\"potentialAction\":[{\"@type\":\"SearchAction\",\"target\":{\"@type\":\"EntryPoint\",\"urlTemplate\":\"https:\/\/www.mpppst.gob.ve\/mpppstweb\/?s={search_term_string}\"},\"query-input\":\"required name=search_term_string\"}],\"inLanguage\":\"es\"},{\"@type\":\"Organization\",\"@id\":\"https:\/\/www.mpppst.gob.ve\/mpppstweb\/#organization\",\"name\":\"mpppst\",\"url\":\"https:\/\/www.mpppst.gob.ve\/mpppstweb\/\",\"logo\":{\"@type\":\"ImageObject\",\"inLanguage\":\"es\",\"@id\":\"https:\/\/www.mpppst.gob.ve\/mpppstweb\/#\/schema\/logo\/image\/\",\"url\":\"https:\/\/www.mpppst.gob.ve\/mpppstweb\/wp-content\/uploads\/2025\/07\/cropped-cropped-g910.png\",\"contentUrl\":\"https:\/\/www.mpppst.gob.ve\/mpppstweb\/wp-content\/uploads\/2025\/07\/cropped-cropped-g910.png\",\"width\":1080,\"height\":241,\"caption\":\"mpppst\"},\"image\":{\"@id\":\"https:\/\/www.mpppst.gob.ve\/mpppstweb\/#\/schema\/logo\/image\/\"}},{\"@type\":\"Person\",\"@id\":\"https:\/\/www.mpppst.gob.ve\/mpppstweb\/#\/schema\/person\/fc187ee8ead412bd4c9304b62f900ea4\",\"name\":\"MPPPST Prensa\",\"url\":\"https:\/\/www.mpppst.gob.ve\/mpppstweb\/index.php\/author\/prensa-mpppst\/\"}]}<\/script>\n<!-- \/ Yoast SEO plugin. -->","yoast_head_json":{"title":"Pueblo venezolano celebr\u00f3 cumplea\u00f1os del Comandante Eterno de la Revoluci\u00f3n Bolivariana - MPPPST","robots":{"index":"index","follow":"follow","max-snippet":"max-snippet:-1","max-image-preview":"max-image-preview:large","max-video-preview":"max-video-preview:-1"},"canonical":"https:\/\/www.mpppst.gob.ve\/mpppstweb\/index.php\/2015\/07\/28\/pueblo-venezolano-celebro-cumpleanos-del-comandante-eterno-de-la-revolucion-bolivariana\/","og_locale":"es_ES","og_type":"article","og_title":"Pueblo venezolano celebr\u00f3 cumplea\u00f1os del Comandante Eterno de la Revoluci\u00f3n Bolivariana - MPPPST","og_description":"Desde este 24 y hasta el 28 de julio se realizaron actos culturales, educativos y recreativos en el Cuartel 4F, con motivo del cumplea\u00f1os n\u00famero 61 del Comandante Eterno Hugo Ch\u00e1vez","og_url":"https:\/\/www.mpppst.gob.ve\/mpppstweb\/index.php\/2015\/07\/28\/pueblo-venezolano-celebro-cumpleanos-del-comandante-eterno-de-la-revolucion-bolivariana\/","og_site_name":"MPPPST","article_published_time":"2015-07-28T15:19:33+00:00","article_modified_time":"2016-07-01T16:08:11+00:00","og_image":[{"width":640,"height":427,"url":"https:\/\/www.mpppst.gob.ve\/mpppstweb\/wp-content\/uploads\/2015\/07\/DSC07870.jpg","type":"image\/jpeg"}],"author":"MPPPST Prensa","twitter_card":"summary_large_image","twitter_misc":{"Escrito por":"MPPPST Prensa","Tiempo de lectura":"3 minutos"},"schema":{"@context":"https:\/\/schema.org","@graph":[{"@type":"Article","@id":"https:\/\/www.mpppst.gob.ve\/mpppstweb\/index.php\/2015\/07\/28\/pueblo-venezolano-celebro-cumpleanos-del-comandante-eterno-de-la-revolucion-bolivariana\/#article","isPartOf":{"@id":"https:\/\/www.mpppst.gob.ve\/mpppstweb\/index.php\/2015\/07\/28\/pueblo-venezolano-celebro-cumpleanos-del-comandante-eterno-de-la-revolucion-bolivariana\/"},"author":{"name":"MPPPST Prensa","@id":"https:\/\/www.mpppst.gob.ve\/mpppstweb\/#\/schema\/person\/fc187ee8ead412bd4c9304b62f900ea4"},"headline":"Pueblo venezolano celebr\u00f3 cumplea\u00f1os del Comandante Eterno de la Revoluci\u00f3n Bolivariana","datePublished":"2015-07-28T15:19:33+00:00","dateModified":"2016-07-01T16:08:11+00:00","mainEntityOfPage":{"@id":"https:\/\/www.mpppst.gob.ve\/mpppstweb\/index.php\/2015\/07\/28\/pueblo-venezolano-celebro-cumpleanos-del-comandante-eterno-de-la-revolucion-bolivariana\/"},"wordCount":568,"publisher":{"@id":"https:\/\/www.mpppst.gob.ve\/mpppstweb\/#organization"},"image":{"@id":"https:\/\/www.mpppst.gob.ve\/mpppstweb\/index.php\/2015\/07\/28\/pueblo-venezolano-celebro-cumpleanos-del-comandante-eterno-de-la-revolucion-bolivariana\/#primaryimage"},"thumbnailUrl":"https:\/\/www.mpppst.gob.ve\/mpppstweb\/wp-content\/uploads\/2015\/07\/DSC07870.jpg","articleSection":["Gobierno Nacional"],"inLanguage":"es"},{"@type":"WebPage","@id":"https:\/\/www.mpppst.gob.ve\/mpppstweb\/index.php\/2015\/07\/28\/pueblo-venezolano-celebro-cumpleanos-del-comandante-eterno-de-la-revolucion-bolivariana\/","url":"https:\/\/www.mpppst.gob.ve\/mpppstweb\/index.php\/2015\/07\/28\/pueblo-venezolano-celebro-cumpleanos-del-comandante-eterno-de-la-revolucion-bolivariana\/","name":"Pueblo venezolano celebr\u00f3 cumplea\u00f1os del Comandante Eterno de la Revoluci\u00f3n Bolivariana - MPPPST","isPartOf":{"@id":"https:\/\/www.mpppst.gob.ve\/mpppstweb\/#website"},"primaryImageOfPage":{"@id":"https:\/\/www.mpppst.gob.ve\/mpppstweb\/index.php\/2015\/07\/28\/pueblo-venezolano-celebro-cumpleanos-del-comandante-eterno-de-la-revolucion-bolivariana\/#primaryimage"},"image":{"@id":"https:\/\/www.mpppst.gob.ve\/mpppstweb\/index.php\/2015\/07\/28\/pueblo-venezolano-celebro-cumpleanos-del-comandante-eterno-de-la-revolucion-bolivariana\/#primaryimage"},"thumbnailUrl":"https:\/\/www.mpppst.gob.ve\/mpppstweb\/wp-content\/uploads\/2015\/07\/DSC07870.jpg","datePublished":"2015-07-28T15:19:33+00:00","dateModified":"2016-07-01T16:08:11+00:00","breadcrumb":{"@id":"https:\/\/www.mpppst.gob.ve\/mpppstweb\/index.php\/2015\/07\/28\/pueblo-venezolano-celebro-cumpleanos-del-comandante-eterno-de-la-revolucion-bolivariana\/#breadcrumb"},"inLanguage":"es","potentialAction":[{"@type":"ReadAction","target":["https:\/\/www.mpppst.gob.ve\/mpppstweb\/index.php\/2015\/07\/28\/pueblo-venezolano-celebro-cumpleanos-del-comandante-eterno-de-la-revolucion-bolivariana\/"]}]},{"@type":"ImageObject","inLanguage":"es","@id":"https:\/\/www.mpppst.gob.ve\/mpppstweb\/index.php\/2015\/07\/28\/pueblo-venezolano-celebro-cumpleanos-del-comandante-eterno-de-la-revolucion-bolivariana\/#primaryimage","url":"https:\/\/www.mpppst.gob.ve\/mpppstweb\/wp-content\/uploads\/2015\/07\/DSC07870.jpg","contentUrl":"https:\/\/www.mpppst.gob.ve\/mpppstweb\/wp-content\/uploads\/2015\/07\/DSC07870.jpg","width":640,"height":427},{"@type":"BreadcrumbList","@id":"https:\/\/www.mpppst.gob.ve\/mpppstweb\/index.php\/2015\/07\/28\/pueblo-venezolano-celebro-cumpleanos-del-comandante-eterno-de-la-revolucion-bolivariana\/#breadcrumb","itemListElement":[{"@type":"ListItem","position":1,"name":"Home","item":"https:\/\/www.mpppst.gob.ve\/mpppstweb\/"},{"@type":"ListItem","position":2,"name":"Pueblo venezolano celebr\u00f3 cumplea\u00f1os del Comandante Eterno de la Revoluci\u00f3n Bolivariana"}]},{"@type":"WebSite","@id":"https:\/\/www.mpppst.gob.ve\/mpppstweb\/#website","url":"https:\/\/www.mpppst.gob.ve\/mpppstweb\/","name":"MPPPST","description":"Ministerio del Poder Popular para el Proceso Social de Trabajo","publisher":{"@id":"https:\/\/www.mpppst.gob.ve\/mpppstweb\/#organization"},"potentialAction":[{"@type":"SearchAction","target":{"@type":"EntryPoint","urlTemplate":"https:\/\/www.mpppst.gob.ve\/mpppstweb\/?s={search_term_string}"},"query-input":"required name=search_term_string"}],"inLanguage":"es"},{"@type":"Organization","@id":"https:\/\/www.mpppst.gob.ve\/mpppstweb\/#organization","name":"mpppst","url":"https:\/\/www.mpppst.gob.ve\/mpppstweb\/","logo":{"@type":"ImageObject","inLanguage":"es","@id":"https:\/\/www.mpppst.gob.ve\/mpppstweb\/#\/schema\/logo\/image\/","url":"https:\/\/www.mpppst.gob.ve\/mpppstweb\/wp-content\/uploads\/2025\/07\/cropped-cropped-g910.png","contentUrl":"https:\/\/www.mpppst.gob.ve\/mpppstweb\/wp-content\/uploads\/2025\/07\/cropped-cropped-g910.png","width":1080,"height":241,"caption":"mpppst"},"image":{"@id":"https:\/\/www.mpppst.gob.ve\/mpppstweb\/#\/schema\/logo\/image\/"}},{"@type":"Person","@id":"https:\/\/www.mpppst.gob.ve\/mpppstweb\/#\/schema\/person\/fc187ee8ead412bd4c9304b62f900ea4","name":"MPPPST Prensa","url":"https:\/\/www.mpppst.gob.ve\/mpppstweb\/index.php\/author\/prensa-mpppst\/"}]}},"_links":{"self":[{"href":"https:\/\/www.mpppst.gob.ve\/mpppstweb\/index.php\/wp-json\/wp\/v2\/posts\/3430"}],"collection":[{"href":"https:\/\/www.mpppst.gob.ve\/mpppstweb\/index.php\/wp-json\/wp\/v2\/posts"}],"about":[{"href":"https:\/\/www.mpppst.gob.ve\/mpppstweb\/index.php\/wp-json\/wp\/v2\/types\/post"}],"author":[{"embeddable":true,"href":"https:\/\/www.mpppst.gob.ve\/mpppstweb\/index.php\/wp-json\/wp\/v2\/users\/25"}],"replies":[{"embeddable":true,"href":"https:\/\/www.mpppst.gob.ve\/mpppstweb\/index.php\/wp-json\/wp\/v2\/comments?post=3430"}],"version-history":[{"count":1,"href":"https:\/\/www.mpppst.gob.ve\/mpppstweb\/index.php\/wp-json\/wp\/v2\/posts\/3430\/revisions"}],"predecessor-version":[{"id":6854,"href":"https:\/\/www.mpppst.gob.ve\/mpppstweb\/index.php\/wp-json\/wp\/v2\/posts\/3430\/revisions\/6854"}],"wp:featuredmedia":[{"embeddable":true,"href":"https:\/\/www.mpppst.gob.ve\/mpppstweb\/index.php\/wp-json\/wp\/v2\/media\/3434"}],"wp:attachment":[{"href":"https:\/\/www.mpppst.gob.ve\/mpppstweb\/index.php\/wp-json\/wp\/v2\/media?parent=3430"}],"wp:term":[{"taxonomy":"category","embeddable":true,"href":"https:\/\/www.mpppst.gob.ve\/mpppstweb\/index.php\/wp-json\/wp\/v2\/categories?post=3430"},{"taxonomy":"post_tag","embeddable":true,"href":"https:\/\/www.mpppst.gob.ve\/mpppstweb\/index.php\/wp-json\/wp\/v2\/tags?post=3430"}],"curies":[{"name":"wp","href":"https:\/\/api.w.org\/{rel}","templated":true}]}}