{"id":3533,"date":"2015-08-25T09:33:34","date_gmt":"2015-08-25T09:33:34","guid":{"rendered":"http:\/\/www.mpppst.gob.ve\/mpppstweb\/?p=3533"},"modified":"2016-07-01T16:14:49","modified_gmt":"2016-07-01T16:14:49","slug":"servidores-publicos-ofreceran-servicio-integral-a-personas-con-discapacidad-2","status":"publish","type":"post","link":"https:\/\/www.mpppst.gob.ve\/mpppstweb\/index.php\/2015\/08\/25\/servidores-publicos-ofreceran-servicio-integral-a-personas-con-discapacidad-2\/","title":{"rendered":"Servidores p\u00fablicos ofrecer\u00e1n servicio integral a personas con discapacidad"},"content":{"rendered":"<p style=\"text-align: justify;\">Caracas, 24 de agosto de 2015 (MPPPST).- Trabajadores del Ministerio del Poder Popular para el Proceso Social de Trabajo (MPPPST) comenzaron el pasado viernes el taller de concientizaci\u00f3n para inclusi\u00f3n de las personas con discapacidad al campo laboral, como parte de las acciones que se llevan a cabo en instituciones del Estado para activar un mejor servicio integral que se concentre en la atenci\u00f3n de esta poblaci\u00f3n.<\/p>\n<p style=\"text-align: justify;\">El taller abarca varios temas: rese\u00f1a hist\u00f3rica, an\u00e1lisis del informe estad\u00edstico mundial sobre discapacidad en Venezuela, tipos de discapacidad: adquiridas, cong\u00e9nitas u obtenidas por actividades propias del campo laboral, tareas\u00a0 que pueden desempe\u00f1ar las personas con discapacidad que no han alcanzado una formaci\u00f3n acad\u00e9mica y marco legal. Los asistentes tambi\u00e9n participan en din\u00e1micas a cargo del personal del Consejo Nacional para las Personas con Discapacidad (Conapdis).<\/p>\n<p style=\"text-align: justify;\">En total se formar\u00e1n 120 trabajadores del Ministerio durante los tres d\u00edas que se realizar\u00e1 el taller. Procuradores, supervisores del trabajo, comisionados de inspecci\u00f3n y personal de las divisiones de supervisi\u00f3n del Ministerio asistir\u00e1n el 21 y 28 de agosto, mientras que el 3 de septiembre se dar\u00e1 inicio a la articulaci\u00f3n interministerial con la participaci\u00f3n de funcionarios de inspecci\u00f3n del Conapdis y del MPPPPST, que ser\u00e1n los encargados de realizar las inspecciones.<\/p>\n<p style=\"text-align: justify;\">Los facilitadores son el director general de Supervisi\u00f3n de Entidades y Modalidades Especiales de Trabajo, Eduardo Lizano, el comisionado especial para la Inspecci\u00f3n del Trabajo del Viceministerio para el Sistema Integrado de Inspecci\u00f3n Laboral y de la Seguridad Social, Raimundo Flores, y el equipo del Conapdis.<\/p>\n<p style=\"text-align: justify;\">Flores se\u00f1al\u00f3 que una de las funciones puntuales del taller es crear conciencia en la forma en la que se dirigen a las personas con discapacidad, que en Venezuela, alcanzan las 4.5 millones.<\/p>\n<p style=\"text-align: justify;\">Actualmente, la Secretaria de la Presidencia dirige consejos consultivos que se realizan cada semana en el que participan todos los ministerios, con el prop\u00f3sito de lograr un convenio interinstitucional con presentaciones peri\u00f3dicas de resultados en la materia.<\/p>\n<p style=\"text-align: justify;\">La incorporaci\u00f3n de las personas con discapacidad est\u00e1 contemplada en la Ley Org\u00e1nica del Trabajo, los Trabajadores y las Trabajadoras (LOTTT), Plan de la Patria y convenios internacionales.<\/p>\n","protected":false},"excerpt":{"rendered":"<p>Trabajadores del MPPPST comenzaron el pasado viernes el taller de concientizaci\u00f3n para inclusi\u00f3n de las personas con discapacidad al campo laboral<\/p>\n","protected":false},"author":25,"featured_media":3534,"comment_status":"closed","ping_status":"closed","sticky":false,"template":"","format":"standard","meta":{"footnotes":""},"categories":[83],"tags":[],"yoast_head":"<!-- This site is optimized with the Yoast SEO plugin v22.5 - https:\/\/yoast.com\/wordpress\/plugins\/seo\/ -->\n<title>Servidores p\u00fablicos ofrecer\u00e1n servicio integral a personas con discapacidad - MPPPST<\/title>\n<meta name=\"robots\" content=\"index, follow, max-snippet:-1, max-image-preview:large, max-video-preview:-1\" \/>\n<link rel=\"canonical\" href=\"https:\/\/www.mpppst.gob.ve\/mpppstweb\/index.php\/2015\/08\/25\/servidores-publicos-ofreceran-servicio-integral-a-personas-con-discapacidad-2\/\" \/>\n<meta property=\"og:locale\" content=\"es_ES\" \/>\n<meta property=\"og:type\" content=\"article\" \/>\n<meta property=\"og:title\" content=\"Servidores p\u00fablicos ofrecer\u00e1n servicio integral a personas con discapacidad - MPPPST\" \/>\n<meta property=\"og:description\" content=\"Trabajadores del MPPPST comenzaron el pasado viernes el taller de concientizaci\u00f3n para inclusi\u00f3n de las personas con discapacidad al campo laboral\" \/>\n<meta property=\"og:url\" content=\"https:\/\/www.mpppst.gob.ve\/mpppstweb\/index.php\/2015\/08\/25\/servidores-publicos-ofreceran-servicio-integral-a-personas-con-discapacidad-2\/\" \/>\n<meta property=\"og:site_name\" content=\"MPPPST\" \/>\n<meta property=\"article:published_time\" content=\"2015-08-25T09:33:34+00:00\" \/>\n<meta property=\"article:modified_time\" content=\"2016-07-01T16:14:49+00:00\" \/>\n<meta property=\"og:image\" content=\"https:\/\/www.mpppst.gob.ve\/mpppstweb\/wp-content\/uploads\/2015\/08\/IMG_4922.jpg\" \/>\n\t<meta property=\"og:image:width\" content=\"640\" \/>\n\t<meta property=\"og:image:height\" content=\"427\" \/>\n\t<meta property=\"og:image:type\" content=\"image\/jpeg\" \/>\n<meta name=\"author\" content=\"MPPPST Prensa\" \/>\n<meta name=\"twitter:card\" content=\"summary_large_image\" \/>\n<meta name=\"twitter:label1\" content=\"Escrito por\" \/>\n\t<meta name=\"twitter:data1\" content=\"MPPPST Prensa\" \/>\n\t<meta name=\"twitter:label2\" content=\"Tiempo de lectura\" \/>\n\t<meta name=\"twitter:data2\" content=\"2 minutos\" \/>\n<script type=\"application\/ld+json\" class=\"yoast-schema-graph\">{\"@context\":\"https:\/\/schema.org\",\"@graph\":[{\"@type\":\"Article\",\"@id\":\"https:\/\/www.mpppst.gob.ve\/mpppstweb\/index.php\/2015\/08\/25\/servidores-publicos-ofreceran-servicio-integral-a-personas-con-discapacidad-2\/#article\",\"isPartOf\":{\"@id\":\"https:\/\/www.mpppst.gob.ve\/mpppstweb\/index.php\/2015\/08\/25\/servidores-publicos-ofreceran-servicio-integral-a-personas-con-discapacidad-2\/\"},\"author\":{\"name\":\"MPPPST Prensa\",\"@id\":\"https:\/\/www.mpppst.gob.ve\/mpppstweb\/#\/schema\/person\/fc187ee8ead412bd4c9304b62f900ea4\"},\"headline\":\"Servidores p\u00fablicos ofrecer\u00e1n servicio integral a personas con discapacidad\",\"datePublished\":\"2015-08-25T09:33:34+00:00\",\"dateModified\":\"2016-07-01T16:14:49+00:00\",\"mainEntityOfPage\":{\"@id\":\"https:\/\/www.mpppst.gob.ve\/mpppstweb\/index.php\/2015\/08\/25\/servidores-publicos-ofreceran-servicio-integral-a-personas-con-discapacidad-2\/\"},\"wordCount\":386,\"publisher\":{\"@id\":\"https:\/\/www.mpppst.gob.ve\/mpppstweb\/#organization\"},\"image\":{\"@id\":\"https:\/\/www.mpppst.gob.ve\/mpppstweb\/index.php\/2015\/08\/25\/servidores-publicos-ofreceran-servicio-integral-a-personas-con-discapacidad-2\/#primaryimage\"},\"thumbnailUrl\":\"https:\/\/www.mpppst.gob.ve\/mpppstweb\/wp-content\/uploads\/2015\/08\/IMG_4922.jpg\",\"articleSection\":[\"Ministerio\"],\"inLanguage\":\"es\"},{\"@type\":\"WebPage\",\"@id\":\"https:\/\/www.mpppst.gob.ve\/mpppstweb\/index.php\/2015\/08\/25\/servidores-publicos-ofreceran-servicio-integral-a-personas-con-discapacidad-2\/\",\"url\":\"https:\/\/www.mpppst.gob.ve\/mpppstweb\/index.php\/2015\/08\/25\/servidores-publicos-ofreceran-servicio-integral-a-personas-con-discapacidad-2\/\",\"name\":\"Servidores p\u00fablicos ofrecer\u00e1n servicio integral a personas con discapacidad - MPPPST\",\"isPartOf\":{\"@id\":\"https:\/\/www.mpppst.gob.ve\/mpppstweb\/#website\"},\"primaryImageOfPage\":{\"@id\":\"https:\/\/www.mpppst.gob.ve\/mpppstweb\/index.php\/2015\/08\/25\/servidores-publicos-ofreceran-servicio-integral-a-personas-con-discapacidad-2\/#primaryimage\"},\"image\":{\"@id\":\"https:\/\/www.mpppst.gob.ve\/mpppstweb\/index.php\/2015\/08\/25\/servidores-publicos-ofreceran-servicio-integral-a-personas-con-discapacidad-2\/#primaryimage\"},\"thumbnailUrl\":\"https:\/\/www.mpppst.gob.ve\/mpppstweb\/wp-content\/uploads\/2015\/08\/IMG_4922.jpg\",\"datePublished\":\"2015-08-25T09:33:34+00:00\",\"dateModified\":\"2016-07-01T16:14:49+00:00\",\"breadcrumb\":{\"@id\":\"https:\/\/www.mpppst.gob.ve\/mpppstweb\/index.php\/2015\/08\/25\/servidores-publicos-ofreceran-servicio-integral-a-personas-con-discapacidad-2\/#breadcrumb\"},\"inLanguage\":\"es\",\"potentialAction\":[{\"@type\":\"ReadAction\",\"target\":[\"https:\/\/www.mpppst.gob.ve\/mpppstweb\/index.php\/2015\/08\/25\/servidores-publicos-ofreceran-servicio-integral-a-personas-con-discapacidad-2\/\"]}]},{\"@type\":\"ImageObject\",\"inLanguage\":\"es\",\"@id\":\"https:\/\/www.mpppst.gob.ve\/mpppstweb\/index.php\/2015\/08\/25\/servidores-publicos-ofreceran-servicio-integral-a-personas-con-discapacidad-2\/#primaryimage\",\"url\":\"https:\/\/www.mpppst.gob.ve\/mpppstweb\/wp-content\/uploads\/2015\/08\/IMG_4922.jpg\",\"contentUrl\":\"https:\/\/www.mpppst.gob.ve\/mpppstweb\/wp-content\/uploads\/2015\/08\/IMG_4922.jpg\",\"width\":640,\"height\":427},{\"@type\":\"BreadcrumbList\",\"@id\":\"https:\/\/www.mpppst.gob.ve\/mpppstweb\/index.php\/2015\/08\/25\/servidores-publicos-ofreceran-servicio-integral-a-personas-con-discapacidad-2\/#breadcrumb\",\"itemListElement\":[{\"@type\":\"ListItem\",\"position\":1,\"name\":\"Home\",\"item\":\"https:\/\/www.mpppst.gob.ve\/mpppstweb\/\"},{\"@type\":\"ListItem\",\"position\":2,\"name\":\"Servidores p\u00fablicos ofrecer\u00e1n servicio integral a personas con discapacidad\"}]},{\"@type\":\"WebSite\",\"@id\":\"https:\/\/www.mpppst.gob.ve\/mpppstweb\/#website\",\"url\":\"https:\/\/www.mpppst.gob.ve\/mpppstweb\/\",\"name\":\"MPPPST\",\"description\":\"Ministerio del Poder Popular para el Proceso Social de Trabajo\",\"publisher\":{\"@id\":\"https:\/\/www.mpppst.gob.ve\/mpppstweb\/#organization\"},\"potentialAction\":[{\"@type\":\"SearchAction\",\"target\":{\"@type\":\"EntryPoint\",\"urlTemplate\":\"https:\/\/www.mpppst.gob.ve\/mpppstweb\/?s={search_term_string}\"},\"query-input\":\"required name=search_term_string\"}],\"inLanguage\":\"es\"},{\"@type\":\"Organization\",\"@id\":\"https:\/\/www.mpppst.gob.ve\/mpppstweb\/#organization\",\"name\":\"mpppst\",\"url\":\"https:\/\/www.mpppst.gob.ve\/mpppstweb\/\",\"logo\":{\"@type\":\"ImageObject\",\"inLanguage\":\"es\",\"@id\":\"https:\/\/www.mpppst.gob.ve\/mpppstweb\/#\/schema\/logo\/image\/\",\"url\":\"https:\/\/www.mpppst.gob.ve\/mpppstweb\/wp-content\/uploads\/2025\/07\/cropped-cropped-g910.png\",\"contentUrl\":\"https:\/\/www.mpppst.gob.ve\/mpppstweb\/wp-content\/uploads\/2025\/07\/cropped-cropped-g910.png\",\"width\":1080,\"height\":241,\"caption\":\"mpppst\"},\"image\":{\"@id\":\"https:\/\/www.mpppst.gob.ve\/mpppstweb\/#\/schema\/logo\/image\/\"}},{\"@type\":\"Person\",\"@id\":\"https:\/\/www.mpppst.gob.ve\/mpppstweb\/#\/schema\/person\/fc187ee8ead412bd4c9304b62f900ea4\",\"name\":\"MPPPST Prensa\",\"url\":\"https:\/\/www.mpppst.gob.ve\/mpppstweb\/index.php\/author\/prensa-mpppst\/\"}]}<\/script>\n<!-- \/ Yoast SEO plugin. -->","yoast_head_json":{"title":"Servidores p\u00fablicos ofrecer\u00e1n servicio integral a personas con discapacidad - MPPPST","robots":{"index":"index","follow":"follow","max-snippet":"max-snippet:-1","max-image-preview":"max-image-preview:large","max-video-preview":"max-video-preview:-1"},"canonical":"https:\/\/www.mpppst.gob.ve\/mpppstweb\/index.php\/2015\/08\/25\/servidores-publicos-ofreceran-servicio-integral-a-personas-con-discapacidad-2\/","og_locale":"es_ES","og_type":"article","og_title":"Servidores p\u00fablicos ofrecer\u00e1n servicio integral a personas con discapacidad - MPPPST","og_description":"Trabajadores del MPPPST comenzaron el pasado viernes el taller de concientizaci\u00f3n para inclusi\u00f3n de las personas con discapacidad al campo laboral","og_url":"https:\/\/www.mpppst.gob.ve\/mpppstweb\/index.php\/2015\/08\/25\/servidores-publicos-ofreceran-servicio-integral-a-personas-con-discapacidad-2\/","og_site_name":"MPPPST","article_published_time":"2015-08-25T09:33:34+00:00","article_modified_time":"2016-07-01T16:14:49+00:00","og_image":[{"width":640,"height":427,"url":"https:\/\/www.mpppst.gob.ve\/mpppstweb\/wp-content\/uploads\/2015\/08\/IMG_4922.jpg","type":"image\/jpeg"}],"author":"MPPPST Prensa","twitter_card":"summary_large_image","twitter_misc":{"Escrito por":"MPPPST Prensa","Tiempo de lectura":"2 minutos"},"schema":{"@context":"https:\/\/schema.org","@graph":[{"@type":"Article","@id":"https:\/\/www.mpppst.gob.ve\/mpppstweb\/index.php\/2015\/08\/25\/servidores-publicos-ofreceran-servicio-integral-a-personas-con-discapacidad-2\/#article","isPartOf":{"@id":"https:\/\/www.mpppst.gob.ve\/mpppstweb\/index.php\/2015\/08\/25\/servidores-publicos-ofreceran-servicio-integral-a-personas-con-discapacidad-2\/"},"author":{"name":"MPPPST Prensa","@id":"https:\/\/www.mpppst.gob.ve\/mpppstweb\/#\/schema\/person\/fc187ee8ead412bd4c9304b62f900ea4"},"headline":"Servidores p\u00fablicos ofrecer\u00e1n servicio integral a personas con discapacidad","datePublished":"2015-08-25T09:33:34+00:00","dateModified":"2016-07-01T16:14:49+00:00","mainEntityOfPage":{"@id":"https:\/\/www.mpppst.gob.ve\/mpppstweb\/index.php\/2015\/08\/25\/servidores-publicos-ofreceran-servicio-integral-a-personas-con-discapacidad-2\/"},"wordCount":386,"publisher":{"@id":"https:\/\/www.mpppst.gob.ve\/mpppstweb\/#organization"},"image":{"@id":"https:\/\/www.mpppst.gob.ve\/mpppstweb\/index.php\/2015\/08\/25\/servidores-publicos-ofreceran-servicio-integral-a-personas-con-discapacidad-2\/#primaryimage"},"thumbnailUrl":"https:\/\/www.mpppst.gob.ve\/mpppstweb\/wp-content\/uploads\/2015\/08\/IMG_4922.jpg","articleSection":["Ministerio"],"inLanguage":"es"},{"@type":"WebPage","@id":"https:\/\/www.mpppst.gob.ve\/mpppstweb\/index.php\/2015\/08\/25\/servidores-publicos-ofreceran-servicio-integral-a-personas-con-discapacidad-2\/","url":"https:\/\/www.mpppst.gob.ve\/mpppstweb\/index.php\/2015\/08\/25\/servidores-publicos-ofreceran-servicio-integral-a-personas-con-discapacidad-2\/","name":"Servidores p\u00fablicos ofrecer\u00e1n servicio integral a personas con discapacidad - MPPPST","isPartOf":{"@id":"https:\/\/www.mpppst.gob.ve\/mpppstweb\/#website"},"primaryImageOfPage":{"@id":"https:\/\/www.mpppst.gob.ve\/mpppstweb\/index.php\/2015\/08\/25\/servidores-publicos-ofreceran-servicio-integral-a-personas-con-discapacidad-2\/#primaryimage"},"image":{"@id":"https:\/\/www.mpppst.gob.ve\/mpppstweb\/index.php\/2015\/08\/25\/servidores-publicos-ofreceran-servicio-integral-a-personas-con-discapacidad-2\/#primaryimage"},"thumbnailUrl":"https:\/\/www.mpppst.gob.ve\/mpppstweb\/wp-content\/uploads\/2015\/08\/IMG_4922.jpg","datePublished":"2015-08-25T09:33:34+00:00","dateModified":"2016-07-01T16:14:49+00:00","breadcrumb":{"@id":"https:\/\/www.mpppst.gob.ve\/mpppstweb\/index.php\/2015\/08\/25\/servidores-publicos-ofreceran-servicio-integral-a-personas-con-discapacidad-2\/#breadcrumb"},"inLanguage":"es","potentialAction":[{"@type":"ReadAction","target":["https:\/\/www.mpppst.gob.ve\/mpppstweb\/index.php\/2015\/08\/25\/servidores-publicos-ofreceran-servicio-integral-a-personas-con-discapacidad-2\/"]}]},{"@type":"ImageObject","inLanguage":"es","@id":"https:\/\/www.mpppst.gob.ve\/mpppstweb\/index.php\/2015\/08\/25\/servidores-publicos-ofreceran-servicio-integral-a-personas-con-discapacidad-2\/#primaryimage","url":"https:\/\/www.mpppst.gob.ve\/mpppstweb\/wp-content\/uploads\/2015\/08\/IMG_4922.jpg","contentUrl":"https:\/\/www.mpppst.gob.ve\/mpppstweb\/wp-content\/uploads\/2015\/08\/IMG_4922.jpg","width":640,"height":427},{"@type":"BreadcrumbList","@id":"https:\/\/www.mpppst.gob.ve\/mpppstweb\/index.php\/2015\/08\/25\/servidores-publicos-ofreceran-servicio-integral-a-personas-con-discapacidad-2\/#breadcrumb","itemListElement":[{"@type":"ListItem","position":1,"name":"Home","item":"https:\/\/www.mpppst.gob.ve\/mpppstweb\/"},{"@type":"ListItem","position":2,"name":"Servidores p\u00fablicos ofrecer\u00e1n servicio integral a personas con discapacidad"}]},{"@type":"WebSite","@id":"https:\/\/www.mpppst.gob.ve\/mpppstweb\/#website","url":"https:\/\/www.mpppst.gob.ve\/mpppstweb\/","name":"MPPPST","description":"Ministerio del Poder Popular para el Proceso Social de Trabajo","publisher":{"@id":"https:\/\/www.mpppst.gob.ve\/mpppstweb\/#organization"},"potentialAction":[{"@type":"SearchAction","target":{"@type":"EntryPoint","urlTemplate":"https:\/\/www.mpppst.gob.ve\/mpppstweb\/?s={search_term_string}"},"query-input":"required name=search_term_string"}],"inLanguage":"es"},{"@type":"Organization","@id":"https:\/\/www.mpppst.gob.ve\/mpppstweb\/#organization","name":"mpppst","url":"https:\/\/www.mpppst.gob.ve\/mpppstweb\/","logo":{"@type":"ImageObject","inLanguage":"es","@id":"https:\/\/www.mpppst.gob.ve\/mpppstweb\/#\/schema\/logo\/image\/","url":"https:\/\/www.mpppst.gob.ve\/mpppstweb\/wp-content\/uploads\/2025\/07\/cropped-cropped-g910.png","contentUrl":"https:\/\/www.mpppst.gob.ve\/mpppstweb\/wp-content\/uploads\/2025\/07\/cropped-cropped-g910.png","width":1080,"height":241,"caption":"mpppst"},"image":{"@id":"https:\/\/www.mpppst.gob.ve\/mpppstweb\/#\/schema\/logo\/image\/"}},{"@type":"Person","@id":"https:\/\/www.mpppst.gob.ve\/mpppstweb\/#\/schema\/person\/fc187ee8ead412bd4c9304b62f900ea4","name":"MPPPST Prensa","url":"https:\/\/www.mpppst.gob.ve\/mpppstweb\/index.php\/author\/prensa-mpppst\/"}]}},"_links":{"self":[{"href":"https:\/\/www.mpppst.gob.ve\/mpppstweb\/index.php\/wp-json\/wp\/v2\/posts\/3533"}],"collection":[{"href":"https:\/\/www.mpppst.gob.ve\/mpppstweb\/index.php\/wp-json\/wp\/v2\/posts"}],"about":[{"href":"https:\/\/www.mpppst.gob.ve\/mpppstweb\/index.php\/wp-json\/wp\/v2\/types\/post"}],"author":[{"embeddable":true,"href":"https:\/\/www.mpppst.gob.ve\/mpppstweb\/index.php\/wp-json\/wp\/v2\/users\/25"}],"replies":[{"embeddable":true,"href":"https:\/\/www.mpppst.gob.ve\/mpppstweb\/index.php\/wp-json\/wp\/v2\/comments?post=3533"}],"version-history":[{"count":1,"href":"https:\/\/www.mpppst.gob.ve\/mpppstweb\/index.php\/wp-json\/wp\/v2\/posts\/3533\/revisions"}],"predecessor-version":[{"id":6599,"href":"https:\/\/www.mpppst.gob.ve\/mpppstweb\/index.php\/wp-json\/wp\/v2\/posts\/3533\/revisions\/6599"}],"wp:featuredmedia":[{"embeddable":true,"href":"https:\/\/www.mpppst.gob.ve\/mpppstweb\/index.php\/wp-json\/wp\/v2\/media\/3534"}],"wp:attachment":[{"href":"https:\/\/www.mpppst.gob.ve\/mpppstweb\/index.php\/wp-json\/wp\/v2\/media?parent=3533"}],"wp:term":[{"taxonomy":"category","embeddable":true,"href":"https:\/\/www.mpppst.gob.ve\/mpppstweb\/index.php\/wp-json\/wp\/v2\/categories?post=3533"},{"taxonomy":"post_tag","embeddable":true,"href":"https:\/\/www.mpppst.gob.ve\/mpppstweb\/index.php\/wp-json\/wp\/v2\/tags?post=3533"}],"curies":[{"name":"wp","href":"https:\/\/api.w.org\/{rel}","templated":true}]}}