{"id":3537,"date":"2015-08-25T16:34:02","date_gmt":"2015-08-25T16:34:02","guid":{"rendered":"http:\/\/www.mpppst.gob.ve\/mpppstweb\/?p=3537"},"modified":"2016-07-01T16:15:50","modified_gmt":"2016-07-01T16:15:50","slug":"consejos-comunales-favorecen-la-gestion-social-de-hogares-de-la-patria-2","status":"publish","type":"post","link":"https:\/\/www.mpppst.gob.ve\/mpppstweb\/index.php\/2015\/08\/25\/consejos-comunales-favorecen-la-gestion-social-de-hogares-de-la-patria-2\/","title":{"rendered":"Consejos Comunales favorecen la gesti\u00f3n social de Hogares de la Patria"},"content":{"rendered":"<p style=\"text-align: justify;\">Caracas, 22 de agosto de 2015 (MPPPST).- La comunidad de Quiriquire del sector El Brillante, Parroquia Maiquet\u00eda, recibi\u00f3 esta s\u00e1bado las visitas casa por casa de la Gran Misi\u00f3n Hogares de la Patria, acompa\u00f1adas en esta oportunidad por el Ministro del Poder Popular para el Proceso Social de Trabajo, Jes\u00fas Mart\u00ednez y parte de su gabinete ministerial quienes pudieron verificar en el sitio las diferentes necesidades de las familias registradas.<\/p>\n<p style=\"text-align: justify;\">Vanessa Hern\u00e1ndez, especialista de la Gran Misi\u00f3n Hogares de la Patria, explic\u00f3 que \u201clas visitas casa por casa son en parte gracias a la ayuda de los Consejos Comunales ya que ellos mejor que nosotros saben cu\u00e1les son las necesidades de los integrantes de su comunidad y la situaci\u00f3n de pobreza extrema en la que podr\u00edan estar\u201d.<\/p>\n<p style=\"text-align: justify;\">\u201cYo tengo 3 ni\u00f1os y vivo en situaci\u00f3n de riesgo, necesitaba urgente me ayudaran y el que vengan significa para m\u00ed un rayo de esperanza\u201d, expres\u00f3 Yacsuri Ca\u00f1as, una de las madres de las familias que fueron verificadas por la Misi\u00f3n.<\/p>\n<p style=\"text-align: justify;\">Por su parte la Presidenta del \u00d3rgano Superior de la Gran Misi\u00f3n Hogares de la Patria, Gladys Requena, ofreci\u00f3 una rueda de prensa donde dio a conocer el balance del Gabinete de la Vicepresidencia Social y Revoluci\u00f3n de las Misiones. Destac\u00f3 que durante el proceso de verificaci\u00f3n de la Gran Misi\u00f3n Hogares de la Patria se ha realizado la visita casa por casa de 49 mil 442 familias. Programa social que ha registrado hasta el momento 592 mil hogares.<\/p>\n<p style=\"text-align: justify;\">Inform\u00f3 que \u201cse han incorporado 7.005 madres, a la Misi\u00f3n Madres del Barrio, 825 becas universitarias, 5.344 de educaci\u00f3n b\u00e1sica y media y 4.236 pensiones en amor mayor para un total de 17.400 incorporaciones en esta ruta de las 49 mil verificaciones de la Gran Misi\u00f3n Hogares de la Patria\u201d. En este mismo sentido refiri\u00f3 que existen 696 bases de misiones de las 1005 propuestas para este 2015.<\/p>\n<p style=\"text-align: justify;\">\n<p style=\"text-align: justify;\"><strong>Gabinete Social ampliado\u00a0<\/strong><\/p>\n<p style=\"text-align: justify;\">Conjuntamente a las visitas casa por casa se desarroll\u00f3 el Gabinete Social Estadal Ampliado, con la participaci\u00f3n de los seis ministerios del \u00e1rea social, sus entes adscritos y autoridades de la Gobernaci\u00f3n del estado Vargas para continuar ejecutando el plan de repolitizaci\u00f3n de acciones organizadas para hacer m\u00e1s eficiente y eficaz el poder pol\u00edtico que ejerce el Gobierno Revolucionario en la entidad.<\/p>\n<p style=\"text-align: justify;\">El Estado Vargas es uno de los cuatro estados asignados al Ministerio del Poder Popular para el Proceso Social de Trabajo (MPPPST) para que con su personal organice estos Gabinetes, conformados por cuatro mesas de trabajo que debaten el Plan y realizan propuestas para ser incluidas y llevadas a cabo colectivamente.<\/p>\n<p style=\"text-align: justify;\">La actividad tuvo como objetivo principal alinear y complementar las fuerzas sociales y pol\u00edticas, fortalecer las capacidades de formaci\u00f3n, organizaci\u00f3n, movilizaci\u00f3n, proyecci\u00f3n y adem\u00e1s desarrollar pr\u00e1cticas eficientes en el uso de los recursos para alcanzar los objetivos sociales previstos en el Plan de la Patria 2013-2019.<\/p>\n<p style=\"text-align: justify;\">\n<p style=\"text-align: justify;\">Report\u00f3: Ninoska Gilson<\/p>\n<p style=\"text-align: justify;\">Fotos: Maritza Higuera<\/p>\n<p style=\"text-align: justify;\">\n","protected":false},"excerpt":{"rendered":"<p>Durante el proceso de verificaci\u00f3n de la Gran Misi\u00f3n Hogares de la Patria se ha realizado la visita casa por casa de 49 mil 442 familias<\/p>\n","protected":false},"author":25,"featured_media":3541,"comment_status":"closed","ping_status":"closed","sticky":false,"template":"","format":"standard","meta":{"footnotes":""},"categories":[82],"tags":[],"yoast_head":"<!-- This site is optimized with the Yoast SEO plugin v22.5 - https:\/\/yoast.com\/wordpress\/plugins\/seo\/ -->\n<title>Consejos Comunales favorecen la gesti\u00f3n social de Hogares de la Patria - MPPPST<\/title>\n<meta name=\"robots\" content=\"index, follow, max-snippet:-1, max-image-preview:large, max-video-preview:-1\" \/>\n<link rel=\"canonical\" href=\"https:\/\/www.mpppst.gob.ve\/mpppstweb\/index.php\/2015\/08\/25\/consejos-comunales-favorecen-la-gestion-social-de-hogares-de-la-patria-2\/\" \/>\n<meta property=\"og:locale\" content=\"es_ES\" \/>\n<meta property=\"og:type\" content=\"article\" \/>\n<meta property=\"og:title\" content=\"Consejos Comunales favorecen la gesti\u00f3n social de Hogares de la Patria - MPPPST\" \/>\n<meta property=\"og:description\" content=\"Durante el proceso de verificaci\u00f3n de la Gran Misi\u00f3n Hogares de la Patria se ha realizado la visita casa por casa de 49 mil 442 familias\" \/>\n<meta property=\"og:url\" content=\"https:\/\/www.mpppst.gob.ve\/mpppstweb\/index.php\/2015\/08\/25\/consejos-comunales-favorecen-la-gestion-social-de-hogares-de-la-patria-2\/\" \/>\n<meta property=\"og:site_name\" content=\"MPPPST\" \/>\n<meta property=\"article:published_time\" content=\"2015-08-25T16:34:02+00:00\" \/>\n<meta property=\"article:modified_time\" content=\"2016-07-01T16:15:50+00:00\" \/>\n<meta property=\"og:image\" content=\"https:\/\/www.mpppst.gob.ve\/mpppstweb\/wp-content\/uploads\/2015\/08\/20150822_131502-1.jpg\" \/>\n\t<meta property=\"og:image:width\" content=\"2560\" \/>\n\t<meta property=\"og:image:height\" content=\"1536\" \/>\n\t<meta property=\"og:image:type\" content=\"image\/jpeg\" \/>\n<meta name=\"author\" content=\"MPPPST Prensa\" \/>\n<meta name=\"twitter:card\" content=\"summary_large_image\" \/>\n<meta name=\"twitter:label1\" content=\"Escrito por\" \/>\n\t<meta name=\"twitter:data1\" content=\"MPPPST Prensa\" \/>\n\t<meta name=\"twitter:label2\" content=\"Tiempo de lectura\" \/>\n\t<meta name=\"twitter:data2\" content=\"3 minutos\" \/>\n<script type=\"application\/ld+json\" class=\"yoast-schema-graph\">{\"@context\":\"https:\/\/schema.org\",\"@graph\":[{\"@type\":\"Article\",\"@id\":\"https:\/\/www.mpppst.gob.ve\/mpppstweb\/index.php\/2015\/08\/25\/consejos-comunales-favorecen-la-gestion-social-de-hogares-de-la-patria-2\/#article\",\"isPartOf\":{\"@id\":\"https:\/\/www.mpppst.gob.ve\/mpppstweb\/index.php\/2015\/08\/25\/consejos-comunales-favorecen-la-gestion-social-de-hogares-de-la-patria-2\/\"},\"author\":{\"name\":\"MPPPST Prensa\",\"@id\":\"https:\/\/www.mpppst.gob.ve\/mpppstweb\/#\/schema\/person\/fc187ee8ead412bd4c9304b62f900ea4\"},\"headline\":\"Consejos Comunales favorecen la gesti\u00f3n social de Hogares de la Patria\",\"datePublished\":\"2015-08-25T16:34:02+00:00\",\"dateModified\":\"2016-07-01T16:15:50+00:00\",\"mainEntityOfPage\":{\"@id\":\"https:\/\/www.mpppst.gob.ve\/mpppstweb\/index.php\/2015\/08\/25\/consejos-comunales-favorecen-la-gestion-social-de-hogares-de-la-patria-2\/\"},\"wordCount\":516,\"publisher\":{\"@id\":\"https:\/\/www.mpppst.gob.ve\/mpppstweb\/#organization\"},\"image\":{\"@id\":\"https:\/\/www.mpppst.gob.ve\/mpppstweb\/index.php\/2015\/08\/25\/consejos-comunales-favorecen-la-gestion-social-de-hogares-de-la-patria-2\/#primaryimage\"},\"thumbnailUrl\":\"https:\/\/www.mpppst.gob.ve\/mpppstweb\/wp-content\/uploads\/2015\/08\/20150822_131502-1.jpg\",\"articleSection\":[\"Gobierno Nacional\"],\"inLanguage\":\"es\"},{\"@type\":\"WebPage\",\"@id\":\"https:\/\/www.mpppst.gob.ve\/mpppstweb\/index.php\/2015\/08\/25\/consejos-comunales-favorecen-la-gestion-social-de-hogares-de-la-patria-2\/\",\"url\":\"https:\/\/www.mpppst.gob.ve\/mpppstweb\/index.php\/2015\/08\/25\/consejos-comunales-favorecen-la-gestion-social-de-hogares-de-la-patria-2\/\",\"name\":\"Consejos Comunales favorecen la gesti\u00f3n social de Hogares de la Patria - MPPPST\",\"isPartOf\":{\"@id\":\"https:\/\/www.mpppst.gob.ve\/mpppstweb\/#website\"},\"primaryImageOfPage\":{\"@id\":\"https:\/\/www.mpppst.gob.ve\/mpppstweb\/index.php\/2015\/08\/25\/consejos-comunales-favorecen-la-gestion-social-de-hogares-de-la-patria-2\/#primaryimage\"},\"image\":{\"@id\":\"https:\/\/www.mpppst.gob.ve\/mpppstweb\/index.php\/2015\/08\/25\/consejos-comunales-favorecen-la-gestion-social-de-hogares-de-la-patria-2\/#primaryimage\"},\"thumbnailUrl\":\"https:\/\/www.mpppst.gob.ve\/mpppstweb\/wp-content\/uploads\/2015\/08\/20150822_131502-1.jpg\",\"datePublished\":\"2015-08-25T16:34:02+00:00\",\"dateModified\":\"2016-07-01T16:15:50+00:00\",\"breadcrumb\":{\"@id\":\"https:\/\/www.mpppst.gob.ve\/mpppstweb\/index.php\/2015\/08\/25\/consejos-comunales-favorecen-la-gestion-social-de-hogares-de-la-patria-2\/#breadcrumb\"},\"inLanguage\":\"es\",\"potentialAction\":[{\"@type\":\"ReadAction\",\"target\":[\"https:\/\/www.mpppst.gob.ve\/mpppstweb\/index.php\/2015\/08\/25\/consejos-comunales-favorecen-la-gestion-social-de-hogares-de-la-patria-2\/\"]}]},{\"@type\":\"ImageObject\",\"inLanguage\":\"es\",\"@id\":\"https:\/\/www.mpppst.gob.ve\/mpppstweb\/index.php\/2015\/08\/25\/consejos-comunales-favorecen-la-gestion-social-de-hogares-de-la-patria-2\/#primaryimage\",\"url\":\"https:\/\/www.mpppst.gob.ve\/mpppstweb\/wp-content\/uploads\/2015\/08\/20150822_131502-1.jpg\",\"contentUrl\":\"https:\/\/www.mpppst.gob.ve\/mpppstweb\/wp-content\/uploads\/2015\/08\/20150822_131502-1.jpg\",\"width\":2560,\"height\":1536},{\"@type\":\"BreadcrumbList\",\"@id\":\"https:\/\/www.mpppst.gob.ve\/mpppstweb\/index.php\/2015\/08\/25\/consejos-comunales-favorecen-la-gestion-social-de-hogares-de-la-patria-2\/#breadcrumb\",\"itemListElement\":[{\"@type\":\"ListItem\",\"position\":1,\"name\":\"Home\",\"item\":\"https:\/\/www.mpppst.gob.ve\/mpppstweb\/\"},{\"@type\":\"ListItem\",\"position\":2,\"name\":\"Consejos Comunales favorecen la gesti\u00f3n social de Hogares de la Patria\"}]},{\"@type\":\"WebSite\",\"@id\":\"https:\/\/www.mpppst.gob.ve\/mpppstweb\/#website\",\"url\":\"https:\/\/www.mpppst.gob.ve\/mpppstweb\/\",\"name\":\"MPPPST\",\"description\":\"Ministerio del Poder Popular para el Proceso Social de Trabajo\",\"publisher\":{\"@id\":\"https:\/\/www.mpppst.gob.ve\/mpppstweb\/#organization\"},\"potentialAction\":[{\"@type\":\"SearchAction\",\"target\":{\"@type\":\"EntryPoint\",\"urlTemplate\":\"https:\/\/www.mpppst.gob.ve\/mpppstweb\/?s={search_term_string}\"},\"query-input\":\"required name=search_term_string\"}],\"inLanguage\":\"es\"},{\"@type\":\"Organization\",\"@id\":\"https:\/\/www.mpppst.gob.ve\/mpppstweb\/#organization\",\"name\":\"mpppst\",\"url\":\"https:\/\/www.mpppst.gob.ve\/mpppstweb\/\",\"logo\":{\"@type\":\"ImageObject\",\"inLanguage\":\"es\",\"@id\":\"https:\/\/www.mpppst.gob.ve\/mpppstweb\/#\/schema\/logo\/image\/\",\"url\":\"https:\/\/www.mpppst.gob.ve\/mpppstweb\/wp-content\/uploads\/2025\/07\/cropped-cropped-g910.png\",\"contentUrl\":\"https:\/\/www.mpppst.gob.ve\/mpppstweb\/wp-content\/uploads\/2025\/07\/cropped-cropped-g910.png\",\"width\":1080,\"height\":241,\"caption\":\"mpppst\"},\"image\":{\"@id\":\"https:\/\/www.mpppst.gob.ve\/mpppstweb\/#\/schema\/logo\/image\/\"}},{\"@type\":\"Person\",\"@id\":\"https:\/\/www.mpppst.gob.ve\/mpppstweb\/#\/schema\/person\/fc187ee8ead412bd4c9304b62f900ea4\",\"name\":\"MPPPST Prensa\",\"url\":\"https:\/\/www.mpppst.gob.ve\/mpppstweb\/index.php\/author\/prensa-mpppst\/\"}]}<\/script>\n<!-- \/ Yoast SEO plugin. -->","yoast_head_json":{"title":"Consejos Comunales favorecen la gesti\u00f3n social de Hogares de la Patria - MPPPST","robots":{"index":"index","follow":"follow","max-snippet":"max-snippet:-1","max-image-preview":"max-image-preview:large","max-video-preview":"max-video-preview:-1"},"canonical":"https:\/\/www.mpppst.gob.ve\/mpppstweb\/index.php\/2015\/08\/25\/consejos-comunales-favorecen-la-gestion-social-de-hogares-de-la-patria-2\/","og_locale":"es_ES","og_type":"article","og_title":"Consejos Comunales favorecen la gesti\u00f3n social de Hogares de la Patria - MPPPST","og_description":"Durante el proceso de verificaci\u00f3n de la Gran Misi\u00f3n Hogares de la Patria se ha realizado la visita casa por casa de 49 mil 442 familias","og_url":"https:\/\/www.mpppst.gob.ve\/mpppstweb\/index.php\/2015\/08\/25\/consejos-comunales-favorecen-la-gestion-social-de-hogares-de-la-patria-2\/","og_site_name":"MPPPST","article_published_time":"2015-08-25T16:34:02+00:00","article_modified_time":"2016-07-01T16:15:50+00:00","og_image":[{"width":2560,"height":1536,"url":"https:\/\/www.mpppst.gob.ve\/mpppstweb\/wp-content\/uploads\/2015\/08\/20150822_131502-1.jpg","type":"image\/jpeg"}],"author":"MPPPST Prensa","twitter_card":"summary_large_image","twitter_misc":{"Escrito por":"MPPPST Prensa","Tiempo de lectura":"3 minutos"},"schema":{"@context":"https:\/\/schema.org","@graph":[{"@type":"Article","@id":"https:\/\/www.mpppst.gob.ve\/mpppstweb\/index.php\/2015\/08\/25\/consejos-comunales-favorecen-la-gestion-social-de-hogares-de-la-patria-2\/#article","isPartOf":{"@id":"https:\/\/www.mpppst.gob.ve\/mpppstweb\/index.php\/2015\/08\/25\/consejos-comunales-favorecen-la-gestion-social-de-hogares-de-la-patria-2\/"},"author":{"name":"MPPPST Prensa","@id":"https:\/\/www.mpppst.gob.ve\/mpppstweb\/#\/schema\/person\/fc187ee8ead412bd4c9304b62f900ea4"},"headline":"Consejos Comunales favorecen la gesti\u00f3n social de Hogares de la Patria","datePublished":"2015-08-25T16:34:02+00:00","dateModified":"2016-07-01T16:15:50+00:00","mainEntityOfPage":{"@id":"https:\/\/www.mpppst.gob.ve\/mpppstweb\/index.php\/2015\/08\/25\/consejos-comunales-favorecen-la-gestion-social-de-hogares-de-la-patria-2\/"},"wordCount":516,"publisher":{"@id":"https:\/\/www.mpppst.gob.ve\/mpppstweb\/#organization"},"image":{"@id":"https:\/\/www.mpppst.gob.ve\/mpppstweb\/index.php\/2015\/08\/25\/consejos-comunales-favorecen-la-gestion-social-de-hogares-de-la-patria-2\/#primaryimage"},"thumbnailUrl":"https:\/\/www.mpppst.gob.ve\/mpppstweb\/wp-content\/uploads\/2015\/08\/20150822_131502-1.jpg","articleSection":["Gobierno Nacional"],"inLanguage":"es"},{"@type":"WebPage","@id":"https:\/\/www.mpppst.gob.ve\/mpppstweb\/index.php\/2015\/08\/25\/consejos-comunales-favorecen-la-gestion-social-de-hogares-de-la-patria-2\/","url":"https:\/\/www.mpppst.gob.ve\/mpppstweb\/index.php\/2015\/08\/25\/consejos-comunales-favorecen-la-gestion-social-de-hogares-de-la-patria-2\/","name":"Consejos Comunales favorecen la gesti\u00f3n social de Hogares de la Patria - MPPPST","isPartOf":{"@id":"https:\/\/www.mpppst.gob.ve\/mpppstweb\/#website"},"primaryImageOfPage":{"@id":"https:\/\/www.mpppst.gob.ve\/mpppstweb\/index.php\/2015\/08\/25\/consejos-comunales-favorecen-la-gestion-social-de-hogares-de-la-patria-2\/#primaryimage"},"image":{"@id":"https:\/\/www.mpppst.gob.ve\/mpppstweb\/index.php\/2015\/08\/25\/consejos-comunales-favorecen-la-gestion-social-de-hogares-de-la-patria-2\/#primaryimage"},"thumbnailUrl":"https:\/\/www.mpppst.gob.ve\/mpppstweb\/wp-content\/uploads\/2015\/08\/20150822_131502-1.jpg","datePublished":"2015-08-25T16:34:02+00:00","dateModified":"2016-07-01T16:15:50+00:00","breadcrumb":{"@id":"https:\/\/www.mpppst.gob.ve\/mpppstweb\/index.php\/2015\/08\/25\/consejos-comunales-favorecen-la-gestion-social-de-hogares-de-la-patria-2\/#breadcrumb"},"inLanguage":"es","potentialAction":[{"@type":"ReadAction","target":["https:\/\/www.mpppst.gob.ve\/mpppstweb\/index.php\/2015\/08\/25\/consejos-comunales-favorecen-la-gestion-social-de-hogares-de-la-patria-2\/"]}]},{"@type":"ImageObject","inLanguage":"es","@id":"https:\/\/www.mpppst.gob.ve\/mpppstweb\/index.php\/2015\/08\/25\/consejos-comunales-favorecen-la-gestion-social-de-hogares-de-la-patria-2\/#primaryimage","url":"https:\/\/www.mpppst.gob.ve\/mpppstweb\/wp-content\/uploads\/2015\/08\/20150822_131502-1.jpg","contentUrl":"https:\/\/www.mpppst.gob.ve\/mpppstweb\/wp-content\/uploads\/2015\/08\/20150822_131502-1.jpg","width":2560,"height":1536},{"@type":"BreadcrumbList","@id":"https:\/\/www.mpppst.gob.ve\/mpppstweb\/index.php\/2015\/08\/25\/consejos-comunales-favorecen-la-gestion-social-de-hogares-de-la-patria-2\/#breadcrumb","itemListElement":[{"@type":"ListItem","position":1,"name":"Home","item":"https:\/\/www.mpppst.gob.ve\/mpppstweb\/"},{"@type":"ListItem","position":2,"name":"Consejos Comunales favorecen la gesti\u00f3n social de Hogares de la Patria"}]},{"@type":"WebSite","@id":"https:\/\/www.mpppst.gob.ve\/mpppstweb\/#website","url":"https:\/\/www.mpppst.gob.ve\/mpppstweb\/","name":"MPPPST","description":"Ministerio del Poder Popular para el Proceso Social de Trabajo","publisher":{"@id":"https:\/\/www.mpppst.gob.ve\/mpppstweb\/#organization"},"potentialAction":[{"@type":"SearchAction","target":{"@type":"EntryPoint","urlTemplate":"https:\/\/www.mpppst.gob.ve\/mpppstweb\/?s={search_term_string}"},"query-input":"required name=search_term_string"}],"inLanguage":"es"},{"@type":"Organization","@id":"https:\/\/www.mpppst.gob.ve\/mpppstweb\/#organization","name":"mpppst","url":"https:\/\/www.mpppst.gob.ve\/mpppstweb\/","logo":{"@type":"ImageObject","inLanguage":"es","@id":"https:\/\/www.mpppst.gob.ve\/mpppstweb\/#\/schema\/logo\/image\/","url":"https:\/\/www.mpppst.gob.ve\/mpppstweb\/wp-content\/uploads\/2025\/07\/cropped-cropped-g910.png","contentUrl":"https:\/\/www.mpppst.gob.ve\/mpppstweb\/wp-content\/uploads\/2025\/07\/cropped-cropped-g910.png","width":1080,"height":241,"caption":"mpppst"},"image":{"@id":"https:\/\/www.mpppst.gob.ve\/mpppstweb\/#\/schema\/logo\/image\/"}},{"@type":"Person","@id":"https:\/\/www.mpppst.gob.ve\/mpppstweb\/#\/schema\/person\/fc187ee8ead412bd4c9304b62f900ea4","name":"MPPPST Prensa","url":"https:\/\/www.mpppst.gob.ve\/mpppstweb\/index.php\/author\/prensa-mpppst\/"}]}},"_links":{"self":[{"href":"https:\/\/www.mpppst.gob.ve\/mpppstweb\/index.php\/wp-json\/wp\/v2\/posts\/3537"}],"collection":[{"href":"https:\/\/www.mpppst.gob.ve\/mpppstweb\/index.php\/wp-json\/wp\/v2\/posts"}],"about":[{"href":"https:\/\/www.mpppst.gob.ve\/mpppstweb\/index.php\/wp-json\/wp\/v2\/types\/post"}],"author":[{"embeddable":true,"href":"https:\/\/www.mpppst.gob.ve\/mpppstweb\/index.php\/wp-json\/wp\/v2\/users\/25"}],"replies":[{"embeddable":true,"href":"https:\/\/www.mpppst.gob.ve\/mpppstweb\/index.php\/wp-json\/wp\/v2\/comments?post=3537"}],"version-history":[{"count":1,"href":"https:\/\/www.mpppst.gob.ve\/mpppstweb\/index.php\/wp-json\/wp\/v2\/posts\/3537\/revisions"}],"predecessor-version":[{"id":6870,"href":"https:\/\/www.mpppst.gob.ve\/mpppstweb\/index.php\/wp-json\/wp\/v2\/posts\/3537\/revisions\/6870"}],"wp:featuredmedia":[{"embeddable":true,"href":"https:\/\/www.mpppst.gob.ve\/mpppstweb\/index.php\/wp-json\/wp\/v2\/media\/3541"}],"wp:attachment":[{"href":"https:\/\/www.mpppst.gob.ve\/mpppstweb\/index.php\/wp-json\/wp\/v2\/media?parent=3537"}],"wp:term":[{"taxonomy":"category","embeddable":true,"href":"https:\/\/www.mpppst.gob.ve\/mpppstweb\/index.php\/wp-json\/wp\/v2\/categories?post=3537"},{"taxonomy":"post_tag","embeddable":true,"href":"https:\/\/www.mpppst.gob.ve\/mpppstweb\/index.php\/wp-json\/wp\/v2\/tags?post=3537"}],"curies":[{"name":"wp","href":"https:\/\/api.w.org\/{rel}","templated":true}]}}