{"id":4126,"date":"2015-12-09T17:26:19","date_gmt":"2015-12-09T17:26:19","guid":{"rendered":"http:\/\/www.mpppst.gob.ve\/mpppstweb\/?p=4126"},"modified":"2016-07-20T13:43:23","modified_gmt":"2016-07-20T13:43:23","slug":"la-navidad-llega-a-la-plaza-capuchinos-de-la-mano-del-mpppst","status":"publish","type":"post","link":"https:\/\/www.mpppst.gob.ve\/mpppstweb\/index.php\/2015\/12\/09\/la-navidad-llega-a-la-plaza-capuchinos-de-la-mano-del-mpppst\/","title":{"rendered":"La navidad llega a la Plaza Capuchinos de la mano del MPPPST"},"content":{"rendered":"<p style=\"text-align: justify;\">Caracas, 9 de diciembre de 2015 (Prensa MPPPST).- La navidad lleg\u00f3 a la plaza Capuchinos de la parroquia San Juan de Caracas, y lo hizo al son de grupos musicales de la propia comunidad y otros invitados que desde el pasado primero de diciembre ponen sabor navide\u00f1o a partir de las 3 de la tarde, convirtiendo este espacio en una opci\u00f3n de esparcimiento para las familias vecinas.<\/p>\n<p style=\"text-align: justify;\">El encendido de la Cruz del \u00c1vila, situada en el Parque Nacional Waraira Repano, marc\u00f3 el inicio de las festividades navide\u00f1as en el centro de la capital, siendo esta plaza uno de los lugares en los que se puede disfrutar de una combinaci\u00f3n de m\u00fasica y actividades de recreaci\u00f3n.<\/p>\n<p style=\"text-align: justify;\">Diana Pardo, coordinadora del Centro de Participaci\u00f3n Popular Aquiles Nazoa de la parroquia San Juan, dijo que los consejos comunales, el Ministerio y sus entes adscritos se unieron para brindar alegr\u00eda a la comunidad hasta el 11 de diciembre. \u201cSomos personas de paz y este tipo de actividades demuestran que queremos la alegr\u00eda para nuestro pueblo\u201d, manifest\u00f3.<\/p>\n<p style=\"text-align: justify;\">Pedro Sandoval, vecino de San Juan, expres\u00f3 que \u201ces maravilloso que se celebren estas festividades porque son para disfrutarlas sanamente y pasarla bien\u201d. Jes\u00fas Quiaro, otro de los habitantes de la comunidad, calific\u00f3 de \u201cmagn\u00edfica\u201d la iniciativa del Gobierno Revolucionario \u201cporque hay alegr\u00eda y eso es bueno para todos\u201d.<\/p>\n<p style=\"text-align: justify;\">Javier Colina, director musical de la agrupaci\u00f3n \u201cSebin tambi\u00e9n es gaita\u201d, coment\u00f3 que el p\u00fablico ha sido receptivo con sus presentaciones en estas navidades. \u201cEstamos muy contentos festejando la navidad y satisfechos de aportar un granito de arena para apoyar la cultura en todas las comunidades porque es la que da la identidad a la poblaci\u00f3n, y sin cultura no somos nada\u201d.<\/p>\n<p style=\"text-align: justify;\"><strong>Programaci\u00f3n parrandera<\/strong><\/p>\n<p style=\"text-align: justify;\">El Ministerio del Poder Popular para el Proceso Social de Trabajo (MPPPST) junto con el Instituto Venezolano de los Seguros Sociales (IVSS), la Tesorer\u00eda de la Seguridad Social (TSS), el Instituto Nacional de Capacitaci\u00f3n y Recreaci\u00f3n de los Trabajadores (INCRET) y el Instituto Nacional de Capacitaci\u00f3n y Educaci\u00f3n Socialista (INCES), son los encargados del engalanamiento de la plaza Capuchinos que comprende el decorado, alumbrado y la promoci\u00f3n de actividades culturales y recreacionales en la plaza. Esta es una iniciativa del Gobierno del Distrito Capital, ente que para este diciembre ha tenido entre sus pol\u00edticas la recuperaci\u00f3n y decoraci\u00f3n de 52 espacios p\u00fablicos caraque\u00f1os como una expresi\u00f3n de las tradiciones de los venezolanos para estas fechas.<\/p>\n<p style=\"text-align: justify;\">Parranda navide\u00f1a, gaita, m\u00fasica llanera, hip hop y boleros, son algunos de los g\u00e9neros musicales que se mezclar\u00e1n hasta este viernes en la plaza, algunos interpretados por orquestas de la comunidad y otras invitadas como la Orquesta Sinsaye de Venezuela, Ensamble Agridulce, Parranda Show, Mart\u00edn Mata y L&amp;N es Salsa.<\/p>\n<p style=\"text-align: justify;\">Redacci\u00f3n: Lourdes Hern\u00e1ndez<\/p>\n<p style=\"text-align: justify;\">Foto: Dellys Landaeta<\/p>\n","protected":false},"excerpt":{"rendered":"<p>La navidad lleg\u00f3 a la plaza Capuchinos de la parroquia San Juan de Caracas, y lo hizo al son de grupos musicales de la propia comunidad y otros invitados <\/p>\n","protected":false},"author":25,"featured_media":4127,"comment_status":"closed","ping_status":"closed","sticky":false,"template":"","format":"standard","meta":{"footnotes":""},"categories":[82],"tags":[],"yoast_head":"<!-- This site is optimized with the Yoast SEO plugin v22.5 - https:\/\/yoast.com\/wordpress\/plugins\/seo\/ -->\n<title>La navidad llega a la Plaza Capuchinos de la mano del MPPPST - MPPPST<\/title>\n<meta name=\"robots\" content=\"index, follow, max-snippet:-1, max-image-preview:large, max-video-preview:-1\" \/>\n<link rel=\"canonical\" href=\"https:\/\/www.mpppst.gob.ve\/mpppstweb\/index.php\/2015\/12\/09\/la-navidad-llega-a-la-plaza-capuchinos-de-la-mano-del-mpppst\/\" \/>\n<meta property=\"og:locale\" content=\"es_ES\" \/>\n<meta property=\"og:type\" content=\"article\" \/>\n<meta property=\"og:title\" content=\"La navidad llega a la Plaza Capuchinos de la mano del MPPPST - MPPPST\" \/>\n<meta property=\"og:description\" content=\"La navidad lleg\u00f3 a la plaza Capuchinos de la parroquia San Juan de Caracas, y lo hizo al son de grupos musicales de la propia comunidad y otros invitados\" \/>\n<meta property=\"og:url\" content=\"https:\/\/www.mpppst.gob.ve\/mpppstweb\/index.php\/2015\/12\/09\/la-navidad-llega-a-la-plaza-capuchinos-de-la-mano-del-mpppst\/\" \/>\n<meta property=\"og:site_name\" content=\"MPPPST\" \/>\n<meta property=\"article:published_time\" content=\"2015-12-09T17:26:19+00:00\" \/>\n<meta property=\"article:modified_time\" content=\"2016-07-20T13:43:23+00:00\" \/>\n<meta property=\"og:image\" content=\"https:\/\/www.mpppst.gob.ve\/mpppstweb\/wp-content\/uploads\/2015\/12\/Imagen-042.jpg\" \/>\n\t<meta property=\"og:image:width\" content=\"467\" \/>\n\t<meta property=\"og:image:height\" content=\"300\" \/>\n\t<meta property=\"og:image:type\" content=\"image\/jpeg\" \/>\n<meta name=\"author\" content=\"MPPPST Prensa\" \/>\n<meta name=\"twitter:card\" content=\"summary_large_image\" \/>\n<meta name=\"twitter:label1\" content=\"Escrito por\" \/>\n\t<meta name=\"twitter:data1\" content=\"MPPPST Prensa\" \/>\n\t<meta name=\"twitter:label2\" content=\"Tiempo de lectura\" \/>\n\t<meta name=\"twitter:data2\" content=\"2 minutos\" \/>\n<script type=\"application\/ld+json\" class=\"yoast-schema-graph\">{\"@context\":\"https:\/\/schema.org\",\"@graph\":[{\"@type\":\"Article\",\"@id\":\"https:\/\/www.mpppst.gob.ve\/mpppstweb\/index.php\/2015\/12\/09\/la-navidad-llega-a-la-plaza-capuchinos-de-la-mano-del-mpppst\/#article\",\"isPartOf\":{\"@id\":\"https:\/\/www.mpppst.gob.ve\/mpppstweb\/index.php\/2015\/12\/09\/la-navidad-llega-a-la-plaza-capuchinos-de-la-mano-del-mpppst\/\"},\"author\":{\"name\":\"MPPPST Prensa\",\"@id\":\"https:\/\/www.mpppst.gob.ve\/mpppstweb\/#\/schema\/person\/fc187ee8ead412bd4c9304b62f900ea4\"},\"headline\":\"La navidad llega a la Plaza Capuchinos de la mano del MPPPST\",\"datePublished\":\"2015-12-09T17:26:19+00:00\",\"dateModified\":\"2016-07-20T13:43:23+00:00\",\"mainEntityOfPage\":{\"@id\":\"https:\/\/www.mpppst.gob.ve\/mpppstweb\/index.php\/2015\/12\/09\/la-navidad-llega-a-la-plaza-capuchinos-de-la-mano-del-mpppst\/\"},\"wordCount\":503,\"publisher\":{\"@id\":\"https:\/\/www.mpppst.gob.ve\/mpppstweb\/#organization\"},\"image\":{\"@id\":\"https:\/\/www.mpppst.gob.ve\/mpppstweb\/index.php\/2015\/12\/09\/la-navidad-llega-a-la-plaza-capuchinos-de-la-mano-del-mpppst\/#primaryimage\"},\"thumbnailUrl\":\"https:\/\/www.mpppst.gob.ve\/mpppstweb\/wp-content\/uploads\/2015\/12\/Imagen-042.jpg\",\"articleSection\":[\"Gobierno Nacional\"],\"inLanguage\":\"es\"},{\"@type\":\"WebPage\",\"@id\":\"https:\/\/www.mpppst.gob.ve\/mpppstweb\/index.php\/2015\/12\/09\/la-navidad-llega-a-la-plaza-capuchinos-de-la-mano-del-mpppst\/\",\"url\":\"https:\/\/www.mpppst.gob.ve\/mpppstweb\/index.php\/2015\/12\/09\/la-navidad-llega-a-la-plaza-capuchinos-de-la-mano-del-mpppst\/\",\"name\":\"La navidad llega a la Plaza Capuchinos de la mano del MPPPST - MPPPST\",\"isPartOf\":{\"@id\":\"https:\/\/www.mpppst.gob.ve\/mpppstweb\/#website\"},\"primaryImageOfPage\":{\"@id\":\"https:\/\/www.mpppst.gob.ve\/mpppstweb\/index.php\/2015\/12\/09\/la-navidad-llega-a-la-plaza-capuchinos-de-la-mano-del-mpppst\/#primaryimage\"},\"image\":{\"@id\":\"https:\/\/www.mpppst.gob.ve\/mpppstweb\/index.php\/2015\/12\/09\/la-navidad-llega-a-la-plaza-capuchinos-de-la-mano-del-mpppst\/#primaryimage\"},\"thumbnailUrl\":\"https:\/\/www.mpppst.gob.ve\/mpppstweb\/wp-content\/uploads\/2015\/12\/Imagen-042.jpg\",\"datePublished\":\"2015-12-09T17:26:19+00:00\",\"dateModified\":\"2016-07-20T13:43:23+00:00\",\"breadcrumb\":{\"@id\":\"https:\/\/www.mpppst.gob.ve\/mpppstweb\/index.php\/2015\/12\/09\/la-navidad-llega-a-la-plaza-capuchinos-de-la-mano-del-mpppst\/#breadcrumb\"},\"inLanguage\":\"es\",\"potentialAction\":[{\"@type\":\"ReadAction\",\"target\":[\"https:\/\/www.mpppst.gob.ve\/mpppstweb\/index.php\/2015\/12\/09\/la-navidad-llega-a-la-plaza-capuchinos-de-la-mano-del-mpppst\/\"]}]},{\"@type\":\"ImageObject\",\"inLanguage\":\"es\",\"@id\":\"https:\/\/www.mpppst.gob.ve\/mpppstweb\/index.php\/2015\/12\/09\/la-navidad-llega-a-la-plaza-capuchinos-de-la-mano-del-mpppst\/#primaryimage\",\"url\":\"https:\/\/www.mpppst.gob.ve\/mpppstweb\/wp-content\/uploads\/2015\/12\/Imagen-042.jpg\",\"contentUrl\":\"https:\/\/www.mpppst.gob.ve\/mpppstweb\/wp-content\/uploads\/2015\/12\/Imagen-042.jpg\",\"width\":467,\"height\":300},{\"@type\":\"BreadcrumbList\",\"@id\":\"https:\/\/www.mpppst.gob.ve\/mpppstweb\/index.php\/2015\/12\/09\/la-navidad-llega-a-la-plaza-capuchinos-de-la-mano-del-mpppst\/#breadcrumb\",\"itemListElement\":[{\"@type\":\"ListItem\",\"position\":1,\"name\":\"Home\",\"item\":\"https:\/\/www.mpppst.gob.ve\/mpppstweb\/\"},{\"@type\":\"ListItem\",\"position\":2,\"name\":\"La navidad llega a la Plaza Capuchinos de la mano del MPPPST\"}]},{\"@type\":\"WebSite\",\"@id\":\"https:\/\/www.mpppst.gob.ve\/mpppstweb\/#website\",\"url\":\"https:\/\/www.mpppst.gob.ve\/mpppstweb\/\",\"name\":\"MPPPST\",\"description\":\"Ministerio del Poder Popular para el Proceso Social de Trabajo\",\"publisher\":{\"@id\":\"https:\/\/www.mpppst.gob.ve\/mpppstweb\/#organization\"},\"potentialAction\":[{\"@type\":\"SearchAction\",\"target\":{\"@type\":\"EntryPoint\",\"urlTemplate\":\"https:\/\/www.mpppst.gob.ve\/mpppstweb\/?s={search_term_string}\"},\"query-input\":\"required name=search_term_string\"}],\"inLanguage\":\"es\"},{\"@type\":\"Organization\",\"@id\":\"https:\/\/www.mpppst.gob.ve\/mpppstweb\/#organization\",\"name\":\"mpppst\",\"url\":\"https:\/\/www.mpppst.gob.ve\/mpppstweb\/\",\"logo\":{\"@type\":\"ImageObject\",\"inLanguage\":\"es\",\"@id\":\"https:\/\/www.mpppst.gob.ve\/mpppstweb\/#\/schema\/logo\/image\/\",\"url\":\"https:\/\/www.mpppst.gob.ve\/mpppstweb\/wp-content\/uploads\/2025\/07\/cropped-cropped-g910.png\",\"contentUrl\":\"https:\/\/www.mpppst.gob.ve\/mpppstweb\/wp-content\/uploads\/2025\/07\/cropped-cropped-g910.png\",\"width\":1080,\"height\":241,\"caption\":\"mpppst\"},\"image\":{\"@id\":\"https:\/\/www.mpppst.gob.ve\/mpppstweb\/#\/schema\/logo\/image\/\"}},{\"@type\":\"Person\",\"@id\":\"https:\/\/www.mpppst.gob.ve\/mpppstweb\/#\/schema\/person\/fc187ee8ead412bd4c9304b62f900ea4\",\"name\":\"MPPPST Prensa\",\"url\":\"https:\/\/www.mpppst.gob.ve\/mpppstweb\/index.php\/author\/prensa-mpppst\/\"}]}<\/script>\n<!-- \/ Yoast SEO plugin. -->","yoast_head_json":{"title":"La navidad llega a la Plaza Capuchinos de la mano del MPPPST - MPPPST","robots":{"index":"index","follow":"follow","max-snippet":"max-snippet:-1","max-image-preview":"max-image-preview:large","max-video-preview":"max-video-preview:-1"},"canonical":"https:\/\/www.mpppst.gob.ve\/mpppstweb\/index.php\/2015\/12\/09\/la-navidad-llega-a-la-plaza-capuchinos-de-la-mano-del-mpppst\/","og_locale":"es_ES","og_type":"article","og_title":"La navidad llega a la Plaza Capuchinos de la mano del MPPPST - MPPPST","og_description":"La navidad lleg\u00f3 a la plaza Capuchinos de la parroquia San Juan de Caracas, y lo hizo al son de grupos musicales de la propia comunidad y otros invitados","og_url":"https:\/\/www.mpppst.gob.ve\/mpppstweb\/index.php\/2015\/12\/09\/la-navidad-llega-a-la-plaza-capuchinos-de-la-mano-del-mpppst\/","og_site_name":"MPPPST","article_published_time":"2015-12-09T17:26:19+00:00","article_modified_time":"2016-07-20T13:43:23+00:00","og_image":[{"width":467,"height":300,"url":"https:\/\/www.mpppst.gob.ve\/mpppstweb\/wp-content\/uploads\/2015\/12\/Imagen-042.jpg","type":"image\/jpeg"}],"author":"MPPPST Prensa","twitter_card":"summary_large_image","twitter_misc":{"Escrito por":"MPPPST Prensa","Tiempo de lectura":"2 minutos"},"schema":{"@context":"https:\/\/schema.org","@graph":[{"@type":"Article","@id":"https:\/\/www.mpppst.gob.ve\/mpppstweb\/index.php\/2015\/12\/09\/la-navidad-llega-a-la-plaza-capuchinos-de-la-mano-del-mpppst\/#article","isPartOf":{"@id":"https:\/\/www.mpppst.gob.ve\/mpppstweb\/index.php\/2015\/12\/09\/la-navidad-llega-a-la-plaza-capuchinos-de-la-mano-del-mpppst\/"},"author":{"name":"MPPPST Prensa","@id":"https:\/\/www.mpppst.gob.ve\/mpppstweb\/#\/schema\/person\/fc187ee8ead412bd4c9304b62f900ea4"},"headline":"La navidad llega a la Plaza Capuchinos de la mano del MPPPST","datePublished":"2015-12-09T17:26:19+00:00","dateModified":"2016-07-20T13:43:23+00:00","mainEntityOfPage":{"@id":"https:\/\/www.mpppst.gob.ve\/mpppstweb\/index.php\/2015\/12\/09\/la-navidad-llega-a-la-plaza-capuchinos-de-la-mano-del-mpppst\/"},"wordCount":503,"publisher":{"@id":"https:\/\/www.mpppst.gob.ve\/mpppstweb\/#organization"},"image":{"@id":"https:\/\/www.mpppst.gob.ve\/mpppstweb\/index.php\/2015\/12\/09\/la-navidad-llega-a-la-plaza-capuchinos-de-la-mano-del-mpppst\/#primaryimage"},"thumbnailUrl":"https:\/\/www.mpppst.gob.ve\/mpppstweb\/wp-content\/uploads\/2015\/12\/Imagen-042.jpg","articleSection":["Gobierno Nacional"],"inLanguage":"es"},{"@type":"WebPage","@id":"https:\/\/www.mpppst.gob.ve\/mpppstweb\/index.php\/2015\/12\/09\/la-navidad-llega-a-la-plaza-capuchinos-de-la-mano-del-mpppst\/","url":"https:\/\/www.mpppst.gob.ve\/mpppstweb\/index.php\/2015\/12\/09\/la-navidad-llega-a-la-plaza-capuchinos-de-la-mano-del-mpppst\/","name":"La navidad llega a la Plaza Capuchinos de la mano del MPPPST - MPPPST","isPartOf":{"@id":"https:\/\/www.mpppst.gob.ve\/mpppstweb\/#website"},"primaryImageOfPage":{"@id":"https:\/\/www.mpppst.gob.ve\/mpppstweb\/index.php\/2015\/12\/09\/la-navidad-llega-a-la-plaza-capuchinos-de-la-mano-del-mpppst\/#primaryimage"},"image":{"@id":"https:\/\/www.mpppst.gob.ve\/mpppstweb\/index.php\/2015\/12\/09\/la-navidad-llega-a-la-plaza-capuchinos-de-la-mano-del-mpppst\/#primaryimage"},"thumbnailUrl":"https:\/\/www.mpppst.gob.ve\/mpppstweb\/wp-content\/uploads\/2015\/12\/Imagen-042.jpg","datePublished":"2015-12-09T17:26:19+00:00","dateModified":"2016-07-20T13:43:23+00:00","breadcrumb":{"@id":"https:\/\/www.mpppst.gob.ve\/mpppstweb\/index.php\/2015\/12\/09\/la-navidad-llega-a-la-plaza-capuchinos-de-la-mano-del-mpppst\/#breadcrumb"},"inLanguage":"es","potentialAction":[{"@type":"ReadAction","target":["https:\/\/www.mpppst.gob.ve\/mpppstweb\/index.php\/2015\/12\/09\/la-navidad-llega-a-la-plaza-capuchinos-de-la-mano-del-mpppst\/"]}]},{"@type":"ImageObject","inLanguage":"es","@id":"https:\/\/www.mpppst.gob.ve\/mpppstweb\/index.php\/2015\/12\/09\/la-navidad-llega-a-la-plaza-capuchinos-de-la-mano-del-mpppst\/#primaryimage","url":"https:\/\/www.mpppst.gob.ve\/mpppstweb\/wp-content\/uploads\/2015\/12\/Imagen-042.jpg","contentUrl":"https:\/\/www.mpppst.gob.ve\/mpppstweb\/wp-content\/uploads\/2015\/12\/Imagen-042.jpg","width":467,"height":300},{"@type":"BreadcrumbList","@id":"https:\/\/www.mpppst.gob.ve\/mpppstweb\/index.php\/2015\/12\/09\/la-navidad-llega-a-la-plaza-capuchinos-de-la-mano-del-mpppst\/#breadcrumb","itemListElement":[{"@type":"ListItem","position":1,"name":"Home","item":"https:\/\/www.mpppst.gob.ve\/mpppstweb\/"},{"@type":"ListItem","position":2,"name":"La navidad llega a la Plaza Capuchinos de la mano del MPPPST"}]},{"@type":"WebSite","@id":"https:\/\/www.mpppst.gob.ve\/mpppstweb\/#website","url":"https:\/\/www.mpppst.gob.ve\/mpppstweb\/","name":"MPPPST","description":"Ministerio del Poder Popular para el Proceso Social de Trabajo","publisher":{"@id":"https:\/\/www.mpppst.gob.ve\/mpppstweb\/#organization"},"potentialAction":[{"@type":"SearchAction","target":{"@type":"EntryPoint","urlTemplate":"https:\/\/www.mpppst.gob.ve\/mpppstweb\/?s={search_term_string}"},"query-input":"required name=search_term_string"}],"inLanguage":"es"},{"@type":"Organization","@id":"https:\/\/www.mpppst.gob.ve\/mpppstweb\/#organization","name":"mpppst","url":"https:\/\/www.mpppst.gob.ve\/mpppstweb\/","logo":{"@type":"ImageObject","inLanguage":"es","@id":"https:\/\/www.mpppst.gob.ve\/mpppstweb\/#\/schema\/logo\/image\/","url":"https:\/\/www.mpppst.gob.ve\/mpppstweb\/wp-content\/uploads\/2025\/07\/cropped-cropped-g910.png","contentUrl":"https:\/\/www.mpppst.gob.ve\/mpppstweb\/wp-content\/uploads\/2025\/07\/cropped-cropped-g910.png","width":1080,"height":241,"caption":"mpppst"},"image":{"@id":"https:\/\/www.mpppst.gob.ve\/mpppstweb\/#\/schema\/logo\/image\/"}},{"@type":"Person","@id":"https:\/\/www.mpppst.gob.ve\/mpppstweb\/#\/schema\/person\/fc187ee8ead412bd4c9304b62f900ea4","name":"MPPPST Prensa","url":"https:\/\/www.mpppst.gob.ve\/mpppstweb\/index.php\/author\/prensa-mpppst\/"}]}},"_links":{"self":[{"href":"https:\/\/www.mpppst.gob.ve\/mpppstweb\/index.php\/wp-json\/wp\/v2\/posts\/4126"}],"collection":[{"href":"https:\/\/www.mpppst.gob.ve\/mpppstweb\/index.php\/wp-json\/wp\/v2\/posts"}],"about":[{"href":"https:\/\/www.mpppst.gob.ve\/mpppstweb\/index.php\/wp-json\/wp\/v2\/types\/post"}],"author":[{"embeddable":true,"href":"https:\/\/www.mpppst.gob.ve\/mpppstweb\/index.php\/wp-json\/wp\/v2\/users\/25"}],"replies":[{"embeddable":true,"href":"https:\/\/www.mpppst.gob.ve\/mpppstweb\/index.php\/wp-json\/wp\/v2\/comments?post=4126"}],"version-history":[{"count":1,"href":"https:\/\/www.mpppst.gob.ve\/mpppstweb\/index.php\/wp-json\/wp\/v2\/posts\/4126\/revisions"}],"predecessor-version":[{"id":6953,"href":"https:\/\/www.mpppst.gob.ve\/mpppstweb\/index.php\/wp-json\/wp\/v2\/posts\/4126\/revisions\/6953"}],"wp:featuredmedia":[{"embeddable":true,"href":"https:\/\/www.mpppst.gob.ve\/mpppstweb\/index.php\/wp-json\/wp\/v2\/media\/4127"}],"wp:attachment":[{"href":"https:\/\/www.mpppst.gob.ve\/mpppstweb\/index.php\/wp-json\/wp\/v2\/media?parent=4126"}],"wp:term":[{"taxonomy":"category","embeddable":true,"href":"https:\/\/www.mpppst.gob.ve\/mpppstweb\/index.php\/wp-json\/wp\/v2\/categories?post=4126"},{"taxonomy":"post_tag","embeddable":true,"href":"https:\/\/www.mpppst.gob.ve\/mpppstweb\/index.php\/wp-json\/wp\/v2\/tags?post=4126"}],"curies":[{"name":"wp","href":"https:\/\/api.w.org\/{rel}","templated":true}]}}