{"id":4130,"date":"2015-12-10T14:20:02","date_gmt":"2015-12-10T14:20:02","guid":{"rendered":"http:\/\/www.mpppst.gob.ve\/mpppstweb\/?p=4130"},"modified":"2016-07-20T13:42:30","modified_gmt":"2016-07-20T13:42:30","slug":"trabajadores-de-heinz-firman-7-clausulas-de-su-convencion-colectiva-con-decidido-apoyo-del-mpppst","status":"publish","type":"post","link":"https:\/\/www.mpppst.gob.ve\/mpppstweb\/index.php\/2015\/12\/10\/trabajadores-de-heinz-firman-7-clausulas-de-su-convencion-colectiva-con-decidido-apoyo-del-mpppst\/","title":{"rendered":"Trabajadores de Heinz firman 7 cl\u00e1usulas de su Convenci\u00f3n Colectiva  con decidido apoyo del MPPPST"},"content":{"rendered":"<p style=\"text-align: justify;\">Caracas, 10 de diciembre de 2015.- El d\u00eda 09 de diciembre culmin\u00f3 la situaci\u00f3n de protesta que manten\u00edan los trabajadores de alimentos Heinz, desde el pasado 12 de noviembre del presente a\u00f1o debido a la falta de acuerdos en siete cl\u00e1usulas\u00a0 de la convenci\u00f3n colectiva de trabajo.<\/p>\n<p style=\"text-align: justify;\">El Ministro del Poder Popular para el Proceso Social de Trabajo, Jes\u00fas Mart\u00ednez, visit\u00f3 las instalaciones de trabajo Alimentos Heinz y se dirigi\u00f3 a la asamblea de trabajadores con el fin de explicar el contenido de los acuerdos suscritos para el cierre de la convenci\u00f3n colectiva de trabajo y\u00a0 la necesidad de desarrollar el proceso social de trabajo, as\u00ed como la justa distribuci\u00f3n de la riqueza.<\/p>\n<p style=\"text-align: justify;\">Manifest\u00f3 que el representante de la entidad de trabajo acord\u00f3 apoyar a los trabajadores y trabajadoras para implementar la formaci\u00f3n colectiva, integral, continua y permanente de la clase trabajadora y su participaci\u00f3n en la determinaci\u00f3n de costos de producci\u00f3n, fijaci\u00f3n de precios y distribuci\u00f3n de los productos, lo que representa un gran logro para la clase trabajadora. Adem\u00e1s se acord\u00f3 entre las partes solicitar al Ministro de Alimentaci\u00f3n la apertura de un Mercal Obrero dentro de las instalaciones de la entidad de trabajo. Estos acuerdos fueron aceptados por la asamblea de trabajadores, con lo cual se puso fin a la negociaci\u00f3n de la convenci\u00f3n colectiva y se reactiv\u00f3 la producci\u00f3n.<\/p>\n<p style=\"text-align: justify;\">Durante la visita se realiz\u00f3 la inspecci\u00f3n especial para la reactivaci\u00f3n de la faena a cargo de la Divisi\u00f3n de Supervisi\u00f3n de Valencia, en la cual se verific\u00f3 la existencia de materia prima, las condiciones de las l\u00edneas de producci\u00f3n y la organizaci\u00f3n de grupos de trabajadores seg\u00fan turnos de trabajo. Las actividades de producci\u00f3n se inician el d\u00eda 10 de diciembre del presente a\u00f1o con el primer turno.<\/p>\n<p style=\"text-align: justify;\">Foto: El Carabobe\u00f1o<\/p>\n","protected":false},"excerpt":{"rendered":"<p>El Ministro, Jes\u00fas Mart\u00ednez, visit\u00f3 las instalaciones de trabajo Alimentos Heinz y se dirigi\u00f3 a la asamblea de trabajadores <\/p>\n","protected":false},"author":25,"featured_media":4133,"comment_status":"closed","ping_status":"closed","sticky":false,"template":"","format":"standard","meta":{"footnotes":""},"categories":[82],"tags":[],"yoast_head":"<!-- This site is optimized with the Yoast SEO plugin v22.5 - https:\/\/yoast.com\/wordpress\/plugins\/seo\/ -->\n<title>Trabajadores de Heinz firman 7 cl\u00e1usulas de su Convenci\u00f3n Colectiva con decidido apoyo del MPPPST - MPPPST<\/title>\n<meta name=\"robots\" content=\"index, follow, max-snippet:-1, max-image-preview:large, max-video-preview:-1\" \/>\n<link rel=\"canonical\" href=\"https:\/\/www.mpppst.gob.ve\/mpppstweb\/index.php\/2015\/12\/10\/trabajadores-de-heinz-firman-7-clausulas-de-su-convencion-colectiva-con-decidido-apoyo-del-mpppst\/\" \/>\n<meta property=\"og:locale\" content=\"es_ES\" \/>\n<meta property=\"og:type\" content=\"article\" \/>\n<meta property=\"og:title\" content=\"Trabajadores de Heinz firman 7 cl\u00e1usulas de su Convenci\u00f3n Colectiva con decidido apoyo del MPPPST - MPPPST\" \/>\n<meta property=\"og:description\" content=\"El Ministro, Jes\u00fas Mart\u00ednez, visit\u00f3 las instalaciones de trabajo Alimentos Heinz y se dirigi\u00f3 a la asamblea de trabajadores\" \/>\n<meta property=\"og:url\" content=\"https:\/\/www.mpppst.gob.ve\/mpppstweb\/index.php\/2015\/12\/10\/trabajadores-de-heinz-firman-7-clausulas-de-su-convencion-colectiva-con-decidido-apoyo-del-mpppst\/\" \/>\n<meta property=\"og:site_name\" content=\"MPPPST\" \/>\n<meta property=\"article:published_time\" content=\"2015-12-10T14:20:02+00:00\" \/>\n<meta property=\"article:modified_time\" content=\"2016-07-20T13:42:30+00:00\" \/>\n<meta property=\"og:image\" content=\"https:\/\/www.mpppst.gob.ve\/mpppstweb\/wp-content\/uploads\/2015\/12\/Foto-Heinz-2.jpg\" \/>\n\t<meta property=\"og:image:width\" content=\"850\" \/>\n\t<meta property=\"og:image:height\" content=\"638\" \/>\n\t<meta property=\"og:image:type\" content=\"image\/jpeg\" \/>\n<meta name=\"author\" content=\"MPPPST Prensa\" \/>\n<meta name=\"twitter:card\" content=\"summary_large_image\" \/>\n<meta name=\"twitter:label1\" content=\"Escrito por\" \/>\n\t<meta name=\"twitter:data1\" content=\"MPPPST Prensa\" \/>\n\t<meta name=\"twitter:label2\" content=\"Tiempo de lectura\" \/>\n\t<meta name=\"twitter:data2\" content=\"2 minutos\" \/>\n<script type=\"application\/ld+json\" class=\"yoast-schema-graph\">{\"@context\":\"https:\/\/schema.org\",\"@graph\":[{\"@type\":\"Article\",\"@id\":\"https:\/\/www.mpppst.gob.ve\/mpppstweb\/index.php\/2015\/12\/10\/trabajadores-de-heinz-firman-7-clausulas-de-su-convencion-colectiva-con-decidido-apoyo-del-mpppst\/#article\",\"isPartOf\":{\"@id\":\"https:\/\/www.mpppst.gob.ve\/mpppstweb\/index.php\/2015\/12\/10\/trabajadores-de-heinz-firman-7-clausulas-de-su-convencion-colectiva-con-decidido-apoyo-del-mpppst\/\"},\"author\":{\"name\":\"MPPPST Prensa\",\"@id\":\"https:\/\/www.mpppst.gob.ve\/mpppstweb\/#\/schema\/person\/fc187ee8ead412bd4c9304b62f900ea4\"},\"headline\":\"Trabajadores de Heinz firman 7 cl\u00e1usulas de su Convenci\u00f3n Colectiva con decidido apoyo del MPPPST\",\"datePublished\":\"2015-12-10T14:20:02+00:00\",\"dateModified\":\"2016-07-20T13:42:30+00:00\",\"mainEntityOfPage\":{\"@id\":\"https:\/\/www.mpppst.gob.ve\/mpppstweb\/index.php\/2015\/12\/10\/trabajadores-de-heinz-firman-7-clausulas-de-su-convencion-colectiva-con-decidido-apoyo-del-mpppst\/\"},\"wordCount\":340,\"publisher\":{\"@id\":\"https:\/\/www.mpppst.gob.ve\/mpppstweb\/#organization\"},\"image\":{\"@id\":\"https:\/\/www.mpppst.gob.ve\/mpppstweb\/index.php\/2015\/12\/10\/trabajadores-de-heinz-firman-7-clausulas-de-su-convencion-colectiva-con-decidido-apoyo-del-mpppst\/#primaryimage\"},\"thumbnailUrl\":\"https:\/\/www.mpppst.gob.ve\/mpppstweb\/wp-content\/uploads\/2015\/12\/Foto-Heinz-2.jpg\",\"articleSection\":[\"Gobierno Nacional\"],\"inLanguage\":\"es\"},{\"@type\":\"WebPage\",\"@id\":\"https:\/\/www.mpppst.gob.ve\/mpppstweb\/index.php\/2015\/12\/10\/trabajadores-de-heinz-firman-7-clausulas-de-su-convencion-colectiva-con-decidido-apoyo-del-mpppst\/\",\"url\":\"https:\/\/www.mpppst.gob.ve\/mpppstweb\/index.php\/2015\/12\/10\/trabajadores-de-heinz-firman-7-clausulas-de-su-convencion-colectiva-con-decidido-apoyo-del-mpppst\/\",\"name\":\"Trabajadores de Heinz firman 7 cl\u00e1usulas de su Convenci\u00f3n Colectiva con decidido apoyo del MPPPST - MPPPST\",\"isPartOf\":{\"@id\":\"https:\/\/www.mpppst.gob.ve\/mpppstweb\/#website\"},\"primaryImageOfPage\":{\"@id\":\"https:\/\/www.mpppst.gob.ve\/mpppstweb\/index.php\/2015\/12\/10\/trabajadores-de-heinz-firman-7-clausulas-de-su-convencion-colectiva-con-decidido-apoyo-del-mpppst\/#primaryimage\"},\"image\":{\"@id\":\"https:\/\/www.mpppst.gob.ve\/mpppstweb\/index.php\/2015\/12\/10\/trabajadores-de-heinz-firman-7-clausulas-de-su-convencion-colectiva-con-decidido-apoyo-del-mpppst\/#primaryimage\"},\"thumbnailUrl\":\"https:\/\/www.mpppst.gob.ve\/mpppstweb\/wp-content\/uploads\/2015\/12\/Foto-Heinz-2.jpg\",\"datePublished\":\"2015-12-10T14:20:02+00:00\",\"dateModified\":\"2016-07-20T13:42:30+00:00\",\"breadcrumb\":{\"@id\":\"https:\/\/www.mpppst.gob.ve\/mpppstweb\/index.php\/2015\/12\/10\/trabajadores-de-heinz-firman-7-clausulas-de-su-convencion-colectiva-con-decidido-apoyo-del-mpppst\/#breadcrumb\"},\"inLanguage\":\"es\",\"potentialAction\":[{\"@type\":\"ReadAction\",\"target\":[\"https:\/\/www.mpppst.gob.ve\/mpppstweb\/index.php\/2015\/12\/10\/trabajadores-de-heinz-firman-7-clausulas-de-su-convencion-colectiva-con-decidido-apoyo-del-mpppst\/\"]}]},{\"@type\":\"ImageObject\",\"inLanguage\":\"es\",\"@id\":\"https:\/\/www.mpppst.gob.ve\/mpppstweb\/index.php\/2015\/12\/10\/trabajadores-de-heinz-firman-7-clausulas-de-su-convencion-colectiva-con-decidido-apoyo-del-mpppst\/#primaryimage\",\"url\":\"https:\/\/www.mpppst.gob.ve\/mpppstweb\/wp-content\/uploads\/2015\/12\/Foto-Heinz-2.jpg\",\"contentUrl\":\"https:\/\/www.mpppst.gob.ve\/mpppstweb\/wp-content\/uploads\/2015\/12\/Foto-Heinz-2.jpg\",\"width\":850,\"height\":638},{\"@type\":\"BreadcrumbList\",\"@id\":\"https:\/\/www.mpppst.gob.ve\/mpppstweb\/index.php\/2015\/12\/10\/trabajadores-de-heinz-firman-7-clausulas-de-su-convencion-colectiva-con-decidido-apoyo-del-mpppst\/#breadcrumb\",\"itemListElement\":[{\"@type\":\"ListItem\",\"position\":1,\"name\":\"Home\",\"item\":\"https:\/\/www.mpppst.gob.ve\/mpppstweb\/\"},{\"@type\":\"ListItem\",\"position\":2,\"name\":\"Trabajadores de Heinz firman 7 cl\u00e1usulas de su Convenci\u00f3n Colectiva con decidido apoyo del MPPPST\"}]},{\"@type\":\"WebSite\",\"@id\":\"https:\/\/www.mpppst.gob.ve\/mpppstweb\/#website\",\"url\":\"https:\/\/www.mpppst.gob.ve\/mpppstweb\/\",\"name\":\"MPPPST\",\"description\":\"Ministerio del Poder Popular para el Proceso Social de Trabajo\",\"publisher\":{\"@id\":\"https:\/\/www.mpppst.gob.ve\/mpppstweb\/#organization\"},\"potentialAction\":[{\"@type\":\"SearchAction\",\"target\":{\"@type\":\"EntryPoint\",\"urlTemplate\":\"https:\/\/www.mpppst.gob.ve\/mpppstweb\/?s={search_term_string}\"},\"query-input\":\"required name=search_term_string\"}],\"inLanguage\":\"es\"},{\"@type\":\"Organization\",\"@id\":\"https:\/\/www.mpppst.gob.ve\/mpppstweb\/#organization\",\"name\":\"mpppst\",\"url\":\"https:\/\/www.mpppst.gob.ve\/mpppstweb\/\",\"logo\":{\"@type\":\"ImageObject\",\"inLanguage\":\"es\",\"@id\":\"https:\/\/www.mpppst.gob.ve\/mpppstweb\/#\/schema\/logo\/image\/\",\"url\":\"https:\/\/www.mpppst.gob.ve\/mpppstweb\/wp-content\/uploads\/2025\/07\/cropped-cropped-g910.png\",\"contentUrl\":\"https:\/\/www.mpppst.gob.ve\/mpppstweb\/wp-content\/uploads\/2025\/07\/cropped-cropped-g910.png\",\"width\":1080,\"height\":241,\"caption\":\"mpppst\"},\"image\":{\"@id\":\"https:\/\/www.mpppst.gob.ve\/mpppstweb\/#\/schema\/logo\/image\/\"}},{\"@type\":\"Person\",\"@id\":\"https:\/\/www.mpppst.gob.ve\/mpppstweb\/#\/schema\/person\/fc187ee8ead412bd4c9304b62f900ea4\",\"name\":\"MPPPST Prensa\",\"url\":\"https:\/\/www.mpppst.gob.ve\/mpppstweb\/index.php\/author\/prensa-mpppst\/\"}]}<\/script>\n<!-- \/ Yoast SEO plugin. -->","yoast_head_json":{"title":"Trabajadores de Heinz firman 7 cl\u00e1usulas de su Convenci\u00f3n Colectiva con decidido apoyo del MPPPST - MPPPST","robots":{"index":"index","follow":"follow","max-snippet":"max-snippet:-1","max-image-preview":"max-image-preview:large","max-video-preview":"max-video-preview:-1"},"canonical":"https:\/\/www.mpppst.gob.ve\/mpppstweb\/index.php\/2015\/12\/10\/trabajadores-de-heinz-firman-7-clausulas-de-su-convencion-colectiva-con-decidido-apoyo-del-mpppst\/","og_locale":"es_ES","og_type":"article","og_title":"Trabajadores de Heinz firman 7 cl\u00e1usulas de su Convenci\u00f3n Colectiva con decidido apoyo del MPPPST - MPPPST","og_description":"El Ministro, Jes\u00fas Mart\u00ednez, visit\u00f3 las instalaciones de trabajo Alimentos Heinz y se dirigi\u00f3 a la asamblea de trabajadores","og_url":"https:\/\/www.mpppst.gob.ve\/mpppstweb\/index.php\/2015\/12\/10\/trabajadores-de-heinz-firman-7-clausulas-de-su-convencion-colectiva-con-decidido-apoyo-del-mpppst\/","og_site_name":"MPPPST","article_published_time":"2015-12-10T14:20:02+00:00","article_modified_time":"2016-07-20T13:42:30+00:00","og_image":[{"width":850,"height":638,"url":"https:\/\/www.mpppst.gob.ve\/mpppstweb\/wp-content\/uploads\/2015\/12\/Foto-Heinz-2.jpg","type":"image\/jpeg"}],"author":"MPPPST Prensa","twitter_card":"summary_large_image","twitter_misc":{"Escrito por":"MPPPST Prensa","Tiempo de lectura":"2 minutos"},"schema":{"@context":"https:\/\/schema.org","@graph":[{"@type":"Article","@id":"https:\/\/www.mpppst.gob.ve\/mpppstweb\/index.php\/2015\/12\/10\/trabajadores-de-heinz-firman-7-clausulas-de-su-convencion-colectiva-con-decidido-apoyo-del-mpppst\/#article","isPartOf":{"@id":"https:\/\/www.mpppst.gob.ve\/mpppstweb\/index.php\/2015\/12\/10\/trabajadores-de-heinz-firman-7-clausulas-de-su-convencion-colectiva-con-decidido-apoyo-del-mpppst\/"},"author":{"name":"MPPPST Prensa","@id":"https:\/\/www.mpppst.gob.ve\/mpppstweb\/#\/schema\/person\/fc187ee8ead412bd4c9304b62f900ea4"},"headline":"Trabajadores de Heinz firman 7 cl\u00e1usulas de su Convenci\u00f3n Colectiva con decidido apoyo del MPPPST","datePublished":"2015-12-10T14:20:02+00:00","dateModified":"2016-07-20T13:42:30+00:00","mainEntityOfPage":{"@id":"https:\/\/www.mpppst.gob.ve\/mpppstweb\/index.php\/2015\/12\/10\/trabajadores-de-heinz-firman-7-clausulas-de-su-convencion-colectiva-con-decidido-apoyo-del-mpppst\/"},"wordCount":340,"publisher":{"@id":"https:\/\/www.mpppst.gob.ve\/mpppstweb\/#organization"},"image":{"@id":"https:\/\/www.mpppst.gob.ve\/mpppstweb\/index.php\/2015\/12\/10\/trabajadores-de-heinz-firman-7-clausulas-de-su-convencion-colectiva-con-decidido-apoyo-del-mpppst\/#primaryimage"},"thumbnailUrl":"https:\/\/www.mpppst.gob.ve\/mpppstweb\/wp-content\/uploads\/2015\/12\/Foto-Heinz-2.jpg","articleSection":["Gobierno Nacional"],"inLanguage":"es"},{"@type":"WebPage","@id":"https:\/\/www.mpppst.gob.ve\/mpppstweb\/index.php\/2015\/12\/10\/trabajadores-de-heinz-firman-7-clausulas-de-su-convencion-colectiva-con-decidido-apoyo-del-mpppst\/","url":"https:\/\/www.mpppst.gob.ve\/mpppstweb\/index.php\/2015\/12\/10\/trabajadores-de-heinz-firman-7-clausulas-de-su-convencion-colectiva-con-decidido-apoyo-del-mpppst\/","name":"Trabajadores de Heinz firman 7 cl\u00e1usulas de su Convenci\u00f3n Colectiva con decidido apoyo del MPPPST - MPPPST","isPartOf":{"@id":"https:\/\/www.mpppst.gob.ve\/mpppstweb\/#website"},"primaryImageOfPage":{"@id":"https:\/\/www.mpppst.gob.ve\/mpppstweb\/index.php\/2015\/12\/10\/trabajadores-de-heinz-firman-7-clausulas-de-su-convencion-colectiva-con-decidido-apoyo-del-mpppst\/#primaryimage"},"image":{"@id":"https:\/\/www.mpppst.gob.ve\/mpppstweb\/index.php\/2015\/12\/10\/trabajadores-de-heinz-firman-7-clausulas-de-su-convencion-colectiva-con-decidido-apoyo-del-mpppst\/#primaryimage"},"thumbnailUrl":"https:\/\/www.mpppst.gob.ve\/mpppstweb\/wp-content\/uploads\/2015\/12\/Foto-Heinz-2.jpg","datePublished":"2015-12-10T14:20:02+00:00","dateModified":"2016-07-20T13:42:30+00:00","breadcrumb":{"@id":"https:\/\/www.mpppst.gob.ve\/mpppstweb\/index.php\/2015\/12\/10\/trabajadores-de-heinz-firman-7-clausulas-de-su-convencion-colectiva-con-decidido-apoyo-del-mpppst\/#breadcrumb"},"inLanguage":"es","potentialAction":[{"@type":"ReadAction","target":["https:\/\/www.mpppst.gob.ve\/mpppstweb\/index.php\/2015\/12\/10\/trabajadores-de-heinz-firman-7-clausulas-de-su-convencion-colectiva-con-decidido-apoyo-del-mpppst\/"]}]},{"@type":"ImageObject","inLanguage":"es","@id":"https:\/\/www.mpppst.gob.ve\/mpppstweb\/index.php\/2015\/12\/10\/trabajadores-de-heinz-firman-7-clausulas-de-su-convencion-colectiva-con-decidido-apoyo-del-mpppst\/#primaryimage","url":"https:\/\/www.mpppst.gob.ve\/mpppstweb\/wp-content\/uploads\/2015\/12\/Foto-Heinz-2.jpg","contentUrl":"https:\/\/www.mpppst.gob.ve\/mpppstweb\/wp-content\/uploads\/2015\/12\/Foto-Heinz-2.jpg","width":850,"height":638},{"@type":"BreadcrumbList","@id":"https:\/\/www.mpppst.gob.ve\/mpppstweb\/index.php\/2015\/12\/10\/trabajadores-de-heinz-firman-7-clausulas-de-su-convencion-colectiva-con-decidido-apoyo-del-mpppst\/#breadcrumb","itemListElement":[{"@type":"ListItem","position":1,"name":"Home","item":"https:\/\/www.mpppst.gob.ve\/mpppstweb\/"},{"@type":"ListItem","position":2,"name":"Trabajadores de Heinz firman 7 cl\u00e1usulas de su Convenci\u00f3n Colectiva con decidido apoyo del MPPPST"}]},{"@type":"WebSite","@id":"https:\/\/www.mpppst.gob.ve\/mpppstweb\/#website","url":"https:\/\/www.mpppst.gob.ve\/mpppstweb\/","name":"MPPPST","description":"Ministerio del Poder Popular para el Proceso Social de Trabajo","publisher":{"@id":"https:\/\/www.mpppst.gob.ve\/mpppstweb\/#organization"},"potentialAction":[{"@type":"SearchAction","target":{"@type":"EntryPoint","urlTemplate":"https:\/\/www.mpppst.gob.ve\/mpppstweb\/?s={search_term_string}"},"query-input":"required name=search_term_string"}],"inLanguage":"es"},{"@type":"Organization","@id":"https:\/\/www.mpppst.gob.ve\/mpppstweb\/#organization","name":"mpppst","url":"https:\/\/www.mpppst.gob.ve\/mpppstweb\/","logo":{"@type":"ImageObject","inLanguage":"es","@id":"https:\/\/www.mpppst.gob.ve\/mpppstweb\/#\/schema\/logo\/image\/","url":"https:\/\/www.mpppst.gob.ve\/mpppstweb\/wp-content\/uploads\/2025\/07\/cropped-cropped-g910.png","contentUrl":"https:\/\/www.mpppst.gob.ve\/mpppstweb\/wp-content\/uploads\/2025\/07\/cropped-cropped-g910.png","width":1080,"height":241,"caption":"mpppst"},"image":{"@id":"https:\/\/www.mpppst.gob.ve\/mpppstweb\/#\/schema\/logo\/image\/"}},{"@type":"Person","@id":"https:\/\/www.mpppst.gob.ve\/mpppstweb\/#\/schema\/person\/fc187ee8ead412bd4c9304b62f900ea4","name":"MPPPST Prensa","url":"https:\/\/www.mpppst.gob.ve\/mpppstweb\/index.php\/author\/prensa-mpppst\/"}]}},"_links":{"self":[{"href":"https:\/\/www.mpppst.gob.ve\/mpppstweb\/index.php\/wp-json\/wp\/v2\/posts\/4130"}],"collection":[{"href":"https:\/\/www.mpppst.gob.ve\/mpppstweb\/index.php\/wp-json\/wp\/v2\/posts"}],"about":[{"href":"https:\/\/www.mpppst.gob.ve\/mpppstweb\/index.php\/wp-json\/wp\/v2\/types\/post"}],"author":[{"embeddable":true,"href":"https:\/\/www.mpppst.gob.ve\/mpppstweb\/index.php\/wp-json\/wp\/v2\/users\/25"}],"replies":[{"embeddable":true,"href":"https:\/\/www.mpppst.gob.ve\/mpppstweb\/index.php\/wp-json\/wp\/v2\/comments?post=4130"}],"version-history":[{"count":1,"href":"https:\/\/www.mpppst.gob.ve\/mpppstweb\/index.php\/wp-json\/wp\/v2\/posts\/4130\/revisions"}],"predecessor-version":[{"id":6954,"href":"https:\/\/www.mpppst.gob.ve\/mpppstweb\/index.php\/wp-json\/wp\/v2\/posts\/4130\/revisions\/6954"}],"wp:featuredmedia":[{"embeddable":true,"href":"https:\/\/www.mpppst.gob.ve\/mpppstweb\/index.php\/wp-json\/wp\/v2\/media\/4133"}],"wp:attachment":[{"href":"https:\/\/www.mpppst.gob.ve\/mpppstweb\/index.php\/wp-json\/wp\/v2\/media?parent=4130"}],"wp:term":[{"taxonomy":"category","embeddable":true,"href":"https:\/\/www.mpppst.gob.ve\/mpppstweb\/index.php\/wp-json\/wp\/v2\/categories?post=4130"},{"taxonomy":"post_tag","embeddable":true,"href":"https:\/\/www.mpppst.gob.ve\/mpppstweb\/index.php\/wp-json\/wp\/v2\/tags?post=4130"}],"curies":[{"name":"wp","href":"https:\/\/api.w.org\/{rel}","templated":true}]}}