{"id":4138,"date":"2015-12-11T16:36:58","date_gmt":"2015-12-11T16:36:58","guid":{"rendered":"http:\/\/www.mpppst.gob.ve\/mpppstweb\/?p=4138"},"modified":"2016-07-20T13:42:20","modified_gmt":"2016-07-20T13:42:20","slug":"la-navidad-llego-con-nacimiento-viviente-a-la-guarderia-del-mpppst","status":"publish","type":"post","link":"https:\/\/www.mpppst.gob.ve\/mpppstweb\/index.php\/2015\/12\/11\/la-navidad-llego-con-nacimiento-viviente-a-la-guarderia-del-mpppst\/","title":{"rendered":"La navidad lleg\u00f3 con nacimiento viviente a la guarder\u00eda del MPPPST"},"content":{"rendered":"<p style=\"text-align: justify;\">Caracas, 11 de diciembre de 2015.- La alegr\u00eda y la espontaneidad brillaron este viernes en el teatro del Instituto Nacional de Capacitaci\u00f3n y Recreaci\u00f3n de los Trabajadores (Incret), donde los ni\u00f1os de la guarder\u00eda del Ministerio del Poder Popular para el Proceso Social de Trabajo (MPPPST) celebraron la navidad con un nacimiento viviente y villancicos.<\/p>\n<p style=\"text-align: justify;\">Como cada a\u00f1o, la guarder\u00eda se prepar\u00f3 por semanas para mostrar el talento de todos los ni\u00f1os que, acompa\u00f1ados por sus maestras, bailaron, cantaron y actuaron ante sus padres y representantes.<\/p>\n<p style=\"text-align: justify;\">Con matracas y panderetas, los 73 peque\u00f1os de maternal I y II y preescolar I, II y III, prendieron el parrand\u00f3n navide\u00f1o al ritmo de Fuego al ca\u00f1\u00f3n, Mi burrito sabanero, Tun tun, Al llegar aqu\u00ed y Un feliz a\u00f1o pa\u00b4 ti. Las corales del MPPPST y el Ministerio del Poder Popular para la Salud continuaron con C\u00e1ntico angelical, Ni\u00f1o lindo, Corre caballito, El ni\u00f1o Jes\u00fas y Esta bella noche.<\/p>\n<p style=\"text-align: justify;\">La representaci\u00f3n del nacimiento estuvo a cargo de los ni\u00f1os y sus maestras, mientras un coro conformado tambi\u00e9n por los ni\u00f1os los acompa\u00f1\u00f3 con cantos al pie del escenario. El acto culmin\u00f3 con la interpretaci\u00f3n de gaitas y el aplauso de los presentes.<\/p>\n<p style=\"text-align: justify;\">Mar\u00eda Teresa Dur\u00e1n, directora de la guarder\u00eda, expres\u00f3 que se trat\u00f3 de la integraci\u00f3n de todos en cada una de las presentaciones. Agreg\u00f3 que colaboraron padres, representantes y el equipo del MPPPST.<\/p>\n<p style=\"text-align: justify;\">Redacci\u00f3n: Lourdes Hern\u00e1ndez<\/p>\n<p style=\"text-align: justify;\">Foto: Dellys Landaeta<\/p>\n","protected":false},"excerpt":{"rendered":"<p>La alegr\u00eda y la espontaneidad brillaron este viernes en el teatro del Instituto Nacional de Capacitaci\u00f3n y Recreaci\u00f3n de los Trabajadores (Incret)<\/p>\n","protected":false},"author":25,"featured_media":4140,"comment_status":"closed","ping_status":"closed","sticky":false,"template":"","format":"standard","meta":{"footnotes":""},"categories":[82],"tags":[],"yoast_head":"<!-- This site is optimized with the Yoast SEO plugin v22.5 - https:\/\/yoast.com\/wordpress\/plugins\/seo\/ -->\n<title>La navidad lleg\u00f3 con nacimiento viviente a la guarder\u00eda del MPPPST - MPPPST<\/title>\n<meta name=\"robots\" content=\"index, follow, max-snippet:-1, max-image-preview:large, max-video-preview:-1\" \/>\n<link rel=\"canonical\" href=\"https:\/\/www.mpppst.gob.ve\/mpppstweb\/index.php\/2015\/12\/11\/la-navidad-llego-con-nacimiento-viviente-a-la-guarderia-del-mpppst\/\" \/>\n<meta property=\"og:locale\" content=\"es_ES\" \/>\n<meta property=\"og:type\" content=\"article\" \/>\n<meta property=\"og:title\" content=\"La navidad lleg\u00f3 con nacimiento viviente a la guarder\u00eda del MPPPST - MPPPST\" \/>\n<meta property=\"og:description\" content=\"La alegr\u00eda y la espontaneidad brillaron este viernes en el teatro del Instituto Nacional de Capacitaci\u00f3n y Recreaci\u00f3n de los Trabajadores (Incret)\" \/>\n<meta property=\"og:url\" content=\"https:\/\/www.mpppst.gob.ve\/mpppstweb\/index.php\/2015\/12\/11\/la-navidad-llego-con-nacimiento-viviente-a-la-guarderia-del-mpppst\/\" \/>\n<meta property=\"og:site_name\" content=\"MPPPST\" \/>\n<meta property=\"article:published_time\" content=\"2015-12-11T16:36:58+00:00\" \/>\n<meta property=\"article:modified_time\" content=\"2016-07-20T13:42:20+00:00\" \/>\n<meta property=\"og:image\" content=\"https:\/\/www.mpppst.gob.ve\/mpppstweb\/wp-content\/uploads\/2015\/12\/Foto-principal.jpg\" \/>\n\t<meta property=\"og:image:width\" content=\"640\" \/>\n\t<meta property=\"og:image:height\" content=\"406\" \/>\n\t<meta property=\"og:image:type\" content=\"image\/jpeg\" \/>\n<meta name=\"author\" content=\"MPPPST Prensa\" \/>\n<meta name=\"twitter:card\" content=\"summary_large_image\" \/>\n<meta name=\"twitter:label1\" content=\"Escrito por\" \/>\n\t<meta name=\"twitter:data1\" content=\"MPPPST Prensa\" \/>\n\t<meta name=\"twitter:label2\" content=\"Tiempo de lectura\" \/>\n\t<meta name=\"twitter:data2\" content=\"1 minuto\" \/>\n<script type=\"application\/ld+json\" class=\"yoast-schema-graph\">{\"@context\":\"https:\/\/schema.org\",\"@graph\":[{\"@type\":\"Article\",\"@id\":\"https:\/\/www.mpppst.gob.ve\/mpppstweb\/index.php\/2015\/12\/11\/la-navidad-llego-con-nacimiento-viviente-a-la-guarderia-del-mpppst\/#article\",\"isPartOf\":{\"@id\":\"https:\/\/www.mpppst.gob.ve\/mpppstweb\/index.php\/2015\/12\/11\/la-navidad-llego-con-nacimiento-viviente-a-la-guarderia-del-mpppst\/\"},\"author\":{\"name\":\"MPPPST Prensa\",\"@id\":\"https:\/\/www.mpppst.gob.ve\/mpppstweb\/#\/schema\/person\/fc187ee8ead412bd4c9304b62f900ea4\"},\"headline\":\"La navidad lleg\u00f3 con nacimiento viviente a la guarder\u00eda del MPPPST\",\"datePublished\":\"2015-12-11T16:36:58+00:00\",\"dateModified\":\"2016-07-20T13:42:20+00:00\",\"mainEntityOfPage\":{\"@id\":\"https:\/\/www.mpppst.gob.ve\/mpppstweb\/index.php\/2015\/12\/11\/la-navidad-llego-con-nacimiento-viviente-a-la-guarderia-del-mpppst\/\"},\"wordCount\":276,\"publisher\":{\"@id\":\"https:\/\/www.mpppst.gob.ve\/mpppstweb\/#organization\"},\"image\":{\"@id\":\"https:\/\/www.mpppst.gob.ve\/mpppstweb\/index.php\/2015\/12\/11\/la-navidad-llego-con-nacimiento-viviente-a-la-guarderia-del-mpppst\/#primaryimage\"},\"thumbnailUrl\":\"https:\/\/www.mpppst.gob.ve\/mpppstweb\/wp-content\/uploads\/2015\/12\/Foto-principal.jpg\",\"articleSection\":[\"Gobierno Nacional\"],\"inLanguage\":\"es\"},{\"@type\":\"WebPage\",\"@id\":\"https:\/\/www.mpppst.gob.ve\/mpppstweb\/index.php\/2015\/12\/11\/la-navidad-llego-con-nacimiento-viviente-a-la-guarderia-del-mpppst\/\",\"url\":\"https:\/\/www.mpppst.gob.ve\/mpppstweb\/index.php\/2015\/12\/11\/la-navidad-llego-con-nacimiento-viviente-a-la-guarderia-del-mpppst\/\",\"name\":\"La navidad lleg\u00f3 con nacimiento viviente a la guarder\u00eda del MPPPST - MPPPST\",\"isPartOf\":{\"@id\":\"https:\/\/www.mpppst.gob.ve\/mpppstweb\/#website\"},\"primaryImageOfPage\":{\"@id\":\"https:\/\/www.mpppst.gob.ve\/mpppstweb\/index.php\/2015\/12\/11\/la-navidad-llego-con-nacimiento-viviente-a-la-guarderia-del-mpppst\/#primaryimage\"},\"image\":{\"@id\":\"https:\/\/www.mpppst.gob.ve\/mpppstweb\/index.php\/2015\/12\/11\/la-navidad-llego-con-nacimiento-viviente-a-la-guarderia-del-mpppst\/#primaryimage\"},\"thumbnailUrl\":\"https:\/\/www.mpppst.gob.ve\/mpppstweb\/wp-content\/uploads\/2015\/12\/Foto-principal.jpg\",\"datePublished\":\"2015-12-11T16:36:58+00:00\",\"dateModified\":\"2016-07-20T13:42:20+00:00\",\"breadcrumb\":{\"@id\":\"https:\/\/www.mpppst.gob.ve\/mpppstweb\/index.php\/2015\/12\/11\/la-navidad-llego-con-nacimiento-viviente-a-la-guarderia-del-mpppst\/#breadcrumb\"},\"inLanguage\":\"es\",\"potentialAction\":[{\"@type\":\"ReadAction\",\"target\":[\"https:\/\/www.mpppst.gob.ve\/mpppstweb\/index.php\/2015\/12\/11\/la-navidad-llego-con-nacimiento-viviente-a-la-guarderia-del-mpppst\/\"]}]},{\"@type\":\"ImageObject\",\"inLanguage\":\"es\",\"@id\":\"https:\/\/www.mpppst.gob.ve\/mpppstweb\/index.php\/2015\/12\/11\/la-navidad-llego-con-nacimiento-viviente-a-la-guarderia-del-mpppst\/#primaryimage\",\"url\":\"https:\/\/www.mpppst.gob.ve\/mpppstweb\/wp-content\/uploads\/2015\/12\/Foto-principal.jpg\",\"contentUrl\":\"https:\/\/www.mpppst.gob.ve\/mpppstweb\/wp-content\/uploads\/2015\/12\/Foto-principal.jpg\",\"width\":640,\"height\":406},{\"@type\":\"BreadcrumbList\",\"@id\":\"https:\/\/www.mpppst.gob.ve\/mpppstweb\/index.php\/2015\/12\/11\/la-navidad-llego-con-nacimiento-viviente-a-la-guarderia-del-mpppst\/#breadcrumb\",\"itemListElement\":[{\"@type\":\"ListItem\",\"position\":1,\"name\":\"Home\",\"item\":\"https:\/\/www.mpppst.gob.ve\/mpppstweb\/\"},{\"@type\":\"ListItem\",\"position\":2,\"name\":\"La navidad lleg\u00f3 con nacimiento viviente a la guarder\u00eda del MPPPST\"}]},{\"@type\":\"WebSite\",\"@id\":\"https:\/\/www.mpppst.gob.ve\/mpppstweb\/#website\",\"url\":\"https:\/\/www.mpppst.gob.ve\/mpppstweb\/\",\"name\":\"MPPPST\",\"description\":\"Ministerio del Poder Popular para el Proceso Social de Trabajo\",\"publisher\":{\"@id\":\"https:\/\/www.mpppst.gob.ve\/mpppstweb\/#organization\"},\"potentialAction\":[{\"@type\":\"SearchAction\",\"target\":{\"@type\":\"EntryPoint\",\"urlTemplate\":\"https:\/\/www.mpppst.gob.ve\/mpppstweb\/?s={search_term_string}\"},\"query-input\":\"required name=search_term_string\"}],\"inLanguage\":\"es\"},{\"@type\":\"Organization\",\"@id\":\"https:\/\/www.mpppst.gob.ve\/mpppstweb\/#organization\",\"name\":\"mpppst\",\"url\":\"https:\/\/www.mpppst.gob.ve\/mpppstweb\/\",\"logo\":{\"@type\":\"ImageObject\",\"inLanguage\":\"es\",\"@id\":\"https:\/\/www.mpppst.gob.ve\/mpppstweb\/#\/schema\/logo\/image\/\",\"url\":\"https:\/\/www.mpppst.gob.ve\/mpppstweb\/wp-content\/uploads\/2025\/07\/cropped-cropped-g910.png\",\"contentUrl\":\"https:\/\/www.mpppst.gob.ve\/mpppstweb\/wp-content\/uploads\/2025\/07\/cropped-cropped-g910.png\",\"width\":1080,\"height\":241,\"caption\":\"mpppst\"},\"image\":{\"@id\":\"https:\/\/www.mpppst.gob.ve\/mpppstweb\/#\/schema\/logo\/image\/\"}},{\"@type\":\"Person\",\"@id\":\"https:\/\/www.mpppst.gob.ve\/mpppstweb\/#\/schema\/person\/fc187ee8ead412bd4c9304b62f900ea4\",\"name\":\"MPPPST Prensa\",\"url\":\"https:\/\/www.mpppst.gob.ve\/mpppstweb\/index.php\/author\/prensa-mpppst\/\"}]}<\/script>\n<!-- \/ Yoast SEO plugin. -->","yoast_head_json":{"title":"La navidad lleg\u00f3 con nacimiento viviente a la guarder\u00eda del MPPPST - MPPPST","robots":{"index":"index","follow":"follow","max-snippet":"max-snippet:-1","max-image-preview":"max-image-preview:large","max-video-preview":"max-video-preview:-1"},"canonical":"https:\/\/www.mpppst.gob.ve\/mpppstweb\/index.php\/2015\/12\/11\/la-navidad-llego-con-nacimiento-viviente-a-la-guarderia-del-mpppst\/","og_locale":"es_ES","og_type":"article","og_title":"La navidad lleg\u00f3 con nacimiento viviente a la guarder\u00eda del MPPPST - MPPPST","og_description":"La alegr\u00eda y la espontaneidad brillaron este viernes en el teatro del Instituto Nacional de Capacitaci\u00f3n y Recreaci\u00f3n de los Trabajadores (Incret)","og_url":"https:\/\/www.mpppst.gob.ve\/mpppstweb\/index.php\/2015\/12\/11\/la-navidad-llego-con-nacimiento-viviente-a-la-guarderia-del-mpppst\/","og_site_name":"MPPPST","article_published_time":"2015-12-11T16:36:58+00:00","article_modified_time":"2016-07-20T13:42:20+00:00","og_image":[{"width":640,"height":406,"url":"https:\/\/www.mpppst.gob.ve\/mpppstweb\/wp-content\/uploads\/2015\/12\/Foto-principal.jpg","type":"image\/jpeg"}],"author":"MPPPST Prensa","twitter_card":"summary_large_image","twitter_misc":{"Escrito por":"MPPPST Prensa","Tiempo de lectura":"1 minuto"},"schema":{"@context":"https:\/\/schema.org","@graph":[{"@type":"Article","@id":"https:\/\/www.mpppst.gob.ve\/mpppstweb\/index.php\/2015\/12\/11\/la-navidad-llego-con-nacimiento-viviente-a-la-guarderia-del-mpppst\/#article","isPartOf":{"@id":"https:\/\/www.mpppst.gob.ve\/mpppstweb\/index.php\/2015\/12\/11\/la-navidad-llego-con-nacimiento-viviente-a-la-guarderia-del-mpppst\/"},"author":{"name":"MPPPST Prensa","@id":"https:\/\/www.mpppst.gob.ve\/mpppstweb\/#\/schema\/person\/fc187ee8ead412bd4c9304b62f900ea4"},"headline":"La navidad lleg\u00f3 con nacimiento viviente a la guarder\u00eda del MPPPST","datePublished":"2015-12-11T16:36:58+00:00","dateModified":"2016-07-20T13:42:20+00:00","mainEntityOfPage":{"@id":"https:\/\/www.mpppst.gob.ve\/mpppstweb\/index.php\/2015\/12\/11\/la-navidad-llego-con-nacimiento-viviente-a-la-guarderia-del-mpppst\/"},"wordCount":276,"publisher":{"@id":"https:\/\/www.mpppst.gob.ve\/mpppstweb\/#organization"},"image":{"@id":"https:\/\/www.mpppst.gob.ve\/mpppstweb\/index.php\/2015\/12\/11\/la-navidad-llego-con-nacimiento-viviente-a-la-guarderia-del-mpppst\/#primaryimage"},"thumbnailUrl":"https:\/\/www.mpppst.gob.ve\/mpppstweb\/wp-content\/uploads\/2015\/12\/Foto-principal.jpg","articleSection":["Gobierno Nacional"],"inLanguage":"es"},{"@type":"WebPage","@id":"https:\/\/www.mpppst.gob.ve\/mpppstweb\/index.php\/2015\/12\/11\/la-navidad-llego-con-nacimiento-viviente-a-la-guarderia-del-mpppst\/","url":"https:\/\/www.mpppst.gob.ve\/mpppstweb\/index.php\/2015\/12\/11\/la-navidad-llego-con-nacimiento-viviente-a-la-guarderia-del-mpppst\/","name":"La navidad lleg\u00f3 con nacimiento viviente a la guarder\u00eda del MPPPST - MPPPST","isPartOf":{"@id":"https:\/\/www.mpppst.gob.ve\/mpppstweb\/#website"},"primaryImageOfPage":{"@id":"https:\/\/www.mpppst.gob.ve\/mpppstweb\/index.php\/2015\/12\/11\/la-navidad-llego-con-nacimiento-viviente-a-la-guarderia-del-mpppst\/#primaryimage"},"image":{"@id":"https:\/\/www.mpppst.gob.ve\/mpppstweb\/index.php\/2015\/12\/11\/la-navidad-llego-con-nacimiento-viviente-a-la-guarderia-del-mpppst\/#primaryimage"},"thumbnailUrl":"https:\/\/www.mpppst.gob.ve\/mpppstweb\/wp-content\/uploads\/2015\/12\/Foto-principal.jpg","datePublished":"2015-12-11T16:36:58+00:00","dateModified":"2016-07-20T13:42:20+00:00","breadcrumb":{"@id":"https:\/\/www.mpppst.gob.ve\/mpppstweb\/index.php\/2015\/12\/11\/la-navidad-llego-con-nacimiento-viviente-a-la-guarderia-del-mpppst\/#breadcrumb"},"inLanguage":"es","potentialAction":[{"@type":"ReadAction","target":["https:\/\/www.mpppst.gob.ve\/mpppstweb\/index.php\/2015\/12\/11\/la-navidad-llego-con-nacimiento-viviente-a-la-guarderia-del-mpppst\/"]}]},{"@type":"ImageObject","inLanguage":"es","@id":"https:\/\/www.mpppst.gob.ve\/mpppstweb\/index.php\/2015\/12\/11\/la-navidad-llego-con-nacimiento-viviente-a-la-guarderia-del-mpppst\/#primaryimage","url":"https:\/\/www.mpppst.gob.ve\/mpppstweb\/wp-content\/uploads\/2015\/12\/Foto-principal.jpg","contentUrl":"https:\/\/www.mpppst.gob.ve\/mpppstweb\/wp-content\/uploads\/2015\/12\/Foto-principal.jpg","width":640,"height":406},{"@type":"BreadcrumbList","@id":"https:\/\/www.mpppst.gob.ve\/mpppstweb\/index.php\/2015\/12\/11\/la-navidad-llego-con-nacimiento-viviente-a-la-guarderia-del-mpppst\/#breadcrumb","itemListElement":[{"@type":"ListItem","position":1,"name":"Home","item":"https:\/\/www.mpppst.gob.ve\/mpppstweb\/"},{"@type":"ListItem","position":2,"name":"La navidad lleg\u00f3 con nacimiento viviente a la guarder\u00eda del MPPPST"}]},{"@type":"WebSite","@id":"https:\/\/www.mpppst.gob.ve\/mpppstweb\/#website","url":"https:\/\/www.mpppst.gob.ve\/mpppstweb\/","name":"MPPPST","description":"Ministerio del Poder Popular para el Proceso Social de Trabajo","publisher":{"@id":"https:\/\/www.mpppst.gob.ve\/mpppstweb\/#organization"},"potentialAction":[{"@type":"SearchAction","target":{"@type":"EntryPoint","urlTemplate":"https:\/\/www.mpppst.gob.ve\/mpppstweb\/?s={search_term_string}"},"query-input":"required name=search_term_string"}],"inLanguage":"es"},{"@type":"Organization","@id":"https:\/\/www.mpppst.gob.ve\/mpppstweb\/#organization","name":"mpppst","url":"https:\/\/www.mpppst.gob.ve\/mpppstweb\/","logo":{"@type":"ImageObject","inLanguage":"es","@id":"https:\/\/www.mpppst.gob.ve\/mpppstweb\/#\/schema\/logo\/image\/","url":"https:\/\/www.mpppst.gob.ve\/mpppstweb\/wp-content\/uploads\/2025\/07\/cropped-cropped-g910.png","contentUrl":"https:\/\/www.mpppst.gob.ve\/mpppstweb\/wp-content\/uploads\/2025\/07\/cropped-cropped-g910.png","width":1080,"height":241,"caption":"mpppst"},"image":{"@id":"https:\/\/www.mpppst.gob.ve\/mpppstweb\/#\/schema\/logo\/image\/"}},{"@type":"Person","@id":"https:\/\/www.mpppst.gob.ve\/mpppstweb\/#\/schema\/person\/fc187ee8ead412bd4c9304b62f900ea4","name":"MPPPST Prensa","url":"https:\/\/www.mpppst.gob.ve\/mpppstweb\/index.php\/author\/prensa-mpppst\/"}]}},"_links":{"self":[{"href":"https:\/\/www.mpppst.gob.ve\/mpppstweb\/index.php\/wp-json\/wp\/v2\/posts\/4138"}],"collection":[{"href":"https:\/\/www.mpppst.gob.ve\/mpppstweb\/index.php\/wp-json\/wp\/v2\/posts"}],"about":[{"href":"https:\/\/www.mpppst.gob.ve\/mpppstweb\/index.php\/wp-json\/wp\/v2\/types\/post"}],"author":[{"embeddable":true,"href":"https:\/\/www.mpppst.gob.ve\/mpppstweb\/index.php\/wp-json\/wp\/v2\/users\/25"}],"replies":[{"embeddable":true,"href":"https:\/\/www.mpppst.gob.ve\/mpppstweb\/index.php\/wp-json\/wp\/v2\/comments?post=4138"}],"version-history":[{"count":1,"href":"https:\/\/www.mpppst.gob.ve\/mpppstweb\/index.php\/wp-json\/wp\/v2\/posts\/4138\/revisions"}],"predecessor-version":[{"id":6955,"href":"https:\/\/www.mpppst.gob.ve\/mpppstweb\/index.php\/wp-json\/wp\/v2\/posts\/4138\/revisions\/6955"}],"wp:featuredmedia":[{"embeddable":true,"href":"https:\/\/www.mpppst.gob.ve\/mpppstweb\/index.php\/wp-json\/wp\/v2\/media\/4140"}],"wp:attachment":[{"href":"https:\/\/www.mpppst.gob.ve\/mpppstweb\/index.php\/wp-json\/wp\/v2\/media?parent=4138"}],"wp:term":[{"taxonomy":"category","embeddable":true,"href":"https:\/\/www.mpppst.gob.ve\/mpppstweb\/index.php\/wp-json\/wp\/v2\/categories?post=4138"},{"taxonomy":"post_tag","embeddable":true,"href":"https:\/\/www.mpppst.gob.ve\/mpppstweb\/index.php\/wp-json\/wp\/v2\/tags?post=4138"}],"curies":[{"name":"wp","href":"https:\/\/api.w.org\/{rel}","templated":true}]}}