{"id":4142,"date":"2015-12-11T17:28:40","date_gmt":"2015-12-11T17:28:40","guid":{"rendered":"http:\/\/www.mpppst.gob.ve\/mpppstweb\/?p=4142"},"modified":"2016-07-20T13:42:09","modified_gmt":"2016-07-20T13:42:09","slug":"viceministerio-para-el-sistema-integrado-de-inspeccion-laboral-y-de-la-seguridad-social-entrega-balance-de-gestion-2015","status":"publish","type":"post","link":"https:\/\/www.mpppst.gob.ve\/mpppstweb\/index.php\/2015\/12\/11\/viceministerio-para-el-sistema-integrado-de-inspeccion-laboral-y-de-la-seguridad-social-entrega-balance-de-gestion-2015\/","title":{"rendered":"Viceministerio para el Sistema Integrado de Inspecci\u00f3n Laboral y de la Seguridad Social entrega balance de gesti\u00f3n 2015"},"content":{"rendered":"<p style=\"text-align: justify;\">Caracas, 11 de\u00a0Diciembre de 2015.- Durante un acto celebrado en la Ciudad Vacacional Los Caracas durante los d\u00edas 9 y 10 de diciembre del presente a\u00f1o, el Viceministro para el Sistema Integrado de Inspecci\u00f3n Laboral y de la Seguridad Social, Antonio Olivo, entreg\u00f3 un balance de gesti\u00f3n 2015 de su despacho a todos los Jefes de Divisi\u00f3n, Supervisores del Proceso Social del Trabajo y Auxiliares de todas las Unidades de Supervisi\u00f3n del pa\u00eds.<\/p>\n<p style=\"text-align: justify;\">El viceministro Olivo explic\u00f3 que junto a sus dos direcciones adscritas, la Direcci\u00f3n General de Supervisi\u00f3n de Entidades y Modalidades Especiales de Trabajo y la Direcci\u00f3n General de Contralor\u00eda Social en el Proceso Social de Trabajo consiguieron 10 grandes logros para el Viceministerio.<\/p>\n<p style=\"text-align: justify;\">El primer logro fue el de erradicar la tercerizaci\u00f3n por simulaci\u00f3n o fraude a la Ley en las relaciones de trabajo, beneficiando as\u00ed a 205 mil 527 trabajadores y trabajadores en mil 551 inspecciones realizadas.<\/p>\n<p style=\"text-align: justify;\">Luego, verificar el cumplimiento de la Justa Distribuci\u00f3n de la Riqueza a trav\u00e9s del salario, beneficio de alimentaci\u00f3n, Ivss y Faov, impactando as\u00ed la atenci\u00f3n a 154 mil 157 beneficiarios y beneficiarias en un total de 28 mil 100 inspecciones.<\/p>\n<p style=\"text-align: justify;\">EL tercer logro estuvo asociado a la promoci\u00f3n de derechos y obligaciones dirigidas a los trabajadores, trabajadoras, empleadores y empleadoras. En tal sentido, se realizaron 23 abordajes en actividades de formaci\u00f3n, beneficiando as\u00ed a mil 23 trabajadores y trabajadoras, y 388 empleadores y empleadoras.<\/p>\n<p style=\"text-align: justify;\">El cuarto logro consisti\u00f3 en la protecci\u00f3n, estabilizaci\u00f3n y desarrollo de las fuerzas productivas y se beneficiaron 6 mil 702 trabajadores y trabajadoras en 255 inspecciones realizadas.<\/p>\n<p style=\"text-align: justify;\">Por su parte, el Plan de Inspecci\u00f3n Integral Agrario (PIIA) fue otro de los grandes logros de ese despacho durante 2015; verificando el cumpliendo de la normativa sociolaboral de seguridad, salud, en el trabajo y de la seguridad social de los trabajadores y trabajadoras, con un total de 15 mil 615 beneficiados en mil 264 entidades de trabajo visitadas en los estados Aragua, Apure, Bol\u00edvar, Delta Amacuro, Monagas, Portuguesa y Vargas.<\/p>\n<p style=\"text-align: justify;\">Otro punto importante que destac\u00f3 el Viceministro fue la Inserci\u00f3n y reinserci\u00f3n sociolaboral de los trabajadores y trabajadoras con discapacidad, impactando la cantidad de 47 mil 652 trabajadores y trabajadoras en 80 inspecciones realizadas en conjunto con el Consejo Nacional para las Personas con Discapacidad (Conapdis) en los estados Anzo\u00e1tegui, Distrito Capital, M\u00e9rida, Miranda, Monagas, Vargas y Zulia.<\/p>\n<p style=\"text-align: justify;\">Destac\u00f3 tambi\u00e9n la articulaci\u00f3n entre el Sistema Integrado de Inspecci\u00f3n Laboral y la Tesorer\u00eda de la Seguridad Social (TSS) realizando un evento de construcci\u00f3n colectiva donde se beneficiaron 51 trabajadores y trabajadoras.<\/p>\n<p style=\"text-align: justify;\">El octavo logro del Viceministerio para el Sistema Integrado de Inspecci\u00f3n Laboral y de la Seguridad Social, es la contribuci\u00f3n con la clase obrera a trav\u00e9s de la activaci\u00f3n de mecanismos de participaci\u00f3n que garanticen el protagonismo necesario de los trabajadores y trabajadoras en la direcci\u00f3n del Proceso Social de Trabajo; visitando en Barinas y Apure 64 entidades de trabajo y formando a 239 trabajadores y trabajadoras; mientras que en Miranda se realizaron 25 visitas en 10 mil 663 trabajadores y trabajadoras.<\/p>\n<p style=\"text-align: justify;\">Los \u00faltimos dos grandes logros de este a\u00f1o \u00a0fueron las actividades de formaci\u00f3n en Caleb, en el estado Lara, donde se formaron mil 145 trabajadores y trabajadoras de 449 oficinas del Ministerio; y la consolidaci\u00f3n de la defensa integral de la naci\u00f3n en el MPPPST, donde se conformaron 19 comit\u00e9s de defensa y se beneficiaron 4 mil 203 trabajadoras y trabajadores de la siguiente manera: Seguridad y Defensa 2218, Milicia 506 y Comit\u00e9s de Defensa 1479.<\/p>\n<p style=\"text-align: justify;\">Redacci\u00f3n: Elio Garc\u00eda<\/p>\n<p style=\"text-align: justify;\">Fotograf\u00eda: F\u00e9lix Ordaz<\/p>\n","protected":false},"excerpt":{"rendered":"<p>el Viceministro para el Sistema Integrado de Inspecci\u00f3n Laboral y de la Seguridad Social, Antonio Olivo, entreg\u00f3 el balance de gesti\u00f3n 2015 <\/p>\n","protected":false},"author":25,"featured_media":4143,"comment_status":"closed","ping_status":"closed","sticky":false,"template":"","format":"standard","meta":{"footnotes":""},"categories":[82],"tags":[],"yoast_head":"<!-- This site is optimized with the Yoast SEO plugin v22.5 - https:\/\/yoast.com\/wordpress\/plugins\/seo\/ -->\n<title>Viceministerio para el Sistema Integrado de Inspecci\u00f3n Laboral y de la Seguridad Social entrega balance de gesti\u00f3n 2015 - MPPPST<\/title>\n<meta name=\"robots\" content=\"index, follow, max-snippet:-1, max-image-preview:large, max-video-preview:-1\" \/>\n<link rel=\"canonical\" href=\"https:\/\/www.mpppst.gob.ve\/mpppstweb\/index.php\/2015\/12\/11\/viceministerio-para-el-sistema-integrado-de-inspeccion-laboral-y-de-la-seguridad-social-entrega-balance-de-gestion-2015\/\" \/>\n<meta property=\"og:locale\" content=\"es_ES\" \/>\n<meta property=\"og:type\" content=\"article\" \/>\n<meta property=\"og:title\" content=\"Viceministerio para el Sistema Integrado de Inspecci\u00f3n Laboral y de la Seguridad Social entrega balance de gesti\u00f3n 2015 - MPPPST\" \/>\n<meta property=\"og:description\" content=\"el Viceministro para el Sistema Integrado de Inspecci\u00f3n Laboral y de la Seguridad Social, Antonio Olivo, entreg\u00f3 el balance de gesti\u00f3n 2015\" \/>\n<meta property=\"og:url\" content=\"https:\/\/www.mpppst.gob.ve\/mpppstweb\/index.php\/2015\/12\/11\/viceministerio-para-el-sistema-integrado-de-inspeccion-laboral-y-de-la-seguridad-social-entrega-balance-de-gestion-2015\/\" \/>\n<meta property=\"og:site_name\" content=\"MPPPST\" \/>\n<meta property=\"article:published_time\" content=\"2015-12-11T17:28:40+00:00\" \/>\n<meta property=\"article:modified_time\" content=\"2016-07-20T13:42:09+00:00\" \/>\n<meta property=\"og:image\" content=\"https:\/\/www.mpppst.gob.ve\/mpppstweb\/wp-content\/uploads\/2015\/12\/Olivo.jpg\" \/>\n\t<meta property=\"og:image:width\" content=\"448\" \/>\n\t<meta property=\"og:image:height\" content=\"300\" \/>\n\t<meta property=\"og:image:type\" content=\"image\/jpeg\" \/>\n<meta name=\"author\" content=\"MPPPST Prensa\" \/>\n<meta name=\"twitter:card\" content=\"summary_large_image\" \/>\n<meta name=\"twitter:label1\" content=\"Escrito por\" \/>\n\t<meta name=\"twitter:data1\" content=\"MPPPST Prensa\" \/>\n\t<meta name=\"twitter:label2\" content=\"Tiempo de lectura\" \/>\n\t<meta name=\"twitter:data2\" content=\"3 minutos\" \/>\n<script type=\"application\/ld+json\" class=\"yoast-schema-graph\">{\"@context\":\"https:\/\/schema.org\",\"@graph\":[{\"@type\":\"Article\",\"@id\":\"https:\/\/www.mpppst.gob.ve\/mpppstweb\/index.php\/2015\/12\/11\/viceministerio-para-el-sistema-integrado-de-inspeccion-laboral-y-de-la-seguridad-social-entrega-balance-de-gestion-2015\/#article\",\"isPartOf\":{\"@id\":\"https:\/\/www.mpppst.gob.ve\/mpppstweb\/index.php\/2015\/12\/11\/viceministerio-para-el-sistema-integrado-de-inspeccion-laboral-y-de-la-seguridad-social-entrega-balance-de-gestion-2015\/\"},\"author\":{\"name\":\"MPPPST Prensa\",\"@id\":\"https:\/\/www.mpppst.gob.ve\/mpppstweb\/#\/schema\/person\/fc187ee8ead412bd4c9304b62f900ea4\"},\"headline\":\"Viceministerio para el Sistema Integrado de Inspecci\u00f3n Laboral y de la Seguridad Social entrega balance de gesti\u00f3n 2015\",\"datePublished\":\"2015-12-11T17:28:40+00:00\",\"dateModified\":\"2016-07-20T13:42:09+00:00\",\"mainEntityOfPage\":{\"@id\":\"https:\/\/www.mpppst.gob.ve\/mpppstweb\/index.php\/2015\/12\/11\/viceministerio-para-el-sistema-integrado-de-inspeccion-laboral-y-de-la-seguridad-social-entrega-balance-de-gestion-2015\/\"},\"wordCount\":616,\"publisher\":{\"@id\":\"https:\/\/www.mpppst.gob.ve\/mpppstweb\/#organization\"},\"image\":{\"@id\":\"https:\/\/www.mpppst.gob.ve\/mpppstweb\/index.php\/2015\/12\/11\/viceministerio-para-el-sistema-integrado-de-inspeccion-laboral-y-de-la-seguridad-social-entrega-balance-de-gestion-2015\/#primaryimage\"},\"thumbnailUrl\":\"https:\/\/www.mpppst.gob.ve\/mpppstweb\/wp-content\/uploads\/2015\/12\/Olivo.jpg\",\"articleSection\":[\"Gobierno Nacional\"],\"inLanguage\":\"es\"},{\"@type\":\"WebPage\",\"@id\":\"https:\/\/www.mpppst.gob.ve\/mpppstweb\/index.php\/2015\/12\/11\/viceministerio-para-el-sistema-integrado-de-inspeccion-laboral-y-de-la-seguridad-social-entrega-balance-de-gestion-2015\/\",\"url\":\"https:\/\/www.mpppst.gob.ve\/mpppstweb\/index.php\/2015\/12\/11\/viceministerio-para-el-sistema-integrado-de-inspeccion-laboral-y-de-la-seguridad-social-entrega-balance-de-gestion-2015\/\",\"name\":\"Viceministerio para el Sistema Integrado de Inspecci\u00f3n Laboral y de la Seguridad Social entrega balance de gesti\u00f3n 2015 - MPPPST\",\"isPartOf\":{\"@id\":\"https:\/\/www.mpppst.gob.ve\/mpppstweb\/#website\"},\"primaryImageOfPage\":{\"@id\":\"https:\/\/www.mpppst.gob.ve\/mpppstweb\/index.php\/2015\/12\/11\/viceministerio-para-el-sistema-integrado-de-inspeccion-laboral-y-de-la-seguridad-social-entrega-balance-de-gestion-2015\/#primaryimage\"},\"image\":{\"@id\":\"https:\/\/www.mpppst.gob.ve\/mpppstweb\/index.php\/2015\/12\/11\/viceministerio-para-el-sistema-integrado-de-inspeccion-laboral-y-de-la-seguridad-social-entrega-balance-de-gestion-2015\/#primaryimage\"},\"thumbnailUrl\":\"https:\/\/www.mpppst.gob.ve\/mpppstweb\/wp-content\/uploads\/2015\/12\/Olivo.jpg\",\"datePublished\":\"2015-12-11T17:28:40+00:00\",\"dateModified\":\"2016-07-20T13:42:09+00:00\",\"breadcrumb\":{\"@id\":\"https:\/\/www.mpppst.gob.ve\/mpppstweb\/index.php\/2015\/12\/11\/viceministerio-para-el-sistema-integrado-de-inspeccion-laboral-y-de-la-seguridad-social-entrega-balance-de-gestion-2015\/#breadcrumb\"},\"inLanguage\":\"es\",\"potentialAction\":[{\"@type\":\"ReadAction\",\"target\":[\"https:\/\/www.mpppst.gob.ve\/mpppstweb\/index.php\/2015\/12\/11\/viceministerio-para-el-sistema-integrado-de-inspeccion-laboral-y-de-la-seguridad-social-entrega-balance-de-gestion-2015\/\"]}]},{\"@type\":\"ImageObject\",\"inLanguage\":\"es\",\"@id\":\"https:\/\/www.mpppst.gob.ve\/mpppstweb\/index.php\/2015\/12\/11\/viceministerio-para-el-sistema-integrado-de-inspeccion-laboral-y-de-la-seguridad-social-entrega-balance-de-gestion-2015\/#primaryimage\",\"url\":\"https:\/\/www.mpppst.gob.ve\/mpppstweb\/wp-content\/uploads\/2015\/12\/Olivo.jpg\",\"contentUrl\":\"https:\/\/www.mpppst.gob.ve\/mpppstweb\/wp-content\/uploads\/2015\/12\/Olivo.jpg\",\"width\":448,\"height\":300},{\"@type\":\"BreadcrumbList\",\"@id\":\"https:\/\/www.mpppst.gob.ve\/mpppstweb\/index.php\/2015\/12\/11\/viceministerio-para-el-sistema-integrado-de-inspeccion-laboral-y-de-la-seguridad-social-entrega-balance-de-gestion-2015\/#breadcrumb\",\"itemListElement\":[{\"@type\":\"ListItem\",\"position\":1,\"name\":\"Home\",\"item\":\"https:\/\/www.mpppst.gob.ve\/mpppstweb\/\"},{\"@type\":\"ListItem\",\"position\":2,\"name\":\"Viceministerio para el Sistema Integrado de Inspecci\u00f3n Laboral y de la Seguridad Social entrega balance de gesti\u00f3n 2015\"}]},{\"@type\":\"WebSite\",\"@id\":\"https:\/\/www.mpppst.gob.ve\/mpppstweb\/#website\",\"url\":\"https:\/\/www.mpppst.gob.ve\/mpppstweb\/\",\"name\":\"MPPPST\",\"description\":\"Ministerio del Poder Popular para el Proceso Social de Trabajo\",\"publisher\":{\"@id\":\"https:\/\/www.mpppst.gob.ve\/mpppstweb\/#organization\"},\"potentialAction\":[{\"@type\":\"SearchAction\",\"target\":{\"@type\":\"EntryPoint\",\"urlTemplate\":\"https:\/\/www.mpppst.gob.ve\/mpppstweb\/?s={search_term_string}\"},\"query-input\":\"required name=search_term_string\"}],\"inLanguage\":\"es\"},{\"@type\":\"Organization\",\"@id\":\"https:\/\/www.mpppst.gob.ve\/mpppstweb\/#organization\",\"name\":\"mpppst\",\"url\":\"https:\/\/www.mpppst.gob.ve\/mpppstweb\/\",\"logo\":{\"@type\":\"ImageObject\",\"inLanguage\":\"es\",\"@id\":\"https:\/\/www.mpppst.gob.ve\/mpppstweb\/#\/schema\/logo\/image\/\",\"url\":\"https:\/\/www.mpppst.gob.ve\/mpppstweb\/wp-content\/uploads\/2025\/07\/cropped-cropped-g910.png\",\"contentUrl\":\"https:\/\/www.mpppst.gob.ve\/mpppstweb\/wp-content\/uploads\/2025\/07\/cropped-cropped-g910.png\",\"width\":1080,\"height\":241,\"caption\":\"mpppst\"},\"image\":{\"@id\":\"https:\/\/www.mpppst.gob.ve\/mpppstweb\/#\/schema\/logo\/image\/\"}},{\"@type\":\"Person\",\"@id\":\"https:\/\/www.mpppst.gob.ve\/mpppstweb\/#\/schema\/person\/fc187ee8ead412bd4c9304b62f900ea4\",\"name\":\"MPPPST Prensa\",\"url\":\"https:\/\/www.mpppst.gob.ve\/mpppstweb\/index.php\/author\/prensa-mpppst\/\"}]}<\/script>\n<!-- \/ Yoast SEO plugin. -->","yoast_head_json":{"title":"Viceministerio para el Sistema Integrado de Inspecci\u00f3n Laboral y de la Seguridad Social entrega balance de gesti\u00f3n 2015 - MPPPST","robots":{"index":"index","follow":"follow","max-snippet":"max-snippet:-1","max-image-preview":"max-image-preview:large","max-video-preview":"max-video-preview:-1"},"canonical":"https:\/\/www.mpppst.gob.ve\/mpppstweb\/index.php\/2015\/12\/11\/viceministerio-para-el-sistema-integrado-de-inspeccion-laboral-y-de-la-seguridad-social-entrega-balance-de-gestion-2015\/","og_locale":"es_ES","og_type":"article","og_title":"Viceministerio para el Sistema Integrado de Inspecci\u00f3n Laboral y de la Seguridad Social entrega balance de gesti\u00f3n 2015 - MPPPST","og_description":"el Viceministro para el Sistema Integrado de Inspecci\u00f3n Laboral y de la Seguridad Social, Antonio Olivo, entreg\u00f3 el balance de gesti\u00f3n 2015","og_url":"https:\/\/www.mpppst.gob.ve\/mpppstweb\/index.php\/2015\/12\/11\/viceministerio-para-el-sistema-integrado-de-inspeccion-laboral-y-de-la-seguridad-social-entrega-balance-de-gestion-2015\/","og_site_name":"MPPPST","article_published_time":"2015-12-11T17:28:40+00:00","article_modified_time":"2016-07-20T13:42:09+00:00","og_image":[{"width":448,"height":300,"url":"https:\/\/www.mpppst.gob.ve\/mpppstweb\/wp-content\/uploads\/2015\/12\/Olivo.jpg","type":"image\/jpeg"}],"author":"MPPPST Prensa","twitter_card":"summary_large_image","twitter_misc":{"Escrito por":"MPPPST Prensa","Tiempo de lectura":"3 minutos"},"schema":{"@context":"https:\/\/schema.org","@graph":[{"@type":"Article","@id":"https:\/\/www.mpppst.gob.ve\/mpppstweb\/index.php\/2015\/12\/11\/viceministerio-para-el-sistema-integrado-de-inspeccion-laboral-y-de-la-seguridad-social-entrega-balance-de-gestion-2015\/#article","isPartOf":{"@id":"https:\/\/www.mpppst.gob.ve\/mpppstweb\/index.php\/2015\/12\/11\/viceministerio-para-el-sistema-integrado-de-inspeccion-laboral-y-de-la-seguridad-social-entrega-balance-de-gestion-2015\/"},"author":{"name":"MPPPST Prensa","@id":"https:\/\/www.mpppst.gob.ve\/mpppstweb\/#\/schema\/person\/fc187ee8ead412bd4c9304b62f900ea4"},"headline":"Viceministerio para el Sistema Integrado de Inspecci\u00f3n Laboral y de la Seguridad Social entrega balance de gesti\u00f3n 2015","datePublished":"2015-12-11T17:28:40+00:00","dateModified":"2016-07-20T13:42:09+00:00","mainEntityOfPage":{"@id":"https:\/\/www.mpppst.gob.ve\/mpppstweb\/index.php\/2015\/12\/11\/viceministerio-para-el-sistema-integrado-de-inspeccion-laboral-y-de-la-seguridad-social-entrega-balance-de-gestion-2015\/"},"wordCount":616,"publisher":{"@id":"https:\/\/www.mpppst.gob.ve\/mpppstweb\/#organization"},"image":{"@id":"https:\/\/www.mpppst.gob.ve\/mpppstweb\/index.php\/2015\/12\/11\/viceministerio-para-el-sistema-integrado-de-inspeccion-laboral-y-de-la-seguridad-social-entrega-balance-de-gestion-2015\/#primaryimage"},"thumbnailUrl":"https:\/\/www.mpppst.gob.ve\/mpppstweb\/wp-content\/uploads\/2015\/12\/Olivo.jpg","articleSection":["Gobierno Nacional"],"inLanguage":"es"},{"@type":"WebPage","@id":"https:\/\/www.mpppst.gob.ve\/mpppstweb\/index.php\/2015\/12\/11\/viceministerio-para-el-sistema-integrado-de-inspeccion-laboral-y-de-la-seguridad-social-entrega-balance-de-gestion-2015\/","url":"https:\/\/www.mpppst.gob.ve\/mpppstweb\/index.php\/2015\/12\/11\/viceministerio-para-el-sistema-integrado-de-inspeccion-laboral-y-de-la-seguridad-social-entrega-balance-de-gestion-2015\/","name":"Viceministerio para el Sistema Integrado de Inspecci\u00f3n Laboral y de la Seguridad Social entrega balance de gesti\u00f3n 2015 - MPPPST","isPartOf":{"@id":"https:\/\/www.mpppst.gob.ve\/mpppstweb\/#website"},"primaryImageOfPage":{"@id":"https:\/\/www.mpppst.gob.ve\/mpppstweb\/index.php\/2015\/12\/11\/viceministerio-para-el-sistema-integrado-de-inspeccion-laboral-y-de-la-seguridad-social-entrega-balance-de-gestion-2015\/#primaryimage"},"image":{"@id":"https:\/\/www.mpppst.gob.ve\/mpppstweb\/index.php\/2015\/12\/11\/viceministerio-para-el-sistema-integrado-de-inspeccion-laboral-y-de-la-seguridad-social-entrega-balance-de-gestion-2015\/#primaryimage"},"thumbnailUrl":"https:\/\/www.mpppst.gob.ve\/mpppstweb\/wp-content\/uploads\/2015\/12\/Olivo.jpg","datePublished":"2015-12-11T17:28:40+00:00","dateModified":"2016-07-20T13:42:09+00:00","breadcrumb":{"@id":"https:\/\/www.mpppst.gob.ve\/mpppstweb\/index.php\/2015\/12\/11\/viceministerio-para-el-sistema-integrado-de-inspeccion-laboral-y-de-la-seguridad-social-entrega-balance-de-gestion-2015\/#breadcrumb"},"inLanguage":"es","potentialAction":[{"@type":"ReadAction","target":["https:\/\/www.mpppst.gob.ve\/mpppstweb\/index.php\/2015\/12\/11\/viceministerio-para-el-sistema-integrado-de-inspeccion-laboral-y-de-la-seguridad-social-entrega-balance-de-gestion-2015\/"]}]},{"@type":"ImageObject","inLanguage":"es","@id":"https:\/\/www.mpppst.gob.ve\/mpppstweb\/index.php\/2015\/12\/11\/viceministerio-para-el-sistema-integrado-de-inspeccion-laboral-y-de-la-seguridad-social-entrega-balance-de-gestion-2015\/#primaryimage","url":"https:\/\/www.mpppst.gob.ve\/mpppstweb\/wp-content\/uploads\/2015\/12\/Olivo.jpg","contentUrl":"https:\/\/www.mpppst.gob.ve\/mpppstweb\/wp-content\/uploads\/2015\/12\/Olivo.jpg","width":448,"height":300},{"@type":"BreadcrumbList","@id":"https:\/\/www.mpppst.gob.ve\/mpppstweb\/index.php\/2015\/12\/11\/viceministerio-para-el-sistema-integrado-de-inspeccion-laboral-y-de-la-seguridad-social-entrega-balance-de-gestion-2015\/#breadcrumb","itemListElement":[{"@type":"ListItem","position":1,"name":"Home","item":"https:\/\/www.mpppst.gob.ve\/mpppstweb\/"},{"@type":"ListItem","position":2,"name":"Viceministerio para el Sistema Integrado de Inspecci\u00f3n Laboral y de la Seguridad Social entrega balance de gesti\u00f3n 2015"}]},{"@type":"WebSite","@id":"https:\/\/www.mpppst.gob.ve\/mpppstweb\/#website","url":"https:\/\/www.mpppst.gob.ve\/mpppstweb\/","name":"MPPPST","description":"Ministerio del Poder Popular para el Proceso Social de Trabajo","publisher":{"@id":"https:\/\/www.mpppst.gob.ve\/mpppstweb\/#organization"},"potentialAction":[{"@type":"SearchAction","target":{"@type":"EntryPoint","urlTemplate":"https:\/\/www.mpppst.gob.ve\/mpppstweb\/?s={search_term_string}"},"query-input":"required name=search_term_string"}],"inLanguage":"es"},{"@type":"Organization","@id":"https:\/\/www.mpppst.gob.ve\/mpppstweb\/#organization","name":"mpppst","url":"https:\/\/www.mpppst.gob.ve\/mpppstweb\/","logo":{"@type":"ImageObject","inLanguage":"es","@id":"https:\/\/www.mpppst.gob.ve\/mpppstweb\/#\/schema\/logo\/image\/","url":"https:\/\/www.mpppst.gob.ve\/mpppstweb\/wp-content\/uploads\/2025\/07\/cropped-cropped-g910.png","contentUrl":"https:\/\/www.mpppst.gob.ve\/mpppstweb\/wp-content\/uploads\/2025\/07\/cropped-cropped-g910.png","width":1080,"height":241,"caption":"mpppst"},"image":{"@id":"https:\/\/www.mpppst.gob.ve\/mpppstweb\/#\/schema\/logo\/image\/"}},{"@type":"Person","@id":"https:\/\/www.mpppst.gob.ve\/mpppstweb\/#\/schema\/person\/fc187ee8ead412bd4c9304b62f900ea4","name":"MPPPST Prensa","url":"https:\/\/www.mpppst.gob.ve\/mpppstweb\/index.php\/author\/prensa-mpppst\/"}]}},"_links":{"self":[{"href":"https:\/\/www.mpppst.gob.ve\/mpppstweb\/index.php\/wp-json\/wp\/v2\/posts\/4142"}],"collection":[{"href":"https:\/\/www.mpppst.gob.ve\/mpppstweb\/index.php\/wp-json\/wp\/v2\/posts"}],"about":[{"href":"https:\/\/www.mpppst.gob.ve\/mpppstweb\/index.php\/wp-json\/wp\/v2\/types\/post"}],"author":[{"embeddable":true,"href":"https:\/\/www.mpppst.gob.ve\/mpppstweb\/index.php\/wp-json\/wp\/v2\/users\/25"}],"replies":[{"embeddable":true,"href":"https:\/\/www.mpppst.gob.ve\/mpppstweb\/index.php\/wp-json\/wp\/v2\/comments?post=4142"}],"version-history":[{"count":1,"href":"https:\/\/www.mpppst.gob.ve\/mpppstweb\/index.php\/wp-json\/wp\/v2\/posts\/4142\/revisions"}],"predecessor-version":[{"id":6956,"href":"https:\/\/www.mpppst.gob.ve\/mpppstweb\/index.php\/wp-json\/wp\/v2\/posts\/4142\/revisions\/6956"}],"wp:featuredmedia":[{"embeddable":true,"href":"https:\/\/www.mpppst.gob.ve\/mpppstweb\/index.php\/wp-json\/wp\/v2\/media\/4143"}],"wp:attachment":[{"href":"https:\/\/www.mpppst.gob.ve\/mpppstweb\/index.php\/wp-json\/wp\/v2\/media?parent=4142"}],"wp:term":[{"taxonomy":"category","embeddable":true,"href":"https:\/\/www.mpppst.gob.ve\/mpppstweb\/index.php\/wp-json\/wp\/v2\/categories?post=4142"},{"taxonomy":"post_tag","embeddable":true,"href":"https:\/\/www.mpppst.gob.ve\/mpppstweb\/index.php\/wp-json\/wp\/v2\/tags?post=4142"}],"curies":[{"name":"wp","href":"https:\/\/api.w.org\/{rel}","templated":true}]}}