{"id":4147,"date":"2015-12-14T11:35:45","date_gmt":"2015-12-14T11:35:45","guid":{"rendered":"http:\/\/www.mpppst.gob.ve\/mpppstweb\/?p=4147"},"modified":"2016-07-01T17:55:00","modified_gmt":"2016-07-01T17:55:00","slug":"ministro-jesus-martinez-educacion-popular-y-trabajo-impulsaran-la-actividad-productiva-en-el-pais","status":"publish","type":"post","link":"https:\/\/www.mpppst.gob.ve\/mpppstweb\/index.php\/2015\/12\/14\/ministro-jesus-martinez-educacion-popular-y-trabajo-impulsaran-la-actividad-productiva-en-el-pais\/","title":{"rendered":"Ministro Jes\u00fas Mart\u00ednez: Educaci\u00f3n popular y trabajo impulsar\u00e1n  la actividad productiva en el pa\u00eds"},"content":{"rendered":"<p style=\"text-align: justify;\">Catia la Mar, estado Vargas 13 de diciembre de 2015 (MPPPST) &#8211; El domingo 13 de diciembre, se llev\u00f3 a cabo una jornada de inscripci\u00f3n de la Misi\u00f3n Robinson Productiva II, en la Plaza Bol\u00edvar de Catia la Mar en el estado Vargas, para los venezolanos que quieren culminar el sexto grado y desarrollar proyectos productivos. Esta actividad estuvo presidida por el Ministro del Poder Popular para el Proceso Social de Trabajo, Jes\u00fas Mart\u00ednez, quien resalt\u00f3 la importancia de estas jornadas.<\/p>\n<p style=\"text-align: justify;\">\u201cEsta es una de las jornadas m\u00e1s importantes que se ha tenido dentro del desarrollo del sistema de educaci\u00f3n popular que est\u00e1 implantando la Revoluci\u00f3n Bolivariana. En esta segunda fase de la Misi\u00f3n Robinson las personas podr\u00e1n lograr el sexto grado, adem\u00e1s se podr\u00e1n incorporar a la actividad productiva para asumir el proceso de producci\u00f3n de bienes\u201d, acot\u00f3 Mart\u00ednez.<\/p>\n<p style=\"text-align: justify;\">En esta nueva etapa de la Misi\u00f3n Robinson se abarcar\u00e1 la capacitaci\u00f3n t\u00e9cnico-productiva, con el fin de que los participantes adopten habilidades, se inserten en el mercado laboral y ejecuten proyectos productivos.<\/p>\n<p style=\"text-align: justify;\">El Ministro inform\u00f3 que en el estado Vargas se han\u00a0 inscrito alrededor de 400 personas, desde que se activ\u00f3 la segunda gran jornada de registro de la Misi\u00f3n Robinson Productiva II y sostuvo que est\u00e1n habilitados 13 puntos de inscripci\u00f3n en todo el estado.<\/p>\n<p style=\"text-align: justify;\">Mart\u00ednez resalt\u00f3 que estas misiones educativas son pensadas para el pueblo venezolano, para que tengan una mejor educaci\u00f3n. \u201cNuestro inter\u00e9s es que todo el pueblo venezolano eleve su cultura, eleve su nivel de conciencia para que puedan asumir un compromiso con la direcci\u00f3n de la naci\u00f3n como patria, libre, independiente y soberana\u201d.<\/p>\n<p style=\"text-align: justify;\">Redacci\u00f3n: Carlos Palacios<\/p>\n<p style=\"text-align: justify;\">Fotograf\u00eda: F\u00e9lix Ordaz<\/p>\n","protected":false},"excerpt":{"rendered":"<p>El domingo 13 de diciembre, se llev\u00f3 a cabo una jornada de inscripci\u00f3n de la Misi\u00f3n Robinson Productiva II, en la Plaza Bol\u00edvar de Catia la Mar.<\/p>\n","protected":false},"author":25,"featured_media":4148,"comment_status":"closed","ping_status":"closed","sticky":false,"template":"","format":"standard","meta":{"footnotes":""},"categories":[82],"tags":[],"yoast_head":"<!-- This site is optimized with the Yoast SEO plugin v22.5 - https:\/\/yoast.com\/wordpress\/plugins\/seo\/ -->\n<title>Ministro Jes\u00fas Mart\u00ednez: Educaci\u00f3n popular y trabajo impulsar\u00e1n la actividad productiva en el pa\u00eds - MPPPST<\/title>\n<meta name=\"robots\" content=\"index, follow, max-snippet:-1, max-image-preview:large, max-video-preview:-1\" \/>\n<link rel=\"canonical\" href=\"https:\/\/www.mpppst.gob.ve\/mpppstweb\/index.php\/2015\/12\/14\/ministro-jesus-martinez-educacion-popular-y-trabajo-impulsaran-la-actividad-productiva-en-el-pais\/\" \/>\n<meta property=\"og:locale\" content=\"es_ES\" \/>\n<meta property=\"og:type\" content=\"article\" \/>\n<meta property=\"og:title\" content=\"Ministro Jes\u00fas Mart\u00ednez: Educaci\u00f3n popular y trabajo impulsar\u00e1n la actividad productiva en el pa\u00eds - MPPPST\" \/>\n<meta property=\"og:description\" content=\"El domingo 13 de diciembre, se llev\u00f3 a cabo una jornada de inscripci\u00f3n de la Misi\u00f3n Robinson Productiva II, en la Plaza Bol\u00edvar de Catia la Mar.\" \/>\n<meta property=\"og:url\" content=\"https:\/\/www.mpppst.gob.ve\/mpppstweb\/index.php\/2015\/12\/14\/ministro-jesus-martinez-educacion-popular-y-trabajo-impulsaran-la-actividad-productiva-en-el-pais\/\" \/>\n<meta property=\"og:site_name\" content=\"MPPPST\" \/>\n<meta property=\"article:published_time\" content=\"2015-12-14T11:35:45+00:00\" \/>\n<meta property=\"article:modified_time\" content=\"2016-07-01T17:55:00+00:00\" \/>\n<meta property=\"og:image\" content=\"https:\/\/www.mpppst.gob.ve\/mpppstweb\/wp-content\/uploads\/2015\/12\/DSC_4615.jpg\" \/>\n\t<meta property=\"og:image:width\" content=\"681\" \/>\n\t<meta property=\"og:image:height\" content=\"456\" \/>\n\t<meta property=\"og:image:type\" content=\"image\/jpeg\" \/>\n<meta name=\"author\" content=\"MPPPST Prensa\" \/>\n<meta name=\"twitter:card\" content=\"summary_large_image\" \/>\n<meta name=\"twitter:label1\" content=\"Escrito por\" \/>\n\t<meta name=\"twitter:data1\" content=\"MPPPST Prensa\" \/>\n\t<meta name=\"twitter:label2\" content=\"Tiempo de lectura\" \/>\n\t<meta name=\"twitter:data2\" content=\"1 minuto\" \/>\n<script type=\"application\/ld+json\" class=\"yoast-schema-graph\">{\"@context\":\"https:\/\/schema.org\",\"@graph\":[{\"@type\":\"Article\",\"@id\":\"https:\/\/www.mpppst.gob.ve\/mpppstweb\/index.php\/2015\/12\/14\/ministro-jesus-martinez-educacion-popular-y-trabajo-impulsaran-la-actividad-productiva-en-el-pais\/#article\",\"isPartOf\":{\"@id\":\"https:\/\/www.mpppst.gob.ve\/mpppstweb\/index.php\/2015\/12\/14\/ministro-jesus-martinez-educacion-popular-y-trabajo-impulsaran-la-actividad-productiva-en-el-pais\/\"},\"author\":{\"name\":\"MPPPST Prensa\",\"@id\":\"https:\/\/www.mpppst.gob.ve\/mpppstweb\/#\/schema\/person\/fc187ee8ead412bd4c9304b62f900ea4\"},\"headline\":\"Ministro Jes\u00fas Mart\u00ednez: Educaci\u00f3n popular y trabajo impulsar\u00e1n la actividad productiva en el pa\u00eds\",\"datePublished\":\"2015-12-14T11:35:45+00:00\",\"dateModified\":\"2016-07-01T17:55:00+00:00\",\"mainEntityOfPage\":{\"@id\":\"https:\/\/www.mpppst.gob.ve\/mpppstweb\/index.php\/2015\/12\/14\/ministro-jesus-martinez-educacion-popular-y-trabajo-impulsaran-la-actividad-productiva-en-el-pais\/\"},\"wordCount\":316,\"publisher\":{\"@id\":\"https:\/\/www.mpppst.gob.ve\/mpppstweb\/#organization\"},\"image\":{\"@id\":\"https:\/\/www.mpppst.gob.ve\/mpppstweb\/index.php\/2015\/12\/14\/ministro-jesus-martinez-educacion-popular-y-trabajo-impulsaran-la-actividad-productiva-en-el-pais\/#primaryimage\"},\"thumbnailUrl\":\"https:\/\/www.mpppst.gob.ve\/mpppstweb\/wp-content\/uploads\/2015\/12\/DSC_4615.jpg\",\"articleSection\":[\"Gobierno Nacional\"],\"inLanguage\":\"es\"},{\"@type\":\"WebPage\",\"@id\":\"https:\/\/www.mpppst.gob.ve\/mpppstweb\/index.php\/2015\/12\/14\/ministro-jesus-martinez-educacion-popular-y-trabajo-impulsaran-la-actividad-productiva-en-el-pais\/\",\"url\":\"https:\/\/www.mpppst.gob.ve\/mpppstweb\/index.php\/2015\/12\/14\/ministro-jesus-martinez-educacion-popular-y-trabajo-impulsaran-la-actividad-productiva-en-el-pais\/\",\"name\":\"Ministro Jes\u00fas Mart\u00ednez: Educaci\u00f3n popular y trabajo impulsar\u00e1n la actividad productiva en el pa\u00eds - MPPPST\",\"isPartOf\":{\"@id\":\"https:\/\/www.mpppst.gob.ve\/mpppstweb\/#website\"},\"primaryImageOfPage\":{\"@id\":\"https:\/\/www.mpppst.gob.ve\/mpppstweb\/index.php\/2015\/12\/14\/ministro-jesus-martinez-educacion-popular-y-trabajo-impulsaran-la-actividad-productiva-en-el-pais\/#primaryimage\"},\"image\":{\"@id\":\"https:\/\/www.mpppst.gob.ve\/mpppstweb\/index.php\/2015\/12\/14\/ministro-jesus-martinez-educacion-popular-y-trabajo-impulsaran-la-actividad-productiva-en-el-pais\/#primaryimage\"},\"thumbnailUrl\":\"https:\/\/www.mpppst.gob.ve\/mpppstweb\/wp-content\/uploads\/2015\/12\/DSC_4615.jpg\",\"datePublished\":\"2015-12-14T11:35:45+00:00\",\"dateModified\":\"2016-07-01T17:55:00+00:00\",\"breadcrumb\":{\"@id\":\"https:\/\/www.mpppst.gob.ve\/mpppstweb\/index.php\/2015\/12\/14\/ministro-jesus-martinez-educacion-popular-y-trabajo-impulsaran-la-actividad-productiva-en-el-pais\/#breadcrumb\"},\"inLanguage\":\"es\",\"potentialAction\":[{\"@type\":\"ReadAction\",\"target\":[\"https:\/\/www.mpppst.gob.ve\/mpppstweb\/index.php\/2015\/12\/14\/ministro-jesus-martinez-educacion-popular-y-trabajo-impulsaran-la-actividad-productiva-en-el-pais\/\"]}]},{\"@type\":\"ImageObject\",\"inLanguage\":\"es\",\"@id\":\"https:\/\/www.mpppst.gob.ve\/mpppstweb\/index.php\/2015\/12\/14\/ministro-jesus-martinez-educacion-popular-y-trabajo-impulsaran-la-actividad-productiva-en-el-pais\/#primaryimage\",\"url\":\"https:\/\/www.mpppst.gob.ve\/mpppstweb\/wp-content\/uploads\/2015\/12\/DSC_4615.jpg\",\"contentUrl\":\"https:\/\/www.mpppst.gob.ve\/mpppstweb\/wp-content\/uploads\/2015\/12\/DSC_4615.jpg\",\"width\":681,\"height\":456},{\"@type\":\"BreadcrumbList\",\"@id\":\"https:\/\/www.mpppst.gob.ve\/mpppstweb\/index.php\/2015\/12\/14\/ministro-jesus-martinez-educacion-popular-y-trabajo-impulsaran-la-actividad-productiva-en-el-pais\/#breadcrumb\",\"itemListElement\":[{\"@type\":\"ListItem\",\"position\":1,\"name\":\"Home\",\"item\":\"https:\/\/www.mpppst.gob.ve\/mpppstweb\/\"},{\"@type\":\"ListItem\",\"position\":2,\"name\":\"Ministro Jes\u00fas Mart\u00ednez: Educaci\u00f3n popular y trabajo impulsar\u00e1n la actividad productiva en el pa\u00eds\"}]},{\"@type\":\"WebSite\",\"@id\":\"https:\/\/www.mpppst.gob.ve\/mpppstweb\/#website\",\"url\":\"https:\/\/www.mpppst.gob.ve\/mpppstweb\/\",\"name\":\"MPPPST\",\"description\":\"Ministerio del Poder Popular para el Proceso Social de Trabajo\",\"publisher\":{\"@id\":\"https:\/\/www.mpppst.gob.ve\/mpppstweb\/#organization\"},\"potentialAction\":[{\"@type\":\"SearchAction\",\"target\":{\"@type\":\"EntryPoint\",\"urlTemplate\":\"https:\/\/www.mpppst.gob.ve\/mpppstweb\/?s={search_term_string}\"},\"query-input\":\"required name=search_term_string\"}],\"inLanguage\":\"es\"},{\"@type\":\"Organization\",\"@id\":\"https:\/\/www.mpppst.gob.ve\/mpppstweb\/#organization\",\"name\":\"mpppst\",\"url\":\"https:\/\/www.mpppst.gob.ve\/mpppstweb\/\",\"logo\":{\"@type\":\"ImageObject\",\"inLanguage\":\"es\",\"@id\":\"https:\/\/www.mpppst.gob.ve\/mpppstweb\/#\/schema\/logo\/image\/\",\"url\":\"https:\/\/www.mpppst.gob.ve\/mpppstweb\/wp-content\/uploads\/2025\/07\/cropped-cropped-g910.png\",\"contentUrl\":\"https:\/\/www.mpppst.gob.ve\/mpppstweb\/wp-content\/uploads\/2025\/07\/cropped-cropped-g910.png\",\"width\":1080,\"height\":241,\"caption\":\"mpppst\"},\"image\":{\"@id\":\"https:\/\/www.mpppst.gob.ve\/mpppstweb\/#\/schema\/logo\/image\/\"}},{\"@type\":\"Person\",\"@id\":\"https:\/\/www.mpppst.gob.ve\/mpppstweb\/#\/schema\/person\/fc187ee8ead412bd4c9304b62f900ea4\",\"name\":\"MPPPST Prensa\",\"url\":\"https:\/\/www.mpppst.gob.ve\/mpppstweb\/index.php\/author\/prensa-mpppst\/\"}]}<\/script>\n<!-- \/ Yoast SEO plugin. -->","yoast_head_json":{"title":"Ministro Jes\u00fas Mart\u00ednez: Educaci\u00f3n popular y trabajo impulsar\u00e1n la actividad productiva en el pa\u00eds - MPPPST","robots":{"index":"index","follow":"follow","max-snippet":"max-snippet:-1","max-image-preview":"max-image-preview:large","max-video-preview":"max-video-preview:-1"},"canonical":"https:\/\/www.mpppst.gob.ve\/mpppstweb\/index.php\/2015\/12\/14\/ministro-jesus-martinez-educacion-popular-y-trabajo-impulsaran-la-actividad-productiva-en-el-pais\/","og_locale":"es_ES","og_type":"article","og_title":"Ministro Jes\u00fas Mart\u00ednez: Educaci\u00f3n popular y trabajo impulsar\u00e1n la actividad productiva en el pa\u00eds - MPPPST","og_description":"El domingo 13 de diciembre, se llev\u00f3 a cabo una jornada de inscripci\u00f3n de la Misi\u00f3n Robinson Productiva II, en la Plaza Bol\u00edvar de Catia la Mar.","og_url":"https:\/\/www.mpppst.gob.ve\/mpppstweb\/index.php\/2015\/12\/14\/ministro-jesus-martinez-educacion-popular-y-trabajo-impulsaran-la-actividad-productiva-en-el-pais\/","og_site_name":"MPPPST","article_published_time":"2015-12-14T11:35:45+00:00","article_modified_time":"2016-07-01T17:55:00+00:00","og_image":[{"width":681,"height":456,"url":"https:\/\/www.mpppst.gob.ve\/mpppstweb\/wp-content\/uploads\/2015\/12\/DSC_4615.jpg","type":"image\/jpeg"}],"author":"MPPPST Prensa","twitter_card":"summary_large_image","twitter_misc":{"Escrito por":"MPPPST Prensa","Tiempo de lectura":"1 minuto"},"schema":{"@context":"https:\/\/schema.org","@graph":[{"@type":"Article","@id":"https:\/\/www.mpppst.gob.ve\/mpppstweb\/index.php\/2015\/12\/14\/ministro-jesus-martinez-educacion-popular-y-trabajo-impulsaran-la-actividad-productiva-en-el-pais\/#article","isPartOf":{"@id":"https:\/\/www.mpppst.gob.ve\/mpppstweb\/index.php\/2015\/12\/14\/ministro-jesus-martinez-educacion-popular-y-trabajo-impulsaran-la-actividad-productiva-en-el-pais\/"},"author":{"name":"MPPPST Prensa","@id":"https:\/\/www.mpppst.gob.ve\/mpppstweb\/#\/schema\/person\/fc187ee8ead412bd4c9304b62f900ea4"},"headline":"Ministro Jes\u00fas Mart\u00ednez: Educaci\u00f3n popular y trabajo impulsar\u00e1n la actividad productiva en el pa\u00eds","datePublished":"2015-12-14T11:35:45+00:00","dateModified":"2016-07-01T17:55:00+00:00","mainEntityOfPage":{"@id":"https:\/\/www.mpppst.gob.ve\/mpppstweb\/index.php\/2015\/12\/14\/ministro-jesus-martinez-educacion-popular-y-trabajo-impulsaran-la-actividad-productiva-en-el-pais\/"},"wordCount":316,"publisher":{"@id":"https:\/\/www.mpppst.gob.ve\/mpppstweb\/#organization"},"image":{"@id":"https:\/\/www.mpppst.gob.ve\/mpppstweb\/index.php\/2015\/12\/14\/ministro-jesus-martinez-educacion-popular-y-trabajo-impulsaran-la-actividad-productiva-en-el-pais\/#primaryimage"},"thumbnailUrl":"https:\/\/www.mpppst.gob.ve\/mpppstweb\/wp-content\/uploads\/2015\/12\/DSC_4615.jpg","articleSection":["Gobierno Nacional"],"inLanguage":"es"},{"@type":"WebPage","@id":"https:\/\/www.mpppst.gob.ve\/mpppstweb\/index.php\/2015\/12\/14\/ministro-jesus-martinez-educacion-popular-y-trabajo-impulsaran-la-actividad-productiva-en-el-pais\/","url":"https:\/\/www.mpppst.gob.ve\/mpppstweb\/index.php\/2015\/12\/14\/ministro-jesus-martinez-educacion-popular-y-trabajo-impulsaran-la-actividad-productiva-en-el-pais\/","name":"Ministro Jes\u00fas Mart\u00ednez: Educaci\u00f3n popular y trabajo impulsar\u00e1n la actividad productiva en el pa\u00eds - MPPPST","isPartOf":{"@id":"https:\/\/www.mpppst.gob.ve\/mpppstweb\/#website"},"primaryImageOfPage":{"@id":"https:\/\/www.mpppst.gob.ve\/mpppstweb\/index.php\/2015\/12\/14\/ministro-jesus-martinez-educacion-popular-y-trabajo-impulsaran-la-actividad-productiva-en-el-pais\/#primaryimage"},"image":{"@id":"https:\/\/www.mpppst.gob.ve\/mpppstweb\/index.php\/2015\/12\/14\/ministro-jesus-martinez-educacion-popular-y-trabajo-impulsaran-la-actividad-productiva-en-el-pais\/#primaryimage"},"thumbnailUrl":"https:\/\/www.mpppst.gob.ve\/mpppstweb\/wp-content\/uploads\/2015\/12\/DSC_4615.jpg","datePublished":"2015-12-14T11:35:45+00:00","dateModified":"2016-07-01T17:55:00+00:00","breadcrumb":{"@id":"https:\/\/www.mpppst.gob.ve\/mpppstweb\/index.php\/2015\/12\/14\/ministro-jesus-martinez-educacion-popular-y-trabajo-impulsaran-la-actividad-productiva-en-el-pais\/#breadcrumb"},"inLanguage":"es","potentialAction":[{"@type":"ReadAction","target":["https:\/\/www.mpppst.gob.ve\/mpppstweb\/index.php\/2015\/12\/14\/ministro-jesus-martinez-educacion-popular-y-trabajo-impulsaran-la-actividad-productiva-en-el-pais\/"]}]},{"@type":"ImageObject","inLanguage":"es","@id":"https:\/\/www.mpppst.gob.ve\/mpppstweb\/index.php\/2015\/12\/14\/ministro-jesus-martinez-educacion-popular-y-trabajo-impulsaran-la-actividad-productiva-en-el-pais\/#primaryimage","url":"https:\/\/www.mpppst.gob.ve\/mpppstweb\/wp-content\/uploads\/2015\/12\/DSC_4615.jpg","contentUrl":"https:\/\/www.mpppst.gob.ve\/mpppstweb\/wp-content\/uploads\/2015\/12\/DSC_4615.jpg","width":681,"height":456},{"@type":"BreadcrumbList","@id":"https:\/\/www.mpppst.gob.ve\/mpppstweb\/index.php\/2015\/12\/14\/ministro-jesus-martinez-educacion-popular-y-trabajo-impulsaran-la-actividad-productiva-en-el-pais\/#breadcrumb","itemListElement":[{"@type":"ListItem","position":1,"name":"Home","item":"https:\/\/www.mpppst.gob.ve\/mpppstweb\/"},{"@type":"ListItem","position":2,"name":"Ministro Jes\u00fas Mart\u00ednez: Educaci\u00f3n popular y trabajo impulsar\u00e1n la actividad productiva en el pa\u00eds"}]},{"@type":"WebSite","@id":"https:\/\/www.mpppst.gob.ve\/mpppstweb\/#website","url":"https:\/\/www.mpppst.gob.ve\/mpppstweb\/","name":"MPPPST","description":"Ministerio del Poder Popular para el Proceso Social de Trabajo","publisher":{"@id":"https:\/\/www.mpppst.gob.ve\/mpppstweb\/#organization"},"potentialAction":[{"@type":"SearchAction","target":{"@type":"EntryPoint","urlTemplate":"https:\/\/www.mpppst.gob.ve\/mpppstweb\/?s={search_term_string}"},"query-input":"required name=search_term_string"}],"inLanguage":"es"},{"@type":"Organization","@id":"https:\/\/www.mpppst.gob.ve\/mpppstweb\/#organization","name":"mpppst","url":"https:\/\/www.mpppst.gob.ve\/mpppstweb\/","logo":{"@type":"ImageObject","inLanguage":"es","@id":"https:\/\/www.mpppst.gob.ve\/mpppstweb\/#\/schema\/logo\/image\/","url":"https:\/\/www.mpppst.gob.ve\/mpppstweb\/wp-content\/uploads\/2025\/07\/cropped-cropped-g910.png","contentUrl":"https:\/\/www.mpppst.gob.ve\/mpppstweb\/wp-content\/uploads\/2025\/07\/cropped-cropped-g910.png","width":1080,"height":241,"caption":"mpppst"},"image":{"@id":"https:\/\/www.mpppst.gob.ve\/mpppstweb\/#\/schema\/logo\/image\/"}},{"@type":"Person","@id":"https:\/\/www.mpppst.gob.ve\/mpppstweb\/#\/schema\/person\/fc187ee8ead412bd4c9304b62f900ea4","name":"MPPPST Prensa","url":"https:\/\/www.mpppst.gob.ve\/mpppstweb\/index.php\/author\/prensa-mpppst\/"}]}},"_links":{"self":[{"href":"https:\/\/www.mpppst.gob.ve\/mpppstweb\/index.php\/wp-json\/wp\/v2\/posts\/4147"}],"collection":[{"href":"https:\/\/www.mpppst.gob.ve\/mpppstweb\/index.php\/wp-json\/wp\/v2\/posts"}],"about":[{"href":"https:\/\/www.mpppst.gob.ve\/mpppstweb\/index.php\/wp-json\/wp\/v2\/types\/post"}],"author":[{"embeddable":true,"href":"https:\/\/www.mpppst.gob.ve\/mpppstweb\/index.php\/wp-json\/wp\/v2\/users\/25"}],"replies":[{"embeddable":true,"href":"https:\/\/www.mpppst.gob.ve\/mpppstweb\/index.php\/wp-json\/wp\/v2\/comments?post=4147"}],"version-history":[{"count":1,"href":"https:\/\/www.mpppst.gob.ve\/mpppstweb\/index.php\/wp-json\/wp\/v2\/posts\/4147\/revisions"}],"predecessor-version":[{"id":6957,"href":"https:\/\/www.mpppst.gob.ve\/mpppstweb\/index.php\/wp-json\/wp\/v2\/posts\/4147\/revisions\/6957"}],"wp:featuredmedia":[{"embeddable":true,"href":"https:\/\/www.mpppst.gob.ve\/mpppstweb\/index.php\/wp-json\/wp\/v2\/media\/4148"}],"wp:attachment":[{"href":"https:\/\/www.mpppst.gob.ve\/mpppstweb\/index.php\/wp-json\/wp\/v2\/media?parent=4147"}],"wp:term":[{"taxonomy":"category","embeddable":true,"href":"https:\/\/www.mpppst.gob.ve\/mpppstweb\/index.php\/wp-json\/wp\/v2\/categories?post=4147"},{"taxonomy":"post_tag","embeddable":true,"href":"https:\/\/www.mpppst.gob.ve\/mpppstweb\/index.php\/wp-json\/wp\/v2\/tags?post=4147"}],"curies":[{"name":"wp","href":"https:\/\/api.w.org\/{rel}","templated":true}]}}