{"id":4171,"date":"2015-12-14T18:10:16","date_gmt":"2015-12-14T18:10:16","guid":{"rendered":"http:\/\/www.mpppst.gob.ve\/mpppstweb\/?p=4171"},"modified":"2016-07-01T17:55:22","modified_gmt":"2016-07-01T17:55:22","slug":"direccion-general-de-supervision-de-entidades-y-modalidades-especiales-de-trabajo-expuso-memoria-y-cuenta-2015","status":"publish","type":"post","link":"https:\/\/www.mpppst.gob.ve\/mpppstweb\/index.php\/2015\/12\/14\/direccion-general-de-supervision-de-entidades-y-modalidades-especiales-de-trabajo-expuso-memoria-y-cuenta-2015\/","title":{"rendered":"Direcci\u00f3n General de Supervisi\u00f3n de Entidades y Modalidades Especiales de Trabajo expuso memoria y cuenta 2015"},"content":{"rendered":"<p style=\"text-align: justify;\">Caracas, 14 de diciembre de 2015.- Con la finalidad de informar a todos los trabajadores y trabajadoras adscritos al Viceministerio para el Sistema Integrado de Inspecci\u00f3n Laboral y de la Seguridad Social el cumplimiento de los objetivos 2015, la Direcci\u00f3n General de Supervisi\u00f3n de Entidades y Modalidades Especiales de Trabajo present\u00f3 su memoria y cuenta en la Ciudad Vacacional Los Caracas del estado Vargas.<\/p>\n<p style=\"text-align: justify;\">Jes\u00fas Eduardo Lizano, Director General de Supervisi\u00f3n de Entidades y Modalidades Especiales de Trabajo, pudo resaltar el impacto que tuvieron en 100 mil 857 trabajadores y trabajadoras durante las 2 mil 598 inspecciones integrales realizadas este a\u00f1o, por lo que resalt\u00f3 que para el pr\u00f3ximo a\u00f1o aspiran rescatar la calidad de las inspecciones y continuar promoviendo la Ley Org\u00e1nica del Trabajo, los Trabajadores y las Trabajadoras (LOTTT).<\/p>\n<p style=\"text-align: justify;\">Se\u00f1al\u00f3 que muchas metas que se propusieron para el a\u00f1o en curso, fueron superadas gracias al esfuerzo de todos los funcionarios y funcionarias involucrados en este trabajo; por ejemplo, explic\u00f3 que ten\u00edan una meta estipulada para atender 12 mil 500 reinspecciones, y terminaron realizando 23 mil 011, impactando as\u00ed a 224 mil 533 trabajadores y trabajadoras.<\/p>\n<p style=\"text-align: justify;\">Por otra parte, resalt\u00f3 el buen trabajo que su equipo desarroll\u00f3 durante la visita a los 15 mil 615 trabajadores y trabajadoras del campo a trav\u00e9s del Plan de Inspecci\u00f3n Integral Agrario (PIIA), en los estados Apure, Aragua, Monagas, Bol\u00edvar, Delta Amacuro, Portuguesa y Vargas. De igual manera, se realizaron inspecciones para el desarrollo de las fuerzas productivas, impactando as\u00ed a 6 mil 702 trabajadores y trabajadoras en 255 visitas que se realizaron a las siguientes entidades de trabajo: intervenidas (2), mixtas (3), privadas (67) y p\u00fablicas (183).<\/p>\n<p style=\"text-align: justify;\">Adem\u00e1s inform\u00f3 sobre el Plan Binacional, donde trabajadores y trabajadoras adscritos a esa Direcci\u00f3n participaron en este Plan Regional de Inspecci\u00f3n de Trabajo del Mercado Com\u00fan del Sur, logrando as\u00ed la integraci\u00f3n de Venezuela en el Mercosur en el \u00e1mbito sociolaboral; asimismo, un acuerdo de cooperaci\u00f3n para la formaci\u00f3n de los funcionarios de inspecci\u00f3n, y el intercambio de experiencias a trav\u00e9s de la observaci\u00f3n de procedimientos.<\/p>\n<p style=\"text-align: justify;\">En cuanto a los Planes y Desaf\u00edos para el a\u00f1o 2016, el Director General, Jes\u00fas Eduardo Lizano, dijo que abrir\u00e1n un concurso de oposici\u00f3n para el ingreso de funcionarios de supervisi\u00f3n, designar\u00e1n Jefes de Divisi\u00f3n, homologar\u00e1n a los comisionados especiales del trabajo, mejorar\u00e1n la articulaci\u00f3n para la entrega de insumos y material de oficina, planificar\u00e1n las inspecciones seg\u00fan la realidad local y estipulan realizar un operativo de Inspecci\u00f3n con la Tesorer\u00eda de la Seguridad Social (TSS).<\/p>\n<p>Redacci\u00f3n: Elio Garc\u00eda<\/p>\n<p>Fotograf\u00eda: F\u00e9lix Ordaz<\/p>\n","protected":false},"excerpt":{"rendered":"<p>La Direcci\u00f3n General de Supervisi\u00f3n de Entidades y Modalidades Especiales de Trabajo present\u00f3 su memoria y cuenta en la Ciudad Vacacional Los Caracas del estado Vargas<\/p>\n","protected":false},"author":25,"featured_media":4172,"comment_status":"closed","ping_status":"closed","sticky":false,"template":"","format":"standard","meta":{"footnotes":""},"categories":[83],"tags":[],"yoast_head":"<!-- This site is optimized with the Yoast SEO plugin v22.5 - https:\/\/yoast.com\/wordpress\/plugins\/seo\/ -->\n<title>Direcci\u00f3n General de Supervisi\u00f3n de Entidades y Modalidades Especiales de Trabajo expuso memoria y cuenta 2015 - MPPPST<\/title>\n<meta name=\"robots\" content=\"index, follow, max-snippet:-1, max-image-preview:large, max-video-preview:-1\" \/>\n<link rel=\"canonical\" href=\"https:\/\/www.mpppst.gob.ve\/mpppstweb\/index.php\/2015\/12\/14\/direccion-general-de-supervision-de-entidades-y-modalidades-especiales-de-trabajo-expuso-memoria-y-cuenta-2015\/\" \/>\n<meta property=\"og:locale\" content=\"es_ES\" \/>\n<meta property=\"og:type\" content=\"article\" \/>\n<meta property=\"og:title\" content=\"Direcci\u00f3n General de Supervisi\u00f3n de Entidades y Modalidades Especiales de Trabajo expuso memoria y cuenta 2015 - MPPPST\" \/>\n<meta property=\"og:description\" content=\"La Direcci\u00f3n General de Supervisi\u00f3n de Entidades y Modalidades Especiales de Trabajo present\u00f3 su memoria y cuenta en la Ciudad Vacacional Los Caracas del estado Vargas\" \/>\n<meta property=\"og:url\" content=\"https:\/\/www.mpppst.gob.ve\/mpppstweb\/index.php\/2015\/12\/14\/direccion-general-de-supervision-de-entidades-y-modalidades-especiales-de-trabajo-expuso-memoria-y-cuenta-2015\/\" \/>\n<meta property=\"og:site_name\" content=\"MPPPST\" \/>\n<meta property=\"article:published_time\" content=\"2015-12-14T18:10:16+00:00\" \/>\n<meta property=\"article:modified_time\" content=\"2016-07-01T17:55:22+00:00\" \/>\n<meta property=\"og:image\" content=\"https:\/\/www.mpppst.gob.ve\/mpppstweb\/wp-content\/uploads\/2015\/12\/lizano.jpg\" \/>\n\t<meta property=\"og:image:width\" content=\"448\" \/>\n\t<meta property=\"og:image:height\" content=\"300\" \/>\n\t<meta property=\"og:image:type\" content=\"image\/jpeg\" \/>\n<meta name=\"author\" content=\"MPPPST Prensa\" \/>\n<meta name=\"twitter:card\" content=\"summary_large_image\" \/>\n<meta name=\"twitter:label1\" content=\"Escrito por\" \/>\n\t<meta name=\"twitter:data1\" content=\"MPPPST Prensa\" \/>\n\t<meta name=\"twitter:label2\" content=\"Tiempo de lectura\" \/>\n\t<meta name=\"twitter:data2\" content=\"2 minutos\" \/>\n<script type=\"application\/ld+json\" class=\"yoast-schema-graph\">{\"@context\":\"https:\/\/schema.org\",\"@graph\":[{\"@type\":\"Article\",\"@id\":\"https:\/\/www.mpppst.gob.ve\/mpppstweb\/index.php\/2015\/12\/14\/direccion-general-de-supervision-de-entidades-y-modalidades-especiales-de-trabajo-expuso-memoria-y-cuenta-2015\/#article\",\"isPartOf\":{\"@id\":\"https:\/\/www.mpppst.gob.ve\/mpppstweb\/index.php\/2015\/12\/14\/direccion-general-de-supervision-de-entidades-y-modalidades-especiales-de-trabajo-expuso-memoria-y-cuenta-2015\/\"},\"author\":{\"name\":\"MPPPST Prensa\",\"@id\":\"https:\/\/www.mpppst.gob.ve\/mpppstweb\/#\/schema\/person\/fc187ee8ead412bd4c9304b62f900ea4\"},\"headline\":\"Direcci\u00f3n General de Supervisi\u00f3n de Entidades y Modalidades Especiales de Trabajo expuso memoria y cuenta 2015\",\"datePublished\":\"2015-12-14T18:10:16+00:00\",\"dateModified\":\"2016-07-01T17:55:22+00:00\",\"mainEntityOfPage\":{\"@id\":\"https:\/\/www.mpppst.gob.ve\/mpppstweb\/index.php\/2015\/12\/14\/direccion-general-de-supervision-de-entidades-y-modalidades-especiales-de-trabajo-expuso-memoria-y-cuenta-2015\/\"},\"wordCount\":463,\"publisher\":{\"@id\":\"https:\/\/www.mpppst.gob.ve\/mpppstweb\/#organization\"},\"image\":{\"@id\":\"https:\/\/www.mpppst.gob.ve\/mpppstweb\/index.php\/2015\/12\/14\/direccion-general-de-supervision-de-entidades-y-modalidades-especiales-de-trabajo-expuso-memoria-y-cuenta-2015\/#primaryimage\"},\"thumbnailUrl\":\"https:\/\/www.mpppst.gob.ve\/mpppstweb\/wp-content\/uploads\/2015\/12\/lizano.jpg\",\"articleSection\":[\"Ministerio\"],\"inLanguage\":\"es\"},{\"@type\":\"WebPage\",\"@id\":\"https:\/\/www.mpppst.gob.ve\/mpppstweb\/index.php\/2015\/12\/14\/direccion-general-de-supervision-de-entidades-y-modalidades-especiales-de-trabajo-expuso-memoria-y-cuenta-2015\/\",\"url\":\"https:\/\/www.mpppst.gob.ve\/mpppstweb\/index.php\/2015\/12\/14\/direccion-general-de-supervision-de-entidades-y-modalidades-especiales-de-trabajo-expuso-memoria-y-cuenta-2015\/\",\"name\":\"Direcci\u00f3n General de Supervisi\u00f3n de Entidades y Modalidades Especiales de Trabajo expuso memoria y cuenta 2015 - MPPPST\",\"isPartOf\":{\"@id\":\"https:\/\/www.mpppst.gob.ve\/mpppstweb\/#website\"},\"primaryImageOfPage\":{\"@id\":\"https:\/\/www.mpppst.gob.ve\/mpppstweb\/index.php\/2015\/12\/14\/direccion-general-de-supervision-de-entidades-y-modalidades-especiales-de-trabajo-expuso-memoria-y-cuenta-2015\/#primaryimage\"},\"image\":{\"@id\":\"https:\/\/www.mpppst.gob.ve\/mpppstweb\/index.php\/2015\/12\/14\/direccion-general-de-supervision-de-entidades-y-modalidades-especiales-de-trabajo-expuso-memoria-y-cuenta-2015\/#primaryimage\"},\"thumbnailUrl\":\"https:\/\/www.mpppst.gob.ve\/mpppstweb\/wp-content\/uploads\/2015\/12\/lizano.jpg\",\"datePublished\":\"2015-12-14T18:10:16+00:00\",\"dateModified\":\"2016-07-01T17:55:22+00:00\",\"breadcrumb\":{\"@id\":\"https:\/\/www.mpppst.gob.ve\/mpppstweb\/index.php\/2015\/12\/14\/direccion-general-de-supervision-de-entidades-y-modalidades-especiales-de-trabajo-expuso-memoria-y-cuenta-2015\/#breadcrumb\"},\"inLanguage\":\"es\",\"potentialAction\":[{\"@type\":\"ReadAction\",\"target\":[\"https:\/\/www.mpppst.gob.ve\/mpppstweb\/index.php\/2015\/12\/14\/direccion-general-de-supervision-de-entidades-y-modalidades-especiales-de-trabajo-expuso-memoria-y-cuenta-2015\/\"]}]},{\"@type\":\"ImageObject\",\"inLanguage\":\"es\",\"@id\":\"https:\/\/www.mpppst.gob.ve\/mpppstweb\/index.php\/2015\/12\/14\/direccion-general-de-supervision-de-entidades-y-modalidades-especiales-de-trabajo-expuso-memoria-y-cuenta-2015\/#primaryimage\",\"url\":\"https:\/\/www.mpppst.gob.ve\/mpppstweb\/wp-content\/uploads\/2015\/12\/lizano.jpg\",\"contentUrl\":\"https:\/\/www.mpppst.gob.ve\/mpppstweb\/wp-content\/uploads\/2015\/12\/lizano.jpg\",\"width\":448,\"height\":300},{\"@type\":\"BreadcrumbList\",\"@id\":\"https:\/\/www.mpppst.gob.ve\/mpppstweb\/index.php\/2015\/12\/14\/direccion-general-de-supervision-de-entidades-y-modalidades-especiales-de-trabajo-expuso-memoria-y-cuenta-2015\/#breadcrumb\",\"itemListElement\":[{\"@type\":\"ListItem\",\"position\":1,\"name\":\"Home\",\"item\":\"https:\/\/www.mpppst.gob.ve\/mpppstweb\/\"},{\"@type\":\"ListItem\",\"position\":2,\"name\":\"Direcci\u00f3n General de Supervisi\u00f3n de Entidades y Modalidades Especiales de Trabajo expuso memoria y cuenta 2015\"}]},{\"@type\":\"WebSite\",\"@id\":\"https:\/\/www.mpppst.gob.ve\/mpppstweb\/#website\",\"url\":\"https:\/\/www.mpppst.gob.ve\/mpppstweb\/\",\"name\":\"MPPPST\",\"description\":\"Ministerio del Poder Popular para el Proceso Social de Trabajo\",\"publisher\":{\"@id\":\"https:\/\/www.mpppst.gob.ve\/mpppstweb\/#organization\"},\"potentialAction\":[{\"@type\":\"SearchAction\",\"target\":{\"@type\":\"EntryPoint\",\"urlTemplate\":\"https:\/\/www.mpppst.gob.ve\/mpppstweb\/?s={search_term_string}\"},\"query-input\":\"required name=search_term_string\"}],\"inLanguage\":\"es\"},{\"@type\":\"Organization\",\"@id\":\"https:\/\/www.mpppst.gob.ve\/mpppstweb\/#organization\",\"name\":\"mpppst\",\"url\":\"https:\/\/www.mpppst.gob.ve\/mpppstweb\/\",\"logo\":{\"@type\":\"ImageObject\",\"inLanguage\":\"es\",\"@id\":\"https:\/\/www.mpppst.gob.ve\/mpppstweb\/#\/schema\/logo\/image\/\",\"url\":\"https:\/\/www.mpppst.gob.ve\/mpppstweb\/wp-content\/uploads\/2025\/07\/cropped-cropped-g910.png\",\"contentUrl\":\"https:\/\/www.mpppst.gob.ve\/mpppstweb\/wp-content\/uploads\/2025\/07\/cropped-cropped-g910.png\",\"width\":1080,\"height\":241,\"caption\":\"mpppst\"},\"image\":{\"@id\":\"https:\/\/www.mpppst.gob.ve\/mpppstweb\/#\/schema\/logo\/image\/\"}},{\"@type\":\"Person\",\"@id\":\"https:\/\/www.mpppst.gob.ve\/mpppstweb\/#\/schema\/person\/fc187ee8ead412bd4c9304b62f900ea4\",\"name\":\"MPPPST Prensa\",\"url\":\"https:\/\/www.mpppst.gob.ve\/mpppstweb\/index.php\/author\/prensa-mpppst\/\"}]}<\/script>\n<!-- \/ Yoast SEO plugin. -->","yoast_head_json":{"title":"Direcci\u00f3n General de Supervisi\u00f3n de Entidades y Modalidades Especiales de Trabajo expuso memoria y cuenta 2015 - MPPPST","robots":{"index":"index","follow":"follow","max-snippet":"max-snippet:-1","max-image-preview":"max-image-preview:large","max-video-preview":"max-video-preview:-1"},"canonical":"https:\/\/www.mpppst.gob.ve\/mpppstweb\/index.php\/2015\/12\/14\/direccion-general-de-supervision-de-entidades-y-modalidades-especiales-de-trabajo-expuso-memoria-y-cuenta-2015\/","og_locale":"es_ES","og_type":"article","og_title":"Direcci\u00f3n General de Supervisi\u00f3n de Entidades y Modalidades Especiales de Trabajo expuso memoria y cuenta 2015 - MPPPST","og_description":"La Direcci\u00f3n General de Supervisi\u00f3n de Entidades y Modalidades Especiales de Trabajo present\u00f3 su memoria y cuenta en la Ciudad Vacacional Los Caracas del estado Vargas","og_url":"https:\/\/www.mpppst.gob.ve\/mpppstweb\/index.php\/2015\/12\/14\/direccion-general-de-supervision-de-entidades-y-modalidades-especiales-de-trabajo-expuso-memoria-y-cuenta-2015\/","og_site_name":"MPPPST","article_published_time":"2015-12-14T18:10:16+00:00","article_modified_time":"2016-07-01T17:55:22+00:00","og_image":[{"width":448,"height":300,"url":"https:\/\/www.mpppst.gob.ve\/mpppstweb\/wp-content\/uploads\/2015\/12\/lizano.jpg","type":"image\/jpeg"}],"author":"MPPPST Prensa","twitter_card":"summary_large_image","twitter_misc":{"Escrito por":"MPPPST Prensa","Tiempo de lectura":"2 minutos"},"schema":{"@context":"https:\/\/schema.org","@graph":[{"@type":"Article","@id":"https:\/\/www.mpppst.gob.ve\/mpppstweb\/index.php\/2015\/12\/14\/direccion-general-de-supervision-de-entidades-y-modalidades-especiales-de-trabajo-expuso-memoria-y-cuenta-2015\/#article","isPartOf":{"@id":"https:\/\/www.mpppst.gob.ve\/mpppstweb\/index.php\/2015\/12\/14\/direccion-general-de-supervision-de-entidades-y-modalidades-especiales-de-trabajo-expuso-memoria-y-cuenta-2015\/"},"author":{"name":"MPPPST Prensa","@id":"https:\/\/www.mpppst.gob.ve\/mpppstweb\/#\/schema\/person\/fc187ee8ead412bd4c9304b62f900ea4"},"headline":"Direcci\u00f3n General de Supervisi\u00f3n de Entidades y Modalidades Especiales de Trabajo expuso memoria y cuenta 2015","datePublished":"2015-12-14T18:10:16+00:00","dateModified":"2016-07-01T17:55:22+00:00","mainEntityOfPage":{"@id":"https:\/\/www.mpppst.gob.ve\/mpppstweb\/index.php\/2015\/12\/14\/direccion-general-de-supervision-de-entidades-y-modalidades-especiales-de-trabajo-expuso-memoria-y-cuenta-2015\/"},"wordCount":463,"publisher":{"@id":"https:\/\/www.mpppst.gob.ve\/mpppstweb\/#organization"},"image":{"@id":"https:\/\/www.mpppst.gob.ve\/mpppstweb\/index.php\/2015\/12\/14\/direccion-general-de-supervision-de-entidades-y-modalidades-especiales-de-trabajo-expuso-memoria-y-cuenta-2015\/#primaryimage"},"thumbnailUrl":"https:\/\/www.mpppst.gob.ve\/mpppstweb\/wp-content\/uploads\/2015\/12\/lizano.jpg","articleSection":["Ministerio"],"inLanguage":"es"},{"@type":"WebPage","@id":"https:\/\/www.mpppst.gob.ve\/mpppstweb\/index.php\/2015\/12\/14\/direccion-general-de-supervision-de-entidades-y-modalidades-especiales-de-trabajo-expuso-memoria-y-cuenta-2015\/","url":"https:\/\/www.mpppst.gob.ve\/mpppstweb\/index.php\/2015\/12\/14\/direccion-general-de-supervision-de-entidades-y-modalidades-especiales-de-trabajo-expuso-memoria-y-cuenta-2015\/","name":"Direcci\u00f3n General de Supervisi\u00f3n de Entidades y Modalidades Especiales de Trabajo expuso memoria y cuenta 2015 - MPPPST","isPartOf":{"@id":"https:\/\/www.mpppst.gob.ve\/mpppstweb\/#website"},"primaryImageOfPage":{"@id":"https:\/\/www.mpppst.gob.ve\/mpppstweb\/index.php\/2015\/12\/14\/direccion-general-de-supervision-de-entidades-y-modalidades-especiales-de-trabajo-expuso-memoria-y-cuenta-2015\/#primaryimage"},"image":{"@id":"https:\/\/www.mpppst.gob.ve\/mpppstweb\/index.php\/2015\/12\/14\/direccion-general-de-supervision-de-entidades-y-modalidades-especiales-de-trabajo-expuso-memoria-y-cuenta-2015\/#primaryimage"},"thumbnailUrl":"https:\/\/www.mpppst.gob.ve\/mpppstweb\/wp-content\/uploads\/2015\/12\/lizano.jpg","datePublished":"2015-12-14T18:10:16+00:00","dateModified":"2016-07-01T17:55:22+00:00","breadcrumb":{"@id":"https:\/\/www.mpppst.gob.ve\/mpppstweb\/index.php\/2015\/12\/14\/direccion-general-de-supervision-de-entidades-y-modalidades-especiales-de-trabajo-expuso-memoria-y-cuenta-2015\/#breadcrumb"},"inLanguage":"es","potentialAction":[{"@type":"ReadAction","target":["https:\/\/www.mpppst.gob.ve\/mpppstweb\/index.php\/2015\/12\/14\/direccion-general-de-supervision-de-entidades-y-modalidades-especiales-de-trabajo-expuso-memoria-y-cuenta-2015\/"]}]},{"@type":"ImageObject","inLanguage":"es","@id":"https:\/\/www.mpppst.gob.ve\/mpppstweb\/index.php\/2015\/12\/14\/direccion-general-de-supervision-de-entidades-y-modalidades-especiales-de-trabajo-expuso-memoria-y-cuenta-2015\/#primaryimage","url":"https:\/\/www.mpppst.gob.ve\/mpppstweb\/wp-content\/uploads\/2015\/12\/lizano.jpg","contentUrl":"https:\/\/www.mpppst.gob.ve\/mpppstweb\/wp-content\/uploads\/2015\/12\/lizano.jpg","width":448,"height":300},{"@type":"BreadcrumbList","@id":"https:\/\/www.mpppst.gob.ve\/mpppstweb\/index.php\/2015\/12\/14\/direccion-general-de-supervision-de-entidades-y-modalidades-especiales-de-trabajo-expuso-memoria-y-cuenta-2015\/#breadcrumb","itemListElement":[{"@type":"ListItem","position":1,"name":"Home","item":"https:\/\/www.mpppst.gob.ve\/mpppstweb\/"},{"@type":"ListItem","position":2,"name":"Direcci\u00f3n General de Supervisi\u00f3n de Entidades y Modalidades Especiales de Trabajo expuso memoria y cuenta 2015"}]},{"@type":"WebSite","@id":"https:\/\/www.mpppst.gob.ve\/mpppstweb\/#website","url":"https:\/\/www.mpppst.gob.ve\/mpppstweb\/","name":"MPPPST","description":"Ministerio del Poder Popular para el Proceso Social de Trabajo","publisher":{"@id":"https:\/\/www.mpppst.gob.ve\/mpppstweb\/#organization"},"potentialAction":[{"@type":"SearchAction","target":{"@type":"EntryPoint","urlTemplate":"https:\/\/www.mpppst.gob.ve\/mpppstweb\/?s={search_term_string}"},"query-input":"required name=search_term_string"}],"inLanguage":"es"},{"@type":"Organization","@id":"https:\/\/www.mpppst.gob.ve\/mpppstweb\/#organization","name":"mpppst","url":"https:\/\/www.mpppst.gob.ve\/mpppstweb\/","logo":{"@type":"ImageObject","inLanguage":"es","@id":"https:\/\/www.mpppst.gob.ve\/mpppstweb\/#\/schema\/logo\/image\/","url":"https:\/\/www.mpppst.gob.ve\/mpppstweb\/wp-content\/uploads\/2025\/07\/cropped-cropped-g910.png","contentUrl":"https:\/\/www.mpppst.gob.ve\/mpppstweb\/wp-content\/uploads\/2025\/07\/cropped-cropped-g910.png","width":1080,"height":241,"caption":"mpppst"},"image":{"@id":"https:\/\/www.mpppst.gob.ve\/mpppstweb\/#\/schema\/logo\/image\/"}},{"@type":"Person","@id":"https:\/\/www.mpppst.gob.ve\/mpppstweb\/#\/schema\/person\/fc187ee8ead412bd4c9304b62f900ea4","name":"MPPPST Prensa","url":"https:\/\/www.mpppst.gob.ve\/mpppstweb\/index.php\/author\/prensa-mpppst\/"}]}},"_links":{"self":[{"href":"https:\/\/www.mpppst.gob.ve\/mpppstweb\/index.php\/wp-json\/wp\/v2\/posts\/4171"}],"collection":[{"href":"https:\/\/www.mpppst.gob.ve\/mpppstweb\/index.php\/wp-json\/wp\/v2\/posts"}],"about":[{"href":"https:\/\/www.mpppst.gob.ve\/mpppstweb\/index.php\/wp-json\/wp\/v2\/types\/post"}],"author":[{"embeddable":true,"href":"https:\/\/www.mpppst.gob.ve\/mpppstweb\/index.php\/wp-json\/wp\/v2\/users\/25"}],"replies":[{"embeddable":true,"href":"https:\/\/www.mpppst.gob.ve\/mpppstweb\/index.php\/wp-json\/wp\/v2\/comments?post=4171"}],"version-history":[{"count":1,"href":"https:\/\/www.mpppst.gob.ve\/mpppstweb\/index.php\/wp-json\/wp\/v2\/posts\/4171\/revisions"}],"predecessor-version":[{"id":6958,"href":"https:\/\/www.mpppst.gob.ve\/mpppstweb\/index.php\/wp-json\/wp\/v2\/posts\/4171\/revisions\/6958"}],"wp:featuredmedia":[{"embeddable":true,"href":"https:\/\/www.mpppst.gob.ve\/mpppstweb\/index.php\/wp-json\/wp\/v2\/media\/4172"}],"wp:attachment":[{"href":"https:\/\/www.mpppst.gob.ve\/mpppstweb\/index.php\/wp-json\/wp\/v2\/media?parent=4171"}],"wp:term":[{"taxonomy":"category","embeddable":true,"href":"https:\/\/www.mpppst.gob.ve\/mpppstweb\/index.php\/wp-json\/wp\/v2\/categories?post=4171"},{"taxonomy":"post_tag","embeddable":true,"href":"https:\/\/www.mpppst.gob.ve\/mpppstweb\/index.php\/wp-json\/wp\/v2\/tags?post=4171"}],"curies":[{"name":"wp","href":"https:\/\/api.w.org\/{rel}","templated":true}]}}