{"id":4178,"date":"2015-12-15T17:54:15","date_gmt":"2015-12-15T17:54:15","guid":{"rendered":"http:\/\/www.mpppst.gob.ve\/mpppstweb\/?p=4178"},"modified":"2016-07-01T17:55:47","modified_gmt":"2016-07-01T17:55:47","slug":"juan-carlos-mora-en-revolucion-y-gracias-a-la-loott-las-personas-con-discapacidad-han-sido-visibilizadas","status":"publish","type":"post","link":"https:\/\/www.mpppst.gob.ve\/mpppstweb\/index.php\/2015\/12\/15\/juan-carlos-mora-en-revolucion-y-gracias-a-la-loott-las-personas-con-discapacidad-han-sido-visibilizadas\/","title":{"rendered":"Juan Carlos Mora: En Revoluci\u00f3n y gracias a la LOTTT  las personas con discapacidad han sido visibilizadas"},"content":{"rendered":"<p style=\"text-align: justify;\">La Ley Org\u00e1nica del Trabajo los Trabajadores y las Trabajadoras (LOTTT),\u00a0 ha sido un instrumento que ha permitido la inclusi\u00f3n de todos los sectores de la sociedad en especial de las personas con discapacidad que gracias a esta Ley, han sido visibilizadas y se les ha otorgado la oportunidad de trabajar en una empresa. Con tal oportunidad cont\u00f3 Juan Carlos Mora, una persona con discapacidad motora, quien es coordinador del plan de gesti\u00f3n de riesgo para personas con discapacidad en el PASDIS.<\/p>\n<p style=\"text-align: justify;\">\u201cDesde la llegada de la Revoluci\u00f3n Bolivariana comandada por el presidente Hugo Ch\u00e1vez, comenz\u00f3 una visibilizaci\u00f3n para las personas con discapacidad. Para el a\u00f1o 2007 hubo una gran Asamblea donde la poblaci\u00f3n con discapacidad dise\u00f1\u00f3 \u00a0un nuevo instrumento legal que se convirti\u00f3 \u00a0en la ley actual para personas con discapacidad\u201d, expres\u00f3 Mora en entrevista con el departamento de prensa del Ministerio del Poder Popular Para el Proceso Social del Trabajo.<\/p>\n<p style=\"text-align: justify;\">Mora coment\u00f3 que luego de terminar sus estudios de Comunicaci\u00f3n Social en la Universidad Central de Venezuela en 1997, le cost\u00f3 conseguir empleo debido a su condici\u00f3n de persona con discapacidad.<\/p>\n<p style=\"text-align: justify;\">\u201cEn tiempos de cuarta rep\u00fablica prevalec\u00eda la discriminaci\u00f3n hacia las personas con discapacidad, luego en revoluci\u00f3n gracias a la Ley para personas con discapacidad y la LOTTT se establece que cada empresa debe tener un 5% de poblaci\u00f3n con discapacidad laborando en las entidades de trabajo\u201d, explic\u00f3.<\/p>\n<p style=\"text-align: justify;\">Ante las amenazas de sectores de la extrema derecha de derogar la LOTTT, Mora destac\u00f3 que como pueblo organizado no se pueden permitir estas acciones radicales, ya que no se pueden derogar leyes que han mejorado no solo las condiciones de las personas con discapacidad sino a los trabajadores en general.<\/p>\n<p style=\"text-align: justify;\">\u201cNo podemos permitir que se deroguen leyes que han sido de beneficio para todos. Las personas con discapacidad no volveremos a la invisibilidad, hemos tomado un rol en la sociedad y lo seguiremos manteniendo\u201d.<\/p>\n<p style=\"text-align: justify;\">Redacci\u00f3n: Carlos Palacios<\/p>\n<p style=\"text-align: justify;\">Fotograf\u00eda: Dellys Landaeta<\/p>\n","protected":false},"excerpt":{"rendered":"<p>La LOOTT  ha sido un instrumento que ha permitido la inclusi\u00f3n de todos los sectores de la sociedad en especial de las personas con discapacidad que gracias a esta Ley<\/p>\n","protected":false},"author":25,"featured_media":4179,"comment_status":"closed","ping_status":"closed","sticky":false,"template":"","format":"standard","meta":{"footnotes":""},"categories":[83],"tags":[],"yoast_head":"<!-- This site is optimized with the Yoast SEO plugin v22.5 - https:\/\/yoast.com\/wordpress\/plugins\/seo\/ -->\n<title>Juan Carlos Mora: En Revoluci\u00f3n y gracias a la LOTTT las personas con discapacidad han sido visibilizadas - MPPPST<\/title>\n<meta name=\"robots\" content=\"index, follow, max-snippet:-1, max-image-preview:large, max-video-preview:-1\" \/>\n<link rel=\"canonical\" href=\"https:\/\/www.mpppst.gob.ve\/mpppstweb\/index.php\/2015\/12\/15\/juan-carlos-mora-en-revolucion-y-gracias-a-la-loott-las-personas-con-discapacidad-han-sido-visibilizadas\/\" \/>\n<meta property=\"og:locale\" content=\"es_ES\" \/>\n<meta property=\"og:type\" content=\"article\" \/>\n<meta property=\"og:title\" content=\"Juan Carlos Mora: En Revoluci\u00f3n y gracias a la LOTTT las personas con discapacidad han sido visibilizadas - MPPPST\" \/>\n<meta property=\"og:description\" content=\"La LOOTT ha sido un instrumento que ha permitido la inclusi\u00f3n de todos los sectores de la sociedad en especial de las personas con discapacidad que gracias a esta Ley\" \/>\n<meta property=\"og:url\" content=\"https:\/\/www.mpppst.gob.ve\/mpppstweb\/index.php\/2015\/12\/15\/juan-carlos-mora-en-revolucion-y-gracias-a-la-loott-las-personas-con-discapacidad-han-sido-visibilizadas\/\" \/>\n<meta property=\"og:site_name\" content=\"MPPPST\" \/>\n<meta property=\"article:published_time\" content=\"2015-12-15T17:54:15+00:00\" \/>\n<meta property=\"article:modified_time\" content=\"2016-07-01T17:55:47+00:00\" \/>\n<meta property=\"og:image\" content=\"https:\/\/www.mpppst.gob.ve\/mpppstweb\/wp-content\/uploads\/2015\/12\/juan-carlos-mora.jpg\" \/>\n\t<meta property=\"og:image:width\" content=\"448\" \/>\n\t<meta property=\"og:image:height\" content=\"307\" \/>\n\t<meta property=\"og:image:type\" content=\"image\/jpeg\" \/>\n<meta name=\"author\" content=\"MPPPST Prensa\" \/>\n<meta name=\"twitter:card\" content=\"summary_large_image\" \/>\n<meta name=\"twitter:label1\" content=\"Escrito por\" \/>\n\t<meta name=\"twitter:data1\" content=\"MPPPST Prensa\" \/>\n\t<meta name=\"twitter:label2\" content=\"Tiempo de lectura\" \/>\n\t<meta name=\"twitter:data2\" content=\"2 minutos\" \/>\n<script type=\"application\/ld+json\" class=\"yoast-schema-graph\">{\"@context\":\"https:\/\/schema.org\",\"@graph\":[{\"@type\":\"Article\",\"@id\":\"https:\/\/www.mpppst.gob.ve\/mpppstweb\/index.php\/2015\/12\/15\/juan-carlos-mora-en-revolucion-y-gracias-a-la-loott-las-personas-con-discapacidad-han-sido-visibilizadas\/#article\",\"isPartOf\":{\"@id\":\"https:\/\/www.mpppst.gob.ve\/mpppstweb\/index.php\/2015\/12\/15\/juan-carlos-mora-en-revolucion-y-gracias-a-la-loott-las-personas-con-discapacidad-han-sido-visibilizadas\/\"},\"author\":{\"name\":\"MPPPST Prensa\",\"@id\":\"https:\/\/www.mpppst.gob.ve\/mpppstweb\/#\/schema\/person\/fc187ee8ead412bd4c9304b62f900ea4\"},\"headline\":\"Juan Carlos Mora: En Revoluci\u00f3n y gracias a la LOTTT las personas con discapacidad han sido visibilizadas\",\"datePublished\":\"2015-12-15T17:54:15+00:00\",\"dateModified\":\"2016-07-01T17:55:47+00:00\",\"mainEntityOfPage\":{\"@id\":\"https:\/\/www.mpppst.gob.ve\/mpppstweb\/index.php\/2015\/12\/15\/juan-carlos-mora-en-revolucion-y-gracias-a-la-loott-las-personas-con-discapacidad-han-sido-visibilizadas\/\"},\"wordCount\":353,\"publisher\":{\"@id\":\"https:\/\/www.mpppst.gob.ve\/mpppstweb\/#organization\"},\"image\":{\"@id\":\"https:\/\/www.mpppst.gob.ve\/mpppstweb\/index.php\/2015\/12\/15\/juan-carlos-mora-en-revolucion-y-gracias-a-la-loott-las-personas-con-discapacidad-han-sido-visibilizadas\/#primaryimage\"},\"thumbnailUrl\":\"https:\/\/www.mpppst.gob.ve\/mpppstweb\/wp-content\/uploads\/2015\/12\/juan-carlos-mora.jpg\",\"articleSection\":[\"Ministerio\"],\"inLanguage\":\"es\"},{\"@type\":\"WebPage\",\"@id\":\"https:\/\/www.mpppst.gob.ve\/mpppstweb\/index.php\/2015\/12\/15\/juan-carlos-mora-en-revolucion-y-gracias-a-la-loott-las-personas-con-discapacidad-han-sido-visibilizadas\/\",\"url\":\"https:\/\/www.mpppst.gob.ve\/mpppstweb\/index.php\/2015\/12\/15\/juan-carlos-mora-en-revolucion-y-gracias-a-la-loott-las-personas-con-discapacidad-han-sido-visibilizadas\/\",\"name\":\"Juan Carlos Mora: En Revoluci\u00f3n y gracias a la LOTTT las personas con discapacidad han sido visibilizadas - MPPPST\",\"isPartOf\":{\"@id\":\"https:\/\/www.mpppst.gob.ve\/mpppstweb\/#website\"},\"primaryImageOfPage\":{\"@id\":\"https:\/\/www.mpppst.gob.ve\/mpppstweb\/index.php\/2015\/12\/15\/juan-carlos-mora-en-revolucion-y-gracias-a-la-loott-las-personas-con-discapacidad-han-sido-visibilizadas\/#primaryimage\"},\"image\":{\"@id\":\"https:\/\/www.mpppst.gob.ve\/mpppstweb\/index.php\/2015\/12\/15\/juan-carlos-mora-en-revolucion-y-gracias-a-la-loott-las-personas-con-discapacidad-han-sido-visibilizadas\/#primaryimage\"},\"thumbnailUrl\":\"https:\/\/www.mpppst.gob.ve\/mpppstweb\/wp-content\/uploads\/2015\/12\/juan-carlos-mora.jpg\",\"datePublished\":\"2015-12-15T17:54:15+00:00\",\"dateModified\":\"2016-07-01T17:55:47+00:00\",\"breadcrumb\":{\"@id\":\"https:\/\/www.mpppst.gob.ve\/mpppstweb\/index.php\/2015\/12\/15\/juan-carlos-mora-en-revolucion-y-gracias-a-la-loott-las-personas-con-discapacidad-han-sido-visibilizadas\/#breadcrumb\"},\"inLanguage\":\"es\",\"potentialAction\":[{\"@type\":\"ReadAction\",\"target\":[\"https:\/\/www.mpppst.gob.ve\/mpppstweb\/index.php\/2015\/12\/15\/juan-carlos-mora-en-revolucion-y-gracias-a-la-loott-las-personas-con-discapacidad-han-sido-visibilizadas\/\"]}]},{\"@type\":\"ImageObject\",\"inLanguage\":\"es\",\"@id\":\"https:\/\/www.mpppst.gob.ve\/mpppstweb\/index.php\/2015\/12\/15\/juan-carlos-mora-en-revolucion-y-gracias-a-la-loott-las-personas-con-discapacidad-han-sido-visibilizadas\/#primaryimage\",\"url\":\"https:\/\/www.mpppst.gob.ve\/mpppstweb\/wp-content\/uploads\/2015\/12\/juan-carlos-mora.jpg\",\"contentUrl\":\"https:\/\/www.mpppst.gob.ve\/mpppstweb\/wp-content\/uploads\/2015\/12\/juan-carlos-mora.jpg\",\"width\":448,\"height\":307},{\"@type\":\"BreadcrumbList\",\"@id\":\"https:\/\/www.mpppst.gob.ve\/mpppstweb\/index.php\/2015\/12\/15\/juan-carlos-mora-en-revolucion-y-gracias-a-la-loott-las-personas-con-discapacidad-han-sido-visibilizadas\/#breadcrumb\",\"itemListElement\":[{\"@type\":\"ListItem\",\"position\":1,\"name\":\"Home\",\"item\":\"https:\/\/www.mpppst.gob.ve\/mpppstweb\/\"},{\"@type\":\"ListItem\",\"position\":2,\"name\":\"Juan Carlos Mora: En Revoluci\u00f3n y gracias a la LOTTT las personas con discapacidad han sido visibilizadas\"}]},{\"@type\":\"WebSite\",\"@id\":\"https:\/\/www.mpppst.gob.ve\/mpppstweb\/#website\",\"url\":\"https:\/\/www.mpppst.gob.ve\/mpppstweb\/\",\"name\":\"MPPPST\",\"description\":\"Ministerio del Poder Popular para el Proceso Social de Trabajo\",\"publisher\":{\"@id\":\"https:\/\/www.mpppst.gob.ve\/mpppstweb\/#organization\"},\"potentialAction\":[{\"@type\":\"SearchAction\",\"target\":{\"@type\":\"EntryPoint\",\"urlTemplate\":\"https:\/\/www.mpppst.gob.ve\/mpppstweb\/?s={search_term_string}\"},\"query-input\":\"required name=search_term_string\"}],\"inLanguage\":\"es\"},{\"@type\":\"Organization\",\"@id\":\"https:\/\/www.mpppst.gob.ve\/mpppstweb\/#organization\",\"name\":\"mpppst\",\"url\":\"https:\/\/www.mpppst.gob.ve\/mpppstweb\/\",\"logo\":{\"@type\":\"ImageObject\",\"inLanguage\":\"es\",\"@id\":\"https:\/\/www.mpppst.gob.ve\/mpppstweb\/#\/schema\/logo\/image\/\",\"url\":\"https:\/\/www.mpppst.gob.ve\/mpppstweb\/wp-content\/uploads\/2025\/07\/cropped-cropped-g910.png\",\"contentUrl\":\"https:\/\/www.mpppst.gob.ve\/mpppstweb\/wp-content\/uploads\/2025\/07\/cropped-cropped-g910.png\",\"width\":1080,\"height\":241,\"caption\":\"mpppst\"},\"image\":{\"@id\":\"https:\/\/www.mpppst.gob.ve\/mpppstweb\/#\/schema\/logo\/image\/\"}},{\"@type\":\"Person\",\"@id\":\"https:\/\/www.mpppst.gob.ve\/mpppstweb\/#\/schema\/person\/fc187ee8ead412bd4c9304b62f900ea4\",\"name\":\"MPPPST Prensa\",\"url\":\"https:\/\/www.mpppst.gob.ve\/mpppstweb\/index.php\/author\/prensa-mpppst\/\"}]}<\/script>\n<!-- \/ Yoast SEO plugin. -->","yoast_head_json":{"title":"Juan Carlos Mora: En Revoluci\u00f3n y gracias a la LOTTT las personas con discapacidad han sido visibilizadas - MPPPST","robots":{"index":"index","follow":"follow","max-snippet":"max-snippet:-1","max-image-preview":"max-image-preview:large","max-video-preview":"max-video-preview:-1"},"canonical":"https:\/\/www.mpppst.gob.ve\/mpppstweb\/index.php\/2015\/12\/15\/juan-carlos-mora-en-revolucion-y-gracias-a-la-loott-las-personas-con-discapacidad-han-sido-visibilizadas\/","og_locale":"es_ES","og_type":"article","og_title":"Juan Carlos Mora: En Revoluci\u00f3n y gracias a la LOTTT las personas con discapacidad han sido visibilizadas - MPPPST","og_description":"La LOOTT ha sido un instrumento que ha permitido la inclusi\u00f3n de todos los sectores de la sociedad en especial de las personas con discapacidad que gracias a esta Ley","og_url":"https:\/\/www.mpppst.gob.ve\/mpppstweb\/index.php\/2015\/12\/15\/juan-carlos-mora-en-revolucion-y-gracias-a-la-loott-las-personas-con-discapacidad-han-sido-visibilizadas\/","og_site_name":"MPPPST","article_published_time":"2015-12-15T17:54:15+00:00","article_modified_time":"2016-07-01T17:55:47+00:00","og_image":[{"width":448,"height":307,"url":"https:\/\/www.mpppst.gob.ve\/mpppstweb\/wp-content\/uploads\/2015\/12\/juan-carlos-mora.jpg","type":"image\/jpeg"}],"author":"MPPPST Prensa","twitter_card":"summary_large_image","twitter_misc":{"Escrito por":"MPPPST Prensa","Tiempo de lectura":"2 minutos"},"schema":{"@context":"https:\/\/schema.org","@graph":[{"@type":"Article","@id":"https:\/\/www.mpppst.gob.ve\/mpppstweb\/index.php\/2015\/12\/15\/juan-carlos-mora-en-revolucion-y-gracias-a-la-loott-las-personas-con-discapacidad-han-sido-visibilizadas\/#article","isPartOf":{"@id":"https:\/\/www.mpppst.gob.ve\/mpppstweb\/index.php\/2015\/12\/15\/juan-carlos-mora-en-revolucion-y-gracias-a-la-loott-las-personas-con-discapacidad-han-sido-visibilizadas\/"},"author":{"name":"MPPPST Prensa","@id":"https:\/\/www.mpppst.gob.ve\/mpppstweb\/#\/schema\/person\/fc187ee8ead412bd4c9304b62f900ea4"},"headline":"Juan Carlos Mora: En Revoluci\u00f3n y gracias a la LOTTT las personas con discapacidad han sido visibilizadas","datePublished":"2015-12-15T17:54:15+00:00","dateModified":"2016-07-01T17:55:47+00:00","mainEntityOfPage":{"@id":"https:\/\/www.mpppst.gob.ve\/mpppstweb\/index.php\/2015\/12\/15\/juan-carlos-mora-en-revolucion-y-gracias-a-la-loott-las-personas-con-discapacidad-han-sido-visibilizadas\/"},"wordCount":353,"publisher":{"@id":"https:\/\/www.mpppst.gob.ve\/mpppstweb\/#organization"},"image":{"@id":"https:\/\/www.mpppst.gob.ve\/mpppstweb\/index.php\/2015\/12\/15\/juan-carlos-mora-en-revolucion-y-gracias-a-la-loott-las-personas-con-discapacidad-han-sido-visibilizadas\/#primaryimage"},"thumbnailUrl":"https:\/\/www.mpppst.gob.ve\/mpppstweb\/wp-content\/uploads\/2015\/12\/juan-carlos-mora.jpg","articleSection":["Ministerio"],"inLanguage":"es"},{"@type":"WebPage","@id":"https:\/\/www.mpppst.gob.ve\/mpppstweb\/index.php\/2015\/12\/15\/juan-carlos-mora-en-revolucion-y-gracias-a-la-loott-las-personas-con-discapacidad-han-sido-visibilizadas\/","url":"https:\/\/www.mpppst.gob.ve\/mpppstweb\/index.php\/2015\/12\/15\/juan-carlos-mora-en-revolucion-y-gracias-a-la-loott-las-personas-con-discapacidad-han-sido-visibilizadas\/","name":"Juan Carlos Mora: En Revoluci\u00f3n y gracias a la LOTTT las personas con discapacidad han sido visibilizadas - MPPPST","isPartOf":{"@id":"https:\/\/www.mpppst.gob.ve\/mpppstweb\/#website"},"primaryImageOfPage":{"@id":"https:\/\/www.mpppst.gob.ve\/mpppstweb\/index.php\/2015\/12\/15\/juan-carlos-mora-en-revolucion-y-gracias-a-la-loott-las-personas-con-discapacidad-han-sido-visibilizadas\/#primaryimage"},"image":{"@id":"https:\/\/www.mpppst.gob.ve\/mpppstweb\/index.php\/2015\/12\/15\/juan-carlos-mora-en-revolucion-y-gracias-a-la-loott-las-personas-con-discapacidad-han-sido-visibilizadas\/#primaryimage"},"thumbnailUrl":"https:\/\/www.mpppst.gob.ve\/mpppstweb\/wp-content\/uploads\/2015\/12\/juan-carlos-mora.jpg","datePublished":"2015-12-15T17:54:15+00:00","dateModified":"2016-07-01T17:55:47+00:00","breadcrumb":{"@id":"https:\/\/www.mpppst.gob.ve\/mpppstweb\/index.php\/2015\/12\/15\/juan-carlos-mora-en-revolucion-y-gracias-a-la-loott-las-personas-con-discapacidad-han-sido-visibilizadas\/#breadcrumb"},"inLanguage":"es","potentialAction":[{"@type":"ReadAction","target":["https:\/\/www.mpppst.gob.ve\/mpppstweb\/index.php\/2015\/12\/15\/juan-carlos-mora-en-revolucion-y-gracias-a-la-loott-las-personas-con-discapacidad-han-sido-visibilizadas\/"]}]},{"@type":"ImageObject","inLanguage":"es","@id":"https:\/\/www.mpppst.gob.ve\/mpppstweb\/index.php\/2015\/12\/15\/juan-carlos-mora-en-revolucion-y-gracias-a-la-loott-las-personas-con-discapacidad-han-sido-visibilizadas\/#primaryimage","url":"https:\/\/www.mpppst.gob.ve\/mpppstweb\/wp-content\/uploads\/2015\/12\/juan-carlos-mora.jpg","contentUrl":"https:\/\/www.mpppst.gob.ve\/mpppstweb\/wp-content\/uploads\/2015\/12\/juan-carlos-mora.jpg","width":448,"height":307},{"@type":"BreadcrumbList","@id":"https:\/\/www.mpppst.gob.ve\/mpppstweb\/index.php\/2015\/12\/15\/juan-carlos-mora-en-revolucion-y-gracias-a-la-loott-las-personas-con-discapacidad-han-sido-visibilizadas\/#breadcrumb","itemListElement":[{"@type":"ListItem","position":1,"name":"Home","item":"https:\/\/www.mpppst.gob.ve\/mpppstweb\/"},{"@type":"ListItem","position":2,"name":"Juan Carlos Mora: En Revoluci\u00f3n y gracias a la LOTTT las personas con discapacidad han sido visibilizadas"}]},{"@type":"WebSite","@id":"https:\/\/www.mpppst.gob.ve\/mpppstweb\/#website","url":"https:\/\/www.mpppst.gob.ve\/mpppstweb\/","name":"MPPPST","description":"Ministerio del Poder Popular para el Proceso Social de Trabajo","publisher":{"@id":"https:\/\/www.mpppst.gob.ve\/mpppstweb\/#organization"},"potentialAction":[{"@type":"SearchAction","target":{"@type":"EntryPoint","urlTemplate":"https:\/\/www.mpppst.gob.ve\/mpppstweb\/?s={search_term_string}"},"query-input":"required name=search_term_string"}],"inLanguage":"es"},{"@type":"Organization","@id":"https:\/\/www.mpppst.gob.ve\/mpppstweb\/#organization","name":"mpppst","url":"https:\/\/www.mpppst.gob.ve\/mpppstweb\/","logo":{"@type":"ImageObject","inLanguage":"es","@id":"https:\/\/www.mpppst.gob.ve\/mpppstweb\/#\/schema\/logo\/image\/","url":"https:\/\/www.mpppst.gob.ve\/mpppstweb\/wp-content\/uploads\/2025\/07\/cropped-cropped-g910.png","contentUrl":"https:\/\/www.mpppst.gob.ve\/mpppstweb\/wp-content\/uploads\/2025\/07\/cropped-cropped-g910.png","width":1080,"height":241,"caption":"mpppst"},"image":{"@id":"https:\/\/www.mpppst.gob.ve\/mpppstweb\/#\/schema\/logo\/image\/"}},{"@type":"Person","@id":"https:\/\/www.mpppst.gob.ve\/mpppstweb\/#\/schema\/person\/fc187ee8ead412bd4c9304b62f900ea4","name":"MPPPST Prensa","url":"https:\/\/www.mpppst.gob.ve\/mpppstweb\/index.php\/author\/prensa-mpppst\/"}]}},"_links":{"self":[{"href":"https:\/\/www.mpppst.gob.ve\/mpppstweb\/index.php\/wp-json\/wp\/v2\/posts\/4178"}],"collection":[{"href":"https:\/\/www.mpppst.gob.ve\/mpppstweb\/index.php\/wp-json\/wp\/v2\/posts"}],"about":[{"href":"https:\/\/www.mpppst.gob.ve\/mpppstweb\/index.php\/wp-json\/wp\/v2\/types\/post"}],"author":[{"embeddable":true,"href":"https:\/\/www.mpppst.gob.ve\/mpppstweb\/index.php\/wp-json\/wp\/v2\/users\/25"}],"replies":[{"embeddable":true,"href":"https:\/\/www.mpppst.gob.ve\/mpppstweb\/index.php\/wp-json\/wp\/v2\/comments?post=4178"}],"version-history":[{"count":1,"href":"https:\/\/www.mpppst.gob.ve\/mpppstweb\/index.php\/wp-json\/wp\/v2\/posts\/4178\/revisions"}],"predecessor-version":[{"id":6959,"href":"https:\/\/www.mpppst.gob.ve\/mpppstweb\/index.php\/wp-json\/wp\/v2\/posts\/4178\/revisions\/6959"}],"wp:featuredmedia":[{"embeddable":true,"href":"https:\/\/www.mpppst.gob.ve\/mpppstweb\/index.php\/wp-json\/wp\/v2\/media\/4179"}],"wp:attachment":[{"href":"https:\/\/www.mpppst.gob.ve\/mpppstweb\/index.php\/wp-json\/wp\/v2\/media?parent=4178"}],"wp:term":[{"taxonomy":"category","embeddable":true,"href":"https:\/\/www.mpppst.gob.ve\/mpppstweb\/index.php\/wp-json\/wp\/v2\/categories?post=4178"},{"taxonomy":"post_tag","embeddable":true,"href":"https:\/\/www.mpppst.gob.ve\/mpppstweb\/index.php\/wp-json\/wp\/v2\/tags?post=4178"}],"curies":[{"name":"wp","href":"https:\/\/api.w.org\/{rel}","templated":true}]}}