{"id":4188,"date":"2015-12-16T15:03:51","date_gmt":"2015-12-16T15:03:51","guid":{"rendered":"http:\/\/www.mpppst.gob.ve\/mpppstweb\/?p=4188"},"modified":"2016-07-01T17:56:11","modified_gmt":"2016-07-01T17:56:11","slug":"ministro-jesus-martinez-vamos-a-ser-libres-para-siempre","status":"publish","type":"post","link":"https:\/\/www.mpppst.gob.ve\/mpppstweb\/index.php\/2015\/12\/16\/ministro-jesus-martinez-vamos-a-ser-libres-para-siempre\/","title":{"rendered":"Ministro Jes\u00fas Mart\u00ednez: \u201cVamos a ser libres para siempre\u201d"},"content":{"rendered":"<p>Caracas, 15 de diciembre de 2015 (MPPPST).- En un \u201cexcepcional\u201d acto, realizado en el Auditorio de la Academia Militar del Ej\u00e9rcito Bolivariano, mil 200 trabajadores y trabajadoras del Ministerio del Poder Popular para el Proceso Social de Trabajo (MPPPST), recibieron el certificado por haber participado en el Taller de Seguridad y Defensa Integral de la Naci\u00f3n, en el marco del convenio de cooperaci\u00f3n solidaria entre la Universidad Militar Bolivariana de Venezuela (UMBV) y la Universidad Bolivariana de los Trabajadores \u201cJes\u00fas Rivero\u201d (UBTJR).<\/p>\n<p>Fue una actividad llena de una singular fuerza vital, emanada de la clase obrera del pa\u00eds que ahora desempe\u00f1a funciones en las empresas recuperadas: Ferrominera, Sidor, L\u00e1cteos Los Andes, PDVSA, Complejo Agroindustrial \u201cPedro Camejo\u201d y Corpoelec. Estos trabajadores que se desempe\u00f1an en empresas estrat\u00e9gicas del pa\u00eds, recibieron el certificado que da cuenta de su formaci\u00f3n con la finalidad de estar preparados para defender la Patria frente a cualquier forma de agresi\u00f3n implementada por el imperialismo.<\/p>\n<p>En tal sentido, el ministro del Poder Popular para el Proceso Social de Trabajo, Jes\u00fas Mart\u00ednez, se\u00f1al\u00f3 que \u201cCh\u00e1vez nos ense\u00f1\u00f3 a ser libres y vamos a ser libres para siempre\u201d. Y para seguir siendo libres se refiri\u00f3 a la autoformaci\u00f3n de la clase obrera.<\/p>\n<p>\u201cTenemos dos opciones para continuar sobre los pies: traicionar a los hermanos que est\u00e1n combatiendo, traicionar al pueblo, transformar la patria o mantenernos firmes para vivir \u00e9ticamente a\u00fan cuando nos tengamos que transformar f\u00edsicamente, ese el debate. Hugo Ch\u00e1vez nos dej\u00f3 una consigna Unidad, Lucha, Batalla y Victoria y debemos mantener ese legado\u201d.<\/p>\n<p>Mart\u00ednez manifest\u00f3 que debe haber una clase obrera que asuma la producci\u00f3n en todos los planos, \u201cno vamos a entregar, vamos a seguir luchando, porque decidimos ser libres, independientes y soberanos\u201d.<\/p>\n<p>Asimismo, puntualiz\u00f3 que en la actualidad 85 mil trabajadores en todo el pa\u00eds se encuentran activos en el proceso de autoformaci\u00f3n, en el cual de forma medular se discute cu\u00e1l es el papel de la clase obrera en este proceso de transformaciones. Esto representa un asunto hist\u00f3rico, dado que en ese terreno, tal como lo precis\u00f3 de manera enf\u00e1tica el Ministro no avanzar\u00e1 la derecha, como tampoco lograr\u00e1 tener el control de la Fuerza Armada Nacional Bolivariana.<\/p>\n<p>Por su parte, C\u00e9sar Vegas Gonz\u00e1lez, comandante General de la Milicia Bolivariana, resalt\u00f3 que aqu\u00ed hay un pueblo comprometido y consciente para luchar y evitar que los logros sociales obtenidos en Revoluci\u00f3n los desaparezcan. \u201cTenemos que estar despiertos y motivamos, porque la defensa de la patria se hace solamente con el compromiso y la convicci\u00f3n de tener claro los logros sociales que se han obtenido y que jam\u00e1s los vamos a perder. Estamos decididos a seguir dirigiendo la patria de Bol\u00edvar y de Hugo Ch\u00e1vez por el camino de la Revoluci\u00f3n Bolivariana\u201d.<\/p>\n<p>Anguis Ropero, participante del Taller por el MPPPST, felicit\u00f3 a los trabajadores y trabajadoras por el reconocimiento obtenido y destac\u00f3 el empe\u00f1o del Comandante Eterno, Hugo Ch\u00e1vez Fr\u00edas y del presidente Obrero, Nicol\u00e1s Maduro Moros, en garantizar la participaci\u00f3n efectiva del pueblo en la defensa integral de la Patria venezolana.<\/p>\n<p>\u201cLa participaci\u00f3n protag\u00f3nica de la clase obrera en la defensa integral de la naci\u00f3n es una premisa fundamental que debe guiar nuestra lucha permanente por garantizar la construcci\u00f3n de una sociedad justa y amante de la paz, donde la salvaguarda de los derechos individuales y colectivos de todas y todos se fundamenta en la corresponsabilidad tal como lo establece nuestra Constituci\u00f3n en su art\u00edculo 326\u201d.<\/p>\n<p>Dijo que desde el Ministerio est\u00e1 dispuesta a seguir la huella del Comandante Eterno Hugo Ch\u00e1vez. \u201cNo permitiremos que la arremetida de la contrarrevoluci\u00f3n ap\u00e1trida se ensa\u00f1e con una de las principales herramientas que nos dej\u00f3 el Comandante Ch\u00e1vez como lo es la Ley Org\u00e1nica del Trabajo los Trabajadores y las Trabajadoras (LOTTT), la defenderemos desde nuestras trincheras\u201d.<\/p>\n<p>N\u00e9stor Navarro, trabajador de PDVSA, se\u00f1al\u00f3 que \u201cpara derrotar en la acci\u00f3n la guerra econ\u00f3mica tenemos que asumir como clase la gesti\u00f3n directa y democr\u00e1tica del proceso social de trabajo y la seguridad y defensa integral de naci\u00f3n. Ese el reto que tenemos desde nuestras f\u00e1bricas\u201d.<\/p>\n<p>\u201cEn este momento el compa\u00f1ero Nicol\u00e1s nos est\u00e1 convocando como pueblo para que nosotros ejerzamos verdaderamente como pueblo el Gobierno, nos toca defender nuevamente como cuerpos combatientes en nuestras entidades de trabajo, garantizar la producci\u00f3n en tiempos de paz\u201d, apunt\u00f3 Navarro. Asimismo, hizo un llamado a darle el apoyo irrestricto al Presidente Obrero Nicol\u00e1s Maduro, demostrarle que la clase trabajadora est\u00e1 resteada con \u00e9l y con el Gobierno Bolivariano.<\/p>\n<p>Durante la actividad estuvo presente el viceministro para la Educaci\u00f3n y el Trabajo Liberador y rector de la UBTJR, Luis Rodr\u00edguez; el viceministro para Derechos y Relaciones Laborales, Menry Fern\u00e1ndez; el viceministro para el Sistema Integrado de Inspecci\u00f3n laboral y de la Seguridad Social, Antonio Olivo y el rector de la Universidad Militar Bolivariana de Venezuela (UMBV), Alexis Rodr\u00edguez Cabello. El acto cont\u00f3 con la animaci\u00f3n de la agrupaci\u00f3n Lloviznando Cantos y con el grupo musical CALEB.<\/p>\n<p>&nbsp;<\/p>\n<p>&nbsp;<\/p>\n<p>Redacci\u00f3n: Miliseth Ysea<\/p>\n<p>Fotograf\u00eda: Dellys Landaeta<\/p>\n","protected":false},"excerpt":{"rendered":"<p>As\u00ed lo manifest\u00f3 el Ministro en un \u201cexcepcional\u201d acto, realizado en el Auditorio de la Academia Militar del Ej\u00e9rcito Bolivariano. <\/p>\n","protected":false},"author":25,"featured_media":4189,"comment_status":"closed","ping_status":"closed","sticky":false,"template":"","format":"standard","meta":{"footnotes":""},"categories":[83],"tags":[],"yoast_head":"<!-- This site is optimized with the Yoast SEO plugin v22.5 - https:\/\/yoast.com\/wordpress\/plugins\/seo\/ -->\n<title>Ministro Jes\u00fas Mart\u00ednez: \u201cVamos a ser libres para siempre\u201d - MPPPST<\/title>\n<meta name=\"robots\" content=\"index, follow, max-snippet:-1, max-image-preview:large, max-video-preview:-1\" \/>\n<link rel=\"canonical\" href=\"https:\/\/www.mpppst.gob.ve\/mpppstweb\/index.php\/2015\/12\/16\/ministro-jesus-martinez-vamos-a-ser-libres-para-siempre\/\" \/>\n<meta property=\"og:locale\" content=\"es_ES\" \/>\n<meta property=\"og:type\" content=\"article\" \/>\n<meta property=\"og:title\" content=\"Ministro Jes\u00fas Mart\u00ednez: \u201cVamos a ser libres para siempre\u201d - MPPPST\" \/>\n<meta property=\"og:description\" content=\"As\u00ed lo manifest\u00f3 el Ministro en un \u201cexcepcional\u201d acto, realizado en el Auditorio de la Academia Militar del Ej\u00e9rcito Bolivariano.\" \/>\n<meta property=\"og:url\" content=\"https:\/\/www.mpppst.gob.ve\/mpppstweb\/index.php\/2015\/12\/16\/ministro-jesus-martinez-vamos-a-ser-libres-para-siempre\/\" \/>\n<meta property=\"og:site_name\" content=\"MPPPST\" \/>\n<meta property=\"article:published_time\" content=\"2015-12-16T15:03:51+00:00\" \/>\n<meta property=\"article:modified_time\" content=\"2016-07-01T17:56:11+00:00\" \/>\n<meta property=\"og:image\" content=\"https:\/\/www.mpppst.gob.ve\/mpppstweb\/wp-content\/uploads\/2015\/12\/Foto-entrega-de-certificados.jpg-web.jpg\" \/>\n\t<meta property=\"og:image:width\" content=\"640\" \/>\n\t<meta property=\"og:image:height\" content=\"365\" \/>\n\t<meta property=\"og:image:type\" content=\"image\/jpeg\" \/>\n<meta name=\"author\" content=\"MPPPST Prensa\" \/>\n<meta name=\"twitter:card\" content=\"summary_large_image\" \/>\n<meta name=\"twitter:label1\" content=\"Escrito por\" \/>\n\t<meta name=\"twitter:data1\" content=\"MPPPST Prensa\" \/>\n\t<meta name=\"twitter:label2\" content=\"Tiempo de lectura\" \/>\n\t<meta name=\"twitter:data2\" content=\"4 minutos\" \/>\n<script type=\"application\/ld+json\" class=\"yoast-schema-graph\">{\"@context\":\"https:\/\/schema.org\",\"@graph\":[{\"@type\":\"Article\",\"@id\":\"https:\/\/www.mpppst.gob.ve\/mpppstweb\/index.php\/2015\/12\/16\/ministro-jesus-martinez-vamos-a-ser-libres-para-siempre\/#article\",\"isPartOf\":{\"@id\":\"https:\/\/www.mpppst.gob.ve\/mpppstweb\/index.php\/2015\/12\/16\/ministro-jesus-martinez-vamos-a-ser-libres-para-siempre\/\"},\"author\":{\"name\":\"MPPPST Prensa\",\"@id\":\"https:\/\/www.mpppst.gob.ve\/mpppstweb\/#\/schema\/person\/fc187ee8ead412bd4c9304b62f900ea4\"},\"headline\":\"Ministro Jes\u00fas Mart\u00ednez: \u201cVamos a ser libres para siempre\u201d\",\"datePublished\":\"2015-12-16T15:03:51+00:00\",\"dateModified\":\"2016-07-01T17:56:11+00:00\",\"mainEntityOfPage\":{\"@id\":\"https:\/\/www.mpppst.gob.ve\/mpppstweb\/index.php\/2015\/12\/16\/ministro-jesus-martinez-vamos-a-ser-libres-para-siempre\/\"},\"wordCount\":909,\"publisher\":{\"@id\":\"https:\/\/www.mpppst.gob.ve\/mpppstweb\/#organization\"},\"image\":{\"@id\":\"https:\/\/www.mpppst.gob.ve\/mpppstweb\/index.php\/2015\/12\/16\/ministro-jesus-martinez-vamos-a-ser-libres-para-siempre\/#primaryimage\"},\"thumbnailUrl\":\"https:\/\/www.mpppst.gob.ve\/mpppstweb\/wp-content\/uploads\/2015\/12\/Foto-entrega-de-certificados.jpg-web.jpg\",\"articleSection\":[\"Ministerio\"],\"inLanguage\":\"es\"},{\"@type\":\"WebPage\",\"@id\":\"https:\/\/www.mpppst.gob.ve\/mpppstweb\/index.php\/2015\/12\/16\/ministro-jesus-martinez-vamos-a-ser-libres-para-siempre\/\",\"url\":\"https:\/\/www.mpppst.gob.ve\/mpppstweb\/index.php\/2015\/12\/16\/ministro-jesus-martinez-vamos-a-ser-libres-para-siempre\/\",\"name\":\"Ministro Jes\u00fas Mart\u00ednez: \u201cVamos a ser libres para siempre\u201d - MPPPST\",\"isPartOf\":{\"@id\":\"https:\/\/www.mpppst.gob.ve\/mpppstweb\/#website\"},\"primaryImageOfPage\":{\"@id\":\"https:\/\/www.mpppst.gob.ve\/mpppstweb\/index.php\/2015\/12\/16\/ministro-jesus-martinez-vamos-a-ser-libres-para-siempre\/#primaryimage\"},\"image\":{\"@id\":\"https:\/\/www.mpppst.gob.ve\/mpppstweb\/index.php\/2015\/12\/16\/ministro-jesus-martinez-vamos-a-ser-libres-para-siempre\/#primaryimage\"},\"thumbnailUrl\":\"https:\/\/www.mpppst.gob.ve\/mpppstweb\/wp-content\/uploads\/2015\/12\/Foto-entrega-de-certificados.jpg-web.jpg\",\"datePublished\":\"2015-12-16T15:03:51+00:00\",\"dateModified\":\"2016-07-01T17:56:11+00:00\",\"breadcrumb\":{\"@id\":\"https:\/\/www.mpppst.gob.ve\/mpppstweb\/index.php\/2015\/12\/16\/ministro-jesus-martinez-vamos-a-ser-libres-para-siempre\/#breadcrumb\"},\"inLanguage\":\"es\",\"potentialAction\":[{\"@type\":\"ReadAction\",\"target\":[\"https:\/\/www.mpppst.gob.ve\/mpppstweb\/index.php\/2015\/12\/16\/ministro-jesus-martinez-vamos-a-ser-libres-para-siempre\/\"]}]},{\"@type\":\"ImageObject\",\"inLanguage\":\"es\",\"@id\":\"https:\/\/www.mpppst.gob.ve\/mpppstweb\/index.php\/2015\/12\/16\/ministro-jesus-martinez-vamos-a-ser-libres-para-siempre\/#primaryimage\",\"url\":\"https:\/\/www.mpppst.gob.ve\/mpppstweb\/wp-content\/uploads\/2015\/12\/Foto-entrega-de-certificados.jpg-web.jpg\",\"contentUrl\":\"https:\/\/www.mpppst.gob.ve\/mpppstweb\/wp-content\/uploads\/2015\/12\/Foto-entrega-de-certificados.jpg-web.jpg\",\"width\":640,\"height\":365},{\"@type\":\"BreadcrumbList\",\"@id\":\"https:\/\/www.mpppst.gob.ve\/mpppstweb\/index.php\/2015\/12\/16\/ministro-jesus-martinez-vamos-a-ser-libres-para-siempre\/#breadcrumb\",\"itemListElement\":[{\"@type\":\"ListItem\",\"position\":1,\"name\":\"Home\",\"item\":\"https:\/\/www.mpppst.gob.ve\/mpppstweb\/\"},{\"@type\":\"ListItem\",\"position\":2,\"name\":\"Ministro Jes\u00fas Mart\u00ednez: \u201cVamos a ser libres para siempre\u201d\"}]},{\"@type\":\"WebSite\",\"@id\":\"https:\/\/www.mpppst.gob.ve\/mpppstweb\/#website\",\"url\":\"https:\/\/www.mpppst.gob.ve\/mpppstweb\/\",\"name\":\"MPPPST\",\"description\":\"Ministerio del Poder Popular para el Proceso Social de Trabajo\",\"publisher\":{\"@id\":\"https:\/\/www.mpppst.gob.ve\/mpppstweb\/#organization\"},\"potentialAction\":[{\"@type\":\"SearchAction\",\"target\":{\"@type\":\"EntryPoint\",\"urlTemplate\":\"https:\/\/www.mpppst.gob.ve\/mpppstweb\/?s={search_term_string}\"},\"query-input\":\"required name=search_term_string\"}],\"inLanguage\":\"es\"},{\"@type\":\"Organization\",\"@id\":\"https:\/\/www.mpppst.gob.ve\/mpppstweb\/#organization\",\"name\":\"mpppst\",\"url\":\"https:\/\/www.mpppst.gob.ve\/mpppstweb\/\",\"logo\":{\"@type\":\"ImageObject\",\"inLanguage\":\"es\",\"@id\":\"https:\/\/www.mpppst.gob.ve\/mpppstweb\/#\/schema\/logo\/image\/\",\"url\":\"https:\/\/www.mpppst.gob.ve\/mpppstweb\/wp-content\/uploads\/2025\/07\/cropped-cropped-g910.png\",\"contentUrl\":\"https:\/\/www.mpppst.gob.ve\/mpppstweb\/wp-content\/uploads\/2025\/07\/cropped-cropped-g910.png\",\"width\":1080,\"height\":241,\"caption\":\"mpppst\"},\"image\":{\"@id\":\"https:\/\/www.mpppst.gob.ve\/mpppstweb\/#\/schema\/logo\/image\/\"}},{\"@type\":\"Person\",\"@id\":\"https:\/\/www.mpppst.gob.ve\/mpppstweb\/#\/schema\/person\/fc187ee8ead412bd4c9304b62f900ea4\",\"name\":\"MPPPST Prensa\",\"url\":\"https:\/\/www.mpppst.gob.ve\/mpppstweb\/index.php\/author\/prensa-mpppst\/\"}]}<\/script>\n<!-- \/ Yoast SEO plugin. -->","yoast_head_json":{"title":"Ministro Jes\u00fas Mart\u00ednez: \u201cVamos a ser libres para siempre\u201d - MPPPST","robots":{"index":"index","follow":"follow","max-snippet":"max-snippet:-1","max-image-preview":"max-image-preview:large","max-video-preview":"max-video-preview:-1"},"canonical":"https:\/\/www.mpppst.gob.ve\/mpppstweb\/index.php\/2015\/12\/16\/ministro-jesus-martinez-vamos-a-ser-libres-para-siempre\/","og_locale":"es_ES","og_type":"article","og_title":"Ministro Jes\u00fas Mart\u00ednez: \u201cVamos a ser libres para siempre\u201d - MPPPST","og_description":"As\u00ed lo manifest\u00f3 el Ministro en un \u201cexcepcional\u201d acto, realizado en el Auditorio de la Academia Militar del Ej\u00e9rcito Bolivariano.","og_url":"https:\/\/www.mpppst.gob.ve\/mpppstweb\/index.php\/2015\/12\/16\/ministro-jesus-martinez-vamos-a-ser-libres-para-siempre\/","og_site_name":"MPPPST","article_published_time":"2015-12-16T15:03:51+00:00","article_modified_time":"2016-07-01T17:56:11+00:00","og_image":[{"width":640,"height":365,"url":"https:\/\/www.mpppst.gob.ve\/mpppstweb\/wp-content\/uploads\/2015\/12\/Foto-entrega-de-certificados.jpg-web.jpg","type":"image\/jpeg"}],"author":"MPPPST Prensa","twitter_card":"summary_large_image","twitter_misc":{"Escrito por":"MPPPST Prensa","Tiempo de lectura":"4 minutos"},"schema":{"@context":"https:\/\/schema.org","@graph":[{"@type":"Article","@id":"https:\/\/www.mpppst.gob.ve\/mpppstweb\/index.php\/2015\/12\/16\/ministro-jesus-martinez-vamos-a-ser-libres-para-siempre\/#article","isPartOf":{"@id":"https:\/\/www.mpppst.gob.ve\/mpppstweb\/index.php\/2015\/12\/16\/ministro-jesus-martinez-vamos-a-ser-libres-para-siempre\/"},"author":{"name":"MPPPST Prensa","@id":"https:\/\/www.mpppst.gob.ve\/mpppstweb\/#\/schema\/person\/fc187ee8ead412bd4c9304b62f900ea4"},"headline":"Ministro Jes\u00fas Mart\u00ednez: \u201cVamos a ser libres para siempre\u201d","datePublished":"2015-12-16T15:03:51+00:00","dateModified":"2016-07-01T17:56:11+00:00","mainEntityOfPage":{"@id":"https:\/\/www.mpppst.gob.ve\/mpppstweb\/index.php\/2015\/12\/16\/ministro-jesus-martinez-vamos-a-ser-libres-para-siempre\/"},"wordCount":909,"publisher":{"@id":"https:\/\/www.mpppst.gob.ve\/mpppstweb\/#organization"},"image":{"@id":"https:\/\/www.mpppst.gob.ve\/mpppstweb\/index.php\/2015\/12\/16\/ministro-jesus-martinez-vamos-a-ser-libres-para-siempre\/#primaryimage"},"thumbnailUrl":"https:\/\/www.mpppst.gob.ve\/mpppstweb\/wp-content\/uploads\/2015\/12\/Foto-entrega-de-certificados.jpg-web.jpg","articleSection":["Ministerio"],"inLanguage":"es"},{"@type":"WebPage","@id":"https:\/\/www.mpppst.gob.ve\/mpppstweb\/index.php\/2015\/12\/16\/ministro-jesus-martinez-vamos-a-ser-libres-para-siempre\/","url":"https:\/\/www.mpppst.gob.ve\/mpppstweb\/index.php\/2015\/12\/16\/ministro-jesus-martinez-vamos-a-ser-libres-para-siempre\/","name":"Ministro Jes\u00fas Mart\u00ednez: \u201cVamos a ser libres para siempre\u201d - MPPPST","isPartOf":{"@id":"https:\/\/www.mpppst.gob.ve\/mpppstweb\/#website"},"primaryImageOfPage":{"@id":"https:\/\/www.mpppst.gob.ve\/mpppstweb\/index.php\/2015\/12\/16\/ministro-jesus-martinez-vamos-a-ser-libres-para-siempre\/#primaryimage"},"image":{"@id":"https:\/\/www.mpppst.gob.ve\/mpppstweb\/index.php\/2015\/12\/16\/ministro-jesus-martinez-vamos-a-ser-libres-para-siempre\/#primaryimage"},"thumbnailUrl":"https:\/\/www.mpppst.gob.ve\/mpppstweb\/wp-content\/uploads\/2015\/12\/Foto-entrega-de-certificados.jpg-web.jpg","datePublished":"2015-12-16T15:03:51+00:00","dateModified":"2016-07-01T17:56:11+00:00","breadcrumb":{"@id":"https:\/\/www.mpppst.gob.ve\/mpppstweb\/index.php\/2015\/12\/16\/ministro-jesus-martinez-vamos-a-ser-libres-para-siempre\/#breadcrumb"},"inLanguage":"es","potentialAction":[{"@type":"ReadAction","target":["https:\/\/www.mpppst.gob.ve\/mpppstweb\/index.php\/2015\/12\/16\/ministro-jesus-martinez-vamos-a-ser-libres-para-siempre\/"]}]},{"@type":"ImageObject","inLanguage":"es","@id":"https:\/\/www.mpppst.gob.ve\/mpppstweb\/index.php\/2015\/12\/16\/ministro-jesus-martinez-vamos-a-ser-libres-para-siempre\/#primaryimage","url":"https:\/\/www.mpppst.gob.ve\/mpppstweb\/wp-content\/uploads\/2015\/12\/Foto-entrega-de-certificados.jpg-web.jpg","contentUrl":"https:\/\/www.mpppst.gob.ve\/mpppstweb\/wp-content\/uploads\/2015\/12\/Foto-entrega-de-certificados.jpg-web.jpg","width":640,"height":365},{"@type":"BreadcrumbList","@id":"https:\/\/www.mpppst.gob.ve\/mpppstweb\/index.php\/2015\/12\/16\/ministro-jesus-martinez-vamos-a-ser-libres-para-siempre\/#breadcrumb","itemListElement":[{"@type":"ListItem","position":1,"name":"Home","item":"https:\/\/www.mpppst.gob.ve\/mpppstweb\/"},{"@type":"ListItem","position":2,"name":"Ministro Jes\u00fas Mart\u00ednez: \u201cVamos a ser libres para siempre\u201d"}]},{"@type":"WebSite","@id":"https:\/\/www.mpppst.gob.ve\/mpppstweb\/#website","url":"https:\/\/www.mpppst.gob.ve\/mpppstweb\/","name":"MPPPST","description":"Ministerio del Poder Popular para el Proceso Social de Trabajo","publisher":{"@id":"https:\/\/www.mpppst.gob.ve\/mpppstweb\/#organization"},"potentialAction":[{"@type":"SearchAction","target":{"@type":"EntryPoint","urlTemplate":"https:\/\/www.mpppst.gob.ve\/mpppstweb\/?s={search_term_string}"},"query-input":"required name=search_term_string"}],"inLanguage":"es"},{"@type":"Organization","@id":"https:\/\/www.mpppst.gob.ve\/mpppstweb\/#organization","name":"mpppst","url":"https:\/\/www.mpppst.gob.ve\/mpppstweb\/","logo":{"@type":"ImageObject","inLanguage":"es","@id":"https:\/\/www.mpppst.gob.ve\/mpppstweb\/#\/schema\/logo\/image\/","url":"https:\/\/www.mpppst.gob.ve\/mpppstweb\/wp-content\/uploads\/2025\/07\/cropped-cropped-g910.png","contentUrl":"https:\/\/www.mpppst.gob.ve\/mpppstweb\/wp-content\/uploads\/2025\/07\/cropped-cropped-g910.png","width":1080,"height":241,"caption":"mpppst"},"image":{"@id":"https:\/\/www.mpppst.gob.ve\/mpppstweb\/#\/schema\/logo\/image\/"}},{"@type":"Person","@id":"https:\/\/www.mpppst.gob.ve\/mpppstweb\/#\/schema\/person\/fc187ee8ead412bd4c9304b62f900ea4","name":"MPPPST Prensa","url":"https:\/\/www.mpppst.gob.ve\/mpppstweb\/index.php\/author\/prensa-mpppst\/"}]}},"_links":{"self":[{"href":"https:\/\/www.mpppst.gob.ve\/mpppstweb\/index.php\/wp-json\/wp\/v2\/posts\/4188"}],"collection":[{"href":"https:\/\/www.mpppst.gob.ve\/mpppstweb\/index.php\/wp-json\/wp\/v2\/posts"}],"about":[{"href":"https:\/\/www.mpppst.gob.ve\/mpppstweb\/index.php\/wp-json\/wp\/v2\/types\/post"}],"author":[{"embeddable":true,"href":"https:\/\/www.mpppst.gob.ve\/mpppstweb\/index.php\/wp-json\/wp\/v2\/users\/25"}],"replies":[{"embeddable":true,"href":"https:\/\/www.mpppst.gob.ve\/mpppstweb\/index.php\/wp-json\/wp\/v2\/comments?post=4188"}],"version-history":[{"count":1,"href":"https:\/\/www.mpppst.gob.ve\/mpppstweb\/index.php\/wp-json\/wp\/v2\/posts\/4188\/revisions"}],"predecessor-version":[{"id":6960,"href":"https:\/\/www.mpppst.gob.ve\/mpppstweb\/index.php\/wp-json\/wp\/v2\/posts\/4188\/revisions\/6960"}],"wp:featuredmedia":[{"embeddable":true,"href":"https:\/\/www.mpppst.gob.ve\/mpppstweb\/index.php\/wp-json\/wp\/v2\/media\/4189"}],"wp:attachment":[{"href":"https:\/\/www.mpppst.gob.ve\/mpppstweb\/index.php\/wp-json\/wp\/v2\/media?parent=4188"}],"wp:term":[{"taxonomy":"category","embeddable":true,"href":"https:\/\/www.mpppst.gob.ve\/mpppstweb\/index.php\/wp-json\/wp\/v2\/categories?post=4188"},{"taxonomy":"post_tag","embeddable":true,"href":"https:\/\/www.mpppst.gob.ve\/mpppstweb\/index.php\/wp-json\/wp\/v2\/tags?post=4188"}],"curies":[{"name":"wp","href":"https:\/\/api.w.org\/{rel}","templated":true}]}}