{"id":4193,"date":"2015-12-16T17:04:14","date_gmt":"2015-12-16T17:04:14","guid":{"rendered":"http:\/\/www.mpppst.gob.ve\/mpppstweb\/?p=4193"},"modified":"2016-07-01T17:56:31","modified_gmt":"2016-07-01T17:56:31","slug":"direccion-general-de-gestion-comunicacional-presenta-la-revista-proceso-social-de-trabajo","status":"publish","type":"post","link":"https:\/\/www.mpppst.gob.ve\/mpppstweb\/index.php\/2015\/12\/16\/direccion-general-de-gestion-comunicacional-presenta-la-revista-proceso-social-de-trabajo\/","title":{"rendered":"Direcci\u00f3n General de Gesti\u00f3n Comunicacional presenta la revista Proceso Social de Trabajo"},"content":{"rendered":"<p style=\"text-align: justify;\">Caracas, 15 de diciembre de 2015.- Como parte de la pol\u00edtica y estrategia comunicacional, interna y externa, de la Direcci\u00f3n General de Gesti\u00f3n Comunicacional del Ministerio del Poder Popular para el Proceso Social de Trabajo (MPPPST), el \u00a0martes 15 de Diciembre se dio a conocer el primer n\u00famero de la revista Proceso Social de Trabajo, instrumento con el cual se busca formar e informar a la clase obrera.<\/p>\n<p style=\"text-align: justify;\">La actividad se inici\u00f3 con la participaci\u00f3n de la soprano y trabajadora de la Direcci\u00f3n General de Gesti\u00f3n Comunicacional, Rosario Rosales, quien acompa\u00f1ada del profesor de m\u00fasica y pianista, Alberto Paredes, enton\u00f3 algunos cantos para darle el toque musical a la presentaci\u00f3n de la nueva revista del Ministerio.<\/p>\n<p style=\"text-align: justify;\">Posteriormente el profesor Ernesto Wong, Director General de la Oficina de Gesti\u00f3n Comunicacional, inici\u00f3 sus palabras agradeciendo a todos los que hicieron posible la realizaci\u00f3n de este proyecto que junto al Bolet\u00edn Informativo, constituyen dos grandes instrumentos de informaci\u00f3n para la clase trabajadora del pa\u00eds.<\/p>\n<p style=\"text-align: justify;\">De igual manera, inform\u00f3 a los presentes cu\u00e1les son las pol\u00edticas y las estrategias comunicacionales que se implementan en la oficina para reforzar la comunicaci\u00f3n dentro y fuera de la Instituci\u00f3n con una serie de acciones estrat\u00e9gicas.<\/p>\n<p style=\"text-align: justify;\">En primer lugar, inform\u00f3 sobre la figura del corresponsal voluntario que debe haber en cada oficina del ministerio desplegado \u00a0en todo el pa\u00eds. Esta figura ser\u00e1 de gran ayuda tanto para la revista y el bolet\u00edn; asimismo, se refiri\u00f3 a la necesidad de convertir la web en un veh\u00edculo de organizaci\u00f3n, movilizaci\u00f3n y promoci\u00f3n de la clase obrera, lo cual implica consolidar la web mediante la actualizaci\u00f3n diaria de informaci\u00f3n, a trav\u00e9s de la visibilizaci\u00f3n de acciones y de logros, con el fin de contribuir con el objetivo de convertir el Ministerio en una instancia org\u00e1nica de la clase obrera.<\/p>\n<p style=\"text-align: justify;\">El profesor Wong agreg\u00f3 que tambi\u00e9n estas l\u00edneas de acci\u00f3n estar\u00e1n orientadas a la gesti\u00f3n de redes sociales para promover los objetivos generales del Ministerio; contribuir a la comunicaci\u00f3n colectiva con contenidos pertinentes a los objetivos del MPPPST; desarrollar un sistema de relacionamiento comunicacional internacional con los actores organizados de la clase obrera de todos los pa\u00edses del mundo y en particular con los pa\u00edses de la Celac y de la Alba.<\/p>\n<p style=\"text-align: justify;\">Como parte de un objetivo a corto plazo explic\u00f3 que se pretende organizar peri\u00f3dicamente un evento internacional donde se debata el tema \u201cLogros y problemas del Proceso Social de Trabajo en pa\u00edses de la Celac\u201d; y finalmente organizar un Congreso Cient\u00edfico T\u00e9cnico y Feria Expositora Anual, nacional e internacional.<\/p>\n<p style=\"text-align: justify;\">Por su parte, el Viceministro para el Sistema Integrado de Inspecci\u00f3n Laboral y de la seguridad Social, Antonio Olivo, reconoci\u00f3 y salud\u00f3 el esfuerzo que ha realizado la Direcci\u00f3n General de Comunicaci\u00f3n para llevar a cabo este proyecto de la revista que es novedoso y que pretende llegarle a toda la clase trabajadora del pa\u00eds.<\/p>\n<p style=\"text-align: justify;\">Asimismo, hizo \u00e9nfasis en que debemos continuar trabajando en los cinco ejes del Ministerio que son: la Justa distribuci\u00f3n de la Riqueza; la Autoformaci\u00f3n Colectiva Integral, Continua y Permanente; el Desarrollo Integral de las Fuerzas Productivas; la Seguridad y Defensa Integral; y la Gesti\u00f3n Directa y Democr\u00e1tica de la Direcci\u00f3n del Proceso Social de Trabajo.<\/p>\n<p style=\"text-align: justify;\">\n<p>Redacci\u00f3n: Elio Garc\u00eda<\/p>\n<p>Fotograf\u00eda: F\u00e9lix Ordaz<\/p>\n<p>&nbsp;<\/p>\n","protected":false},"excerpt":{"rendered":"<p>Se present\u00f3 el primer n\u00famero de la revista Proceso Social de Trabajo, instrumento con el cual se busca formar e informar a la clase obrera<\/p>\n","protected":false},"author":25,"featured_media":4194,"comment_status":"closed","ping_status":"closed","sticky":false,"template":"","format":"standard","meta":{"footnotes":""},"categories":[83],"tags":[],"yoast_head":"<!-- This site is optimized with the Yoast SEO plugin v22.5 - https:\/\/yoast.com\/wordpress\/plugins\/seo\/ -->\n<title>Direcci\u00f3n General de Gesti\u00f3n Comunicacional presenta la revista Proceso Social de Trabajo - MPPPST<\/title>\n<meta name=\"robots\" content=\"index, follow, max-snippet:-1, max-image-preview:large, max-video-preview:-1\" \/>\n<link rel=\"canonical\" href=\"https:\/\/www.mpppst.gob.ve\/mpppstweb\/index.php\/2015\/12\/16\/direccion-general-de-gestion-comunicacional-presenta-la-revista-proceso-social-de-trabajo\/\" \/>\n<meta property=\"og:locale\" content=\"es_ES\" \/>\n<meta property=\"og:type\" content=\"article\" \/>\n<meta property=\"og:title\" content=\"Direcci\u00f3n General de Gesti\u00f3n Comunicacional presenta la revista Proceso Social de Trabajo - MPPPST\" \/>\n<meta property=\"og:description\" content=\"Se present\u00f3 el primer n\u00famero de la revista Proceso Social de Trabajo, instrumento con el cual se busca formar e informar a la clase obrera\" \/>\n<meta property=\"og:url\" content=\"https:\/\/www.mpppst.gob.ve\/mpppstweb\/index.php\/2015\/12\/16\/direccion-general-de-gestion-comunicacional-presenta-la-revista-proceso-social-de-trabajo\/\" \/>\n<meta property=\"og:site_name\" content=\"MPPPST\" \/>\n<meta property=\"article:published_time\" content=\"2015-12-16T17:04:14+00:00\" \/>\n<meta property=\"article:modified_time\" content=\"2016-07-01T17:56:31+00:00\" \/>\n<meta property=\"og:image\" content=\"https:\/\/www.mpppst.gob.ve\/mpppstweb\/wp-content\/uploads\/2015\/12\/revista.jpg\" \/>\n\t<meta property=\"og:image:width\" content=\"448\" \/>\n\t<meta property=\"og:image:height\" content=\"300\" \/>\n\t<meta property=\"og:image:type\" content=\"image\/jpeg\" \/>\n<meta name=\"author\" content=\"MPPPST Prensa\" \/>\n<meta name=\"twitter:card\" content=\"summary_large_image\" \/>\n<meta name=\"twitter:label1\" content=\"Escrito por\" \/>\n\t<meta name=\"twitter:data1\" content=\"MPPPST Prensa\" \/>\n\t<meta name=\"twitter:label2\" content=\"Tiempo de lectura\" \/>\n\t<meta name=\"twitter:data2\" content=\"3 minutos\" \/>\n<script type=\"application\/ld+json\" class=\"yoast-schema-graph\">{\"@context\":\"https:\/\/schema.org\",\"@graph\":[{\"@type\":\"Article\",\"@id\":\"https:\/\/www.mpppst.gob.ve\/mpppstweb\/index.php\/2015\/12\/16\/direccion-general-de-gestion-comunicacional-presenta-la-revista-proceso-social-de-trabajo\/#article\",\"isPartOf\":{\"@id\":\"https:\/\/www.mpppst.gob.ve\/mpppstweb\/index.php\/2015\/12\/16\/direccion-general-de-gestion-comunicacional-presenta-la-revista-proceso-social-de-trabajo\/\"},\"author\":{\"name\":\"MPPPST Prensa\",\"@id\":\"https:\/\/www.mpppst.gob.ve\/mpppstweb\/#\/schema\/person\/fc187ee8ead412bd4c9304b62f900ea4\"},\"headline\":\"Direcci\u00f3n General de Gesti\u00f3n Comunicacional presenta la revista Proceso Social de Trabajo\",\"datePublished\":\"2015-12-16T17:04:14+00:00\",\"dateModified\":\"2016-07-01T17:56:31+00:00\",\"mainEntityOfPage\":{\"@id\":\"https:\/\/www.mpppst.gob.ve\/mpppstweb\/index.php\/2015\/12\/16\/direccion-general-de-gestion-comunicacional-presenta-la-revista-proceso-social-de-trabajo\/\"},\"wordCount\":604,\"publisher\":{\"@id\":\"https:\/\/www.mpppst.gob.ve\/mpppstweb\/#organization\"},\"image\":{\"@id\":\"https:\/\/www.mpppst.gob.ve\/mpppstweb\/index.php\/2015\/12\/16\/direccion-general-de-gestion-comunicacional-presenta-la-revista-proceso-social-de-trabajo\/#primaryimage\"},\"thumbnailUrl\":\"https:\/\/www.mpppst.gob.ve\/mpppstweb\/wp-content\/uploads\/2015\/12\/revista.jpg\",\"articleSection\":[\"Ministerio\"],\"inLanguage\":\"es\"},{\"@type\":\"WebPage\",\"@id\":\"https:\/\/www.mpppst.gob.ve\/mpppstweb\/index.php\/2015\/12\/16\/direccion-general-de-gestion-comunicacional-presenta-la-revista-proceso-social-de-trabajo\/\",\"url\":\"https:\/\/www.mpppst.gob.ve\/mpppstweb\/index.php\/2015\/12\/16\/direccion-general-de-gestion-comunicacional-presenta-la-revista-proceso-social-de-trabajo\/\",\"name\":\"Direcci\u00f3n General de Gesti\u00f3n Comunicacional presenta la revista Proceso Social de Trabajo - MPPPST\",\"isPartOf\":{\"@id\":\"https:\/\/www.mpppst.gob.ve\/mpppstweb\/#website\"},\"primaryImageOfPage\":{\"@id\":\"https:\/\/www.mpppst.gob.ve\/mpppstweb\/index.php\/2015\/12\/16\/direccion-general-de-gestion-comunicacional-presenta-la-revista-proceso-social-de-trabajo\/#primaryimage\"},\"image\":{\"@id\":\"https:\/\/www.mpppst.gob.ve\/mpppstweb\/index.php\/2015\/12\/16\/direccion-general-de-gestion-comunicacional-presenta-la-revista-proceso-social-de-trabajo\/#primaryimage\"},\"thumbnailUrl\":\"https:\/\/www.mpppst.gob.ve\/mpppstweb\/wp-content\/uploads\/2015\/12\/revista.jpg\",\"datePublished\":\"2015-12-16T17:04:14+00:00\",\"dateModified\":\"2016-07-01T17:56:31+00:00\",\"breadcrumb\":{\"@id\":\"https:\/\/www.mpppst.gob.ve\/mpppstweb\/index.php\/2015\/12\/16\/direccion-general-de-gestion-comunicacional-presenta-la-revista-proceso-social-de-trabajo\/#breadcrumb\"},\"inLanguage\":\"es\",\"potentialAction\":[{\"@type\":\"ReadAction\",\"target\":[\"https:\/\/www.mpppst.gob.ve\/mpppstweb\/index.php\/2015\/12\/16\/direccion-general-de-gestion-comunicacional-presenta-la-revista-proceso-social-de-trabajo\/\"]}]},{\"@type\":\"ImageObject\",\"inLanguage\":\"es\",\"@id\":\"https:\/\/www.mpppst.gob.ve\/mpppstweb\/index.php\/2015\/12\/16\/direccion-general-de-gestion-comunicacional-presenta-la-revista-proceso-social-de-trabajo\/#primaryimage\",\"url\":\"https:\/\/www.mpppst.gob.ve\/mpppstweb\/wp-content\/uploads\/2015\/12\/revista.jpg\",\"contentUrl\":\"https:\/\/www.mpppst.gob.ve\/mpppstweb\/wp-content\/uploads\/2015\/12\/revista.jpg\",\"width\":448,\"height\":300},{\"@type\":\"BreadcrumbList\",\"@id\":\"https:\/\/www.mpppst.gob.ve\/mpppstweb\/index.php\/2015\/12\/16\/direccion-general-de-gestion-comunicacional-presenta-la-revista-proceso-social-de-trabajo\/#breadcrumb\",\"itemListElement\":[{\"@type\":\"ListItem\",\"position\":1,\"name\":\"Home\",\"item\":\"https:\/\/www.mpppst.gob.ve\/mpppstweb\/\"},{\"@type\":\"ListItem\",\"position\":2,\"name\":\"Direcci\u00f3n General de Gesti\u00f3n Comunicacional presenta la revista Proceso Social de Trabajo\"}]},{\"@type\":\"WebSite\",\"@id\":\"https:\/\/www.mpppst.gob.ve\/mpppstweb\/#website\",\"url\":\"https:\/\/www.mpppst.gob.ve\/mpppstweb\/\",\"name\":\"MPPPST\",\"description\":\"Ministerio del Poder Popular para el Proceso Social de Trabajo\",\"publisher\":{\"@id\":\"https:\/\/www.mpppst.gob.ve\/mpppstweb\/#organization\"},\"potentialAction\":[{\"@type\":\"SearchAction\",\"target\":{\"@type\":\"EntryPoint\",\"urlTemplate\":\"https:\/\/www.mpppst.gob.ve\/mpppstweb\/?s={search_term_string}\"},\"query-input\":\"required name=search_term_string\"}],\"inLanguage\":\"es\"},{\"@type\":\"Organization\",\"@id\":\"https:\/\/www.mpppst.gob.ve\/mpppstweb\/#organization\",\"name\":\"mpppst\",\"url\":\"https:\/\/www.mpppst.gob.ve\/mpppstweb\/\",\"logo\":{\"@type\":\"ImageObject\",\"inLanguage\":\"es\",\"@id\":\"https:\/\/www.mpppst.gob.ve\/mpppstweb\/#\/schema\/logo\/image\/\",\"url\":\"https:\/\/www.mpppst.gob.ve\/mpppstweb\/wp-content\/uploads\/2025\/07\/cropped-cropped-g910.png\",\"contentUrl\":\"https:\/\/www.mpppst.gob.ve\/mpppstweb\/wp-content\/uploads\/2025\/07\/cropped-cropped-g910.png\",\"width\":1080,\"height\":241,\"caption\":\"mpppst\"},\"image\":{\"@id\":\"https:\/\/www.mpppst.gob.ve\/mpppstweb\/#\/schema\/logo\/image\/\"}},{\"@type\":\"Person\",\"@id\":\"https:\/\/www.mpppst.gob.ve\/mpppstweb\/#\/schema\/person\/fc187ee8ead412bd4c9304b62f900ea4\",\"name\":\"MPPPST Prensa\",\"url\":\"https:\/\/www.mpppst.gob.ve\/mpppstweb\/index.php\/author\/prensa-mpppst\/\"}]}<\/script>\n<!-- \/ Yoast SEO plugin. -->","yoast_head_json":{"title":"Direcci\u00f3n General de Gesti\u00f3n Comunicacional presenta la revista Proceso Social de Trabajo - MPPPST","robots":{"index":"index","follow":"follow","max-snippet":"max-snippet:-1","max-image-preview":"max-image-preview:large","max-video-preview":"max-video-preview:-1"},"canonical":"https:\/\/www.mpppst.gob.ve\/mpppstweb\/index.php\/2015\/12\/16\/direccion-general-de-gestion-comunicacional-presenta-la-revista-proceso-social-de-trabajo\/","og_locale":"es_ES","og_type":"article","og_title":"Direcci\u00f3n General de Gesti\u00f3n Comunicacional presenta la revista Proceso Social de Trabajo - MPPPST","og_description":"Se present\u00f3 el primer n\u00famero de la revista Proceso Social de Trabajo, instrumento con el cual se busca formar e informar a la clase obrera","og_url":"https:\/\/www.mpppst.gob.ve\/mpppstweb\/index.php\/2015\/12\/16\/direccion-general-de-gestion-comunicacional-presenta-la-revista-proceso-social-de-trabajo\/","og_site_name":"MPPPST","article_published_time":"2015-12-16T17:04:14+00:00","article_modified_time":"2016-07-01T17:56:31+00:00","og_image":[{"width":448,"height":300,"url":"https:\/\/www.mpppst.gob.ve\/mpppstweb\/wp-content\/uploads\/2015\/12\/revista.jpg","type":"image\/jpeg"}],"author":"MPPPST Prensa","twitter_card":"summary_large_image","twitter_misc":{"Escrito por":"MPPPST Prensa","Tiempo de lectura":"3 minutos"},"schema":{"@context":"https:\/\/schema.org","@graph":[{"@type":"Article","@id":"https:\/\/www.mpppst.gob.ve\/mpppstweb\/index.php\/2015\/12\/16\/direccion-general-de-gestion-comunicacional-presenta-la-revista-proceso-social-de-trabajo\/#article","isPartOf":{"@id":"https:\/\/www.mpppst.gob.ve\/mpppstweb\/index.php\/2015\/12\/16\/direccion-general-de-gestion-comunicacional-presenta-la-revista-proceso-social-de-trabajo\/"},"author":{"name":"MPPPST Prensa","@id":"https:\/\/www.mpppst.gob.ve\/mpppstweb\/#\/schema\/person\/fc187ee8ead412bd4c9304b62f900ea4"},"headline":"Direcci\u00f3n General de Gesti\u00f3n Comunicacional presenta la revista Proceso Social de Trabajo","datePublished":"2015-12-16T17:04:14+00:00","dateModified":"2016-07-01T17:56:31+00:00","mainEntityOfPage":{"@id":"https:\/\/www.mpppst.gob.ve\/mpppstweb\/index.php\/2015\/12\/16\/direccion-general-de-gestion-comunicacional-presenta-la-revista-proceso-social-de-trabajo\/"},"wordCount":604,"publisher":{"@id":"https:\/\/www.mpppst.gob.ve\/mpppstweb\/#organization"},"image":{"@id":"https:\/\/www.mpppst.gob.ve\/mpppstweb\/index.php\/2015\/12\/16\/direccion-general-de-gestion-comunicacional-presenta-la-revista-proceso-social-de-trabajo\/#primaryimage"},"thumbnailUrl":"https:\/\/www.mpppst.gob.ve\/mpppstweb\/wp-content\/uploads\/2015\/12\/revista.jpg","articleSection":["Ministerio"],"inLanguage":"es"},{"@type":"WebPage","@id":"https:\/\/www.mpppst.gob.ve\/mpppstweb\/index.php\/2015\/12\/16\/direccion-general-de-gestion-comunicacional-presenta-la-revista-proceso-social-de-trabajo\/","url":"https:\/\/www.mpppst.gob.ve\/mpppstweb\/index.php\/2015\/12\/16\/direccion-general-de-gestion-comunicacional-presenta-la-revista-proceso-social-de-trabajo\/","name":"Direcci\u00f3n General de Gesti\u00f3n Comunicacional presenta la revista Proceso Social de Trabajo - MPPPST","isPartOf":{"@id":"https:\/\/www.mpppst.gob.ve\/mpppstweb\/#website"},"primaryImageOfPage":{"@id":"https:\/\/www.mpppst.gob.ve\/mpppstweb\/index.php\/2015\/12\/16\/direccion-general-de-gestion-comunicacional-presenta-la-revista-proceso-social-de-trabajo\/#primaryimage"},"image":{"@id":"https:\/\/www.mpppst.gob.ve\/mpppstweb\/index.php\/2015\/12\/16\/direccion-general-de-gestion-comunicacional-presenta-la-revista-proceso-social-de-trabajo\/#primaryimage"},"thumbnailUrl":"https:\/\/www.mpppst.gob.ve\/mpppstweb\/wp-content\/uploads\/2015\/12\/revista.jpg","datePublished":"2015-12-16T17:04:14+00:00","dateModified":"2016-07-01T17:56:31+00:00","breadcrumb":{"@id":"https:\/\/www.mpppst.gob.ve\/mpppstweb\/index.php\/2015\/12\/16\/direccion-general-de-gestion-comunicacional-presenta-la-revista-proceso-social-de-trabajo\/#breadcrumb"},"inLanguage":"es","potentialAction":[{"@type":"ReadAction","target":["https:\/\/www.mpppst.gob.ve\/mpppstweb\/index.php\/2015\/12\/16\/direccion-general-de-gestion-comunicacional-presenta-la-revista-proceso-social-de-trabajo\/"]}]},{"@type":"ImageObject","inLanguage":"es","@id":"https:\/\/www.mpppst.gob.ve\/mpppstweb\/index.php\/2015\/12\/16\/direccion-general-de-gestion-comunicacional-presenta-la-revista-proceso-social-de-trabajo\/#primaryimage","url":"https:\/\/www.mpppst.gob.ve\/mpppstweb\/wp-content\/uploads\/2015\/12\/revista.jpg","contentUrl":"https:\/\/www.mpppst.gob.ve\/mpppstweb\/wp-content\/uploads\/2015\/12\/revista.jpg","width":448,"height":300},{"@type":"BreadcrumbList","@id":"https:\/\/www.mpppst.gob.ve\/mpppstweb\/index.php\/2015\/12\/16\/direccion-general-de-gestion-comunicacional-presenta-la-revista-proceso-social-de-trabajo\/#breadcrumb","itemListElement":[{"@type":"ListItem","position":1,"name":"Home","item":"https:\/\/www.mpppst.gob.ve\/mpppstweb\/"},{"@type":"ListItem","position":2,"name":"Direcci\u00f3n General de Gesti\u00f3n Comunicacional presenta la revista Proceso Social de Trabajo"}]},{"@type":"WebSite","@id":"https:\/\/www.mpppst.gob.ve\/mpppstweb\/#website","url":"https:\/\/www.mpppst.gob.ve\/mpppstweb\/","name":"MPPPST","description":"Ministerio del Poder Popular para el Proceso Social de Trabajo","publisher":{"@id":"https:\/\/www.mpppst.gob.ve\/mpppstweb\/#organization"},"potentialAction":[{"@type":"SearchAction","target":{"@type":"EntryPoint","urlTemplate":"https:\/\/www.mpppst.gob.ve\/mpppstweb\/?s={search_term_string}"},"query-input":"required name=search_term_string"}],"inLanguage":"es"},{"@type":"Organization","@id":"https:\/\/www.mpppst.gob.ve\/mpppstweb\/#organization","name":"mpppst","url":"https:\/\/www.mpppst.gob.ve\/mpppstweb\/","logo":{"@type":"ImageObject","inLanguage":"es","@id":"https:\/\/www.mpppst.gob.ve\/mpppstweb\/#\/schema\/logo\/image\/","url":"https:\/\/www.mpppst.gob.ve\/mpppstweb\/wp-content\/uploads\/2025\/07\/cropped-cropped-g910.png","contentUrl":"https:\/\/www.mpppst.gob.ve\/mpppstweb\/wp-content\/uploads\/2025\/07\/cropped-cropped-g910.png","width":1080,"height":241,"caption":"mpppst"},"image":{"@id":"https:\/\/www.mpppst.gob.ve\/mpppstweb\/#\/schema\/logo\/image\/"}},{"@type":"Person","@id":"https:\/\/www.mpppst.gob.ve\/mpppstweb\/#\/schema\/person\/fc187ee8ead412bd4c9304b62f900ea4","name":"MPPPST Prensa","url":"https:\/\/www.mpppst.gob.ve\/mpppstweb\/index.php\/author\/prensa-mpppst\/"}]}},"_links":{"self":[{"href":"https:\/\/www.mpppst.gob.ve\/mpppstweb\/index.php\/wp-json\/wp\/v2\/posts\/4193"}],"collection":[{"href":"https:\/\/www.mpppst.gob.ve\/mpppstweb\/index.php\/wp-json\/wp\/v2\/posts"}],"about":[{"href":"https:\/\/www.mpppst.gob.ve\/mpppstweb\/index.php\/wp-json\/wp\/v2\/types\/post"}],"author":[{"embeddable":true,"href":"https:\/\/www.mpppst.gob.ve\/mpppstweb\/index.php\/wp-json\/wp\/v2\/users\/25"}],"replies":[{"embeddable":true,"href":"https:\/\/www.mpppst.gob.ve\/mpppstweb\/index.php\/wp-json\/wp\/v2\/comments?post=4193"}],"version-history":[{"count":1,"href":"https:\/\/www.mpppst.gob.ve\/mpppstweb\/index.php\/wp-json\/wp\/v2\/posts\/4193\/revisions"}],"predecessor-version":[{"id":6961,"href":"https:\/\/www.mpppst.gob.ve\/mpppstweb\/index.php\/wp-json\/wp\/v2\/posts\/4193\/revisions\/6961"}],"wp:featuredmedia":[{"embeddable":true,"href":"https:\/\/www.mpppst.gob.ve\/mpppstweb\/index.php\/wp-json\/wp\/v2\/media\/4194"}],"wp:attachment":[{"href":"https:\/\/www.mpppst.gob.ve\/mpppstweb\/index.php\/wp-json\/wp\/v2\/media?parent=4193"}],"wp:term":[{"taxonomy":"category","embeddable":true,"href":"https:\/\/www.mpppst.gob.ve\/mpppstweb\/index.php\/wp-json\/wp\/v2\/categories?post=4193"},{"taxonomy":"post_tag","embeddable":true,"href":"https:\/\/www.mpppst.gob.ve\/mpppstweb\/index.php\/wp-json\/wp\/v2\/tags?post=4193"}],"curies":[{"name":"wp","href":"https:\/\/api.w.org\/{rel}","templated":true}]}}