{"id":4216,"date":"2015-12-21T12:08:12","date_gmt":"2015-12-21T12:08:12","guid":{"rendered":"http:\/\/www.mpppst.gob.ve\/mpppstweb\/?p=4216"},"modified":"2016-07-01T17:58:21","modified_gmt":"2016-07-01T17:58:21","slug":"clase-obrera-del-pais-entrega-proyecto-de-ley-de-gestion-directa-y-democratica-de-la-direccion-del-proceso-social-de-trabajo","status":"publish","type":"post","link":"https:\/\/www.mpppst.gob.ve\/mpppstweb\/index.php\/2015\/12\/21\/clase-obrera-del-pais-entrega-proyecto-de-ley-de-gestion-directa-y-democratica-de-la-direccion-del-proceso-social-de-trabajo\/","title":{"rendered":"Clase obrera del pa\u00eds entrega proyecto de Ley de Gesti\u00f3n Directa y Democr\u00e1tica de la Direcci\u00f3n del Proceso Social de Trabajo"},"content":{"rendered":"<p style=\"text-align: justify;\">Caracas, 21 de diciembre de 2015.- Las trabajadoras y trabajadores de diferentes cadenas productivas del pa\u00eds presentaron los avances en su proceso de autoformaci\u00f3n colectiva al Vicepresidente de la Rep\u00fablica, Jorge Arreaza y al ministro del Poder Popular para el Proceso Social de Trabajo, Jes\u00fas Mart\u00ednez, en un acto celebrado en el Poliedro de Caracas.<\/p>\n<p style=\"text-align: justify;\">La representaci\u00f3n de la clase trabajadora entreg\u00f3 oficialmente en el acto 9 planes productivos para que sean revisados por el presidente Nicol\u00e1s Maduro y el despacho de la Vicepresidencia; as\u00ed como algunos Planes de Estabilizaci\u00f3n y Desarrollo de Cadenas Productivas en diversas \u00e1reas de la producci\u00f3n; 51 Planes de Formaci\u00f3n Bianual de Cadenas Productivas; y finalmente, el proyecto de Ley de Gesti\u00f3n Directa y Democr\u00e1tica de la Direcci\u00f3n del Proceso Social de Trabajo.<\/p>\n<p style=\"text-align: justify;\">Jos\u00e9 Morillo, trabajador del Metro de Caracas, explic\u00f3 que m\u00e1s de 85 mil trabajadores y trabajadoras de 391 entidades de trabajo del pa\u00eds, presentaron 9 planes productivos que fueron dise\u00f1ados despu\u00e9s de realizar grandes debates en diversas entidades de trabajos con el objetivo de consolidar la unidad de la clase obrera y el ejercicio de la Gesti\u00f3n Directa y Democr\u00e1tica.<\/p>\n<p style=\"text-align: justify;\">Agreg\u00f3 que han venido dando forma a la autoformaci\u00f3n colectiva gracias al trabajo que realizan con la Universidad Bolivariana de los Trabajadores Jes\u00fas Rivero (UBTJR), los Centros de Encuentros para la Educaci\u00f3n y el Trabajo (CEET), el Instituto Nacional de Capacitaci\u00f3n y Educaci\u00f3n Socialista (Inces), Misi\u00f3n Ribas, Misi\u00f3n Sucre y el Instituto Nacional de Prevenci\u00f3n, Salud y Seguridad Laborales (Inpsasel). No obstante, se\u00f1al\u00f3 que a\u00fan falta afianzar los niveles de conciencia de los trabajadores como clase. Y en tal sentido precis\u00f3 que son varias las acciones que se est\u00e1n llevando a cabo en esta materia: asambleas con trabajadores, la conformaci\u00f3n de equipos de estudio y de equipo promotores.\u00a0 Asimismo, a\u00f1adi\u00f3 que ahora \u201csomos un pa\u00eds libre\u201d, dado que \u201ctodas las empresas est\u00e1n ahora en manos de los trabajadores\u201d.<\/p>\n<p style=\"text-align: justify;\">Por su parte, N\u00e9stor Astudillo, trabajador de la Sider\u00fargica del Orinoco (Sidor) dio una clase magistral explicando el proceso de elaboraci\u00f3n y las orientaciones fundamentales de los planes de estabilizaci\u00f3n y desarrollo de las cadenas productivas y de formaci\u00f3n bianual elaborados por la clase trabajadora, en especial la cadena del hierro y acero.<\/p>\n<p style=\"text-align: justify;\">Destac\u00f3 que en el pa\u00eds se realizaron 3 encuentros a nivel nacional de la cadena hierro- acero, en donde elaboraron un plan de recuperaci\u00f3n de las empresas para el a\u00f1o 2016, posteriormente la culminaci\u00f3n de proyectos, expansi\u00f3n y estabilizaci\u00f3n del Proceso Social de Trabajo. Una de las propuestas m\u00e1s emblem\u00e1ticas de este trabajador consisti\u00f3 en la necesidad de generar divisas para solucionar problemas fundamentales en Venezuela. Puntualiz\u00f3 que la escoria puede ser un insumo para la exportaci\u00f3n, que puede generar divisas. Tambi\u00e9n dirigi\u00f3 un elocuente mensaje a los trabajadores: \u201clleg\u00f3 la hora de dar el todo por el todo por la Patria\u201d<\/p>\n<p style=\"text-align: justify;\">El trabajador Alejandro Flores de Venemiks tractores de Barinas, dijo que la clase obrera atendiendo el llamado del presidente Nicol\u00e1s Maduro de ponerse a la vanguardia, explic\u00f3 el proceso de elaboraci\u00f3n y orientaciones fundamentales de la propuesta de Ley de Gesti\u00f3n Directa y Democr\u00e1tica de la Direcci\u00f3n del Proceso Social de Trabajo, y posteriormente fue entregada al Vicepresidente Arreaza.<\/p>\n<p style=\"text-align: justify;\">El Vicepresidente de la Rep\u00fablica, Jorge Arreaza, felicit\u00f3 a los trabajadores y trabajadoras del pa\u00eds por la elaboraci\u00f3n y presentaci\u00f3n de estos planes y proyectos; y los invit\u00f3 a involucrarse y asumir con amor el Plan de las nuevas tres R, que present\u00f3 el Presidente Maduro: la Rectificaci\u00f3n profunda revolucionaria y constructiva, la Rebeli\u00f3n de la clase trabajadora ante la amenaza de la oligarqu\u00eda y el Renacimiento del bolivarianismo, el chavismo y del patriotismo.<\/p>\n<p style=\"text-align: justify;\">Report\u00f3 Elio Garc\u00eda<\/p>\n<p style=\"text-align: justify;\">Foto: Dellys Landaeta<\/p>\n","protected":false},"excerpt":{"rendered":"<p>Las trabajadoras y trabajadores del pa\u00eds presentaron los avances en su proceso de autoformaci\u00f3n colectiva<\/p>\n","protected":false},"author":25,"featured_media":4217,"comment_status":"closed","ping_status":"closed","sticky":false,"template":"","format":"standard","meta":{"footnotes":""},"categories":[82],"tags":[],"yoast_head":"<!-- This site is optimized with the Yoast SEO plugin v22.5 - https:\/\/yoast.com\/wordpress\/plugins\/seo\/ -->\n<title>Clase obrera del pa\u00eds entrega proyecto de Ley de Gesti\u00f3n Directa y Democr\u00e1tica de la Direcci\u00f3n del Proceso Social de Trabajo - MPPPST<\/title>\n<meta name=\"robots\" content=\"index, follow, max-snippet:-1, max-image-preview:large, max-video-preview:-1\" \/>\n<link rel=\"canonical\" href=\"https:\/\/www.mpppst.gob.ve\/mpppstweb\/index.php\/2015\/12\/21\/clase-obrera-del-pais-entrega-proyecto-de-ley-de-gestion-directa-y-democratica-de-la-direccion-del-proceso-social-de-trabajo\/\" \/>\n<meta property=\"og:locale\" content=\"es_ES\" \/>\n<meta property=\"og:type\" content=\"article\" \/>\n<meta property=\"og:title\" content=\"Clase obrera del pa\u00eds entrega proyecto de Ley de Gesti\u00f3n Directa y Democr\u00e1tica de la Direcci\u00f3n del Proceso Social de Trabajo - MPPPST\" \/>\n<meta property=\"og:description\" content=\"Las trabajadoras y trabajadores del pa\u00eds presentaron los avances en su proceso de autoformaci\u00f3n colectiva\" \/>\n<meta property=\"og:url\" content=\"https:\/\/www.mpppst.gob.ve\/mpppstweb\/index.php\/2015\/12\/21\/clase-obrera-del-pais-entrega-proyecto-de-ley-de-gestion-directa-y-democratica-de-la-direccion-del-proceso-social-de-trabajo\/\" \/>\n<meta property=\"og:site_name\" content=\"MPPPST\" \/>\n<meta property=\"article:published_time\" content=\"2015-12-21T12:08:12+00:00\" \/>\n<meta property=\"article:modified_time\" content=\"2016-07-01T17:58:21+00:00\" \/>\n<meta property=\"og:image\" content=\"https:\/\/www.mpppst.gob.ve\/mpppstweb\/wp-content\/uploads\/2015\/12\/para-nota-de-proceso-de-autoformaci\u00f3n.jpg\" \/>\n\t<meta property=\"og:image:width\" content=\"448\" \/>\n\t<meta property=\"og:image:height\" content=\"275\" \/>\n\t<meta property=\"og:image:type\" content=\"image\/jpeg\" \/>\n<meta name=\"author\" content=\"MPPPST Prensa\" \/>\n<meta name=\"twitter:card\" content=\"summary_large_image\" \/>\n<meta name=\"twitter:label1\" content=\"Escrito por\" \/>\n\t<meta name=\"twitter:data1\" content=\"MPPPST Prensa\" \/>\n\t<meta name=\"twitter:label2\" content=\"Tiempo de lectura\" \/>\n\t<meta name=\"twitter:data2\" content=\"3 minutos\" \/>\n<script type=\"application\/ld+json\" class=\"yoast-schema-graph\">{\"@context\":\"https:\/\/schema.org\",\"@graph\":[{\"@type\":\"Article\",\"@id\":\"https:\/\/www.mpppst.gob.ve\/mpppstweb\/index.php\/2015\/12\/21\/clase-obrera-del-pais-entrega-proyecto-de-ley-de-gestion-directa-y-democratica-de-la-direccion-del-proceso-social-de-trabajo\/#article\",\"isPartOf\":{\"@id\":\"https:\/\/www.mpppst.gob.ve\/mpppstweb\/index.php\/2015\/12\/21\/clase-obrera-del-pais-entrega-proyecto-de-ley-de-gestion-directa-y-democratica-de-la-direccion-del-proceso-social-de-trabajo\/\"},\"author\":{\"name\":\"MPPPST Prensa\",\"@id\":\"https:\/\/www.mpppst.gob.ve\/mpppstweb\/#\/schema\/person\/fc187ee8ead412bd4c9304b62f900ea4\"},\"headline\":\"Clase obrera del pa\u00eds entrega proyecto de Ley de Gesti\u00f3n Directa y Democr\u00e1tica de la Direcci\u00f3n del Proceso Social de Trabajo\",\"datePublished\":\"2015-12-21T12:08:12+00:00\",\"dateModified\":\"2016-07-01T17:58:21+00:00\",\"mainEntityOfPage\":{\"@id\":\"https:\/\/www.mpppst.gob.ve\/mpppstweb\/index.php\/2015\/12\/21\/clase-obrera-del-pais-entrega-proyecto-de-ley-de-gestion-directa-y-democratica-de-la-direccion-del-proceso-social-de-trabajo\/\"},\"wordCount\":689,\"publisher\":{\"@id\":\"https:\/\/www.mpppst.gob.ve\/mpppstweb\/#organization\"},\"image\":{\"@id\":\"https:\/\/www.mpppst.gob.ve\/mpppstweb\/index.php\/2015\/12\/21\/clase-obrera-del-pais-entrega-proyecto-de-ley-de-gestion-directa-y-democratica-de-la-direccion-del-proceso-social-de-trabajo\/#primaryimage\"},\"thumbnailUrl\":\"https:\/\/www.mpppst.gob.ve\/mpppstweb\/wp-content\/uploads\/2015\/12\/para-nota-de-proceso-de-autoformaci\u00f3n.jpg\",\"articleSection\":[\"Gobierno Nacional\"],\"inLanguage\":\"es\"},{\"@type\":\"WebPage\",\"@id\":\"https:\/\/www.mpppst.gob.ve\/mpppstweb\/index.php\/2015\/12\/21\/clase-obrera-del-pais-entrega-proyecto-de-ley-de-gestion-directa-y-democratica-de-la-direccion-del-proceso-social-de-trabajo\/\",\"url\":\"https:\/\/www.mpppst.gob.ve\/mpppstweb\/index.php\/2015\/12\/21\/clase-obrera-del-pais-entrega-proyecto-de-ley-de-gestion-directa-y-democratica-de-la-direccion-del-proceso-social-de-trabajo\/\",\"name\":\"Clase obrera del pa\u00eds entrega proyecto de Ley de Gesti\u00f3n Directa y Democr\u00e1tica de la Direcci\u00f3n del Proceso Social de Trabajo - MPPPST\",\"isPartOf\":{\"@id\":\"https:\/\/www.mpppst.gob.ve\/mpppstweb\/#website\"},\"primaryImageOfPage\":{\"@id\":\"https:\/\/www.mpppst.gob.ve\/mpppstweb\/index.php\/2015\/12\/21\/clase-obrera-del-pais-entrega-proyecto-de-ley-de-gestion-directa-y-democratica-de-la-direccion-del-proceso-social-de-trabajo\/#primaryimage\"},\"image\":{\"@id\":\"https:\/\/www.mpppst.gob.ve\/mpppstweb\/index.php\/2015\/12\/21\/clase-obrera-del-pais-entrega-proyecto-de-ley-de-gestion-directa-y-democratica-de-la-direccion-del-proceso-social-de-trabajo\/#primaryimage\"},\"thumbnailUrl\":\"https:\/\/www.mpppst.gob.ve\/mpppstweb\/wp-content\/uploads\/2015\/12\/para-nota-de-proceso-de-autoformaci\u00f3n.jpg\",\"datePublished\":\"2015-12-21T12:08:12+00:00\",\"dateModified\":\"2016-07-01T17:58:21+00:00\",\"breadcrumb\":{\"@id\":\"https:\/\/www.mpppst.gob.ve\/mpppstweb\/index.php\/2015\/12\/21\/clase-obrera-del-pais-entrega-proyecto-de-ley-de-gestion-directa-y-democratica-de-la-direccion-del-proceso-social-de-trabajo\/#breadcrumb\"},\"inLanguage\":\"es\",\"potentialAction\":[{\"@type\":\"ReadAction\",\"target\":[\"https:\/\/www.mpppst.gob.ve\/mpppstweb\/index.php\/2015\/12\/21\/clase-obrera-del-pais-entrega-proyecto-de-ley-de-gestion-directa-y-democratica-de-la-direccion-del-proceso-social-de-trabajo\/\"]}]},{\"@type\":\"ImageObject\",\"inLanguage\":\"es\",\"@id\":\"https:\/\/www.mpppst.gob.ve\/mpppstweb\/index.php\/2015\/12\/21\/clase-obrera-del-pais-entrega-proyecto-de-ley-de-gestion-directa-y-democratica-de-la-direccion-del-proceso-social-de-trabajo\/#primaryimage\",\"url\":\"https:\/\/www.mpppst.gob.ve\/mpppstweb\/wp-content\/uploads\/2015\/12\/para-nota-de-proceso-de-autoformaci\u00f3n.jpg\",\"contentUrl\":\"https:\/\/www.mpppst.gob.ve\/mpppstweb\/wp-content\/uploads\/2015\/12\/para-nota-de-proceso-de-autoformaci\u00f3n.jpg\",\"width\":448,\"height\":275},{\"@type\":\"BreadcrumbList\",\"@id\":\"https:\/\/www.mpppst.gob.ve\/mpppstweb\/index.php\/2015\/12\/21\/clase-obrera-del-pais-entrega-proyecto-de-ley-de-gestion-directa-y-democratica-de-la-direccion-del-proceso-social-de-trabajo\/#breadcrumb\",\"itemListElement\":[{\"@type\":\"ListItem\",\"position\":1,\"name\":\"Home\",\"item\":\"https:\/\/www.mpppst.gob.ve\/mpppstweb\/\"},{\"@type\":\"ListItem\",\"position\":2,\"name\":\"Clase obrera del pa\u00eds entrega proyecto de Ley de Gesti\u00f3n Directa y Democr\u00e1tica de la Direcci\u00f3n del Proceso Social de Trabajo\"}]},{\"@type\":\"WebSite\",\"@id\":\"https:\/\/www.mpppst.gob.ve\/mpppstweb\/#website\",\"url\":\"https:\/\/www.mpppst.gob.ve\/mpppstweb\/\",\"name\":\"MPPPST\",\"description\":\"Ministerio del Poder Popular para el Proceso Social de Trabajo\",\"publisher\":{\"@id\":\"https:\/\/www.mpppst.gob.ve\/mpppstweb\/#organization\"},\"potentialAction\":[{\"@type\":\"SearchAction\",\"target\":{\"@type\":\"EntryPoint\",\"urlTemplate\":\"https:\/\/www.mpppst.gob.ve\/mpppstweb\/?s={search_term_string}\"},\"query-input\":\"required name=search_term_string\"}],\"inLanguage\":\"es\"},{\"@type\":\"Organization\",\"@id\":\"https:\/\/www.mpppst.gob.ve\/mpppstweb\/#organization\",\"name\":\"mpppst\",\"url\":\"https:\/\/www.mpppst.gob.ve\/mpppstweb\/\",\"logo\":{\"@type\":\"ImageObject\",\"inLanguage\":\"es\",\"@id\":\"https:\/\/www.mpppst.gob.ve\/mpppstweb\/#\/schema\/logo\/image\/\",\"url\":\"https:\/\/www.mpppst.gob.ve\/mpppstweb\/wp-content\/uploads\/2025\/07\/cropped-cropped-g910.png\",\"contentUrl\":\"https:\/\/www.mpppst.gob.ve\/mpppstweb\/wp-content\/uploads\/2025\/07\/cropped-cropped-g910.png\",\"width\":1080,\"height\":241,\"caption\":\"mpppst\"},\"image\":{\"@id\":\"https:\/\/www.mpppst.gob.ve\/mpppstweb\/#\/schema\/logo\/image\/\"}},{\"@type\":\"Person\",\"@id\":\"https:\/\/www.mpppst.gob.ve\/mpppstweb\/#\/schema\/person\/fc187ee8ead412bd4c9304b62f900ea4\",\"name\":\"MPPPST Prensa\",\"url\":\"https:\/\/www.mpppst.gob.ve\/mpppstweb\/index.php\/author\/prensa-mpppst\/\"}]}<\/script>\n<!-- \/ Yoast SEO plugin. -->","yoast_head_json":{"title":"Clase obrera del pa\u00eds entrega proyecto de Ley de Gesti\u00f3n Directa y Democr\u00e1tica de la Direcci\u00f3n del Proceso Social de Trabajo - MPPPST","robots":{"index":"index","follow":"follow","max-snippet":"max-snippet:-1","max-image-preview":"max-image-preview:large","max-video-preview":"max-video-preview:-1"},"canonical":"https:\/\/www.mpppst.gob.ve\/mpppstweb\/index.php\/2015\/12\/21\/clase-obrera-del-pais-entrega-proyecto-de-ley-de-gestion-directa-y-democratica-de-la-direccion-del-proceso-social-de-trabajo\/","og_locale":"es_ES","og_type":"article","og_title":"Clase obrera del pa\u00eds entrega proyecto de Ley de Gesti\u00f3n Directa y Democr\u00e1tica de la Direcci\u00f3n del Proceso Social de Trabajo - MPPPST","og_description":"Las trabajadoras y trabajadores del pa\u00eds presentaron los avances en su proceso de autoformaci\u00f3n colectiva","og_url":"https:\/\/www.mpppst.gob.ve\/mpppstweb\/index.php\/2015\/12\/21\/clase-obrera-del-pais-entrega-proyecto-de-ley-de-gestion-directa-y-democratica-de-la-direccion-del-proceso-social-de-trabajo\/","og_site_name":"MPPPST","article_published_time":"2015-12-21T12:08:12+00:00","article_modified_time":"2016-07-01T17:58:21+00:00","og_image":[{"width":448,"height":275,"url":"https:\/\/www.mpppst.gob.ve\/mpppstweb\/wp-content\/uploads\/2015\/12\/para-nota-de-proceso-de-autoformaci\u00f3n.jpg","type":"image\/jpeg"}],"author":"MPPPST Prensa","twitter_card":"summary_large_image","twitter_misc":{"Escrito por":"MPPPST Prensa","Tiempo de lectura":"3 minutos"},"schema":{"@context":"https:\/\/schema.org","@graph":[{"@type":"Article","@id":"https:\/\/www.mpppst.gob.ve\/mpppstweb\/index.php\/2015\/12\/21\/clase-obrera-del-pais-entrega-proyecto-de-ley-de-gestion-directa-y-democratica-de-la-direccion-del-proceso-social-de-trabajo\/#article","isPartOf":{"@id":"https:\/\/www.mpppst.gob.ve\/mpppstweb\/index.php\/2015\/12\/21\/clase-obrera-del-pais-entrega-proyecto-de-ley-de-gestion-directa-y-democratica-de-la-direccion-del-proceso-social-de-trabajo\/"},"author":{"name":"MPPPST Prensa","@id":"https:\/\/www.mpppst.gob.ve\/mpppstweb\/#\/schema\/person\/fc187ee8ead412bd4c9304b62f900ea4"},"headline":"Clase obrera del pa\u00eds entrega proyecto de Ley de Gesti\u00f3n Directa y Democr\u00e1tica de la Direcci\u00f3n del Proceso Social de Trabajo","datePublished":"2015-12-21T12:08:12+00:00","dateModified":"2016-07-01T17:58:21+00:00","mainEntityOfPage":{"@id":"https:\/\/www.mpppst.gob.ve\/mpppstweb\/index.php\/2015\/12\/21\/clase-obrera-del-pais-entrega-proyecto-de-ley-de-gestion-directa-y-democratica-de-la-direccion-del-proceso-social-de-trabajo\/"},"wordCount":689,"publisher":{"@id":"https:\/\/www.mpppst.gob.ve\/mpppstweb\/#organization"},"image":{"@id":"https:\/\/www.mpppst.gob.ve\/mpppstweb\/index.php\/2015\/12\/21\/clase-obrera-del-pais-entrega-proyecto-de-ley-de-gestion-directa-y-democratica-de-la-direccion-del-proceso-social-de-trabajo\/#primaryimage"},"thumbnailUrl":"https:\/\/www.mpppst.gob.ve\/mpppstweb\/wp-content\/uploads\/2015\/12\/para-nota-de-proceso-de-autoformaci\u00f3n.jpg","articleSection":["Gobierno Nacional"],"inLanguage":"es"},{"@type":"WebPage","@id":"https:\/\/www.mpppst.gob.ve\/mpppstweb\/index.php\/2015\/12\/21\/clase-obrera-del-pais-entrega-proyecto-de-ley-de-gestion-directa-y-democratica-de-la-direccion-del-proceso-social-de-trabajo\/","url":"https:\/\/www.mpppst.gob.ve\/mpppstweb\/index.php\/2015\/12\/21\/clase-obrera-del-pais-entrega-proyecto-de-ley-de-gestion-directa-y-democratica-de-la-direccion-del-proceso-social-de-trabajo\/","name":"Clase obrera del pa\u00eds entrega proyecto de Ley de Gesti\u00f3n Directa y Democr\u00e1tica de la Direcci\u00f3n del Proceso Social de Trabajo - MPPPST","isPartOf":{"@id":"https:\/\/www.mpppst.gob.ve\/mpppstweb\/#website"},"primaryImageOfPage":{"@id":"https:\/\/www.mpppst.gob.ve\/mpppstweb\/index.php\/2015\/12\/21\/clase-obrera-del-pais-entrega-proyecto-de-ley-de-gestion-directa-y-democratica-de-la-direccion-del-proceso-social-de-trabajo\/#primaryimage"},"image":{"@id":"https:\/\/www.mpppst.gob.ve\/mpppstweb\/index.php\/2015\/12\/21\/clase-obrera-del-pais-entrega-proyecto-de-ley-de-gestion-directa-y-democratica-de-la-direccion-del-proceso-social-de-trabajo\/#primaryimage"},"thumbnailUrl":"https:\/\/www.mpppst.gob.ve\/mpppstweb\/wp-content\/uploads\/2015\/12\/para-nota-de-proceso-de-autoformaci\u00f3n.jpg","datePublished":"2015-12-21T12:08:12+00:00","dateModified":"2016-07-01T17:58:21+00:00","breadcrumb":{"@id":"https:\/\/www.mpppst.gob.ve\/mpppstweb\/index.php\/2015\/12\/21\/clase-obrera-del-pais-entrega-proyecto-de-ley-de-gestion-directa-y-democratica-de-la-direccion-del-proceso-social-de-trabajo\/#breadcrumb"},"inLanguage":"es","potentialAction":[{"@type":"ReadAction","target":["https:\/\/www.mpppst.gob.ve\/mpppstweb\/index.php\/2015\/12\/21\/clase-obrera-del-pais-entrega-proyecto-de-ley-de-gestion-directa-y-democratica-de-la-direccion-del-proceso-social-de-trabajo\/"]}]},{"@type":"ImageObject","inLanguage":"es","@id":"https:\/\/www.mpppst.gob.ve\/mpppstweb\/index.php\/2015\/12\/21\/clase-obrera-del-pais-entrega-proyecto-de-ley-de-gestion-directa-y-democratica-de-la-direccion-del-proceso-social-de-trabajo\/#primaryimage","url":"https:\/\/www.mpppst.gob.ve\/mpppstweb\/wp-content\/uploads\/2015\/12\/para-nota-de-proceso-de-autoformaci\u00f3n.jpg","contentUrl":"https:\/\/www.mpppst.gob.ve\/mpppstweb\/wp-content\/uploads\/2015\/12\/para-nota-de-proceso-de-autoformaci\u00f3n.jpg","width":448,"height":275},{"@type":"BreadcrumbList","@id":"https:\/\/www.mpppst.gob.ve\/mpppstweb\/index.php\/2015\/12\/21\/clase-obrera-del-pais-entrega-proyecto-de-ley-de-gestion-directa-y-democratica-de-la-direccion-del-proceso-social-de-trabajo\/#breadcrumb","itemListElement":[{"@type":"ListItem","position":1,"name":"Home","item":"https:\/\/www.mpppst.gob.ve\/mpppstweb\/"},{"@type":"ListItem","position":2,"name":"Clase obrera del pa\u00eds entrega proyecto de Ley de Gesti\u00f3n Directa y Democr\u00e1tica de la Direcci\u00f3n del Proceso Social de Trabajo"}]},{"@type":"WebSite","@id":"https:\/\/www.mpppst.gob.ve\/mpppstweb\/#website","url":"https:\/\/www.mpppst.gob.ve\/mpppstweb\/","name":"MPPPST","description":"Ministerio del Poder Popular para el Proceso Social de Trabajo","publisher":{"@id":"https:\/\/www.mpppst.gob.ve\/mpppstweb\/#organization"},"potentialAction":[{"@type":"SearchAction","target":{"@type":"EntryPoint","urlTemplate":"https:\/\/www.mpppst.gob.ve\/mpppstweb\/?s={search_term_string}"},"query-input":"required name=search_term_string"}],"inLanguage":"es"},{"@type":"Organization","@id":"https:\/\/www.mpppst.gob.ve\/mpppstweb\/#organization","name":"mpppst","url":"https:\/\/www.mpppst.gob.ve\/mpppstweb\/","logo":{"@type":"ImageObject","inLanguage":"es","@id":"https:\/\/www.mpppst.gob.ve\/mpppstweb\/#\/schema\/logo\/image\/","url":"https:\/\/www.mpppst.gob.ve\/mpppstweb\/wp-content\/uploads\/2025\/07\/cropped-cropped-g910.png","contentUrl":"https:\/\/www.mpppst.gob.ve\/mpppstweb\/wp-content\/uploads\/2025\/07\/cropped-cropped-g910.png","width":1080,"height":241,"caption":"mpppst"},"image":{"@id":"https:\/\/www.mpppst.gob.ve\/mpppstweb\/#\/schema\/logo\/image\/"}},{"@type":"Person","@id":"https:\/\/www.mpppst.gob.ve\/mpppstweb\/#\/schema\/person\/fc187ee8ead412bd4c9304b62f900ea4","name":"MPPPST Prensa","url":"https:\/\/www.mpppst.gob.ve\/mpppstweb\/index.php\/author\/prensa-mpppst\/"}]}},"_links":{"self":[{"href":"https:\/\/www.mpppst.gob.ve\/mpppstweb\/index.php\/wp-json\/wp\/v2\/posts\/4216"}],"collection":[{"href":"https:\/\/www.mpppst.gob.ve\/mpppstweb\/index.php\/wp-json\/wp\/v2\/posts"}],"about":[{"href":"https:\/\/www.mpppst.gob.ve\/mpppstweb\/index.php\/wp-json\/wp\/v2\/types\/post"}],"author":[{"embeddable":true,"href":"https:\/\/www.mpppst.gob.ve\/mpppstweb\/index.php\/wp-json\/wp\/v2\/users\/25"}],"replies":[{"embeddable":true,"href":"https:\/\/www.mpppst.gob.ve\/mpppstweb\/index.php\/wp-json\/wp\/v2\/comments?post=4216"}],"version-history":[{"count":1,"href":"https:\/\/www.mpppst.gob.ve\/mpppstweb\/index.php\/wp-json\/wp\/v2\/posts\/4216\/revisions"}],"predecessor-version":[{"id":6964,"href":"https:\/\/www.mpppst.gob.ve\/mpppstweb\/index.php\/wp-json\/wp\/v2\/posts\/4216\/revisions\/6964"}],"wp:featuredmedia":[{"embeddable":true,"href":"https:\/\/www.mpppst.gob.ve\/mpppstweb\/index.php\/wp-json\/wp\/v2\/media\/4217"}],"wp:attachment":[{"href":"https:\/\/www.mpppst.gob.ve\/mpppstweb\/index.php\/wp-json\/wp\/v2\/media?parent=4216"}],"wp:term":[{"taxonomy":"category","embeddable":true,"href":"https:\/\/www.mpppst.gob.ve\/mpppstweb\/index.php\/wp-json\/wp\/v2\/categories?post=4216"},{"taxonomy":"post_tag","embeddable":true,"href":"https:\/\/www.mpppst.gob.ve\/mpppstweb\/index.php\/wp-json\/wp\/v2\/tags?post=4216"}],"curies":[{"name":"wp","href":"https:\/\/api.w.org\/{rel}","templated":true}]}}