{"id":4227,"date":"2015-12-22T16:22:28","date_gmt":"2015-12-22T16:22:28","guid":{"rendered":"http:\/\/www.mpppst.gob.ve\/mpppstweb\/?p=4227"},"modified":"2016-07-01T17:59:05","modified_gmt":"2016-07-01T17:59:05","slug":"razones-para-defender-la-ley-organica-del-trabajo-los-trabajadores-y-trabajadoras-ii","status":"publish","type":"post","link":"https:\/\/www.mpppst.gob.ve\/mpppstweb\/index.php\/2015\/12\/22\/razones-para-defender-la-ley-organica-del-trabajo-los-trabajadores-y-trabajadoras-ii\/","title":{"rendered":"Razones para  defender la Ley Org\u00e1nica del Trabajo, los Trabajadores y Trabajadoras (II)"},"content":{"rendered":"<p style=\"text-align: justify;\">A continuaci\u00f3n presentamos una serie de art\u00edculos que contempla la Ley Org\u00e1nica del Trabajo, los Trabajadores y las Trabajadoras (LOTTT), aprobada por el l\u00edder de la Revoluci\u00f3n Bolivariana, Hugo Ch\u00e1vez, el 30 de abril de 2012, relativos al salario y a la justa distribuci\u00f3n de riqueza.<\/p>\n<p style=\"text-align: justify;\">En principio, vale destacar que esta Ley \u00abtiene por objeto proteger al trabajo como hecho social y garantizar los derechos de los trabajadores y de las trabajadoras, creadores de la riqueza socialmente producida y sujetos protag\u00f3nicos de los procesos de educaci\u00f3n y trabajo para alcanzar los fines del Estado democr\u00e1tico, de conformidad con la constituci\u00f3n de la Rep\u00fablica Bolivariana\u00bb, seg\u00fan lo establecido en el art\u00edculo 1.<\/p>\n<p style=\"text-align: justify;\">El T\u00edtulo III de la LOTTT se refiere a la Justa Distribuci\u00f3n de la Riqueza y a las Condiciones de Trabajo, que comprende 108 art\u00edculos distribuidos a lo largo de 9 Cap\u00edtulos que se van a ir desarrollando en otras entregas.<\/p>\n<p style=\"text-align: justify;\">En tal sentido, empezaremos con algunos art\u00edculos del Cap\u00edtulo I referidos al Salario, espec\u00edficamente de la <strong>Secci\u00f3n Primera: Disposiciones Generales. <\/strong>En esta LOTTT se elimina la figura del llamado salario at\u00edpico que se implement\u00f3 durante la reforma a la Ley Org\u00e1nica del Trabajo (LOT) de 1997 y que permiti\u00f3 excluir hasta 20% del salario base para el c\u00e1lculo de los beneficios, prestaciones o indemnizaciones que surjan de la relaci\u00f3n de trabajo.<\/p>\n<p style=\"text-align: justify;\">Tambi\u00e9n se excluye de la definici\u00f3n del salario la palabra \u00abat\u00edpico\u00bb y el t\u00e9rmino \u00abb\u00e1sico\u00bb y predomina el concepto de \u00absalario normal\u00bb, que se entiende como la remuneraci\u00f3n devengada por el trabajador en forma regular y permanente por la prestaci\u00f3n de su servicio.<\/p>\n<p style=\"text-align: justify;\"><strong>Cap\u00edtulo I <\/strong><\/p>\n<p style=\"text-align: justify;\"><strong>El derecho al salario y libre estipulaci\u00f3n (art\u00edculos 98 y 99) <\/strong><\/p>\n<p style=\"text-align: justify;\">La LOTTT estipula que todo trabajador o trabajadora tiene derecho a un salario suficiente que le permita vivir con dignidad y cubrir para s\u00ed y su familia las necesidades materiales, sociales e intelectuales. El salario goza de la protecci\u00f3n\u00a0 especial del Estado y constituye un cr\u00e9dito laboral de exigibilidad inmediata; por lo que toda mora en su pago generar\u00e1 intereses.<\/p>\n<p style=\"text-align: justify;\">Adem\u00e1s el salario se estipular\u00e1 libremente garantizando la justa distribuci\u00f3n de la riqueza, y en ning\u00fan caso ser\u00e1 inferior al salario m\u00ednimo fijado por el Ejecutivo Nacional, conforme a la Ley. En la actualidad el salario m\u00ednimo est\u00e1 en Bs. 9.648,18<\/p>\n<p style=\"text-align: justify;\">\u00a0<strong>El Salario<\/strong> <strong>\u00a0(art\u00edculo 104)<\/strong><\/p>\n<p style=\"text-align: justify;\">Se entiende por salario la remuneraci\u00f3n, provecho o ventaja, cualquiera fuere su denominaci\u00f3n o m\u00e9todo de c\u00e1lculo, siempre que pueda evaluarse en moneda de curso legal, que corresponda al trabajador o trabajadora por la prestaci\u00f3n de su servicio.<\/p>\n<p style=\"text-align: justify;\">El salario comprende las comisiones, primas, gratificaciones, participaci\u00f3n en los beneficios o utilidades, sobresueldos, bono vacacional, as\u00ed como recargos por d\u00edas feriados, horas extraordinarias o trabajo nocturno, alimentaci\u00f3n y vivienda.<\/p>\n<p style=\"text-align: justify;\">A los fines de esta Ley se entiende por salario normal, la remuneraci\u00f3n devengada por el trabajador o trabajadora en forma regular y permanente por la prestaci\u00f3n de su servicio.<\/p>\n<p style=\"text-align: justify;\"><strong>Recibo de pago (art\u00edculo 106) <\/strong><\/p>\n<p style=\"text-align: justify;\">El patrono o patrona otorgar\u00e1 un recibo de pago a los trabajadores y trabajadoras, cada vez que pague las remuneraciones y beneficios indicando el monto del salario y, detalladamente, lo correspondiente a comisiones, primas, gratificaciones, participaci\u00f3n en los beneficios o utilidades, bonificaci\u00f3n de fin de a\u00f1o, sobresueldos, bono vacacional, recargos por d\u00edas feriados, horas extraordinarias, trabajo nocturno y dem\u00e1s conceptos salariales, as\u00ed como las deducciones correspondientes.<\/p>\n<p style=\"text-align: justify;\">El incumplimiento de esta obligaci\u00f3n har\u00e1 presumir, salvo prueba en contrario el salario alegado por el trabajador o trabajadora sin menoscabo de las sanciones establecidas en esta Ley.<\/p>\n<p style=\"text-align: justify;\"><strong>Aumentos salariales (art\u00edculo 111) <\/strong><\/p>\n<p style=\"text-align: justify;\">El salario debe ser suficiente para satisfacer las necesidades materiales morales e intelectuales del trabajador o trabajadora y de su familia. Se aumentar\u00e1 en correspondencia a la justa distribuci\u00f3n de la riqueza. Los aumentos y ajustes que se hagan ser\u00e1n preferentemente objeto de acuerdos.<\/p>\n<p style=\"text-align: justify;\">El Ejecutivo Nacional podr\u00e1 decretar los aumentos de salario y medidas que estime necesarias, para proteger el poder adquisitivo de los trabajadores y las trabajadoras.<\/p>\n<p style=\"text-align: justify;\">En ejercicio de esta facultad, el Ejecutivo Nacional podr\u00e1:<\/p>\n<ol>\n<li style=\"text-align: justify;\">a) Decretar los aumentos de salario respecto de todos los trabajadores y todas las trabajadoras por categor\u00eda, por regiones geogr\u00e1ficas, por ramas de actividad, o tomando en cuenta una combinaci\u00f3n de los elementos se\u00f1alados.<\/li>\n<li style=\"text-align: justify;\">b) Acordar que a los aumentos de salario puedan imputarse los recibidos en los tres meses anteriores a la vigencia del decreto y los convenidos para ser ejecutados dentro de los tres meses posteriores a la misma fecha.<\/li>\n<\/ol>\n","protected":false},"excerpt":{"rendered":"<p>A continuaci\u00f3n presentamos una serie de art\u00edculos que contempla la Ley Org\u00e1nica del Trabajo, los Trabajadores y las Trabajadoras (LOTTT)<\/p>\n","protected":false},"author":25,"featured_media":4228,"comment_status":"closed","ping_status":"closed","sticky":false,"template":"","format":"standard","meta":{"footnotes":""},"categories":[83],"tags":[],"yoast_head":"<!-- This site is optimized with the Yoast SEO plugin v22.5 - https:\/\/yoast.com\/wordpress\/plugins\/seo\/ -->\n<title>Razones para defender la Ley Org\u00e1nica del Trabajo, los Trabajadores y Trabajadoras (II) - MPPPST<\/title>\n<meta name=\"robots\" content=\"index, follow, max-snippet:-1, max-image-preview:large, max-video-preview:-1\" \/>\n<link rel=\"canonical\" href=\"https:\/\/www.mpppst.gob.ve\/mpppstweb\/index.php\/2015\/12\/22\/razones-para-defender-la-ley-organica-del-trabajo-los-trabajadores-y-trabajadoras-ii\/\" \/>\n<meta property=\"og:locale\" content=\"es_ES\" \/>\n<meta property=\"og:type\" content=\"article\" \/>\n<meta property=\"og:title\" content=\"Razones para defender la Ley Org\u00e1nica del Trabajo, los Trabajadores y Trabajadoras (II) - MPPPST\" \/>\n<meta property=\"og:description\" content=\"A continuaci\u00f3n presentamos una serie de art\u00edculos que contempla la Ley Org\u00e1nica del Trabajo, los Trabajadores y las Trabajadoras (LOTTT)\" \/>\n<meta property=\"og:url\" content=\"https:\/\/www.mpppst.gob.ve\/mpppstweb\/index.php\/2015\/12\/22\/razones-para-defender-la-ley-organica-del-trabajo-los-trabajadores-y-trabajadoras-ii\/\" \/>\n<meta property=\"og:site_name\" content=\"MPPPST\" \/>\n<meta property=\"article:published_time\" content=\"2015-12-22T16:22:28+00:00\" \/>\n<meta property=\"article:modified_time\" content=\"2016-07-01T17:59:05+00:00\" \/>\n<meta property=\"og:image\" content=\"https:\/\/www.mpppst.gob.ve\/mpppstweb\/wp-content\/uploads\/2015\/12\/VIENDO-LA-LOTTT.jpg\" \/>\n\t<meta property=\"og:image:width\" content=\"448\" \/>\n\t<meta property=\"og:image:height\" content=\"322\" \/>\n\t<meta property=\"og:image:type\" content=\"image\/jpeg\" \/>\n<meta name=\"author\" content=\"MPPPST Prensa\" \/>\n<meta name=\"twitter:card\" content=\"summary_large_image\" \/>\n<meta name=\"twitter:label1\" content=\"Escrito por\" \/>\n\t<meta name=\"twitter:data1\" content=\"MPPPST Prensa\" \/>\n\t<meta name=\"twitter:label2\" content=\"Tiempo de lectura\" \/>\n\t<meta name=\"twitter:data2\" content=\"4 minutos\" \/>\n<script type=\"application\/ld+json\" class=\"yoast-schema-graph\">{\"@context\":\"https:\/\/schema.org\",\"@graph\":[{\"@type\":\"Article\",\"@id\":\"https:\/\/www.mpppst.gob.ve\/mpppstweb\/index.php\/2015\/12\/22\/razones-para-defender-la-ley-organica-del-trabajo-los-trabajadores-y-trabajadoras-ii\/#article\",\"isPartOf\":{\"@id\":\"https:\/\/www.mpppst.gob.ve\/mpppstweb\/index.php\/2015\/12\/22\/razones-para-defender-la-ley-organica-del-trabajo-los-trabajadores-y-trabajadoras-ii\/\"},\"author\":{\"name\":\"MPPPST Prensa\",\"@id\":\"https:\/\/www.mpppst.gob.ve\/mpppstweb\/#\/schema\/person\/fc187ee8ead412bd4c9304b62f900ea4\"},\"headline\":\"Razones para defender la Ley Org\u00e1nica del Trabajo, los Trabajadores y Trabajadoras (II)\",\"datePublished\":\"2015-12-22T16:22:28+00:00\",\"dateModified\":\"2016-07-01T17:59:05+00:00\",\"mainEntityOfPage\":{\"@id\":\"https:\/\/www.mpppst.gob.ve\/mpppstweb\/index.php\/2015\/12\/22\/razones-para-defender-la-ley-organica-del-trabajo-los-trabajadores-y-trabajadoras-ii\/\"},\"wordCount\":805,\"publisher\":{\"@id\":\"https:\/\/www.mpppst.gob.ve\/mpppstweb\/#organization\"},\"image\":{\"@id\":\"https:\/\/www.mpppst.gob.ve\/mpppstweb\/index.php\/2015\/12\/22\/razones-para-defender-la-ley-organica-del-trabajo-los-trabajadores-y-trabajadoras-ii\/#primaryimage\"},\"thumbnailUrl\":\"https:\/\/www.mpppst.gob.ve\/mpppstweb\/wp-content\/uploads\/2015\/12\/VIENDO-LA-LOTTT.jpg\",\"articleSection\":[\"Ministerio\"],\"inLanguage\":\"es\"},{\"@type\":\"WebPage\",\"@id\":\"https:\/\/www.mpppst.gob.ve\/mpppstweb\/index.php\/2015\/12\/22\/razones-para-defender-la-ley-organica-del-trabajo-los-trabajadores-y-trabajadoras-ii\/\",\"url\":\"https:\/\/www.mpppst.gob.ve\/mpppstweb\/index.php\/2015\/12\/22\/razones-para-defender-la-ley-organica-del-trabajo-los-trabajadores-y-trabajadoras-ii\/\",\"name\":\"Razones para defender la Ley Org\u00e1nica del Trabajo, los Trabajadores y Trabajadoras (II) - MPPPST\",\"isPartOf\":{\"@id\":\"https:\/\/www.mpppst.gob.ve\/mpppstweb\/#website\"},\"primaryImageOfPage\":{\"@id\":\"https:\/\/www.mpppst.gob.ve\/mpppstweb\/index.php\/2015\/12\/22\/razones-para-defender-la-ley-organica-del-trabajo-los-trabajadores-y-trabajadoras-ii\/#primaryimage\"},\"image\":{\"@id\":\"https:\/\/www.mpppst.gob.ve\/mpppstweb\/index.php\/2015\/12\/22\/razones-para-defender-la-ley-organica-del-trabajo-los-trabajadores-y-trabajadoras-ii\/#primaryimage\"},\"thumbnailUrl\":\"https:\/\/www.mpppst.gob.ve\/mpppstweb\/wp-content\/uploads\/2015\/12\/VIENDO-LA-LOTTT.jpg\",\"datePublished\":\"2015-12-22T16:22:28+00:00\",\"dateModified\":\"2016-07-01T17:59:05+00:00\",\"breadcrumb\":{\"@id\":\"https:\/\/www.mpppst.gob.ve\/mpppstweb\/index.php\/2015\/12\/22\/razones-para-defender-la-ley-organica-del-trabajo-los-trabajadores-y-trabajadoras-ii\/#breadcrumb\"},\"inLanguage\":\"es\",\"potentialAction\":[{\"@type\":\"ReadAction\",\"target\":[\"https:\/\/www.mpppst.gob.ve\/mpppstweb\/index.php\/2015\/12\/22\/razones-para-defender-la-ley-organica-del-trabajo-los-trabajadores-y-trabajadoras-ii\/\"]}]},{\"@type\":\"ImageObject\",\"inLanguage\":\"es\",\"@id\":\"https:\/\/www.mpppst.gob.ve\/mpppstweb\/index.php\/2015\/12\/22\/razones-para-defender-la-ley-organica-del-trabajo-los-trabajadores-y-trabajadoras-ii\/#primaryimage\",\"url\":\"https:\/\/www.mpppst.gob.ve\/mpppstweb\/wp-content\/uploads\/2015\/12\/VIENDO-LA-LOTTT.jpg\",\"contentUrl\":\"https:\/\/www.mpppst.gob.ve\/mpppstweb\/wp-content\/uploads\/2015\/12\/VIENDO-LA-LOTTT.jpg\",\"width\":448,\"height\":322},{\"@type\":\"BreadcrumbList\",\"@id\":\"https:\/\/www.mpppst.gob.ve\/mpppstweb\/index.php\/2015\/12\/22\/razones-para-defender-la-ley-organica-del-trabajo-los-trabajadores-y-trabajadoras-ii\/#breadcrumb\",\"itemListElement\":[{\"@type\":\"ListItem\",\"position\":1,\"name\":\"Home\",\"item\":\"https:\/\/www.mpppst.gob.ve\/mpppstweb\/\"},{\"@type\":\"ListItem\",\"position\":2,\"name\":\"Razones para defender la Ley Org\u00e1nica del Trabajo, los Trabajadores y Trabajadoras (II)\"}]},{\"@type\":\"WebSite\",\"@id\":\"https:\/\/www.mpppst.gob.ve\/mpppstweb\/#website\",\"url\":\"https:\/\/www.mpppst.gob.ve\/mpppstweb\/\",\"name\":\"MPPPST\",\"description\":\"Ministerio del Poder Popular para el Proceso Social de Trabajo\",\"publisher\":{\"@id\":\"https:\/\/www.mpppst.gob.ve\/mpppstweb\/#organization\"},\"potentialAction\":[{\"@type\":\"SearchAction\",\"target\":{\"@type\":\"EntryPoint\",\"urlTemplate\":\"https:\/\/www.mpppst.gob.ve\/mpppstweb\/?s={search_term_string}\"},\"query-input\":\"required name=search_term_string\"}],\"inLanguage\":\"es\"},{\"@type\":\"Organization\",\"@id\":\"https:\/\/www.mpppst.gob.ve\/mpppstweb\/#organization\",\"name\":\"mpppst\",\"url\":\"https:\/\/www.mpppst.gob.ve\/mpppstweb\/\",\"logo\":{\"@type\":\"ImageObject\",\"inLanguage\":\"es\",\"@id\":\"https:\/\/www.mpppst.gob.ve\/mpppstweb\/#\/schema\/logo\/image\/\",\"url\":\"https:\/\/www.mpppst.gob.ve\/mpppstweb\/wp-content\/uploads\/2025\/07\/cropped-cropped-g910.png\",\"contentUrl\":\"https:\/\/www.mpppst.gob.ve\/mpppstweb\/wp-content\/uploads\/2025\/07\/cropped-cropped-g910.png\",\"width\":1080,\"height\":241,\"caption\":\"mpppst\"},\"image\":{\"@id\":\"https:\/\/www.mpppst.gob.ve\/mpppstweb\/#\/schema\/logo\/image\/\"}},{\"@type\":\"Person\",\"@id\":\"https:\/\/www.mpppst.gob.ve\/mpppstweb\/#\/schema\/person\/fc187ee8ead412bd4c9304b62f900ea4\",\"name\":\"MPPPST Prensa\",\"url\":\"https:\/\/www.mpppst.gob.ve\/mpppstweb\/index.php\/author\/prensa-mpppst\/\"}]}<\/script>\n<!-- \/ Yoast SEO plugin. -->","yoast_head_json":{"title":"Razones para defender la Ley Org\u00e1nica del Trabajo, los Trabajadores y Trabajadoras (II) - MPPPST","robots":{"index":"index","follow":"follow","max-snippet":"max-snippet:-1","max-image-preview":"max-image-preview:large","max-video-preview":"max-video-preview:-1"},"canonical":"https:\/\/www.mpppst.gob.ve\/mpppstweb\/index.php\/2015\/12\/22\/razones-para-defender-la-ley-organica-del-trabajo-los-trabajadores-y-trabajadoras-ii\/","og_locale":"es_ES","og_type":"article","og_title":"Razones para defender la Ley Org\u00e1nica del Trabajo, los Trabajadores y Trabajadoras (II) - MPPPST","og_description":"A continuaci\u00f3n presentamos una serie de art\u00edculos que contempla la Ley Org\u00e1nica del Trabajo, los Trabajadores y las Trabajadoras (LOTTT)","og_url":"https:\/\/www.mpppst.gob.ve\/mpppstweb\/index.php\/2015\/12\/22\/razones-para-defender-la-ley-organica-del-trabajo-los-trabajadores-y-trabajadoras-ii\/","og_site_name":"MPPPST","article_published_time":"2015-12-22T16:22:28+00:00","article_modified_time":"2016-07-01T17:59:05+00:00","og_image":[{"width":448,"height":322,"url":"https:\/\/www.mpppst.gob.ve\/mpppstweb\/wp-content\/uploads\/2015\/12\/VIENDO-LA-LOTTT.jpg","type":"image\/jpeg"}],"author":"MPPPST Prensa","twitter_card":"summary_large_image","twitter_misc":{"Escrito por":"MPPPST Prensa","Tiempo de lectura":"4 minutos"},"schema":{"@context":"https:\/\/schema.org","@graph":[{"@type":"Article","@id":"https:\/\/www.mpppst.gob.ve\/mpppstweb\/index.php\/2015\/12\/22\/razones-para-defender-la-ley-organica-del-trabajo-los-trabajadores-y-trabajadoras-ii\/#article","isPartOf":{"@id":"https:\/\/www.mpppst.gob.ve\/mpppstweb\/index.php\/2015\/12\/22\/razones-para-defender-la-ley-organica-del-trabajo-los-trabajadores-y-trabajadoras-ii\/"},"author":{"name":"MPPPST Prensa","@id":"https:\/\/www.mpppst.gob.ve\/mpppstweb\/#\/schema\/person\/fc187ee8ead412bd4c9304b62f900ea4"},"headline":"Razones para defender la Ley Org\u00e1nica del Trabajo, los Trabajadores y Trabajadoras (II)","datePublished":"2015-12-22T16:22:28+00:00","dateModified":"2016-07-01T17:59:05+00:00","mainEntityOfPage":{"@id":"https:\/\/www.mpppst.gob.ve\/mpppstweb\/index.php\/2015\/12\/22\/razones-para-defender-la-ley-organica-del-trabajo-los-trabajadores-y-trabajadoras-ii\/"},"wordCount":805,"publisher":{"@id":"https:\/\/www.mpppst.gob.ve\/mpppstweb\/#organization"},"image":{"@id":"https:\/\/www.mpppst.gob.ve\/mpppstweb\/index.php\/2015\/12\/22\/razones-para-defender-la-ley-organica-del-trabajo-los-trabajadores-y-trabajadoras-ii\/#primaryimage"},"thumbnailUrl":"https:\/\/www.mpppst.gob.ve\/mpppstweb\/wp-content\/uploads\/2015\/12\/VIENDO-LA-LOTTT.jpg","articleSection":["Ministerio"],"inLanguage":"es"},{"@type":"WebPage","@id":"https:\/\/www.mpppst.gob.ve\/mpppstweb\/index.php\/2015\/12\/22\/razones-para-defender-la-ley-organica-del-trabajo-los-trabajadores-y-trabajadoras-ii\/","url":"https:\/\/www.mpppst.gob.ve\/mpppstweb\/index.php\/2015\/12\/22\/razones-para-defender-la-ley-organica-del-trabajo-los-trabajadores-y-trabajadoras-ii\/","name":"Razones para defender la Ley Org\u00e1nica del Trabajo, los Trabajadores y Trabajadoras (II) - MPPPST","isPartOf":{"@id":"https:\/\/www.mpppst.gob.ve\/mpppstweb\/#website"},"primaryImageOfPage":{"@id":"https:\/\/www.mpppst.gob.ve\/mpppstweb\/index.php\/2015\/12\/22\/razones-para-defender-la-ley-organica-del-trabajo-los-trabajadores-y-trabajadoras-ii\/#primaryimage"},"image":{"@id":"https:\/\/www.mpppst.gob.ve\/mpppstweb\/index.php\/2015\/12\/22\/razones-para-defender-la-ley-organica-del-trabajo-los-trabajadores-y-trabajadoras-ii\/#primaryimage"},"thumbnailUrl":"https:\/\/www.mpppst.gob.ve\/mpppstweb\/wp-content\/uploads\/2015\/12\/VIENDO-LA-LOTTT.jpg","datePublished":"2015-12-22T16:22:28+00:00","dateModified":"2016-07-01T17:59:05+00:00","breadcrumb":{"@id":"https:\/\/www.mpppst.gob.ve\/mpppstweb\/index.php\/2015\/12\/22\/razones-para-defender-la-ley-organica-del-trabajo-los-trabajadores-y-trabajadoras-ii\/#breadcrumb"},"inLanguage":"es","potentialAction":[{"@type":"ReadAction","target":["https:\/\/www.mpppst.gob.ve\/mpppstweb\/index.php\/2015\/12\/22\/razones-para-defender-la-ley-organica-del-trabajo-los-trabajadores-y-trabajadoras-ii\/"]}]},{"@type":"ImageObject","inLanguage":"es","@id":"https:\/\/www.mpppst.gob.ve\/mpppstweb\/index.php\/2015\/12\/22\/razones-para-defender-la-ley-organica-del-trabajo-los-trabajadores-y-trabajadoras-ii\/#primaryimage","url":"https:\/\/www.mpppst.gob.ve\/mpppstweb\/wp-content\/uploads\/2015\/12\/VIENDO-LA-LOTTT.jpg","contentUrl":"https:\/\/www.mpppst.gob.ve\/mpppstweb\/wp-content\/uploads\/2015\/12\/VIENDO-LA-LOTTT.jpg","width":448,"height":322},{"@type":"BreadcrumbList","@id":"https:\/\/www.mpppst.gob.ve\/mpppstweb\/index.php\/2015\/12\/22\/razones-para-defender-la-ley-organica-del-trabajo-los-trabajadores-y-trabajadoras-ii\/#breadcrumb","itemListElement":[{"@type":"ListItem","position":1,"name":"Home","item":"https:\/\/www.mpppst.gob.ve\/mpppstweb\/"},{"@type":"ListItem","position":2,"name":"Razones para defender la Ley Org\u00e1nica del Trabajo, los Trabajadores y Trabajadoras (II)"}]},{"@type":"WebSite","@id":"https:\/\/www.mpppst.gob.ve\/mpppstweb\/#website","url":"https:\/\/www.mpppst.gob.ve\/mpppstweb\/","name":"MPPPST","description":"Ministerio del Poder Popular para el Proceso Social de Trabajo","publisher":{"@id":"https:\/\/www.mpppst.gob.ve\/mpppstweb\/#organization"},"potentialAction":[{"@type":"SearchAction","target":{"@type":"EntryPoint","urlTemplate":"https:\/\/www.mpppst.gob.ve\/mpppstweb\/?s={search_term_string}"},"query-input":"required name=search_term_string"}],"inLanguage":"es"},{"@type":"Organization","@id":"https:\/\/www.mpppst.gob.ve\/mpppstweb\/#organization","name":"mpppst","url":"https:\/\/www.mpppst.gob.ve\/mpppstweb\/","logo":{"@type":"ImageObject","inLanguage":"es","@id":"https:\/\/www.mpppst.gob.ve\/mpppstweb\/#\/schema\/logo\/image\/","url":"https:\/\/www.mpppst.gob.ve\/mpppstweb\/wp-content\/uploads\/2025\/07\/cropped-cropped-g910.png","contentUrl":"https:\/\/www.mpppst.gob.ve\/mpppstweb\/wp-content\/uploads\/2025\/07\/cropped-cropped-g910.png","width":1080,"height":241,"caption":"mpppst"},"image":{"@id":"https:\/\/www.mpppst.gob.ve\/mpppstweb\/#\/schema\/logo\/image\/"}},{"@type":"Person","@id":"https:\/\/www.mpppst.gob.ve\/mpppstweb\/#\/schema\/person\/fc187ee8ead412bd4c9304b62f900ea4","name":"MPPPST Prensa","url":"https:\/\/www.mpppst.gob.ve\/mpppstweb\/index.php\/author\/prensa-mpppst\/"}]}},"_links":{"self":[{"href":"https:\/\/www.mpppst.gob.ve\/mpppstweb\/index.php\/wp-json\/wp\/v2\/posts\/4227"}],"collection":[{"href":"https:\/\/www.mpppst.gob.ve\/mpppstweb\/index.php\/wp-json\/wp\/v2\/posts"}],"about":[{"href":"https:\/\/www.mpppst.gob.ve\/mpppstweb\/index.php\/wp-json\/wp\/v2\/types\/post"}],"author":[{"embeddable":true,"href":"https:\/\/www.mpppst.gob.ve\/mpppstweb\/index.php\/wp-json\/wp\/v2\/users\/25"}],"replies":[{"embeddable":true,"href":"https:\/\/www.mpppst.gob.ve\/mpppstweb\/index.php\/wp-json\/wp\/v2\/comments?post=4227"}],"version-history":[{"count":1,"href":"https:\/\/www.mpppst.gob.ve\/mpppstweb\/index.php\/wp-json\/wp\/v2\/posts\/4227\/revisions"}],"predecessor-version":[{"id":6966,"href":"https:\/\/www.mpppst.gob.ve\/mpppstweb\/index.php\/wp-json\/wp\/v2\/posts\/4227\/revisions\/6966"}],"wp:featuredmedia":[{"embeddable":true,"href":"https:\/\/www.mpppst.gob.ve\/mpppstweb\/index.php\/wp-json\/wp\/v2\/media\/4228"}],"wp:attachment":[{"href":"https:\/\/www.mpppst.gob.ve\/mpppstweb\/index.php\/wp-json\/wp\/v2\/media?parent=4227"}],"wp:term":[{"taxonomy":"category","embeddable":true,"href":"https:\/\/www.mpppst.gob.ve\/mpppstweb\/index.php\/wp-json\/wp\/v2\/categories?post=4227"},{"taxonomy":"post_tag","embeddable":true,"href":"https:\/\/www.mpppst.gob.ve\/mpppstweb\/index.php\/wp-json\/wp\/v2\/tags?post=4227"}],"curies":[{"name":"wp","href":"https:\/\/api.w.org\/{rel}","templated":true}]}}