{"id":4272,"date":"2015-12-28T14:01:02","date_gmt":"2015-12-28T14:01:02","guid":{"rendered":"http:\/\/www.mpppst.gob.ve\/mpppstweb\/?p=4272"},"modified":"2016-07-01T17:59:32","modified_gmt":"2016-07-01T17:59:32","slug":"empresas-polar-nuevamente-viola-derechos-laborales-de-sus-trabajadores","status":"publish","type":"post","link":"https:\/\/www.mpppst.gob.ve\/mpppstweb\/index.php\/2015\/12\/28\/empresas-polar-nuevamente-viola-derechos-laborales-de-sus-trabajadores\/","title":{"rendered":"Empresas Polar nuevamente viola derechos laborales de sus trabajadores"},"content":{"rendered":"<p><strong>Empresas Polar nuevamente viola derechos laborales de sus trabajadores<\/strong><\/p>\n<p>Caracas, 28 de Diciembre de 2015. AVN.- Por tercera vez en este a\u00f1o, la directiva de Empresas Polar incurri\u00f3 en la suspensi\u00f3n ilegal de la relaci\u00f3n de trabajo contra m\u00e1s de 100 trabajadores, por supuesta falta de materia prima, sin cumplir con el debido proceso que establece la Ley Org\u00e1nica del Trabajo, los Trabajadores y las Trabajadoras (LOTT), en su art\u00edculo 72.<\/p>\n<p>As\u00ed lo denunciaron Nelson Roa y David Rivera, trabajadores de dicho grupo econ\u00f3mico, en entrevista este lunes en el programa El Desayuno, de Venezolana de Televisi\u00f3n. \u00abLa empresa ha venido ejecutando arbitrariamente esas suspensiones sin cumplir con el debido proceso que establece la LOTT. Esta empresa as\u00ed lo hizo con los compa\u00f1eros de planta cereales; lo hizo en el mes de junio con el departamento de mayonesa, y nosotros expusimos la situaci\u00f3n entonces; despu\u00e9s, en septiembre, con el departamento de margarina, fraccionamiento de aceite y producto terminado puerta 2, y hoy en d\u00eda con los compa\u00f1eros de tomate por supuesta falta de materia prima\u00bb, explic\u00f3 Roa.<\/p>\n<p>Se\u00f1al\u00f3 que a diferencia de lo ocurrido en junio pasado, ocasi\u00f3n en que no se activaron los mecanismos adecuados para el reenganche de los trabajadores, \u00abhoy en d\u00eda gracias a la uni\u00f3n de los compa\u00f1eros de tomate, (&#8230;) nosotros encaminados con la Inspector\u00eda del Trabajo un procedimiento administrativo, asesorados por los mismos funcionarios del despacho para que di\u00e9ramos los pasos correctos\u00bb.<\/p>\n<p>Recalc\u00f3 que bajo los lineamientos legales se instal\u00f3 la mesa en defensa de los derechos de los trabajadores, que establece el art\u00edculo 148 de la Ley y que debe estar conformada por representantes de trabajadores, del patrono y del ministerio del Proceso Social del Trabajo para buscar la reinserci\u00f3n de los trabajadores y se restablezcan todos los derechos infringidos.<\/p>\n<p>Apunt\u00f3 que con la instalaci\u00f3n de la mesa se ratifica que la empresa no cumpli\u00f3 con el debido proceso, \u00abadem\u00e1s nosotros ponemos en duda si ellos -la directiva- realmente agotaron las instancias para solicitar la materia de prima oportunamente\u00bb.<\/p>\n<p>Indic\u00f3 que tienen plena seguridad de que al dar los pasos correctos se alcanzar\u00e1 la reincorporaci\u00f3n de los trabajadores y esperan que esto se traslade a los trabajadores de los otros departamentos afectados.<\/p>\n<p>Roa y Rivera hicieron un llamado al Ejecutivo Nacional a la conformaci\u00f3n de una mesa de trabajo para debatir en torno soluciones al tema productivo, para que las empresas privadas respeten las reivindicaciones laborales, que sean garantes de la producci\u00f3n y del abastecimiento.<\/p>\n<p>David Rivera se sum\u00f3 a su compa\u00f1ero de trabajo Nelson Roa en la ratificaci\u00f3n del compromiso por la producci\u00f3n nacional, sin desviaciones, ni irregularidades, \u00abestamos aqu\u00ed ratificando nuestro compromiso con el pa\u00eds. Seguimos al frente de lucha\u00bb.<\/p>\n<p>&nbsp;<\/p>\n<p>Cr\u00e9dito: AVN<\/p>\n<p>Fotograf\u00eda: VTV<\/p>\n","protected":false},"excerpt":{"rendered":"<p>Por tercera vez en este a\u00f1o, la directiva de Empresas Polar incurri\u00f3 en la suspensi\u00f3n ilegal de la relaci\u00f3n de trabajo contra m\u00e1s de 100 trabajadores<\/p>\n","protected":false},"author":25,"featured_media":4273,"comment_status":"closed","ping_status":"closed","sticky":false,"template":"","format":"standard","meta":{"footnotes":""},"categories":[82],"tags":[],"yoast_head":"<!-- This site is optimized with the Yoast SEO plugin v22.5 - https:\/\/yoast.com\/wordpress\/plugins\/seo\/ -->\n<title>Empresas Polar nuevamente viola derechos laborales de sus trabajadores - MPPPST<\/title>\n<meta name=\"robots\" content=\"index, follow, max-snippet:-1, max-image-preview:large, max-video-preview:-1\" \/>\n<link rel=\"canonical\" href=\"https:\/\/www.mpppst.gob.ve\/mpppstweb\/index.php\/2015\/12\/28\/empresas-polar-nuevamente-viola-derechos-laborales-de-sus-trabajadores\/\" \/>\n<meta property=\"og:locale\" content=\"es_ES\" \/>\n<meta property=\"og:type\" content=\"article\" \/>\n<meta property=\"og:title\" content=\"Empresas Polar nuevamente viola derechos laborales de sus trabajadores - MPPPST\" \/>\n<meta property=\"og:description\" content=\"Por tercera vez en este a\u00f1o, la directiva de Empresas Polar incurri\u00f3 en la suspensi\u00f3n ilegal de la relaci\u00f3n de trabajo contra m\u00e1s de 100 trabajadores\" \/>\n<meta property=\"og:url\" content=\"https:\/\/www.mpppst.gob.ve\/mpppstweb\/index.php\/2015\/12\/28\/empresas-polar-nuevamente-viola-derechos-laborales-de-sus-trabajadores\/\" \/>\n<meta property=\"og:site_name\" content=\"MPPPST\" \/>\n<meta property=\"article:published_time\" content=\"2015-12-28T14:01:02+00:00\" \/>\n<meta property=\"article:modified_time\" content=\"2016-07-01T17:59:32+00:00\" \/>\n<meta property=\"og:image\" content=\"https:\/\/www.mpppst.gob.ve\/mpppstweb\/wp-content\/uploads\/2015\/12\/Foto-Trabajadores-Polar.jpeg\" \/>\n\t<meta property=\"og:image:width\" content=\"620\" \/>\n\t<meta property=\"og:image:height\" content=\"461\" \/>\n\t<meta property=\"og:image:type\" content=\"image\/jpeg\" \/>\n<meta name=\"author\" content=\"MPPPST Prensa\" \/>\n<meta name=\"twitter:card\" content=\"summary_large_image\" \/>\n<meta name=\"twitter:label1\" content=\"Escrito por\" \/>\n\t<meta name=\"twitter:data1\" content=\"MPPPST Prensa\" \/>\n\t<meta name=\"twitter:label2\" content=\"Tiempo de lectura\" \/>\n\t<meta name=\"twitter:data2\" content=\"2 minutos\" \/>\n<script type=\"application\/ld+json\" class=\"yoast-schema-graph\">{\"@context\":\"https:\/\/schema.org\",\"@graph\":[{\"@type\":\"Article\",\"@id\":\"https:\/\/www.mpppst.gob.ve\/mpppstweb\/index.php\/2015\/12\/28\/empresas-polar-nuevamente-viola-derechos-laborales-de-sus-trabajadores\/#article\",\"isPartOf\":{\"@id\":\"https:\/\/www.mpppst.gob.ve\/mpppstweb\/index.php\/2015\/12\/28\/empresas-polar-nuevamente-viola-derechos-laborales-de-sus-trabajadores\/\"},\"author\":{\"name\":\"MPPPST Prensa\",\"@id\":\"https:\/\/www.mpppst.gob.ve\/mpppstweb\/#\/schema\/person\/fc187ee8ead412bd4c9304b62f900ea4\"},\"headline\":\"Empresas Polar nuevamente viola derechos laborales de sus trabajadores\",\"datePublished\":\"2015-12-28T14:01:02+00:00\",\"dateModified\":\"2016-07-01T17:59:32+00:00\",\"mainEntityOfPage\":{\"@id\":\"https:\/\/www.mpppst.gob.ve\/mpppstweb\/index.php\/2015\/12\/28\/empresas-polar-nuevamente-viola-derechos-laborales-de-sus-trabajadores\/\"},\"wordCount\":490,\"publisher\":{\"@id\":\"https:\/\/www.mpppst.gob.ve\/mpppstweb\/#organization\"},\"image\":{\"@id\":\"https:\/\/www.mpppst.gob.ve\/mpppstweb\/index.php\/2015\/12\/28\/empresas-polar-nuevamente-viola-derechos-laborales-de-sus-trabajadores\/#primaryimage\"},\"thumbnailUrl\":\"https:\/\/www.mpppst.gob.ve\/mpppstweb\/wp-content\/uploads\/2015\/12\/Foto-Trabajadores-Polar.jpeg\",\"articleSection\":[\"Gobierno Nacional\"],\"inLanguage\":\"es\"},{\"@type\":\"WebPage\",\"@id\":\"https:\/\/www.mpppst.gob.ve\/mpppstweb\/index.php\/2015\/12\/28\/empresas-polar-nuevamente-viola-derechos-laborales-de-sus-trabajadores\/\",\"url\":\"https:\/\/www.mpppst.gob.ve\/mpppstweb\/index.php\/2015\/12\/28\/empresas-polar-nuevamente-viola-derechos-laborales-de-sus-trabajadores\/\",\"name\":\"Empresas Polar nuevamente viola derechos laborales de sus trabajadores - MPPPST\",\"isPartOf\":{\"@id\":\"https:\/\/www.mpppst.gob.ve\/mpppstweb\/#website\"},\"primaryImageOfPage\":{\"@id\":\"https:\/\/www.mpppst.gob.ve\/mpppstweb\/index.php\/2015\/12\/28\/empresas-polar-nuevamente-viola-derechos-laborales-de-sus-trabajadores\/#primaryimage\"},\"image\":{\"@id\":\"https:\/\/www.mpppst.gob.ve\/mpppstweb\/index.php\/2015\/12\/28\/empresas-polar-nuevamente-viola-derechos-laborales-de-sus-trabajadores\/#primaryimage\"},\"thumbnailUrl\":\"https:\/\/www.mpppst.gob.ve\/mpppstweb\/wp-content\/uploads\/2015\/12\/Foto-Trabajadores-Polar.jpeg\",\"datePublished\":\"2015-12-28T14:01:02+00:00\",\"dateModified\":\"2016-07-01T17:59:32+00:00\",\"breadcrumb\":{\"@id\":\"https:\/\/www.mpppst.gob.ve\/mpppstweb\/index.php\/2015\/12\/28\/empresas-polar-nuevamente-viola-derechos-laborales-de-sus-trabajadores\/#breadcrumb\"},\"inLanguage\":\"es\",\"potentialAction\":[{\"@type\":\"ReadAction\",\"target\":[\"https:\/\/www.mpppst.gob.ve\/mpppstweb\/index.php\/2015\/12\/28\/empresas-polar-nuevamente-viola-derechos-laborales-de-sus-trabajadores\/\"]}]},{\"@type\":\"ImageObject\",\"inLanguage\":\"es\",\"@id\":\"https:\/\/www.mpppst.gob.ve\/mpppstweb\/index.php\/2015\/12\/28\/empresas-polar-nuevamente-viola-derechos-laborales-de-sus-trabajadores\/#primaryimage\",\"url\":\"https:\/\/www.mpppst.gob.ve\/mpppstweb\/wp-content\/uploads\/2015\/12\/Foto-Trabajadores-Polar.jpeg\",\"contentUrl\":\"https:\/\/www.mpppst.gob.ve\/mpppstweb\/wp-content\/uploads\/2015\/12\/Foto-Trabajadores-Polar.jpeg\",\"width\":620,\"height\":461},{\"@type\":\"BreadcrumbList\",\"@id\":\"https:\/\/www.mpppst.gob.ve\/mpppstweb\/index.php\/2015\/12\/28\/empresas-polar-nuevamente-viola-derechos-laborales-de-sus-trabajadores\/#breadcrumb\",\"itemListElement\":[{\"@type\":\"ListItem\",\"position\":1,\"name\":\"Home\",\"item\":\"https:\/\/www.mpppst.gob.ve\/mpppstweb\/\"},{\"@type\":\"ListItem\",\"position\":2,\"name\":\"Empresas Polar nuevamente viola derechos laborales de sus trabajadores\"}]},{\"@type\":\"WebSite\",\"@id\":\"https:\/\/www.mpppst.gob.ve\/mpppstweb\/#website\",\"url\":\"https:\/\/www.mpppst.gob.ve\/mpppstweb\/\",\"name\":\"MPPPST\",\"description\":\"Ministerio del Poder Popular para el Proceso Social de Trabajo\",\"publisher\":{\"@id\":\"https:\/\/www.mpppst.gob.ve\/mpppstweb\/#organization\"},\"potentialAction\":[{\"@type\":\"SearchAction\",\"target\":{\"@type\":\"EntryPoint\",\"urlTemplate\":\"https:\/\/www.mpppst.gob.ve\/mpppstweb\/?s={search_term_string}\"},\"query-input\":\"required name=search_term_string\"}],\"inLanguage\":\"es\"},{\"@type\":\"Organization\",\"@id\":\"https:\/\/www.mpppst.gob.ve\/mpppstweb\/#organization\",\"name\":\"mpppst\",\"url\":\"https:\/\/www.mpppst.gob.ve\/mpppstweb\/\",\"logo\":{\"@type\":\"ImageObject\",\"inLanguage\":\"es\",\"@id\":\"https:\/\/www.mpppst.gob.ve\/mpppstweb\/#\/schema\/logo\/image\/\",\"url\":\"https:\/\/www.mpppst.gob.ve\/mpppstweb\/wp-content\/uploads\/2025\/07\/cropped-cropped-g910.png\",\"contentUrl\":\"https:\/\/www.mpppst.gob.ve\/mpppstweb\/wp-content\/uploads\/2025\/07\/cropped-cropped-g910.png\",\"width\":1080,\"height\":241,\"caption\":\"mpppst\"},\"image\":{\"@id\":\"https:\/\/www.mpppst.gob.ve\/mpppstweb\/#\/schema\/logo\/image\/\"}},{\"@type\":\"Person\",\"@id\":\"https:\/\/www.mpppst.gob.ve\/mpppstweb\/#\/schema\/person\/fc187ee8ead412bd4c9304b62f900ea4\",\"name\":\"MPPPST Prensa\",\"url\":\"https:\/\/www.mpppst.gob.ve\/mpppstweb\/index.php\/author\/prensa-mpppst\/\"}]}<\/script>\n<!-- \/ Yoast SEO plugin. -->","yoast_head_json":{"title":"Empresas Polar nuevamente viola derechos laborales de sus trabajadores - MPPPST","robots":{"index":"index","follow":"follow","max-snippet":"max-snippet:-1","max-image-preview":"max-image-preview:large","max-video-preview":"max-video-preview:-1"},"canonical":"https:\/\/www.mpppst.gob.ve\/mpppstweb\/index.php\/2015\/12\/28\/empresas-polar-nuevamente-viola-derechos-laborales-de-sus-trabajadores\/","og_locale":"es_ES","og_type":"article","og_title":"Empresas Polar nuevamente viola derechos laborales de sus trabajadores - MPPPST","og_description":"Por tercera vez en este a\u00f1o, la directiva de Empresas Polar incurri\u00f3 en la suspensi\u00f3n ilegal de la relaci\u00f3n de trabajo contra m\u00e1s de 100 trabajadores","og_url":"https:\/\/www.mpppst.gob.ve\/mpppstweb\/index.php\/2015\/12\/28\/empresas-polar-nuevamente-viola-derechos-laborales-de-sus-trabajadores\/","og_site_name":"MPPPST","article_published_time":"2015-12-28T14:01:02+00:00","article_modified_time":"2016-07-01T17:59:32+00:00","og_image":[{"width":620,"height":461,"url":"https:\/\/www.mpppst.gob.ve\/mpppstweb\/wp-content\/uploads\/2015\/12\/Foto-Trabajadores-Polar.jpeg","type":"image\/jpeg"}],"author":"MPPPST Prensa","twitter_card":"summary_large_image","twitter_misc":{"Escrito por":"MPPPST Prensa","Tiempo de lectura":"2 minutos"},"schema":{"@context":"https:\/\/schema.org","@graph":[{"@type":"Article","@id":"https:\/\/www.mpppst.gob.ve\/mpppstweb\/index.php\/2015\/12\/28\/empresas-polar-nuevamente-viola-derechos-laborales-de-sus-trabajadores\/#article","isPartOf":{"@id":"https:\/\/www.mpppst.gob.ve\/mpppstweb\/index.php\/2015\/12\/28\/empresas-polar-nuevamente-viola-derechos-laborales-de-sus-trabajadores\/"},"author":{"name":"MPPPST Prensa","@id":"https:\/\/www.mpppst.gob.ve\/mpppstweb\/#\/schema\/person\/fc187ee8ead412bd4c9304b62f900ea4"},"headline":"Empresas Polar nuevamente viola derechos laborales de sus trabajadores","datePublished":"2015-12-28T14:01:02+00:00","dateModified":"2016-07-01T17:59:32+00:00","mainEntityOfPage":{"@id":"https:\/\/www.mpppst.gob.ve\/mpppstweb\/index.php\/2015\/12\/28\/empresas-polar-nuevamente-viola-derechos-laborales-de-sus-trabajadores\/"},"wordCount":490,"publisher":{"@id":"https:\/\/www.mpppst.gob.ve\/mpppstweb\/#organization"},"image":{"@id":"https:\/\/www.mpppst.gob.ve\/mpppstweb\/index.php\/2015\/12\/28\/empresas-polar-nuevamente-viola-derechos-laborales-de-sus-trabajadores\/#primaryimage"},"thumbnailUrl":"https:\/\/www.mpppst.gob.ve\/mpppstweb\/wp-content\/uploads\/2015\/12\/Foto-Trabajadores-Polar.jpeg","articleSection":["Gobierno Nacional"],"inLanguage":"es"},{"@type":"WebPage","@id":"https:\/\/www.mpppst.gob.ve\/mpppstweb\/index.php\/2015\/12\/28\/empresas-polar-nuevamente-viola-derechos-laborales-de-sus-trabajadores\/","url":"https:\/\/www.mpppst.gob.ve\/mpppstweb\/index.php\/2015\/12\/28\/empresas-polar-nuevamente-viola-derechos-laborales-de-sus-trabajadores\/","name":"Empresas Polar nuevamente viola derechos laborales de sus trabajadores - MPPPST","isPartOf":{"@id":"https:\/\/www.mpppst.gob.ve\/mpppstweb\/#website"},"primaryImageOfPage":{"@id":"https:\/\/www.mpppst.gob.ve\/mpppstweb\/index.php\/2015\/12\/28\/empresas-polar-nuevamente-viola-derechos-laborales-de-sus-trabajadores\/#primaryimage"},"image":{"@id":"https:\/\/www.mpppst.gob.ve\/mpppstweb\/index.php\/2015\/12\/28\/empresas-polar-nuevamente-viola-derechos-laborales-de-sus-trabajadores\/#primaryimage"},"thumbnailUrl":"https:\/\/www.mpppst.gob.ve\/mpppstweb\/wp-content\/uploads\/2015\/12\/Foto-Trabajadores-Polar.jpeg","datePublished":"2015-12-28T14:01:02+00:00","dateModified":"2016-07-01T17:59:32+00:00","breadcrumb":{"@id":"https:\/\/www.mpppst.gob.ve\/mpppstweb\/index.php\/2015\/12\/28\/empresas-polar-nuevamente-viola-derechos-laborales-de-sus-trabajadores\/#breadcrumb"},"inLanguage":"es","potentialAction":[{"@type":"ReadAction","target":["https:\/\/www.mpppst.gob.ve\/mpppstweb\/index.php\/2015\/12\/28\/empresas-polar-nuevamente-viola-derechos-laborales-de-sus-trabajadores\/"]}]},{"@type":"ImageObject","inLanguage":"es","@id":"https:\/\/www.mpppst.gob.ve\/mpppstweb\/index.php\/2015\/12\/28\/empresas-polar-nuevamente-viola-derechos-laborales-de-sus-trabajadores\/#primaryimage","url":"https:\/\/www.mpppst.gob.ve\/mpppstweb\/wp-content\/uploads\/2015\/12\/Foto-Trabajadores-Polar.jpeg","contentUrl":"https:\/\/www.mpppst.gob.ve\/mpppstweb\/wp-content\/uploads\/2015\/12\/Foto-Trabajadores-Polar.jpeg","width":620,"height":461},{"@type":"BreadcrumbList","@id":"https:\/\/www.mpppst.gob.ve\/mpppstweb\/index.php\/2015\/12\/28\/empresas-polar-nuevamente-viola-derechos-laborales-de-sus-trabajadores\/#breadcrumb","itemListElement":[{"@type":"ListItem","position":1,"name":"Home","item":"https:\/\/www.mpppst.gob.ve\/mpppstweb\/"},{"@type":"ListItem","position":2,"name":"Empresas Polar nuevamente viola derechos laborales de sus trabajadores"}]},{"@type":"WebSite","@id":"https:\/\/www.mpppst.gob.ve\/mpppstweb\/#website","url":"https:\/\/www.mpppst.gob.ve\/mpppstweb\/","name":"MPPPST","description":"Ministerio del Poder Popular para el Proceso Social de Trabajo","publisher":{"@id":"https:\/\/www.mpppst.gob.ve\/mpppstweb\/#organization"},"potentialAction":[{"@type":"SearchAction","target":{"@type":"EntryPoint","urlTemplate":"https:\/\/www.mpppst.gob.ve\/mpppstweb\/?s={search_term_string}"},"query-input":"required name=search_term_string"}],"inLanguage":"es"},{"@type":"Organization","@id":"https:\/\/www.mpppst.gob.ve\/mpppstweb\/#organization","name":"mpppst","url":"https:\/\/www.mpppst.gob.ve\/mpppstweb\/","logo":{"@type":"ImageObject","inLanguage":"es","@id":"https:\/\/www.mpppst.gob.ve\/mpppstweb\/#\/schema\/logo\/image\/","url":"https:\/\/www.mpppst.gob.ve\/mpppstweb\/wp-content\/uploads\/2025\/07\/cropped-cropped-g910.png","contentUrl":"https:\/\/www.mpppst.gob.ve\/mpppstweb\/wp-content\/uploads\/2025\/07\/cropped-cropped-g910.png","width":1080,"height":241,"caption":"mpppst"},"image":{"@id":"https:\/\/www.mpppst.gob.ve\/mpppstweb\/#\/schema\/logo\/image\/"}},{"@type":"Person","@id":"https:\/\/www.mpppst.gob.ve\/mpppstweb\/#\/schema\/person\/fc187ee8ead412bd4c9304b62f900ea4","name":"MPPPST Prensa","url":"https:\/\/www.mpppst.gob.ve\/mpppstweb\/index.php\/author\/prensa-mpppst\/"}]}},"_links":{"self":[{"href":"https:\/\/www.mpppst.gob.ve\/mpppstweb\/index.php\/wp-json\/wp\/v2\/posts\/4272"}],"collection":[{"href":"https:\/\/www.mpppst.gob.ve\/mpppstweb\/index.php\/wp-json\/wp\/v2\/posts"}],"about":[{"href":"https:\/\/www.mpppst.gob.ve\/mpppstweb\/index.php\/wp-json\/wp\/v2\/types\/post"}],"author":[{"embeddable":true,"href":"https:\/\/www.mpppst.gob.ve\/mpppstweb\/index.php\/wp-json\/wp\/v2\/users\/25"}],"replies":[{"embeddable":true,"href":"https:\/\/www.mpppst.gob.ve\/mpppstweb\/index.php\/wp-json\/wp\/v2\/comments?post=4272"}],"version-history":[{"count":1,"href":"https:\/\/www.mpppst.gob.ve\/mpppstweb\/index.php\/wp-json\/wp\/v2\/posts\/4272\/revisions"}],"predecessor-version":[{"id":6967,"href":"https:\/\/www.mpppst.gob.ve\/mpppstweb\/index.php\/wp-json\/wp\/v2\/posts\/4272\/revisions\/6967"}],"wp:featuredmedia":[{"embeddable":true,"href":"https:\/\/www.mpppst.gob.ve\/mpppstweb\/index.php\/wp-json\/wp\/v2\/media\/4273"}],"wp:attachment":[{"href":"https:\/\/www.mpppst.gob.ve\/mpppstweb\/index.php\/wp-json\/wp\/v2\/media?parent=4272"}],"wp:term":[{"taxonomy":"category","embeddable":true,"href":"https:\/\/www.mpppst.gob.ve\/mpppstweb\/index.php\/wp-json\/wp\/v2\/categories?post=4272"},{"taxonomy":"post_tag","embeddable":true,"href":"https:\/\/www.mpppst.gob.ve\/mpppstweb\/index.php\/wp-json\/wp\/v2\/tags?post=4272"}],"curies":[{"name":"wp","href":"https:\/\/api.w.org\/{rel}","templated":true}]}}