{"id":4275,"date":"2015-12-28T16:31:47","date_gmt":"2015-12-28T16:31:47","guid":{"rendered":"http:\/\/www.mpppst.gob.ve\/mpppstweb\/?p=4275"},"modified":"2016-07-01T18:00:11","modified_gmt":"2016-07-01T18:00:11","slug":"greicy-rondon-gracias-a-la-lottt-pude-dedicarle-a-mi-bebe-toda-la-atencion-necesaria","status":"publish","type":"post","link":"https:\/\/www.mpppst.gob.ve\/mpppstweb\/index.php\/2015\/12\/28\/greicy-rondon-gracias-a-la-lottt-pude-dedicarle-a-mi-bebe-toda-la-atencion-necesaria\/","title":{"rendered":"Greicy Rond\u00f3n: Gracias a la LOTTT pude dedicarle a mi beb\u00e9 toda la atenci\u00f3n necesaria"},"content":{"rendered":"<p>El embarazo es una hermosa etapa en toda mujer, pero comprende la adaptaci\u00f3n a la gestaci\u00f3n, la preparaci\u00f3n para el parto y, posteriormente, la atenci\u00f3n adecuada al beb\u00e9 que acaba de nacer. Por tal motivo, en la Ley Org\u00e1nica del Trabajo, los Trabajadores y las Trabajadoras (LOTTT), promulgada por el Comandante Eterno, Hugo Ch\u00e1vez Fr\u00edas en el 2012, las madres trabajadoras gozan de\u00a0derechos especiales en el \u00e1mbito\u00a0laboral antes, durante y despu\u00e9s de la gestaci\u00f3n.<\/p>\n<p>La LOTTT establece en su art\u00edculo 336 el permiso de seis semanas antes del parto y 20 semanas despu\u00e9s, adem\u00e1s de comprender puntos de importancia como la no realizaci\u00f3n de actividades fuertes, la prohibici\u00f3n de desmejoras del salario y la aprobaci\u00f3n de vacaciones posteriores al per\u00edodo postnatal.<\/p>\n<p>Greicy Rond\u00f3n, contabilista III de la Divisi\u00f3n de Habilitadur\u00eda del MPPPST destac\u00f3 la importancia de estos beneficios que ofrece el instrumento legal a las madres trabajadoras, pues considera que la gestaci\u00f3n y luego el nacimiento del beb\u00e9 es donde comienza la formaci\u00f3n y su participaci\u00f3n en la sociedad.<\/p>\n<p>\u201cMe parece excelente que se promulguen estas leyes, que nos den la oportunidad de tener gestaciones y partos respetados y que nuestros beb\u00e9s puedan disfrutar de nuestra presencia los primeros meses de vida\u201d, expres\u00f3 Rond\u00f3n.<\/p>\n<p>Resalt\u00f3 que el descanso pre y postnatal otorgado en la LOTTT es de suma importancia porque influye en la salud mental, f\u00edsica y psicol\u00f3gica de los beb\u00e9s, ya que pueden estar m\u00e1s tiempo con sus madres que son el pilar fundamental y pueden recibir la lactancia materna exclusiva como lo establece el art\u00edculo 345.<\/p>\n<p>\u201cDurante ese tiempo le ofrec\u00ed a mi beb\u00e9 la atenci\u00f3n que se merec\u00eda. Gracias a la LOTTT pude disfrutar mis 20 semanas, dos vacaciones y estuve aproximadamente 10 meses brind\u00e1ndole la lactancia exclusiva y toda la atenci\u00f3n necesaria\u201d, apunt\u00f3.<\/p>\n<p>La madre trabajadora hizo referencia a la Ley Org\u00e1nica del Trabajo anterior donde a pesar de haber convenios internacionales con la OIT sobre la protecci\u00f3n de la mujer embarazada y la madre lactante en su trabajo, en ese instrumento legal no se cumpl\u00eda a cabalidad.<\/p>\n<p>\u201cSolo eran 12 semanas de postnatal lo que estaba establecido, era un tiempo muy corto para poder adaptarnos a esa nueva vida, con un ser que hay que atender y alimentar. Regresar al trabajo as\u00ed de manera abrupta era un choque tanto para esa vida que est\u00e1 comenzando como para uno como madre y trabajadora\u201d, acot\u00f3.<\/p>\n<p>Con la nueva LOTTT se reivindica esa lucha de las madres que tienen que trabajar y cuidar a la familia, ampliando un poco m\u00e1s el postnatal para poder estar m\u00e1s tiempo con los hijos. Se logra lo que nunca antes hab\u00eda sido posible, que es darle un enfoque de g\u00e9nero a un instrumento legal y garantizar as\u00ed el bienestar no solo de la mujer, sino de la familia al incluir al padre en la crianza de su hijo desde que nace.<\/p>\n<p>&nbsp;<\/p>\n<p>Redacci\u00f3n: Miliseth Ysea<\/p>\n<p>Fotograf\u00eda: F\u00e9lix Ordaz<\/p>\n","protected":false},"excerpt":{"rendered":"<p>En la LOTTT, promulgada por el Comandante Eterno, Hugo Ch\u00e1vez Fr\u00edas en el 2012, las madres trabajadoras gozan de derechos especiales en el \u00e1mbito laboral antes, durante y despu\u00e9s de la gestaci\u00f3n.<\/p>\n","protected":false},"author":25,"featured_media":4280,"comment_status":"closed","ping_status":"closed","sticky":false,"template":"","format":"standard","meta":{"footnotes":""},"categories":[83],"tags":[],"yoast_head":"<!-- This site is optimized with the Yoast SEO plugin v22.5 - https:\/\/yoast.com\/wordpress\/plugins\/seo\/ -->\n<title>Greicy Rond\u00f3n: Gracias a la LOTTT pude dedicarle a mi beb\u00e9 toda la atenci\u00f3n necesaria - MPPPST<\/title>\n<meta name=\"robots\" content=\"index, follow, max-snippet:-1, max-image-preview:large, max-video-preview:-1\" \/>\n<link rel=\"canonical\" href=\"https:\/\/www.mpppst.gob.ve\/mpppstweb\/index.php\/2015\/12\/28\/greicy-rondon-gracias-a-la-lottt-pude-dedicarle-a-mi-bebe-toda-la-atencion-necesaria\/\" \/>\n<meta property=\"og:locale\" content=\"es_ES\" \/>\n<meta property=\"og:type\" content=\"article\" \/>\n<meta property=\"og:title\" content=\"Greicy Rond\u00f3n: Gracias a la LOTTT pude dedicarle a mi beb\u00e9 toda la atenci\u00f3n necesaria - MPPPST\" \/>\n<meta property=\"og:description\" content=\"En la LOTTT, promulgada por el Comandante Eterno, Hugo Ch\u00e1vez Fr\u00edas en el 2012, las madres trabajadoras gozan de derechos especiales en el \u00e1mbito laboral antes, durante y despu\u00e9s de la gestaci\u00f3n.\" \/>\n<meta property=\"og:url\" content=\"https:\/\/www.mpppst.gob.ve\/mpppstweb\/index.php\/2015\/12\/28\/greicy-rondon-gracias-a-la-lottt-pude-dedicarle-a-mi-bebe-toda-la-atencion-necesaria\/\" \/>\n<meta property=\"og:site_name\" content=\"MPPPST\" \/>\n<meta property=\"article:published_time\" content=\"2015-12-28T16:31:47+00:00\" \/>\n<meta property=\"article:modified_time\" content=\"2016-07-01T18:00:11+00:00\" \/>\n<meta property=\"og:image\" content=\"https:\/\/www.mpppst.gob.ve\/mpppstweb\/wp-content\/uploads\/2015\/12\/Foto-Greicy.JPG-web.jpg\" \/>\n\t<meta property=\"og:image:width\" content=\"428\" \/>\n\t<meta property=\"og:image:height\" content=\"640\" \/>\n\t<meta property=\"og:image:type\" content=\"image\/jpeg\" \/>\n<meta name=\"author\" content=\"MPPPST Prensa\" \/>\n<meta name=\"twitter:card\" content=\"summary_large_image\" \/>\n<meta name=\"twitter:label1\" content=\"Escrito por\" \/>\n\t<meta name=\"twitter:data1\" content=\"MPPPST Prensa\" \/>\n\t<meta name=\"twitter:label2\" content=\"Tiempo de lectura\" \/>\n\t<meta name=\"twitter:data2\" content=\"3 minutos\" \/>\n<script type=\"application\/ld+json\" class=\"yoast-schema-graph\">{\"@context\":\"https:\/\/schema.org\",\"@graph\":[{\"@type\":\"Article\",\"@id\":\"https:\/\/www.mpppst.gob.ve\/mpppstweb\/index.php\/2015\/12\/28\/greicy-rondon-gracias-a-la-lottt-pude-dedicarle-a-mi-bebe-toda-la-atencion-necesaria\/#article\",\"isPartOf\":{\"@id\":\"https:\/\/www.mpppst.gob.ve\/mpppstweb\/index.php\/2015\/12\/28\/greicy-rondon-gracias-a-la-lottt-pude-dedicarle-a-mi-bebe-toda-la-atencion-necesaria\/\"},\"author\":{\"name\":\"MPPPST Prensa\",\"@id\":\"https:\/\/www.mpppst.gob.ve\/mpppstweb\/#\/schema\/person\/fc187ee8ead412bd4c9304b62f900ea4\"},\"headline\":\"Greicy Rond\u00f3n: Gracias a la LOTTT pude dedicarle a mi beb\u00e9 toda la atenci\u00f3n necesaria\",\"datePublished\":\"2015-12-28T16:31:47+00:00\",\"dateModified\":\"2016-07-01T18:00:11+00:00\",\"mainEntityOfPage\":{\"@id\":\"https:\/\/www.mpppst.gob.ve\/mpppstweb\/index.php\/2015\/12\/28\/greicy-rondon-gracias-a-la-lottt-pude-dedicarle-a-mi-bebe-toda-la-atencion-necesaria\/\"},\"wordCount\":541,\"publisher\":{\"@id\":\"https:\/\/www.mpppst.gob.ve\/mpppstweb\/#organization\"},\"image\":{\"@id\":\"https:\/\/www.mpppst.gob.ve\/mpppstweb\/index.php\/2015\/12\/28\/greicy-rondon-gracias-a-la-lottt-pude-dedicarle-a-mi-bebe-toda-la-atencion-necesaria\/#primaryimage\"},\"thumbnailUrl\":\"https:\/\/www.mpppst.gob.ve\/mpppstweb\/wp-content\/uploads\/2015\/12\/Foto-Greicy.JPG-web.jpg\",\"articleSection\":[\"Ministerio\"],\"inLanguage\":\"es\"},{\"@type\":\"WebPage\",\"@id\":\"https:\/\/www.mpppst.gob.ve\/mpppstweb\/index.php\/2015\/12\/28\/greicy-rondon-gracias-a-la-lottt-pude-dedicarle-a-mi-bebe-toda-la-atencion-necesaria\/\",\"url\":\"https:\/\/www.mpppst.gob.ve\/mpppstweb\/index.php\/2015\/12\/28\/greicy-rondon-gracias-a-la-lottt-pude-dedicarle-a-mi-bebe-toda-la-atencion-necesaria\/\",\"name\":\"Greicy Rond\u00f3n: Gracias a la LOTTT pude dedicarle a mi beb\u00e9 toda la atenci\u00f3n necesaria - MPPPST\",\"isPartOf\":{\"@id\":\"https:\/\/www.mpppst.gob.ve\/mpppstweb\/#website\"},\"primaryImageOfPage\":{\"@id\":\"https:\/\/www.mpppst.gob.ve\/mpppstweb\/index.php\/2015\/12\/28\/greicy-rondon-gracias-a-la-lottt-pude-dedicarle-a-mi-bebe-toda-la-atencion-necesaria\/#primaryimage\"},\"image\":{\"@id\":\"https:\/\/www.mpppst.gob.ve\/mpppstweb\/index.php\/2015\/12\/28\/greicy-rondon-gracias-a-la-lottt-pude-dedicarle-a-mi-bebe-toda-la-atencion-necesaria\/#primaryimage\"},\"thumbnailUrl\":\"https:\/\/www.mpppst.gob.ve\/mpppstweb\/wp-content\/uploads\/2015\/12\/Foto-Greicy.JPG-web.jpg\",\"datePublished\":\"2015-12-28T16:31:47+00:00\",\"dateModified\":\"2016-07-01T18:00:11+00:00\",\"breadcrumb\":{\"@id\":\"https:\/\/www.mpppst.gob.ve\/mpppstweb\/index.php\/2015\/12\/28\/greicy-rondon-gracias-a-la-lottt-pude-dedicarle-a-mi-bebe-toda-la-atencion-necesaria\/#breadcrumb\"},\"inLanguage\":\"es\",\"potentialAction\":[{\"@type\":\"ReadAction\",\"target\":[\"https:\/\/www.mpppst.gob.ve\/mpppstweb\/index.php\/2015\/12\/28\/greicy-rondon-gracias-a-la-lottt-pude-dedicarle-a-mi-bebe-toda-la-atencion-necesaria\/\"]}]},{\"@type\":\"ImageObject\",\"inLanguage\":\"es\",\"@id\":\"https:\/\/www.mpppst.gob.ve\/mpppstweb\/index.php\/2015\/12\/28\/greicy-rondon-gracias-a-la-lottt-pude-dedicarle-a-mi-bebe-toda-la-atencion-necesaria\/#primaryimage\",\"url\":\"https:\/\/www.mpppst.gob.ve\/mpppstweb\/wp-content\/uploads\/2015\/12\/Foto-Greicy.JPG-web.jpg\",\"contentUrl\":\"https:\/\/www.mpppst.gob.ve\/mpppstweb\/wp-content\/uploads\/2015\/12\/Foto-Greicy.JPG-web.jpg\",\"width\":428,\"height\":640},{\"@type\":\"BreadcrumbList\",\"@id\":\"https:\/\/www.mpppst.gob.ve\/mpppstweb\/index.php\/2015\/12\/28\/greicy-rondon-gracias-a-la-lottt-pude-dedicarle-a-mi-bebe-toda-la-atencion-necesaria\/#breadcrumb\",\"itemListElement\":[{\"@type\":\"ListItem\",\"position\":1,\"name\":\"Home\",\"item\":\"https:\/\/www.mpppst.gob.ve\/mpppstweb\/\"},{\"@type\":\"ListItem\",\"position\":2,\"name\":\"Greicy Rond\u00f3n: Gracias a la LOTTT pude dedicarle a mi beb\u00e9 toda la atenci\u00f3n necesaria\"}]},{\"@type\":\"WebSite\",\"@id\":\"https:\/\/www.mpppst.gob.ve\/mpppstweb\/#website\",\"url\":\"https:\/\/www.mpppst.gob.ve\/mpppstweb\/\",\"name\":\"MPPPST\",\"description\":\"Ministerio del Poder Popular para el Proceso Social de Trabajo\",\"publisher\":{\"@id\":\"https:\/\/www.mpppst.gob.ve\/mpppstweb\/#organization\"},\"potentialAction\":[{\"@type\":\"SearchAction\",\"target\":{\"@type\":\"EntryPoint\",\"urlTemplate\":\"https:\/\/www.mpppst.gob.ve\/mpppstweb\/?s={search_term_string}\"},\"query-input\":\"required name=search_term_string\"}],\"inLanguage\":\"es\"},{\"@type\":\"Organization\",\"@id\":\"https:\/\/www.mpppst.gob.ve\/mpppstweb\/#organization\",\"name\":\"mpppst\",\"url\":\"https:\/\/www.mpppst.gob.ve\/mpppstweb\/\",\"logo\":{\"@type\":\"ImageObject\",\"inLanguage\":\"es\",\"@id\":\"https:\/\/www.mpppst.gob.ve\/mpppstweb\/#\/schema\/logo\/image\/\",\"url\":\"https:\/\/www.mpppst.gob.ve\/mpppstweb\/wp-content\/uploads\/2025\/07\/cropped-cropped-g910.png\",\"contentUrl\":\"https:\/\/www.mpppst.gob.ve\/mpppstweb\/wp-content\/uploads\/2025\/07\/cropped-cropped-g910.png\",\"width\":1080,\"height\":241,\"caption\":\"mpppst\"},\"image\":{\"@id\":\"https:\/\/www.mpppst.gob.ve\/mpppstweb\/#\/schema\/logo\/image\/\"}},{\"@type\":\"Person\",\"@id\":\"https:\/\/www.mpppst.gob.ve\/mpppstweb\/#\/schema\/person\/fc187ee8ead412bd4c9304b62f900ea4\",\"name\":\"MPPPST Prensa\",\"url\":\"https:\/\/www.mpppst.gob.ve\/mpppstweb\/index.php\/author\/prensa-mpppst\/\"}]}<\/script>\n<!-- \/ Yoast SEO plugin. -->","yoast_head_json":{"title":"Greicy Rond\u00f3n: Gracias a la LOTTT pude dedicarle a mi beb\u00e9 toda la atenci\u00f3n necesaria - MPPPST","robots":{"index":"index","follow":"follow","max-snippet":"max-snippet:-1","max-image-preview":"max-image-preview:large","max-video-preview":"max-video-preview:-1"},"canonical":"https:\/\/www.mpppst.gob.ve\/mpppstweb\/index.php\/2015\/12\/28\/greicy-rondon-gracias-a-la-lottt-pude-dedicarle-a-mi-bebe-toda-la-atencion-necesaria\/","og_locale":"es_ES","og_type":"article","og_title":"Greicy Rond\u00f3n: Gracias a la LOTTT pude dedicarle a mi beb\u00e9 toda la atenci\u00f3n necesaria - MPPPST","og_description":"En la LOTTT, promulgada por el Comandante Eterno, Hugo Ch\u00e1vez Fr\u00edas en el 2012, las madres trabajadoras gozan de derechos especiales en el \u00e1mbito laboral antes, durante y despu\u00e9s de la gestaci\u00f3n.","og_url":"https:\/\/www.mpppst.gob.ve\/mpppstweb\/index.php\/2015\/12\/28\/greicy-rondon-gracias-a-la-lottt-pude-dedicarle-a-mi-bebe-toda-la-atencion-necesaria\/","og_site_name":"MPPPST","article_published_time":"2015-12-28T16:31:47+00:00","article_modified_time":"2016-07-01T18:00:11+00:00","og_image":[{"width":428,"height":640,"url":"https:\/\/www.mpppst.gob.ve\/mpppstweb\/wp-content\/uploads\/2015\/12\/Foto-Greicy.JPG-web.jpg","type":"image\/jpeg"}],"author":"MPPPST Prensa","twitter_card":"summary_large_image","twitter_misc":{"Escrito por":"MPPPST Prensa","Tiempo de lectura":"3 minutos"},"schema":{"@context":"https:\/\/schema.org","@graph":[{"@type":"Article","@id":"https:\/\/www.mpppst.gob.ve\/mpppstweb\/index.php\/2015\/12\/28\/greicy-rondon-gracias-a-la-lottt-pude-dedicarle-a-mi-bebe-toda-la-atencion-necesaria\/#article","isPartOf":{"@id":"https:\/\/www.mpppst.gob.ve\/mpppstweb\/index.php\/2015\/12\/28\/greicy-rondon-gracias-a-la-lottt-pude-dedicarle-a-mi-bebe-toda-la-atencion-necesaria\/"},"author":{"name":"MPPPST Prensa","@id":"https:\/\/www.mpppst.gob.ve\/mpppstweb\/#\/schema\/person\/fc187ee8ead412bd4c9304b62f900ea4"},"headline":"Greicy Rond\u00f3n: Gracias a la LOTTT pude dedicarle a mi beb\u00e9 toda la atenci\u00f3n necesaria","datePublished":"2015-12-28T16:31:47+00:00","dateModified":"2016-07-01T18:00:11+00:00","mainEntityOfPage":{"@id":"https:\/\/www.mpppst.gob.ve\/mpppstweb\/index.php\/2015\/12\/28\/greicy-rondon-gracias-a-la-lottt-pude-dedicarle-a-mi-bebe-toda-la-atencion-necesaria\/"},"wordCount":541,"publisher":{"@id":"https:\/\/www.mpppst.gob.ve\/mpppstweb\/#organization"},"image":{"@id":"https:\/\/www.mpppst.gob.ve\/mpppstweb\/index.php\/2015\/12\/28\/greicy-rondon-gracias-a-la-lottt-pude-dedicarle-a-mi-bebe-toda-la-atencion-necesaria\/#primaryimage"},"thumbnailUrl":"https:\/\/www.mpppst.gob.ve\/mpppstweb\/wp-content\/uploads\/2015\/12\/Foto-Greicy.JPG-web.jpg","articleSection":["Ministerio"],"inLanguage":"es"},{"@type":"WebPage","@id":"https:\/\/www.mpppst.gob.ve\/mpppstweb\/index.php\/2015\/12\/28\/greicy-rondon-gracias-a-la-lottt-pude-dedicarle-a-mi-bebe-toda-la-atencion-necesaria\/","url":"https:\/\/www.mpppst.gob.ve\/mpppstweb\/index.php\/2015\/12\/28\/greicy-rondon-gracias-a-la-lottt-pude-dedicarle-a-mi-bebe-toda-la-atencion-necesaria\/","name":"Greicy Rond\u00f3n: Gracias a la LOTTT pude dedicarle a mi beb\u00e9 toda la atenci\u00f3n necesaria - MPPPST","isPartOf":{"@id":"https:\/\/www.mpppst.gob.ve\/mpppstweb\/#website"},"primaryImageOfPage":{"@id":"https:\/\/www.mpppst.gob.ve\/mpppstweb\/index.php\/2015\/12\/28\/greicy-rondon-gracias-a-la-lottt-pude-dedicarle-a-mi-bebe-toda-la-atencion-necesaria\/#primaryimage"},"image":{"@id":"https:\/\/www.mpppst.gob.ve\/mpppstweb\/index.php\/2015\/12\/28\/greicy-rondon-gracias-a-la-lottt-pude-dedicarle-a-mi-bebe-toda-la-atencion-necesaria\/#primaryimage"},"thumbnailUrl":"https:\/\/www.mpppst.gob.ve\/mpppstweb\/wp-content\/uploads\/2015\/12\/Foto-Greicy.JPG-web.jpg","datePublished":"2015-12-28T16:31:47+00:00","dateModified":"2016-07-01T18:00:11+00:00","breadcrumb":{"@id":"https:\/\/www.mpppst.gob.ve\/mpppstweb\/index.php\/2015\/12\/28\/greicy-rondon-gracias-a-la-lottt-pude-dedicarle-a-mi-bebe-toda-la-atencion-necesaria\/#breadcrumb"},"inLanguage":"es","potentialAction":[{"@type":"ReadAction","target":["https:\/\/www.mpppst.gob.ve\/mpppstweb\/index.php\/2015\/12\/28\/greicy-rondon-gracias-a-la-lottt-pude-dedicarle-a-mi-bebe-toda-la-atencion-necesaria\/"]}]},{"@type":"ImageObject","inLanguage":"es","@id":"https:\/\/www.mpppst.gob.ve\/mpppstweb\/index.php\/2015\/12\/28\/greicy-rondon-gracias-a-la-lottt-pude-dedicarle-a-mi-bebe-toda-la-atencion-necesaria\/#primaryimage","url":"https:\/\/www.mpppst.gob.ve\/mpppstweb\/wp-content\/uploads\/2015\/12\/Foto-Greicy.JPG-web.jpg","contentUrl":"https:\/\/www.mpppst.gob.ve\/mpppstweb\/wp-content\/uploads\/2015\/12\/Foto-Greicy.JPG-web.jpg","width":428,"height":640},{"@type":"BreadcrumbList","@id":"https:\/\/www.mpppst.gob.ve\/mpppstweb\/index.php\/2015\/12\/28\/greicy-rondon-gracias-a-la-lottt-pude-dedicarle-a-mi-bebe-toda-la-atencion-necesaria\/#breadcrumb","itemListElement":[{"@type":"ListItem","position":1,"name":"Home","item":"https:\/\/www.mpppst.gob.ve\/mpppstweb\/"},{"@type":"ListItem","position":2,"name":"Greicy Rond\u00f3n: Gracias a la LOTTT pude dedicarle a mi beb\u00e9 toda la atenci\u00f3n necesaria"}]},{"@type":"WebSite","@id":"https:\/\/www.mpppst.gob.ve\/mpppstweb\/#website","url":"https:\/\/www.mpppst.gob.ve\/mpppstweb\/","name":"MPPPST","description":"Ministerio del Poder Popular para el Proceso Social de Trabajo","publisher":{"@id":"https:\/\/www.mpppst.gob.ve\/mpppstweb\/#organization"},"potentialAction":[{"@type":"SearchAction","target":{"@type":"EntryPoint","urlTemplate":"https:\/\/www.mpppst.gob.ve\/mpppstweb\/?s={search_term_string}"},"query-input":"required name=search_term_string"}],"inLanguage":"es"},{"@type":"Organization","@id":"https:\/\/www.mpppst.gob.ve\/mpppstweb\/#organization","name":"mpppst","url":"https:\/\/www.mpppst.gob.ve\/mpppstweb\/","logo":{"@type":"ImageObject","inLanguage":"es","@id":"https:\/\/www.mpppst.gob.ve\/mpppstweb\/#\/schema\/logo\/image\/","url":"https:\/\/www.mpppst.gob.ve\/mpppstweb\/wp-content\/uploads\/2025\/07\/cropped-cropped-g910.png","contentUrl":"https:\/\/www.mpppst.gob.ve\/mpppstweb\/wp-content\/uploads\/2025\/07\/cropped-cropped-g910.png","width":1080,"height":241,"caption":"mpppst"},"image":{"@id":"https:\/\/www.mpppst.gob.ve\/mpppstweb\/#\/schema\/logo\/image\/"}},{"@type":"Person","@id":"https:\/\/www.mpppst.gob.ve\/mpppstweb\/#\/schema\/person\/fc187ee8ead412bd4c9304b62f900ea4","name":"MPPPST Prensa","url":"https:\/\/www.mpppst.gob.ve\/mpppstweb\/index.php\/author\/prensa-mpppst\/"}]}},"_links":{"self":[{"href":"https:\/\/www.mpppst.gob.ve\/mpppstweb\/index.php\/wp-json\/wp\/v2\/posts\/4275"}],"collection":[{"href":"https:\/\/www.mpppst.gob.ve\/mpppstweb\/index.php\/wp-json\/wp\/v2\/posts"}],"about":[{"href":"https:\/\/www.mpppst.gob.ve\/mpppstweb\/index.php\/wp-json\/wp\/v2\/types\/post"}],"author":[{"embeddable":true,"href":"https:\/\/www.mpppst.gob.ve\/mpppstweb\/index.php\/wp-json\/wp\/v2\/users\/25"}],"replies":[{"embeddable":true,"href":"https:\/\/www.mpppst.gob.ve\/mpppstweb\/index.php\/wp-json\/wp\/v2\/comments?post=4275"}],"version-history":[{"count":1,"href":"https:\/\/www.mpppst.gob.ve\/mpppstweb\/index.php\/wp-json\/wp\/v2\/posts\/4275\/revisions"}],"predecessor-version":[{"id":6968,"href":"https:\/\/www.mpppst.gob.ve\/mpppstweb\/index.php\/wp-json\/wp\/v2\/posts\/4275\/revisions\/6968"}],"wp:featuredmedia":[{"embeddable":true,"href":"https:\/\/www.mpppst.gob.ve\/mpppstweb\/index.php\/wp-json\/wp\/v2\/media\/4280"}],"wp:attachment":[{"href":"https:\/\/www.mpppst.gob.ve\/mpppstweb\/index.php\/wp-json\/wp\/v2\/media?parent=4275"}],"wp:term":[{"taxonomy":"category","embeddable":true,"href":"https:\/\/www.mpppst.gob.ve\/mpppstweb\/index.php\/wp-json\/wp\/v2\/categories?post=4275"},{"taxonomy":"post_tag","embeddable":true,"href":"https:\/\/www.mpppst.gob.ve\/mpppstweb\/index.php\/wp-json\/wp\/v2\/tags?post=4275"}],"curies":[{"name":"wp","href":"https:\/\/api.w.org\/{rel}","templated":true}]}}