{"id":4281,"date":"2015-12-29T16:37:37","date_gmt":"2015-12-29T16:37:37","guid":{"rendered":"http:\/\/www.mpppst.gob.ve\/mpppstweb\/?p=4281"},"modified":"2016-07-01T18:00:35","modified_gmt":"2016-07-01T18:00:35","slug":"mabell-garcia-la-lottt-posibilita-la-formacion-de-nuestros-hijos","status":"publish","type":"post","link":"https:\/\/www.mpppst.gob.ve\/mpppstweb\/index.php\/2015\/12\/29\/mabell-garcia-la-lottt-posibilita-la-formacion-de-nuestros-hijos\/","title":{"rendered":"Mabell Garc\u00eda: La LOTTT posibilita la formaci\u00f3n de nuestros hijos"},"content":{"rendered":"<p>La Ley Org\u00e1nica del Trabajo, los Trabajadores y las Trabajadoras (LOTTT) contempla m\u00faltiples beneficios para las madres trabajadoras, reivindicando a un sector de la poblaci\u00f3n laboral, econ\u00f3micamente activo, para que pueda brindarle atenci\u00f3n y cuidados a sus hijos reci\u00e9n nacidos, en la etapa inicial de la vida.<\/p>\n<p>\u201cPara m\u00ed la experiencia de la maternidad es la etapa m\u00e1s hermosa de una mujer desde el momento de la concepci\u00f3n. Cada mujer siente ese proceso desde una perspectiva muy \u00edntima y diferente donde no solo participan los padres, sino que tambi\u00e9n se suman los beneficios otorgados por la LOTTT al darle mayor protecci\u00f3n a ambos progenitores para que cumplan con esa etapa de asistir y formar a sus hijos\u201d, as\u00ed lo relat\u00f3 Mabell Garc\u00eda, planificadora II, perteneciente a la Direcci\u00f3n General de Pensiones y otras Asignaciones Econ\u00f3micas y empleo del MPPPST.<\/p>\n<p>En entrevista realizada por el departamento de prensa del ente laboral, Garc\u00eda manifest\u00f3 que los per\u00edodos de prenatal (6 semanas antes) y posnatal (20 semanas despu\u00e9s) permiten al beb\u00e9 adaptarse a su nuevo entorno de vida, disfrutar al 100% de su madre y, a la vez, fomentar la uni\u00f3n del n\u00facleo familiar con el nuevo integrante de la casa.<\/p>\n<p>\u201cSumado a ello, tambi\u00e9n es importante destacar el beneficio de poder completar con las vacaciones vencidas, el per\u00edodo de lactancia materna hasta que el beb\u00e9 cumpla un a\u00f1o de vida, m\u00e1s la inamovilidad laboral para los padres por dos a\u00f1os. Esto con el objetivo de brindar el equilibrio econ\u00f3mico y emocional para fomentar el fortalecimiento del n\u00facleo familiar\u201d, apunt\u00f3.<\/p>\n<p>Destac\u00f3 que la dimensi\u00f3n social de la maternidad es igualmente de importancia colectiva, ya que el \u00edndice de natalidad es uno de los par\u00e1metros esenciales para el equilibrio de la poblaci\u00f3n.<\/p>\n<p>La nueva LOTTT se adapta a la \u00e9poca actual, atendiendo a los cambios que Venezuela y el mundo ha experimentado a lo largo de todos estos a\u00f1os. La Ley del Trabajo de1936 respond\u00eda, en esencia, a intereses patronales que antepon\u00eda el capital por encima de las reivindicaciones y derechos de los trabajadores.<\/p>\n<p>Esta Ley supera el rol reproductor de la mujer, al garantizar su inclusi\u00f3n y permanencia en el campo laboral, espacio conquistado por las mujeres en el siglo XX.<\/p>\n<p>Redacci\u00f3n: Miliseth Ysea<\/p>\n<p>Fotograf\u00eda: F\u00e9lix Ordaz<\/p>\n<p>&nbsp;<\/p>\n","protected":false},"excerpt":{"rendered":"<p>La LOTTT contempla m\u00faltiples beneficios para las madres trabajadoras, reivindicando a un sector de la poblaci\u00f3n laboral, econ\u00f3micamente activo<\/p>\n","protected":false},"author":25,"featured_media":4282,"comment_status":"closed","ping_status":"closed","sticky":false,"template":"","format":"standard","meta":{"footnotes":""},"categories":[83],"tags":[],"yoast_head":"<!-- This site is optimized with the Yoast SEO plugin v22.5 - https:\/\/yoast.com\/wordpress\/plugins\/seo\/ -->\n<title>Mabell Garc\u00eda: La LOTTT posibilita la formaci\u00f3n de nuestros hijos - MPPPST<\/title>\n<meta name=\"robots\" content=\"index, follow, max-snippet:-1, max-image-preview:large, max-video-preview:-1\" \/>\n<link rel=\"canonical\" href=\"https:\/\/www.mpppst.gob.ve\/mpppstweb\/index.php\/2015\/12\/29\/mabell-garcia-la-lottt-posibilita-la-formacion-de-nuestros-hijos\/\" \/>\n<meta property=\"og:locale\" content=\"es_ES\" \/>\n<meta property=\"og:type\" content=\"article\" \/>\n<meta property=\"og:title\" content=\"Mabell Garc\u00eda: La LOTTT posibilita la formaci\u00f3n de nuestros hijos - MPPPST\" \/>\n<meta property=\"og:description\" content=\"La LOTTT contempla m\u00faltiples beneficios para las madres trabajadoras, reivindicando a un sector de la poblaci\u00f3n laboral, econ\u00f3micamente activo\" \/>\n<meta property=\"og:url\" content=\"https:\/\/www.mpppst.gob.ve\/mpppstweb\/index.php\/2015\/12\/29\/mabell-garcia-la-lottt-posibilita-la-formacion-de-nuestros-hijos\/\" \/>\n<meta property=\"og:site_name\" content=\"MPPPST\" \/>\n<meta property=\"article:published_time\" content=\"2015-12-29T16:37:37+00:00\" \/>\n<meta property=\"article:modified_time\" content=\"2016-07-01T18:00:35+00:00\" \/>\n<meta property=\"og:image\" content=\"https:\/\/www.mpppst.gob.ve\/mpppstweb\/wp-content\/uploads\/2015\/12\/Foto-Mabell.JPG-web.jpg\" \/>\n\t<meta property=\"og:image:width\" content=\"640\" \/>\n\t<meta property=\"og:image:height\" content=\"428\" \/>\n\t<meta property=\"og:image:type\" content=\"image\/jpeg\" \/>\n<meta name=\"author\" content=\"MPPPST Prensa\" \/>\n<meta name=\"twitter:card\" content=\"summary_large_image\" \/>\n<meta name=\"twitter:label1\" content=\"Escrito por\" \/>\n\t<meta name=\"twitter:data1\" content=\"MPPPST Prensa\" \/>\n\t<meta name=\"twitter:label2\" content=\"Tiempo de lectura\" \/>\n\t<meta name=\"twitter:data2\" content=\"2 minutos\" \/>\n<script type=\"application\/ld+json\" class=\"yoast-schema-graph\">{\"@context\":\"https:\/\/schema.org\",\"@graph\":[{\"@type\":\"Article\",\"@id\":\"https:\/\/www.mpppst.gob.ve\/mpppstweb\/index.php\/2015\/12\/29\/mabell-garcia-la-lottt-posibilita-la-formacion-de-nuestros-hijos\/#article\",\"isPartOf\":{\"@id\":\"https:\/\/www.mpppst.gob.ve\/mpppstweb\/index.php\/2015\/12\/29\/mabell-garcia-la-lottt-posibilita-la-formacion-de-nuestros-hijos\/\"},\"author\":{\"name\":\"MPPPST Prensa\",\"@id\":\"https:\/\/www.mpppst.gob.ve\/mpppstweb\/#\/schema\/person\/fc187ee8ead412bd4c9304b62f900ea4\"},\"headline\":\"Mabell Garc\u00eda: La LOTTT posibilita la formaci\u00f3n de nuestros hijos\",\"datePublished\":\"2015-12-29T16:37:37+00:00\",\"dateModified\":\"2016-07-01T18:00:35+00:00\",\"mainEntityOfPage\":{\"@id\":\"https:\/\/www.mpppst.gob.ve\/mpppstweb\/index.php\/2015\/12\/29\/mabell-garcia-la-lottt-posibilita-la-formacion-de-nuestros-hijos\/\"},\"wordCount\":419,\"publisher\":{\"@id\":\"https:\/\/www.mpppst.gob.ve\/mpppstweb\/#organization\"},\"image\":{\"@id\":\"https:\/\/www.mpppst.gob.ve\/mpppstweb\/index.php\/2015\/12\/29\/mabell-garcia-la-lottt-posibilita-la-formacion-de-nuestros-hijos\/#primaryimage\"},\"thumbnailUrl\":\"https:\/\/www.mpppst.gob.ve\/mpppstweb\/wp-content\/uploads\/2015\/12\/Foto-Mabell.JPG-web.jpg\",\"articleSection\":[\"Ministerio\"],\"inLanguage\":\"es\"},{\"@type\":\"WebPage\",\"@id\":\"https:\/\/www.mpppst.gob.ve\/mpppstweb\/index.php\/2015\/12\/29\/mabell-garcia-la-lottt-posibilita-la-formacion-de-nuestros-hijos\/\",\"url\":\"https:\/\/www.mpppst.gob.ve\/mpppstweb\/index.php\/2015\/12\/29\/mabell-garcia-la-lottt-posibilita-la-formacion-de-nuestros-hijos\/\",\"name\":\"Mabell Garc\u00eda: La LOTTT posibilita la formaci\u00f3n de nuestros hijos - MPPPST\",\"isPartOf\":{\"@id\":\"https:\/\/www.mpppst.gob.ve\/mpppstweb\/#website\"},\"primaryImageOfPage\":{\"@id\":\"https:\/\/www.mpppst.gob.ve\/mpppstweb\/index.php\/2015\/12\/29\/mabell-garcia-la-lottt-posibilita-la-formacion-de-nuestros-hijos\/#primaryimage\"},\"image\":{\"@id\":\"https:\/\/www.mpppst.gob.ve\/mpppstweb\/index.php\/2015\/12\/29\/mabell-garcia-la-lottt-posibilita-la-formacion-de-nuestros-hijos\/#primaryimage\"},\"thumbnailUrl\":\"https:\/\/www.mpppst.gob.ve\/mpppstweb\/wp-content\/uploads\/2015\/12\/Foto-Mabell.JPG-web.jpg\",\"datePublished\":\"2015-12-29T16:37:37+00:00\",\"dateModified\":\"2016-07-01T18:00:35+00:00\",\"breadcrumb\":{\"@id\":\"https:\/\/www.mpppst.gob.ve\/mpppstweb\/index.php\/2015\/12\/29\/mabell-garcia-la-lottt-posibilita-la-formacion-de-nuestros-hijos\/#breadcrumb\"},\"inLanguage\":\"es\",\"potentialAction\":[{\"@type\":\"ReadAction\",\"target\":[\"https:\/\/www.mpppst.gob.ve\/mpppstweb\/index.php\/2015\/12\/29\/mabell-garcia-la-lottt-posibilita-la-formacion-de-nuestros-hijos\/\"]}]},{\"@type\":\"ImageObject\",\"inLanguage\":\"es\",\"@id\":\"https:\/\/www.mpppst.gob.ve\/mpppstweb\/index.php\/2015\/12\/29\/mabell-garcia-la-lottt-posibilita-la-formacion-de-nuestros-hijos\/#primaryimage\",\"url\":\"https:\/\/www.mpppst.gob.ve\/mpppstweb\/wp-content\/uploads\/2015\/12\/Foto-Mabell.JPG-web.jpg\",\"contentUrl\":\"https:\/\/www.mpppst.gob.ve\/mpppstweb\/wp-content\/uploads\/2015\/12\/Foto-Mabell.JPG-web.jpg\",\"width\":640,\"height\":428},{\"@type\":\"BreadcrumbList\",\"@id\":\"https:\/\/www.mpppst.gob.ve\/mpppstweb\/index.php\/2015\/12\/29\/mabell-garcia-la-lottt-posibilita-la-formacion-de-nuestros-hijos\/#breadcrumb\",\"itemListElement\":[{\"@type\":\"ListItem\",\"position\":1,\"name\":\"Home\",\"item\":\"https:\/\/www.mpppst.gob.ve\/mpppstweb\/\"},{\"@type\":\"ListItem\",\"position\":2,\"name\":\"Mabell Garc\u00eda: La LOTTT posibilita la formaci\u00f3n de nuestros hijos\"}]},{\"@type\":\"WebSite\",\"@id\":\"https:\/\/www.mpppst.gob.ve\/mpppstweb\/#website\",\"url\":\"https:\/\/www.mpppst.gob.ve\/mpppstweb\/\",\"name\":\"MPPPST\",\"description\":\"Ministerio del Poder Popular para el Proceso Social de Trabajo\",\"publisher\":{\"@id\":\"https:\/\/www.mpppst.gob.ve\/mpppstweb\/#organization\"},\"potentialAction\":[{\"@type\":\"SearchAction\",\"target\":{\"@type\":\"EntryPoint\",\"urlTemplate\":\"https:\/\/www.mpppst.gob.ve\/mpppstweb\/?s={search_term_string}\"},\"query-input\":\"required name=search_term_string\"}],\"inLanguage\":\"es\"},{\"@type\":\"Organization\",\"@id\":\"https:\/\/www.mpppst.gob.ve\/mpppstweb\/#organization\",\"name\":\"mpppst\",\"url\":\"https:\/\/www.mpppst.gob.ve\/mpppstweb\/\",\"logo\":{\"@type\":\"ImageObject\",\"inLanguage\":\"es\",\"@id\":\"https:\/\/www.mpppst.gob.ve\/mpppstweb\/#\/schema\/logo\/image\/\",\"url\":\"https:\/\/www.mpppst.gob.ve\/mpppstweb\/wp-content\/uploads\/2025\/07\/cropped-cropped-g910.png\",\"contentUrl\":\"https:\/\/www.mpppst.gob.ve\/mpppstweb\/wp-content\/uploads\/2025\/07\/cropped-cropped-g910.png\",\"width\":1080,\"height\":241,\"caption\":\"mpppst\"},\"image\":{\"@id\":\"https:\/\/www.mpppst.gob.ve\/mpppstweb\/#\/schema\/logo\/image\/\"}},{\"@type\":\"Person\",\"@id\":\"https:\/\/www.mpppst.gob.ve\/mpppstweb\/#\/schema\/person\/fc187ee8ead412bd4c9304b62f900ea4\",\"name\":\"MPPPST Prensa\",\"url\":\"https:\/\/www.mpppst.gob.ve\/mpppstweb\/index.php\/author\/prensa-mpppst\/\"}]}<\/script>\n<!-- \/ Yoast SEO plugin. -->","yoast_head_json":{"title":"Mabell Garc\u00eda: La LOTTT posibilita la formaci\u00f3n de nuestros hijos - MPPPST","robots":{"index":"index","follow":"follow","max-snippet":"max-snippet:-1","max-image-preview":"max-image-preview:large","max-video-preview":"max-video-preview:-1"},"canonical":"https:\/\/www.mpppst.gob.ve\/mpppstweb\/index.php\/2015\/12\/29\/mabell-garcia-la-lottt-posibilita-la-formacion-de-nuestros-hijos\/","og_locale":"es_ES","og_type":"article","og_title":"Mabell Garc\u00eda: La LOTTT posibilita la formaci\u00f3n de nuestros hijos - MPPPST","og_description":"La LOTTT contempla m\u00faltiples beneficios para las madres trabajadoras, reivindicando a un sector de la poblaci\u00f3n laboral, econ\u00f3micamente activo","og_url":"https:\/\/www.mpppst.gob.ve\/mpppstweb\/index.php\/2015\/12\/29\/mabell-garcia-la-lottt-posibilita-la-formacion-de-nuestros-hijos\/","og_site_name":"MPPPST","article_published_time":"2015-12-29T16:37:37+00:00","article_modified_time":"2016-07-01T18:00:35+00:00","og_image":[{"width":640,"height":428,"url":"https:\/\/www.mpppst.gob.ve\/mpppstweb\/wp-content\/uploads\/2015\/12\/Foto-Mabell.JPG-web.jpg","type":"image\/jpeg"}],"author":"MPPPST Prensa","twitter_card":"summary_large_image","twitter_misc":{"Escrito por":"MPPPST Prensa","Tiempo de lectura":"2 minutos"},"schema":{"@context":"https:\/\/schema.org","@graph":[{"@type":"Article","@id":"https:\/\/www.mpppst.gob.ve\/mpppstweb\/index.php\/2015\/12\/29\/mabell-garcia-la-lottt-posibilita-la-formacion-de-nuestros-hijos\/#article","isPartOf":{"@id":"https:\/\/www.mpppst.gob.ve\/mpppstweb\/index.php\/2015\/12\/29\/mabell-garcia-la-lottt-posibilita-la-formacion-de-nuestros-hijos\/"},"author":{"name":"MPPPST Prensa","@id":"https:\/\/www.mpppst.gob.ve\/mpppstweb\/#\/schema\/person\/fc187ee8ead412bd4c9304b62f900ea4"},"headline":"Mabell Garc\u00eda: La LOTTT posibilita la formaci\u00f3n de nuestros hijos","datePublished":"2015-12-29T16:37:37+00:00","dateModified":"2016-07-01T18:00:35+00:00","mainEntityOfPage":{"@id":"https:\/\/www.mpppst.gob.ve\/mpppstweb\/index.php\/2015\/12\/29\/mabell-garcia-la-lottt-posibilita-la-formacion-de-nuestros-hijos\/"},"wordCount":419,"publisher":{"@id":"https:\/\/www.mpppst.gob.ve\/mpppstweb\/#organization"},"image":{"@id":"https:\/\/www.mpppst.gob.ve\/mpppstweb\/index.php\/2015\/12\/29\/mabell-garcia-la-lottt-posibilita-la-formacion-de-nuestros-hijos\/#primaryimage"},"thumbnailUrl":"https:\/\/www.mpppst.gob.ve\/mpppstweb\/wp-content\/uploads\/2015\/12\/Foto-Mabell.JPG-web.jpg","articleSection":["Ministerio"],"inLanguage":"es"},{"@type":"WebPage","@id":"https:\/\/www.mpppst.gob.ve\/mpppstweb\/index.php\/2015\/12\/29\/mabell-garcia-la-lottt-posibilita-la-formacion-de-nuestros-hijos\/","url":"https:\/\/www.mpppst.gob.ve\/mpppstweb\/index.php\/2015\/12\/29\/mabell-garcia-la-lottt-posibilita-la-formacion-de-nuestros-hijos\/","name":"Mabell Garc\u00eda: La LOTTT posibilita la formaci\u00f3n de nuestros hijos - MPPPST","isPartOf":{"@id":"https:\/\/www.mpppst.gob.ve\/mpppstweb\/#website"},"primaryImageOfPage":{"@id":"https:\/\/www.mpppst.gob.ve\/mpppstweb\/index.php\/2015\/12\/29\/mabell-garcia-la-lottt-posibilita-la-formacion-de-nuestros-hijos\/#primaryimage"},"image":{"@id":"https:\/\/www.mpppst.gob.ve\/mpppstweb\/index.php\/2015\/12\/29\/mabell-garcia-la-lottt-posibilita-la-formacion-de-nuestros-hijos\/#primaryimage"},"thumbnailUrl":"https:\/\/www.mpppst.gob.ve\/mpppstweb\/wp-content\/uploads\/2015\/12\/Foto-Mabell.JPG-web.jpg","datePublished":"2015-12-29T16:37:37+00:00","dateModified":"2016-07-01T18:00:35+00:00","breadcrumb":{"@id":"https:\/\/www.mpppst.gob.ve\/mpppstweb\/index.php\/2015\/12\/29\/mabell-garcia-la-lottt-posibilita-la-formacion-de-nuestros-hijos\/#breadcrumb"},"inLanguage":"es","potentialAction":[{"@type":"ReadAction","target":["https:\/\/www.mpppst.gob.ve\/mpppstweb\/index.php\/2015\/12\/29\/mabell-garcia-la-lottt-posibilita-la-formacion-de-nuestros-hijos\/"]}]},{"@type":"ImageObject","inLanguage":"es","@id":"https:\/\/www.mpppst.gob.ve\/mpppstweb\/index.php\/2015\/12\/29\/mabell-garcia-la-lottt-posibilita-la-formacion-de-nuestros-hijos\/#primaryimage","url":"https:\/\/www.mpppst.gob.ve\/mpppstweb\/wp-content\/uploads\/2015\/12\/Foto-Mabell.JPG-web.jpg","contentUrl":"https:\/\/www.mpppst.gob.ve\/mpppstweb\/wp-content\/uploads\/2015\/12\/Foto-Mabell.JPG-web.jpg","width":640,"height":428},{"@type":"BreadcrumbList","@id":"https:\/\/www.mpppst.gob.ve\/mpppstweb\/index.php\/2015\/12\/29\/mabell-garcia-la-lottt-posibilita-la-formacion-de-nuestros-hijos\/#breadcrumb","itemListElement":[{"@type":"ListItem","position":1,"name":"Home","item":"https:\/\/www.mpppst.gob.ve\/mpppstweb\/"},{"@type":"ListItem","position":2,"name":"Mabell Garc\u00eda: La LOTTT posibilita la formaci\u00f3n de nuestros hijos"}]},{"@type":"WebSite","@id":"https:\/\/www.mpppst.gob.ve\/mpppstweb\/#website","url":"https:\/\/www.mpppst.gob.ve\/mpppstweb\/","name":"MPPPST","description":"Ministerio del Poder Popular para el Proceso Social de Trabajo","publisher":{"@id":"https:\/\/www.mpppst.gob.ve\/mpppstweb\/#organization"},"potentialAction":[{"@type":"SearchAction","target":{"@type":"EntryPoint","urlTemplate":"https:\/\/www.mpppst.gob.ve\/mpppstweb\/?s={search_term_string}"},"query-input":"required name=search_term_string"}],"inLanguage":"es"},{"@type":"Organization","@id":"https:\/\/www.mpppst.gob.ve\/mpppstweb\/#organization","name":"mpppst","url":"https:\/\/www.mpppst.gob.ve\/mpppstweb\/","logo":{"@type":"ImageObject","inLanguage":"es","@id":"https:\/\/www.mpppst.gob.ve\/mpppstweb\/#\/schema\/logo\/image\/","url":"https:\/\/www.mpppst.gob.ve\/mpppstweb\/wp-content\/uploads\/2025\/07\/cropped-cropped-g910.png","contentUrl":"https:\/\/www.mpppst.gob.ve\/mpppstweb\/wp-content\/uploads\/2025\/07\/cropped-cropped-g910.png","width":1080,"height":241,"caption":"mpppst"},"image":{"@id":"https:\/\/www.mpppst.gob.ve\/mpppstweb\/#\/schema\/logo\/image\/"}},{"@type":"Person","@id":"https:\/\/www.mpppst.gob.ve\/mpppstweb\/#\/schema\/person\/fc187ee8ead412bd4c9304b62f900ea4","name":"MPPPST Prensa","url":"https:\/\/www.mpppst.gob.ve\/mpppstweb\/index.php\/author\/prensa-mpppst\/"}]}},"_links":{"self":[{"href":"https:\/\/www.mpppst.gob.ve\/mpppstweb\/index.php\/wp-json\/wp\/v2\/posts\/4281"}],"collection":[{"href":"https:\/\/www.mpppst.gob.ve\/mpppstweb\/index.php\/wp-json\/wp\/v2\/posts"}],"about":[{"href":"https:\/\/www.mpppst.gob.ve\/mpppstweb\/index.php\/wp-json\/wp\/v2\/types\/post"}],"author":[{"embeddable":true,"href":"https:\/\/www.mpppst.gob.ve\/mpppstweb\/index.php\/wp-json\/wp\/v2\/users\/25"}],"replies":[{"embeddable":true,"href":"https:\/\/www.mpppst.gob.ve\/mpppstweb\/index.php\/wp-json\/wp\/v2\/comments?post=4281"}],"version-history":[{"count":1,"href":"https:\/\/www.mpppst.gob.ve\/mpppstweb\/index.php\/wp-json\/wp\/v2\/posts\/4281\/revisions"}],"predecessor-version":[{"id":6969,"href":"https:\/\/www.mpppst.gob.ve\/mpppstweb\/index.php\/wp-json\/wp\/v2\/posts\/4281\/revisions\/6969"}],"wp:featuredmedia":[{"embeddable":true,"href":"https:\/\/www.mpppst.gob.ve\/mpppstweb\/index.php\/wp-json\/wp\/v2\/media\/4282"}],"wp:attachment":[{"href":"https:\/\/www.mpppst.gob.ve\/mpppstweb\/index.php\/wp-json\/wp\/v2\/media?parent=4281"}],"wp:term":[{"taxonomy":"category","embeddable":true,"href":"https:\/\/www.mpppst.gob.ve\/mpppstweb\/index.php\/wp-json\/wp\/v2\/categories?post=4281"},{"taxonomy":"post_tag","embeddable":true,"href":"https:\/\/www.mpppst.gob.ve\/mpppstweb\/index.php\/wp-json\/wp\/v2\/tags?post=4281"}],"curies":[{"name":"wp","href":"https:\/\/api.w.org\/{rel}","templated":true}]}}