{"id":4285,"date":"2015-12-29T16:41:36","date_gmt":"2015-12-29T16:41:36","guid":{"rendered":"http:\/\/www.mpppst.gob.ve\/mpppstweb\/?p=4285"},"modified":"2016-07-01T18:00:52","modified_gmt":"2016-07-01T18:00:52","slug":"nerlis-pacheco-las-personas-con-discapacidad-defenderemos-los-derechos-alcanzados-en-revolucion","status":"publish","type":"post","link":"https:\/\/www.mpppst.gob.ve\/mpppstweb\/index.php\/2015\/12\/29\/nerlis-pacheco-las-personas-con-discapacidad-defenderemos-los-derechos-alcanzados-en-revolucion\/","title":{"rendered":"Nerlis Pacheco: Las personas con discapacidad defenderemos los derechos alcanzados en Revoluci\u00f3n"},"content":{"rendered":"<p>Con la promulgaci\u00f3n de la ley Org\u00e1nica del Trabajo, Los Trabajadores y Trabajadoras (LOTTT) han sido muchas las personas con discapacidad que han logrado trabajar dignamente en una empresa. Tal es el caso de Nerlis Pacheco, de 32 a\u00f1os de edad, quien trabaja como Analista de Gesti\u00f3n en la Sider\u00fargica del Orinoco Alfredo Maneiro SIDOR. En conversaci\u00f3n con el equipo de prensa del Ministerio del Poder Popular para el Proceso Social de Trabajo, destac\u00f3 los avances que han tenido las personas con discapacidad en la Revoluci\u00f3n Bolivariana. Como pre\u00e1mbulo a sus respuestas, citamos el siguiente pensamiento aludido por nuestra entrevistada: \u201c<em>No es la discapacidad lo que hace dif\u00edcil la vida<\/em>, sino los pensamientos y acciones de los dem\u00e1s\u201d<\/p>\n<p><strong>\u00bfC\u00f3mo ha sido la inclusi\u00f3n de las personas con discapacidad en Revoluci\u00f3n a diferencia de lo que fue la Cuarta Rep\u00fablica?<\/strong><\/p>\n<p>En la Cuarta Rep\u00fablica era muy cuesta arriba que las personas diferentes se desarrollaran en cualquier \u00e1mbito, ya que para el capitalismo no eran rentables, eran invisibles.<\/p>\n<p>Solo gracias a Nuestro Comandante \u00a0Hugo Ch\u00e1vez, las personas con alguna discapacidad comenzaron a hacerse visible para la sociedad, ya que a partir del 15 de noviembre del 2006 fue aprobada en la Asamblea Nacional el proyecto de Ley de las personas con discapacidad, entrando en vigencia el 5 de enero de 2007. Esta Ley abri\u00f3\u00a0 las oportunidades de estudios, trabajo y deporte a aquellos que presentan una discapacidad y que por ese mismo motivo anteriormente los manten\u00edan excluidos.<\/p>\n<p><strong>\u00bfC\u00f3mo ha beneficiado la Ley Org\u00e1nica de los Trabajadores y Trabajadoras (LOTT) promulgada en el a\u00f1o 2012 a las personas con discapacidad?<\/strong><\/p>\n<p>El pensamiento liberador del Comandante Eterno Hugo Ch\u00e1vez y del cual soy f\u00e9rrea defensora, hizo posible nuestra inclusi\u00f3n. Comienza con el reconocimiento de nuestras capacidades, aptitudes y actitudes \u00a0en la Constituci\u00f3n Bolivariana en el art\u00edculo 81. Nos abre las puertas mas all\u00e1 del c\u00edrculo familiar, nos integra en lo biopsicosocial a la comunidad; tambi\u00e9n nos incluye en lo pol\u00edtico, cultural y ampl\u00eda el campo laboral obligando al empresariado p\u00fablico y privado a insertar \u00a0un porcentaje de nosotros en su fuerza laboral. Fue un efecto domin\u00f3: en 2007 naci\u00f3 la Ley para las Personas con Discapacidad, la LOTTT, La Ley Antidiscriminaci\u00f3n de las personas con Discapacidad, La Ley de Los Seguros Sociales, LOPCYMAT, Normas COVENIN para garantizar la accesibilidad en los edificios p\u00fablicos y urbanismos, Leyes Estadales de Discapacidad, Ordenanzas Municipales y las que faltan.<\/p>\n<p><strong>En lo personal, \u00bfc\u00f3mo te ha ayudado la inclusi\u00f3n que ha existido para las personas con discapacidad en Revoluci\u00f3n?<\/strong><\/p>\n<p>Gracias a la inclusi\u00f3n de las personas con discapacidad promovida por nuestra Revoluci\u00f3n Bolivariana, al darse el cumplimiento de incluir en n\u00f3mina a un\u00a0 \u00a05% de personas con discapacidad, bajo el censo realizado por el Ministerio del Trabajo para incluirnos al campo laboral, ingres\u00e9 a la nomina fija de una empresa del Estado como lo es la Sider\u00fargica del Orinoco Alfredo Maneiro SIDOR. No solamente he podido desarrollarme en la parte laboral, sino que he podido participar en diferentes eventos deportivos (maratones) tanto regionales como nacionales patrocinados por SIDOR, en el cual he alcanzado muchas medallas. Todas estas actividades que desarrollo me hacen sentir cada vez m\u00e1s \u00fatil a mi Patria, sin ser discriminada.<\/p>\n<p><strong>Ante la amenaza de la ultraderecha de derogar la LOTTT \u00bfC\u00f3mo deben defender las personas con discapacidad este instrumento legal que los ha beneficiado?<\/strong><\/p>\n<p><strong>\u00a0<\/strong>Considero que debe hacerse una divulgaci\u00f3n exhaustiva del alcance de nuestra Constituci\u00f3n, ya que la oposici\u00f3n con su mayor\u00eda en la AN no puede llegar a derogar ninguna Ley, como hasta el momento han declarado.<\/p>\n<p>Sin embargo, vamos a defender nuestros derechos\u00a0 alcanzados en Revoluci\u00f3n, bien sea divulgando y marchando, cuando as\u00ed lo amerite, porque el pueblo de seguro solo lucha con el Presidente MADURO. Y as\u00ed defenderemos el legado de nuestro Comandante Eterno: Unidad, Lucha, Batalla y Victoria.<\/p>\n<p>Reporto: Carlos Palacios<\/p>\n<p>Fotograf\u00eda: Dellys Landaeta<\/p>\n","protected":false},"excerpt":{"rendered":"<p>Con la promulgaci\u00f3n de la LOTTT han sido muchas las personas con discapacidad que han logrado trabajar dignamente en una empresa.<\/p>\n","protected":false},"author":25,"featured_media":4296,"comment_status":"closed","ping_status":"closed","sticky":false,"template":"","format":"standard","meta":{"footnotes":""},"categories":[82],"tags":[],"yoast_head":"<!-- This site is optimized with the Yoast SEO plugin v22.5 - https:\/\/yoast.com\/wordpress\/plugins\/seo\/ -->\n<title>Nerlis Pacheco: Las personas con discapacidad defenderemos los derechos alcanzados en Revoluci\u00f3n - MPPPST<\/title>\n<meta name=\"robots\" content=\"index, follow, max-snippet:-1, max-image-preview:large, max-video-preview:-1\" \/>\n<link rel=\"canonical\" href=\"https:\/\/www.mpppst.gob.ve\/mpppstweb\/index.php\/2015\/12\/29\/nerlis-pacheco-las-personas-con-discapacidad-defenderemos-los-derechos-alcanzados-en-revolucion\/\" \/>\n<meta property=\"og:locale\" content=\"es_ES\" \/>\n<meta property=\"og:type\" content=\"article\" \/>\n<meta property=\"og:title\" content=\"Nerlis Pacheco: Las personas con discapacidad defenderemos los derechos alcanzados en Revoluci\u00f3n - MPPPST\" \/>\n<meta property=\"og:description\" content=\"Con la promulgaci\u00f3n de la LOTTT han sido muchas las personas con discapacidad que han logrado trabajar dignamente en una empresa.\" \/>\n<meta property=\"og:url\" content=\"https:\/\/www.mpppst.gob.ve\/mpppstweb\/index.php\/2015\/12\/29\/nerlis-pacheco-las-personas-con-discapacidad-defenderemos-los-derechos-alcanzados-en-revolucion\/\" \/>\n<meta property=\"og:site_name\" content=\"MPPPST\" \/>\n<meta property=\"article:published_time\" content=\"2015-12-29T16:41:36+00:00\" \/>\n<meta property=\"article:modified_time\" content=\"2016-07-01T18:00:52+00:00\" \/>\n<meta property=\"og:image\" content=\"https:\/\/www.mpppst.gob.ve\/mpppstweb\/wp-content\/uploads\/2015\/12\/Imagen-030.jpg\" \/>\n\t<meta property=\"og:image:width\" content=\"654\" \/>\n\t<meta property=\"og:image:height\" content=\"691\" \/>\n\t<meta property=\"og:image:type\" content=\"image\/jpeg\" \/>\n<meta name=\"author\" content=\"MPPPST Prensa\" \/>\n<meta name=\"twitter:card\" content=\"summary_large_image\" \/>\n<meta name=\"twitter:label1\" content=\"Escrito por\" \/>\n\t<meta name=\"twitter:data1\" content=\"MPPPST Prensa\" \/>\n\t<meta name=\"twitter:label2\" content=\"Tiempo de lectura\" \/>\n\t<meta name=\"twitter:data2\" content=\"3 minutos\" \/>\n<script type=\"application\/ld+json\" class=\"yoast-schema-graph\">{\"@context\":\"https:\/\/schema.org\",\"@graph\":[{\"@type\":\"Article\",\"@id\":\"https:\/\/www.mpppst.gob.ve\/mpppstweb\/index.php\/2015\/12\/29\/nerlis-pacheco-las-personas-con-discapacidad-defenderemos-los-derechos-alcanzados-en-revolucion\/#article\",\"isPartOf\":{\"@id\":\"https:\/\/www.mpppst.gob.ve\/mpppstweb\/index.php\/2015\/12\/29\/nerlis-pacheco-las-personas-con-discapacidad-defenderemos-los-derechos-alcanzados-en-revolucion\/\"},\"author\":{\"name\":\"MPPPST Prensa\",\"@id\":\"https:\/\/www.mpppst.gob.ve\/mpppstweb\/#\/schema\/person\/fc187ee8ead412bd4c9304b62f900ea4\"},\"headline\":\"Nerlis Pacheco: Las personas con discapacidad defenderemos los derechos alcanzados en Revoluci\u00f3n\",\"datePublished\":\"2015-12-29T16:41:36+00:00\",\"dateModified\":\"2016-07-01T18:00:52+00:00\",\"mainEntityOfPage\":{\"@id\":\"https:\/\/www.mpppst.gob.ve\/mpppstweb\/index.php\/2015\/12\/29\/nerlis-pacheco-las-personas-con-discapacidad-defenderemos-los-derechos-alcanzados-en-revolucion\/\"},\"wordCount\":694,\"publisher\":{\"@id\":\"https:\/\/www.mpppst.gob.ve\/mpppstweb\/#organization\"},\"image\":{\"@id\":\"https:\/\/www.mpppst.gob.ve\/mpppstweb\/index.php\/2015\/12\/29\/nerlis-pacheco-las-personas-con-discapacidad-defenderemos-los-derechos-alcanzados-en-revolucion\/#primaryimage\"},\"thumbnailUrl\":\"https:\/\/www.mpppst.gob.ve\/mpppstweb\/wp-content\/uploads\/2015\/12\/Imagen-030.jpg\",\"articleSection\":[\"Gobierno Nacional\"],\"inLanguage\":\"es\"},{\"@type\":\"WebPage\",\"@id\":\"https:\/\/www.mpppst.gob.ve\/mpppstweb\/index.php\/2015\/12\/29\/nerlis-pacheco-las-personas-con-discapacidad-defenderemos-los-derechos-alcanzados-en-revolucion\/\",\"url\":\"https:\/\/www.mpppst.gob.ve\/mpppstweb\/index.php\/2015\/12\/29\/nerlis-pacheco-las-personas-con-discapacidad-defenderemos-los-derechos-alcanzados-en-revolucion\/\",\"name\":\"Nerlis Pacheco: Las personas con discapacidad defenderemos los derechos alcanzados en Revoluci\u00f3n - MPPPST\",\"isPartOf\":{\"@id\":\"https:\/\/www.mpppst.gob.ve\/mpppstweb\/#website\"},\"primaryImageOfPage\":{\"@id\":\"https:\/\/www.mpppst.gob.ve\/mpppstweb\/index.php\/2015\/12\/29\/nerlis-pacheco-las-personas-con-discapacidad-defenderemos-los-derechos-alcanzados-en-revolucion\/#primaryimage\"},\"image\":{\"@id\":\"https:\/\/www.mpppst.gob.ve\/mpppstweb\/index.php\/2015\/12\/29\/nerlis-pacheco-las-personas-con-discapacidad-defenderemos-los-derechos-alcanzados-en-revolucion\/#primaryimage\"},\"thumbnailUrl\":\"https:\/\/www.mpppst.gob.ve\/mpppstweb\/wp-content\/uploads\/2015\/12\/Imagen-030.jpg\",\"datePublished\":\"2015-12-29T16:41:36+00:00\",\"dateModified\":\"2016-07-01T18:00:52+00:00\",\"breadcrumb\":{\"@id\":\"https:\/\/www.mpppst.gob.ve\/mpppstweb\/index.php\/2015\/12\/29\/nerlis-pacheco-las-personas-con-discapacidad-defenderemos-los-derechos-alcanzados-en-revolucion\/#breadcrumb\"},\"inLanguage\":\"es\",\"potentialAction\":[{\"@type\":\"ReadAction\",\"target\":[\"https:\/\/www.mpppst.gob.ve\/mpppstweb\/index.php\/2015\/12\/29\/nerlis-pacheco-las-personas-con-discapacidad-defenderemos-los-derechos-alcanzados-en-revolucion\/\"]}]},{\"@type\":\"ImageObject\",\"inLanguage\":\"es\",\"@id\":\"https:\/\/www.mpppst.gob.ve\/mpppstweb\/index.php\/2015\/12\/29\/nerlis-pacheco-las-personas-con-discapacidad-defenderemos-los-derechos-alcanzados-en-revolucion\/#primaryimage\",\"url\":\"https:\/\/www.mpppst.gob.ve\/mpppstweb\/wp-content\/uploads\/2015\/12\/Imagen-030.jpg\",\"contentUrl\":\"https:\/\/www.mpppst.gob.ve\/mpppstweb\/wp-content\/uploads\/2015\/12\/Imagen-030.jpg\",\"width\":654,\"height\":691},{\"@type\":\"BreadcrumbList\",\"@id\":\"https:\/\/www.mpppst.gob.ve\/mpppstweb\/index.php\/2015\/12\/29\/nerlis-pacheco-las-personas-con-discapacidad-defenderemos-los-derechos-alcanzados-en-revolucion\/#breadcrumb\",\"itemListElement\":[{\"@type\":\"ListItem\",\"position\":1,\"name\":\"Home\",\"item\":\"https:\/\/www.mpppst.gob.ve\/mpppstweb\/\"},{\"@type\":\"ListItem\",\"position\":2,\"name\":\"Nerlis Pacheco: Las personas con discapacidad defenderemos los derechos alcanzados en Revoluci\u00f3n\"}]},{\"@type\":\"WebSite\",\"@id\":\"https:\/\/www.mpppst.gob.ve\/mpppstweb\/#website\",\"url\":\"https:\/\/www.mpppst.gob.ve\/mpppstweb\/\",\"name\":\"MPPPST\",\"description\":\"Ministerio del Poder Popular para el Proceso Social de Trabajo\",\"publisher\":{\"@id\":\"https:\/\/www.mpppst.gob.ve\/mpppstweb\/#organization\"},\"potentialAction\":[{\"@type\":\"SearchAction\",\"target\":{\"@type\":\"EntryPoint\",\"urlTemplate\":\"https:\/\/www.mpppst.gob.ve\/mpppstweb\/?s={search_term_string}\"},\"query-input\":\"required name=search_term_string\"}],\"inLanguage\":\"es\"},{\"@type\":\"Organization\",\"@id\":\"https:\/\/www.mpppst.gob.ve\/mpppstweb\/#organization\",\"name\":\"mpppst\",\"url\":\"https:\/\/www.mpppst.gob.ve\/mpppstweb\/\",\"logo\":{\"@type\":\"ImageObject\",\"inLanguage\":\"es\",\"@id\":\"https:\/\/www.mpppst.gob.ve\/mpppstweb\/#\/schema\/logo\/image\/\",\"url\":\"https:\/\/www.mpppst.gob.ve\/mpppstweb\/wp-content\/uploads\/2025\/07\/cropped-cropped-g910.png\",\"contentUrl\":\"https:\/\/www.mpppst.gob.ve\/mpppstweb\/wp-content\/uploads\/2025\/07\/cropped-cropped-g910.png\",\"width\":1080,\"height\":241,\"caption\":\"mpppst\"},\"image\":{\"@id\":\"https:\/\/www.mpppst.gob.ve\/mpppstweb\/#\/schema\/logo\/image\/\"}},{\"@type\":\"Person\",\"@id\":\"https:\/\/www.mpppst.gob.ve\/mpppstweb\/#\/schema\/person\/fc187ee8ead412bd4c9304b62f900ea4\",\"name\":\"MPPPST Prensa\",\"url\":\"https:\/\/www.mpppst.gob.ve\/mpppstweb\/index.php\/author\/prensa-mpppst\/\"}]}<\/script>\n<!-- \/ Yoast SEO plugin. -->","yoast_head_json":{"title":"Nerlis Pacheco: Las personas con discapacidad defenderemos los derechos alcanzados en Revoluci\u00f3n - MPPPST","robots":{"index":"index","follow":"follow","max-snippet":"max-snippet:-1","max-image-preview":"max-image-preview:large","max-video-preview":"max-video-preview:-1"},"canonical":"https:\/\/www.mpppst.gob.ve\/mpppstweb\/index.php\/2015\/12\/29\/nerlis-pacheco-las-personas-con-discapacidad-defenderemos-los-derechos-alcanzados-en-revolucion\/","og_locale":"es_ES","og_type":"article","og_title":"Nerlis Pacheco: Las personas con discapacidad defenderemos los derechos alcanzados en Revoluci\u00f3n - MPPPST","og_description":"Con la promulgaci\u00f3n de la LOTTT han sido muchas las personas con discapacidad que han logrado trabajar dignamente en una empresa.","og_url":"https:\/\/www.mpppst.gob.ve\/mpppstweb\/index.php\/2015\/12\/29\/nerlis-pacheco-las-personas-con-discapacidad-defenderemos-los-derechos-alcanzados-en-revolucion\/","og_site_name":"MPPPST","article_published_time":"2015-12-29T16:41:36+00:00","article_modified_time":"2016-07-01T18:00:52+00:00","og_image":[{"width":654,"height":691,"url":"https:\/\/www.mpppst.gob.ve\/mpppstweb\/wp-content\/uploads\/2015\/12\/Imagen-030.jpg","type":"image\/jpeg"}],"author":"MPPPST Prensa","twitter_card":"summary_large_image","twitter_misc":{"Escrito por":"MPPPST Prensa","Tiempo de lectura":"3 minutos"},"schema":{"@context":"https:\/\/schema.org","@graph":[{"@type":"Article","@id":"https:\/\/www.mpppst.gob.ve\/mpppstweb\/index.php\/2015\/12\/29\/nerlis-pacheco-las-personas-con-discapacidad-defenderemos-los-derechos-alcanzados-en-revolucion\/#article","isPartOf":{"@id":"https:\/\/www.mpppst.gob.ve\/mpppstweb\/index.php\/2015\/12\/29\/nerlis-pacheco-las-personas-con-discapacidad-defenderemos-los-derechos-alcanzados-en-revolucion\/"},"author":{"name":"MPPPST Prensa","@id":"https:\/\/www.mpppst.gob.ve\/mpppstweb\/#\/schema\/person\/fc187ee8ead412bd4c9304b62f900ea4"},"headline":"Nerlis Pacheco: Las personas con discapacidad defenderemos los derechos alcanzados en Revoluci\u00f3n","datePublished":"2015-12-29T16:41:36+00:00","dateModified":"2016-07-01T18:00:52+00:00","mainEntityOfPage":{"@id":"https:\/\/www.mpppst.gob.ve\/mpppstweb\/index.php\/2015\/12\/29\/nerlis-pacheco-las-personas-con-discapacidad-defenderemos-los-derechos-alcanzados-en-revolucion\/"},"wordCount":694,"publisher":{"@id":"https:\/\/www.mpppst.gob.ve\/mpppstweb\/#organization"},"image":{"@id":"https:\/\/www.mpppst.gob.ve\/mpppstweb\/index.php\/2015\/12\/29\/nerlis-pacheco-las-personas-con-discapacidad-defenderemos-los-derechos-alcanzados-en-revolucion\/#primaryimage"},"thumbnailUrl":"https:\/\/www.mpppst.gob.ve\/mpppstweb\/wp-content\/uploads\/2015\/12\/Imagen-030.jpg","articleSection":["Gobierno Nacional"],"inLanguage":"es"},{"@type":"WebPage","@id":"https:\/\/www.mpppst.gob.ve\/mpppstweb\/index.php\/2015\/12\/29\/nerlis-pacheco-las-personas-con-discapacidad-defenderemos-los-derechos-alcanzados-en-revolucion\/","url":"https:\/\/www.mpppst.gob.ve\/mpppstweb\/index.php\/2015\/12\/29\/nerlis-pacheco-las-personas-con-discapacidad-defenderemos-los-derechos-alcanzados-en-revolucion\/","name":"Nerlis Pacheco: Las personas con discapacidad defenderemos los derechos alcanzados en Revoluci\u00f3n - MPPPST","isPartOf":{"@id":"https:\/\/www.mpppst.gob.ve\/mpppstweb\/#website"},"primaryImageOfPage":{"@id":"https:\/\/www.mpppst.gob.ve\/mpppstweb\/index.php\/2015\/12\/29\/nerlis-pacheco-las-personas-con-discapacidad-defenderemos-los-derechos-alcanzados-en-revolucion\/#primaryimage"},"image":{"@id":"https:\/\/www.mpppst.gob.ve\/mpppstweb\/index.php\/2015\/12\/29\/nerlis-pacheco-las-personas-con-discapacidad-defenderemos-los-derechos-alcanzados-en-revolucion\/#primaryimage"},"thumbnailUrl":"https:\/\/www.mpppst.gob.ve\/mpppstweb\/wp-content\/uploads\/2015\/12\/Imagen-030.jpg","datePublished":"2015-12-29T16:41:36+00:00","dateModified":"2016-07-01T18:00:52+00:00","breadcrumb":{"@id":"https:\/\/www.mpppst.gob.ve\/mpppstweb\/index.php\/2015\/12\/29\/nerlis-pacheco-las-personas-con-discapacidad-defenderemos-los-derechos-alcanzados-en-revolucion\/#breadcrumb"},"inLanguage":"es","potentialAction":[{"@type":"ReadAction","target":["https:\/\/www.mpppst.gob.ve\/mpppstweb\/index.php\/2015\/12\/29\/nerlis-pacheco-las-personas-con-discapacidad-defenderemos-los-derechos-alcanzados-en-revolucion\/"]}]},{"@type":"ImageObject","inLanguage":"es","@id":"https:\/\/www.mpppst.gob.ve\/mpppstweb\/index.php\/2015\/12\/29\/nerlis-pacheco-las-personas-con-discapacidad-defenderemos-los-derechos-alcanzados-en-revolucion\/#primaryimage","url":"https:\/\/www.mpppst.gob.ve\/mpppstweb\/wp-content\/uploads\/2015\/12\/Imagen-030.jpg","contentUrl":"https:\/\/www.mpppst.gob.ve\/mpppstweb\/wp-content\/uploads\/2015\/12\/Imagen-030.jpg","width":654,"height":691},{"@type":"BreadcrumbList","@id":"https:\/\/www.mpppst.gob.ve\/mpppstweb\/index.php\/2015\/12\/29\/nerlis-pacheco-las-personas-con-discapacidad-defenderemos-los-derechos-alcanzados-en-revolucion\/#breadcrumb","itemListElement":[{"@type":"ListItem","position":1,"name":"Home","item":"https:\/\/www.mpppst.gob.ve\/mpppstweb\/"},{"@type":"ListItem","position":2,"name":"Nerlis Pacheco: Las personas con discapacidad defenderemos los derechos alcanzados en Revoluci\u00f3n"}]},{"@type":"WebSite","@id":"https:\/\/www.mpppst.gob.ve\/mpppstweb\/#website","url":"https:\/\/www.mpppst.gob.ve\/mpppstweb\/","name":"MPPPST","description":"Ministerio del Poder Popular para el Proceso Social de Trabajo","publisher":{"@id":"https:\/\/www.mpppst.gob.ve\/mpppstweb\/#organization"},"potentialAction":[{"@type":"SearchAction","target":{"@type":"EntryPoint","urlTemplate":"https:\/\/www.mpppst.gob.ve\/mpppstweb\/?s={search_term_string}"},"query-input":"required name=search_term_string"}],"inLanguage":"es"},{"@type":"Organization","@id":"https:\/\/www.mpppst.gob.ve\/mpppstweb\/#organization","name":"mpppst","url":"https:\/\/www.mpppst.gob.ve\/mpppstweb\/","logo":{"@type":"ImageObject","inLanguage":"es","@id":"https:\/\/www.mpppst.gob.ve\/mpppstweb\/#\/schema\/logo\/image\/","url":"https:\/\/www.mpppst.gob.ve\/mpppstweb\/wp-content\/uploads\/2025\/07\/cropped-cropped-g910.png","contentUrl":"https:\/\/www.mpppst.gob.ve\/mpppstweb\/wp-content\/uploads\/2025\/07\/cropped-cropped-g910.png","width":1080,"height":241,"caption":"mpppst"},"image":{"@id":"https:\/\/www.mpppst.gob.ve\/mpppstweb\/#\/schema\/logo\/image\/"}},{"@type":"Person","@id":"https:\/\/www.mpppst.gob.ve\/mpppstweb\/#\/schema\/person\/fc187ee8ead412bd4c9304b62f900ea4","name":"MPPPST Prensa","url":"https:\/\/www.mpppst.gob.ve\/mpppstweb\/index.php\/author\/prensa-mpppst\/"}]}},"_links":{"self":[{"href":"https:\/\/www.mpppst.gob.ve\/mpppstweb\/index.php\/wp-json\/wp\/v2\/posts\/4285"}],"collection":[{"href":"https:\/\/www.mpppst.gob.ve\/mpppstweb\/index.php\/wp-json\/wp\/v2\/posts"}],"about":[{"href":"https:\/\/www.mpppst.gob.ve\/mpppstweb\/index.php\/wp-json\/wp\/v2\/types\/post"}],"author":[{"embeddable":true,"href":"https:\/\/www.mpppst.gob.ve\/mpppstweb\/index.php\/wp-json\/wp\/v2\/users\/25"}],"replies":[{"embeddable":true,"href":"https:\/\/www.mpppst.gob.ve\/mpppstweb\/index.php\/wp-json\/wp\/v2\/comments?post=4285"}],"version-history":[{"count":1,"href":"https:\/\/www.mpppst.gob.ve\/mpppstweb\/index.php\/wp-json\/wp\/v2\/posts\/4285\/revisions"}],"predecessor-version":[{"id":6970,"href":"https:\/\/www.mpppst.gob.ve\/mpppstweb\/index.php\/wp-json\/wp\/v2\/posts\/4285\/revisions\/6970"}],"wp:featuredmedia":[{"embeddable":true,"href":"https:\/\/www.mpppst.gob.ve\/mpppstweb\/index.php\/wp-json\/wp\/v2\/media\/4296"}],"wp:attachment":[{"href":"https:\/\/www.mpppst.gob.ve\/mpppstweb\/index.php\/wp-json\/wp\/v2\/media?parent=4285"}],"wp:term":[{"taxonomy":"category","embeddable":true,"href":"https:\/\/www.mpppst.gob.ve\/mpppstweb\/index.php\/wp-json\/wp\/v2\/categories?post=4285"},{"taxonomy":"post_tag","embeddable":true,"href":"https:\/\/www.mpppst.gob.ve\/mpppstweb\/index.php\/wp-json\/wp\/v2\/tags?post=4285"}],"curies":[{"name":"wp","href":"https:\/\/api.w.org\/{rel}","templated":true}]}}