{"id":4307,"date":"2016-01-04T11:47:16","date_gmt":"2016-01-04T11:47:16","guid":{"rendered":"http:\/\/www.mpppst.gob.ve\/mpppstweb\/?p=4307"},"modified":"2016-07-04T12:19:38","modified_gmt":"2016-07-04T12:19:38","slug":"conmemoraciones-historicas","status":"publish","type":"post","link":"https:\/\/www.mpppst.gob.ve\/mpppstweb\/index.php\/2016\/01\/04\/conmemoraciones-historicas\/","title":{"rendered":"Conmemoraciones Hist\u00f3ricas"},"content":{"rendered":"<h1><span style=\"color: #000000;\"><strong>1\u00ba de enero de 1804: Triunfo de la Revoluci\u00f3n haitiana<\/strong><\/span><\/h1>\n<p>\u201cHait\u00ed: La primera Rep\u00fablica negra del mundo y la primera Rep\u00fablica de Nuestra Am\u00e9rica en fecha tan temprana como el 1\u00ba de enero de 1804, tras vencer a las tropas napole\u00f3nicas luego de 12 a\u00f1os de lucha (1791-1803).<\/p>\n<p>Hait\u00ed: la de los jacobinos negros, la de Toussaint \u00a0L\u00b4Ouverture y Alejandro Peti\u00f3n.<\/p>\n<p>Hait\u00ed: la de Miranda. All\u00e1 lejos con su sue\u00f1o de libertar todo un continente -como ocurrir\u00eda con Bol\u00edvar, diez a\u00f1os m\u00e1s tarde- quien recibir\u00eda la solidaridad y el apoyo de los jacobinos negros. All\u00e1 iz\u00f3 el Precursor por primera vez nuestra bandera en el m\u00e1stil del Leander el 12 de marzo de 1816. Hait\u00ed: la de Bol\u00edvar, la de la expedici\u00f3n de Los Cayos (1816) que cont\u00f3 con el respaldo sin condiciones del ilustre Peti\u00f3n, quien solo le pidi\u00f3 la libertad de los esclavos. No en vano el Libertador lo llam\u00f3: \u201cel autor de nuestra libertad\u201d. All\u00ed Bol\u00edvar, en contacto con la realidad de la \u201cRep\u00fablica m\u00e1s democr\u00e1tica del mundo\u201d (son sus palabras), \u00a0termin\u00f3 de forjar el temple de su esp\u00edritu revolucionario. Hait\u00ed es entonces, tierra santa para nosotros y nosotras\u201d. \u00a0Comandante Hugo Ch\u00e1vez. Las l\u00edneas de Ch\u00e1vez (fragmento) 18-1-2010.<\/p>\n<p>Si hablamos con rigor hist\u00f3rico de revoluciones en Nuestra Am\u00e9rica, la que merece tal nombre por su radicalidad fue la que protagonizaron los esclavos liderados por los \u201cjacobinos negros\u201d en Hait\u00ed, que iniciada en 1791 fue conquistada en duras batallas contra la mayor fuerza militar de su \u00e9poca en 1803; luego proclamada Rep\u00fablica de Hait\u00ed, el 1\u00ba de enero de 1804.<\/p>\n<p>La revoluci\u00f3n haitiana, m\u00e1s temprano que tarde, desnud\u00f3 hasta la impudicia a los actores europeos y norteamericanos, cuando sus fuerzas productivas conformaban el sistema mundo a su imagen y semejanza; para sus fines y m\u00e9todos no hab\u00eda barreras ni escr\u00fapulos, con bendici\u00f3n papal mediante y con ide\u00f3logos a su medida: Intereses son intereses, \u201cbusiness is business\u201d \u00bfno es cierto, m\u00edster Monroe?<\/p>\n<p>Dos continentes, Am\u00e9rica y \u00c1frica, fueron asolados. Extrajeron la riqueza americana en oro, plata y perlas para la acumulaci\u00f3n primaria del capitalismo y ante la resistencia ind\u00edgena, el genocidio de los pueblos originarios; desaparecida la mano de obra ind\u00edgena, la reemplazan con el infamante \u201ctr\u00e1fico de esclavos africanos\u201d en el que participan los pa\u00edses europeos y los nuevos amos yanquis.<\/p>\n<p>La Constituci\u00f3n haitiana de 1805 estableci\u00f3 el fin de la esclavitud y se reconoci\u00f3 como Rep\u00fablica de Hait\u00ed, voz de origen ta\u00edno en honor a los primeros pobladores de la isla. Ejemplo para el mundo y en particular para los pueblos esclavizados por europeos en el Caribe y los sure\u00f1os de los EE UU e indudable est\u00edmulo para las luchas de liberaci\u00f3n en Nuestra Am\u00e9rica.<\/p>\n<p>\u201cLa tragedia actual haitiana conmueve a gran n\u00famero de personas, pero tal vez muy pocas se detienen a pensar, por qu\u00e9 Hait\u00ed es un pa\u00eds tan pobre \u00bfPor qu\u00e9 su poblaci\u00f3n depende en un 50% de las remesas familiares que reciben del exterior? \u00bfPor qu\u00e9 no analizar las realidades que conducen a la actual situaci\u00f3n haitiana? Lo m\u00e1s curioso de esta historia es que nadie pronuncia palabra para recordar que Hait\u00ed fue el primer pa\u00eds en que 400 mil africanos esclavizados y traficados por los europeos, se sublevaron contra 1.000 due\u00f1os blancos de plantaciones de ca\u00f1a y caf\u00e9, llevando a cabo la primera gran revoluci\u00f3n social en nuestro hemisferio.<\/p>\n<p>P\u00e1ginas de insuperable gloria se escribieron all\u00ed. El m\u00e1s eminente general de Napole\u00f3n fue derrotado. Hait\u00ed es un producto neto del colonialismo y del imperialismo, con m\u00e1s de un siglo de empleo de sus recursos humanos en los trabajos m\u00e1s duros, con inn\u00fameras intervenciones militares y la extracci\u00f3n de riquezas.\u201d \u00a0Comandante Fidel Castro La lecci\u00f3n de Hait\u00ed (fragmento) 10-1-2010<\/p>\n<p>En este 2016 que iniciamos, se cumplen 212 a\u00f1os de la epopeya haitiana que en solidaridad trataremos de honrar con publicaciones y conversatorios en los espacios que nuestra Revoluci\u00f3n Bolivariana abri\u00f3 para la \u00abbatalla de ideas\u201d que protagonizamos todos y todas.<\/p>\n<p>\u201c\u2026Confiando en la elevaci\u00f3n del car\u00e1cter de V.E. me he atrevido a presentarme por segunda vez en Hait\u00ed\u2026 declaro a V.E. y bajo mi palabra de honor, que he hecho el mejor uso posible de la ayuda con que me favoreci\u00f3 para mis conciudadanos\u2026 Conf\u00edo en que V.E. no me abandonar\u00e1 al destino que me abruma, V.E. es suficientemente magn\u00e1nimo para continuar sus generosidades hacia mi patria. Aguardo aqu\u00ed la respuesta de V.E. como el postrer decreto de mi existencia pol\u00edtica\u2026\u201d \u00a0Sim\u00f3n Bol\u00edvar a Alexander Peti\u00f3n.\u00a0\u00a0 Puerto de Jacmel (Hait\u00ed) Septiembre 6, 1816.<\/p>\n<p>\u201c\u2026Leo con un dolor que supera a todo lo que puedo expresar los lamentables acontecimientos que le obligaron a abandonar Tierra Firme\u2026 Si la fortuna se ha re\u00eddo de Usted por dos veces, quiz\u00e1s le sonr\u00eda en la tercera oportunidad. Yo por lo menos tengo ese presentimiento, y si algo puedo hacer para mitigar su pesar y su dolor, cuente con todo lo que de m\u00ed depende. D\u00e9se, pues, prisa y venga a esta ciudad\u2026\u201d de A. Peti\u00f3n a S. Bol\u00edvar. Puerto Pr\u00edncipe (Hait\u00ed) Setiembre 7, 1816<\/p>\n<p>________________________<\/p>\n<p>Post Scritum. \u201c<em>Libertad o Muerte Haitiana<\/em>\u201d de Ana Mart\u00ednez. Edici\u00f3n del Centro Cultural de la Cooperaci\u00f3n de la Rep\u00fablica Argentina en espera de su publicaci\u00f3n.<\/p>\n<p>Colaboraci\u00f3n: Carlos Su\u00e1rez<\/p>\n","protected":false},"excerpt":{"rendered":"<p>1\u00ba de enero de 1804: Triunfo de la Revoluci\u00f3n haitiana.<\/p>\n","protected":false},"author":25,"featured_media":4309,"comment_status":"closed","ping_status":"closed","sticky":false,"template":"","format":"standard","meta":{"footnotes":""},"categories":[82],"tags":[],"yoast_head":"<!-- This site is optimized with the Yoast SEO plugin v22.5 - https:\/\/yoast.com\/wordpress\/plugins\/seo\/ -->\n<title>Conmemoraciones Hist\u00f3ricas - MPPPST<\/title>\n<meta name=\"robots\" content=\"index, follow, max-snippet:-1, max-image-preview:large, max-video-preview:-1\" \/>\n<link rel=\"canonical\" href=\"https:\/\/www.mpppst.gob.ve\/mpppstweb\/index.php\/2016\/01\/04\/conmemoraciones-historicas\/\" \/>\n<meta property=\"og:locale\" content=\"es_ES\" \/>\n<meta property=\"og:type\" content=\"article\" \/>\n<meta property=\"og:title\" content=\"Conmemoraciones Hist\u00f3ricas - MPPPST\" \/>\n<meta property=\"og:description\" content=\"1\u00ba de enero de 1804: Triunfo de la Revoluci\u00f3n haitiana.\" \/>\n<meta property=\"og:url\" content=\"https:\/\/www.mpppst.gob.ve\/mpppstweb\/index.php\/2016\/01\/04\/conmemoraciones-historicas\/\" \/>\n<meta property=\"og:site_name\" content=\"MPPPST\" \/>\n<meta property=\"article:published_time\" content=\"2016-01-04T11:47:16+00:00\" \/>\n<meta property=\"article:modified_time\" content=\"2016-07-04T12:19:38+00:00\" \/>\n<meta property=\"og:image\" content=\"https:\/\/www.mpppst.gob.ve\/mpppstweb\/wp-content\/uploads\/2016\/01\/imagen-1.jpg\" \/>\n\t<meta property=\"og:image:width\" content=\"636\" \/>\n\t<meta property=\"og:image:height\" content=\"464\" \/>\n\t<meta property=\"og:image:type\" content=\"image\/jpeg\" \/>\n<meta name=\"author\" content=\"MPPPST Prensa\" \/>\n<meta name=\"twitter:card\" content=\"summary_large_image\" \/>\n<meta name=\"twitter:label1\" content=\"Escrito por\" \/>\n\t<meta name=\"twitter:data1\" content=\"MPPPST Prensa\" \/>\n\t<meta name=\"twitter:label2\" content=\"Tiempo de lectura\" \/>\n\t<meta name=\"twitter:data2\" content=\"5 minutos\" \/>\n<script type=\"application\/ld+json\" class=\"yoast-schema-graph\">{\"@context\":\"https:\/\/schema.org\",\"@graph\":[{\"@type\":\"Article\",\"@id\":\"https:\/\/www.mpppst.gob.ve\/mpppstweb\/index.php\/2016\/01\/04\/conmemoraciones-historicas\/#article\",\"isPartOf\":{\"@id\":\"https:\/\/www.mpppst.gob.ve\/mpppstweb\/index.php\/2016\/01\/04\/conmemoraciones-historicas\/\"},\"author\":{\"name\":\"MPPPST Prensa\",\"@id\":\"https:\/\/www.mpppst.gob.ve\/mpppstweb\/#\/schema\/person\/fc187ee8ead412bd4c9304b62f900ea4\"},\"headline\":\"Conmemoraciones Hist\u00f3ricas\",\"datePublished\":\"2016-01-04T11:47:16+00:00\",\"dateModified\":\"2016-07-04T12:19:38+00:00\",\"mainEntityOfPage\":{\"@id\":\"https:\/\/www.mpppst.gob.ve\/mpppstweb\/index.php\/2016\/01\/04\/conmemoraciones-historicas\/\"},\"wordCount\":944,\"publisher\":{\"@id\":\"https:\/\/www.mpppst.gob.ve\/mpppstweb\/#organization\"},\"image\":{\"@id\":\"https:\/\/www.mpppst.gob.ve\/mpppstweb\/index.php\/2016\/01\/04\/conmemoraciones-historicas\/#primaryimage\"},\"thumbnailUrl\":\"https:\/\/www.mpppst.gob.ve\/mpppstweb\/wp-content\/uploads\/2016\/01\/imagen-1.jpg\",\"articleSection\":[\"Gobierno Nacional\"],\"inLanguage\":\"es\"},{\"@type\":\"WebPage\",\"@id\":\"https:\/\/www.mpppst.gob.ve\/mpppstweb\/index.php\/2016\/01\/04\/conmemoraciones-historicas\/\",\"url\":\"https:\/\/www.mpppst.gob.ve\/mpppstweb\/index.php\/2016\/01\/04\/conmemoraciones-historicas\/\",\"name\":\"Conmemoraciones Hist\u00f3ricas - MPPPST\",\"isPartOf\":{\"@id\":\"https:\/\/www.mpppst.gob.ve\/mpppstweb\/#website\"},\"primaryImageOfPage\":{\"@id\":\"https:\/\/www.mpppst.gob.ve\/mpppstweb\/index.php\/2016\/01\/04\/conmemoraciones-historicas\/#primaryimage\"},\"image\":{\"@id\":\"https:\/\/www.mpppst.gob.ve\/mpppstweb\/index.php\/2016\/01\/04\/conmemoraciones-historicas\/#primaryimage\"},\"thumbnailUrl\":\"https:\/\/www.mpppst.gob.ve\/mpppstweb\/wp-content\/uploads\/2016\/01\/imagen-1.jpg\",\"datePublished\":\"2016-01-04T11:47:16+00:00\",\"dateModified\":\"2016-07-04T12:19:38+00:00\",\"breadcrumb\":{\"@id\":\"https:\/\/www.mpppst.gob.ve\/mpppstweb\/index.php\/2016\/01\/04\/conmemoraciones-historicas\/#breadcrumb\"},\"inLanguage\":\"es\",\"potentialAction\":[{\"@type\":\"ReadAction\",\"target\":[\"https:\/\/www.mpppst.gob.ve\/mpppstweb\/index.php\/2016\/01\/04\/conmemoraciones-historicas\/\"]}]},{\"@type\":\"ImageObject\",\"inLanguage\":\"es\",\"@id\":\"https:\/\/www.mpppst.gob.ve\/mpppstweb\/index.php\/2016\/01\/04\/conmemoraciones-historicas\/#primaryimage\",\"url\":\"https:\/\/www.mpppst.gob.ve\/mpppstweb\/wp-content\/uploads\/2016\/01\/imagen-1.jpg\",\"contentUrl\":\"https:\/\/www.mpppst.gob.ve\/mpppstweb\/wp-content\/uploads\/2016\/01\/imagen-1.jpg\",\"width\":636,\"height\":464},{\"@type\":\"BreadcrumbList\",\"@id\":\"https:\/\/www.mpppst.gob.ve\/mpppstweb\/index.php\/2016\/01\/04\/conmemoraciones-historicas\/#breadcrumb\",\"itemListElement\":[{\"@type\":\"ListItem\",\"position\":1,\"name\":\"Home\",\"item\":\"https:\/\/www.mpppst.gob.ve\/mpppstweb\/\"},{\"@type\":\"ListItem\",\"position\":2,\"name\":\"Conmemoraciones Hist\u00f3ricas\"}]},{\"@type\":\"WebSite\",\"@id\":\"https:\/\/www.mpppst.gob.ve\/mpppstweb\/#website\",\"url\":\"https:\/\/www.mpppst.gob.ve\/mpppstweb\/\",\"name\":\"MPPPST\",\"description\":\"Ministerio del Poder Popular para el Proceso Social de Trabajo\",\"publisher\":{\"@id\":\"https:\/\/www.mpppst.gob.ve\/mpppstweb\/#organization\"},\"potentialAction\":[{\"@type\":\"SearchAction\",\"target\":{\"@type\":\"EntryPoint\",\"urlTemplate\":\"https:\/\/www.mpppst.gob.ve\/mpppstweb\/?s={search_term_string}\"},\"query-input\":\"required name=search_term_string\"}],\"inLanguage\":\"es\"},{\"@type\":\"Organization\",\"@id\":\"https:\/\/www.mpppst.gob.ve\/mpppstweb\/#organization\",\"name\":\"mpppst\",\"url\":\"https:\/\/www.mpppst.gob.ve\/mpppstweb\/\",\"logo\":{\"@type\":\"ImageObject\",\"inLanguage\":\"es\",\"@id\":\"https:\/\/www.mpppst.gob.ve\/mpppstweb\/#\/schema\/logo\/image\/\",\"url\":\"https:\/\/www.mpppst.gob.ve\/mpppstweb\/wp-content\/uploads\/2025\/07\/cropped-cropped-g910.png\",\"contentUrl\":\"https:\/\/www.mpppst.gob.ve\/mpppstweb\/wp-content\/uploads\/2025\/07\/cropped-cropped-g910.png\",\"width\":1080,\"height\":241,\"caption\":\"mpppst\"},\"image\":{\"@id\":\"https:\/\/www.mpppst.gob.ve\/mpppstweb\/#\/schema\/logo\/image\/\"}},{\"@type\":\"Person\",\"@id\":\"https:\/\/www.mpppst.gob.ve\/mpppstweb\/#\/schema\/person\/fc187ee8ead412bd4c9304b62f900ea4\",\"name\":\"MPPPST Prensa\",\"url\":\"https:\/\/www.mpppst.gob.ve\/mpppstweb\/index.php\/author\/prensa-mpppst\/\"}]}<\/script>\n<!-- \/ Yoast SEO plugin. -->","yoast_head_json":{"title":"Conmemoraciones Hist\u00f3ricas - MPPPST","robots":{"index":"index","follow":"follow","max-snippet":"max-snippet:-1","max-image-preview":"max-image-preview:large","max-video-preview":"max-video-preview:-1"},"canonical":"https:\/\/www.mpppst.gob.ve\/mpppstweb\/index.php\/2016\/01\/04\/conmemoraciones-historicas\/","og_locale":"es_ES","og_type":"article","og_title":"Conmemoraciones Hist\u00f3ricas - MPPPST","og_description":"1\u00ba de enero de 1804: Triunfo de la Revoluci\u00f3n haitiana.","og_url":"https:\/\/www.mpppst.gob.ve\/mpppstweb\/index.php\/2016\/01\/04\/conmemoraciones-historicas\/","og_site_name":"MPPPST","article_published_time":"2016-01-04T11:47:16+00:00","article_modified_time":"2016-07-04T12:19:38+00:00","og_image":[{"width":636,"height":464,"url":"https:\/\/www.mpppst.gob.ve\/mpppstweb\/wp-content\/uploads\/2016\/01\/imagen-1.jpg","type":"image\/jpeg"}],"author":"MPPPST Prensa","twitter_card":"summary_large_image","twitter_misc":{"Escrito por":"MPPPST Prensa","Tiempo de lectura":"5 minutos"},"schema":{"@context":"https:\/\/schema.org","@graph":[{"@type":"Article","@id":"https:\/\/www.mpppst.gob.ve\/mpppstweb\/index.php\/2016\/01\/04\/conmemoraciones-historicas\/#article","isPartOf":{"@id":"https:\/\/www.mpppst.gob.ve\/mpppstweb\/index.php\/2016\/01\/04\/conmemoraciones-historicas\/"},"author":{"name":"MPPPST Prensa","@id":"https:\/\/www.mpppst.gob.ve\/mpppstweb\/#\/schema\/person\/fc187ee8ead412bd4c9304b62f900ea4"},"headline":"Conmemoraciones Hist\u00f3ricas","datePublished":"2016-01-04T11:47:16+00:00","dateModified":"2016-07-04T12:19:38+00:00","mainEntityOfPage":{"@id":"https:\/\/www.mpppst.gob.ve\/mpppstweb\/index.php\/2016\/01\/04\/conmemoraciones-historicas\/"},"wordCount":944,"publisher":{"@id":"https:\/\/www.mpppst.gob.ve\/mpppstweb\/#organization"},"image":{"@id":"https:\/\/www.mpppst.gob.ve\/mpppstweb\/index.php\/2016\/01\/04\/conmemoraciones-historicas\/#primaryimage"},"thumbnailUrl":"https:\/\/www.mpppst.gob.ve\/mpppstweb\/wp-content\/uploads\/2016\/01\/imagen-1.jpg","articleSection":["Gobierno Nacional"],"inLanguage":"es"},{"@type":"WebPage","@id":"https:\/\/www.mpppst.gob.ve\/mpppstweb\/index.php\/2016\/01\/04\/conmemoraciones-historicas\/","url":"https:\/\/www.mpppst.gob.ve\/mpppstweb\/index.php\/2016\/01\/04\/conmemoraciones-historicas\/","name":"Conmemoraciones Hist\u00f3ricas - MPPPST","isPartOf":{"@id":"https:\/\/www.mpppst.gob.ve\/mpppstweb\/#website"},"primaryImageOfPage":{"@id":"https:\/\/www.mpppst.gob.ve\/mpppstweb\/index.php\/2016\/01\/04\/conmemoraciones-historicas\/#primaryimage"},"image":{"@id":"https:\/\/www.mpppst.gob.ve\/mpppstweb\/index.php\/2016\/01\/04\/conmemoraciones-historicas\/#primaryimage"},"thumbnailUrl":"https:\/\/www.mpppst.gob.ve\/mpppstweb\/wp-content\/uploads\/2016\/01\/imagen-1.jpg","datePublished":"2016-01-04T11:47:16+00:00","dateModified":"2016-07-04T12:19:38+00:00","breadcrumb":{"@id":"https:\/\/www.mpppst.gob.ve\/mpppstweb\/index.php\/2016\/01\/04\/conmemoraciones-historicas\/#breadcrumb"},"inLanguage":"es","potentialAction":[{"@type":"ReadAction","target":["https:\/\/www.mpppst.gob.ve\/mpppstweb\/index.php\/2016\/01\/04\/conmemoraciones-historicas\/"]}]},{"@type":"ImageObject","inLanguage":"es","@id":"https:\/\/www.mpppst.gob.ve\/mpppstweb\/index.php\/2016\/01\/04\/conmemoraciones-historicas\/#primaryimage","url":"https:\/\/www.mpppst.gob.ve\/mpppstweb\/wp-content\/uploads\/2016\/01\/imagen-1.jpg","contentUrl":"https:\/\/www.mpppst.gob.ve\/mpppstweb\/wp-content\/uploads\/2016\/01\/imagen-1.jpg","width":636,"height":464},{"@type":"BreadcrumbList","@id":"https:\/\/www.mpppst.gob.ve\/mpppstweb\/index.php\/2016\/01\/04\/conmemoraciones-historicas\/#breadcrumb","itemListElement":[{"@type":"ListItem","position":1,"name":"Home","item":"https:\/\/www.mpppst.gob.ve\/mpppstweb\/"},{"@type":"ListItem","position":2,"name":"Conmemoraciones Hist\u00f3ricas"}]},{"@type":"WebSite","@id":"https:\/\/www.mpppst.gob.ve\/mpppstweb\/#website","url":"https:\/\/www.mpppst.gob.ve\/mpppstweb\/","name":"MPPPST","description":"Ministerio del Poder Popular para el Proceso Social de Trabajo","publisher":{"@id":"https:\/\/www.mpppst.gob.ve\/mpppstweb\/#organization"},"potentialAction":[{"@type":"SearchAction","target":{"@type":"EntryPoint","urlTemplate":"https:\/\/www.mpppst.gob.ve\/mpppstweb\/?s={search_term_string}"},"query-input":"required name=search_term_string"}],"inLanguage":"es"},{"@type":"Organization","@id":"https:\/\/www.mpppst.gob.ve\/mpppstweb\/#organization","name":"mpppst","url":"https:\/\/www.mpppst.gob.ve\/mpppstweb\/","logo":{"@type":"ImageObject","inLanguage":"es","@id":"https:\/\/www.mpppst.gob.ve\/mpppstweb\/#\/schema\/logo\/image\/","url":"https:\/\/www.mpppst.gob.ve\/mpppstweb\/wp-content\/uploads\/2025\/07\/cropped-cropped-g910.png","contentUrl":"https:\/\/www.mpppst.gob.ve\/mpppstweb\/wp-content\/uploads\/2025\/07\/cropped-cropped-g910.png","width":1080,"height":241,"caption":"mpppst"},"image":{"@id":"https:\/\/www.mpppst.gob.ve\/mpppstweb\/#\/schema\/logo\/image\/"}},{"@type":"Person","@id":"https:\/\/www.mpppst.gob.ve\/mpppstweb\/#\/schema\/person\/fc187ee8ead412bd4c9304b62f900ea4","name":"MPPPST Prensa","url":"https:\/\/www.mpppst.gob.ve\/mpppstweb\/index.php\/author\/prensa-mpppst\/"}]}},"_links":{"self":[{"href":"https:\/\/www.mpppst.gob.ve\/mpppstweb\/index.php\/wp-json\/wp\/v2\/posts\/4307"}],"collection":[{"href":"https:\/\/www.mpppst.gob.ve\/mpppstweb\/index.php\/wp-json\/wp\/v2\/posts"}],"about":[{"href":"https:\/\/www.mpppst.gob.ve\/mpppstweb\/index.php\/wp-json\/wp\/v2\/types\/post"}],"author":[{"embeddable":true,"href":"https:\/\/www.mpppst.gob.ve\/mpppstweb\/index.php\/wp-json\/wp\/v2\/users\/25"}],"replies":[{"embeddable":true,"href":"https:\/\/www.mpppst.gob.ve\/mpppstweb\/index.php\/wp-json\/wp\/v2\/comments?post=4307"}],"version-history":[{"count":1,"href":"https:\/\/www.mpppst.gob.ve\/mpppstweb\/index.php\/wp-json\/wp\/v2\/posts\/4307\/revisions"}],"predecessor-version":[{"id":6042,"href":"https:\/\/www.mpppst.gob.ve\/mpppstweb\/index.php\/wp-json\/wp\/v2\/posts\/4307\/revisions\/6042"}],"wp:featuredmedia":[{"embeddable":true,"href":"https:\/\/www.mpppst.gob.ve\/mpppstweb\/index.php\/wp-json\/wp\/v2\/media\/4309"}],"wp:attachment":[{"href":"https:\/\/www.mpppst.gob.ve\/mpppstweb\/index.php\/wp-json\/wp\/v2\/media?parent=4307"}],"wp:term":[{"taxonomy":"category","embeddable":true,"href":"https:\/\/www.mpppst.gob.ve\/mpppstweb\/index.php\/wp-json\/wp\/v2\/categories?post=4307"},{"taxonomy":"post_tag","embeddable":true,"href":"https:\/\/www.mpppst.gob.ve\/mpppstweb\/index.php\/wp-json\/wp\/v2\/tags?post=4307"}],"curies":[{"name":"wp","href":"https:\/\/api.w.org\/{rel}","templated":true}]}}