{"id":4337,"date":"2016-01-05T16:52:03","date_gmt":"2016-01-05T16:52:03","guid":{"rendered":"http:\/\/www.mpppst.gob.ve\/mpppstweb\/?p=4337"},"modified":"2016-07-01T18:01:33","modified_gmt":"2016-07-01T18:01:33","slug":"cronica-de-un-pueblo-que-se-niega-a-reeditar-el-pasado","status":"publish","type":"post","link":"https:\/\/www.mpppst.gob.ve\/mpppstweb\/index.php\/2016\/01\/05\/cronica-de-un-pueblo-que-se-niega-a-reeditar-el-pasado\/","title":{"rendered":"Cr\u00f3nica de un pueblo que se niega a reeditar el pasado"},"content":{"rendered":"<p>El d\u00eda 05 de Enero de 2016 quedar\u00e1 en los anaqueles\u00a0 de la historia como la fecha en la cual el pueblo venezolano, pese a\u00a0 la incertidumbre, a las amenazas medi\u00e1ticas que vaticinaron un derramamiento de sangre, sali\u00f3 a las calles a respaldar a sus 55 diputados, parlamentarios del pueblo decididos a seguir luchando por mantener vigentes los logros que solo son posibles en Revoluci\u00f3n, en el marco de un Estado que reconoce a hombres y mujeres como sujetos sociales e hist\u00f3ricos.<\/p>\n<p>As\u00ed, las calles de Caracas se hicieron pueblo. La gente sali\u00f3 con determinaci\u00f3n a apoyar a los diputados de la Revoluci\u00f3n. Esto no fue un mero hecho simb\u00f3lico. Se trat\u00f3 de una acci\u00f3n con una gran carga argumentativa: dar un espaldarazo a las pol\u00edticas sociales en las cuales el pueblo ha tenido una participaci\u00f3n activa. Se trat\u00f3 de una acci\u00f3n en la cual hombres y mujeres afianzaron su convicci\u00f3n de patriotas y de defender al pa\u00eds ante las amenazas imperiales que se ciernen sobre la Patria.<\/p>\n<p>No fueron pocas las mujeres que salieron con carteles en manos en las que dec\u00edan que defender\u00edan la Ley Org\u00e1nica del Trabajo, los Trabajadores y las Trabajadoras. No puede ser de otra forma. A partir del reconocimiento de la necesidad de atender a la familia de manera integral \u00a0fue creada la LOTTT, instrumento legal que confiere tiempo, que asume que el salario es importante para cubrir las necesidades integrales de una familia (no para subsistir), que reconoce la justa distribuci\u00f3n de la riqueza, asunto que da al traste con la forma monop\u00f3lica de tomar, por\u00a0 arrebato, la riqueza o la denominada ganancia que se generaba como consecuencia de la explotaci\u00f3n del hombre por el hombre.<\/p>\n<p>Otros afiches eran contentivos de la frase: \u201cpueblo legislador\u201d, una forma de decirle a los representantes de la derecha que est\u00e1 en la Asamblea Nacional que el pueblo seguir\u00e1 muy de cerca las propuestas o decisiones que pudieran adoptar los ap\u00e9ndices de estructuras del pasado como el FMI, Banco Mundial o el Banco Interamericano de Desarrollo (BID). Tambi\u00e9n hubo consignas, espetadas por la heterogeneidad de grupos sociales, a los cuales la Revoluci\u00f3n les ha conferido tambi\u00e9n reconocimiento, inclusi\u00f3n y, especialmente, ha generado las condiciones para que se empoderen. Algo impensable en el pasado.<\/p>\n<p>El pueblo acudi\u00f3 inc\u00f3lume, a ratos triste, probablemente con cierta incertidumbre, tal como lo se\u00f1alaban con sinceridad\u00a0 algunos de los asistentes. Sus camaradas, sin duda, \u00a0resultaron el mejor acompa\u00f1ante en estos momentos. \u201cEsto es circunstancial\u201d, dijo uno. \u201cSe trata de trata de un asunto coyuntural\u201d, dijo convencido otro. Pero lo mejor fue espetado por una mujer, que se asume como joven del barrio: \u201caqu\u00ed hay un pueblo que no quiere volver a endeudarse con el FMI y con esto endeudar a nuestras futuras generaciones; un pueblo que no quiere dejar de acudir a la Universidad por falta de recursos, de empleo o porque las \u00a0Universidades no\u00a0 abren sus puertas a la gente; que no quiere volver a trabajar en condiciones enajenantes\u2026 Las mujeres trabajadoras no queremos volver a ser una mercanc\u00eda; queremos seguir pariendo hijos e hijas \u00a0en dignas condiciones y que por ello sean dignos de esta Patria\u2026 Aqu\u00ed hay un pueblo dispuesto a todo para preservar lo m\u00e1s preciado que hemos alcanzado: nuestra irreversible Independencia\u201d. \u00a0Como Luisa Gonz\u00e1lez, joven del barrio Catuche, hay millones de venezolanos negados, con determinaci\u00f3n, a reeditar el pasado.<\/p>\n<p>Prensa MPPPST<\/p>\n","protected":false},"excerpt":{"rendered":"<p>El d\u00eda 05 de Enero de 2016 quedar\u00e1 en los anaqueles de la historia como el d\u00eda en que el pueblo sali\u00f3 a las calles a respaldar a sus 55 diputados.<\/p>\n","protected":false},"author":25,"featured_media":4338,"comment_status":"closed","ping_status":"closed","sticky":false,"template":"","format":"standard","meta":{"footnotes":""},"categories":[82],"tags":[],"yoast_head":"<!-- This site is optimized with the Yoast SEO plugin v22.5 - https:\/\/yoast.com\/wordpress\/plugins\/seo\/ -->\n<title>Cr\u00f3nica de un pueblo que se niega a reeditar el pasado - MPPPST<\/title>\n<meta name=\"robots\" content=\"index, follow, max-snippet:-1, max-image-preview:large, max-video-preview:-1\" \/>\n<link rel=\"canonical\" href=\"https:\/\/www.mpppst.gob.ve\/mpppstweb\/index.php\/2016\/01\/05\/cronica-de-un-pueblo-que-se-niega-a-reeditar-el-pasado\/\" \/>\n<meta property=\"og:locale\" content=\"es_ES\" \/>\n<meta property=\"og:type\" content=\"article\" \/>\n<meta property=\"og:title\" content=\"Cr\u00f3nica de un pueblo que se niega a reeditar el pasado - MPPPST\" \/>\n<meta property=\"og:description\" content=\"El d\u00eda 05 de Enero de 2016 quedar\u00e1 en los anaqueles de la historia como el d\u00eda en que el pueblo sali\u00f3 a las calles a respaldar a sus 55 diputados.\" \/>\n<meta property=\"og:url\" content=\"https:\/\/www.mpppst.gob.ve\/mpppstweb\/index.php\/2016\/01\/05\/cronica-de-un-pueblo-que-se-niega-a-reeditar-el-pasado\/\" \/>\n<meta property=\"og:site_name\" content=\"MPPPST\" \/>\n<meta property=\"article:published_time\" content=\"2016-01-05T16:52:03+00:00\" \/>\n<meta property=\"article:modified_time\" content=\"2016-07-01T18:01:33+00:00\" \/>\n<meta property=\"og:image\" content=\"https:\/\/www.mpppst.gob.ve\/mpppstweb\/wp-content\/uploads\/2016\/01\/DSC_4772.jpg\" \/>\n\t<meta property=\"og:image:width\" content=\"650\" \/>\n\t<meta property=\"og:image:height\" content=\"435\" \/>\n\t<meta property=\"og:image:type\" content=\"image\/jpeg\" \/>\n<meta name=\"author\" content=\"MPPPST Prensa\" \/>\n<meta name=\"twitter:card\" content=\"summary_large_image\" \/>\n<meta name=\"twitter:label1\" content=\"Escrito por\" \/>\n\t<meta name=\"twitter:data1\" content=\"MPPPST Prensa\" \/>\n\t<meta name=\"twitter:label2\" content=\"Tiempo de lectura\" \/>\n\t<meta name=\"twitter:data2\" content=\"3 minutos\" \/>\n<script type=\"application\/ld+json\" class=\"yoast-schema-graph\">{\"@context\":\"https:\/\/schema.org\",\"@graph\":[{\"@type\":\"Article\",\"@id\":\"https:\/\/www.mpppst.gob.ve\/mpppstweb\/index.php\/2016\/01\/05\/cronica-de-un-pueblo-que-se-niega-a-reeditar-el-pasado\/#article\",\"isPartOf\":{\"@id\":\"https:\/\/www.mpppst.gob.ve\/mpppstweb\/index.php\/2016\/01\/05\/cronica-de-un-pueblo-que-se-niega-a-reeditar-el-pasado\/\"},\"author\":{\"name\":\"MPPPST Prensa\",\"@id\":\"https:\/\/www.mpppst.gob.ve\/mpppstweb\/#\/schema\/person\/fc187ee8ead412bd4c9304b62f900ea4\"},\"headline\":\"Cr\u00f3nica de un pueblo que se niega a reeditar el pasado\",\"datePublished\":\"2016-01-05T16:52:03+00:00\",\"dateModified\":\"2016-07-01T18:01:33+00:00\",\"mainEntityOfPage\":{\"@id\":\"https:\/\/www.mpppst.gob.ve\/mpppstweb\/index.php\/2016\/01\/05\/cronica-de-un-pueblo-que-se-niega-a-reeditar-el-pasado\/\"},\"wordCount\":603,\"publisher\":{\"@id\":\"https:\/\/www.mpppst.gob.ve\/mpppstweb\/#organization\"},\"image\":{\"@id\":\"https:\/\/www.mpppst.gob.ve\/mpppstweb\/index.php\/2016\/01\/05\/cronica-de-un-pueblo-que-se-niega-a-reeditar-el-pasado\/#primaryimage\"},\"thumbnailUrl\":\"https:\/\/www.mpppst.gob.ve\/mpppstweb\/wp-content\/uploads\/2016\/01\/DSC_4772.jpg\",\"articleSection\":[\"Gobierno Nacional\"],\"inLanguage\":\"es\"},{\"@type\":\"WebPage\",\"@id\":\"https:\/\/www.mpppst.gob.ve\/mpppstweb\/index.php\/2016\/01\/05\/cronica-de-un-pueblo-que-se-niega-a-reeditar-el-pasado\/\",\"url\":\"https:\/\/www.mpppst.gob.ve\/mpppstweb\/index.php\/2016\/01\/05\/cronica-de-un-pueblo-que-se-niega-a-reeditar-el-pasado\/\",\"name\":\"Cr\u00f3nica de un pueblo que se niega a reeditar el pasado - MPPPST\",\"isPartOf\":{\"@id\":\"https:\/\/www.mpppst.gob.ve\/mpppstweb\/#website\"},\"primaryImageOfPage\":{\"@id\":\"https:\/\/www.mpppst.gob.ve\/mpppstweb\/index.php\/2016\/01\/05\/cronica-de-un-pueblo-que-se-niega-a-reeditar-el-pasado\/#primaryimage\"},\"image\":{\"@id\":\"https:\/\/www.mpppst.gob.ve\/mpppstweb\/index.php\/2016\/01\/05\/cronica-de-un-pueblo-que-se-niega-a-reeditar-el-pasado\/#primaryimage\"},\"thumbnailUrl\":\"https:\/\/www.mpppst.gob.ve\/mpppstweb\/wp-content\/uploads\/2016\/01\/DSC_4772.jpg\",\"datePublished\":\"2016-01-05T16:52:03+00:00\",\"dateModified\":\"2016-07-01T18:01:33+00:00\",\"breadcrumb\":{\"@id\":\"https:\/\/www.mpppst.gob.ve\/mpppstweb\/index.php\/2016\/01\/05\/cronica-de-un-pueblo-que-se-niega-a-reeditar-el-pasado\/#breadcrumb\"},\"inLanguage\":\"es\",\"potentialAction\":[{\"@type\":\"ReadAction\",\"target\":[\"https:\/\/www.mpppst.gob.ve\/mpppstweb\/index.php\/2016\/01\/05\/cronica-de-un-pueblo-que-se-niega-a-reeditar-el-pasado\/\"]}]},{\"@type\":\"ImageObject\",\"inLanguage\":\"es\",\"@id\":\"https:\/\/www.mpppst.gob.ve\/mpppstweb\/index.php\/2016\/01\/05\/cronica-de-un-pueblo-que-se-niega-a-reeditar-el-pasado\/#primaryimage\",\"url\":\"https:\/\/www.mpppst.gob.ve\/mpppstweb\/wp-content\/uploads\/2016\/01\/DSC_4772.jpg\",\"contentUrl\":\"https:\/\/www.mpppst.gob.ve\/mpppstweb\/wp-content\/uploads\/2016\/01\/DSC_4772.jpg\",\"width\":650,\"height\":435},{\"@type\":\"BreadcrumbList\",\"@id\":\"https:\/\/www.mpppst.gob.ve\/mpppstweb\/index.php\/2016\/01\/05\/cronica-de-un-pueblo-que-se-niega-a-reeditar-el-pasado\/#breadcrumb\",\"itemListElement\":[{\"@type\":\"ListItem\",\"position\":1,\"name\":\"Home\",\"item\":\"https:\/\/www.mpppst.gob.ve\/mpppstweb\/\"},{\"@type\":\"ListItem\",\"position\":2,\"name\":\"Cr\u00f3nica de un pueblo que se niega a reeditar el pasado\"}]},{\"@type\":\"WebSite\",\"@id\":\"https:\/\/www.mpppst.gob.ve\/mpppstweb\/#website\",\"url\":\"https:\/\/www.mpppst.gob.ve\/mpppstweb\/\",\"name\":\"MPPPST\",\"description\":\"Ministerio del Poder Popular para el Proceso Social de Trabajo\",\"publisher\":{\"@id\":\"https:\/\/www.mpppst.gob.ve\/mpppstweb\/#organization\"},\"potentialAction\":[{\"@type\":\"SearchAction\",\"target\":{\"@type\":\"EntryPoint\",\"urlTemplate\":\"https:\/\/www.mpppst.gob.ve\/mpppstweb\/?s={search_term_string}\"},\"query-input\":\"required name=search_term_string\"}],\"inLanguage\":\"es\"},{\"@type\":\"Organization\",\"@id\":\"https:\/\/www.mpppst.gob.ve\/mpppstweb\/#organization\",\"name\":\"mpppst\",\"url\":\"https:\/\/www.mpppst.gob.ve\/mpppstweb\/\",\"logo\":{\"@type\":\"ImageObject\",\"inLanguage\":\"es\",\"@id\":\"https:\/\/www.mpppst.gob.ve\/mpppstweb\/#\/schema\/logo\/image\/\",\"url\":\"https:\/\/www.mpppst.gob.ve\/mpppstweb\/wp-content\/uploads\/2025\/07\/cropped-cropped-g910.png\",\"contentUrl\":\"https:\/\/www.mpppst.gob.ve\/mpppstweb\/wp-content\/uploads\/2025\/07\/cropped-cropped-g910.png\",\"width\":1080,\"height\":241,\"caption\":\"mpppst\"},\"image\":{\"@id\":\"https:\/\/www.mpppst.gob.ve\/mpppstweb\/#\/schema\/logo\/image\/\"}},{\"@type\":\"Person\",\"@id\":\"https:\/\/www.mpppst.gob.ve\/mpppstweb\/#\/schema\/person\/fc187ee8ead412bd4c9304b62f900ea4\",\"name\":\"MPPPST Prensa\",\"url\":\"https:\/\/www.mpppst.gob.ve\/mpppstweb\/index.php\/author\/prensa-mpppst\/\"}]}<\/script>\n<!-- \/ Yoast SEO plugin. -->","yoast_head_json":{"title":"Cr\u00f3nica de un pueblo que se niega a reeditar el pasado - MPPPST","robots":{"index":"index","follow":"follow","max-snippet":"max-snippet:-1","max-image-preview":"max-image-preview:large","max-video-preview":"max-video-preview:-1"},"canonical":"https:\/\/www.mpppst.gob.ve\/mpppstweb\/index.php\/2016\/01\/05\/cronica-de-un-pueblo-que-se-niega-a-reeditar-el-pasado\/","og_locale":"es_ES","og_type":"article","og_title":"Cr\u00f3nica de un pueblo que se niega a reeditar el pasado - MPPPST","og_description":"El d\u00eda 05 de Enero de 2016 quedar\u00e1 en los anaqueles de la historia como el d\u00eda en que el pueblo sali\u00f3 a las calles a respaldar a sus 55 diputados.","og_url":"https:\/\/www.mpppst.gob.ve\/mpppstweb\/index.php\/2016\/01\/05\/cronica-de-un-pueblo-que-se-niega-a-reeditar-el-pasado\/","og_site_name":"MPPPST","article_published_time":"2016-01-05T16:52:03+00:00","article_modified_time":"2016-07-01T18:01:33+00:00","og_image":[{"width":650,"height":435,"url":"https:\/\/www.mpppst.gob.ve\/mpppstweb\/wp-content\/uploads\/2016\/01\/DSC_4772.jpg","type":"image\/jpeg"}],"author":"MPPPST Prensa","twitter_card":"summary_large_image","twitter_misc":{"Escrito por":"MPPPST Prensa","Tiempo de lectura":"3 minutos"},"schema":{"@context":"https:\/\/schema.org","@graph":[{"@type":"Article","@id":"https:\/\/www.mpppst.gob.ve\/mpppstweb\/index.php\/2016\/01\/05\/cronica-de-un-pueblo-que-se-niega-a-reeditar-el-pasado\/#article","isPartOf":{"@id":"https:\/\/www.mpppst.gob.ve\/mpppstweb\/index.php\/2016\/01\/05\/cronica-de-un-pueblo-que-se-niega-a-reeditar-el-pasado\/"},"author":{"name":"MPPPST Prensa","@id":"https:\/\/www.mpppst.gob.ve\/mpppstweb\/#\/schema\/person\/fc187ee8ead412bd4c9304b62f900ea4"},"headline":"Cr\u00f3nica de un pueblo que se niega a reeditar el pasado","datePublished":"2016-01-05T16:52:03+00:00","dateModified":"2016-07-01T18:01:33+00:00","mainEntityOfPage":{"@id":"https:\/\/www.mpppst.gob.ve\/mpppstweb\/index.php\/2016\/01\/05\/cronica-de-un-pueblo-que-se-niega-a-reeditar-el-pasado\/"},"wordCount":603,"publisher":{"@id":"https:\/\/www.mpppst.gob.ve\/mpppstweb\/#organization"},"image":{"@id":"https:\/\/www.mpppst.gob.ve\/mpppstweb\/index.php\/2016\/01\/05\/cronica-de-un-pueblo-que-se-niega-a-reeditar-el-pasado\/#primaryimage"},"thumbnailUrl":"https:\/\/www.mpppst.gob.ve\/mpppstweb\/wp-content\/uploads\/2016\/01\/DSC_4772.jpg","articleSection":["Gobierno Nacional"],"inLanguage":"es"},{"@type":"WebPage","@id":"https:\/\/www.mpppst.gob.ve\/mpppstweb\/index.php\/2016\/01\/05\/cronica-de-un-pueblo-que-se-niega-a-reeditar-el-pasado\/","url":"https:\/\/www.mpppst.gob.ve\/mpppstweb\/index.php\/2016\/01\/05\/cronica-de-un-pueblo-que-se-niega-a-reeditar-el-pasado\/","name":"Cr\u00f3nica de un pueblo que se niega a reeditar el pasado - MPPPST","isPartOf":{"@id":"https:\/\/www.mpppst.gob.ve\/mpppstweb\/#website"},"primaryImageOfPage":{"@id":"https:\/\/www.mpppst.gob.ve\/mpppstweb\/index.php\/2016\/01\/05\/cronica-de-un-pueblo-que-se-niega-a-reeditar-el-pasado\/#primaryimage"},"image":{"@id":"https:\/\/www.mpppst.gob.ve\/mpppstweb\/index.php\/2016\/01\/05\/cronica-de-un-pueblo-que-se-niega-a-reeditar-el-pasado\/#primaryimage"},"thumbnailUrl":"https:\/\/www.mpppst.gob.ve\/mpppstweb\/wp-content\/uploads\/2016\/01\/DSC_4772.jpg","datePublished":"2016-01-05T16:52:03+00:00","dateModified":"2016-07-01T18:01:33+00:00","breadcrumb":{"@id":"https:\/\/www.mpppst.gob.ve\/mpppstweb\/index.php\/2016\/01\/05\/cronica-de-un-pueblo-que-se-niega-a-reeditar-el-pasado\/#breadcrumb"},"inLanguage":"es","potentialAction":[{"@type":"ReadAction","target":["https:\/\/www.mpppst.gob.ve\/mpppstweb\/index.php\/2016\/01\/05\/cronica-de-un-pueblo-que-se-niega-a-reeditar-el-pasado\/"]}]},{"@type":"ImageObject","inLanguage":"es","@id":"https:\/\/www.mpppst.gob.ve\/mpppstweb\/index.php\/2016\/01\/05\/cronica-de-un-pueblo-que-se-niega-a-reeditar-el-pasado\/#primaryimage","url":"https:\/\/www.mpppst.gob.ve\/mpppstweb\/wp-content\/uploads\/2016\/01\/DSC_4772.jpg","contentUrl":"https:\/\/www.mpppst.gob.ve\/mpppstweb\/wp-content\/uploads\/2016\/01\/DSC_4772.jpg","width":650,"height":435},{"@type":"BreadcrumbList","@id":"https:\/\/www.mpppst.gob.ve\/mpppstweb\/index.php\/2016\/01\/05\/cronica-de-un-pueblo-que-se-niega-a-reeditar-el-pasado\/#breadcrumb","itemListElement":[{"@type":"ListItem","position":1,"name":"Home","item":"https:\/\/www.mpppst.gob.ve\/mpppstweb\/"},{"@type":"ListItem","position":2,"name":"Cr\u00f3nica de un pueblo que se niega a reeditar el pasado"}]},{"@type":"WebSite","@id":"https:\/\/www.mpppst.gob.ve\/mpppstweb\/#website","url":"https:\/\/www.mpppst.gob.ve\/mpppstweb\/","name":"MPPPST","description":"Ministerio del Poder Popular para el Proceso Social de Trabajo","publisher":{"@id":"https:\/\/www.mpppst.gob.ve\/mpppstweb\/#organization"},"potentialAction":[{"@type":"SearchAction","target":{"@type":"EntryPoint","urlTemplate":"https:\/\/www.mpppst.gob.ve\/mpppstweb\/?s={search_term_string}"},"query-input":"required name=search_term_string"}],"inLanguage":"es"},{"@type":"Organization","@id":"https:\/\/www.mpppst.gob.ve\/mpppstweb\/#organization","name":"mpppst","url":"https:\/\/www.mpppst.gob.ve\/mpppstweb\/","logo":{"@type":"ImageObject","inLanguage":"es","@id":"https:\/\/www.mpppst.gob.ve\/mpppstweb\/#\/schema\/logo\/image\/","url":"https:\/\/www.mpppst.gob.ve\/mpppstweb\/wp-content\/uploads\/2025\/07\/cropped-cropped-g910.png","contentUrl":"https:\/\/www.mpppst.gob.ve\/mpppstweb\/wp-content\/uploads\/2025\/07\/cropped-cropped-g910.png","width":1080,"height":241,"caption":"mpppst"},"image":{"@id":"https:\/\/www.mpppst.gob.ve\/mpppstweb\/#\/schema\/logo\/image\/"}},{"@type":"Person","@id":"https:\/\/www.mpppst.gob.ve\/mpppstweb\/#\/schema\/person\/fc187ee8ead412bd4c9304b62f900ea4","name":"MPPPST Prensa","url":"https:\/\/www.mpppst.gob.ve\/mpppstweb\/index.php\/author\/prensa-mpppst\/"}]}},"_links":{"self":[{"href":"https:\/\/www.mpppst.gob.ve\/mpppstweb\/index.php\/wp-json\/wp\/v2\/posts\/4337"}],"collection":[{"href":"https:\/\/www.mpppst.gob.ve\/mpppstweb\/index.php\/wp-json\/wp\/v2\/posts"}],"about":[{"href":"https:\/\/www.mpppst.gob.ve\/mpppstweb\/index.php\/wp-json\/wp\/v2\/types\/post"}],"author":[{"embeddable":true,"href":"https:\/\/www.mpppst.gob.ve\/mpppstweb\/index.php\/wp-json\/wp\/v2\/users\/25"}],"replies":[{"embeddable":true,"href":"https:\/\/www.mpppst.gob.ve\/mpppstweb\/index.php\/wp-json\/wp\/v2\/comments?post=4337"}],"version-history":[{"count":1,"href":"https:\/\/www.mpppst.gob.ve\/mpppstweb\/index.php\/wp-json\/wp\/v2\/posts\/4337\/revisions"}],"predecessor-version":[{"id":6972,"href":"https:\/\/www.mpppst.gob.ve\/mpppstweb\/index.php\/wp-json\/wp\/v2\/posts\/4337\/revisions\/6972"}],"wp:featuredmedia":[{"embeddable":true,"href":"https:\/\/www.mpppst.gob.ve\/mpppstweb\/index.php\/wp-json\/wp\/v2\/media\/4338"}],"wp:attachment":[{"href":"https:\/\/www.mpppst.gob.ve\/mpppstweb\/index.php\/wp-json\/wp\/v2\/media?parent=4337"}],"wp:term":[{"taxonomy":"category","embeddable":true,"href":"https:\/\/www.mpppst.gob.ve\/mpppstweb\/index.php\/wp-json\/wp\/v2\/categories?post=4337"},{"taxonomy":"post_tag","embeddable":true,"href":"https:\/\/www.mpppst.gob.ve\/mpppstweb\/index.php\/wp-json\/wp\/v2\/tags?post=4337"}],"curies":[{"name":"wp","href":"https:\/\/api.w.org\/{rel}","templated":true}]}}