{"id":4346,"date":"2016-01-07T16:57:35","date_gmt":"2016-01-07T16:57:35","guid":{"rendered":"http:\/\/www.mpppst.gob.ve\/mpppstweb\/?p=4346"},"modified":"2016-07-01T18:01:52","modified_gmt":"2016-07-01T18:01:52","slug":"clase-obrera-participara-activamente-en-la-produccion-nacional","status":"publish","type":"post","link":"https:\/\/www.mpppst.gob.ve\/mpppstweb\/index.php\/2016\/01\/07\/clase-obrera-participara-activamente-en-la-produccion-nacional\/","title":{"rendered":"Clase obrera participar\u00e1 activamente en la producci\u00f3n nacional"},"content":{"rendered":"<p>Caracas 7 de enero (MPPPST) &#8211; Este 7 de enero se llev\u00f3 a cabo un encuentro entre trabajadores del Viceministerio para Educaci\u00f3n y el Trabajo para la Liberaci\u00f3n del MPPPST y la Universidad Bolivariana de los Trabajadores Jes\u00fas Rivero, que en un primer momento parte de la realizaci\u00f3n de un an\u00e1lisis de coyuntura para identificar los puntos medulares, con el fin ulterior de planificar las l\u00edneas estrat\u00e9gicas y operativas que se aplicar\u00e1n durante el a\u00f1o 2016. El prop\u00f3sito consiste en estabilizar las cadenas productivas en nuestro pa\u00eds.<\/p>\n<p>El acto estuvo coordinado por el Viceministro para Educaci\u00f3n y el Trabajo para la Liberaci\u00f3n, Luis Rodr\u00edguez, quien resalt\u00f3 el papel preponderante que ha tomado la clase obrera en revoluci\u00f3n.\u201cLa clase obrera es sujeto protag\u00f3nico en el socialismo, por eso el d\u00eda de hoy estamos definiendo c\u00f3mo la clase obrera se pone al frente de la producci\u00f3n para as\u00ed lograr vencer la guerra econ\u00f3mica\u201d, puntualiz\u00f3.<\/p>\n<p>Agreg\u00f3 que lo medular consiste en transformar la crisis generada por la contrarrevoluci\u00f3n en una oportunidad para profundizar la construcci\u00f3n del Socialismo. Definimos el papel de la clase obrera y c\u00f3mo esta clase se pone frente a la producci\u00f3n y prestaci\u00f3n de servicios.<\/p>\n<p>Rodr\u00edguez resalt\u00f3 el avance que se ha logrado en la formaci\u00f3n de las bases y de las entidades de trabajo que ha permitido que haya ciertos avances en el estudio de las cadenas productivas.<\/p>\n<p>\u201cAqu\u00ed hay trabajadores del motor agroalimentario, de hidrocarburos y de otras cadenas, ya que aqu\u00ed se va a salir a cada una de las entidades de trabajo que integran a esas cadenas productivas para resolver los nudos cr\u00edticos\u201d.<\/p>\n<p>Vale destacar que a la reuni\u00f3n asistieron trabajadores de la cadena de l\u00e1cteos, arroz, hidrocarburos, cementos, art\u00edculos del hogar, de la sider\u00fargica, entre otros sectores, dispuestos a trabajar para impulsar la producci\u00f3n en el pa\u00eds.<\/p>\n<p>&nbsp;<\/p>\n<p>Redacci\u00f3n: Carlos Palacios<\/p>\n<p>Fotograf\u00eda: F\u00e9lix Ordaz<\/p>\n<p>&nbsp;<\/p>\n","protected":false},"excerpt":{"rendered":"<p>Este 7 de enero se llev\u00f3 a cabo un encuentro entre trabajadores del Viceministerio para Educaci\u00f3n y el Trabajo para la Liberaci\u00f3n del MPPPST y la UBTJR<\/p>\n","protected":false},"author":25,"featured_media":4347,"comment_status":"closed","ping_status":"closed","sticky":false,"template":"","format":"standard","meta":{"footnotes":""},"categories":[83],"tags":[],"yoast_head":"<!-- This site is optimized with the Yoast SEO plugin v22.5 - https:\/\/yoast.com\/wordpress\/plugins\/seo\/ -->\n<title>Clase obrera participar\u00e1 activamente en la producci\u00f3n nacional - MPPPST<\/title>\n<meta name=\"robots\" content=\"index, follow, max-snippet:-1, max-image-preview:large, max-video-preview:-1\" \/>\n<link rel=\"canonical\" href=\"https:\/\/www.mpppst.gob.ve\/mpppstweb\/index.php\/2016\/01\/07\/clase-obrera-participara-activamente-en-la-produccion-nacional\/\" \/>\n<meta property=\"og:locale\" content=\"es_ES\" \/>\n<meta property=\"og:type\" content=\"article\" \/>\n<meta property=\"og:title\" content=\"Clase obrera participar\u00e1 activamente en la producci\u00f3n nacional - MPPPST\" \/>\n<meta property=\"og:description\" content=\"Este 7 de enero se llev\u00f3 a cabo un encuentro entre trabajadores del Viceministerio para Educaci\u00f3n y el Trabajo para la Liberaci\u00f3n del MPPPST y la UBTJR\" \/>\n<meta property=\"og:url\" content=\"https:\/\/www.mpppst.gob.ve\/mpppstweb\/index.php\/2016\/01\/07\/clase-obrera-participara-activamente-en-la-produccion-nacional\/\" \/>\n<meta property=\"og:site_name\" content=\"MPPPST\" \/>\n<meta property=\"article:published_time\" content=\"2016-01-07T16:57:35+00:00\" \/>\n<meta property=\"article:modified_time\" content=\"2016-07-01T18:01:52+00:00\" \/>\n<meta property=\"og:image\" content=\"https:\/\/www.mpppst.gob.ve\/mpppstweb\/wp-content\/uploads\/2016\/01\/Foto-nota-viceministerio-educacion.JPG-web.jpg\" \/>\n\t<meta property=\"og:image:width\" content=\"640\" \/>\n\t<meta property=\"og:image:height\" content=\"428\" \/>\n\t<meta property=\"og:image:type\" content=\"image\/jpeg\" \/>\n<meta name=\"author\" content=\"MPPPST Prensa\" \/>\n<meta name=\"twitter:card\" content=\"summary_large_image\" \/>\n<meta name=\"twitter:label1\" content=\"Escrito por\" \/>\n\t<meta name=\"twitter:data1\" content=\"MPPPST Prensa\" \/>\n\t<meta name=\"twitter:label2\" content=\"Tiempo de lectura\" \/>\n\t<meta name=\"twitter:data2\" content=\"2 minutos\" \/>\n<script type=\"application\/ld+json\" class=\"yoast-schema-graph\">{\"@context\":\"https:\/\/schema.org\",\"@graph\":[{\"@type\":\"Article\",\"@id\":\"https:\/\/www.mpppst.gob.ve\/mpppstweb\/index.php\/2016\/01\/07\/clase-obrera-participara-activamente-en-la-produccion-nacional\/#article\",\"isPartOf\":{\"@id\":\"https:\/\/www.mpppst.gob.ve\/mpppstweb\/index.php\/2016\/01\/07\/clase-obrera-participara-activamente-en-la-produccion-nacional\/\"},\"author\":{\"name\":\"MPPPST Prensa\",\"@id\":\"https:\/\/www.mpppst.gob.ve\/mpppstweb\/#\/schema\/person\/fc187ee8ead412bd4c9304b62f900ea4\"},\"headline\":\"Clase obrera participar\u00e1 activamente en la producci\u00f3n nacional\",\"datePublished\":\"2016-01-07T16:57:35+00:00\",\"dateModified\":\"2016-07-01T18:01:52+00:00\",\"mainEntityOfPage\":{\"@id\":\"https:\/\/www.mpppst.gob.ve\/mpppstweb\/index.php\/2016\/01\/07\/clase-obrera-participara-activamente-en-la-produccion-nacional\/\"},\"wordCount\":354,\"publisher\":{\"@id\":\"https:\/\/www.mpppst.gob.ve\/mpppstweb\/#organization\"},\"image\":{\"@id\":\"https:\/\/www.mpppst.gob.ve\/mpppstweb\/index.php\/2016\/01\/07\/clase-obrera-participara-activamente-en-la-produccion-nacional\/#primaryimage\"},\"thumbnailUrl\":\"https:\/\/www.mpppst.gob.ve\/mpppstweb\/wp-content\/uploads\/2016\/01\/Foto-nota-viceministerio-educacion.JPG-web.jpg\",\"articleSection\":[\"Ministerio\"],\"inLanguage\":\"es\"},{\"@type\":\"WebPage\",\"@id\":\"https:\/\/www.mpppst.gob.ve\/mpppstweb\/index.php\/2016\/01\/07\/clase-obrera-participara-activamente-en-la-produccion-nacional\/\",\"url\":\"https:\/\/www.mpppst.gob.ve\/mpppstweb\/index.php\/2016\/01\/07\/clase-obrera-participara-activamente-en-la-produccion-nacional\/\",\"name\":\"Clase obrera participar\u00e1 activamente en la producci\u00f3n nacional - MPPPST\",\"isPartOf\":{\"@id\":\"https:\/\/www.mpppst.gob.ve\/mpppstweb\/#website\"},\"primaryImageOfPage\":{\"@id\":\"https:\/\/www.mpppst.gob.ve\/mpppstweb\/index.php\/2016\/01\/07\/clase-obrera-participara-activamente-en-la-produccion-nacional\/#primaryimage\"},\"image\":{\"@id\":\"https:\/\/www.mpppst.gob.ve\/mpppstweb\/index.php\/2016\/01\/07\/clase-obrera-participara-activamente-en-la-produccion-nacional\/#primaryimage\"},\"thumbnailUrl\":\"https:\/\/www.mpppst.gob.ve\/mpppstweb\/wp-content\/uploads\/2016\/01\/Foto-nota-viceministerio-educacion.JPG-web.jpg\",\"datePublished\":\"2016-01-07T16:57:35+00:00\",\"dateModified\":\"2016-07-01T18:01:52+00:00\",\"breadcrumb\":{\"@id\":\"https:\/\/www.mpppst.gob.ve\/mpppstweb\/index.php\/2016\/01\/07\/clase-obrera-participara-activamente-en-la-produccion-nacional\/#breadcrumb\"},\"inLanguage\":\"es\",\"potentialAction\":[{\"@type\":\"ReadAction\",\"target\":[\"https:\/\/www.mpppst.gob.ve\/mpppstweb\/index.php\/2016\/01\/07\/clase-obrera-participara-activamente-en-la-produccion-nacional\/\"]}]},{\"@type\":\"ImageObject\",\"inLanguage\":\"es\",\"@id\":\"https:\/\/www.mpppst.gob.ve\/mpppstweb\/index.php\/2016\/01\/07\/clase-obrera-participara-activamente-en-la-produccion-nacional\/#primaryimage\",\"url\":\"https:\/\/www.mpppst.gob.ve\/mpppstweb\/wp-content\/uploads\/2016\/01\/Foto-nota-viceministerio-educacion.JPG-web.jpg\",\"contentUrl\":\"https:\/\/www.mpppst.gob.ve\/mpppstweb\/wp-content\/uploads\/2016\/01\/Foto-nota-viceministerio-educacion.JPG-web.jpg\",\"width\":640,\"height\":428},{\"@type\":\"BreadcrumbList\",\"@id\":\"https:\/\/www.mpppst.gob.ve\/mpppstweb\/index.php\/2016\/01\/07\/clase-obrera-participara-activamente-en-la-produccion-nacional\/#breadcrumb\",\"itemListElement\":[{\"@type\":\"ListItem\",\"position\":1,\"name\":\"Home\",\"item\":\"https:\/\/www.mpppst.gob.ve\/mpppstweb\/\"},{\"@type\":\"ListItem\",\"position\":2,\"name\":\"Clase obrera participar\u00e1 activamente en la producci\u00f3n nacional\"}]},{\"@type\":\"WebSite\",\"@id\":\"https:\/\/www.mpppst.gob.ve\/mpppstweb\/#website\",\"url\":\"https:\/\/www.mpppst.gob.ve\/mpppstweb\/\",\"name\":\"MPPPST\",\"description\":\"Ministerio del Poder Popular para el Proceso Social de Trabajo\",\"publisher\":{\"@id\":\"https:\/\/www.mpppst.gob.ve\/mpppstweb\/#organization\"},\"potentialAction\":[{\"@type\":\"SearchAction\",\"target\":{\"@type\":\"EntryPoint\",\"urlTemplate\":\"https:\/\/www.mpppst.gob.ve\/mpppstweb\/?s={search_term_string}\"},\"query-input\":\"required name=search_term_string\"}],\"inLanguage\":\"es\"},{\"@type\":\"Organization\",\"@id\":\"https:\/\/www.mpppst.gob.ve\/mpppstweb\/#organization\",\"name\":\"mpppst\",\"url\":\"https:\/\/www.mpppst.gob.ve\/mpppstweb\/\",\"logo\":{\"@type\":\"ImageObject\",\"inLanguage\":\"es\",\"@id\":\"https:\/\/www.mpppst.gob.ve\/mpppstweb\/#\/schema\/logo\/image\/\",\"url\":\"https:\/\/www.mpppst.gob.ve\/mpppstweb\/wp-content\/uploads\/2025\/07\/cropped-cropped-g910.png\",\"contentUrl\":\"https:\/\/www.mpppst.gob.ve\/mpppstweb\/wp-content\/uploads\/2025\/07\/cropped-cropped-g910.png\",\"width\":1080,\"height\":241,\"caption\":\"mpppst\"},\"image\":{\"@id\":\"https:\/\/www.mpppst.gob.ve\/mpppstweb\/#\/schema\/logo\/image\/\"}},{\"@type\":\"Person\",\"@id\":\"https:\/\/www.mpppst.gob.ve\/mpppstweb\/#\/schema\/person\/fc187ee8ead412bd4c9304b62f900ea4\",\"name\":\"MPPPST Prensa\",\"url\":\"https:\/\/www.mpppst.gob.ve\/mpppstweb\/index.php\/author\/prensa-mpppst\/\"}]}<\/script>\n<!-- \/ Yoast SEO plugin. -->","yoast_head_json":{"title":"Clase obrera participar\u00e1 activamente en la producci\u00f3n nacional - MPPPST","robots":{"index":"index","follow":"follow","max-snippet":"max-snippet:-1","max-image-preview":"max-image-preview:large","max-video-preview":"max-video-preview:-1"},"canonical":"https:\/\/www.mpppst.gob.ve\/mpppstweb\/index.php\/2016\/01\/07\/clase-obrera-participara-activamente-en-la-produccion-nacional\/","og_locale":"es_ES","og_type":"article","og_title":"Clase obrera participar\u00e1 activamente en la producci\u00f3n nacional - MPPPST","og_description":"Este 7 de enero se llev\u00f3 a cabo un encuentro entre trabajadores del Viceministerio para Educaci\u00f3n y el Trabajo para la Liberaci\u00f3n del MPPPST y la UBTJR","og_url":"https:\/\/www.mpppst.gob.ve\/mpppstweb\/index.php\/2016\/01\/07\/clase-obrera-participara-activamente-en-la-produccion-nacional\/","og_site_name":"MPPPST","article_published_time":"2016-01-07T16:57:35+00:00","article_modified_time":"2016-07-01T18:01:52+00:00","og_image":[{"width":640,"height":428,"url":"https:\/\/www.mpppst.gob.ve\/mpppstweb\/wp-content\/uploads\/2016\/01\/Foto-nota-viceministerio-educacion.JPG-web.jpg","type":"image\/jpeg"}],"author":"MPPPST Prensa","twitter_card":"summary_large_image","twitter_misc":{"Escrito por":"MPPPST Prensa","Tiempo de lectura":"2 minutos"},"schema":{"@context":"https:\/\/schema.org","@graph":[{"@type":"Article","@id":"https:\/\/www.mpppst.gob.ve\/mpppstweb\/index.php\/2016\/01\/07\/clase-obrera-participara-activamente-en-la-produccion-nacional\/#article","isPartOf":{"@id":"https:\/\/www.mpppst.gob.ve\/mpppstweb\/index.php\/2016\/01\/07\/clase-obrera-participara-activamente-en-la-produccion-nacional\/"},"author":{"name":"MPPPST Prensa","@id":"https:\/\/www.mpppst.gob.ve\/mpppstweb\/#\/schema\/person\/fc187ee8ead412bd4c9304b62f900ea4"},"headline":"Clase obrera participar\u00e1 activamente en la producci\u00f3n nacional","datePublished":"2016-01-07T16:57:35+00:00","dateModified":"2016-07-01T18:01:52+00:00","mainEntityOfPage":{"@id":"https:\/\/www.mpppst.gob.ve\/mpppstweb\/index.php\/2016\/01\/07\/clase-obrera-participara-activamente-en-la-produccion-nacional\/"},"wordCount":354,"publisher":{"@id":"https:\/\/www.mpppst.gob.ve\/mpppstweb\/#organization"},"image":{"@id":"https:\/\/www.mpppst.gob.ve\/mpppstweb\/index.php\/2016\/01\/07\/clase-obrera-participara-activamente-en-la-produccion-nacional\/#primaryimage"},"thumbnailUrl":"https:\/\/www.mpppst.gob.ve\/mpppstweb\/wp-content\/uploads\/2016\/01\/Foto-nota-viceministerio-educacion.JPG-web.jpg","articleSection":["Ministerio"],"inLanguage":"es"},{"@type":"WebPage","@id":"https:\/\/www.mpppst.gob.ve\/mpppstweb\/index.php\/2016\/01\/07\/clase-obrera-participara-activamente-en-la-produccion-nacional\/","url":"https:\/\/www.mpppst.gob.ve\/mpppstweb\/index.php\/2016\/01\/07\/clase-obrera-participara-activamente-en-la-produccion-nacional\/","name":"Clase obrera participar\u00e1 activamente en la producci\u00f3n nacional - MPPPST","isPartOf":{"@id":"https:\/\/www.mpppst.gob.ve\/mpppstweb\/#website"},"primaryImageOfPage":{"@id":"https:\/\/www.mpppst.gob.ve\/mpppstweb\/index.php\/2016\/01\/07\/clase-obrera-participara-activamente-en-la-produccion-nacional\/#primaryimage"},"image":{"@id":"https:\/\/www.mpppst.gob.ve\/mpppstweb\/index.php\/2016\/01\/07\/clase-obrera-participara-activamente-en-la-produccion-nacional\/#primaryimage"},"thumbnailUrl":"https:\/\/www.mpppst.gob.ve\/mpppstweb\/wp-content\/uploads\/2016\/01\/Foto-nota-viceministerio-educacion.JPG-web.jpg","datePublished":"2016-01-07T16:57:35+00:00","dateModified":"2016-07-01T18:01:52+00:00","breadcrumb":{"@id":"https:\/\/www.mpppst.gob.ve\/mpppstweb\/index.php\/2016\/01\/07\/clase-obrera-participara-activamente-en-la-produccion-nacional\/#breadcrumb"},"inLanguage":"es","potentialAction":[{"@type":"ReadAction","target":["https:\/\/www.mpppst.gob.ve\/mpppstweb\/index.php\/2016\/01\/07\/clase-obrera-participara-activamente-en-la-produccion-nacional\/"]}]},{"@type":"ImageObject","inLanguage":"es","@id":"https:\/\/www.mpppst.gob.ve\/mpppstweb\/index.php\/2016\/01\/07\/clase-obrera-participara-activamente-en-la-produccion-nacional\/#primaryimage","url":"https:\/\/www.mpppst.gob.ve\/mpppstweb\/wp-content\/uploads\/2016\/01\/Foto-nota-viceministerio-educacion.JPG-web.jpg","contentUrl":"https:\/\/www.mpppst.gob.ve\/mpppstweb\/wp-content\/uploads\/2016\/01\/Foto-nota-viceministerio-educacion.JPG-web.jpg","width":640,"height":428},{"@type":"BreadcrumbList","@id":"https:\/\/www.mpppst.gob.ve\/mpppstweb\/index.php\/2016\/01\/07\/clase-obrera-participara-activamente-en-la-produccion-nacional\/#breadcrumb","itemListElement":[{"@type":"ListItem","position":1,"name":"Home","item":"https:\/\/www.mpppst.gob.ve\/mpppstweb\/"},{"@type":"ListItem","position":2,"name":"Clase obrera participar\u00e1 activamente en la producci\u00f3n nacional"}]},{"@type":"WebSite","@id":"https:\/\/www.mpppst.gob.ve\/mpppstweb\/#website","url":"https:\/\/www.mpppst.gob.ve\/mpppstweb\/","name":"MPPPST","description":"Ministerio del Poder Popular para el Proceso Social de Trabajo","publisher":{"@id":"https:\/\/www.mpppst.gob.ve\/mpppstweb\/#organization"},"potentialAction":[{"@type":"SearchAction","target":{"@type":"EntryPoint","urlTemplate":"https:\/\/www.mpppst.gob.ve\/mpppstweb\/?s={search_term_string}"},"query-input":"required name=search_term_string"}],"inLanguage":"es"},{"@type":"Organization","@id":"https:\/\/www.mpppst.gob.ve\/mpppstweb\/#organization","name":"mpppst","url":"https:\/\/www.mpppst.gob.ve\/mpppstweb\/","logo":{"@type":"ImageObject","inLanguage":"es","@id":"https:\/\/www.mpppst.gob.ve\/mpppstweb\/#\/schema\/logo\/image\/","url":"https:\/\/www.mpppst.gob.ve\/mpppstweb\/wp-content\/uploads\/2025\/07\/cropped-cropped-g910.png","contentUrl":"https:\/\/www.mpppst.gob.ve\/mpppstweb\/wp-content\/uploads\/2025\/07\/cropped-cropped-g910.png","width":1080,"height":241,"caption":"mpppst"},"image":{"@id":"https:\/\/www.mpppst.gob.ve\/mpppstweb\/#\/schema\/logo\/image\/"}},{"@type":"Person","@id":"https:\/\/www.mpppst.gob.ve\/mpppstweb\/#\/schema\/person\/fc187ee8ead412bd4c9304b62f900ea4","name":"MPPPST Prensa","url":"https:\/\/www.mpppst.gob.ve\/mpppstweb\/index.php\/author\/prensa-mpppst\/"}]}},"_links":{"self":[{"href":"https:\/\/www.mpppst.gob.ve\/mpppstweb\/index.php\/wp-json\/wp\/v2\/posts\/4346"}],"collection":[{"href":"https:\/\/www.mpppst.gob.ve\/mpppstweb\/index.php\/wp-json\/wp\/v2\/posts"}],"about":[{"href":"https:\/\/www.mpppst.gob.ve\/mpppstweb\/index.php\/wp-json\/wp\/v2\/types\/post"}],"author":[{"embeddable":true,"href":"https:\/\/www.mpppst.gob.ve\/mpppstweb\/index.php\/wp-json\/wp\/v2\/users\/25"}],"replies":[{"embeddable":true,"href":"https:\/\/www.mpppst.gob.ve\/mpppstweb\/index.php\/wp-json\/wp\/v2\/comments?post=4346"}],"version-history":[{"count":1,"href":"https:\/\/www.mpppst.gob.ve\/mpppstweb\/index.php\/wp-json\/wp\/v2\/posts\/4346\/revisions"}],"predecessor-version":[{"id":6973,"href":"https:\/\/www.mpppst.gob.ve\/mpppstweb\/index.php\/wp-json\/wp\/v2\/posts\/4346\/revisions\/6973"}],"wp:featuredmedia":[{"embeddable":true,"href":"https:\/\/www.mpppst.gob.ve\/mpppstweb\/index.php\/wp-json\/wp\/v2\/media\/4347"}],"wp:attachment":[{"href":"https:\/\/www.mpppst.gob.ve\/mpppstweb\/index.php\/wp-json\/wp\/v2\/media?parent=4346"}],"wp:term":[{"taxonomy":"category","embeddable":true,"href":"https:\/\/www.mpppst.gob.ve\/mpppstweb\/index.php\/wp-json\/wp\/v2\/categories?post=4346"},{"taxonomy":"post_tag","embeddable":true,"href":"https:\/\/www.mpppst.gob.ve\/mpppstweb\/index.php\/wp-json\/wp\/v2\/tags?post=4346"}],"curies":[{"name":"wp","href":"https:\/\/api.w.org\/{rel}","templated":true}]}}