{"id":4359,"date":"2016-01-12T15:33:44","date_gmt":"2016-01-12T15:33:44","guid":{"rendered":"http:\/\/www.mpppst.gob.ve\/mpppstweb\/?p=4359"},"modified":"2016-07-01T18:02:14","modified_gmt":"2016-07-01T18:02:14","slug":"trabajadores-petroleros-marchan-en-respaldo-a-la-nueva-convencion-colectiva-2015-2017","status":"publish","type":"post","link":"https:\/\/www.mpppst.gob.ve\/mpppstweb\/index.php\/2016\/01\/12\/trabajadores-petroleros-marchan-en-respaldo-a-la-nueva-convencion-colectiva-2015-2017\/","title":{"rendered":"Trabajadores petroleros marchan en respaldo a la nueva convenci\u00f3n colectiva 2015-2017"},"content":{"rendered":"<p>Caracas, 12 de enero (MPPPST).- Con una contundente y masiva movilizaci\u00f3n las trabajadoras y los trabajadores petroleros del pa\u00eds demostraron su apoyo a la firma de la nueva convenci\u00f3n colectiva 2015-2017 que ampara a m\u00e1s de 83.000 hombres y mujeres que trabajan en la industria petrolera.<\/p>\n<p>Desde la sede de la estatal petrolera, ubicada en La Campi\u00f1a, en la avenida Libertador de Caracas, hasta el Palacio de Miraflores, en el centro de la capital, la fuerza laboral de PDVSA se desplaz\u00f3 para reconocer el apoyo del presidente de la Rep\u00fablica, Nicol\u00e1s Maduro, en relaci\u00f3n a este nuevo logro alcanzado.<\/p>\n<p>\u201cAqu\u00ed est\u00e1n los trabajadores petroleros defendiendo la industria petrolera, demostrando nuestro apoyo contundente al presidente Nicol\u00e1s Maduro y por supuesto a la firma de la nueva contrataci\u00f3n colectiva 2015-2017\u201d, dijo C\u00e9sar Blanco, supervisor mec\u00e1nico de la planta de distribuci\u00f3n PDVSA Guatire.<\/p>\n<p>Por su parte, Joselyn Carrillo, analista de presupuesto de planta Guatire, expres\u00f3 su agradecimiento porque se tomaron en cuenta las cl\u00e1usulas sociales, que son las m\u00e1s importantes para las familias de los trabajadores petroleros.<\/p>\n<p>Rafael Marino, trabajador de PDV Marina, resalt\u00f3 que \u201cuna vez m\u00e1s queda demostrado que nuestro presidente obrero, Nicol\u00e1s Maduro, est\u00e1 con los trabajadores, una vez m\u00e1s se demostr\u00f3 que la primera industria de Venezuela discuti\u00f3 el contrato a pesar que cada d\u00eda sigue bajando el precio del petr\u00f3leo. El presidente Nicol\u00e1s Maduro est\u00e1 mejorando nuestra calidad de vida, aumentando nuestra tarjeta electr\u00f3nica de alimentaci\u00f3n (TEA), el salario y todos los beneficios sociales en esta convenci\u00f3n colectiva\u201d, apunt\u00f3.<\/p>\n<p>Por su parte, Alidio Ram\u00f3n Osorio, adscrito a la gerencia de desarrollo social de PDVSA el Palito, manifest\u00f3 estar optimista con el nuevo contrato colectivo, porque \u201ccreemos que para la condici\u00f3n como est\u00e1 el pa\u00eds, es bastante digno para nosotros. Un contrato que nos va a permitir mantenernos y que va en pro de los beneficios de todos los trabajadores petroleros\u201d.<\/p>\n<p>\u201cEs un beneficio que todos los trabajadores petroleros merecemos y aqu\u00ed estamos en esta contundente marcha con alegr\u00eda y entusiasmo apoyando a nuestro presidente Nicol\u00e1s Maduro y para seguir apoyando a la Revoluci\u00f3n Bolivariana\u201d, acot\u00f3 Jos\u00e9 Gregorio Cede\u00f1o, de la unidad de asuntos sociales de PDVSA.<\/p>\n<p>Es importante recordar que con la aprobaci\u00f3n de la contrataci\u00f3n colectiva lo social tiene una relevancia significativa, ya que establece el acceso a beneficios como la construcci\u00f3n de viviendas, planes de salud, educaci\u00f3n, vacaciones, adquisici\u00f3n de electrodom\u00e9sticos y dotaci\u00f3n de uniformes y \u00fatiles escolares para los hijos de los trabajadores petroleros, y suministro de alimentaci\u00f3n balanceada a las mujeres y hombres que laboran en las \u00e1reas operativas, entre otros.<\/p>\n<p>&nbsp;<\/p>\n<p>Redacci\u00f3n: Miliseth Ysea<\/p>\n<p>Fotograf\u00eda: F\u00e9lix Ord\u00e1z<\/p>\n","protected":false},"excerpt":{"rendered":"<p>Con una contundente y masiva movilizaci\u00f3n las trabajadoras y los trabajadores petroleros del pa\u00eds demostraron su apoyo a la firma de la nueva convenci\u00f3n colectiva 2015-2017<\/p>\n","protected":false},"author":25,"featured_media":4362,"comment_status":"closed","ping_status":"closed","sticky":false,"template":"","format":"standard","meta":{"footnotes":""},"categories":[82],"tags":[],"yoast_head":"<!-- This site is optimized with the Yoast SEO plugin v22.5 - https:\/\/yoast.com\/wordpress\/plugins\/seo\/ -->\n<title>Trabajadores petroleros marchan en respaldo a la nueva convenci\u00f3n colectiva 2015-2017 - MPPPST<\/title>\n<meta name=\"robots\" content=\"index, follow, max-snippet:-1, max-image-preview:large, max-video-preview:-1\" \/>\n<link rel=\"canonical\" href=\"https:\/\/www.mpppst.gob.ve\/mpppstweb\/index.php\/2016\/01\/12\/trabajadores-petroleros-marchan-en-respaldo-a-la-nueva-convencion-colectiva-2015-2017\/\" \/>\n<meta property=\"og:locale\" content=\"es_ES\" \/>\n<meta property=\"og:type\" content=\"article\" \/>\n<meta property=\"og:title\" content=\"Trabajadores petroleros marchan en respaldo a la nueva convenci\u00f3n colectiva 2015-2017 - MPPPST\" \/>\n<meta property=\"og:description\" content=\"Con una contundente y masiva movilizaci\u00f3n las trabajadoras y los trabajadores petroleros del pa\u00eds demostraron su apoyo a la firma de la nueva convenci\u00f3n colectiva 2015-2017\" \/>\n<meta property=\"og:url\" content=\"https:\/\/www.mpppst.gob.ve\/mpppstweb\/index.php\/2016\/01\/12\/trabajadores-petroleros-marchan-en-respaldo-a-la-nueva-convencion-colectiva-2015-2017\/\" \/>\n<meta property=\"og:site_name\" content=\"MPPPST\" \/>\n<meta property=\"article:published_time\" content=\"2016-01-12T15:33:44+00:00\" \/>\n<meta property=\"article:modified_time\" content=\"2016-07-01T18:02:14+00:00\" \/>\n<meta property=\"og:image\" content=\"https:\/\/www.mpppst.gob.ve\/mpppstweb\/wp-content\/uploads\/2016\/01\/Foto-Pdvsa-2-web.jpg\" \/>\n\t<meta property=\"og:image:width\" content=\"640\" \/>\n\t<meta property=\"og:image:height\" content=\"428\" \/>\n\t<meta property=\"og:image:type\" content=\"image\/jpeg\" \/>\n<meta name=\"author\" content=\"MPPPST Prensa\" \/>\n<meta name=\"twitter:card\" content=\"summary_large_image\" \/>\n<meta name=\"twitter:label1\" content=\"Escrito por\" \/>\n\t<meta name=\"twitter:data1\" content=\"MPPPST Prensa\" \/>\n\t<meta name=\"twitter:label2\" content=\"Tiempo de lectura\" \/>\n\t<meta name=\"twitter:data2\" content=\"2 minutos\" \/>\n<script type=\"application\/ld+json\" class=\"yoast-schema-graph\">{\"@context\":\"https:\/\/schema.org\",\"@graph\":[{\"@type\":\"Article\",\"@id\":\"https:\/\/www.mpppst.gob.ve\/mpppstweb\/index.php\/2016\/01\/12\/trabajadores-petroleros-marchan-en-respaldo-a-la-nueva-convencion-colectiva-2015-2017\/#article\",\"isPartOf\":{\"@id\":\"https:\/\/www.mpppst.gob.ve\/mpppstweb\/index.php\/2016\/01\/12\/trabajadores-petroleros-marchan-en-respaldo-a-la-nueva-convencion-colectiva-2015-2017\/\"},\"author\":{\"name\":\"MPPPST Prensa\",\"@id\":\"https:\/\/www.mpppst.gob.ve\/mpppstweb\/#\/schema\/person\/fc187ee8ead412bd4c9304b62f900ea4\"},\"headline\":\"Trabajadores petroleros marchan en respaldo a la nueva convenci\u00f3n colectiva 2015-2017\",\"datePublished\":\"2016-01-12T15:33:44+00:00\",\"dateModified\":\"2016-07-01T18:02:14+00:00\",\"mainEntityOfPage\":{\"@id\":\"https:\/\/www.mpppst.gob.ve\/mpppstweb\/index.php\/2016\/01\/12\/trabajadores-petroleros-marchan-en-respaldo-a-la-nueva-convencion-colectiva-2015-2017\/\"},\"wordCount\":489,\"publisher\":{\"@id\":\"https:\/\/www.mpppst.gob.ve\/mpppstweb\/#organization\"},\"image\":{\"@id\":\"https:\/\/www.mpppst.gob.ve\/mpppstweb\/index.php\/2016\/01\/12\/trabajadores-petroleros-marchan-en-respaldo-a-la-nueva-convencion-colectiva-2015-2017\/#primaryimage\"},\"thumbnailUrl\":\"https:\/\/www.mpppst.gob.ve\/mpppstweb\/wp-content\/uploads\/2016\/01\/Foto-Pdvsa-2-web.jpg\",\"articleSection\":[\"Gobierno Nacional\"],\"inLanguage\":\"es\"},{\"@type\":\"WebPage\",\"@id\":\"https:\/\/www.mpppst.gob.ve\/mpppstweb\/index.php\/2016\/01\/12\/trabajadores-petroleros-marchan-en-respaldo-a-la-nueva-convencion-colectiva-2015-2017\/\",\"url\":\"https:\/\/www.mpppst.gob.ve\/mpppstweb\/index.php\/2016\/01\/12\/trabajadores-petroleros-marchan-en-respaldo-a-la-nueva-convencion-colectiva-2015-2017\/\",\"name\":\"Trabajadores petroleros marchan en respaldo a la nueva convenci\u00f3n colectiva 2015-2017 - MPPPST\",\"isPartOf\":{\"@id\":\"https:\/\/www.mpppst.gob.ve\/mpppstweb\/#website\"},\"primaryImageOfPage\":{\"@id\":\"https:\/\/www.mpppst.gob.ve\/mpppstweb\/index.php\/2016\/01\/12\/trabajadores-petroleros-marchan-en-respaldo-a-la-nueva-convencion-colectiva-2015-2017\/#primaryimage\"},\"image\":{\"@id\":\"https:\/\/www.mpppst.gob.ve\/mpppstweb\/index.php\/2016\/01\/12\/trabajadores-petroleros-marchan-en-respaldo-a-la-nueva-convencion-colectiva-2015-2017\/#primaryimage\"},\"thumbnailUrl\":\"https:\/\/www.mpppst.gob.ve\/mpppstweb\/wp-content\/uploads\/2016\/01\/Foto-Pdvsa-2-web.jpg\",\"datePublished\":\"2016-01-12T15:33:44+00:00\",\"dateModified\":\"2016-07-01T18:02:14+00:00\",\"breadcrumb\":{\"@id\":\"https:\/\/www.mpppst.gob.ve\/mpppstweb\/index.php\/2016\/01\/12\/trabajadores-petroleros-marchan-en-respaldo-a-la-nueva-convencion-colectiva-2015-2017\/#breadcrumb\"},\"inLanguage\":\"es\",\"potentialAction\":[{\"@type\":\"ReadAction\",\"target\":[\"https:\/\/www.mpppst.gob.ve\/mpppstweb\/index.php\/2016\/01\/12\/trabajadores-petroleros-marchan-en-respaldo-a-la-nueva-convencion-colectiva-2015-2017\/\"]}]},{\"@type\":\"ImageObject\",\"inLanguage\":\"es\",\"@id\":\"https:\/\/www.mpppst.gob.ve\/mpppstweb\/index.php\/2016\/01\/12\/trabajadores-petroleros-marchan-en-respaldo-a-la-nueva-convencion-colectiva-2015-2017\/#primaryimage\",\"url\":\"https:\/\/www.mpppst.gob.ve\/mpppstweb\/wp-content\/uploads\/2016\/01\/Foto-Pdvsa-2-web.jpg\",\"contentUrl\":\"https:\/\/www.mpppst.gob.ve\/mpppstweb\/wp-content\/uploads\/2016\/01\/Foto-Pdvsa-2-web.jpg\",\"width\":640,\"height\":428},{\"@type\":\"BreadcrumbList\",\"@id\":\"https:\/\/www.mpppst.gob.ve\/mpppstweb\/index.php\/2016\/01\/12\/trabajadores-petroleros-marchan-en-respaldo-a-la-nueva-convencion-colectiva-2015-2017\/#breadcrumb\",\"itemListElement\":[{\"@type\":\"ListItem\",\"position\":1,\"name\":\"Home\",\"item\":\"https:\/\/www.mpppst.gob.ve\/mpppstweb\/\"},{\"@type\":\"ListItem\",\"position\":2,\"name\":\"Trabajadores petroleros marchan en respaldo a la nueva convenci\u00f3n colectiva 2015-2017\"}]},{\"@type\":\"WebSite\",\"@id\":\"https:\/\/www.mpppst.gob.ve\/mpppstweb\/#website\",\"url\":\"https:\/\/www.mpppst.gob.ve\/mpppstweb\/\",\"name\":\"MPPPST\",\"description\":\"Ministerio del Poder Popular para el Proceso Social de Trabajo\",\"publisher\":{\"@id\":\"https:\/\/www.mpppst.gob.ve\/mpppstweb\/#organization\"},\"potentialAction\":[{\"@type\":\"SearchAction\",\"target\":{\"@type\":\"EntryPoint\",\"urlTemplate\":\"https:\/\/www.mpppst.gob.ve\/mpppstweb\/?s={search_term_string}\"},\"query-input\":\"required name=search_term_string\"}],\"inLanguage\":\"es\"},{\"@type\":\"Organization\",\"@id\":\"https:\/\/www.mpppst.gob.ve\/mpppstweb\/#organization\",\"name\":\"mpppst\",\"url\":\"https:\/\/www.mpppst.gob.ve\/mpppstweb\/\",\"logo\":{\"@type\":\"ImageObject\",\"inLanguage\":\"es\",\"@id\":\"https:\/\/www.mpppst.gob.ve\/mpppstweb\/#\/schema\/logo\/image\/\",\"url\":\"https:\/\/www.mpppst.gob.ve\/mpppstweb\/wp-content\/uploads\/2025\/07\/cropped-cropped-g910.png\",\"contentUrl\":\"https:\/\/www.mpppst.gob.ve\/mpppstweb\/wp-content\/uploads\/2025\/07\/cropped-cropped-g910.png\",\"width\":1080,\"height\":241,\"caption\":\"mpppst\"},\"image\":{\"@id\":\"https:\/\/www.mpppst.gob.ve\/mpppstweb\/#\/schema\/logo\/image\/\"}},{\"@type\":\"Person\",\"@id\":\"https:\/\/www.mpppst.gob.ve\/mpppstweb\/#\/schema\/person\/fc187ee8ead412bd4c9304b62f900ea4\",\"name\":\"MPPPST Prensa\",\"url\":\"https:\/\/www.mpppst.gob.ve\/mpppstweb\/index.php\/author\/prensa-mpppst\/\"}]}<\/script>\n<!-- \/ Yoast SEO plugin. -->","yoast_head_json":{"title":"Trabajadores petroleros marchan en respaldo a la nueva convenci\u00f3n colectiva 2015-2017 - MPPPST","robots":{"index":"index","follow":"follow","max-snippet":"max-snippet:-1","max-image-preview":"max-image-preview:large","max-video-preview":"max-video-preview:-1"},"canonical":"https:\/\/www.mpppst.gob.ve\/mpppstweb\/index.php\/2016\/01\/12\/trabajadores-petroleros-marchan-en-respaldo-a-la-nueva-convencion-colectiva-2015-2017\/","og_locale":"es_ES","og_type":"article","og_title":"Trabajadores petroleros marchan en respaldo a la nueva convenci\u00f3n colectiva 2015-2017 - MPPPST","og_description":"Con una contundente y masiva movilizaci\u00f3n las trabajadoras y los trabajadores petroleros del pa\u00eds demostraron su apoyo a la firma de la nueva convenci\u00f3n colectiva 2015-2017","og_url":"https:\/\/www.mpppst.gob.ve\/mpppstweb\/index.php\/2016\/01\/12\/trabajadores-petroleros-marchan-en-respaldo-a-la-nueva-convencion-colectiva-2015-2017\/","og_site_name":"MPPPST","article_published_time":"2016-01-12T15:33:44+00:00","article_modified_time":"2016-07-01T18:02:14+00:00","og_image":[{"width":640,"height":428,"url":"https:\/\/www.mpppst.gob.ve\/mpppstweb\/wp-content\/uploads\/2016\/01\/Foto-Pdvsa-2-web.jpg","type":"image\/jpeg"}],"author":"MPPPST Prensa","twitter_card":"summary_large_image","twitter_misc":{"Escrito por":"MPPPST Prensa","Tiempo de lectura":"2 minutos"},"schema":{"@context":"https:\/\/schema.org","@graph":[{"@type":"Article","@id":"https:\/\/www.mpppst.gob.ve\/mpppstweb\/index.php\/2016\/01\/12\/trabajadores-petroleros-marchan-en-respaldo-a-la-nueva-convencion-colectiva-2015-2017\/#article","isPartOf":{"@id":"https:\/\/www.mpppst.gob.ve\/mpppstweb\/index.php\/2016\/01\/12\/trabajadores-petroleros-marchan-en-respaldo-a-la-nueva-convencion-colectiva-2015-2017\/"},"author":{"name":"MPPPST Prensa","@id":"https:\/\/www.mpppst.gob.ve\/mpppstweb\/#\/schema\/person\/fc187ee8ead412bd4c9304b62f900ea4"},"headline":"Trabajadores petroleros marchan en respaldo a la nueva convenci\u00f3n colectiva 2015-2017","datePublished":"2016-01-12T15:33:44+00:00","dateModified":"2016-07-01T18:02:14+00:00","mainEntityOfPage":{"@id":"https:\/\/www.mpppst.gob.ve\/mpppstweb\/index.php\/2016\/01\/12\/trabajadores-petroleros-marchan-en-respaldo-a-la-nueva-convencion-colectiva-2015-2017\/"},"wordCount":489,"publisher":{"@id":"https:\/\/www.mpppst.gob.ve\/mpppstweb\/#organization"},"image":{"@id":"https:\/\/www.mpppst.gob.ve\/mpppstweb\/index.php\/2016\/01\/12\/trabajadores-petroleros-marchan-en-respaldo-a-la-nueva-convencion-colectiva-2015-2017\/#primaryimage"},"thumbnailUrl":"https:\/\/www.mpppst.gob.ve\/mpppstweb\/wp-content\/uploads\/2016\/01\/Foto-Pdvsa-2-web.jpg","articleSection":["Gobierno Nacional"],"inLanguage":"es"},{"@type":"WebPage","@id":"https:\/\/www.mpppst.gob.ve\/mpppstweb\/index.php\/2016\/01\/12\/trabajadores-petroleros-marchan-en-respaldo-a-la-nueva-convencion-colectiva-2015-2017\/","url":"https:\/\/www.mpppst.gob.ve\/mpppstweb\/index.php\/2016\/01\/12\/trabajadores-petroleros-marchan-en-respaldo-a-la-nueva-convencion-colectiva-2015-2017\/","name":"Trabajadores petroleros marchan en respaldo a la nueva convenci\u00f3n colectiva 2015-2017 - MPPPST","isPartOf":{"@id":"https:\/\/www.mpppst.gob.ve\/mpppstweb\/#website"},"primaryImageOfPage":{"@id":"https:\/\/www.mpppst.gob.ve\/mpppstweb\/index.php\/2016\/01\/12\/trabajadores-petroleros-marchan-en-respaldo-a-la-nueva-convencion-colectiva-2015-2017\/#primaryimage"},"image":{"@id":"https:\/\/www.mpppst.gob.ve\/mpppstweb\/index.php\/2016\/01\/12\/trabajadores-petroleros-marchan-en-respaldo-a-la-nueva-convencion-colectiva-2015-2017\/#primaryimage"},"thumbnailUrl":"https:\/\/www.mpppst.gob.ve\/mpppstweb\/wp-content\/uploads\/2016\/01\/Foto-Pdvsa-2-web.jpg","datePublished":"2016-01-12T15:33:44+00:00","dateModified":"2016-07-01T18:02:14+00:00","breadcrumb":{"@id":"https:\/\/www.mpppst.gob.ve\/mpppstweb\/index.php\/2016\/01\/12\/trabajadores-petroleros-marchan-en-respaldo-a-la-nueva-convencion-colectiva-2015-2017\/#breadcrumb"},"inLanguage":"es","potentialAction":[{"@type":"ReadAction","target":["https:\/\/www.mpppst.gob.ve\/mpppstweb\/index.php\/2016\/01\/12\/trabajadores-petroleros-marchan-en-respaldo-a-la-nueva-convencion-colectiva-2015-2017\/"]}]},{"@type":"ImageObject","inLanguage":"es","@id":"https:\/\/www.mpppst.gob.ve\/mpppstweb\/index.php\/2016\/01\/12\/trabajadores-petroleros-marchan-en-respaldo-a-la-nueva-convencion-colectiva-2015-2017\/#primaryimage","url":"https:\/\/www.mpppst.gob.ve\/mpppstweb\/wp-content\/uploads\/2016\/01\/Foto-Pdvsa-2-web.jpg","contentUrl":"https:\/\/www.mpppst.gob.ve\/mpppstweb\/wp-content\/uploads\/2016\/01\/Foto-Pdvsa-2-web.jpg","width":640,"height":428},{"@type":"BreadcrumbList","@id":"https:\/\/www.mpppst.gob.ve\/mpppstweb\/index.php\/2016\/01\/12\/trabajadores-petroleros-marchan-en-respaldo-a-la-nueva-convencion-colectiva-2015-2017\/#breadcrumb","itemListElement":[{"@type":"ListItem","position":1,"name":"Home","item":"https:\/\/www.mpppst.gob.ve\/mpppstweb\/"},{"@type":"ListItem","position":2,"name":"Trabajadores petroleros marchan en respaldo a la nueva convenci\u00f3n colectiva 2015-2017"}]},{"@type":"WebSite","@id":"https:\/\/www.mpppst.gob.ve\/mpppstweb\/#website","url":"https:\/\/www.mpppst.gob.ve\/mpppstweb\/","name":"MPPPST","description":"Ministerio del Poder Popular para el Proceso Social de Trabajo","publisher":{"@id":"https:\/\/www.mpppst.gob.ve\/mpppstweb\/#organization"},"potentialAction":[{"@type":"SearchAction","target":{"@type":"EntryPoint","urlTemplate":"https:\/\/www.mpppst.gob.ve\/mpppstweb\/?s={search_term_string}"},"query-input":"required name=search_term_string"}],"inLanguage":"es"},{"@type":"Organization","@id":"https:\/\/www.mpppst.gob.ve\/mpppstweb\/#organization","name":"mpppst","url":"https:\/\/www.mpppst.gob.ve\/mpppstweb\/","logo":{"@type":"ImageObject","inLanguage":"es","@id":"https:\/\/www.mpppst.gob.ve\/mpppstweb\/#\/schema\/logo\/image\/","url":"https:\/\/www.mpppst.gob.ve\/mpppstweb\/wp-content\/uploads\/2025\/07\/cropped-cropped-g910.png","contentUrl":"https:\/\/www.mpppst.gob.ve\/mpppstweb\/wp-content\/uploads\/2025\/07\/cropped-cropped-g910.png","width":1080,"height":241,"caption":"mpppst"},"image":{"@id":"https:\/\/www.mpppst.gob.ve\/mpppstweb\/#\/schema\/logo\/image\/"}},{"@type":"Person","@id":"https:\/\/www.mpppst.gob.ve\/mpppstweb\/#\/schema\/person\/fc187ee8ead412bd4c9304b62f900ea4","name":"MPPPST Prensa","url":"https:\/\/www.mpppst.gob.ve\/mpppstweb\/index.php\/author\/prensa-mpppst\/"}]}},"_links":{"self":[{"href":"https:\/\/www.mpppst.gob.ve\/mpppstweb\/index.php\/wp-json\/wp\/v2\/posts\/4359"}],"collection":[{"href":"https:\/\/www.mpppst.gob.ve\/mpppstweb\/index.php\/wp-json\/wp\/v2\/posts"}],"about":[{"href":"https:\/\/www.mpppst.gob.ve\/mpppstweb\/index.php\/wp-json\/wp\/v2\/types\/post"}],"author":[{"embeddable":true,"href":"https:\/\/www.mpppst.gob.ve\/mpppstweb\/index.php\/wp-json\/wp\/v2\/users\/25"}],"replies":[{"embeddable":true,"href":"https:\/\/www.mpppst.gob.ve\/mpppstweb\/index.php\/wp-json\/wp\/v2\/comments?post=4359"}],"version-history":[{"count":1,"href":"https:\/\/www.mpppst.gob.ve\/mpppstweb\/index.php\/wp-json\/wp\/v2\/posts\/4359\/revisions"}],"predecessor-version":[{"id":6974,"href":"https:\/\/www.mpppst.gob.ve\/mpppstweb\/index.php\/wp-json\/wp\/v2\/posts\/4359\/revisions\/6974"}],"wp:featuredmedia":[{"embeddable":true,"href":"https:\/\/www.mpppst.gob.ve\/mpppstweb\/index.php\/wp-json\/wp\/v2\/media\/4362"}],"wp:attachment":[{"href":"https:\/\/www.mpppst.gob.ve\/mpppstweb\/index.php\/wp-json\/wp\/v2\/media?parent=4359"}],"wp:term":[{"taxonomy":"category","embeddable":true,"href":"https:\/\/www.mpppst.gob.ve\/mpppstweb\/index.php\/wp-json\/wp\/v2\/categories?post=4359"},{"taxonomy":"post_tag","embeddable":true,"href":"https:\/\/www.mpppst.gob.ve\/mpppstweb\/index.php\/wp-json\/wp\/v2\/tags?post=4359"}],"curies":[{"name":"wp","href":"https:\/\/api.w.org\/{rel}","templated":true}]}}