{"id":4364,"date":"2016-01-12T16:38:40","date_gmt":"2016-01-12T16:38:40","guid":{"rendered":"http:\/\/www.mpppst.gob.ve\/mpppstweb\/?p=4364"},"modified":"2016-07-01T18:02:46","modified_gmt":"2016-07-01T18:02:46","slug":"ministro-oswaldo-vera-inspeccionaremos-empresas-para-estabilizar-las-cadenas-productivas","status":"publish","type":"post","link":"https:\/\/www.mpppst.gob.ve\/mpppstweb\/index.php\/2016\/01\/12\/ministro-oswaldo-vera-inspeccionaremos-empresas-para-estabilizar-las-cadenas-productivas\/","title":{"rendered":"Ministro Oswaldo Vera: Inspeccionaremos empresas para  estabilizar las cadenas productivas"},"content":{"rendered":"<p>Caracas, 12 de enero (MPPPST) &#8211; El Ministerio del Poder Popular para el Proceso Social de Trabajo tendr\u00e1 en esta nueva etapa tres l\u00edneas de acci\u00f3n fundamentales que permitir\u00e1n cumplir con la nueva misi\u00f3n encargada por el presidente Nicol\u00e1s Maduro: construir el nuevo Movimiento Obrero Productivo, as\u00ed lo sostuvo el ministro de este despacho, Oswaldo Vera.<\/p>\n<p>En una reuni\u00f3n con los directores estadales del MPPPST, Vera \u00a0destac\u00f3 que la primera l\u00ednea de acci\u00f3n es garantizar la protecci\u00f3n de los derechos de los trabajadores y trabajadoras. \u201cEste aspecto tiene que ver con aplicar estrictamente la Ley Org\u00e1nica del Trabajo los Trabajadores y las Trabajadoras (LOTTT) en toda su extensi\u00f3n para garantizar as\u00ed los derechos de los trabajadores\u201d.<\/p>\n<p>En la l\u00ednea de acci\u00f3n antes referida estar\u00eda contemplada, como factor fundamental, la organizaci\u00f3n de la clase obrera con el fin de que los mismos trabajadores puedan defender sus derechos y no solo sea el Gobierno Nacional quien vele porque estos se cumplan.<\/p>\n<p>El ministro hizo \u00e9nfasis en que en este marco existe una inmensa deuda de respuestas que no se han dado, \u201ctenemos que reducir al m\u00e1ximo la deuda que tenemos en cada inspector\u00eda y centros de trabajo, hay muchas denuncias y casos que a\u00fan no se han resuelto\u201d.<\/p>\n<p>La segunda l\u00ednea de acci\u00f3n es convertir al Ministerio para el Proceso Social de Trabajo en un verdadero organismo del Poder Popular. \u201cDebe existir una participaci\u00f3n directa de los trabajadores en todos los organismos que tengamos, de manera directa y con vocer\u00edas, para as\u00ed lograr que el Ministerio se convierta en un organismo del Poder Popular\u201d, a\u00f1adi\u00f3 Vera.<\/p>\n<p>Como tercera l\u00ednea de acci\u00f3n se plante\u00f3 evaluar y analizar la parte productiva para buscar soluciones desde las bases con el prop\u00f3sito de lograr derrotar la guerra econ\u00f3mica. \u201cTenemos que inspeccionar las empresas que producen alimentos para detectar los nudos cr\u00edticos existentes, poder solucionarlos y estabilizar las cadenas productivas. Aqu\u00ed los inspectores tendr\u00e1n una labor importante, ya que adem\u00e1s de la inspecci\u00f3n para velar por los derechos laborales de los trabajadores, ir\u00e1n a las empresas a inspeccionar que produzcan con normalidad\u201d, apunt\u00f3.<\/p>\n<p>En esta reuni\u00f3n entre directores estadales y el ministro Oswaldo Vera en compa\u00f1\u00eda de los viceministros del Poder Popular para el Proceso Social de Trabajo, se presentaron los avances obtenidos en cada estado, as\u00ed como las fortalezas y problemas que debieron enfrentar en cada entidad.<\/p>\n<p>Redacci\u00f3n: Carlos Palacios<\/p>\n<p>Fotograf\u00eda: F\u00e9lix Ordaz<\/p>\n","protected":false},"excerpt":{"rendered":"<p>El Ministerio del Poder Popular para el Proceso Social de Trabajo tendr\u00e1 en esta nueva etapa tres l\u00edneas de acci\u00f3n fundamentales.<\/p>\n","protected":false},"author":25,"featured_media":4365,"comment_status":"closed","ping_status":"closed","sticky":false,"template":"","format":"standard","meta":{"footnotes":""},"categories":[83],"tags":[],"yoast_head":"<!-- This site is optimized with the Yoast SEO plugin v22.5 - https:\/\/yoast.com\/wordpress\/plugins\/seo\/ -->\n<title>Ministro Oswaldo Vera: Inspeccionaremos empresas para estabilizar las cadenas productivas - MPPPST<\/title>\n<meta name=\"robots\" content=\"index, follow, max-snippet:-1, max-image-preview:large, max-video-preview:-1\" \/>\n<link rel=\"canonical\" href=\"https:\/\/www.mpppst.gob.ve\/mpppstweb\/index.php\/2016\/01\/12\/ministro-oswaldo-vera-inspeccionaremos-empresas-para-estabilizar-las-cadenas-productivas\/\" \/>\n<meta property=\"og:locale\" content=\"es_ES\" \/>\n<meta property=\"og:type\" content=\"article\" \/>\n<meta property=\"og:title\" content=\"Ministro Oswaldo Vera: Inspeccionaremos empresas para estabilizar las cadenas productivas - MPPPST\" \/>\n<meta property=\"og:description\" content=\"El Ministerio del Poder Popular para el Proceso Social de Trabajo tendr\u00e1 en esta nueva etapa tres l\u00edneas de acci\u00f3n fundamentales.\" \/>\n<meta property=\"og:url\" content=\"https:\/\/www.mpppst.gob.ve\/mpppstweb\/index.php\/2016\/01\/12\/ministro-oswaldo-vera-inspeccionaremos-empresas-para-estabilizar-las-cadenas-productivas\/\" \/>\n<meta property=\"og:site_name\" content=\"MPPPST\" \/>\n<meta property=\"article:published_time\" content=\"2016-01-12T16:38:40+00:00\" \/>\n<meta property=\"article:modified_time\" content=\"2016-07-01T18:02:46+00:00\" \/>\n<meta property=\"og:image\" content=\"https:\/\/www.mpppst.gob.ve\/mpppstweb\/wp-content\/uploads\/2016\/01\/DSC_4872.jpg\" \/>\n\t<meta property=\"og:image:width\" content=\"600\" \/>\n\t<meta property=\"og:image:height\" content=\"402\" \/>\n\t<meta property=\"og:image:type\" content=\"image\/jpeg\" \/>\n<meta name=\"author\" content=\"MPPPST Prensa\" \/>\n<meta name=\"twitter:card\" content=\"summary_large_image\" \/>\n<meta name=\"twitter:label1\" content=\"Escrito por\" \/>\n\t<meta name=\"twitter:data1\" content=\"MPPPST Prensa\" \/>\n\t<meta name=\"twitter:label2\" content=\"Tiempo de lectura\" \/>\n\t<meta name=\"twitter:data2\" content=\"2 minutos\" \/>\n<script type=\"application\/ld+json\" class=\"yoast-schema-graph\">{\"@context\":\"https:\/\/schema.org\",\"@graph\":[{\"@type\":\"Article\",\"@id\":\"https:\/\/www.mpppst.gob.ve\/mpppstweb\/index.php\/2016\/01\/12\/ministro-oswaldo-vera-inspeccionaremos-empresas-para-estabilizar-las-cadenas-productivas\/#article\",\"isPartOf\":{\"@id\":\"https:\/\/www.mpppst.gob.ve\/mpppstweb\/index.php\/2016\/01\/12\/ministro-oswaldo-vera-inspeccionaremos-empresas-para-estabilizar-las-cadenas-productivas\/\"},\"author\":{\"name\":\"MPPPST Prensa\",\"@id\":\"https:\/\/www.mpppst.gob.ve\/mpppstweb\/#\/schema\/person\/fc187ee8ead412bd4c9304b62f900ea4\"},\"headline\":\"Ministro Oswaldo Vera: Inspeccionaremos empresas para estabilizar las cadenas productivas\",\"datePublished\":\"2016-01-12T16:38:40+00:00\",\"dateModified\":\"2016-07-01T18:02:46+00:00\",\"mainEntityOfPage\":{\"@id\":\"https:\/\/www.mpppst.gob.ve\/mpppstweb\/index.php\/2016\/01\/12\/ministro-oswaldo-vera-inspeccionaremos-empresas-para-estabilizar-las-cadenas-productivas\/\"},\"wordCount\":443,\"publisher\":{\"@id\":\"https:\/\/www.mpppst.gob.ve\/mpppstweb\/#organization\"},\"image\":{\"@id\":\"https:\/\/www.mpppst.gob.ve\/mpppstweb\/index.php\/2016\/01\/12\/ministro-oswaldo-vera-inspeccionaremos-empresas-para-estabilizar-las-cadenas-productivas\/#primaryimage\"},\"thumbnailUrl\":\"https:\/\/www.mpppst.gob.ve\/mpppstweb\/wp-content\/uploads\/2016\/01\/DSC_4872.jpg\",\"articleSection\":[\"Ministerio\"],\"inLanguage\":\"es\"},{\"@type\":\"WebPage\",\"@id\":\"https:\/\/www.mpppst.gob.ve\/mpppstweb\/index.php\/2016\/01\/12\/ministro-oswaldo-vera-inspeccionaremos-empresas-para-estabilizar-las-cadenas-productivas\/\",\"url\":\"https:\/\/www.mpppst.gob.ve\/mpppstweb\/index.php\/2016\/01\/12\/ministro-oswaldo-vera-inspeccionaremos-empresas-para-estabilizar-las-cadenas-productivas\/\",\"name\":\"Ministro Oswaldo Vera: Inspeccionaremos empresas para estabilizar las cadenas productivas - MPPPST\",\"isPartOf\":{\"@id\":\"https:\/\/www.mpppst.gob.ve\/mpppstweb\/#website\"},\"primaryImageOfPage\":{\"@id\":\"https:\/\/www.mpppst.gob.ve\/mpppstweb\/index.php\/2016\/01\/12\/ministro-oswaldo-vera-inspeccionaremos-empresas-para-estabilizar-las-cadenas-productivas\/#primaryimage\"},\"image\":{\"@id\":\"https:\/\/www.mpppst.gob.ve\/mpppstweb\/index.php\/2016\/01\/12\/ministro-oswaldo-vera-inspeccionaremos-empresas-para-estabilizar-las-cadenas-productivas\/#primaryimage\"},\"thumbnailUrl\":\"https:\/\/www.mpppst.gob.ve\/mpppstweb\/wp-content\/uploads\/2016\/01\/DSC_4872.jpg\",\"datePublished\":\"2016-01-12T16:38:40+00:00\",\"dateModified\":\"2016-07-01T18:02:46+00:00\",\"breadcrumb\":{\"@id\":\"https:\/\/www.mpppst.gob.ve\/mpppstweb\/index.php\/2016\/01\/12\/ministro-oswaldo-vera-inspeccionaremos-empresas-para-estabilizar-las-cadenas-productivas\/#breadcrumb\"},\"inLanguage\":\"es\",\"potentialAction\":[{\"@type\":\"ReadAction\",\"target\":[\"https:\/\/www.mpppst.gob.ve\/mpppstweb\/index.php\/2016\/01\/12\/ministro-oswaldo-vera-inspeccionaremos-empresas-para-estabilizar-las-cadenas-productivas\/\"]}]},{\"@type\":\"ImageObject\",\"inLanguage\":\"es\",\"@id\":\"https:\/\/www.mpppst.gob.ve\/mpppstweb\/index.php\/2016\/01\/12\/ministro-oswaldo-vera-inspeccionaremos-empresas-para-estabilizar-las-cadenas-productivas\/#primaryimage\",\"url\":\"https:\/\/www.mpppst.gob.ve\/mpppstweb\/wp-content\/uploads\/2016\/01\/DSC_4872.jpg\",\"contentUrl\":\"https:\/\/www.mpppst.gob.ve\/mpppstweb\/wp-content\/uploads\/2016\/01\/DSC_4872.jpg\",\"width\":600,\"height\":402},{\"@type\":\"BreadcrumbList\",\"@id\":\"https:\/\/www.mpppst.gob.ve\/mpppstweb\/index.php\/2016\/01\/12\/ministro-oswaldo-vera-inspeccionaremos-empresas-para-estabilizar-las-cadenas-productivas\/#breadcrumb\",\"itemListElement\":[{\"@type\":\"ListItem\",\"position\":1,\"name\":\"Home\",\"item\":\"https:\/\/www.mpppst.gob.ve\/mpppstweb\/\"},{\"@type\":\"ListItem\",\"position\":2,\"name\":\"Ministro Oswaldo Vera: Inspeccionaremos empresas para estabilizar las cadenas productivas\"}]},{\"@type\":\"WebSite\",\"@id\":\"https:\/\/www.mpppst.gob.ve\/mpppstweb\/#website\",\"url\":\"https:\/\/www.mpppst.gob.ve\/mpppstweb\/\",\"name\":\"MPPPST\",\"description\":\"Ministerio del Poder Popular para el Proceso Social de Trabajo\",\"publisher\":{\"@id\":\"https:\/\/www.mpppst.gob.ve\/mpppstweb\/#organization\"},\"potentialAction\":[{\"@type\":\"SearchAction\",\"target\":{\"@type\":\"EntryPoint\",\"urlTemplate\":\"https:\/\/www.mpppst.gob.ve\/mpppstweb\/?s={search_term_string}\"},\"query-input\":\"required name=search_term_string\"}],\"inLanguage\":\"es\"},{\"@type\":\"Organization\",\"@id\":\"https:\/\/www.mpppst.gob.ve\/mpppstweb\/#organization\",\"name\":\"mpppst\",\"url\":\"https:\/\/www.mpppst.gob.ve\/mpppstweb\/\",\"logo\":{\"@type\":\"ImageObject\",\"inLanguage\":\"es\",\"@id\":\"https:\/\/www.mpppst.gob.ve\/mpppstweb\/#\/schema\/logo\/image\/\",\"url\":\"https:\/\/www.mpppst.gob.ve\/mpppstweb\/wp-content\/uploads\/2025\/07\/cropped-cropped-g910.png\",\"contentUrl\":\"https:\/\/www.mpppst.gob.ve\/mpppstweb\/wp-content\/uploads\/2025\/07\/cropped-cropped-g910.png\",\"width\":1080,\"height\":241,\"caption\":\"mpppst\"},\"image\":{\"@id\":\"https:\/\/www.mpppst.gob.ve\/mpppstweb\/#\/schema\/logo\/image\/\"}},{\"@type\":\"Person\",\"@id\":\"https:\/\/www.mpppst.gob.ve\/mpppstweb\/#\/schema\/person\/fc187ee8ead412bd4c9304b62f900ea4\",\"name\":\"MPPPST Prensa\",\"url\":\"https:\/\/www.mpppst.gob.ve\/mpppstweb\/index.php\/author\/prensa-mpppst\/\"}]}<\/script>\n<!-- \/ Yoast SEO plugin. -->","yoast_head_json":{"title":"Ministro Oswaldo Vera: Inspeccionaremos empresas para estabilizar las cadenas productivas - MPPPST","robots":{"index":"index","follow":"follow","max-snippet":"max-snippet:-1","max-image-preview":"max-image-preview:large","max-video-preview":"max-video-preview:-1"},"canonical":"https:\/\/www.mpppst.gob.ve\/mpppstweb\/index.php\/2016\/01\/12\/ministro-oswaldo-vera-inspeccionaremos-empresas-para-estabilizar-las-cadenas-productivas\/","og_locale":"es_ES","og_type":"article","og_title":"Ministro Oswaldo Vera: Inspeccionaremos empresas para estabilizar las cadenas productivas - MPPPST","og_description":"El Ministerio del Poder Popular para el Proceso Social de Trabajo tendr\u00e1 en esta nueva etapa tres l\u00edneas de acci\u00f3n fundamentales.","og_url":"https:\/\/www.mpppst.gob.ve\/mpppstweb\/index.php\/2016\/01\/12\/ministro-oswaldo-vera-inspeccionaremos-empresas-para-estabilizar-las-cadenas-productivas\/","og_site_name":"MPPPST","article_published_time":"2016-01-12T16:38:40+00:00","article_modified_time":"2016-07-01T18:02:46+00:00","og_image":[{"width":600,"height":402,"url":"https:\/\/www.mpppst.gob.ve\/mpppstweb\/wp-content\/uploads\/2016\/01\/DSC_4872.jpg","type":"image\/jpeg"}],"author":"MPPPST Prensa","twitter_card":"summary_large_image","twitter_misc":{"Escrito por":"MPPPST Prensa","Tiempo de lectura":"2 minutos"},"schema":{"@context":"https:\/\/schema.org","@graph":[{"@type":"Article","@id":"https:\/\/www.mpppst.gob.ve\/mpppstweb\/index.php\/2016\/01\/12\/ministro-oswaldo-vera-inspeccionaremos-empresas-para-estabilizar-las-cadenas-productivas\/#article","isPartOf":{"@id":"https:\/\/www.mpppst.gob.ve\/mpppstweb\/index.php\/2016\/01\/12\/ministro-oswaldo-vera-inspeccionaremos-empresas-para-estabilizar-las-cadenas-productivas\/"},"author":{"name":"MPPPST Prensa","@id":"https:\/\/www.mpppst.gob.ve\/mpppstweb\/#\/schema\/person\/fc187ee8ead412bd4c9304b62f900ea4"},"headline":"Ministro Oswaldo Vera: Inspeccionaremos empresas para estabilizar las cadenas productivas","datePublished":"2016-01-12T16:38:40+00:00","dateModified":"2016-07-01T18:02:46+00:00","mainEntityOfPage":{"@id":"https:\/\/www.mpppst.gob.ve\/mpppstweb\/index.php\/2016\/01\/12\/ministro-oswaldo-vera-inspeccionaremos-empresas-para-estabilizar-las-cadenas-productivas\/"},"wordCount":443,"publisher":{"@id":"https:\/\/www.mpppst.gob.ve\/mpppstweb\/#organization"},"image":{"@id":"https:\/\/www.mpppst.gob.ve\/mpppstweb\/index.php\/2016\/01\/12\/ministro-oswaldo-vera-inspeccionaremos-empresas-para-estabilizar-las-cadenas-productivas\/#primaryimage"},"thumbnailUrl":"https:\/\/www.mpppst.gob.ve\/mpppstweb\/wp-content\/uploads\/2016\/01\/DSC_4872.jpg","articleSection":["Ministerio"],"inLanguage":"es"},{"@type":"WebPage","@id":"https:\/\/www.mpppst.gob.ve\/mpppstweb\/index.php\/2016\/01\/12\/ministro-oswaldo-vera-inspeccionaremos-empresas-para-estabilizar-las-cadenas-productivas\/","url":"https:\/\/www.mpppst.gob.ve\/mpppstweb\/index.php\/2016\/01\/12\/ministro-oswaldo-vera-inspeccionaremos-empresas-para-estabilizar-las-cadenas-productivas\/","name":"Ministro Oswaldo Vera: Inspeccionaremos empresas para estabilizar las cadenas productivas - MPPPST","isPartOf":{"@id":"https:\/\/www.mpppst.gob.ve\/mpppstweb\/#website"},"primaryImageOfPage":{"@id":"https:\/\/www.mpppst.gob.ve\/mpppstweb\/index.php\/2016\/01\/12\/ministro-oswaldo-vera-inspeccionaremos-empresas-para-estabilizar-las-cadenas-productivas\/#primaryimage"},"image":{"@id":"https:\/\/www.mpppst.gob.ve\/mpppstweb\/index.php\/2016\/01\/12\/ministro-oswaldo-vera-inspeccionaremos-empresas-para-estabilizar-las-cadenas-productivas\/#primaryimage"},"thumbnailUrl":"https:\/\/www.mpppst.gob.ve\/mpppstweb\/wp-content\/uploads\/2016\/01\/DSC_4872.jpg","datePublished":"2016-01-12T16:38:40+00:00","dateModified":"2016-07-01T18:02:46+00:00","breadcrumb":{"@id":"https:\/\/www.mpppst.gob.ve\/mpppstweb\/index.php\/2016\/01\/12\/ministro-oswaldo-vera-inspeccionaremos-empresas-para-estabilizar-las-cadenas-productivas\/#breadcrumb"},"inLanguage":"es","potentialAction":[{"@type":"ReadAction","target":["https:\/\/www.mpppst.gob.ve\/mpppstweb\/index.php\/2016\/01\/12\/ministro-oswaldo-vera-inspeccionaremos-empresas-para-estabilizar-las-cadenas-productivas\/"]}]},{"@type":"ImageObject","inLanguage":"es","@id":"https:\/\/www.mpppst.gob.ve\/mpppstweb\/index.php\/2016\/01\/12\/ministro-oswaldo-vera-inspeccionaremos-empresas-para-estabilizar-las-cadenas-productivas\/#primaryimage","url":"https:\/\/www.mpppst.gob.ve\/mpppstweb\/wp-content\/uploads\/2016\/01\/DSC_4872.jpg","contentUrl":"https:\/\/www.mpppst.gob.ve\/mpppstweb\/wp-content\/uploads\/2016\/01\/DSC_4872.jpg","width":600,"height":402},{"@type":"BreadcrumbList","@id":"https:\/\/www.mpppst.gob.ve\/mpppstweb\/index.php\/2016\/01\/12\/ministro-oswaldo-vera-inspeccionaremos-empresas-para-estabilizar-las-cadenas-productivas\/#breadcrumb","itemListElement":[{"@type":"ListItem","position":1,"name":"Home","item":"https:\/\/www.mpppst.gob.ve\/mpppstweb\/"},{"@type":"ListItem","position":2,"name":"Ministro Oswaldo Vera: Inspeccionaremos empresas para estabilizar las cadenas productivas"}]},{"@type":"WebSite","@id":"https:\/\/www.mpppst.gob.ve\/mpppstweb\/#website","url":"https:\/\/www.mpppst.gob.ve\/mpppstweb\/","name":"MPPPST","description":"Ministerio del Poder Popular para el Proceso Social de Trabajo","publisher":{"@id":"https:\/\/www.mpppst.gob.ve\/mpppstweb\/#organization"},"potentialAction":[{"@type":"SearchAction","target":{"@type":"EntryPoint","urlTemplate":"https:\/\/www.mpppst.gob.ve\/mpppstweb\/?s={search_term_string}"},"query-input":"required name=search_term_string"}],"inLanguage":"es"},{"@type":"Organization","@id":"https:\/\/www.mpppst.gob.ve\/mpppstweb\/#organization","name":"mpppst","url":"https:\/\/www.mpppst.gob.ve\/mpppstweb\/","logo":{"@type":"ImageObject","inLanguage":"es","@id":"https:\/\/www.mpppst.gob.ve\/mpppstweb\/#\/schema\/logo\/image\/","url":"https:\/\/www.mpppst.gob.ve\/mpppstweb\/wp-content\/uploads\/2025\/07\/cropped-cropped-g910.png","contentUrl":"https:\/\/www.mpppst.gob.ve\/mpppstweb\/wp-content\/uploads\/2025\/07\/cropped-cropped-g910.png","width":1080,"height":241,"caption":"mpppst"},"image":{"@id":"https:\/\/www.mpppst.gob.ve\/mpppstweb\/#\/schema\/logo\/image\/"}},{"@type":"Person","@id":"https:\/\/www.mpppst.gob.ve\/mpppstweb\/#\/schema\/person\/fc187ee8ead412bd4c9304b62f900ea4","name":"MPPPST Prensa","url":"https:\/\/www.mpppst.gob.ve\/mpppstweb\/index.php\/author\/prensa-mpppst\/"}]}},"_links":{"self":[{"href":"https:\/\/www.mpppst.gob.ve\/mpppstweb\/index.php\/wp-json\/wp\/v2\/posts\/4364"}],"collection":[{"href":"https:\/\/www.mpppst.gob.ve\/mpppstweb\/index.php\/wp-json\/wp\/v2\/posts"}],"about":[{"href":"https:\/\/www.mpppst.gob.ve\/mpppstweb\/index.php\/wp-json\/wp\/v2\/types\/post"}],"author":[{"embeddable":true,"href":"https:\/\/www.mpppst.gob.ve\/mpppstweb\/index.php\/wp-json\/wp\/v2\/users\/25"}],"replies":[{"embeddable":true,"href":"https:\/\/www.mpppst.gob.ve\/mpppstweb\/index.php\/wp-json\/wp\/v2\/comments?post=4364"}],"version-history":[{"count":1,"href":"https:\/\/www.mpppst.gob.ve\/mpppstweb\/index.php\/wp-json\/wp\/v2\/posts\/4364\/revisions"}],"predecessor-version":[{"id":6975,"href":"https:\/\/www.mpppst.gob.ve\/mpppstweb\/index.php\/wp-json\/wp\/v2\/posts\/4364\/revisions\/6975"}],"wp:featuredmedia":[{"embeddable":true,"href":"https:\/\/www.mpppst.gob.ve\/mpppstweb\/index.php\/wp-json\/wp\/v2\/media\/4365"}],"wp:attachment":[{"href":"https:\/\/www.mpppst.gob.ve\/mpppstweb\/index.php\/wp-json\/wp\/v2\/media?parent=4364"}],"wp:term":[{"taxonomy":"category","embeddable":true,"href":"https:\/\/www.mpppst.gob.ve\/mpppstweb\/index.php\/wp-json\/wp\/v2\/categories?post=4364"},{"taxonomy":"post_tag","embeddable":true,"href":"https:\/\/www.mpppst.gob.ve\/mpppstweb\/index.php\/wp-json\/wp\/v2\/tags?post=4364"}],"curies":[{"name":"wp","href":"https:\/\/api.w.org\/{rel}","templated":true}]}}