{"id":4368,"date":"2016-01-12T17:43:32","date_gmt":"2016-01-12T17:43:32","guid":{"rendered":"http:\/\/www.mpppst.gob.ve\/mpppstweb\/?p=4368"},"modified":"2016-07-01T18:03:09","modified_gmt":"2016-07-01T18:03:09","slug":"el-presidente-nicolas-maduro-firma-contrato-colectivo-petrolero-2015-2017","status":"publish","type":"post","link":"https:\/\/www.mpppst.gob.ve\/mpppstweb\/index.php\/2016\/01\/12\/el-presidente-nicolas-maduro-firma-contrato-colectivo-petrolero-2015-2017\/","title":{"rendered":"El presidente Nicol\u00e1s Maduro firma contrato colectivo petrolero 2015-2017"},"content":{"rendered":"<p style=\"text-align: justify;\">Caracas, 12 de enero de 2016.- El Presidente de la Rep\u00fablica Bolivariana de Venezuela, Nicol\u00e1s Maduro, durante un acto celebrado en el Palacio de Miraflores con la presencia del Ministro del Poder Popular para el Proceso Social de Trabajo (MPPPST) Oswaldo Vera, y la fuerza laboral de Petr\u00f3leos de Venezuela (PDVSA), firm\u00f3 la contrataci\u00f3n colectiva 2015- 2017 de los trabajadores del sector Petrolero que ampara a m\u00e1s de 83 mil trabajadores y trabajadoras, y que privilegia el salario social, as\u00ed como beneficios en viviendas, planes de salud y educaci\u00f3n.<\/p>\n<p style=\"text-align: justify;\">El mandatario felicit\u00f3 a la clase obrera, representada en este encuentro por los trabajadores petroleros, al no decaer en la lucha por los logros de la revoluci\u00f3n y los invit\u00f3 a defender la soberan\u00eda integral y petrolera del pa\u00eds ante la amenaza de la oposici\u00f3n de privatizar la Cantv, Pequiven y Pdvsa.<\/p>\n<p style=\"text-align: justify;\">Vale destacar que este contrato colectivo petrolero firmado por el mandatario nacional y tambi\u00e9n por el Ministro de Petr\u00f3leo y Miner\u00eda, Eulogio Del Pino, fue elaborado con m\u00e1s de 35 mil propuestas que surgieron en asambleas de los sindicatos de base a nivel regional.<\/p>\n<p style=\"text-align: justify;\">El acento social del acuerdo establece el acceso a beneficios como la construcci\u00f3n de viviendas, planes de salud, educaci\u00f3n, vacaciones, adquisici\u00f3n de electrodom\u00e9sticos y dotaci\u00f3n de uniformes y \u00fatiles escolares para los hijos de los trabajadores petroleros, as\u00ed como suministro de alimentaci\u00f3n balanceada a las mujeres y hombres que laboran en las \u00e1reas operativas, entre otros.<\/p>\n<p style=\"text-align: justify;\">Por otro lado, Maduro expres\u00f3 en su alocuci\u00f3n en cadena de radio y televisi\u00f3n que por primera vez en 12 a\u00f1os los precios del petr\u00f3leo han llegado a su nivel m\u00e1s bajo (24 d\u00f3lares por barril), e inform\u00f3 que ha venido preparando junto a un nuevo equipo econ\u00f3mico, \u00abl\u00edneas estrat\u00e9gicas para que Venezuela aproveche esta oportunidad para el desarrollo de una econom\u00eda productiva e iniciar una revoluci\u00f3n econ\u00f3mica\u00bb.<\/p>\n<p style=\"text-align: justify;\">Inform\u00f3 que baj\u00f3 instrucciones al Ministro de Petr\u00f3leo y Miner\u00eda, Eulogio Del Pino, para liderar junto con los pa\u00edses de la Organizaci\u00f3n de los Pa\u00edses Exportadores de Petr\u00f3leo (OPEP), un nuevo plan de acci\u00f3n \u00abpara frenar la ca\u00edda de los precios del barril\u00bb.<\/p>\n<p style=\"text-align: justify;\">Finalmente, el presidente Maduro invit\u00f3 al pueblo a continuar defendiendo la imagen de Bol\u00edvar y la imagen de Ch\u00e1vez, pero sobre todo su legado, porque la derecha ha buscado mancillar el honor del pueblo con el agravio cometido por parte de su representante, Henry Ramos, quien orden\u00f3 retirar las im\u00e1genes del Libertador Sim\u00f3n Bol\u00edvar y el comandante Hugo Ch\u00e1vez de la Asamblea Nacional.<\/p>\n","protected":false},"excerpt":{"rendered":"<p>El Presidente de la Rep\u00fablica Bolivariana de Venezuela, Nicol\u00e1s Maduro firm\u00f3 la contrataci\u00f3n colectiva 2015- 2017 de los trabajadores del sector Petrolero<\/p>\n","protected":false},"author":25,"featured_media":4369,"comment_status":"closed","ping_status":"closed","sticky":false,"template":"","format":"standard","meta":{"footnotes":""},"categories":[82],"tags":[],"yoast_head":"<!-- This site is optimized with the Yoast SEO plugin v22.5 - https:\/\/yoast.com\/wordpress\/plugins\/seo\/ -->\n<title>El presidente Nicol\u00e1s Maduro firma contrato colectivo petrolero 2015-2017 - MPPPST<\/title>\n<meta name=\"robots\" content=\"index, follow, max-snippet:-1, max-image-preview:large, max-video-preview:-1\" \/>\n<link rel=\"canonical\" href=\"https:\/\/www.mpppst.gob.ve\/mpppstweb\/index.php\/2016\/01\/12\/el-presidente-nicolas-maduro-firma-contrato-colectivo-petrolero-2015-2017\/\" \/>\n<meta property=\"og:locale\" content=\"es_ES\" \/>\n<meta property=\"og:type\" content=\"article\" \/>\n<meta property=\"og:title\" content=\"El presidente Nicol\u00e1s Maduro firma contrato colectivo petrolero 2015-2017 - MPPPST\" \/>\n<meta property=\"og:description\" content=\"El Presidente de la Rep\u00fablica Bolivariana de Venezuela, Nicol\u00e1s Maduro firm\u00f3 la contrataci\u00f3n colectiva 2015- 2017 de los trabajadores del sector Petrolero\" \/>\n<meta property=\"og:url\" content=\"https:\/\/www.mpppst.gob.ve\/mpppstweb\/index.php\/2016\/01\/12\/el-presidente-nicolas-maduro-firma-contrato-colectivo-petrolero-2015-2017\/\" \/>\n<meta property=\"og:site_name\" content=\"MPPPST\" \/>\n<meta property=\"article:published_time\" content=\"2016-01-12T17:43:32+00:00\" \/>\n<meta property=\"article:modified_time\" content=\"2016-07-01T18:03:09+00:00\" \/>\n<meta property=\"og:image\" content=\"https:\/\/www.mpppst.gob.ve\/mpppstweb\/wp-content\/uploads\/2016\/01\/maduro-y-petroleros.jpg\" \/>\n\t<meta property=\"og:image:width\" content=\"448\" \/>\n\t<meta property=\"og:image:height\" content=\"296\" \/>\n\t<meta property=\"og:image:type\" content=\"image\/jpeg\" \/>\n<meta name=\"author\" content=\"MPPPST Prensa\" \/>\n<meta name=\"twitter:card\" content=\"summary_large_image\" \/>\n<meta name=\"twitter:label1\" content=\"Escrito por\" \/>\n\t<meta name=\"twitter:data1\" content=\"MPPPST Prensa\" \/>\n\t<meta name=\"twitter:label2\" content=\"Tiempo de lectura\" \/>\n\t<meta name=\"twitter:data2\" content=\"2 minutos\" \/>\n<script type=\"application\/ld+json\" class=\"yoast-schema-graph\">{\"@context\":\"https:\/\/schema.org\",\"@graph\":[{\"@type\":\"Article\",\"@id\":\"https:\/\/www.mpppst.gob.ve\/mpppstweb\/index.php\/2016\/01\/12\/el-presidente-nicolas-maduro-firma-contrato-colectivo-petrolero-2015-2017\/#article\",\"isPartOf\":{\"@id\":\"https:\/\/www.mpppst.gob.ve\/mpppstweb\/index.php\/2016\/01\/12\/el-presidente-nicolas-maduro-firma-contrato-colectivo-petrolero-2015-2017\/\"},\"author\":{\"name\":\"MPPPST Prensa\",\"@id\":\"https:\/\/www.mpppst.gob.ve\/mpppstweb\/#\/schema\/person\/fc187ee8ead412bd4c9304b62f900ea4\"},\"headline\":\"El presidente Nicol\u00e1s Maduro firma contrato colectivo petrolero 2015-2017\",\"datePublished\":\"2016-01-12T17:43:32+00:00\",\"dateModified\":\"2016-07-01T18:03:09+00:00\",\"mainEntityOfPage\":{\"@id\":\"https:\/\/www.mpppst.gob.ve\/mpppstweb\/index.php\/2016\/01\/12\/el-presidente-nicolas-maduro-firma-contrato-colectivo-petrolero-2015-2017\/\"},\"wordCount\":465,\"publisher\":{\"@id\":\"https:\/\/www.mpppst.gob.ve\/mpppstweb\/#organization\"},\"image\":{\"@id\":\"https:\/\/www.mpppst.gob.ve\/mpppstweb\/index.php\/2016\/01\/12\/el-presidente-nicolas-maduro-firma-contrato-colectivo-petrolero-2015-2017\/#primaryimage\"},\"thumbnailUrl\":\"https:\/\/www.mpppst.gob.ve\/mpppstweb\/wp-content\/uploads\/2016\/01\/maduro-y-petroleros.jpg\",\"articleSection\":[\"Gobierno Nacional\"],\"inLanguage\":\"es\"},{\"@type\":\"WebPage\",\"@id\":\"https:\/\/www.mpppst.gob.ve\/mpppstweb\/index.php\/2016\/01\/12\/el-presidente-nicolas-maduro-firma-contrato-colectivo-petrolero-2015-2017\/\",\"url\":\"https:\/\/www.mpppst.gob.ve\/mpppstweb\/index.php\/2016\/01\/12\/el-presidente-nicolas-maduro-firma-contrato-colectivo-petrolero-2015-2017\/\",\"name\":\"El presidente Nicol\u00e1s Maduro firma contrato colectivo petrolero 2015-2017 - MPPPST\",\"isPartOf\":{\"@id\":\"https:\/\/www.mpppst.gob.ve\/mpppstweb\/#website\"},\"primaryImageOfPage\":{\"@id\":\"https:\/\/www.mpppst.gob.ve\/mpppstweb\/index.php\/2016\/01\/12\/el-presidente-nicolas-maduro-firma-contrato-colectivo-petrolero-2015-2017\/#primaryimage\"},\"image\":{\"@id\":\"https:\/\/www.mpppst.gob.ve\/mpppstweb\/index.php\/2016\/01\/12\/el-presidente-nicolas-maduro-firma-contrato-colectivo-petrolero-2015-2017\/#primaryimage\"},\"thumbnailUrl\":\"https:\/\/www.mpppst.gob.ve\/mpppstweb\/wp-content\/uploads\/2016\/01\/maduro-y-petroleros.jpg\",\"datePublished\":\"2016-01-12T17:43:32+00:00\",\"dateModified\":\"2016-07-01T18:03:09+00:00\",\"breadcrumb\":{\"@id\":\"https:\/\/www.mpppst.gob.ve\/mpppstweb\/index.php\/2016\/01\/12\/el-presidente-nicolas-maduro-firma-contrato-colectivo-petrolero-2015-2017\/#breadcrumb\"},\"inLanguage\":\"es\",\"potentialAction\":[{\"@type\":\"ReadAction\",\"target\":[\"https:\/\/www.mpppst.gob.ve\/mpppstweb\/index.php\/2016\/01\/12\/el-presidente-nicolas-maduro-firma-contrato-colectivo-petrolero-2015-2017\/\"]}]},{\"@type\":\"ImageObject\",\"inLanguage\":\"es\",\"@id\":\"https:\/\/www.mpppst.gob.ve\/mpppstweb\/index.php\/2016\/01\/12\/el-presidente-nicolas-maduro-firma-contrato-colectivo-petrolero-2015-2017\/#primaryimage\",\"url\":\"https:\/\/www.mpppst.gob.ve\/mpppstweb\/wp-content\/uploads\/2016\/01\/maduro-y-petroleros.jpg\",\"contentUrl\":\"https:\/\/www.mpppst.gob.ve\/mpppstweb\/wp-content\/uploads\/2016\/01\/maduro-y-petroleros.jpg\",\"width\":448,\"height\":296},{\"@type\":\"BreadcrumbList\",\"@id\":\"https:\/\/www.mpppst.gob.ve\/mpppstweb\/index.php\/2016\/01\/12\/el-presidente-nicolas-maduro-firma-contrato-colectivo-petrolero-2015-2017\/#breadcrumb\",\"itemListElement\":[{\"@type\":\"ListItem\",\"position\":1,\"name\":\"Home\",\"item\":\"https:\/\/www.mpppst.gob.ve\/mpppstweb\/\"},{\"@type\":\"ListItem\",\"position\":2,\"name\":\"El presidente Nicol\u00e1s Maduro firma contrato colectivo petrolero 2015-2017\"}]},{\"@type\":\"WebSite\",\"@id\":\"https:\/\/www.mpppst.gob.ve\/mpppstweb\/#website\",\"url\":\"https:\/\/www.mpppst.gob.ve\/mpppstweb\/\",\"name\":\"MPPPST\",\"description\":\"Ministerio del Poder Popular para el Proceso Social de Trabajo\",\"publisher\":{\"@id\":\"https:\/\/www.mpppst.gob.ve\/mpppstweb\/#organization\"},\"potentialAction\":[{\"@type\":\"SearchAction\",\"target\":{\"@type\":\"EntryPoint\",\"urlTemplate\":\"https:\/\/www.mpppst.gob.ve\/mpppstweb\/?s={search_term_string}\"},\"query-input\":\"required name=search_term_string\"}],\"inLanguage\":\"es\"},{\"@type\":\"Organization\",\"@id\":\"https:\/\/www.mpppst.gob.ve\/mpppstweb\/#organization\",\"name\":\"mpppst\",\"url\":\"https:\/\/www.mpppst.gob.ve\/mpppstweb\/\",\"logo\":{\"@type\":\"ImageObject\",\"inLanguage\":\"es\",\"@id\":\"https:\/\/www.mpppst.gob.ve\/mpppstweb\/#\/schema\/logo\/image\/\",\"url\":\"https:\/\/www.mpppst.gob.ve\/mpppstweb\/wp-content\/uploads\/2025\/07\/cropped-cropped-g910.png\",\"contentUrl\":\"https:\/\/www.mpppst.gob.ve\/mpppstweb\/wp-content\/uploads\/2025\/07\/cropped-cropped-g910.png\",\"width\":1080,\"height\":241,\"caption\":\"mpppst\"},\"image\":{\"@id\":\"https:\/\/www.mpppst.gob.ve\/mpppstweb\/#\/schema\/logo\/image\/\"}},{\"@type\":\"Person\",\"@id\":\"https:\/\/www.mpppst.gob.ve\/mpppstweb\/#\/schema\/person\/fc187ee8ead412bd4c9304b62f900ea4\",\"name\":\"MPPPST Prensa\",\"url\":\"https:\/\/www.mpppst.gob.ve\/mpppstweb\/index.php\/author\/prensa-mpppst\/\"}]}<\/script>\n<!-- \/ Yoast SEO plugin. -->","yoast_head_json":{"title":"El presidente Nicol\u00e1s Maduro firma contrato colectivo petrolero 2015-2017 - MPPPST","robots":{"index":"index","follow":"follow","max-snippet":"max-snippet:-1","max-image-preview":"max-image-preview:large","max-video-preview":"max-video-preview:-1"},"canonical":"https:\/\/www.mpppst.gob.ve\/mpppstweb\/index.php\/2016\/01\/12\/el-presidente-nicolas-maduro-firma-contrato-colectivo-petrolero-2015-2017\/","og_locale":"es_ES","og_type":"article","og_title":"El presidente Nicol\u00e1s Maduro firma contrato colectivo petrolero 2015-2017 - MPPPST","og_description":"El Presidente de la Rep\u00fablica Bolivariana de Venezuela, Nicol\u00e1s Maduro firm\u00f3 la contrataci\u00f3n colectiva 2015- 2017 de los trabajadores del sector Petrolero","og_url":"https:\/\/www.mpppst.gob.ve\/mpppstweb\/index.php\/2016\/01\/12\/el-presidente-nicolas-maduro-firma-contrato-colectivo-petrolero-2015-2017\/","og_site_name":"MPPPST","article_published_time":"2016-01-12T17:43:32+00:00","article_modified_time":"2016-07-01T18:03:09+00:00","og_image":[{"width":448,"height":296,"url":"https:\/\/www.mpppst.gob.ve\/mpppstweb\/wp-content\/uploads\/2016\/01\/maduro-y-petroleros.jpg","type":"image\/jpeg"}],"author":"MPPPST Prensa","twitter_card":"summary_large_image","twitter_misc":{"Escrito por":"MPPPST Prensa","Tiempo de lectura":"2 minutos"},"schema":{"@context":"https:\/\/schema.org","@graph":[{"@type":"Article","@id":"https:\/\/www.mpppst.gob.ve\/mpppstweb\/index.php\/2016\/01\/12\/el-presidente-nicolas-maduro-firma-contrato-colectivo-petrolero-2015-2017\/#article","isPartOf":{"@id":"https:\/\/www.mpppst.gob.ve\/mpppstweb\/index.php\/2016\/01\/12\/el-presidente-nicolas-maduro-firma-contrato-colectivo-petrolero-2015-2017\/"},"author":{"name":"MPPPST Prensa","@id":"https:\/\/www.mpppst.gob.ve\/mpppstweb\/#\/schema\/person\/fc187ee8ead412bd4c9304b62f900ea4"},"headline":"El presidente Nicol\u00e1s Maduro firma contrato colectivo petrolero 2015-2017","datePublished":"2016-01-12T17:43:32+00:00","dateModified":"2016-07-01T18:03:09+00:00","mainEntityOfPage":{"@id":"https:\/\/www.mpppst.gob.ve\/mpppstweb\/index.php\/2016\/01\/12\/el-presidente-nicolas-maduro-firma-contrato-colectivo-petrolero-2015-2017\/"},"wordCount":465,"publisher":{"@id":"https:\/\/www.mpppst.gob.ve\/mpppstweb\/#organization"},"image":{"@id":"https:\/\/www.mpppst.gob.ve\/mpppstweb\/index.php\/2016\/01\/12\/el-presidente-nicolas-maduro-firma-contrato-colectivo-petrolero-2015-2017\/#primaryimage"},"thumbnailUrl":"https:\/\/www.mpppst.gob.ve\/mpppstweb\/wp-content\/uploads\/2016\/01\/maduro-y-petroleros.jpg","articleSection":["Gobierno Nacional"],"inLanguage":"es"},{"@type":"WebPage","@id":"https:\/\/www.mpppst.gob.ve\/mpppstweb\/index.php\/2016\/01\/12\/el-presidente-nicolas-maduro-firma-contrato-colectivo-petrolero-2015-2017\/","url":"https:\/\/www.mpppst.gob.ve\/mpppstweb\/index.php\/2016\/01\/12\/el-presidente-nicolas-maduro-firma-contrato-colectivo-petrolero-2015-2017\/","name":"El presidente Nicol\u00e1s Maduro firma contrato colectivo petrolero 2015-2017 - MPPPST","isPartOf":{"@id":"https:\/\/www.mpppst.gob.ve\/mpppstweb\/#website"},"primaryImageOfPage":{"@id":"https:\/\/www.mpppst.gob.ve\/mpppstweb\/index.php\/2016\/01\/12\/el-presidente-nicolas-maduro-firma-contrato-colectivo-petrolero-2015-2017\/#primaryimage"},"image":{"@id":"https:\/\/www.mpppst.gob.ve\/mpppstweb\/index.php\/2016\/01\/12\/el-presidente-nicolas-maduro-firma-contrato-colectivo-petrolero-2015-2017\/#primaryimage"},"thumbnailUrl":"https:\/\/www.mpppst.gob.ve\/mpppstweb\/wp-content\/uploads\/2016\/01\/maduro-y-petroleros.jpg","datePublished":"2016-01-12T17:43:32+00:00","dateModified":"2016-07-01T18:03:09+00:00","breadcrumb":{"@id":"https:\/\/www.mpppst.gob.ve\/mpppstweb\/index.php\/2016\/01\/12\/el-presidente-nicolas-maduro-firma-contrato-colectivo-petrolero-2015-2017\/#breadcrumb"},"inLanguage":"es","potentialAction":[{"@type":"ReadAction","target":["https:\/\/www.mpppst.gob.ve\/mpppstweb\/index.php\/2016\/01\/12\/el-presidente-nicolas-maduro-firma-contrato-colectivo-petrolero-2015-2017\/"]}]},{"@type":"ImageObject","inLanguage":"es","@id":"https:\/\/www.mpppst.gob.ve\/mpppstweb\/index.php\/2016\/01\/12\/el-presidente-nicolas-maduro-firma-contrato-colectivo-petrolero-2015-2017\/#primaryimage","url":"https:\/\/www.mpppst.gob.ve\/mpppstweb\/wp-content\/uploads\/2016\/01\/maduro-y-petroleros.jpg","contentUrl":"https:\/\/www.mpppst.gob.ve\/mpppstweb\/wp-content\/uploads\/2016\/01\/maduro-y-petroleros.jpg","width":448,"height":296},{"@type":"BreadcrumbList","@id":"https:\/\/www.mpppst.gob.ve\/mpppstweb\/index.php\/2016\/01\/12\/el-presidente-nicolas-maduro-firma-contrato-colectivo-petrolero-2015-2017\/#breadcrumb","itemListElement":[{"@type":"ListItem","position":1,"name":"Home","item":"https:\/\/www.mpppst.gob.ve\/mpppstweb\/"},{"@type":"ListItem","position":2,"name":"El presidente Nicol\u00e1s Maduro firma contrato colectivo petrolero 2015-2017"}]},{"@type":"WebSite","@id":"https:\/\/www.mpppst.gob.ve\/mpppstweb\/#website","url":"https:\/\/www.mpppst.gob.ve\/mpppstweb\/","name":"MPPPST","description":"Ministerio del Poder Popular para el Proceso Social de Trabajo","publisher":{"@id":"https:\/\/www.mpppst.gob.ve\/mpppstweb\/#organization"},"potentialAction":[{"@type":"SearchAction","target":{"@type":"EntryPoint","urlTemplate":"https:\/\/www.mpppst.gob.ve\/mpppstweb\/?s={search_term_string}"},"query-input":"required name=search_term_string"}],"inLanguage":"es"},{"@type":"Organization","@id":"https:\/\/www.mpppst.gob.ve\/mpppstweb\/#organization","name":"mpppst","url":"https:\/\/www.mpppst.gob.ve\/mpppstweb\/","logo":{"@type":"ImageObject","inLanguage":"es","@id":"https:\/\/www.mpppst.gob.ve\/mpppstweb\/#\/schema\/logo\/image\/","url":"https:\/\/www.mpppst.gob.ve\/mpppstweb\/wp-content\/uploads\/2025\/07\/cropped-cropped-g910.png","contentUrl":"https:\/\/www.mpppst.gob.ve\/mpppstweb\/wp-content\/uploads\/2025\/07\/cropped-cropped-g910.png","width":1080,"height":241,"caption":"mpppst"},"image":{"@id":"https:\/\/www.mpppst.gob.ve\/mpppstweb\/#\/schema\/logo\/image\/"}},{"@type":"Person","@id":"https:\/\/www.mpppst.gob.ve\/mpppstweb\/#\/schema\/person\/fc187ee8ead412bd4c9304b62f900ea4","name":"MPPPST Prensa","url":"https:\/\/www.mpppst.gob.ve\/mpppstweb\/index.php\/author\/prensa-mpppst\/"}]}},"_links":{"self":[{"href":"https:\/\/www.mpppst.gob.ve\/mpppstweb\/index.php\/wp-json\/wp\/v2\/posts\/4368"}],"collection":[{"href":"https:\/\/www.mpppst.gob.ve\/mpppstweb\/index.php\/wp-json\/wp\/v2\/posts"}],"about":[{"href":"https:\/\/www.mpppst.gob.ve\/mpppstweb\/index.php\/wp-json\/wp\/v2\/types\/post"}],"author":[{"embeddable":true,"href":"https:\/\/www.mpppst.gob.ve\/mpppstweb\/index.php\/wp-json\/wp\/v2\/users\/25"}],"replies":[{"embeddable":true,"href":"https:\/\/www.mpppst.gob.ve\/mpppstweb\/index.php\/wp-json\/wp\/v2\/comments?post=4368"}],"version-history":[{"count":1,"href":"https:\/\/www.mpppst.gob.ve\/mpppstweb\/index.php\/wp-json\/wp\/v2\/posts\/4368\/revisions"}],"predecessor-version":[{"id":6976,"href":"https:\/\/www.mpppst.gob.ve\/mpppstweb\/index.php\/wp-json\/wp\/v2\/posts\/4368\/revisions\/6976"}],"wp:featuredmedia":[{"embeddable":true,"href":"https:\/\/www.mpppst.gob.ve\/mpppstweb\/index.php\/wp-json\/wp\/v2\/media\/4369"}],"wp:attachment":[{"href":"https:\/\/www.mpppst.gob.ve\/mpppstweb\/index.php\/wp-json\/wp\/v2\/media?parent=4368"}],"wp:term":[{"taxonomy":"category","embeddable":true,"href":"https:\/\/www.mpppst.gob.ve\/mpppstweb\/index.php\/wp-json\/wp\/v2\/categories?post=4368"},{"taxonomy":"post_tag","embeddable":true,"href":"https:\/\/www.mpppst.gob.ve\/mpppstweb\/index.php\/wp-json\/wp\/v2\/tags?post=4368"}],"curies":[{"name":"wp","href":"https:\/\/api.w.org\/{rel}","templated":true}]}}