{"id":4381,"date":"2016-01-14T08:57:17","date_gmt":"2016-01-14T08:57:17","guid":{"rendered":"http:\/\/www.mpppst.gob.ve\/mpppstweb\/?p=4381"},"modified":"2016-07-01T18:04:22","modified_gmt":"2016-07-01T18:04:22","slug":"ministro-vera-la-clase-obrera-tiene-la-moral-en-alto-y-esta-dispuesta-al-combate","status":"publish","type":"post","link":"https:\/\/www.mpppst.gob.ve\/mpppstweb\/index.php\/2016\/01\/14\/ministro-vera-la-clase-obrera-tiene-la-moral-en-alto-y-esta-dispuesta-al-combate\/","title":{"rendered":"Ministro Vera: La clase obrera tiene la moral en alto y est\u00e1 dispuesta al combate"},"content":{"rendered":"<p>Caracas, 13 de enero (MPPPST).- Representantes de la Central Bolivariana Socialista de Trabajadores (CBST), junto a la clase obrera del pa\u00eds, se concentraron en la plaza Bol\u00edvar de Caracas, en un gran acto organizado para demostrar su rechazo a las acciones ofensivas por parte de la bancada opositora de la Asamblea Nacional (AN) hacia el pr\u00f3cer de la Patria, el Libertador Sim\u00f3n Bol\u00edvar y el Comandante Eterno, Hugo Ch\u00e1vez Fr\u00edas.<\/p>\n<p>Durante la actividad el ministro del Poder Popular para el Proceso Social de Trabajo, Oswaldo Vera, agradeci\u00f3 la invitaci\u00f3n por parte de la CBST para asistir a tan importante evento, que seg\u00fan el representante de la cartera laboral tiene un significado muy especial, porque demuestra que la clase obrera se pone una vez m\u00e1s al frente de la lucha, del combate, de la rebeli\u00f3n que ha solicitado el comandante obrero Nicol\u00e1s Maduro en estos momentos hist\u00f3ricos que est\u00e1 viviendo la Patria.<\/p>\n<p>En relaci\u00f3n con la actuaci\u00f3n de la bancada opositora en la AN, resalt\u00f3 que no hab\u00edan pasado ni 24 horas cuando esa representaci\u00f3n demostr\u00f3 la garra del fascismo, al escucharse en primer lugar a los representantes de Fedec\u00e1maras solicitar la derogaci\u00f3n de la Ley Org\u00e1nica del Trabajo, los Trabajadores y las Trabajadoras (LOTTT), \u201cuna ley que nuestro Comandante Eterno, Hugo Ch\u00e1vez le dio a todos los trabajadores, producto del debate y de la discusi\u00f3n. A trav\u00e9s de esa Ley recuperamos lo que nos hab\u00edan quitado, arrebatado, entre ellos la retroactividad de las prestaciones sociales\u201d, apunt\u00f3.<\/p>\n<p>Asimismo, agreg\u00f3 que \u201cen segundo lugar, toman nuestros s\u00edmbolos, que no son simples retratos, no son simples acuarelas, son los s\u00edmbolos de la patria, es nuestro Libertador Sim\u00f3n Bol\u00edvar y que quisieron acabar, as\u00ed como quisieron marchitar la figura, el emblema, el legado hist\u00f3rico que tiene nuestro Comandante querido Hugo Ch\u00e1vez\u201d, acot\u00f3 Vera.<\/p>\n<p>El representante del ente laboral, enfatiz\u00f3 que quisieron desmoralizar tambi\u00e9n al pueblo diciendo que la figura del presidente obrero, Nicol\u00e1s Maduro, no ten\u00eda significado en la Asamblea Nacional. \u201cHoy m\u00e1s que nunca tenemos que estar con la frente en alto y obedecer las \u00f3rdenes de la manera m\u00e1s correcta del comandante obrero Nicol\u00e1s Maduro, l\u00edder actual de esta Revoluci\u00f3n y de la clase obrera\u201d.<\/p>\n<p>En ese sentido, a\u00f1adi\u00f3 que \u201cla clase obrera tiene que decirle a esos oligarcas, imperialistas que ahora m\u00e1s que nunca el pueblo venezolano y los trabajadores y trabajadoras tienen la moral en alto y est\u00e1n dispuestos al combate en el terreno que sea, no van a poder apartarnos de nuestra historia\u201d.<\/p>\n<p><strong>Compromiso de la clase obrera<\/strong><\/p>\n<p>Vera expres\u00f3 que el presidente obrero, Nicol\u00e1s Maduro, ha planteado dos elementos fundamentales: \u201ca pesar de la guerra econ\u00f3mica, las pol\u00edticas sociales que ha logrado incorporar a millones y millones de venezolanos a la seguridad social y la protecci\u00f3n a los trabajadores se van a mantener, independientemente de la situaci\u00f3n econ\u00f3mica que existe actualmente\u201d.<\/p>\n<p>En segundo lugar, llam\u00f3 a la clase obrera a un reto: la rebeli\u00f3n ante las medidas que desde la Asamblea Nacional se puedan dictar, as\u00ed como defender y seguir garantizando los derechos de los trabajadores, adem\u00e1s del cambio del modelo productivo, \u201ccambiar un modelo que depend\u00eda del petr\u00f3leo a un pa\u00eds industrializado\u201d, acot\u00f3.<\/p>\n<p>\u201cLa \u00fanica manera de cambiar nuestro modelo, de convertir a Venezuela en esa peque\u00f1a gran potencia que siempre se\u00f1al\u00f3 el Comandante, es que la clase obrera asumiendo su responsabilidad se ponga al frente de esa batalla, de producir, de chequear, de planificar, de garantizar los derechos que tenemos los venezolanos a la producci\u00f3n y para eso tambi\u00e9n nos ha llamado al estudio, a la formaci\u00f3n, a la preparaci\u00f3n a entender que vamos cada d\u00eda a asumir roles mucho m\u00e1s importantes y ese es el compromiso que hoy tenemos que fijar\u201d, puntualiz\u00f3 el Ministro.<\/p>\n<p>Finalmente, hizo un juramento junto a la clase obrera para comprometerse que bajo la conducci\u00f3n del comandante obrero Nicol\u00e1s Maduro, y el legado que dej\u00f3 el Comandante Eterno Hugo Ch\u00e1vez, en el marco del Plan de la Patria se pongan al frente del plan productivo, de industrializaci\u00f3n y que \u201cno daremos descanso a nuestros brazos, avanzaremos hasta construir la patria socialista, productiva, revolucionaria que so\u00f1\u00f3 nuestro Libertador y que hoy somos capaces de hacerlo realidad, vamos a defender la Revoluci\u00f3n Bolivariana incluso con nuestras vidas\u201d.<\/p>\n<p>Este acto donde la clase trabajadora demostr\u00f3 su valent\u00eda en defensa de la Revoluci\u00f3n Bolivariana, cont\u00f3 con la participaci\u00f3n de varios dirigentes sindicales de la CBST y m\u00fasica patri\u00f3tica que ambient\u00f3 la actividad.<\/p>\n<p>Redacci\u00f3n: Miliseth Ysea<\/p>\n<p>Fotograf\u00eda: F\u00e9lix Ordaz<\/p>\n","protected":false},"excerpt":{"rendered":"<p>Representantes de la CBST, junto a la clase obrera del pa\u00eds, se concentraron en la plaza Bol\u00edvar de Caracas para demostrar su rechazo a las acciones ofensivas por parte de la bancada opositora de la AN<\/p>\n","protected":false},"author":25,"featured_media":4382,"comment_status":"closed","ping_status":"closed","sticky":false,"template":"","format":"standard","meta":{"footnotes":""},"categories":[83],"tags":[],"yoast_head":"<!-- This site is optimized with the Yoast SEO plugin v22.5 - https:\/\/yoast.com\/wordpress\/plugins\/seo\/ -->\n<title>Ministro Vera: La clase obrera tiene la moral en alto y est\u00e1 dispuesta al combate - MPPPST<\/title>\n<meta name=\"robots\" content=\"index, follow, max-snippet:-1, max-image-preview:large, max-video-preview:-1\" \/>\n<link rel=\"canonical\" href=\"https:\/\/www.mpppst.gob.ve\/mpppstweb\/index.php\/2016\/01\/14\/ministro-vera-la-clase-obrera-tiene-la-moral-en-alto-y-esta-dispuesta-al-combate\/\" \/>\n<meta property=\"og:locale\" content=\"es_ES\" \/>\n<meta property=\"og:type\" content=\"article\" \/>\n<meta property=\"og:title\" content=\"Ministro Vera: La clase obrera tiene la moral en alto y est\u00e1 dispuesta al combate - MPPPST\" \/>\n<meta property=\"og:description\" content=\"Representantes de la CBST, junto a la clase obrera del pa\u00eds, se concentraron en la plaza Bol\u00edvar de Caracas para demostrar su rechazo a las acciones ofensivas por parte de la bancada opositora de la AN\" \/>\n<meta property=\"og:url\" content=\"https:\/\/www.mpppst.gob.ve\/mpppstweb\/index.php\/2016\/01\/14\/ministro-vera-la-clase-obrera-tiene-la-moral-en-alto-y-esta-dispuesta-al-combate\/\" \/>\n<meta property=\"og:site_name\" content=\"MPPPST\" \/>\n<meta property=\"article:published_time\" content=\"2016-01-14T08:57:17+00:00\" \/>\n<meta property=\"article:modified_time\" content=\"2016-07-01T18:04:22+00:00\" \/>\n<meta property=\"og:image\" content=\"https:\/\/www.mpppst.gob.ve\/mpppstweb\/wp-content\/uploads\/2016\/01\/desagravio-1.JPG-web.jpg\" \/>\n\t<meta property=\"og:image:width\" content=\"640\" \/>\n\t<meta property=\"og:image:height\" content=\"428\" \/>\n\t<meta property=\"og:image:type\" content=\"image\/jpeg\" \/>\n<meta name=\"author\" content=\"MPPPST Prensa\" \/>\n<meta name=\"twitter:card\" content=\"summary_large_image\" \/>\n<meta name=\"twitter:label1\" content=\"Escrito por\" \/>\n\t<meta name=\"twitter:data1\" content=\"MPPPST Prensa\" \/>\n\t<meta name=\"twitter:label2\" content=\"Tiempo de lectura\" \/>\n\t<meta name=\"twitter:data2\" content=\"4 minutos\" \/>\n<script type=\"application\/ld+json\" class=\"yoast-schema-graph\">{\"@context\":\"https:\/\/schema.org\",\"@graph\":[{\"@type\":\"Article\",\"@id\":\"https:\/\/www.mpppst.gob.ve\/mpppstweb\/index.php\/2016\/01\/14\/ministro-vera-la-clase-obrera-tiene-la-moral-en-alto-y-esta-dispuesta-al-combate\/#article\",\"isPartOf\":{\"@id\":\"https:\/\/www.mpppst.gob.ve\/mpppstweb\/index.php\/2016\/01\/14\/ministro-vera-la-clase-obrera-tiene-la-moral-en-alto-y-esta-dispuesta-al-combate\/\"},\"author\":{\"name\":\"MPPPST Prensa\",\"@id\":\"https:\/\/www.mpppst.gob.ve\/mpppstweb\/#\/schema\/person\/fc187ee8ead412bd4c9304b62f900ea4\"},\"headline\":\"Ministro Vera: La clase obrera tiene la moral en alto y est\u00e1 dispuesta al combate\",\"datePublished\":\"2016-01-14T08:57:17+00:00\",\"dateModified\":\"2016-07-01T18:04:22+00:00\",\"mainEntityOfPage\":{\"@id\":\"https:\/\/www.mpppst.gob.ve\/mpppstweb\/index.php\/2016\/01\/14\/ministro-vera-la-clase-obrera-tiene-la-moral-en-alto-y-esta-dispuesta-al-combate\/\"},\"wordCount\":830,\"publisher\":{\"@id\":\"https:\/\/www.mpppst.gob.ve\/mpppstweb\/#organization\"},\"image\":{\"@id\":\"https:\/\/www.mpppst.gob.ve\/mpppstweb\/index.php\/2016\/01\/14\/ministro-vera-la-clase-obrera-tiene-la-moral-en-alto-y-esta-dispuesta-al-combate\/#primaryimage\"},\"thumbnailUrl\":\"https:\/\/www.mpppst.gob.ve\/mpppstweb\/wp-content\/uploads\/2016\/01\/desagravio-1.JPG-web.jpg\",\"articleSection\":[\"Ministerio\"],\"inLanguage\":\"es\"},{\"@type\":\"WebPage\",\"@id\":\"https:\/\/www.mpppst.gob.ve\/mpppstweb\/index.php\/2016\/01\/14\/ministro-vera-la-clase-obrera-tiene-la-moral-en-alto-y-esta-dispuesta-al-combate\/\",\"url\":\"https:\/\/www.mpppst.gob.ve\/mpppstweb\/index.php\/2016\/01\/14\/ministro-vera-la-clase-obrera-tiene-la-moral-en-alto-y-esta-dispuesta-al-combate\/\",\"name\":\"Ministro Vera: La clase obrera tiene la moral en alto y est\u00e1 dispuesta al combate - MPPPST\",\"isPartOf\":{\"@id\":\"https:\/\/www.mpppst.gob.ve\/mpppstweb\/#website\"},\"primaryImageOfPage\":{\"@id\":\"https:\/\/www.mpppst.gob.ve\/mpppstweb\/index.php\/2016\/01\/14\/ministro-vera-la-clase-obrera-tiene-la-moral-en-alto-y-esta-dispuesta-al-combate\/#primaryimage\"},\"image\":{\"@id\":\"https:\/\/www.mpppst.gob.ve\/mpppstweb\/index.php\/2016\/01\/14\/ministro-vera-la-clase-obrera-tiene-la-moral-en-alto-y-esta-dispuesta-al-combate\/#primaryimage\"},\"thumbnailUrl\":\"https:\/\/www.mpppst.gob.ve\/mpppstweb\/wp-content\/uploads\/2016\/01\/desagravio-1.JPG-web.jpg\",\"datePublished\":\"2016-01-14T08:57:17+00:00\",\"dateModified\":\"2016-07-01T18:04:22+00:00\",\"breadcrumb\":{\"@id\":\"https:\/\/www.mpppst.gob.ve\/mpppstweb\/index.php\/2016\/01\/14\/ministro-vera-la-clase-obrera-tiene-la-moral-en-alto-y-esta-dispuesta-al-combate\/#breadcrumb\"},\"inLanguage\":\"es\",\"potentialAction\":[{\"@type\":\"ReadAction\",\"target\":[\"https:\/\/www.mpppst.gob.ve\/mpppstweb\/index.php\/2016\/01\/14\/ministro-vera-la-clase-obrera-tiene-la-moral-en-alto-y-esta-dispuesta-al-combate\/\"]}]},{\"@type\":\"ImageObject\",\"inLanguage\":\"es\",\"@id\":\"https:\/\/www.mpppst.gob.ve\/mpppstweb\/index.php\/2016\/01\/14\/ministro-vera-la-clase-obrera-tiene-la-moral-en-alto-y-esta-dispuesta-al-combate\/#primaryimage\",\"url\":\"https:\/\/www.mpppst.gob.ve\/mpppstweb\/wp-content\/uploads\/2016\/01\/desagravio-1.JPG-web.jpg\",\"contentUrl\":\"https:\/\/www.mpppst.gob.ve\/mpppstweb\/wp-content\/uploads\/2016\/01\/desagravio-1.JPG-web.jpg\",\"width\":640,\"height\":428},{\"@type\":\"BreadcrumbList\",\"@id\":\"https:\/\/www.mpppst.gob.ve\/mpppstweb\/index.php\/2016\/01\/14\/ministro-vera-la-clase-obrera-tiene-la-moral-en-alto-y-esta-dispuesta-al-combate\/#breadcrumb\",\"itemListElement\":[{\"@type\":\"ListItem\",\"position\":1,\"name\":\"Home\",\"item\":\"https:\/\/www.mpppst.gob.ve\/mpppstweb\/\"},{\"@type\":\"ListItem\",\"position\":2,\"name\":\"Ministro Vera: La clase obrera tiene la moral en alto y est\u00e1 dispuesta al combate\"}]},{\"@type\":\"WebSite\",\"@id\":\"https:\/\/www.mpppst.gob.ve\/mpppstweb\/#website\",\"url\":\"https:\/\/www.mpppst.gob.ve\/mpppstweb\/\",\"name\":\"MPPPST\",\"description\":\"Ministerio del Poder Popular para el Proceso Social de Trabajo\",\"publisher\":{\"@id\":\"https:\/\/www.mpppst.gob.ve\/mpppstweb\/#organization\"},\"potentialAction\":[{\"@type\":\"SearchAction\",\"target\":{\"@type\":\"EntryPoint\",\"urlTemplate\":\"https:\/\/www.mpppst.gob.ve\/mpppstweb\/?s={search_term_string}\"},\"query-input\":\"required name=search_term_string\"}],\"inLanguage\":\"es\"},{\"@type\":\"Organization\",\"@id\":\"https:\/\/www.mpppst.gob.ve\/mpppstweb\/#organization\",\"name\":\"mpppst\",\"url\":\"https:\/\/www.mpppst.gob.ve\/mpppstweb\/\",\"logo\":{\"@type\":\"ImageObject\",\"inLanguage\":\"es\",\"@id\":\"https:\/\/www.mpppst.gob.ve\/mpppstweb\/#\/schema\/logo\/image\/\",\"url\":\"https:\/\/www.mpppst.gob.ve\/mpppstweb\/wp-content\/uploads\/2025\/07\/cropped-cropped-g910.png\",\"contentUrl\":\"https:\/\/www.mpppst.gob.ve\/mpppstweb\/wp-content\/uploads\/2025\/07\/cropped-cropped-g910.png\",\"width\":1080,\"height\":241,\"caption\":\"mpppst\"},\"image\":{\"@id\":\"https:\/\/www.mpppst.gob.ve\/mpppstweb\/#\/schema\/logo\/image\/\"}},{\"@type\":\"Person\",\"@id\":\"https:\/\/www.mpppst.gob.ve\/mpppstweb\/#\/schema\/person\/fc187ee8ead412bd4c9304b62f900ea4\",\"name\":\"MPPPST Prensa\",\"url\":\"https:\/\/www.mpppst.gob.ve\/mpppstweb\/index.php\/author\/prensa-mpppst\/\"}]}<\/script>\n<!-- \/ Yoast SEO plugin. -->","yoast_head_json":{"title":"Ministro Vera: La clase obrera tiene la moral en alto y est\u00e1 dispuesta al combate - MPPPST","robots":{"index":"index","follow":"follow","max-snippet":"max-snippet:-1","max-image-preview":"max-image-preview:large","max-video-preview":"max-video-preview:-1"},"canonical":"https:\/\/www.mpppst.gob.ve\/mpppstweb\/index.php\/2016\/01\/14\/ministro-vera-la-clase-obrera-tiene-la-moral-en-alto-y-esta-dispuesta-al-combate\/","og_locale":"es_ES","og_type":"article","og_title":"Ministro Vera: La clase obrera tiene la moral en alto y est\u00e1 dispuesta al combate - MPPPST","og_description":"Representantes de la CBST, junto a la clase obrera del pa\u00eds, se concentraron en la plaza Bol\u00edvar de Caracas para demostrar su rechazo a las acciones ofensivas por parte de la bancada opositora de la AN","og_url":"https:\/\/www.mpppst.gob.ve\/mpppstweb\/index.php\/2016\/01\/14\/ministro-vera-la-clase-obrera-tiene-la-moral-en-alto-y-esta-dispuesta-al-combate\/","og_site_name":"MPPPST","article_published_time":"2016-01-14T08:57:17+00:00","article_modified_time":"2016-07-01T18:04:22+00:00","og_image":[{"width":640,"height":428,"url":"https:\/\/www.mpppst.gob.ve\/mpppstweb\/wp-content\/uploads\/2016\/01\/desagravio-1.JPG-web.jpg","type":"image\/jpeg"}],"author":"MPPPST Prensa","twitter_card":"summary_large_image","twitter_misc":{"Escrito por":"MPPPST Prensa","Tiempo de lectura":"4 minutos"},"schema":{"@context":"https:\/\/schema.org","@graph":[{"@type":"Article","@id":"https:\/\/www.mpppst.gob.ve\/mpppstweb\/index.php\/2016\/01\/14\/ministro-vera-la-clase-obrera-tiene-la-moral-en-alto-y-esta-dispuesta-al-combate\/#article","isPartOf":{"@id":"https:\/\/www.mpppst.gob.ve\/mpppstweb\/index.php\/2016\/01\/14\/ministro-vera-la-clase-obrera-tiene-la-moral-en-alto-y-esta-dispuesta-al-combate\/"},"author":{"name":"MPPPST Prensa","@id":"https:\/\/www.mpppst.gob.ve\/mpppstweb\/#\/schema\/person\/fc187ee8ead412bd4c9304b62f900ea4"},"headline":"Ministro Vera: La clase obrera tiene la moral en alto y est\u00e1 dispuesta al combate","datePublished":"2016-01-14T08:57:17+00:00","dateModified":"2016-07-01T18:04:22+00:00","mainEntityOfPage":{"@id":"https:\/\/www.mpppst.gob.ve\/mpppstweb\/index.php\/2016\/01\/14\/ministro-vera-la-clase-obrera-tiene-la-moral-en-alto-y-esta-dispuesta-al-combate\/"},"wordCount":830,"publisher":{"@id":"https:\/\/www.mpppst.gob.ve\/mpppstweb\/#organization"},"image":{"@id":"https:\/\/www.mpppst.gob.ve\/mpppstweb\/index.php\/2016\/01\/14\/ministro-vera-la-clase-obrera-tiene-la-moral-en-alto-y-esta-dispuesta-al-combate\/#primaryimage"},"thumbnailUrl":"https:\/\/www.mpppst.gob.ve\/mpppstweb\/wp-content\/uploads\/2016\/01\/desagravio-1.JPG-web.jpg","articleSection":["Ministerio"],"inLanguage":"es"},{"@type":"WebPage","@id":"https:\/\/www.mpppst.gob.ve\/mpppstweb\/index.php\/2016\/01\/14\/ministro-vera-la-clase-obrera-tiene-la-moral-en-alto-y-esta-dispuesta-al-combate\/","url":"https:\/\/www.mpppst.gob.ve\/mpppstweb\/index.php\/2016\/01\/14\/ministro-vera-la-clase-obrera-tiene-la-moral-en-alto-y-esta-dispuesta-al-combate\/","name":"Ministro Vera: La clase obrera tiene la moral en alto y est\u00e1 dispuesta al combate - MPPPST","isPartOf":{"@id":"https:\/\/www.mpppst.gob.ve\/mpppstweb\/#website"},"primaryImageOfPage":{"@id":"https:\/\/www.mpppst.gob.ve\/mpppstweb\/index.php\/2016\/01\/14\/ministro-vera-la-clase-obrera-tiene-la-moral-en-alto-y-esta-dispuesta-al-combate\/#primaryimage"},"image":{"@id":"https:\/\/www.mpppst.gob.ve\/mpppstweb\/index.php\/2016\/01\/14\/ministro-vera-la-clase-obrera-tiene-la-moral-en-alto-y-esta-dispuesta-al-combate\/#primaryimage"},"thumbnailUrl":"https:\/\/www.mpppst.gob.ve\/mpppstweb\/wp-content\/uploads\/2016\/01\/desagravio-1.JPG-web.jpg","datePublished":"2016-01-14T08:57:17+00:00","dateModified":"2016-07-01T18:04:22+00:00","breadcrumb":{"@id":"https:\/\/www.mpppst.gob.ve\/mpppstweb\/index.php\/2016\/01\/14\/ministro-vera-la-clase-obrera-tiene-la-moral-en-alto-y-esta-dispuesta-al-combate\/#breadcrumb"},"inLanguage":"es","potentialAction":[{"@type":"ReadAction","target":["https:\/\/www.mpppst.gob.ve\/mpppstweb\/index.php\/2016\/01\/14\/ministro-vera-la-clase-obrera-tiene-la-moral-en-alto-y-esta-dispuesta-al-combate\/"]}]},{"@type":"ImageObject","inLanguage":"es","@id":"https:\/\/www.mpppst.gob.ve\/mpppstweb\/index.php\/2016\/01\/14\/ministro-vera-la-clase-obrera-tiene-la-moral-en-alto-y-esta-dispuesta-al-combate\/#primaryimage","url":"https:\/\/www.mpppst.gob.ve\/mpppstweb\/wp-content\/uploads\/2016\/01\/desagravio-1.JPG-web.jpg","contentUrl":"https:\/\/www.mpppst.gob.ve\/mpppstweb\/wp-content\/uploads\/2016\/01\/desagravio-1.JPG-web.jpg","width":640,"height":428},{"@type":"BreadcrumbList","@id":"https:\/\/www.mpppst.gob.ve\/mpppstweb\/index.php\/2016\/01\/14\/ministro-vera-la-clase-obrera-tiene-la-moral-en-alto-y-esta-dispuesta-al-combate\/#breadcrumb","itemListElement":[{"@type":"ListItem","position":1,"name":"Home","item":"https:\/\/www.mpppst.gob.ve\/mpppstweb\/"},{"@type":"ListItem","position":2,"name":"Ministro Vera: La clase obrera tiene la moral en alto y est\u00e1 dispuesta al combate"}]},{"@type":"WebSite","@id":"https:\/\/www.mpppst.gob.ve\/mpppstweb\/#website","url":"https:\/\/www.mpppst.gob.ve\/mpppstweb\/","name":"MPPPST","description":"Ministerio del Poder Popular para el Proceso Social de Trabajo","publisher":{"@id":"https:\/\/www.mpppst.gob.ve\/mpppstweb\/#organization"},"potentialAction":[{"@type":"SearchAction","target":{"@type":"EntryPoint","urlTemplate":"https:\/\/www.mpppst.gob.ve\/mpppstweb\/?s={search_term_string}"},"query-input":"required name=search_term_string"}],"inLanguage":"es"},{"@type":"Organization","@id":"https:\/\/www.mpppst.gob.ve\/mpppstweb\/#organization","name":"mpppst","url":"https:\/\/www.mpppst.gob.ve\/mpppstweb\/","logo":{"@type":"ImageObject","inLanguage":"es","@id":"https:\/\/www.mpppst.gob.ve\/mpppstweb\/#\/schema\/logo\/image\/","url":"https:\/\/www.mpppst.gob.ve\/mpppstweb\/wp-content\/uploads\/2025\/07\/cropped-cropped-g910.png","contentUrl":"https:\/\/www.mpppst.gob.ve\/mpppstweb\/wp-content\/uploads\/2025\/07\/cropped-cropped-g910.png","width":1080,"height":241,"caption":"mpppst"},"image":{"@id":"https:\/\/www.mpppst.gob.ve\/mpppstweb\/#\/schema\/logo\/image\/"}},{"@type":"Person","@id":"https:\/\/www.mpppst.gob.ve\/mpppstweb\/#\/schema\/person\/fc187ee8ead412bd4c9304b62f900ea4","name":"MPPPST Prensa","url":"https:\/\/www.mpppst.gob.ve\/mpppstweb\/index.php\/author\/prensa-mpppst\/"}]}},"_links":{"self":[{"href":"https:\/\/www.mpppst.gob.ve\/mpppstweb\/index.php\/wp-json\/wp\/v2\/posts\/4381"}],"collection":[{"href":"https:\/\/www.mpppst.gob.ve\/mpppstweb\/index.php\/wp-json\/wp\/v2\/posts"}],"about":[{"href":"https:\/\/www.mpppst.gob.ve\/mpppstweb\/index.php\/wp-json\/wp\/v2\/types\/post"}],"author":[{"embeddable":true,"href":"https:\/\/www.mpppst.gob.ve\/mpppstweb\/index.php\/wp-json\/wp\/v2\/users\/25"}],"replies":[{"embeddable":true,"href":"https:\/\/www.mpppst.gob.ve\/mpppstweb\/index.php\/wp-json\/wp\/v2\/comments?post=4381"}],"version-history":[{"count":1,"href":"https:\/\/www.mpppst.gob.ve\/mpppstweb\/index.php\/wp-json\/wp\/v2\/posts\/4381\/revisions"}],"predecessor-version":[{"id":6978,"href":"https:\/\/www.mpppst.gob.ve\/mpppstweb\/index.php\/wp-json\/wp\/v2\/posts\/4381\/revisions\/6978"}],"wp:featuredmedia":[{"embeddable":true,"href":"https:\/\/www.mpppst.gob.ve\/mpppstweb\/index.php\/wp-json\/wp\/v2\/media\/4382"}],"wp:attachment":[{"href":"https:\/\/www.mpppst.gob.ve\/mpppstweb\/index.php\/wp-json\/wp\/v2\/media?parent=4381"}],"wp:term":[{"taxonomy":"category","embeddable":true,"href":"https:\/\/www.mpppst.gob.ve\/mpppstweb\/index.php\/wp-json\/wp\/v2\/categories?post=4381"},{"taxonomy":"post_tag","embeddable":true,"href":"https:\/\/www.mpppst.gob.ve\/mpppstweb\/index.php\/wp-json\/wp\/v2\/tags?post=4381"}],"curies":[{"name":"wp","href":"https:\/\/api.w.org\/{rel}","templated":true}]}}