{"id":4386,"date":"2016-01-14T18:37:52","date_gmt":"2016-01-14T18:37:52","guid":{"rendered":"http:\/\/www.mpppst.gob.ve\/mpppstweb\/?p=4386"},"modified":"2016-07-01T18:04:40","modified_gmt":"2016-07-01T18:04:40","slug":"directores-estadales-plantearon-soluciones-conjuntas-para-el-ano-2016","status":"publish","type":"post","link":"https:\/\/www.mpppst.gob.ve\/mpppstweb\/index.php\/2016\/01\/14\/directores-estadales-plantearon-soluciones-conjuntas-para-el-ano-2016\/","title":{"rendered":"Directores Estadales plantearon soluciones conjuntas para el a\u00f1o 2016"},"content":{"rendered":"<p style=\"text-align: justify;\">Caracas 12 de enero (MPPPST) &#8211; El 12 de enero se realiz\u00f3 una reuni\u00f3n entre los directores estadales del Ministerio del Poder Popular para el Proceso Social de Trabajo y el ministro Oswaldo Vera, \u00a0donde se presentaron los avances obtenidos en cada estado, as\u00ed como las fortalezas y los problemas que debieron enfrentar en cada entidad.<\/p>\n<p style=\"text-align: justify;\">En la reuni\u00f3n los directores estadales expusieron sus planteamientos. El representante del estado Anzo\u00e1tegui, encabezado por el director \u00c1ngel Quijada, destac\u00f3 los logros alcanzados durante el a\u00f1o 2015 en esta entidad, donde se realizaron 22 juntas ministeriales y se logr\u00f3 una articulaci\u00f3n entre los entes adscritos al Ministerio del Poder Popular para el Proceso Social de Trabajo.<\/p>\n<p style=\"text-align: justify;\">El jefe estadal del Distrito Capital, Enzo Piscitelli, destac\u00f3 que en el a\u00f1o 2015 se realizaron reuniones ministeriales y estadales, todos los mi\u00e9rcoles, para informar el trabajo que se ven\u00eda llevando a cabo \u00a0semanalmente. Agreg\u00f3 que m\u00e1s de 90 mil personas fueron atendidas el a\u00f1o pasado. Asimismo, sugiri\u00f3 crear la Inspector\u00eda del Oeste. Uno de los obst\u00e1culos referidos por el director estatal fue las dificultades de acceso de las personas con discapacidad.<\/p>\n<p style=\"text-align: justify;\">Por su parte, Tulio Romano, director estadal del estado Gu\u00e1rico, plante\u00f3 como propuesta m\u00e1s organizaci\u00f3n en los estados llaneros para apoyar y desarrollar aspectos para la producci\u00f3n, y de esta forma lograr vencer la guerra econ\u00f3mica.<\/p>\n<p style=\"text-align: justify;\">El representante de Delta Amacuro, Julio Zapata, destac\u00f3 que a pesar de lo peque\u00f1o que es este estado, se logr\u00f3 la victoria de 3 diputados de \u00a0los 4 que estaban previstos. Propuso llevar a todos los espacios los beneficios de la LOTTT, al tiempo que precisaba que en la regi\u00f3n hay solo una Inspector\u00eda del Trabajo y que hacen vida\u00a0 dos Instituciones: INCES y el IVSS.<\/p>\n<p style=\"text-align: justify;\">La directora estatal del estado Falc\u00f3n puso de manifiesto los logros en materia de integraci\u00f3n c\u00edvico militar, en tanto han llevado a cabo reuniones con la Zona de Defensa Integral (ZODI) del referido estado. Manifest\u00f3 que existen dos Inspector\u00edas del Trabajo, una en Punto Fijo y otra en Coro, as\u00ed como una Subinspector\u00eda en Dabajuro.<\/p>\n<p style=\"text-align: justify;\">La mayor\u00eda de los directores de estados plantearon problemas con las infraestructuras en las inspector\u00edas, as\u00ed como falta de transporte para el traslado de los trabajadores. Para solucionar estas dificultades los directores plantearon crear resoluciones conjuntas con todos los entes adscritos al Ministerio del Poder Popular para el Proceso Social del Trabajo.<\/p>\n<p style=\"text-align: justify;\">Tales propuestas fueron registradas por el equipo de trabajo del Ministro Oswaldo Vera con el fin de solventar las disyuntivas presentadas en los 24 estados. El objetivo es lograr solucionarlas durante el a\u00f1o 2016.<\/p>\n<p>Redacci\u00f3n: Carlos Palacios<\/p>\n<p>Fotograf\u00eda: Maritza Higuera<\/p>\n","protected":false},"excerpt":{"rendered":"<p>En reuni\u00f3n de Ministro Vera con Directores estadales del MPPPST se presentaron los avances obtenidos en cada estado y los problemas que debieron enfrentar en cada entidad.<\/p>\n","protected":false},"author":25,"featured_media":4393,"comment_status":"closed","ping_status":"closed","sticky":false,"template":"","format":"standard","meta":{"footnotes":""},"categories":[83],"tags":[],"yoast_head":"<!-- This site is optimized with the Yoast SEO plugin v22.5 - https:\/\/yoast.com\/wordpress\/plugins\/seo\/ -->\n<title>Directores Estadales plantearon soluciones conjuntas para el a\u00f1o 2016 - MPPPST<\/title>\n<meta name=\"robots\" content=\"index, follow, max-snippet:-1, max-image-preview:large, max-video-preview:-1\" \/>\n<link rel=\"canonical\" href=\"https:\/\/www.mpppst.gob.ve\/mpppstweb\/index.php\/2016\/01\/14\/directores-estadales-plantearon-soluciones-conjuntas-para-el-ano-2016\/\" \/>\n<meta property=\"og:locale\" content=\"es_ES\" \/>\n<meta property=\"og:type\" content=\"article\" \/>\n<meta property=\"og:title\" content=\"Directores Estadales plantearon soluciones conjuntas para el a\u00f1o 2016 - MPPPST\" \/>\n<meta property=\"og:description\" content=\"En reuni\u00f3n de Ministro Vera con Directores estadales del MPPPST se presentaron los avances obtenidos en cada estado y los problemas que debieron enfrentar en cada entidad.\" \/>\n<meta property=\"og:url\" content=\"https:\/\/www.mpppst.gob.ve\/mpppstweb\/index.php\/2016\/01\/14\/directores-estadales-plantearon-soluciones-conjuntas-para-el-ano-2016\/\" \/>\n<meta property=\"og:site_name\" content=\"MPPPST\" \/>\n<meta property=\"article:published_time\" content=\"2016-01-14T18:37:52+00:00\" \/>\n<meta property=\"article:modified_time\" content=\"2016-07-01T18:04:40+00:00\" \/>\n<meta property=\"og:image\" content=\"https:\/\/www.mpppst.gob.ve\/mpppstweb\/wp-content\/uploads\/2016\/01\/Reuni\u00f3n-con-directores-estatales-2.jpg\" \/>\n\t<meta property=\"og:image:width\" content=\"448\" \/>\n\t<meta property=\"og:image:height\" content=\"299\" \/>\n\t<meta property=\"og:image:type\" content=\"image\/jpeg\" \/>\n<meta name=\"author\" content=\"MPPPST Prensa\" \/>\n<meta name=\"twitter:card\" content=\"summary_large_image\" \/>\n<meta name=\"twitter:label1\" content=\"Escrito por\" \/>\n\t<meta name=\"twitter:data1\" content=\"MPPPST Prensa\" \/>\n\t<meta name=\"twitter:label2\" content=\"Tiempo de lectura\" \/>\n\t<meta name=\"twitter:data2\" content=\"2 minutos\" \/>\n<script type=\"application\/ld+json\" class=\"yoast-schema-graph\">{\"@context\":\"https:\/\/schema.org\",\"@graph\":[{\"@type\":\"Article\",\"@id\":\"https:\/\/www.mpppst.gob.ve\/mpppstweb\/index.php\/2016\/01\/14\/directores-estadales-plantearon-soluciones-conjuntas-para-el-ano-2016\/#article\",\"isPartOf\":{\"@id\":\"https:\/\/www.mpppst.gob.ve\/mpppstweb\/index.php\/2016\/01\/14\/directores-estadales-plantearon-soluciones-conjuntas-para-el-ano-2016\/\"},\"author\":{\"name\":\"MPPPST Prensa\",\"@id\":\"https:\/\/www.mpppst.gob.ve\/mpppstweb\/#\/schema\/person\/fc187ee8ead412bd4c9304b62f900ea4\"},\"headline\":\"Directores Estadales plantearon soluciones conjuntas para el a\u00f1o 2016\",\"datePublished\":\"2016-01-14T18:37:52+00:00\",\"dateModified\":\"2016-07-01T18:04:40+00:00\",\"mainEntityOfPage\":{\"@id\":\"https:\/\/www.mpppst.gob.ve\/mpppstweb\/index.php\/2016\/01\/14\/directores-estadales-plantearon-soluciones-conjuntas-para-el-ano-2016\/\"},\"wordCount\":463,\"publisher\":{\"@id\":\"https:\/\/www.mpppst.gob.ve\/mpppstweb\/#organization\"},\"image\":{\"@id\":\"https:\/\/www.mpppst.gob.ve\/mpppstweb\/index.php\/2016\/01\/14\/directores-estadales-plantearon-soluciones-conjuntas-para-el-ano-2016\/#primaryimage\"},\"thumbnailUrl\":\"https:\/\/www.mpppst.gob.ve\/mpppstweb\/wp-content\/uploads\/2016\/01\/Reuni\u00f3n-con-directores-estatales-2.jpg\",\"articleSection\":[\"Ministerio\"],\"inLanguage\":\"es\"},{\"@type\":\"WebPage\",\"@id\":\"https:\/\/www.mpppst.gob.ve\/mpppstweb\/index.php\/2016\/01\/14\/directores-estadales-plantearon-soluciones-conjuntas-para-el-ano-2016\/\",\"url\":\"https:\/\/www.mpppst.gob.ve\/mpppstweb\/index.php\/2016\/01\/14\/directores-estadales-plantearon-soluciones-conjuntas-para-el-ano-2016\/\",\"name\":\"Directores Estadales plantearon soluciones conjuntas para el a\u00f1o 2016 - MPPPST\",\"isPartOf\":{\"@id\":\"https:\/\/www.mpppst.gob.ve\/mpppstweb\/#website\"},\"primaryImageOfPage\":{\"@id\":\"https:\/\/www.mpppst.gob.ve\/mpppstweb\/index.php\/2016\/01\/14\/directores-estadales-plantearon-soluciones-conjuntas-para-el-ano-2016\/#primaryimage\"},\"image\":{\"@id\":\"https:\/\/www.mpppst.gob.ve\/mpppstweb\/index.php\/2016\/01\/14\/directores-estadales-plantearon-soluciones-conjuntas-para-el-ano-2016\/#primaryimage\"},\"thumbnailUrl\":\"https:\/\/www.mpppst.gob.ve\/mpppstweb\/wp-content\/uploads\/2016\/01\/Reuni\u00f3n-con-directores-estatales-2.jpg\",\"datePublished\":\"2016-01-14T18:37:52+00:00\",\"dateModified\":\"2016-07-01T18:04:40+00:00\",\"breadcrumb\":{\"@id\":\"https:\/\/www.mpppst.gob.ve\/mpppstweb\/index.php\/2016\/01\/14\/directores-estadales-plantearon-soluciones-conjuntas-para-el-ano-2016\/#breadcrumb\"},\"inLanguage\":\"es\",\"potentialAction\":[{\"@type\":\"ReadAction\",\"target\":[\"https:\/\/www.mpppst.gob.ve\/mpppstweb\/index.php\/2016\/01\/14\/directores-estadales-plantearon-soluciones-conjuntas-para-el-ano-2016\/\"]}]},{\"@type\":\"ImageObject\",\"inLanguage\":\"es\",\"@id\":\"https:\/\/www.mpppst.gob.ve\/mpppstweb\/index.php\/2016\/01\/14\/directores-estadales-plantearon-soluciones-conjuntas-para-el-ano-2016\/#primaryimage\",\"url\":\"https:\/\/www.mpppst.gob.ve\/mpppstweb\/wp-content\/uploads\/2016\/01\/Reuni\u00f3n-con-directores-estatales-2.jpg\",\"contentUrl\":\"https:\/\/www.mpppst.gob.ve\/mpppstweb\/wp-content\/uploads\/2016\/01\/Reuni\u00f3n-con-directores-estatales-2.jpg\",\"width\":448,\"height\":299},{\"@type\":\"BreadcrumbList\",\"@id\":\"https:\/\/www.mpppst.gob.ve\/mpppstweb\/index.php\/2016\/01\/14\/directores-estadales-plantearon-soluciones-conjuntas-para-el-ano-2016\/#breadcrumb\",\"itemListElement\":[{\"@type\":\"ListItem\",\"position\":1,\"name\":\"Home\",\"item\":\"https:\/\/www.mpppst.gob.ve\/mpppstweb\/\"},{\"@type\":\"ListItem\",\"position\":2,\"name\":\"Directores Estadales plantearon soluciones conjuntas para el a\u00f1o 2016\"}]},{\"@type\":\"WebSite\",\"@id\":\"https:\/\/www.mpppst.gob.ve\/mpppstweb\/#website\",\"url\":\"https:\/\/www.mpppst.gob.ve\/mpppstweb\/\",\"name\":\"MPPPST\",\"description\":\"Ministerio del Poder Popular para el Proceso Social de Trabajo\",\"publisher\":{\"@id\":\"https:\/\/www.mpppst.gob.ve\/mpppstweb\/#organization\"},\"potentialAction\":[{\"@type\":\"SearchAction\",\"target\":{\"@type\":\"EntryPoint\",\"urlTemplate\":\"https:\/\/www.mpppst.gob.ve\/mpppstweb\/?s={search_term_string}\"},\"query-input\":\"required name=search_term_string\"}],\"inLanguage\":\"es\"},{\"@type\":\"Organization\",\"@id\":\"https:\/\/www.mpppst.gob.ve\/mpppstweb\/#organization\",\"name\":\"mpppst\",\"url\":\"https:\/\/www.mpppst.gob.ve\/mpppstweb\/\",\"logo\":{\"@type\":\"ImageObject\",\"inLanguage\":\"es\",\"@id\":\"https:\/\/www.mpppst.gob.ve\/mpppstweb\/#\/schema\/logo\/image\/\",\"url\":\"https:\/\/www.mpppst.gob.ve\/mpppstweb\/wp-content\/uploads\/2025\/07\/cropped-cropped-g910.png\",\"contentUrl\":\"https:\/\/www.mpppst.gob.ve\/mpppstweb\/wp-content\/uploads\/2025\/07\/cropped-cropped-g910.png\",\"width\":1080,\"height\":241,\"caption\":\"mpppst\"},\"image\":{\"@id\":\"https:\/\/www.mpppst.gob.ve\/mpppstweb\/#\/schema\/logo\/image\/\"}},{\"@type\":\"Person\",\"@id\":\"https:\/\/www.mpppst.gob.ve\/mpppstweb\/#\/schema\/person\/fc187ee8ead412bd4c9304b62f900ea4\",\"name\":\"MPPPST Prensa\",\"url\":\"https:\/\/www.mpppst.gob.ve\/mpppstweb\/index.php\/author\/prensa-mpppst\/\"}]}<\/script>\n<!-- \/ Yoast SEO plugin. -->","yoast_head_json":{"title":"Directores Estadales plantearon soluciones conjuntas para el a\u00f1o 2016 - MPPPST","robots":{"index":"index","follow":"follow","max-snippet":"max-snippet:-1","max-image-preview":"max-image-preview:large","max-video-preview":"max-video-preview:-1"},"canonical":"https:\/\/www.mpppst.gob.ve\/mpppstweb\/index.php\/2016\/01\/14\/directores-estadales-plantearon-soluciones-conjuntas-para-el-ano-2016\/","og_locale":"es_ES","og_type":"article","og_title":"Directores Estadales plantearon soluciones conjuntas para el a\u00f1o 2016 - MPPPST","og_description":"En reuni\u00f3n de Ministro Vera con Directores estadales del MPPPST se presentaron los avances obtenidos en cada estado y los problemas que debieron enfrentar en cada entidad.","og_url":"https:\/\/www.mpppst.gob.ve\/mpppstweb\/index.php\/2016\/01\/14\/directores-estadales-plantearon-soluciones-conjuntas-para-el-ano-2016\/","og_site_name":"MPPPST","article_published_time":"2016-01-14T18:37:52+00:00","article_modified_time":"2016-07-01T18:04:40+00:00","og_image":[{"width":448,"height":299,"url":"https:\/\/www.mpppst.gob.ve\/mpppstweb\/wp-content\/uploads\/2016\/01\/Reuni\u00f3n-con-directores-estatales-2.jpg","type":"image\/jpeg"}],"author":"MPPPST Prensa","twitter_card":"summary_large_image","twitter_misc":{"Escrito por":"MPPPST Prensa","Tiempo de lectura":"2 minutos"},"schema":{"@context":"https:\/\/schema.org","@graph":[{"@type":"Article","@id":"https:\/\/www.mpppst.gob.ve\/mpppstweb\/index.php\/2016\/01\/14\/directores-estadales-plantearon-soluciones-conjuntas-para-el-ano-2016\/#article","isPartOf":{"@id":"https:\/\/www.mpppst.gob.ve\/mpppstweb\/index.php\/2016\/01\/14\/directores-estadales-plantearon-soluciones-conjuntas-para-el-ano-2016\/"},"author":{"name":"MPPPST Prensa","@id":"https:\/\/www.mpppst.gob.ve\/mpppstweb\/#\/schema\/person\/fc187ee8ead412bd4c9304b62f900ea4"},"headline":"Directores Estadales plantearon soluciones conjuntas para el a\u00f1o 2016","datePublished":"2016-01-14T18:37:52+00:00","dateModified":"2016-07-01T18:04:40+00:00","mainEntityOfPage":{"@id":"https:\/\/www.mpppst.gob.ve\/mpppstweb\/index.php\/2016\/01\/14\/directores-estadales-plantearon-soluciones-conjuntas-para-el-ano-2016\/"},"wordCount":463,"publisher":{"@id":"https:\/\/www.mpppst.gob.ve\/mpppstweb\/#organization"},"image":{"@id":"https:\/\/www.mpppst.gob.ve\/mpppstweb\/index.php\/2016\/01\/14\/directores-estadales-plantearon-soluciones-conjuntas-para-el-ano-2016\/#primaryimage"},"thumbnailUrl":"https:\/\/www.mpppst.gob.ve\/mpppstweb\/wp-content\/uploads\/2016\/01\/Reuni\u00f3n-con-directores-estatales-2.jpg","articleSection":["Ministerio"],"inLanguage":"es"},{"@type":"WebPage","@id":"https:\/\/www.mpppst.gob.ve\/mpppstweb\/index.php\/2016\/01\/14\/directores-estadales-plantearon-soluciones-conjuntas-para-el-ano-2016\/","url":"https:\/\/www.mpppst.gob.ve\/mpppstweb\/index.php\/2016\/01\/14\/directores-estadales-plantearon-soluciones-conjuntas-para-el-ano-2016\/","name":"Directores Estadales plantearon soluciones conjuntas para el a\u00f1o 2016 - MPPPST","isPartOf":{"@id":"https:\/\/www.mpppst.gob.ve\/mpppstweb\/#website"},"primaryImageOfPage":{"@id":"https:\/\/www.mpppst.gob.ve\/mpppstweb\/index.php\/2016\/01\/14\/directores-estadales-plantearon-soluciones-conjuntas-para-el-ano-2016\/#primaryimage"},"image":{"@id":"https:\/\/www.mpppst.gob.ve\/mpppstweb\/index.php\/2016\/01\/14\/directores-estadales-plantearon-soluciones-conjuntas-para-el-ano-2016\/#primaryimage"},"thumbnailUrl":"https:\/\/www.mpppst.gob.ve\/mpppstweb\/wp-content\/uploads\/2016\/01\/Reuni\u00f3n-con-directores-estatales-2.jpg","datePublished":"2016-01-14T18:37:52+00:00","dateModified":"2016-07-01T18:04:40+00:00","breadcrumb":{"@id":"https:\/\/www.mpppst.gob.ve\/mpppstweb\/index.php\/2016\/01\/14\/directores-estadales-plantearon-soluciones-conjuntas-para-el-ano-2016\/#breadcrumb"},"inLanguage":"es","potentialAction":[{"@type":"ReadAction","target":["https:\/\/www.mpppst.gob.ve\/mpppstweb\/index.php\/2016\/01\/14\/directores-estadales-plantearon-soluciones-conjuntas-para-el-ano-2016\/"]}]},{"@type":"ImageObject","inLanguage":"es","@id":"https:\/\/www.mpppst.gob.ve\/mpppstweb\/index.php\/2016\/01\/14\/directores-estadales-plantearon-soluciones-conjuntas-para-el-ano-2016\/#primaryimage","url":"https:\/\/www.mpppst.gob.ve\/mpppstweb\/wp-content\/uploads\/2016\/01\/Reuni\u00f3n-con-directores-estatales-2.jpg","contentUrl":"https:\/\/www.mpppst.gob.ve\/mpppstweb\/wp-content\/uploads\/2016\/01\/Reuni\u00f3n-con-directores-estatales-2.jpg","width":448,"height":299},{"@type":"BreadcrumbList","@id":"https:\/\/www.mpppst.gob.ve\/mpppstweb\/index.php\/2016\/01\/14\/directores-estadales-plantearon-soluciones-conjuntas-para-el-ano-2016\/#breadcrumb","itemListElement":[{"@type":"ListItem","position":1,"name":"Home","item":"https:\/\/www.mpppst.gob.ve\/mpppstweb\/"},{"@type":"ListItem","position":2,"name":"Directores Estadales plantearon soluciones conjuntas para el a\u00f1o 2016"}]},{"@type":"WebSite","@id":"https:\/\/www.mpppst.gob.ve\/mpppstweb\/#website","url":"https:\/\/www.mpppst.gob.ve\/mpppstweb\/","name":"MPPPST","description":"Ministerio del Poder Popular para el Proceso Social de Trabajo","publisher":{"@id":"https:\/\/www.mpppst.gob.ve\/mpppstweb\/#organization"},"potentialAction":[{"@type":"SearchAction","target":{"@type":"EntryPoint","urlTemplate":"https:\/\/www.mpppst.gob.ve\/mpppstweb\/?s={search_term_string}"},"query-input":"required name=search_term_string"}],"inLanguage":"es"},{"@type":"Organization","@id":"https:\/\/www.mpppst.gob.ve\/mpppstweb\/#organization","name":"mpppst","url":"https:\/\/www.mpppst.gob.ve\/mpppstweb\/","logo":{"@type":"ImageObject","inLanguage":"es","@id":"https:\/\/www.mpppst.gob.ve\/mpppstweb\/#\/schema\/logo\/image\/","url":"https:\/\/www.mpppst.gob.ve\/mpppstweb\/wp-content\/uploads\/2025\/07\/cropped-cropped-g910.png","contentUrl":"https:\/\/www.mpppst.gob.ve\/mpppstweb\/wp-content\/uploads\/2025\/07\/cropped-cropped-g910.png","width":1080,"height":241,"caption":"mpppst"},"image":{"@id":"https:\/\/www.mpppst.gob.ve\/mpppstweb\/#\/schema\/logo\/image\/"}},{"@type":"Person","@id":"https:\/\/www.mpppst.gob.ve\/mpppstweb\/#\/schema\/person\/fc187ee8ead412bd4c9304b62f900ea4","name":"MPPPST Prensa","url":"https:\/\/www.mpppst.gob.ve\/mpppstweb\/index.php\/author\/prensa-mpppst\/"}]}},"_links":{"self":[{"href":"https:\/\/www.mpppst.gob.ve\/mpppstweb\/index.php\/wp-json\/wp\/v2\/posts\/4386"}],"collection":[{"href":"https:\/\/www.mpppst.gob.ve\/mpppstweb\/index.php\/wp-json\/wp\/v2\/posts"}],"about":[{"href":"https:\/\/www.mpppst.gob.ve\/mpppstweb\/index.php\/wp-json\/wp\/v2\/types\/post"}],"author":[{"embeddable":true,"href":"https:\/\/www.mpppst.gob.ve\/mpppstweb\/index.php\/wp-json\/wp\/v2\/users\/25"}],"replies":[{"embeddable":true,"href":"https:\/\/www.mpppst.gob.ve\/mpppstweb\/index.php\/wp-json\/wp\/v2\/comments?post=4386"}],"version-history":[{"count":1,"href":"https:\/\/www.mpppst.gob.ve\/mpppstweb\/index.php\/wp-json\/wp\/v2\/posts\/4386\/revisions"}],"predecessor-version":[{"id":6979,"href":"https:\/\/www.mpppst.gob.ve\/mpppstweb\/index.php\/wp-json\/wp\/v2\/posts\/4386\/revisions\/6979"}],"wp:featuredmedia":[{"embeddable":true,"href":"https:\/\/www.mpppst.gob.ve\/mpppstweb\/index.php\/wp-json\/wp\/v2\/media\/4393"}],"wp:attachment":[{"href":"https:\/\/www.mpppst.gob.ve\/mpppstweb\/index.php\/wp-json\/wp\/v2\/media?parent=4386"}],"wp:term":[{"taxonomy":"category","embeddable":true,"href":"https:\/\/www.mpppst.gob.ve\/mpppstweb\/index.php\/wp-json\/wp\/v2\/categories?post=4386"},{"taxonomy":"post_tag","embeddable":true,"href":"https:\/\/www.mpppst.gob.ve\/mpppstweb\/index.php\/wp-json\/wp\/v2\/tags?post=4386"}],"curies":[{"name":"wp","href":"https:\/\/api.w.org\/{rel}","templated":true}]}}