{"id":4390,"date":"2016-01-14T18:48:49","date_gmt":"2016-01-14T18:48:49","guid":{"rendered":"http:\/\/www.mpppst.gob.ve\/mpppstweb\/?p=4390"},"modified":"2016-07-01T18:04:57","modified_gmt":"2016-07-01T18:04:57","slug":"clase-obrera-repudia-contundentemente-irrespeto-a-los-proceres-de-la-patria","status":"publish","type":"post","link":"https:\/\/www.mpppst.gob.ve\/mpppstweb\/index.php\/2016\/01\/14\/clase-obrera-repudia-contundentemente-irrespeto-a-los-proceres-de-la-patria\/","title":{"rendered":"Clase obrera repudia contundentemente irrespeto a los pr\u00f3ceres de la Patria"},"content":{"rendered":"<p style=\"text-align: justify;\">Caracas, 14 de enero (MPPPST).- En un gran acto organizado por la Central Bolivariana Socialista de Trabajadores (CBST), en la plaza Bol\u00edvar de Caracas, la clase obrera se pronunci\u00f3 contundentemente contra la derecha venezolana que se encuentra en la Asamblea Nacional y que ha irrespetado la imagen del Libertador Sim\u00f3n Bol\u00edvar y del Comandante Supremo, Hugo Ch\u00e1vez Fr\u00edas.<\/p>\n<p style=\"text-align: justify;\">Durante la actividad varios dirigentes sindicales de la CBST tomaron la palabra para decirle al presidente Obrero, Nicol\u00e1s Maduro, que la clase obrera seguir\u00e1 luchando por la Revoluci\u00f3n Bolivariana y brindar\u00e1 al Gobierno Revolucionario todo el apoyo necesario en estos momentos que requiere la Patria.<\/p>\n<p style=\"text-align: justify;\"><strong>Franklin Rond\u00f3n<\/strong>, presidente de Federaci\u00f3n Nacional de Trabajadores del Sector P\u00fablico (FENTRASEP) y vicepresidente de la CBST, durante su intervenci\u00f3n resalt\u00f3 que con este acto se est\u00e1 dando una demostraci\u00f3n de la disposici\u00f3n f\u00e9rrea de defender la Constituci\u00f3n de la Rep\u00fablica Bolivariana de Venezuela, la democracia y la Patria. \u201cNosotros estamos llamados a defender nuestra Revoluci\u00f3n, porque este es un Gobierno que durante los 17 a\u00f1os ha estado de lado de la clase obrera venezolana. No estamos dispuestos a que nos arrebaten ni los espacios, ni los beneficios que hemos obtenido durante todos estos a\u00f1os\u201d.<\/p>\n<p style=\"text-align: justify;\">Por el sector salud, el presidente de Fenasirtrasalud, <strong>Octavio Sol\u00f3rzano<\/strong> destac\u00f3 que si la bancada opositora de la AN no legisla para el pueblo, legislar\u00e1n los trabajadores, porque los trabajadores s\u00ed saben legislar para el pueblo. \u201cNo aceptamos m\u00e1s atropellos de la derecha venezolana\u201d.<\/p>\n<p style=\"text-align: justify;\">\u201cNosotros estamos en rebeli\u00f3n, atendiendo el llamado de nuestro Presidente Nicol\u00e1s Maduro de ponernos al frente de esta lucha, de esta nueva batalla que se avecina en Venezuela. Estamos desplegados como clase obrera en todo el territorio nacional por la aberraci\u00f3n que cometi\u00f3 la derecha en la AN contra nuestros s\u00edmbolos patrios. Somos millones de trabajadores que vamos a defender la Revoluci\u00f3n con nuestra vida\u201d, enfatiz\u00f3 Marco Tulio D\u00edaz, presidente de la Federaci\u00f3n Unitaria Nacional de Trabajadores Bolivarianos de la Construcci\u00f3n (FUNTBCAC) y tambi\u00e9n vicepresidente de la CBST.<\/p>\n<p style=\"text-align: justify;\">Por su parte, <strong>Orlando P\u00e9rez<\/strong> presidente de Sinafum inform\u00f3 que recorrer\u00e1n todo el pa\u00eds para hacer asambleas con los trabajadores y trabajadoras, porque es la clase obrera la que puede elevar la producci\u00f3n. \u201cDebemos estar alerta, movilizarnos y asumir el reto de enfrentar cualquier de golpe de Estado que planee la derecha. A partir de hoy estamos en movilizaci\u00f3n y asamblea permanente en todo el pa\u00eds\u201d, acot\u00f3.<\/p>\n<p style=\"text-align: justify;\">En este gran acto con la clase obrera tambi\u00e9n estuvo presente <strong>Wills Rangel<\/strong>, presidente de la Central Bolivariana Socialista de Trabajadores (CBST), quien expres\u00f3 durante su intervenci\u00f3n que la clase obrera debe estar en movilizaci\u00f3n permanente, adem\u00e1s de garantizar la industrializaci\u00f3n y estar al frente del nuevo modelo econ\u00f3mico que est\u00e1 impulsando la Revoluci\u00f3n, a trav\u00e9s del l\u00edder obrero Nicol\u00e1s Maduro. Afirm\u00f3 que los trabajadores y trabajadores deben entender que es a trav\u00e9s de la Revoluci\u00f3n como pueden tener el poder de dirigir la producci\u00f3n y garantizar la justa distribuci\u00f3n de la riqueza.<\/p>\n<p style=\"text-align: justify;\">Finalmente, <strong>Eglee S\u00e1nchez<\/strong> vicepresidenta de la CBST destac\u00f3 que los ap\u00e1tridas que est\u00e1n en la AN, en vez de sentarse con el Gobierno a buscar una soluci\u00f3n al problema econ\u00f3mico, lo que est\u00e1n haciendo es sabotear y amenazar al Estado. \u201cNosotros no estamos dispuestos a dejar nuestro Gobierno y a nuestro Presidente\u201d. Y finaliz\u00f3 se\u00f1alando lo siguiente: \u201cNosotros que estamos aqu\u00ed en la defensa de nuestro pueblo, le decimos hoy al presidente Maduro que no te vamos a dejar solo, vamos a estar a tu lado, en defensa de la Revoluci\u00f3n Bolivariana\u201d.<\/p>\n<p style=\"text-align: justify;\">Redacci\u00f3n: Miliseth Ysea<\/p>\n<p style=\"text-align: justify;\">Fotograf\u00eda: F\u00e9lix Ordaz<\/p>\n","protected":false},"excerpt":{"rendered":"<p>En un gran acto organizado CBST la clase obrera se pronunci\u00f3 contra la derecha venezolana que se encuentra en la Asamblea Nacional <\/p>\n","protected":false},"author":25,"featured_media":4395,"comment_status":"closed","ping_status":"closed","sticky":false,"template":"","format":"standard","meta":{"footnotes":""},"categories":[83],"tags":[],"yoast_head":"<!-- This site is optimized with the Yoast SEO plugin v22.5 - https:\/\/yoast.com\/wordpress\/plugins\/seo\/ -->\n<title>Clase obrera repudia contundentemente irrespeto a los pr\u00f3ceres de la Patria - MPPPST<\/title>\n<meta name=\"robots\" content=\"index, follow, max-snippet:-1, max-image-preview:large, max-video-preview:-1\" \/>\n<link rel=\"canonical\" href=\"https:\/\/www.mpppst.gob.ve\/mpppstweb\/index.php\/2016\/01\/14\/clase-obrera-repudia-contundentemente-irrespeto-a-los-proceres-de-la-patria\/\" \/>\n<meta property=\"og:locale\" content=\"es_ES\" \/>\n<meta property=\"og:type\" content=\"article\" \/>\n<meta property=\"og:title\" content=\"Clase obrera repudia contundentemente irrespeto a los pr\u00f3ceres de la Patria - MPPPST\" \/>\n<meta property=\"og:description\" content=\"En un gran acto organizado CBST la clase obrera se pronunci\u00f3 contra la derecha venezolana que se encuentra en la Asamblea Nacional\" \/>\n<meta property=\"og:url\" content=\"https:\/\/www.mpppst.gob.ve\/mpppstweb\/index.php\/2016\/01\/14\/clase-obrera-repudia-contundentemente-irrespeto-a-los-proceres-de-la-patria\/\" \/>\n<meta property=\"og:site_name\" content=\"MPPPST\" \/>\n<meta property=\"article:published_time\" content=\"2016-01-14T18:48:49+00:00\" \/>\n<meta property=\"article:modified_time\" content=\"2016-07-01T18:04:57+00:00\" \/>\n<meta property=\"og:image\" content=\"https:\/\/www.mpppst.gob.ve\/mpppstweb\/wp-content\/uploads\/2016\/01\/Acto-desagravio-de-la-clase-obrera.jpg\" \/>\n\t<meta property=\"og:image:width\" content=\"448\" \/>\n\t<meta property=\"og:image:height\" content=\"300\" \/>\n\t<meta property=\"og:image:type\" content=\"image\/jpeg\" \/>\n<meta name=\"author\" content=\"MPPPST Prensa\" \/>\n<meta name=\"twitter:card\" content=\"summary_large_image\" \/>\n<meta name=\"twitter:label1\" content=\"Escrito por\" \/>\n\t<meta name=\"twitter:data1\" content=\"MPPPST Prensa\" \/>\n\t<meta name=\"twitter:label2\" content=\"Tiempo de lectura\" \/>\n\t<meta name=\"twitter:data2\" content=\"3 minutos\" \/>\n<script type=\"application\/ld+json\" class=\"yoast-schema-graph\">{\"@context\":\"https:\/\/schema.org\",\"@graph\":[{\"@type\":\"Article\",\"@id\":\"https:\/\/www.mpppst.gob.ve\/mpppstweb\/index.php\/2016\/01\/14\/clase-obrera-repudia-contundentemente-irrespeto-a-los-proceres-de-la-patria\/#article\",\"isPartOf\":{\"@id\":\"https:\/\/www.mpppst.gob.ve\/mpppstweb\/index.php\/2016\/01\/14\/clase-obrera-repudia-contundentemente-irrespeto-a-los-proceres-de-la-patria\/\"},\"author\":{\"name\":\"MPPPST Prensa\",\"@id\":\"https:\/\/www.mpppst.gob.ve\/mpppstweb\/#\/schema\/person\/fc187ee8ead412bd4c9304b62f900ea4\"},\"headline\":\"Clase obrera repudia contundentemente irrespeto a los pr\u00f3ceres de la Patria\",\"datePublished\":\"2016-01-14T18:48:49+00:00\",\"dateModified\":\"2016-07-01T18:04:57+00:00\",\"mainEntityOfPage\":{\"@id\":\"https:\/\/www.mpppst.gob.ve\/mpppstweb\/index.php\/2016\/01\/14\/clase-obrera-repudia-contundentemente-irrespeto-a-los-proceres-de-la-patria\/\"},\"wordCount\":661,\"publisher\":{\"@id\":\"https:\/\/www.mpppst.gob.ve\/mpppstweb\/#organization\"},\"image\":{\"@id\":\"https:\/\/www.mpppst.gob.ve\/mpppstweb\/index.php\/2016\/01\/14\/clase-obrera-repudia-contundentemente-irrespeto-a-los-proceres-de-la-patria\/#primaryimage\"},\"thumbnailUrl\":\"https:\/\/www.mpppst.gob.ve\/mpppstweb\/wp-content\/uploads\/2016\/01\/Acto-desagravio-de-la-clase-obrera.jpg\",\"articleSection\":[\"Ministerio\"],\"inLanguage\":\"es\"},{\"@type\":\"WebPage\",\"@id\":\"https:\/\/www.mpppst.gob.ve\/mpppstweb\/index.php\/2016\/01\/14\/clase-obrera-repudia-contundentemente-irrespeto-a-los-proceres-de-la-patria\/\",\"url\":\"https:\/\/www.mpppst.gob.ve\/mpppstweb\/index.php\/2016\/01\/14\/clase-obrera-repudia-contundentemente-irrespeto-a-los-proceres-de-la-patria\/\",\"name\":\"Clase obrera repudia contundentemente irrespeto a los pr\u00f3ceres de la Patria - MPPPST\",\"isPartOf\":{\"@id\":\"https:\/\/www.mpppst.gob.ve\/mpppstweb\/#website\"},\"primaryImageOfPage\":{\"@id\":\"https:\/\/www.mpppst.gob.ve\/mpppstweb\/index.php\/2016\/01\/14\/clase-obrera-repudia-contundentemente-irrespeto-a-los-proceres-de-la-patria\/#primaryimage\"},\"image\":{\"@id\":\"https:\/\/www.mpppst.gob.ve\/mpppstweb\/index.php\/2016\/01\/14\/clase-obrera-repudia-contundentemente-irrespeto-a-los-proceres-de-la-patria\/#primaryimage\"},\"thumbnailUrl\":\"https:\/\/www.mpppst.gob.ve\/mpppstweb\/wp-content\/uploads\/2016\/01\/Acto-desagravio-de-la-clase-obrera.jpg\",\"datePublished\":\"2016-01-14T18:48:49+00:00\",\"dateModified\":\"2016-07-01T18:04:57+00:00\",\"breadcrumb\":{\"@id\":\"https:\/\/www.mpppst.gob.ve\/mpppstweb\/index.php\/2016\/01\/14\/clase-obrera-repudia-contundentemente-irrespeto-a-los-proceres-de-la-patria\/#breadcrumb\"},\"inLanguage\":\"es\",\"potentialAction\":[{\"@type\":\"ReadAction\",\"target\":[\"https:\/\/www.mpppst.gob.ve\/mpppstweb\/index.php\/2016\/01\/14\/clase-obrera-repudia-contundentemente-irrespeto-a-los-proceres-de-la-patria\/\"]}]},{\"@type\":\"ImageObject\",\"inLanguage\":\"es\",\"@id\":\"https:\/\/www.mpppst.gob.ve\/mpppstweb\/index.php\/2016\/01\/14\/clase-obrera-repudia-contundentemente-irrespeto-a-los-proceres-de-la-patria\/#primaryimage\",\"url\":\"https:\/\/www.mpppst.gob.ve\/mpppstweb\/wp-content\/uploads\/2016\/01\/Acto-desagravio-de-la-clase-obrera.jpg\",\"contentUrl\":\"https:\/\/www.mpppst.gob.ve\/mpppstweb\/wp-content\/uploads\/2016\/01\/Acto-desagravio-de-la-clase-obrera.jpg\",\"width\":448,\"height\":300},{\"@type\":\"BreadcrumbList\",\"@id\":\"https:\/\/www.mpppst.gob.ve\/mpppstweb\/index.php\/2016\/01\/14\/clase-obrera-repudia-contundentemente-irrespeto-a-los-proceres-de-la-patria\/#breadcrumb\",\"itemListElement\":[{\"@type\":\"ListItem\",\"position\":1,\"name\":\"Home\",\"item\":\"https:\/\/www.mpppst.gob.ve\/mpppstweb\/\"},{\"@type\":\"ListItem\",\"position\":2,\"name\":\"Clase obrera repudia contundentemente irrespeto a los pr\u00f3ceres de la Patria\"}]},{\"@type\":\"WebSite\",\"@id\":\"https:\/\/www.mpppst.gob.ve\/mpppstweb\/#website\",\"url\":\"https:\/\/www.mpppst.gob.ve\/mpppstweb\/\",\"name\":\"MPPPST\",\"description\":\"Ministerio del Poder Popular para el Proceso Social de Trabajo\",\"publisher\":{\"@id\":\"https:\/\/www.mpppst.gob.ve\/mpppstweb\/#organization\"},\"potentialAction\":[{\"@type\":\"SearchAction\",\"target\":{\"@type\":\"EntryPoint\",\"urlTemplate\":\"https:\/\/www.mpppst.gob.ve\/mpppstweb\/?s={search_term_string}\"},\"query-input\":\"required name=search_term_string\"}],\"inLanguage\":\"es\"},{\"@type\":\"Organization\",\"@id\":\"https:\/\/www.mpppst.gob.ve\/mpppstweb\/#organization\",\"name\":\"mpppst\",\"url\":\"https:\/\/www.mpppst.gob.ve\/mpppstweb\/\",\"logo\":{\"@type\":\"ImageObject\",\"inLanguage\":\"es\",\"@id\":\"https:\/\/www.mpppst.gob.ve\/mpppstweb\/#\/schema\/logo\/image\/\",\"url\":\"https:\/\/www.mpppst.gob.ve\/mpppstweb\/wp-content\/uploads\/2025\/07\/cropped-cropped-g910.png\",\"contentUrl\":\"https:\/\/www.mpppst.gob.ve\/mpppstweb\/wp-content\/uploads\/2025\/07\/cropped-cropped-g910.png\",\"width\":1080,\"height\":241,\"caption\":\"mpppst\"},\"image\":{\"@id\":\"https:\/\/www.mpppst.gob.ve\/mpppstweb\/#\/schema\/logo\/image\/\"}},{\"@type\":\"Person\",\"@id\":\"https:\/\/www.mpppst.gob.ve\/mpppstweb\/#\/schema\/person\/fc187ee8ead412bd4c9304b62f900ea4\",\"name\":\"MPPPST Prensa\",\"url\":\"https:\/\/www.mpppst.gob.ve\/mpppstweb\/index.php\/author\/prensa-mpppst\/\"}]}<\/script>\n<!-- \/ Yoast SEO plugin. -->","yoast_head_json":{"title":"Clase obrera repudia contundentemente irrespeto a los pr\u00f3ceres de la Patria - MPPPST","robots":{"index":"index","follow":"follow","max-snippet":"max-snippet:-1","max-image-preview":"max-image-preview:large","max-video-preview":"max-video-preview:-1"},"canonical":"https:\/\/www.mpppst.gob.ve\/mpppstweb\/index.php\/2016\/01\/14\/clase-obrera-repudia-contundentemente-irrespeto-a-los-proceres-de-la-patria\/","og_locale":"es_ES","og_type":"article","og_title":"Clase obrera repudia contundentemente irrespeto a los pr\u00f3ceres de la Patria - MPPPST","og_description":"En un gran acto organizado CBST la clase obrera se pronunci\u00f3 contra la derecha venezolana que se encuentra en la Asamblea Nacional","og_url":"https:\/\/www.mpppst.gob.ve\/mpppstweb\/index.php\/2016\/01\/14\/clase-obrera-repudia-contundentemente-irrespeto-a-los-proceres-de-la-patria\/","og_site_name":"MPPPST","article_published_time":"2016-01-14T18:48:49+00:00","article_modified_time":"2016-07-01T18:04:57+00:00","og_image":[{"width":448,"height":300,"url":"https:\/\/www.mpppst.gob.ve\/mpppstweb\/wp-content\/uploads\/2016\/01\/Acto-desagravio-de-la-clase-obrera.jpg","type":"image\/jpeg"}],"author":"MPPPST Prensa","twitter_card":"summary_large_image","twitter_misc":{"Escrito por":"MPPPST Prensa","Tiempo de lectura":"3 minutos"},"schema":{"@context":"https:\/\/schema.org","@graph":[{"@type":"Article","@id":"https:\/\/www.mpppst.gob.ve\/mpppstweb\/index.php\/2016\/01\/14\/clase-obrera-repudia-contundentemente-irrespeto-a-los-proceres-de-la-patria\/#article","isPartOf":{"@id":"https:\/\/www.mpppst.gob.ve\/mpppstweb\/index.php\/2016\/01\/14\/clase-obrera-repudia-contundentemente-irrespeto-a-los-proceres-de-la-patria\/"},"author":{"name":"MPPPST Prensa","@id":"https:\/\/www.mpppst.gob.ve\/mpppstweb\/#\/schema\/person\/fc187ee8ead412bd4c9304b62f900ea4"},"headline":"Clase obrera repudia contundentemente irrespeto a los pr\u00f3ceres de la Patria","datePublished":"2016-01-14T18:48:49+00:00","dateModified":"2016-07-01T18:04:57+00:00","mainEntityOfPage":{"@id":"https:\/\/www.mpppst.gob.ve\/mpppstweb\/index.php\/2016\/01\/14\/clase-obrera-repudia-contundentemente-irrespeto-a-los-proceres-de-la-patria\/"},"wordCount":661,"publisher":{"@id":"https:\/\/www.mpppst.gob.ve\/mpppstweb\/#organization"},"image":{"@id":"https:\/\/www.mpppst.gob.ve\/mpppstweb\/index.php\/2016\/01\/14\/clase-obrera-repudia-contundentemente-irrespeto-a-los-proceres-de-la-patria\/#primaryimage"},"thumbnailUrl":"https:\/\/www.mpppst.gob.ve\/mpppstweb\/wp-content\/uploads\/2016\/01\/Acto-desagravio-de-la-clase-obrera.jpg","articleSection":["Ministerio"],"inLanguage":"es"},{"@type":"WebPage","@id":"https:\/\/www.mpppst.gob.ve\/mpppstweb\/index.php\/2016\/01\/14\/clase-obrera-repudia-contundentemente-irrespeto-a-los-proceres-de-la-patria\/","url":"https:\/\/www.mpppst.gob.ve\/mpppstweb\/index.php\/2016\/01\/14\/clase-obrera-repudia-contundentemente-irrespeto-a-los-proceres-de-la-patria\/","name":"Clase obrera repudia contundentemente irrespeto a los pr\u00f3ceres de la Patria - MPPPST","isPartOf":{"@id":"https:\/\/www.mpppst.gob.ve\/mpppstweb\/#website"},"primaryImageOfPage":{"@id":"https:\/\/www.mpppst.gob.ve\/mpppstweb\/index.php\/2016\/01\/14\/clase-obrera-repudia-contundentemente-irrespeto-a-los-proceres-de-la-patria\/#primaryimage"},"image":{"@id":"https:\/\/www.mpppst.gob.ve\/mpppstweb\/index.php\/2016\/01\/14\/clase-obrera-repudia-contundentemente-irrespeto-a-los-proceres-de-la-patria\/#primaryimage"},"thumbnailUrl":"https:\/\/www.mpppst.gob.ve\/mpppstweb\/wp-content\/uploads\/2016\/01\/Acto-desagravio-de-la-clase-obrera.jpg","datePublished":"2016-01-14T18:48:49+00:00","dateModified":"2016-07-01T18:04:57+00:00","breadcrumb":{"@id":"https:\/\/www.mpppst.gob.ve\/mpppstweb\/index.php\/2016\/01\/14\/clase-obrera-repudia-contundentemente-irrespeto-a-los-proceres-de-la-patria\/#breadcrumb"},"inLanguage":"es","potentialAction":[{"@type":"ReadAction","target":["https:\/\/www.mpppst.gob.ve\/mpppstweb\/index.php\/2016\/01\/14\/clase-obrera-repudia-contundentemente-irrespeto-a-los-proceres-de-la-patria\/"]}]},{"@type":"ImageObject","inLanguage":"es","@id":"https:\/\/www.mpppst.gob.ve\/mpppstweb\/index.php\/2016\/01\/14\/clase-obrera-repudia-contundentemente-irrespeto-a-los-proceres-de-la-patria\/#primaryimage","url":"https:\/\/www.mpppst.gob.ve\/mpppstweb\/wp-content\/uploads\/2016\/01\/Acto-desagravio-de-la-clase-obrera.jpg","contentUrl":"https:\/\/www.mpppst.gob.ve\/mpppstweb\/wp-content\/uploads\/2016\/01\/Acto-desagravio-de-la-clase-obrera.jpg","width":448,"height":300},{"@type":"BreadcrumbList","@id":"https:\/\/www.mpppst.gob.ve\/mpppstweb\/index.php\/2016\/01\/14\/clase-obrera-repudia-contundentemente-irrespeto-a-los-proceres-de-la-patria\/#breadcrumb","itemListElement":[{"@type":"ListItem","position":1,"name":"Home","item":"https:\/\/www.mpppst.gob.ve\/mpppstweb\/"},{"@type":"ListItem","position":2,"name":"Clase obrera repudia contundentemente irrespeto a los pr\u00f3ceres de la Patria"}]},{"@type":"WebSite","@id":"https:\/\/www.mpppst.gob.ve\/mpppstweb\/#website","url":"https:\/\/www.mpppst.gob.ve\/mpppstweb\/","name":"MPPPST","description":"Ministerio del Poder Popular para el Proceso Social de Trabajo","publisher":{"@id":"https:\/\/www.mpppst.gob.ve\/mpppstweb\/#organization"},"potentialAction":[{"@type":"SearchAction","target":{"@type":"EntryPoint","urlTemplate":"https:\/\/www.mpppst.gob.ve\/mpppstweb\/?s={search_term_string}"},"query-input":"required name=search_term_string"}],"inLanguage":"es"},{"@type":"Organization","@id":"https:\/\/www.mpppst.gob.ve\/mpppstweb\/#organization","name":"mpppst","url":"https:\/\/www.mpppst.gob.ve\/mpppstweb\/","logo":{"@type":"ImageObject","inLanguage":"es","@id":"https:\/\/www.mpppst.gob.ve\/mpppstweb\/#\/schema\/logo\/image\/","url":"https:\/\/www.mpppst.gob.ve\/mpppstweb\/wp-content\/uploads\/2025\/07\/cropped-cropped-g910.png","contentUrl":"https:\/\/www.mpppst.gob.ve\/mpppstweb\/wp-content\/uploads\/2025\/07\/cropped-cropped-g910.png","width":1080,"height":241,"caption":"mpppst"},"image":{"@id":"https:\/\/www.mpppst.gob.ve\/mpppstweb\/#\/schema\/logo\/image\/"}},{"@type":"Person","@id":"https:\/\/www.mpppst.gob.ve\/mpppstweb\/#\/schema\/person\/fc187ee8ead412bd4c9304b62f900ea4","name":"MPPPST Prensa","url":"https:\/\/www.mpppst.gob.ve\/mpppstweb\/index.php\/author\/prensa-mpppst\/"}]}},"_links":{"self":[{"href":"https:\/\/www.mpppst.gob.ve\/mpppstweb\/index.php\/wp-json\/wp\/v2\/posts\/4390"}],"collection":[{"href":"https:\/\/www.mpppst.gob.ve\/mpppstweb\/index.php\/wp-json\/wp\/v2\/posts"}],"about":[{"href":"https:\/\/www.mpppst.gob.ve\/mpppstweb\/index.php\/wp-json\/wp\/v2\/types\/post"}],"author":[{"embeddable":true,"href":"https:\/\/www.mpppst.gob.ve\/mpppstweb\/index.php\/wp-json\/wp\/v2\/users\/25"}],"replies":[{"embeddable":true,"href":"https:\/\/www.mpppst.gob.ve\/mpppstweb\/index.php\/wp-json\/wp\/v2\/comments?post=4390"}],"version-history":[{"count":1,"href":"https:\/\/www.mpppst.gob.ve\/mpppstweb\/index.php\/wp-json\/wp\/v2\/posts\/4390\/revisions"}],"predecessor-version":[{"id":6980,"href":"https:\/\/www.mpppst.gob.ve\/mpppstweb\/index.php\/wp-json\/wp\/v2\/posts\/4390\/revisions\/6980"}],"wp:featuredmedia":[{"embeddable":true,"href":"https:\/\/www.mpppst.gob.ve\/mpppstweb\/index.php\/wp-json\/wp\/v2\/media\/4395"}],"wp:attachment":[{"href":"https:\/\/www.mpppst.gob.ve\/mpppstweb\/index.php\/wp-json\/wp\/v2\/media?parent=4390"}],"wp:term":[{"taxonomy":"category","embeddable":true,"href":"https:\/\/www.mpppst.gob.ve\/mpppstweb\/index.php\/wp-json\/wp\/v2\/categories?post=4390"},{"taxonomy":"post_tag","embeddable":true,"href":"https:\/\/www.mpppst.gob.ve\/mpppstweb\/index.php\/wp-json\/wp\/v2\/tags?post=4390"}],"curies":[{"name":"wp","href":"https:\/\/api.w.org\/{rel}","templated":true}]}}