{"id":4396,"date":"2016-01-14T18:55:31","date_gmt":"2016-01-14T18:55:31","guid":{"rendered":"http:\/\/www.mpppst.gob.ve\/mpppstweb\/?p=4396"},"modified":"2016-07-01T18:05:17","modified_gmt":"2016-07-01T18:05:17","slug":"ministro-oswaldo-vera-implementaremos-un-sistema-que-permitira-a-guayaneses-el-ingreso-al-mercado-de-trabajo","status":"publish","type":"post","link":"https:\/\/www.mpppst.gob.ve\/mpppstweb\/index.php\/2016\/01\/14\/ministro-oswaldo-vera-implementaremos-un-sistema-que-permitira-a-guayaneses-el-ingreso-al-mercado-de-trabajo\/","title":{"rendered":"Ministro Oswaldo Vera: implementaremos un sistema que permitir\u00e1 a guayaneses el ingreso al mercado de trabajo"},"content":{"rendered":"<p style=\"text-align: justify;\">Caracas, 14 de enero de 2016.- El ministro del Poder Popular para el Proceso Social de Trabajo, Oswaldo Vera, y el ministro de Petr\u00f3leo y Miner\u00eda, Eulogio del Pino, encabezaron la onceava reuni\u00f3n de la Comisi\u00f3n Presidencial del Plan Guayana Socialista, la cual tuvo como punto principal evaluar el estado de las industrias b\u00e1sicas de Guayana y la democratizaci\u00f3n del empleo.<\/p>\n<p style=\"text-align: justify;\">El ministro Oswaldo Vera explic\u00f3 que van a implementar un sistema que permita incorporar de manera clara y precisa a los trabajadores y trabajadoras, \u201cser\u00e1 un sistema que va a democratizar el ingreso para garantizar que todos los guayaneses y guayanesas tengan la misma oportunidad para incorporarse al mercado de trabajo\u201d.<\/p>\n<p style=\"text-align: justify;\">El ministro de Petr\u00f3leo y Miner\u00eda, Eulogio del Pino, dijo que en esta reuni\u00f3n han puesto al tanto al ministro Vera de todas las actividades que se est\u00e1n desarrollando, entre ellas la reactivaci\u00f3n de la industria metalmec\u00e1nica en la regi\u00f3n de Guayana, \u201cya hay proyectos que est\u00e1n adelant\u00e1ndose con diferentes empresas que han generado una cantidad de empleos productivos, y estamos reactivando con toda una cantidad de proyectos que ya se iniciaron, todas las facilidades de producci\u00f3n que se est\u00e1n realizando para promover el desarrollo de la zona petrol\u00edfera del Orinoco\u201d.<\/p>\n<p style=\"text-align: justify;\">Del Pino explic\u00f3 que tambi\u00e9n revisaron el plan de inversiones sociales en el \u00e1rea de San F\u00e9lix, y dio a conocer que el pasado mi\u00e9rcoles se inici\u00f3 el movimiento de tierras para la sede de la empresa mixta Petro San F\u00e9lix, en Ciudad Guayana, que generar\u00e1 144 empleos adicionales por el trabajo en las obras.<\/p>\n<p style=\"text-align: justify;\">Agreg\u00f3 que tambi\u00e9n han revisado con mucha profundidad c\u00f3mo la democratizaci\u00f3n del empleo y c\u00f3mo el acceso al empleo se debe hacer de una forma transparente y abierta. Y resalt\u00f3 que pr\u00f3ximamente anunciar\u00e1n el inicio de 6 obras que generar\u00e1 empleos adicionales para facilitar la incorporaci\u00f3n de trabajadores y trabajadoras, utilizando el mismo esquema que PDVSA ha venido implementando desde hace varios a\u00f1os y que ha permitido el acceso transparente al empleo.<\/p>\n<p style=\"text-align: justify;\">A la actividad, que se realiz\u00f3 en la sede de la Corporaci\u00f3n Venezolana de Guayana (CVG), en Ciudad Guayana, asistieron los presidentes de las diferentes empresas estatales productoras de hierro, acero y aluminio que est\u00e1n adscritas al Ministerio de Industria y Comercio, a trav\u00e9s de la Corporaci\u00f3n Venezolana del Aluminio (Corpoalum) y la Corporaci\u00f3n Sider\u00fargica Nacional (CSN). En la pr\u00f3xima reuni\u00f3n se van a presentar los planes de reactivaci\u00f3n completa de la industria sider\u00fargica y del aluminio.<\/p>\n<p style=\"text-align: justify;\">\u00a0Redacci\u00f3n: Elio Garc\u00eda<\/p>\n","protected":false},"excerpt":{"rendered":"<p>El ministro, Oswaldo Vera, y el ministro, Eulogio del Pino, encabezaron la onceava reuni\u00f3n de la Comisi\u00f3n Presidencial del Plan Guayana Socialista<\/p>\n","protected":false},"author":25,"featured_media":4397,"comment_status":"closed","ping_status":"closed","sticky":false,"template":"","format":"standard","meta":{"footnotes":""},"categories":[82],"tags":[],"yoast_head":"<!-- This site is optimized with the Yoast SEO plugin v22.5 - https:\/\/yoast.com\/wordpress\/plugins\/seo\/ -->\n<title>Ministro Oswaldo Vera: implementaremos un sistema que permitir\u00e1 a guayaneses el ingreso al mercado de trabajo - MPPPST<\/title>\n<meta name=\"robots\" content=\"index, follow, max-snippet:-1, max-image-preview:large, max-video-preview:-1\" \/>\n<link rel=\"canonical\" href=\"https:\/\/www.mpppst.gob.ve\/mpppstweb\/index.php\/2016\/01\/14\/ministro-oswaldo-vera-implementaremos-un-sistema-que-permitira-a-guayaneses-el-ingreso-al-mercado-de-trabajo\/\" \/>\n<meta property=\"og:locale\" content=\"es_ES\" \/>\n<meta property=\"og:type\" content=\"article\" \/>\n<meta property=\"og:title\" content=\"Ministro Oswaldo Vera: implementaremos un sistema que permitir\u00e1 a guayaneses el ingreso al mercado de trabajo - MPPPST\" \/>\n<meta property=\"og:description\" content=\"El ministro, Oswaldo Vera, y el ministro, Eulogio del Pino, encabezaron la onceava reuni\u00f3n de la Comisi\u00f3n Presidencial del Plan Guayana Socialista\" \/>\n<meta property=\"og:url\" content=\"https:\/\/www.mpppst.gob.ve\/mpppstweb\/index.php\/2016\/01\/14\/ministro-oswaldo-vera-implementaremos-un-sistema-que-permitira-a-guayaneses-el-ingreso-al-mercado-de-trabajo\/\" \/>\n<meta property=\"og:site_name\" content=\"MPPPST\" \/>\n<meta property=\"article:published_time\" content=\"2016-01-14T18:55:31+00:00\" \/>\n<meta property=\"article:modified_time\" content=\"2016-07-01T18:05:17+00:00\" \/>\n<meta property=\"og:image\" content=\"https:\/\/www.mpppst.gob.ve\/mpppstweb\/wp-content\/uploads\/2016\/01\/ministro-Vera-para-nota-de-Elio.jpg\" \/>\n\t<meta property=\"og:image:width\" content=\"301\" \/>\n\t<meta property=\"og:image:height\" content=\"168\" \/>\n\t<meta property=\"og:image:type\" content=\"image\/jpeg\" \/>\n<meta name=\"author\" content=\"MPPPST Prensa\" \/>\n<meta name=\"twitter:card\" content=\"summary_large_image\" \/>\n<meta name=\"twitter:label1\" content=\"Escrito por\" \/>\n\t<meta name=\"twitter:data1\" content=\"MPPPST Prensa\" \/>\n\t<meta name=\"twitter:label2\" content=\"Tiempo de lectura\" \/>\n\t<meta name=\"twitter:data2\" content=\"2 minutos\" \/>\n<script type=\"application\/ld+json\" class=\"yoast-schema-graph\">{\"@context\":\"https:\/\/schema.org\",\"@graph\":[{\"@type\":\"Article\",\"@id\":\"https:\/\/www.mpppst.gob.ve\/mpppstweb\/index.php\/2016\/01\/14\/ministro-oswaldo-vera-implementaremos-un-sistema-que-permitira-a-guayaneses-el-ingreso-al-mercado-de-trabajo\/#article\",\"isPartOf\":{\"@id\":\"https:\/\/www.mpppst.gob.ve\/mpppstweb\/index.php\/2016\/01\/14\/ministro-oswaldo-vera-implementaremos-un-sistema-que-permitira-a-guayaneses-el-ingreso-al-mercado-de-trabajo\/\"},\"author\":{\"name\":\"MPPPST Prensa\",\"@id\":\"https:\/\/www.mpppst.gob.ve\/mpppstweb\/#\/schema\/person\/fc187ee8ead412bd4c9304b62f900ea4\"},\"headline\":\"Ministro Oswaldo Vera: implementaremos un sistema que permitir\u00e1 a guayaneses el ingreso al mercado de trabajo\",\"datePublished\":\"2016-01-14T18:55:31+00:00\",\"dateModified\":\"2016-07-01T18:05:17+00:00\",\"mainEntityOfPage\":{\"@id\":\"https:\/\/www.mpppst.gob.ve\/mpppstweb\/index.php\/2016\/01\/14\/ministro-oswaldo-vera-implementaremos-un-sistema-que-permitira-a-guayaneses-el-ingreso-al-mercado-de-trabajo\/\"},\"wordCount\":465,\"publisher\":{\"@id\":\"https:\/\/www.mpppst.gob.ve\/mpppstweb\/#organization\"},\"image\":{\"@id\":\"https:\/\/www.mpppst.gob.ve\/mpppstweb\/index.php\/2016\/01\/14\/ministro-oswaldo-vera-implementaremos-un-sistema-que-permitira-a-guayaneses-el-ingreso-al-mercado-de-trabajo\/#primaryimage\"},\"thumbnailUrl\":\"https:\/\/www.mpppst.gob.ve\/mpppstweb\/wp-content\/uploads\/2016\/01\/ministro-Vera-para-nota-de-Elio.jpg\",\"articleSection\":[\"Gobierno Nacional\"],\"inLanguage\":\"es\"},{\"@type\":\"WebPage\",\"@id\":\"https:\/\/www.mpppst.gob.ve\/mpppstweb\/index.php\/2016\/01\/14\/ministro-oswaldo-vera-implementaremos-un-sistema-que-permitira-a-guayaneses-el-ingreso-al-mercado-de-trabajo\/\",\"url\":\"https:\/\/www.mpppst.gob.ve\/mpppstweb\/index.php\/2016\/01\/14\/ministro-oswaldo-vera-implementaremos-un-sistema-que-permitira-a-guayaneses-el-ingreso-al-mercado-de-trabajo\/\",\"name\":\"Ministro Oswaldo Vera: implementaremos un sistema que permitir\u00e1 a guayaneses el ingreso al mercado de trabajo - MPPPST\",\"isPartOf\":{\"@id\":\"https:\/\/www.mpppst.gob.ve\/mpppstweb\/#website\"},\"primaryImageOfPage\":{\"@id\":\"https:\/\/www.mpppst.gob.ve\/mpppstweb\/index.php\/2016\/01\/14\/ministro-oswaldo-vera-implementaremos-un-sistema-que-permitira-a-guayaneses-el-ingreso-al-mercado-de-trabajo\/#primaryimage\"},\"image\":{\"@id\":\"https:\/\/www.mpppst.gob.ve\/mpppstweb\/index.php\/2016\/01\/14\/ministro-oswaldo-vera-implementaremos-un-sistema-que-permitira-a-guayaneses-el-ingreso-al-mercado-de-trabajo\/#primaryimage\"},\"thumbnailUrl\":\"https:\/\/www.mpppst.gob.ve\/mpppstweb\/wp-content\/uploads\/2016\/01\/ministro-Vera-para-nota-de-Elio.jpg\",\"datePublished\":\"2016-01-14T18:55:31+00:00\",\"dateModified\":\"2016-07-01T18:05:17+00:00\",\"breadcrumb\":{\"@id\":\"https:\/\/www.mpppst.gob.ve\/mpppstweb\/index.php\/2016\/01\/14\/ministro-oswaldo-vera-implementaremos-un-sistema-que-permitira-a-guayaneses-el-ingreso-al-mercado-de-trabajo\/#breadcrumb\"},\"inLanguage\":\"es\",\"potentialAction\":[{\"@type\":\"ReadAction\",\"target\":[\"https:\/\/www.mpppst.gob.ve\/mpppstweb\/index.php\/2016\/01\/14\/ministro-oswaldo-vera-implementaremos-un-sistema-que-permitira-a-guayaneses-el-ingreso-al-mercado-de-trabajo\/\"]}]},{\"@type\":\"ImageObject\",\"inLanguage\":\"es\",\"@id\":\"https:\/\/www.mpppst.gob.ve\/mpppstweb\/index.php\/2016\/01\/14\/ministro-oswaldo-vera-implementaremos-un-sistema-que-permitira-a-guayaneses-el-ingreso-al-mercado-de-trabajo\/#primaryimage\",\"url\":\"https:\/\/www.mpppst.gob.ve\/mpppstweb\/wp-content\/uploads\/2016\/01\/ministro-Vera-para-nota-de-Elio.jpg\",\"contentUrl\":\"https:\/\/www.mpppst.gob.ve\/mpppstweb\/wp-content\/uploads\/2016\/01\/ministro-Vera-para-nota-de-Elio.jpg\",\"width\":301,\"height\":168},{\"@type\":\"BreadcrumbList\",\"@id\":\"https:\/\/www.mpppst.gob.ve\/mpppstweb\/index.php\/2016\/01\/14\/ministro-oswaldo-vera-implementaremos-un-sistema-que-permitira-a-guayaneses-el-ingreso-al-mercado-de-trabajo\/#breadcrumb\",\"itemListElement\":[{\"@type\":\"ListItem\",\"position\":1,\"name\":\"Home\",\"item\":\"https:\/\/www.mpppst.gob.ve\/mpppstweb\/\"},{\"@type\":\"ListItem\",\"position\":2,\"name\":\"Ministro Oswaldo Vera: implementaremos un sistema que permitir\u00e1 a guayaneses el ingreso al mercado de trabajo\"}]},{\"@type\":\"WebSite\",\"@id\":\"https:\/\/www.mpppst.gob.ve\/mpppstweb\/#website\",\"url\":\"https:\/\/www.mpppst.gob.ve\/mpppstweb\/\",\"name\":\"MPPPST\",\"description\":\"Ministerio del Poder Popular para el Proceso Social de Trabajo\",\"publisher\":{\"@id\":\"https:\/\/www.mpppst.gob.ve\/mpppstweb\/#organization\"},\"potentialAction\":[{\"@type\":\"SearchAction\",\"target\":{\"@type\":\"EntryPoint\",\"urlTemplate\":\"https:\/\/www.mpppst.gob.ve\/mpppstweb\/?s={search_term_string}\"},\"query-input\":\"required name=search_term_string\"}],\"inLanguage\":\"es\"},{\"@type\":\"Organization\",\"@id\":\"https:\/\/www.mpppst.gob.ve\/mpppstweb\/#organization\",\"name\":\"mpppst\",\"url\":\"https:\/\/www.mpppst.gob.ve\/mpppstweb\/\",\"logo\":{\"@type\":\"ImageObject\",\"inLanguage\":\"es\",\"@id\":\"https:\/\/www.mpppst.gob.ve\/mpppstweb\/#\/schema\/logo\/image\/\",\"url\":\"https:\/\/www.mpppst.gob.ve\/mpppstweb\/wp-content\/uploads\/2025\/07\/cropped-cropped-g910.png\",\"contentUrl\":\"https:\/\/www.mpppst.gob.ve\/mpppstweb\/wp-content\/uploads\/2025\/07\/cropped-cropped-g910.png\",\"width\":1080,\"height\":241,\"caption\":\"mpppst\"},\"image\":{\"@id\":\"https:\/\/www.mpppst.gob.ve\/mpppstweb\/#\/schema\/logo\/image\/\"}},{\"@type\":\"Person\",\"@id\":\"https:\/\/www.mpppst.gob.ve\/mpppstweb\/#\/schema\/person\/fc187ee8ead412bd4c9304b62f900ea4\",\"name\":\"MPPPST Prensa\",\"url\":\"https:\/\/www.mpppst.gob.ve\/mpppstweb\/index.php\/author\/prensa-mpppst\/\"}]}<\/script>\n<!-- \/ Yoast SEO plugin. -->","yoast_head_json":{"title":"Ministro Oswaldo Vera: implementaremos un sistema que permitir\u00e1 a guayaneses el ingreso al mercado de trabajo - MPPPST","robots":{"index":"index","follow":"follow","max-snippet":"max-snippet:-1","max-image-preview":"max-image-preview:large","max-video-preview":"max-video-preview:-1"},"canonical":"https:\/\/www.mpppst.gob.ve\/mpppstweb\/index.php\/2016\/01\/14\/ministro-oswaldo-vera-implementaremos-un-sistema-que-permitira-a-guayaneses-el-ingreso-al-mercado-de-trabajo\/","og_locale":"es_ES","og_type":"article","og_title":"Ministro Oswaldo Vera: implementaremos un sistema que permitir\u00e1 a guayaneses el ingreso al mercado de trabajo - MPPPST","og_description":"El ministro, Oswaldo Vera, y el ministro, Eulogio del Pino, encabezaron la onceava reuni\u00f3n de la Comisi\u00f3n Presidencial del Plan Guayana Socialista","og_url":"https:\/\/www.mpppst.gob.ve\/mpppstweb\/index.php\/2016\/01\/14\/ministro-oswaldo-vera-implementaremos-un-sistema-que-permitira-a-guayaneses-el-ingreso-al-mercado-de-trabajo\/","og_site_name":"MPPPST","article_published_time":"2016-01-14T18:55:31+00:00","article_modified_time":"2016-07-01T18:05:17+00:00","og_image":[{"width":301,"height":168,"url":"https:\/\/www.mpppst.gob.ve\/mpppstweb\/wp-content\/uploads\/2016\/01\/ministro-Vera-para-nota-de-Elio.jpg","type":"image\/jpeg"}],"author":"MPPPST Prensa","twitter_card":"summary_large_image","twitter_misc":{"Escrito por":"MPPPST Prensa","Tiempo de lectura":"2 minutos"},"schema":{"@context":"https:\/\/schema.org","@graph":[{"@type":"Article","@id":"https:\/\/www.mpppst.gob.ve\/mpppstweb\/index.php\/2016\/01\/14\/ministro-oswaldo-vera-implementaremos-un-sistema-que-permitira-a-guayaneses-el-ingreso-al-mercado-de-trabajo\/#article","isPartOf":{"@id":"https:\/\/www.mpppst.gob.ve\/mpppstweb\/index.php\/2016\/01\/14\/ministro-oswaldo-vera-implementaremos-un-sistema-que-permitira-a-guayaneses-el-ingreso-al-mercado-de-trabajo\/"},"author":{"name":"MPPPST Prensa","@id":"https:\/\/www.mpppst.gob.ve\/mpppstweb\/#\/schema\/person\/fc187ee8ead412bd4c9304b62f900ea4"},"headline":"Ministro Oswaldo Vera: implementaremos un sistema que permitir\u00e1 a guayaneses el ingreso al mercado de trabajo","datePublished":"2016-01-14T18:55:31+00:00","dateModified":"2016-07-01T18:05:17+00:00","mainEntityOfPage":{"@id":"https:\/\/www.mpppst.gob.ve\/mpppstweb\/index.php\/2016\/01\/14\/ministro-oswaldo-vera-implementaremos-un-sistema-que-permitira-a-guayaneses-el-ingreso-al-mercado-de-trabajo\/"},"wordCount":465,"publisher":{"@id":"https:\/\/www.mpppst.gob.ve\/mpppstweb\/#organization"},"image":{"@id":"https:\/\/www.mpppst.gob.ve\/mpppstweb\/index.php\/2016\/01\/14\/ministro-oswaldo-vera-implementaremos-un-sistema-que-permitira-a-guayaneses-el-ingreso-al-mercado-de-trabajo\/#primaryimage"},"thumbnailUrl":"https:\/\/www.mpppst.gob.ve\/mpppstweb\/wp-content\/uploads\/2016\/01\/ministro-Vera-para-nota-de-Elio.jpg","articleSection":["Gobierno Nacional"],"inLanguage":"es"},{"@type":"WebPage","@id":"https:\/\/www.mpppst.gob.ve\/mpppstweb\/index.php\/2016\/01\/14\/ministro-oswaldo-vera-implementaremos-un-sistema-que-permitira-a-guayaneses-el-ingreso-al-mercado-de-trabajo\/","url":"https:\/\/www.mpppst.gob.ve\/mpppstweb\/index.php\/2016\/01\/14\/ministro-oswaldo-vera-implementaremos-un-sistema-que-permitira-a-guayaneses-el-ingreso-al-mercado-de-trabajo\/","name":"Ministro Oswaldo Vera: implementaremos un sistema que permitir\u00e1 a guayaneses el ingreso al mercado de trabajo - MPPPST","isPartOf":{"@id":"https:\/\/www.mpppst.gob.ve\/mpppstweb\/#website"},"primaryImageOfPage":{"@id":"https:\/\/www.mpppst.gob.ve\/mpppstweb\/index.php\/2016\/01\/14\/ministro-oswaldo-vera-implementaremos-un-sistema-que-permitira-a-guayaneses-el-ingreso-al-mercado-de-trabajo\/#primaryimage"},"image":{"@id":"https:\/\/www.mpppst.gob.ve\/mpppstweb\/index.php\/2016\/01\/14\/ministro-oswaldo-vera-implementaremos-un-sistema-que-permitira-a-guayaneses-el-ingreso-al-mercado-de-trabajo\/#primaryimage"},"thumbnailUrl":"https:\/\/www.mpppst.gob.ve\/mpppstweb\/wp-content\/uploads\/2016\/01\/ministro-Vera-para-nota-de-Elio.jpg","datePublished":"2016-01-14T18:55:31+00:00","dateModified":"2016-07-01T18:05:17+00:00","breadcrumb":{"@id":"https:\/\/www.mpppst.gob.ve\/mpppstweb\/index.php\/2016\/01\/14\/ministro-oswaldo-vera-implementaremos-un-sistema-que-permitira-a-guayaneses-el-ingreso-al-mercado-de-trabajo\/#breadcrumb"},"inLanguage":"es","potentialAction":[{"@type":"ReadAction","target":["https:\/\/www.mpppst.gob.ve\/mpppstweb\/index.php\/2016\/01\/14\/ministro-oswaldo-vera-implementaremos-un-sistema-que-permitira-a-guayaneses-el-ingreso-al-mercado-de-trabajo\/"]}]},{"@type":"ImageObject","inLanguage":"es","@id":"https:\/\/www.mpppst.gob.ve\/mpppstweb\/index.php\/2016\/01\/14\/ministro-oswaldo-vera-implementaremos-un-sistema-que-permitira-a-guayaneses-el-ingreso-al-mercado-de-trabajo\/#primaryimage","url":"https:\/\/www.mpppst.gob.ve\/mpppstweb\/wp-content\/uploads\/2016\/01\/ministro-Vera-para-nota-de-Elio.jpg","contentUrl":"https:\/\/www.mpppst.gob.ve\/mpppstweb\/wp-content\/uploads\/2016\/01\/ministro-Vera-para-nota-de-Elio.jpg","width":301,"height":168},{"@type":"BreadcrumbList","@id":"https:\/\/www.mpppst.gob.ve\/mpppstweb\/index.php\/2016\/01\/14\/ministro-oswaldo-vera-implementaremos-un-sistema-que-permitira-a-guayaneses-el-ingreso-al-mercado-de-trabajo\/#breadcrumb","itemListElement":[{"@type":"ListItem","position":1,"name":"Home","item":"https:\/\/www.mpppst.gob.ve\/mpppstweb\/"},{"@type":"ListItem","position":2,"name":"Ministro Oswaldo Vera: implementaremos un sistema que permitir\u00e1 a guayaneses el ingreso al mercado de trabajo"}]},{"@type":"WebSite","@id":"https:\/\/www.mpppst.gob.ve\/mpppstweb\/#website","url":"https:\/\/www.mpppst.gob.ve\/mpppstweb\/","name":"MPPPST","description":"Ministerio del Poder Popular para el Proceso Social de Trabajo","publisher":{"@id":"https:\/\/www.mpppst.gob.ve\/mpppstweb\/#organization"},"potentialAction":[{"@type":"SearchAction","target":{"@type":"EntryPoint","urlTemplate":"https:\/\/www.mpppst.gob.ve\/mpppstweb\/?s={search_term_string}"},"query-input":"required name=search_term_string"}],"inLanguage":"es"},{"@type":"Organization","@id":"https:\/\/www.mpppst.gob.ve\/mpppstweb\/#organization","name":"mpppst","url":"https:\/\/www.mpppst.gob.ve\/mpppstweb\/","logo":{"@type":"ImageObject","inLanguage":"es","@id":"https:\/\/www.mpppst.gob.ve\/mpppstweb\/#\/schema\/logo\/image\/","url":"https:\/\/www.mpppst.gob.ve\/mpppstweb\/wp-content\/uploads\/2025\/07\/cropped-cropped-g910.png","contentUrl":"https:\/\/www.mpppst.gob.ve\/mpppstweb\/wp-content\/uploads\/2025\/07\/cropped-cropped-g910.png","width":1080,"height":241,"caption":"mpppst"},"image":{"@id":"https:\/\/www.mpppst.gob.ve\/mpppstweb\/#\/schema\/logo\/image\/"}},{"@type":"Person","@id":"https:\/\/www.mpppst.gob.ve\/mpppstweb\/#\/schema\/person\/fc187ee8ead412bd4c9304b62f900ea4","name":"MPPPST Prensa","url":"https:\/\/www.mpppst.gob.ve\/mpppstweb\/index.php\/author\/prensa-mpppst\/"}]}},"_links":{"self":[{"href":"https:\/\/www.mpppst.gob.ve\/mpppstweb\/index.php\/wp-json\/wp\/v2\/posts\/4396"}],"collection":[{"href":"https:\/\/www.mpppst.gob.ve\/mpppstweb\/index.php\/wp-json\/wp\/v2\/posts"}],"about":[{"href":"https:\/\/www.mpppst.gob.ve\/mpppstweb\/index.php\/wp-json\/wp\/v2\/types\/post"}],"author":[{"embeddable":true,"href":"https:\/\/www.mpppst.gob.ve\/mpppstweb\/index.php\/wp-json\/wp\/v2\/users\/25"}],"replies":[{"embeddable":true,"href":"https:\/\/www.mpppst.gob.ve\/mpppstweb\/index.php\/wp-json\/wp\/v2\/comments?post=4396"}],"version-history":[{"count":1,"href":"https:\/\/www.mpppst.gob.ve\/mpppstweb\/index.php\/wp-json\/wp\/v2\/posts\/4396\/revisions"}],"predecessor-version":[{"id":6981,"href":"https:\/\/www.mpppst.gob.ve\/mpppstweb\/index.php\/wp-json\/wp\/v2\/posts\/4396\/revisions\/6981"}],"wp:featuredmedia":[{"embeddable":true,"href":"https:\/\/www.mpppst.gob.ve\/mpppstweb\/index.php\/wp-json\/wp\/v2\/media\/4397"}],"wp:attachment":[{"href":"https:\/\/www.mpppst.gob.ve\/mpppstweb\/index.php\/wp-json\/wp\/v2\/media?parent=4396"}],"wp:term":[{"taxonomy":"category","embeddable":true,"href":"https:\/\/www.mpppst.gob.ve\/mpppstweb\/index.php\/wp-json\/wp\/v2\/categories?post=4396"},{"taxonomy":"post_tag","embeddable":true,"href":"https:\/\/www.mpppst.gob.ve\/mpppstweb\/index.php\/wp-json\/wp\/v2\/tags?post=4396"}],"curies":[{"name":"wp","href":"https:\/\/api.w.org\/{rel}","templated":true}]}}