{"id":4412,"date":"2016-01-15T17:24:40","date_gmt":"2016-01-15T17:24:40","guid":{"rendered":"http:\/\/www.mpppst.gob.ve\/mpppstweb\/?p=4412"},"modified":"2016-07-01T18:05:42","modified_gmt":"2016-07-01T18:05:42","slug":"maduro-nos-han-aplicado-todas-las-formulas-de-la-guerra-economica-y-el-pais-se-ha-defendido","status":"publish","type":"post","link":"https:\/\/www.mpppst.gob.ve\/mpppstweb\/index.php\/2016\/01\/15\/maduro-nos-han-aplicado-todas-las-formulas-de-la-guerra-economica-y-el-pais-se-ha-defendido\/","title":{"rendered":"Maduro: &quot;Nos han aplicado todas las f\u00f3rmulas de la guerra econ\u00f3mica y el pa\u00eds se ha defendido&quot;"},"content":{"rendered":"<p style=\"text-align: justify;\">RT.- El decreto de emergencia surge unas horas antes de que Maduro comparezca ante la nueva Asamblea Nacional, de mayor\u00eda opositora, para rendir cuentas. Maduro anunci\u00f3 en d\u00edas pasados que presentar\u00eda ante la Asamblea Nacional (AN) este decreto, tras \u00ablos ataques de la guerra no convencional\u00bb.<\/p>\n<p style=\"text-align: justify;\">En una entrevista en exclusiva concedida a RT, Maduro se refiri\u00f3 a \u00ablos esquemas de guerra no convencional\u00bb creados para torpedear la econom\u00eda y fomentar la inestabilidad en Venezuela.<\/p>\n<p style=\"text-align: justify;\">Maduro denuncia que Venezuela ha sido sometida a \u00abun ataque desde EE.UU., desde Miami, con una serie de operaciones contra la moneda a trav\u00e9s de nuevos mecanismos de las redes sociales y desde Colombia\u00bb.<\/p>\n<p style=\"text-align: justify;\">Seg\u00fan Maduro, estas fuerza externas \u00abhan instalado un sistema perverso para hacerle da\u00f1o a la econom\u00eda, hacerle da\u00f1o a nuestro pueblo, que ha afectado la fijaci\u00f3n de los precios internos del pa\u00eds sobre la base de una especulaci\u00f3n que no ten\u00eda ninguna comparaci\u00f3n en ning\u00fan momento de la historia econ\u00f3mica del pa\u00eds\u00bb.<\/p>\n<p style=\"text-align: justify;\">Por su parte, el profesor de Econom\u00eda Pol\u00edtica de la Universidad Bolivariana de Venezuela, Jos\u00e9 Antonio Egido, estima que es \u00abuna gran dificultad\u00bb que la Asamblea Nacional de Venezuela tenga la opci\u00f3n de no aprobar el estado de emergencia econ\u00f3mica. Egido sostiene que este \u00f3rgano legislativo \u00abest\u00e1 en manos de las fuerzas de derecha opositora, que no tienen ning\u00fan inter\u00e9s en colaborar con la estabilizaci\u00f3n de la situaci\u00f3n econ\u00f3mica porque pretenden desestabilizar m\u00e1s a\u00fan la vida en el pa\u00eds\u00bb.<\/p>\n","protected":false},"excerpt":{"rendered":"<p>El decreto de emergencia surge unas horas antes de que Maduro comparezca ante la nueva Asamblea Nacional, de mayor\u00eda opositora, para rendir cuentas.<\/p>\n","protected":false},"author":25,"featured_media":4413,"comment_status":"closed","ping_status":"closed","sticky":false,"template":"","format":"standard","meta":{"footnotes":""},"categories":[82],"tags":[],"yoast_head":"<!-- This site is optimized with the Yoast SEO plugin v22.5 - https:\/\/yoast.com\/wordpress\/plugins\/seo\/ -->\n<title>Maduro: &quot;Nos han aplicado todas las f\u00f3rmulas de la guerra econ\u00f3mica y el pa\u00eds se ha defendido&quot; - MPPPST<\/title>\n<meta name=\"robots\" content=\"index, follow, max-snippet:-1, max-image-preview:large, max-video-preview:-1\" \/>\n<link rel=\"canonical\" href=\"https:\/\/www.mpppst.gob.ve\/mpppstweb\/index.php\/2016\/01\/15\/maduro-nos-han-aplicado-todas-las-formulas-de-la-guerra-economica-y-el-pais-se-ha-defendido\/\" \/>\n<meta property=\"og:locale\" content=\"es_ES\" \/>\n<meta property=\"og:type\" content=\"article\" \/>\n<meta property=\"og:title\" content=\"Maduro: &quot;Nos han aplicado todas las f\u00f3rmulas de la guerra econ\u00f3mica y el pa\u00eds se ha defendido&quot; - MPPPST\" \/>\n<meta property=\"og:description\" content=\"El decreto de emergencia surge unas horas antes de que Maduro comparezca ante la nueva Asamblea Nacional, de mayor\u00eda opositora, para rendir cuentas.\" \/>\n<meta property=\"og:url\" content=\"https:\/\/www.mpppst.gob.ve\/mpppstweb\/index.php\/2016\/01\/15\/maduro-nos-han-aplicado-todas-las-formulas-de-la-guerra-economica-y-el-pais-se-ha-defendido\/\" \/>\n<meta property=\"og:site_name\" content=\"MPPPST\" \/>\n<meta property=\"article:published_time\" content=\"2016-01-15T17:24:40+00:00\" \/>\n<meta property=\"article:modified_time\" content=\"2016-07-01T18:05:42+00:00\" \/>\n<meta property=\"og:image\" content=\"https:\/\/www.mpppst.gob.ve\/mpppstweb\/wp-content\/uploads\/2016\/01\/Gaceta-Extraordinaria-6214-1.jpg\" \/>\n\t<meta property=\"og:image:width\" content=\"336\" \/>\n\t<meta property=\"og:image:height\" content=\"435\" \/>\n\t<meta property=\"og:image:type\" content=\"image\/jpeg\" \/>\n<meta name=\"author\" content=\"MPPPST Prensa\" \/>\n<meta name=\"twitter:card\" content=\"summary_large_image\" \/>\n<meta name=\"twitter:label1\" content=\"Escrito por\" \/>\n\t<meta name=\"twitter:data1\" content=\"MPPPST Prensa\" \/>\n\t<meta name=\"twitter:label2\" content=\"Tiempo de lectura\" \/>\n\t<meta name=\"twitter:data2\" content=\"1 minuto\" \/>\n<script type=\"application\/ld+json\" class=\"yoast-schema-graph\">{\"@context\":\"https:\/\/schema.org\",\"@graph\":[{\"@type\":\"Article\",\"@id\":\"https:\/\/www.mpppst.gob.ve\/mpppstweb\/index.php\/2016\/01\/15\/maduro-nos-han-aplicado-todas-las-formulas-de-la-guerra-economica-y-el-pais-se-ha-defendido\/#article\",\"isPartOf\":{\"@id\":\"https:\/\/www.mpppst.gob.ve\/mpppstweb\/index.php\/2016\/01\/15\/maduro-nos-han-aplicado-todas-las-formulas-de-la-guerra-economica-y-el-pais-se-ha-defendido\/\"},\"author\":{\"name\":\"MPPPST Prensa\",\"@id\":\"https:\/\/www.mpppst.gob.ve\/mpppstweb\/#\/schema\/person\/fc187ee8ead412bd4c9304b62f900ea4\"},\"headline\":\"Maduro: &quot;Nos han aplicado todas las f\u00f3rmulas de la guerra econ\u00f3mica y el pa\u00eds se ha defendido&quot;\",\"datePublished\":\"2016-01-15T17:24:40+00:00\",\"dateModified\":\"2016-07-01T18:05:42+00:00\",\"mainEntityOfPage\":{\"@id\":\"https:\/\/www.mpppst.gob.ve\/mpppstweb\/index.php\/2016\/01\/15\/maduro-nos-han-aplicado-todas-las-formulas-de-la-guerra-economica-y-el-pais-se-ha-defendido\/\"},\"wordCount\":293,\"publisher\":{\"@id\":\"https:\/\/www.mpppst.gob.ve\/mpppstweb\/#organization\"},\"image\":{\"@id\":\"https:\/\/www.mpppst.gob.ve\/mpppstweb\/index.php\/2016\/01\/15\/maduro-nos-han-aplicado-todas-las-formulas-de-la-guerra-economica-y-el-pais-se-ha-defendido\/#primaryimage\"},\"thumbnailUrl\":\"https:\/\/www.mpppst.gob.ve\/mpppstweb\/wp-content\/uploads\/2016\/01\/Gaceta-Extraordinaria-6214-1.jpg\",\"articleSection\":[\"Gobierno Nacional\"],\"inLanguage\":\"es\"},{\"@type\":\"WebPage\",\"@id\":\"https:\/\/www.mpppst.gob.ve\/mpppstweb\/index.php\/2016\/01\/15\/maduro-nos-han-aplicado-todas-las-formulas-de-la-guerra-economica-y-el-pais-se-ha-defendido\/\",\"url\":\"https:\/\/www.mpppst.gob.ve\/mpppstweb\/index.php\/2016\/01\/15\/maduro-nos-han-aplicado-todas-las-formulas-de-la-guerra-economica-y-el-pais-se-ha-defendido\/\",\"name\":\"Maduro: &quot;Nos han aplicado todas las f\u00f3rmulas de la guerra econ\u00f3mica y el pa\u00eds se ha defendido&quot; - MPPPST\",\"isPartOf\":{\"@id\":\"https:\/\/www.mpppst.gob.ve\/mpppstweb\/#website\"},\"primaryImageOfPage\":{\"@id\":\"https:\/\/www.mpppst.gob.ve\/mpppstweb\/index.php\/2016\/01\/15\/maduro-nos-han-aplicado-todas-las-formulas-de-la-guerra-economica-y-el-pais-se-ha-defendido\/#primaryimage\"},\"image\":{\"@id\":\"https:\/\/www.mpppst.gob.ve\/mpppstweb\/index.php\/2016\/01\/15\/maduro-nos-han-aplicado-todas-las-formulas-de-la-guerra-economica-y-el-pais-se-ha-defendido\/#primaryimage\"},\"thumbnailUrl\":\"https:\/\/www.mpppst.gob.ve\/mpppstweb\/wp-content\/uploads\/2016\/01\/Gaceta-Extraordinaria-6214-1.jpg\",\"datePublished\":\"2016-01-15T17:24:40+00:00\",\"dateModified\":\"2016-07-01T18:05:42+00:00\",\"breadcrumb\":{\"@id\":\"https:\/\/www.mpppst.gob.ve\/mpppstweb\/index.php\/2016\/01\/15\/maduro-nos-han-aplicado-todas-las-formulas-de-la-guerra-economica-y-el-pais-se-ha-defendido\/#breadcrumb\"},\"inLanguage\":\"es\",\"potentialAction\":[{\"@type\":\"ReadAction\",\"target\":[\"https:\/\/www.mpppst.gob.ve\/mpppstweb\/index.php\/2016\/01\/15\/maduro-nos-han-aplicado-todas-las-formulas-de-la-guerra-economica-y-el-pais-se-ha-defendido\/\"]}]},{\"@type\":\"ImageObject\",\"inLanguage\":\"es\",\"@id\":\"https:\/\/www.mpppst.gob.ve\/mpppstweb\/index.php\/2016\/01\/15\/maduro-nos-han-aplicado-todas-las-formulas-de-la-guerra-economica-y-el-pais-se-ha-defendido\/#primaryimage\",\"url\":\"https:\/\/www.mpppst.gob.ve\/mpppstweb\/wp-content\/uploads\/2016\/01\/Gaceta-Extraordinaria-6214-1.jpg\",\"contentUrl\":\"https:\/\/www.mpppst.gob.ve\/mpppstweb\/wp-content\/uploads\/2016\/01\/Gaceta-Extraordinaria-6214-1.jpg\",\"width\":336,\"height\":435},{\"@type\":\"BreadcrumbList\",\"@id\":\"https:\/\/www.mpppst.gob.ve\/mpppstweb\/index.php\/2016\/01\/15\/maduro-nos-han-aplicado-todas-las-formulas-de-la-guerra-economica-y-el-pais-se-ha-defendido\/#breadcrumb\",\"itemListElement\":[{\"@type\":\"ListItem\",\"position\":1,\"name\":\"Home\",\"item\":\"https:\/\/www.mpppst.gob.ve\/mpppstweb\/\"},{\"@type\":\"ListItem\",\"position\":2,\"name\":\"Maduro: &quot;Nos han aplicado todas las f\u00f3rmulas de la guerra econ\u00f3mica y el pa\u00eds se ha defendido&quot;\"}]},{\"@type\":\"WebSite\",\"@id\":\"https:\/\/www.mpppst.gob.ve\/mpppstweb\/#website\",\"url\":\"https:\/\/www.mpppst.gob.ve\/mpppstweb\/\",\"name\":\"MPPPST\",\"description\":\"Ministerio del Poder Popular para el Proceso Social de Trabajo\",\"publisher\":{\"@id\":\"https:\/\/www.mpppst.gob.ve\/mpppstweb\/#organization\"},\"potentialAction\":[{\"@type\":\"SearchAction\",\"target\":{\"@type\":\"EntryPoint\",\"urlTemplate\":\"https:\/\/www.mpppst.gob.ve\/mpppstweb\/?s={search_term_string}\"},\"query-input\":\"required name=search_term_string\"}],\"inLanguage\":\"es\"},{\"@type\":\"Organization\",\"@id\":\"https:\/\/www.mpppst.gob.ve\/mpppstweb\/#organization\",\"name\":\"mpppst\",\"url\":\"https:\/\/www.mpppst.gob.ve\/mpppstweb\/\",\"logo\":{\"@type\":\"ImageObject\",\"inLanguage\":\"es\",\"@id\":\"https:\/\/www.mpppst.gob.ve\/mpppstweb\/#\/schema\/logo\/image\/\",\"url\":\"https:\/\/www.mpppst.gob.ve\/mpppstweb\/wp-content\/uploads\/2025\/07\/cropped-cropped-g910.png\",\"contentUrl\":\"https:\/\/www.mpppst.gob.ve\/mpppstweb\/wp-content\/uploads\/2025\/07\/cropped-cropped-g910.png\",\"width\":1080,\"height\":241,\"caption\":\"mpppst\"},\"image\":{\"@id\":\"https:\/\/www.mpppst.gob.ve\/mpppstweb\/#\/schema\/logo\/image\/\"}},{\"@type\":\"Person\",\"@id\":\"https:\/\/www.mpppst.gob.ve\/mpppstweb\/#\/schema\/person\/fc187ee8ead412bd4c9304b62f900ea4\",\"name\":\"MPPPST Prensa\",\"url\":\"https:\/\/www.mpppst.gob.ve\/mpppstweb\/index.php\/author\/prensa-mpppst\/\"}]}<\/script>\n<!-- \/ Yoast SEO plugin. -->","yoast_head_json":{"title":"Maduro: &quot;Nos han aplicado todas las f\u00f3rmulas de la guerra econ\u00f3mica y el pa\u00eds se ha defendido&quot; - MPPPST","robots":{"index":"index","follow":"follow","max-snippet":"max-snippet:-1","max-image-preview":"max-image-preview:large","max-video-preview":"max-video-preview:-1"},"canonical":"https:\/\/www.mpppst.gob.ve\/mpppstweb\/index.php\/2016\/01\/15\/maduro-nos-han-aplicado-todas-las-formulas-de-la-guerra-economica-y-el-pais-se-ha-defendido\/","og_locale":"es_ES","og_type":"article","og_title":"Maduro: &quot;Nos han aplicado todas las f\u00f3rmulas de la guerra econ\u00f3mica y el pa\u00eds se ha defendido&quot; - MPPPST","og_description":"El decreto de emergencia surge unas horas antes de que Maduro comparezca ante la nueva Asamblea Nacional, de mayor\u00eda opositora, para rendir cuentas.","og_url":"https:\/\/www.mpppst.gob.ve\/mpppstweb\/index.php\/2016\/01\/15\/maduro-nos-han-aplicado-todas-las-formulas-de-la-guerra-economica-y-el-pais-se-ha-defendido\/","og_site_name":"MPPPST","article_published_time":"2016-01-15T17:24:40+00:00","article_modified_time":"2016-07-01T18:05:42+00:00","og_image":[{"width":336,"height":435,"url":"https:\/\/www.mpppst.gob.ve\/mpppstweb\/wp-content\/uploads\/2016\/01\/Gaceta-Extraordinaria-6214-1.jpg","type":"image\/jpeg"}],"author":"MPPPST Prensa","twitter_card":"summary_large_image","twitter_misc":{"Escrito por":"MPPPST Prensa","Tiempo de lectura":"1 minuto"},"schema":{"@context":"https:\/\/schema.org","@graph":[{"@type":"Article","@id":"https:\/\/www.mpppst.gob.ve\/mpppstweb\/index.php\/2016\/01\/15\/maduro-nos-han-aplicado-todas-las-formulas-de-la-guerra-economica-y-el-pais-se-ha-defendido\/#article","isPartOf":{"@id":"https:\/\/www.mpppst.gob.ve\/mpppstweb\/index.php\/2016\/01\/15\/maduro-nos-han-aplicado-todas-las-formulas-de-la-guerra-economica-y-el-pais-se-ha-defendido\/"},"author":{"name":"MPPPST Prensa","@id":"https:\/\/www.mpppst.gob.ve\/mpppstweb\/#\/schema\/person\/fc187ee8ead412bd4c9304b62f900ea4"},"headline":"Maduro: &quot;Nos han aplicado todas las f\u00f3rmulas de la guerra econ\u00f3mica y el pa\u00eds se ha defendido&quot;","datePublished":"2016-01-15T17:24:40+00:00","dateModified":"2016-07-01T18:05:42+00:00","mainEntityOfPage":{"@id":"https:\/\/www.mpppst.gob.ve\/mpppstweb\/index.php\/2016\/01\/15\/maduro-nos-han-aplicado-todas-las-formulas-de-la-guerra-economica-y-el-pais-se-ha-defendido\/"},"wordCount":293,"publisher":{"@id":"https:\/\/www.mpppst.gob.ve\/mpppstweb\/#organization"},"image":{"@id":"https:\/\/www.mpppst.gob.ve\/mpppstweb\/index.php\/2016\/01\/15\/maduro-nos-han-aplicado-todas-las-formulas-de-la-guerra-economica-y-el-pais-se-ha-defendido\/#primaryimage"},"thumbnailUrl":"https:\/\/www.mpppst.gob.ve\/mpppstweb\/wp-content\/uploads\/2016\/01\/Gaceta-Extraordinaria-6214-1.jpg","articleSection":["Gobierno Nacional"],"inLanguage":"es"},{"@type":"WebPage","@id":"https:\/\/www.mpppst.gob.ve\/mpppstweb\/index.php\/2016\/01\/15\/maduro-nos-han-aplicado-todas-las-formulas-de-la-guerra-economica-y-el-pais-se-ha-defendido\/","url":"https:\/\/www.mpppst.gob.ve\/mpppstweb\/index.php\/2016\/01\/15\/maduro-nos-han-aplicado-todas-las-formulas-de-la-guerra-economica-y-el-pais-se-ha-defendido\/","name":"Maduro: &quot;Nos han aplicado todas las f\u00f3rmulas de la guerra econ\u00f3mica y el pa\u00eds se ha defendido&quot; - MPPPST","isPartOf":{"@id":"https:\/\/www.mpppst.gob.ve\/mpppstweb\/#website"},"primaryImageOfPage":{"@id":"https:\/\/www.mpppst.gob.ve\/mpppstweb\/index.php\/2016\/01\/15\/maduro-nos-han-aplicado-todas-las-formulas-de-la-guerra-economica-y-el-pais-se-ha-defendido\/#primaryimage"},"image":{"@id":"https:\/\/www.mpppst.gob.ve\/mpppstweb\/index.php\/2016\/01\/15\/maduro-nos-han-aplicado-todas-las-formulas-de-la-guerra-economica-y-el-pais-se-ha-defendido\/#primaryimage"},"thumbnailUrl":"https:\/\/www.mpppst.gob.ve\/mpppstweb\/wp-content\/uploads\/2016\/01\/Gaceta-Extraordinaria-6214-1.jpg","datePublished":"2016-01-15T17:24:40+00:00","dateModified":"2016-07-01T18:05:42+00:00","breadcrumb":{"@id":"https:\/\/www.mpppst.gob.ve\/mpppstweb\/index.php\/2016\/01\/15\/maduro-nos-han-aplicado-todas-las-formulas-de-la-guerra-economica-y-el-pais-se-ha-defendido\/#breadcrumb"},"inLanguage":"es","potentialAction":[{"@type":"ReadAction","target":["https:\/\/www.mpppst.gob.ve\/mpppstweb\/index.php\/2016\/01\/15\/maduro-nos-han-aplicado-todas-las-formulas-de-la-guerra-economica-y-el-pais-se-ha-defendido\/"]}]},{"@type":"ImageObject","inLanguage":"es","@id":"https:\/\/www.mpppst.gob.ve\/mpppstweb\/index.php\/2016\/01\/15\/maduro-nos-han-aplicado-todas-las-formulas-de-la-guerra-economica-y-el-pais-se-ha-defendido\/#primaryimage","url":"https:\/\/www.mpppst.gob.ve\/mpppstweb\/wp-content\/uploads\/2016\/01\/Gaceta-Extraordinaria-6214-1.jpg","contentUrl":"https:\/\/www.mpppst.gob.ve\/mpppstweb\/wp-content\/uploads\/2016\/01\/Gaceta-Extraordinaria-6214-1.jpg","width":336,"height":435},{"@type":"BreadcrumbList","@id":"https:\/\/www.mpppst.gob.ve\/mpppstweb\/index.php\/2016\/01\/15\/maduro-nos-han-aplicado-todas-las-formulas-de-la-guerra-economica-y-el-pais-se-ha-defendido\/#breadcrumb","itemListElement":[{"@type":"ListItem","position":1,"name":"Home","item":"https:\/\/www.mpppst.gob.ve\/mpppstweb\/"},{"@type":"ListItem","position":2,"name":"Maduro: &quot;Nos han aplicado todas las f\u00f3rmulas de la guerra econ\u00f3mica y el pa\u00eds se ha defendido&quot;"}]},{"@type":"WebSite","@id":"https:\/\/www.mpppst.gob.ve\/mpppstweb\/#website","url":"https:\/\/www.mpppst.gob.ve\/mpppstweb\/","name":"MPPPST","description":"Ministerio del Poder Popular para el Proceso Social de Trabajo","publisher":{"@id":"https:\/\/www.mpppst.gob.ve\/mpppstweb\/#organization"},"potentialAction":[{"@type":"SearchAction","target":{"@type":"EntryPoint","urlTemplate":"https:\/\/www.mpppst.gob.ve\/mpppstweb\/?s={search_term_string}"},"query-input":"required name=search_term_string"}],"inLanguage":"es"},{"@type":"Organization","@id":"https:\/\/www.mpppst.gob.ve\/mpppstweb\/#organization","name":"mpppst","url":"https:\/\/www.mpppst.gob.ve\/mpppstweb\/","logo":{"@type":"ImageObject","inLanguage":"es","@id":"https:\/\/www.mpppst.gob.ve\/mpppstweb\/#\/schema\/logo\/image\/","url":"https:\/\/www.mpppst.gob.ve\/mpppstweb\/wp-content\/uploads\/2025\/07\/cropped-cropped-g910.png","contentUrl":"https:\/\/www.mpppst.gob.ve\/mpppstweb\/wp-content\/uploads\/2025\/07\/cropped-cropped-g910.png","width":1080,"height":241,"caption":"mpppst"},"image":{"@id":"https:\/\/www.mpppst.gob.ve\/mpppstweb\/#\/schema\/logo\/image\/"}},{"@type":"Person","@id":"https:\/\/www.mpppst.gob.ve\/mpppstweb\/#\/schema\/person\/fc187ee8ead412bd4c9304b62f900ea4","name":"MPPPST Prensa","url":"https:\/\/www.mpppst.gob.ve\/mpppstweb\/index.php\/author\/prensa-mpppst\/"}]}},"_links":{"self":[{"href":"https:\/\/www.mpppst.gob.ve\/mpppstweb\/index.php\/wp-json\/wp\/v2\/posts\/4412"}],"collection":[{"href":"https:\/\/www.mpppst.gob.ve\/mpppstweb\/index.php\/wp-json\/wp\/v2\/posts"}],"about":[{"href":"https:\/\/www.mpppst.gob.ve\/mpppstweb\/index.php\/wp-json\/wp\/v2\/types\/post"}],"author":[{"embeddable":true,"href":"https:\/\/www.mpppst.gob.ve\/mpppstweb\/index.php\/wp-json\/wp\/v2\/users\/25"}],"replies":[{"embeddable":true,"href":"https:\/\/www.mpppst.gob.ve\/mpppstweb\/index.php\/wp-json\/wp\/v2\/comments?post=4412"}],"version-history":[{"count":1,"href":"https:\/\/www.mpppst.gob.ve\/mpppstweb\/index.php\/wp-json\/wp\/v2\/posts\/4412\/revisions"}],"predecessor-version":[{"id":6982,"href":"https:\/\/www.mpppst.gob.ve\/mpppstweb\/index.php\/wp-json\/wp\/v2\/posts\/4412\/revisions\/6982"}],"wp:featuredmedia":[{"embeddable":true,"href":"https:\/\/www.mpppst.gob.ve\/mpppstweb\/index.php\/wp-json\/wp\/v2\/media\/4413"}],"wp:attachment":[{"href":"https:\/\/www.mpppst.gob.ve\/mpppstweb\/index.php\/wp-json\/wp\/v2\/media?parent=4412"}],"wp:term":[{"taxonomy":"category","embeddable":true,"href":"https:\/\/www.mpppst.gob.ve\/mpppstweb\/index.php\/wp-json\/wp\/v2\/categories?post=4412"},{"taxonomy":"post_tag","embeddable":true,"href":"https:\/\/www.mpppst.gob.ve\/mpppstweb\/index.php\/wp-json\/wp\/v2\/tags?post=4412"}],"curies":[{"name":"wp","href":"https:\/\/api.w.org\/{rel}","templated":true}]}}