{"id":4429,"date":"2016-01-18T17:36:33","date_gmt":"2016-01-18T17:36:33","guid":{"rendered":"http:\/\/www.mpppst.gob.ve\/mpppstweb\/?p=4429"},"modified":"2016-07-01T18:06:09","modified_gmt":"2016-07-01T18:06:09","slug":"pueblo-varguense-se-incorpora-a-la-mision-robinson-ii-productiva","status":"publish","type":"post","link":"https:\/\/www.mpppst.gob.ve\/mpppstweb\/index.php\/2016\/01\/18\/pueblo-varguense-se-incorpora-a-la-mision-robinson-ii-productiva\/","title":{"rendered":"Pueblo varguense se incorpora a la Misi\u00f3n Robinson II Productiva"},"content":{"rendered":"<p>Catia La Mar, estado Vargas, 18 de enero (MPPPST).- Con el fin de incorporarse activamente a la producci\u00f3n, lineamiento dado por el Presidente de la Rep\u00fablica, Nicol\u00e1s Maduro, personas del estado Vargas asistieron a la jornada de inscripci\u00f3n en la Misi\u00f3n Robinson II Productiva en el marco del cierre de la primera etapa de inscripci\u00f3n. La actividad se llev\u00f3 a cabo en la Plaza Bol\u00edvar de Catia La Mar. El objetivo consiste en llevar a todas aquellas personas que quieran culminar el sexto grado a una actividad productiva.<\/p>\n<p>El pueblo varguense estuvo acompa\u00f1ado del ministro del Poder Popular para el Proceso Social de Trabajo, Oswaldo Vera y del gobernador de la entidad, Jorge Luis Garc\u00eda Carneiro, quienes resaltaron la importancia de la actividad en momentos de guerra econ\u00f3mica que est\u00e1 enfrentando el Gobierno Bolivariano.<\/p>\n<p>El titular del despacho laboral destac\u00f3 que la Misi\u00f3n Robinson II Productiva es una Misi\u00f3n importante que el presidente de la Rep\u00fablica, Nicol\u00e1s Maduro, anunci\u00f3 en noviembre con mucho entusiasmo. \u201cEs la incorporaci\u00f3n de miles de venezolanos y venezolanas que saben leer y escribir pero que se inscriben precisamente para culminar lo que es la primaria, esta vez con una caracter\u00edstica muy especial, porque la idea fundamental es que todo el que se grad\u00fae salga con un oficio, con una profesi\u00f3n, con la experiencia para incorporarse a la parte productiva\u201d.<\/p>\n<p>Como hecho significativo destac\u00f3 que en el estado Vargas superaron la meta que se les hab\u00eda propuesto hasta la fecha. \u201cEs una labor que estamos efectuando en conjunto, la Alcald\u00eda, la Gobernaci\u00f3n, el Ministerio del Poder Popular para la Mujer e Igualdad de G\u00e9nero y los Institutos adscritos del MPPPST. Este esfuerzo que todos estamos realizando forma parte de la meta que nos ha trazado el compa\u00f1ero Presidente Obrero, Nicol\u00e1s Maduro, como continuaci\u00f3n de esa pol\u00edtica que desarroll\u00f3 nuestro Comandante Eterno, Hugo Ch\u00e1vez\u201d.<\/p>\n<p>\u201cTenemos la intenci\u00f3n de coordinar con todas las Instituciones para saber d\u00f3nde se necesita ese esfuerzo de producci\u00f3n, son evaluaciones que se han venido realizando y que tiene una idea fundamental que es trabajar cerca de donde viven, convertir todas la comunas, centros de desarrollo integrales, en establecimientos para la producci\u00f3n, para garantizar en un momento determinado todos los bienes y riquezas que nosotros mismos debemos producir. Es la meta que nos hemos propuesto. Vamos a cambiar el modelo productivo y la \u00fanica manera es con la incorporaci\u00f3n de todos los venezolanos y venezolanas\u201d.<\/p>\n<p>El representante de la cartera laboral inform\u00f3 que los participantes inscritos en esta primera etapa de la Misi\u00f3n Robinson II Productiva iniciar\u00e1n las clases el pr\u00f3ximo 23 de enero, fecha hist\u00f3rica que ha escogido el propio presidente de la Rep\u00fablica, Nicol\u00e1s Maduro, y donde los presentes tendr\u00e1n la oportunidad de disfrutar de una clase magistral que el propio Mandatario va a ofrecer.<\/p>\n<p>William Fuentes, coordinador general de la Misi\u00f3n Robinson en el estado Vargas inform\u00f3 que este proceso de estudio tendr\u00e1 una duraci\u00f3n de dos a\u00f1os y el Instituto Nacional de Capacitaci\u00f3n y Educaci\u00f3n Socialista (INCES), ser\u00e1 el encargado de facilitar los t\u00e9cnicos que van a aportar ese saber. Destac\u00f3, que hay diferentes \u00e1reas como electricidad, turismo, dulcer\u00eda criolla, todo lo que las personas tienen como saber.<\/p>\n<p>Explic\u00f3 que este proceso tiene tres cohortes, la primera etapa que comienza ahora con 300 mil personas, una segunda etapa que comenzar\u00e1 con 400 mil y luego una tercera cohorte que iniciar\u00e1 con 300 mil para un total de un mill\u00f3n de personas capacitadas para el trabajo.<\/p>\n<p>Finalmente, la presidenta de la Fundaci\u00f3n Misiones Sociales en el estado Vargas AdoliaVaamonde, explic\u00f3 que adem\u00e1s de la Plaza Bol\u00edvar de Catia La Mar, la jornada tambi\u00e9n se desarroll\u00f3 en cuatro Bases de Misiones: Santa Eduviges, la Esperanza, Piache y Para\u00edso Sur, para el resto de la comunidad que hacen vida en cada Base.<\/p>\n<p>&nbsp;<\/p>\n<p>Redacci\u00f3n: MilisethYsea<\/p>\n<p>Fotograf\u00eda: Dellys Landaeta<\/p>\n","protected":false},"excerpt":{"rendered":"<p>La actividad se llev\u00f3 a cabo en la Plaza Bol\u00edvar de Catia La Mar con el objetivo de llevar a todas aquellas personas que quieran culminar el sexto grado a una actividad productiva.<\/p>\n","protected":false},"author":25,"featured_media":4430,"comment_status":"closed","ping_status":"closed","sticky":false,"template":"","format":"standard","meta":{"footnotes":""},"categories":[82],"tags":[],"yoast_head":"<!-- This site is optimized with the Yoast SEO plugin v22.5 - https:\/\/yoast.com\/wordpress\/plugins\/seo\/ -->\n<title>Pueblo varguense se incorpora a la Misi\u00f3n Robinson II Productiva - MPPPST<\/title>\n<meta name=\"robots\" content=\"index, follow, max-snippet:-1, max-image-preview:large, max-video-preview:-1\" \/>\n<link rel=\"canonical\" href=\"https:\/\/www.mpppst.gob.ve\/mpppstweb\/index.php\/2016\/01\/18\/pueblo-varguense-se-incorpora-a-la-mision-robinson-ii-productiva\/\" \/>\n<meta property=\"og:locale\" content=\"es_ES\" \/>\n<meta property=\"og:type\" content=\"article\" \/>\n<meta property=\"og:title\" content=\"Pueblo varguense se incorpora a la Misi\u00f3n Robinson II Productiva - MPPPST\" \/>\n<meta property=\"og:description\" content=\"La actividad se llev\u00f3 a cabo en la Plaza Bol\u00edvar de Catia La Mar con el objetivo de llevar a todas aquellas personas que quieran culminar el sexto grado a una actividad productiva.\" \/>\n<meta property=\"og:url\" content=\"https:\/\/www.mpppst.gob.ve\/mpppstweb\/index.php\/2016\/01\/18\/pueblo-varguense-se-incorpora-a-la-mision-robinson-ii-productiva\/\" \/>\n<meta property=\"og:site_name\" content=\"MPPPST\" \/>\n<meta property=\"article:published_time\" content=\"2016-01-18T17:36:33+00:00\" \/>\n<meta property=\"article:modified_time\" content=\"2016-07-01T18:06:09+00:00\" \/>\n<meta property=\"og:image\" content=\"https:\/\/www.mpppst.gob.ve\/mpppstweb\/wp-content\/uploads\/2016\/01\/Foto-Mision-Robinson.jpg-web.jpg\" \/>\n\t<meta property=\"og:image:width\" content=\"640\" \/>\n\t<meta property=\"og:image:height\" content=\"427\" \/>\n\t<meta property=\"og:image:type\" content=\"image\/jpeg\" \/>\n<meta name=\"author\" content=\"MPPPST Prensa\" \/>\n<meta name=\"twitter:card\" content=\"summary_large_image\" \/>\n<meta name=\"twitter:label1\" content=\"Escrito por\" \/>\n\t<meta name=\"twitter:data1\" content=\"MPPPST Prensa\" \/>\n\t<meta name=\"twitter:label2\" content=\"Tiempo de lectura\" \/>\n\t<meta name=\"twitter:data2\" content=\"3 minutos\" \/>\n<script type=\"application\/ld+json\" class=\"yoast-schema-graph\">{\"@context\":\"https:\/\/schema.org\",\"@graph\":[{\"@type\":\"Article\",\"@id\":\"https:\/\/www.mpppst.gob.ve\/mpppstweb\/index.php\/2016\/01\/18\/pueblo-varguense-se-incorpora-a-la-mision-robinson-ii-productiva\/#article\",\"isPartOf\":{\"@id\":\"https:\/\/www.mpppst.gob.ve\/mpppstweb\/index.php\/2016\/01\/18\/pueblo-varguense-se-incorpora-a-la-mision-robinson-ii-productiva\/\"},\"author\":{\"name\":\"MPPPST Prensa\",\"@id\":\"https:\/\/www.mpppst.gob.ve\/mpppstweb\/#\/schema\/person\/fc187ee8ead412bd4c9304b62f900ea4\"},\"headline\":\"Pueblo varguense se incorpora a la Misi\u00f3n Robinson II Productiva\",\"datePublished\":\"2016-01-18T17:36:33+00:00\",\"dateModified\":\"2016-07-01T18:06:09+00:00\",\"mainEntityOfPage\":{\"@id\":\"https:\/\/www.mpppst.gob.ve\/mpppstweb\/index.php\/2016\/01\/18\/pueblo-varguense-se-incorpora-a-la-mision-robinson-ii-productiva\/\"},\"wordCount\":696,\"publisher\":{\"@id\":\"https:\/\/www.mpppst.gob.ve\/mpppstweb\/#organization\"},\"image\":{\"@id\":\"https:\/\/www.mpppst.gob.ve\/mpppstweb\/index.php\/2016\/01\/18\/pueblo-varguense-se-incorpora-a-la-mision-robinson-ii-productiva\/#primaryimage\"},\"thumbnailUrl\":\"https:\/\/www.mpppst.gob.ve\/mpppstweb\/wp-content\/uploads\/2016\/01\/Foto-Mision-Robinson.jpg-web.jpg\",\"articleSection\":[\"Gobierno Nacional\"],\"inLanguage\":\"es\"},{\"@type\":\"WebPage\",\"@id\":\"https:\/\/www.mpppst.gob.ve\/mpppstweb\/index.php\/2016\/01\/18\/pueblo-varguense-se-incorpora-a-la-mision-robinson-ii-productiva\/\",\"url\":\"https:\/\/www.mpppst.gob.ve\/mpppstweb\/index.php\/2016\/01\/18\/pueblo-varguense-se-incorpora-a-la-mision-robinson-ii-productiva\/\",\"name\":\"Pueblo varguense se incorpora a la Misi\u00f3n Robinson II Productiva - MPPPST\",\"isPartOf\":{\"@id\":\"https:\/\/www.mpppst.gob.ve\/mpppstweb\/#website\"},\"primaryImageOfPage\":{\"@id\":\"https:\/\/www.mpppst.gob.ve\/mpppstweb\/index.php\/2016\/01\/18\/pueblo-varguense-se-incorpora-a-la-mision-robinson-ii-productiva\/#primaryimage\"},\"image\":{\"@id\":\"https:\/\/www.mpppst.gob.ve\/mpppstweb\/index.php\/2016\/01\/18\/pueblo-varguense-se-incorpora-a-la-mision-robinson-ii-productiva\/#primaryimage\"},\"thumbnailUrl\":\"https:\/\/www.mpppst.gob.ve\/mpppstweb\/wp-content\/uploads\/2016\/01\/Foto-Mision-Robinson.jpg-web.jpg\",\"datePublished\":\"2016-01-18T17:36:33+00:00\",\"dateModified\":\"2016-07-01T18:06:09+00:00\",\"breadcrumb\":{\"@id\":\"https:\/\/www.mpppst.gob.ve\/mpppstweb\/index.php\/2016\/01\/18\/pueblo-varguense-se-incorpora-a-la-mision-robinson-ii-productiva\/#breadcrumb\"},\"inLanguage\":\"es\",\"potentialAction\":[{\"@type\":\"ReadAction\",\"target\":[\"https:\/\/www.mpppst.gob.ve\/mpppstweb\/index.php\/2016\/01\/18\/pueblo-varguense-se-incorpora-a-la-mision-robinson-ii-productiva\/\"]}]},{\"@type\":\"ImageObject\",\"inLanguage\":\"es\",\"@id\":\"https:\/\/www.mpppst.gob.ve\/mpppstweb\/index.php\/2016\/01\/18\/pueblo-varguense-se-incorpora-a-la-mision-robinson-ii-productiva\/#primaryimage\",\"url\":\"https:\/\/www.mpppst.gob.ve\/mpppstweb\/wp-content\/uploads\/2016\/01\/Foto-Mision-Robinson.jpg-web.jpg\",\"contentUrl\":\"https:\/\/www.mpppst.gob.ve\/mpppstweb\/wp-content\/uploads\/2016\/01\/Foto-Mision-Robinson.jpg-web.jpg\",\"width\":640,\"height\":427},{\"@type\":\"BreadcrumbList\",\"@id\":\"https:\/\/www.mpppst.gob.ve\/mpppstweb\/index.php\/2016\/01\/18\/pueblo-varguense-se-incorpora-a-la-mision-robinson-ii-productiva\/#breadcrumb\",\"itemListElement\":[{\"@type\":\"ListItem\",\"position\":1,\"name\":\"Home\",\"item\":\"https:\/\/www.mpppst.gob.ve\/mpppstweb\/\"},{\"@type\":\"ListItem\",\"position\":2,\"name\":\"Pueblo varguense se incorpora a la Misi\u00f3n Robinson II Productiva\"}]},{\"@type\":\"WebSite\",\"@id\":\"https:\/\/www.mpppst.gob.ve\/mpppstweb\/#website\",\"url\":\"https:\/\/www.mpppst.gob.ve\/mpppstweb\/\",\"name\":\"MPPPST\",\"description\":\"Ministerio del Poder Popular para el Proceso Social de Trabajo\",\"publisher\":{\"@id\":\"https:\/\/www.mpppst.gob.ve\/mpppstweb\/#organization\"},\"potentialAction\":[{\"@type\":\"SearchAction\",\"target\":{\"@type\":\"EntryPoint\",\"urlTemplate\":\"https:\/\/www.mpppst.gob.ve\/mpppstweb\/?s={search_term_string}\"},\"query-input\":\"required name=search_term_string\"}],\"inLanguage\":\"es\"},{\"@type\":\"Organization\",\"@id\":\"https:\/\/www.mpppst.gob.ve\/mpppstweb\/#organization\",\"name\":\"mpppst\",\"url\":\"https:\/\/www.mpppst.gob.ve\/mpppstweb\/\",\"logo\":{\"@type\":\"ImageObject\",\"inLanguage\":\"es\",\"@id\":\"https:\/\/www.mpppst.gob.ve\/mpppstweb\/#\/schema\/logo\/image\/\",\"url\":\"https:\/\/www.mpppst.gob.ve\/mpppstweb\/wp-content\/uploads\/2025\/07\/cropped-cropped-g910.png\",\"contentUrl\":\"https:\/\/www.mpppst.gob.ve\/mpppstweb\/wp-content\/uploads\/2025\/07\/cropped-cropped-g910.png\",\"width\":1080,\"height\":241,\"caption\":\"mpppst\"},\"image\":{\"@id\":\"https:\/\/www.mpppst.gob.ve\/mpppstweb\/#\/schema\/logo\/image\/\"}},{\"@type\":\"Person\",\"@id\":\"https:\/\/www.mpppst.gob.ve\/mpppstweb\/#\/schema\/person\/fc187ee8ead412bd4c9304b62f900ea4\",\"name\":\"MPPPST Prensa\",\"url\":\"https:\/\/www.mpppst.gob.ve\/mpppstweb\/index.php\/author\/prensa-mpppst\/\"}]}<\/script>\n<!-- \/ Yoast SEO plugin. -->","yoast_head_json":{"title":"Pueblo varguense se incorpora a la Misi\u00f3n Robinson II Productiva - MPPPST","robots":{"index":"index","follow":"follow","max-snippet":"max-snippet:-1","max-image-preview":"max-image-preview:large","max-video-preview":"max-video-preview:-1"},"canonical":"https:\/\/www.mpppst.gob.ve\/mpppstweb\/index.php\/2016\/01\/18\/pueblo-varguense-se-incorpora-a-la-mision-robinson-ii-productiva\/","og_locale":"es_ES","og_type":"article","og_title":"Pueblo varguense se incorpora a la Misi\u00f3n Robinson II Productiva - MPPPST","og_description":"La actividad se llev\u00f3 a cabo en la Plaza Bol\u00edvar de Catia La Mar con el objetivo de llevar a todas aquellas personas que quieran culminar el sexto grado a una actividad productiva.","og_url":"https:\/\/www.mpppst.gob.ve\/mpppstweb\/index.php\/2016\/01\/18\/pueblo-varguense-se-incorpora-a-la-mision-robinson-ii-productiva\/","og_site_name":"MPPPST","article_published_time":"2016-01-18T17:36:33+00:00","article_modified_time":"2016-07-01T18:06:09+00:00","og_image":[{"width":640,"height":427,"url":"https:\/\/www.mpppst.gob.ve\/mpppstweb\/wp-content\/uploads\/2016\/01\/Foto-Mision-Robinson.jpg-web.jpg","type":"image\/jpeg"}],"author":"MPPPST Prensa","twitter_card":"summary_large_image","twitter_misc":{"Escrito por":"MPPPST Prensa","Tiempo de lectura":"3 minutos"},"schema":{"@context":"https:\/\/schema.org","@graph":[{"@type":"Article","@id":"https:\/\/www.mpppst.gob.ve\/mpppstweb\/index.php\/2016\/01\/18\/pueblo-varguense-se-incorpora-a-la-mision-robinson-ii-productiva\/#article","isPartOf":{"@id":"https:\/\/www.mpppst.gob.ve\/mpppstweb\/index.php\/2016\/01\/18\/pueblo-varguense-se-incorpora-a-la-mision-robinson-ii-productiva\/"},"author":{"name":"MPPPST Prensa","@id":"https:\/\/www.mpppst.gob.ve\/mpppstweb\/#\/schema\/person\/fc187ee8ead412bd4c9304b62f900ea4"},"headline":"Pueblo varguense se incorpora a la Misi\u00f3n Robinson II Productiva","datePublished":"2016-01-18T17:36:33+00:00","dateModified":"2016-07-01T18:06:09+00:00","mainEntityOfPage":{"@id":"https:\/\/www.mpppst.gob.ve\/mpppstweb\/index.php\/2016\/01\/18\/pueblo-varguense-se-incorpora-a-la-mision-robinson-ii-productiva\/"},"wordCount":696,"publisher":{"@id":"https:\/\/www.mpppst.gob.ve\/mpppstweb\/#organization"},"image":{"@id":"https:\/\/www.mpppst.gob.ve\/mpppstweb\/index.php\/2016\/01\/18\/pueblo-varguense-se-incorpora-a-la-mision-robinson-ii-productiva\/#primaryimage"},"thumbnailUrl":"https:\/\/www.mpppst.gob.ve\/mpppstweb\/wp-content\/uploads\/2016\/01\/Foto-Mision-Robinson.jpg-web.jpg","articleSection":["Gobierno Nacional"],"inLanguage":"es"},{"@type":"WebPage","@id":"https:\/\/www.mpppst.gob.ve\/mpppstweb\/index.php\/2016\/01\/18\/pueblo-varguense-se-incorpora-a-la-mision-robinson-ii-productiva\/","url":"https:\/\/www.mpppst.gob.ve\/mpppstweb\/index.php\/2016\/01\/18\/pueblo-varguense-se-incorpora-a-la-mision-robinson-ii-productiva\/","name":"Pueblo varguense se incorpora a la Misi\u00f3n Robinson II Productiva - MPPPST","isPartOf":{"@id":"https:\/\/www.mpppst.gob.ve\/mpppstweb\/#website"},"primaryImageOfPage":{"@id":"https:\/\/www.mpppst.gob.ve\/mpppstweb\/index.php\/2016\/01\/18\/pueblo-varguense-se-incorpora-a-la-mision-robinson-ii-productiva\/#primaryimage"},"image":{"@id":"https:\/\/www.mpppst.gob.ve\/mpppstweb\/index.php\/2016\/01\/18\/pueblo-varguense-se-incorpora-a-la-mision-robinson-ii-productiva\/#primaryimage"},"thumbnailUrl":"https:\/\/www.mpppst.gob.ve\/mpppstweb\/wp-content\/uploads\/2016\/01\/Foto-Mision-Robinson.jpg-web.jpg","datePublished":"2016-01-18T17:36:33+00:00","dateModified":"2016-07-01T18:06:09+00:00","breadcrumb":{"@id":"https:\/\/www.mpppst.gob.ve\/mpppstweb\/index.php\/2016\/01\/18\/pueblo-varguense-se-incorpora-a-la-mision-robinson-ii-productiva\/#breadcrumb"},"inLanguage":"es","potentialAction":[{"@type":"ReadAction","target":["https:\/\/www.mpppst.gob.ve\/mpppstweb\/index.php\/2016\/01\/18\/pueblo-varguense-se-incorpora-a-la-mision-robinson-ii-productiva\/"]}]},{"@type":"ImageObject","inLanguage":"es","@id":"https:\/\/www.mpppst.gob.ve\/mpppstweb\/index.php\/2016\/01\/18\/pueblo-varguense-se-incorpora-a-la-mision-robinson-ii-productiva\/#primaryimage","url":"https:\/\/www.mpppst.gob.ve\/mpppstweb\/wp-content\/uploads\/2016\/01\/Foto-Mision-Robinson.jpg-web.jpg","contentUrl":"https:\/\/www.mpppst.gob.ve\/mpppstweb\/wp-content\/uploads\/2016\/01\/Foto-Mision-Robinson.jpg-web.jpg","width":640,"height":427},{"@type":"BreadcrumbList","@id":"https:\/\/www.mpppst.gob.ve\/mpppstweb\/index.php\/2016\/01\/18\/pueblo-varguense-se-incorpora-a-la-mision-robinson-ii-productiva\/#breadcrumb","itemListElement":[{"@type":"ListItem","position":1,"name":"Home","item":"https:\/\/www.mpppst.gob.ve\/mpppstweb\/"},{"@type":"ListItem","position":2,"name":"Pueblo varguense se incorpora a la Misi\u00f3n Robinson II Productiva"}]},{"@type":"WebSite","@id":"https:\/\/www.mpppst.gob.ve\/mpppstweb\/#website","url":"https:\/\/www.mpppst.gob.ve\/mpppstweb\/","name":"MPPPST","description":"Ministerio del Poder Popular para el Proceso Social de Trabajo","publisher":{"@id":"https:\/\/www.mpppst.gob.ve\/mpppstweb\/#organization"},"potentialAction":[{"@type":"SearchAction","target":{"@type":"EntryPoint","urlTemplate":"https:\/\/www.mpppst.gob.ve\/mpppstweb\/?s={search_term_string}"},"query-input":"required name=search_term_string"}],"inLanguage":"es"},{"@type":"Organization","@id":"https:\/\/www.mpppst.gob.ve\/mpppstweb\/#organization","name":"mpppst","url":"https:\/\/www.mpppst.gob.ve\/mpppstweb\/","logo":{"@type":"ImageObject","inLanguage":"es","@id":"https:\/\/www.mpppst.gob.ve\/mpppstweb\/#\/schema\/logo\/image\/","url":"https:\/\/www.mpppst.gob.ve\/mpppstweb\/wp-content\/uploads\/2025\/07\/cropped-cropped-g910.png","contentUrl":"https:\/\/www.mpppst.gob.ve\/mpppstweb\/wp-content\/uploads\/2025\/07\/cropped-cropped-g910.png","width":1080,"height":241,"caption":"mpppst"},"image":{"@id":"https:\/\/www.mpppst.gob.ve\/mpppstweb\/#\/schema\/logo\/image\/"}},{"@type":"Person","@id":"https:\/\/www.mpppst.gob.ve\/mpppstweb\/#\/schema\/person\/fc187ee8ead412bd4c9304b62f900ea4","name":"MPPPST Prensa","url":"https:\/\/www.mpppst.gob.ve\/mpppstweb\/index.php\/author\/prensa-mpppst\/"}]}},"_links":{"self":[{"href":"https:\/\/www.mpppst.gob.ve\/mpppstweb\/index.php\/wp-json\/wp\/v2\/posts\/4429"}],"collection":[{"href":"https:\/\/www.mpppst.gob.ve\/mpppstweb\/index.php\/wp-json\/wp\/v2\/posts"}],"about":[{"href":"https:\/\/www.mpppst.gob.ve\/mpppstweb\/index.php\/wp-json\/wp\/v2\/types\/post"}],"author":[{"embeddable":true,"href":"https:\/\/www.mpppst.gob.ve\/mpppstweb\/index.php\/wp-json\/wp\/v2\/users\/25"}],"replies":[{"embeddable":true,"href":"https:\/\/www.mpppst.gob.ve\/mpppstweb\/index.php\/wp-json\/wp\/v2\/comments?post=4429"}],"version-history":[{"count":1,"href":"https:\/\/www.mpppst.gob.ve\/mpppstweb\/index.php\/wp-json\/wp\/v2\/posts\/4429\/revisions"}],"predecessor-version":[{"id":6983,"href":"https:\/\/www.mpppst.gob.ve\/mpppstweb\/index.php\/wp-json\/wp\/v2\/posts\/4429\/revisions\/6983"}],"wp:featuredmedia":[{"embeddable":true,"href":"https:\/\/www.mpppst.gob.ve\/mpppstweb\/index.php\/wp-json\/wp\/v2\/media\/4430"}],"wp:attachment":[{"href":"https:\/\/www.mpppst.gob.ve\/mpppstweb\/index.php\/wp-json\/wp\/v2\/media?parent=4429"}],"wp:term":[{"taxonomy":"category","embeddable":true,"href":"https:\/\/www.mpppst.gob.ve\/mpppstweb\/index.php\/wp-json\/wp\/v2\/categories?post=4429"},{"taxonomy":"post_tag","embeddable":true,"href":"https:\/\/www.mpppst.gob.ve\/mpppstweb\/index.php\/wp-json\/wp\/v2\/tags?post=4429"}],"curies":[{"name":"wp","href":"https:\/\/api.w.org\/{rel}","templated":true}]}}