{"id":4444,"date":"2016-01-20T09:45:14","date_gmt":"2016-01-20T09:45:14","guid":{"rendered":"http:\/\/www.mpppst.gob.ve\/mpppstweb\/?p=4444"},"modified":"2016-07-01T18:06:49","modified_gmt":"2016-07-01T18:06:49","slug":"maduro-convoca-a-todos-los-sectores-para-afrontar-la-coyuntura-economica-desde-el-humanismo","status":"publish","type":"post","link":"https:\/\/www.mpppst.gob.ve\/mpppstweb\/index.php\/2016\/01\/20\/maduro-convoca-a-todos-los-sectores-para-afrontar-la-coyuntura-economica-desde-el-humanismo\/","title":{"rendered":"Maduro convoca a todos los sectores para afrontar la coyuntura econ\u00f3mica desde el humanismo"},"content":{"rendered":"<p>Caracas, 20 Ene. AVN.- El presidente de la Rep\u00fablica, Nicol\u00e1s Maduro, convoca este martes a todos los venezolanos para dar una gran respuesta hist\u00f3rica de toda la sociedad desde el humanismo, para hacer frente a la coyuntura econ\u00f3mica que atraviesa el pa\u00eds, producto de la crisis econ\u00f3mica mundial y la guerra no convencional que promueve la derecha para sabotear el proceso de transformaci\u00f3n hacia el socialismo.<\/p>\n<p style=\"text-align: justify;\">\u00abConvoco al mismo esp\u00edritu creador y generador de una gran respuesta hist\u00f3rica de toda la sociedad venezolana desde el humanismo, desde el pensamiento social avanzado, desde el bolivarialismo. Lo que vayamos a hacer tiene que ser para mantener al ser humano en el centro, la sociedad, la familia, la comunidad\u00bb y mantener y consolidar los derechos sociales, expres\u00f3 el jefe de Estado en transmisi\u00f3n conjunta de radio y televisi\u00f3n desde el Teatro Teresa Carre\u00f1o, en Caracas, donde se instala el Consejo Nacional de la Econom\u00eda Productiva.<\/p>\n<p style=\"text-align: justify;\">Para consolidar el nuevo modelo econ\u00f3mico productivo es necesario generar una nueva base de riqueza nueva. \u00abPrecisamente una de las grandes metas de esta agenda econ\u00f3mica bolivariana, es generar las nuevas fuentes de la nueva riqueza nacional, uno de los grandes retos de toda esta generaci\u00f3n de trabajadores, de empresarios, de hombres y mujeres de Venezuela\u00bb, expres\u00f3 Maduro, al tiempo que indic\u00f3 que la misma debe ser \u00absostenida y auto-sostenida con el trabajo nacional, con la capacidad nacional\u00bb.<\/p>\n<p style=\"text-align: justify;\">El Presidente explic\u00f3 que los venezolanos deben \u00abconstruir una agenda com\u00fan, una agenda de todos, de car\u00e1cter nacional y estructurar este di\u00e1logo nacional como un di\u00e1logo para la acci\u00f3n, para ubicar, identificar y solucionar los problemas que hoy est\u00e1n en el centro de la vida econ\u00f3mica del pa\u00eds\u00bb.<\/p>\n<p style=\"text-align: justify;\">Agreg\u00f3 que Venezuela ha tenido que enfrentarse a la \u00abnaturaleza econ\u00f3mica de la crisis mundial, y la afectaci\u00f3n del principal ingreso\u00bb del pa\u00eds, por lo que \u00abestamos obligados a sustituir todas las fuentes de ingreso del petr\u00f3leo por el trabajo creador y nuevas fuentes de ingreso que sostengan la vida, la estabilidad y el esfuerzo de prosperidad y de felicidad\u00bb.<\/p>\n<p style=\"text-align: justify;\">\u00abVenezuela puede, es una oportunidad, pero no es una oportunidad en el aire, es una capacidad que est\u00e1 sentada en el trabajo y en la voluntad, la voluntad total porque yo s\u00e9 que Venezuela est\u00e1 llena del impulso y de la voluntad total de salir de esta crisis y remontar los obst\u00e1culos que hemos tenido\u00bb, expres\u00f3 al hacer referencia de la guerra econ\u00f3mica que promueve la derecha \u2013caracterizada por la especulaci\u00f3n, contrabando y acaparamiento de alimentos y medicinas, as\u00ed como el sabotaje a la producci\u00f3n nacional\u2013 y la crisis econ\u00f3mica mundial.<\/p>\n","protected":false},"excerpt":{"rendered":"<p>El presidente de la Rep\u00fablica, Nicol\u00e1s Maduro, convoc\u00f3 a todos los venezolanos para hacer frente a la coyuntura econ\u00f3mica que atraviesa el pa\u00eds<\/p>\n","protected":false},"author":25,"featured_media":4446,"comment_status":"closed","ping_status":"closed","sticky":false,"template":"","format":"standard","meta":{"footnotes":""},"categories":[82],"tags":[],"yoast_head":"<!-- This site is optimized with the Yoast SEO plugin v22.5 - https:\/\/yoast.com\/wordpress\/plugins\/seo\/ -->\n<title>Maduro convoca a todos los sectores para afrontar la coyuntura econ\u00f3mica desde el humanismo - MPPPST<\/title>\n<meta name=\"robots\" content=\"index, follow, max-snippet:-1, max-image-preview:large, max-video-preview:-1\" \/>\n<link rel=\"canonical\" href=\"https:\/\/www.mpppst.gob.ve\/mpppstweb\/index.php\/2016\/01\/20\/maduro-convoca-a-todos-los-sectores-para-afrontar-la-coyuntura-economica-desde-el-humanismo\/\" \/>\n<meta property=\"og:locale\" content=\"es_ES\" \/>\n<meta property=\"og:type\" content=\"article\" \/>\n<meta property=\"og:title\" content=\"Maduro convoca a todos los sectores para afrontar la coyuntura econ\u00f3mica desde el humanismo - MPPPST\" \/>\n<meta property=\"og:description\" content=\"El presidente de la Rep\u00fablica, Nicol\u00e1s Maduro, convoc\u00f3 a todos los venezolanos para hacer frente a la coyuntura econ\u00f3mica que atraviesa el pa\u00eds\" \/>\n<meta property=\"og:url\" content=\"https:\/\/www.mpppst.gob.ve\/mpppstweb\/index.php\/2016\/01\/20\/maduro-convoca-a-todos-los-sectores-para-afrontar-la-coyuntura-economica-desde-el-humanismo\/\" \/>\n<meta property=\"og:site_name\" content=\"MPPPST\" \/>\n<meta property=\"article:published_time\" content=\"2016-01-20T09:45:14+00:00\" \/>\n<meta property=\"article:modified_time\" content=\"2016-07-01T18:06:49+00:00\" \/>\n<meta property=\"og:image\" content=\"https:\/\/www.mpppst.gob.ve\/mpppstweb\/wp-content\/uploads\/2016\/01\/maduro-TTC.jpg\" \/>\n\t<meta property=\"og:image:width\" content=\"448\" \/>\n\t<meta property=\"og:image:height\" content=\"242\" \/>\n\t<meta property=\"og:image:type\" content=\"image\/jpeg\" \/>\n<meta name=\"author\" content=\"MPPPST Prensa\" \/>\n<meta name=\"twitter:card\" content=\"summary_large_image\" \/>\n<meta name=\"twitter:label1\" content=\"Escrito por\" \/>\n\t<meta name=\"twitter:data1\" content=\"MPPPST Prensa\" \/>\n\t<meta name=\"twitter:label2\" content=\"Tiempo de lectura\" \/>\n\t<meta name=\"twitter:data2\" content=\"2 minutos\" \/>\n<script type=\"application\/ld+json\" class=\"yoast-schema-graph\">{\"@context\":\"https:\/\/schema.org\",\"@graph\":[{\"@type\":\"Article\",\"@id\":\"https:\/\/www.mpppst.gob.ve\/mpppstweb\/index.php\/2016\/01\/20\/maduro-convoca-a-todos-los-sectores-para-afrontar-la-coyuntura-economica-desde-el-humanismo\/#article\",\"isPartOf\":{\"@id\":\"https:\/\/www.mpppst.gob.ve\/mpppstweb\/index.php\/2016\/01\/20\/maduro-convoca-a-todos-los-sectores-para-afrontar-la-coyuntura-economica-desde-el-humanismo\/\"},\"author\":{\"name\":\"MPPPST Prensa\",\"@id\":\"https:\/\/www.mpppst.gob.ve\/mpppstweb\/#\/schema\/person\/fc187ee8ead412bd4c9304b62f900ea4\"},\"headline\":\"Maduro convoca a todos los sectores para afrontar la coyuntura econ\u00f3mica desde el humanismo\",\"datePublished\":\"2016-01-20T09:45:14+00:00\",\"dateModified\":\"2016-07-01T18:06:49+00:00\",\"mainEntityOfPage\":{\"@id\":\"https:\/\/www.mpppst.gob.ve\/mpppstweb\/index.php\/2016\/01\/20\/maduro-convoca-a-todos-los-sectores-para-afrontar-la-coyuntura-economica-desde-el-humanismo\/\"},\"wordCount\":477,\"publisher\":{\"@id\":\"https:\/\/www.mpppst.gob.ve\/mpppstweb\/#organization\"},\"image\":{\"@id\":\"https:\/\/www.mpppst.gob.ve\/mpppstweb\/index.php\/2016\/01\/20\/maduro-convoca-a-todos-los-sectores-para-afrontar-la-coyuntura-economica-desde-el-humanismo\/#primaryimage\"},\"thumbnailUrl\":\"https:\/\/www.mpppst.gob.ve\/mpppstweb\/wp-content\/uploads\/2016\/01\/maduro-TTC.jpg\",\"articleSection\":[\"Gobierno Nacional\"],\"inLanguage\":\"es\"},{\"@type\":\"WebPage\",\"@id\":\"https:\/\/www.mpppst.gob.ve\/mpppstweb\/index.php\/2016\/01\/20\/maduro-convoca-a-todos-los-sectores-para-afrontar-la-coyuntura-economica-desde-el-humanismo\/\",\"url\":\"https:\/\/www.mpppst.gob.ve\/mpppstweb\/index.php\/2016\/01\/20\/maduro-convoca-a-todos-los-sectores-para-afrontar-la-coyuntura-economica-desde-el-humanismo\/\",\"name\":\"Maduro convoca a todos los sectores para afrontar la coyuntura econ\u00f3mica desde el humanismo - MPPPST\",\"isPartOf\":{\"@id\":\"https:\/\/www.mpppst.gob.ve\/mpppstweb\/#website\"},\"primaryImageOfPage\":{\"@id\":\"https:\/\/www.mpppst.gob.ve\/mpppstweb\/index.php\/2016\/01\/20\/maduro-convoca-a-todos-los-sectores-para-afrontar-la-coyuntura-economica-desde-el-humanismo\/#primaryimage\"},\"image\":{\"@id\":\"https:\/\/www.mpppst.gob.ve\/mpppstweb\/index.php\/2016\/01\/20\/maduro-convoca-a-todos-los-sectores-para-afrontar-la-coyuntura-economica-desde-el-humanismo\/#primaryimage\"},\"thumbnailUrl\":\"https:\/\/www.mpppst.gob.ve\/mpppstweb\/wp-content\/uploads\/2016\/01\/maduro-TTC.jpg\",\"datePublished\":\"2016-01-20T09:45:14+00:00\",\"dateModified\":\"2016-07-01T18:06:49+00:00\",\"breadcrumb\":{\"@id\":\"https:\/\/www.mpppst.gob.ve\/mpppstweb\/index.php\/2016\/01\/20\/maduro-convoca-a-todos-los-sectores-para-afrontar-la-coyuntura-economica-desde-el-humanismo\/#breadcrumb\"},\"inLanguage\":\"es\",\"potentialAction\":[{\"@type\":\"ReadAction\",\"target\":[\"https:\/\/www.mpppst.gob.ve\/mpppstweb\/index.php\/2016\/01\/20\/maduro-convoca-a-todos-los-sectores-para-afrontar-la-coyuntura-economica-desde-el-humanismo\/\"]}]},{\"@type\":\"ImageObject\",\"inLanguage\":\"es\",\"@id\":\"https:\/\/www.mpppst.gob.ve\/mpppstweb\/index.php\/2016\/01\/20\/maduro-convoca-a-todos-los-sectores-para-afrontar-la-coyuntura-economica-desde-el-humanismo\/#primaryimage\",\"url\":\"https:\/\/www.mpppst.gob.ve\/mpppstweb\/wp-content\/uploads\/2016\/01\/maduro-TTC.jpg\",\"contentUrl\":\"https:\/\/www.mpppst.gob.ve\/mpppstweb\/wp-content\/uploads\/2016\/01\/maduro-TTC.jpg\",\"width\":448,\"height\":242},{\"@type\":\"BreadcrumbList\",\"@id\":\"https:\/\/www.mpppst.gob.ve\/mpppstweb\/index.php\/2016\/01\/20\/maduro-convoca-a-todos-los-sectores-para-afrontar-la-coyuntura-economica-desde-el-humanismo\/#breadcrumb\",\"itemListElement\":[{\"@type\":\"ListItem\",\"position\":1,\"name\":\"Home\",\"item\":\"https:\/\/www.mpppst.gob.ve\/mpppstweb\/\"},{\"@type\":\"ListItem\",\"position\":2,\"name\":\"Maduro convoca a todos los sectores para afrontar la coyuntura econ\u00f3mica desde el humanismo\"}]},{\"@type\":\"WebSite\",\"@id\":\"https:\/\/www.mpppst.gob.ve\/mpppstweb\/#website\",\"url\":\"https:\/\/www.mpppst.gob.ve\/mpppstweb\/\",\"name\":\"MPPPST\",\"description\":\"Ministerio del Poder Popular para el Proceso Social de Trabajo\",\"publisher\":{\"@id\":\"https:\/\/www.mpppst.gob.ve\/mpppstweb\/#organization\"},\"potentialAction\":[{\"@type\":\"SearchAction\",\"target\":{\"@type\":\"EntryPoint\",\"urlTemplate\":\"https:\/\/www.mpppst.gob.ve\/mpppstweb\/?s={search_term_string}\"},\"query-input\":\"required name=search_term_string\"}],\"inLanguage\":\"es\"},{\"@type\":\"Organization\",\"@id\":\"https:\/\/www.mpppst.gob.ve\/mpppstweb\/#organization\",\"name\":\"mpppst\",\"url\":\"https:\/\/www.mpppst.gob.ve\/mpppstweb\/\",\"logo\":{\"@type\":\"ImageObject\",\"inLanguage\":\"es\",\"@id\":\"https:\/\/www.mpppst.gob.ve\/mpppstweb\/#\/schema\/logo\/image\/\",\"url\":\"https:\/\/www.mpppst.gob.ve\/mpppstweb\/wp-content\/uploads\/2025\/07\/cropped-cropped-g910.png\",\"contentUrl\":\"https:\/\/www.mpppst.gob.ve\/mpppstweb\/wp-content\/uploads\/2025\/07\/cropped-cropped-g910.png\",\"width\":1080,\"height\":241,\"caption\":\"mpppst\"},\"image\":{\"@id\":\"https:\/\/www.mpppst.gob.ve\/mpppstweb\/#\/schema\/logo\/image\/\"}},{\"@type\":\"Person\",\"@id\":\"https:\/\/www.mpppst.gob.ve\/mpppstweb\/#\/schema\/person\/fc187ee8ead412bd4c9304b62f900ea4\",\"name\":\"MPPPST Prensa\",\"url\":\"https:\/\/www.mpppst.gob.ve\/mpppstweb\/index.php\/author\/prensa-mpppst\/\"}]}<\/script>\n<!-- \/ Yoast SEO plugin. -->","yoast_head_json":{"title":"Maduro convoca a todos los sectores para afrontar la coyuntura econ\u00f3mica desde el humanismo - MPPPST","robots":{"index":"index","follow":"follow","max-snippet":"max-snippet:-1","max-image-preview":"max-image-preview:large","max-video-preview":"max-video-preview:-1"},"canonical":"https:\/\/www.mpppst.gob.ve\/mpppstweb\/index.php\/2016\/01\/20\/maduro-convoca-a-todos-los-sectores-para-afrontar-la-coyuntura-economica-desde-el-humanismo\/","og_locale":"es_ES","og_type":"article","og_title":"Maduro convoca a todos los sectores para afrontar la coyuntura econ\u00f3mica desde el humanismo - MPPPST","og_description":"El presidente de la Rep\u00fablica, Nicol\u00e1s Maduro, convoc\u00f3 a todos los venezolanos para hacer frente a la coyuntura econ\u00f3mica que atraviesa el pa\u00eds","og_url":"https:\/\/www.mpppst.gob.ve\/mpppstweb\/index.php\/2016\/01\/20\/maduro-convoca-a-todos-los-sectores-para-afrontar-la-coyuntura-economica-desde-el-humanismo\/","og_site_name":"MPPPST","article_published_time":"2016-01-20T09:45:14+00:00","article_modified_time":"2016-07-01T18:06:49+00:00","og_image":[{"width":448,"height":242,"url":"https:\/\/www.mpppst.gob.ve\/mpppstweb\/wp-content\/uploads\/2016\/01\/maduro-TTC.jpg","type":"image\/jpeg"}],"author":"MPPPST Prensa","twitter_card":"summary_large_image","twitter_misc":{"Escrito por":"MPPPST Prensa","Tiempo de lectura":"2 minutos"},"schema":{"@context":"https:\/\/schema.org","@graph":[{"@type":"Article","@id":"https:\/\/www.mpppst.gob.ve\/mpppstweb\/index.php\/2016\/01\/20\/maduro-convoca-a-todos-los-sectores-para-afrontar-la-coyuntura-economica-desde-el-humanismo\/#article","isPartOf":{"@id":"https:\/\/www.mpppst.gob.ve\/mpppstweb\/index.php\/2016\/01\/20\/maduro-convoca-a-todos-los-sectores-para-afrontar-la-coyuntura-economica-desde-el-humanismo\/"},"author":{"name":"MPPPST Prensa","@id":"https:\/\/www.mpppst.gob.ve\/mpppstweb\/#\/schema\/person\/fc187ee8ead412bd4c9304b62f900ea4"},"headline":"Maduro convoca a todos los sectores para afrontar la coyuntura econ\u00f3mica desde el humanismo","datePublished":"2016-01-20T09:45:14+00:00","dateModified":"2016-07-01T18:06:49+00:00","mainEntityOfPage":{"@id":"https:\/\/www.mpppst.gob.ve\/mpppstweb\/index.php\/2016\/01\/20\/maduro-convoca-a-todos-los-sectores-para-afrontar-la-coyuntura-economica-desde-el-humanismo\/"},"wordCount":477,"publisher":{"@id":"https:\/\/www.mpppst.gob.ve\/mpppstweb\/#organization"},"image":{"@id":"https:\/\/www.mpppst.gob.ve\/mpppstweb\/index.php\/2016\/01\/20\/maduro-convoca-a-todos-los-sectores-para-afrontar-la-coyuntura-economica-desde-el-humanismo\/#primaryimage"},"thumbnailUrl":"https:\/\/www.mpppst.gob.ve\/mpppstweb\/wp-content\/uploads\/2016\/01\/maduro-TTC.jpg","articleSection":["Gobierno Nacional"],"inLanguage":"es"},{"@type":"WebPage","@id":"https:\/\/www.mpppst.gob.ve\/mpppstweb\/index.php\/2016\/01\/20\/maduro-convoca-a-todos-los-sectores-para-afrontar-la-coyuntura-economica-desde-el-humanismo\/","url":"https:\/\/www.mpppst.gob.ve\/mpppstweb\/index.php\/2016\/01\/20\/maduro-convoca-a-todos-los-sectores-para-afrontar-la-coyuntura-economica-desde-el-humanismo\/","name":"Maduro convoca a todos los sectores para afrontar la coyuntura econ\u00f3mica desde el humanismo - MPPPST","isPartOf":{"@id":"https:\/\/www.mpppst.gob.ve\/mpppstweb\/#website"},"primaryImageOfPage":{"@id":"https:\/\/www.mpppst.gob.ve\/mpppstweb\/index.php\/2016\/01\/20\/maduro-convoca-a-todos-los-sectores-para-afrontar-la-coyuntura-economica-desde-el-humanismo\/#primaryimage"},"image":{"@id":"https:\/\/www.mpppst.gob.ve\/mpppstweb\/index.php\/2016\/01\/20\/maduro-convoca-a-todos-los-sectores-para-afrontar-la-coyuntura-economica-desde-el-humanismo\/#primaryimage"},"thumbnailUrl":"https:\/\/www.mpppst.gob.ve\/mpppstweb\/wp-content\/uploads\/2016\/01\/maduro-TTC.jpg","datePublished":"2016-01-20T09:45:14+00:00","dateModified":"2016-07-01T18:06:49+00:00","breadcrumb":{"@id":"https:\/\/www.mpppst.gob.ve\/mpppstweb\/index.php\/2016\/01\/20\/maduro-convoca-a-todos-los-sectores-para-afrontar-la-coyuntura-economica-desde-el-humanismo\/#breadcrumb"},"inLanguage":"es","potentialAction":[{"@type":"ReadAction","target":["https:\/\/www.mpppst.gob.ve\/mpppstweb\/index.php\/2016\/01\/20\/maduro-convoca-a-todos-los-sectores-para-afrontar-la-coyuntura-economica-desde-el-humanismo\/"]}]},{"@type":"ImageObject","inLanguage":"es","@id":"https:\/\/www.mpppst.gob.ve\/mpppstweb\/index.php\/2016\/01\/20\/maduro-convoca-a-todos-los-sectores-para-afrontar-la-coyuntura-economica-desde-el-humanismo\/#primaryimage","url":"https:\/\/www.mpppst.gob.ve\/mpppstweb\/wp-content\/uploads\/2016\/01\/maduro-TTC.jpg","contentUrl":"https:\/\/www.mpppst.gob.ve\/mpppstweb\/wp-content\/uploads\/2016\/01\/maduro-TTC.jpg","width":448,"height":242},{"@type":"BreadcrumbList","@id":"https:\/\/www.mpppst.gob.ve\/mpppstweb\/index.php\/2016\/01\/20\/maduro-convoca-a-todos-los-sectores-para-afrontar-la-coyuntura-economica-desde-el-humanismo\/#breadcrumb","itemListElement":[{"@type":"ListItem","position":1,"name":"Home","item":"https:\/\/www.mpppst.gob.ve\/mpppstweb\/"},{"@type":"ListItem","position":2,"name":"Maduro convoca a todos los sectores para afrontar la coyuntura econ\u00f3mica desde el humanismo"}]},{"@type":"WebSite","@id":"https:\/\/www.mpppst.gob.ve\/mpppstweb\/#website","url":"https:\/\/www.mpppst.gob.ve\/mpppstweb\/","name":"MPPPST","description":"Ministerio del Poder Popular para el Proceso Social de Trabajo","publisher":{"@id":"https:\/\/www.mpppst.gob.ve\/mpppstweb\/#organization"},"potentialAction":[{"@type":"SearchAction","target":{"@type":"EntryPoint","urlTemplate":"https:\/\/www.mpppst.gob.ve\/mpppstweb\/?s={search_term_string}"},"query-input":"required name=search_term_string"}],"inLanguage":"es"},{"@type":"Organization","@id":"https:\/\/www.mpppst.gob.ve\/mpppstweb\/#organization","name":"mpppst","url":"https:\/\/www.mpppst.gob.ve\/mpppstweb\/","logo":{"@type":"ImageObject","inLanguage":"es","@id":"https:\/\/www.mpppst.gob.ve\/mpppstweb\/#\/schema\/logo\/image\/","url":"https:\/\/www.mpppst.gob.ve\/mpppstweb\/wp-content\/uploads\/2025\/07\/cropped-cropped-g910.png","contentUrl":"https:\/\/www.mpppst.gob.ve\/mpppstweb\/wp-content\/uploads\/2025\/07\/cropped-cropped-g910.png","width":1080,"height":241,"caption":"mpppst"},"image":{"@id":"https:\/\/www.mpppst.gob.ve\/mpppstweb\/#\/schema\/logo\/image\/"}},{"@type":"Person","@id":"https:\/\/www.mpppst.gob.ve\/mpppstweb\/#\/schema\/person\/fc187ee8ead412bd4c9304b62f900ea4","name":"MPPPST Prensa","url":"https:\/\/www.mpppst.gob.ve\/mpppstweb\/index.php\/author\/prensa-mpppst\/"}]}},"_links":{"self":[{"href":"https:\/\/www.mpppst.gob.ve\/mpppstweb\/index.php\/wp-json\/wp\/v2\/posts\/4444"}],"collection":[{"href":"https:\/\/www.mpppst.gob.ve\/mpppstweb\/index.php\/wp-json\/wp\/v2\/posts"}],"about":[{"href":"https:\/\/www.mpppst.gob.ve\/mpppstweb\/index.php\/wp-json\/wp\/v2\/types\/post"}],"author":[{"embeddable":true,"href":"https:\/\/www.mpppst.gob.ve\/mpppstweb\/index.php\/wp-json\/wp\/v2\/users\/25"}],"replies":[{"embeddable":true,"href":"https:\/\/www.mpppst.gob.ve\/mpppstweb\/index.php\/wp-json\/wp\/v2\/comments?post=4444"}],"version-history":[{"count":1,"href":"https:\/\/www.mpppst.gob.ve\/mpppstweb\/index.php\/wp-json\/wp\/v2\/posts\/4444\/revisions"}],"predecessor-version":[{"id":6984,"href":"https:\/\/www.mpppst.gob.ve\/mpppstweb\/index.php\/wp-json\/wp\/v2\/posts\/4444\/revisions\/6984"}],"wp:featuredmedia":[{"embeddable":true,"href":"https:\/\/www.mpppst.gob.ve\/mpppstweb\/index.php\/wp-json\/wp\/v2\/media\/4446"}],"wp:attachment":[{"href":"https:\/\/www.mpppst.gob.ve\/mpppstweb\/index.php\/wp-json\/wp\/v2\/media?parent=4444"}],"wp:term":[{"taxonomy":"category","embeddable":true,"href":"https:\/\/www.mpppst.gob.ve\/mpppstweb\/index.php\/wp-json\/wp\/v2\/categories?post=4444"},{"taxonomy":"post_tag","embeddable":true,"href":"https:\/\/www.mpppst.gob.ve\/mpppstweb\/index.php\/wp-json\/wp\/v2\/tags?post=4444"}],"curies":[{"name":"wp","href":"https:\/\/api.w.org\/{rel}","templated":true}]}}