{"id":4597,"date":"2016-02-04T09:12:12","date_gmt":"2016-02-04T09:12:12","guid":{"rendered":"http:\/\/www.mpppst.gob.ve\/mpppstweb\/?p=4597"},"modified":"2016-07-01T18:13:03","modified_gmt":"2016-07-01T18:13:03","slug":"personas-con-discapacidad-solicitan-desarrollar-proyectos-para-la-produccion","status":"publish","type":"post","link":"https:\/\/www.mpppst.gob.ve\/mpppstweb\/index.php\/2016\/02\/04\/personas-con-discapacidad-solicitan-desarrollar-proyectos-para-la-produccion\/","title":{"rendered":"Personas con discapacidad solicitan desarrollar proyectos para la producci\u00f3n"},"content":{"rendered":"<p style=\"text-align: justify;\">Caracas, 3 de febrero (MPPPST).- Representantes del Ministerio del Poder Popular para el Proceso Social de Trabajo (MPPPST), recibieron a un grupo de personas con discapacidad pertenecientes a la Fundaci\u00f3n Caballo de Acero Juan 23 con la finalidad de escuchar sus peticiones y apoyarlos en sus proyectos.<\/p>\n<p style=\"text-align: justify;\">El Director General del Despacho del MPPPST, William Coronado, destac\u00f3 que este grupo de personas con discapacidad se acerc\u00f3 al ente laboral para hacer un planteamiento que les permita mejorar su formaci\u00f3n. En ese sentido, hicieron \u00e9nfasis en los espacios de la Divisi\u00f3n de Rehabilitaci\u00f3n Ocupacional (DRO), ubicado frente al Hospital P\u00e9rez Carre\u00f1o, donde seg\u00fan los presentes pueden desarrollar sus destrezas y habilidades.<\/p>\n<p style=\"text-align: justify;\">Coronado, inform\u00f3 que durante el encuentro se comprometi\u00f3 a verificar los espacios necesarios para brindarles a las personas pertenecientes a esa Fundaci\u00f3n todo el apoyo necesario, que les permita desarrollar la labor que realizan como lo es repotenciar las sillas de rueda y todo tipo de equipos que utilizan las personas con discapacidad motora.<\/p>\n<p style=\"text-align: justify;\">Resalt\u00f3 que una de las caracter\u00edsticas del Gobierno Revolucionario es el humanismo y visibilizar a las personas con discapacidad que fueron invisibilizadas en otra \u00e9poca.<\/p>\n<p style=\"text-align: justify;\">Por su parte, Wilmer Sol\u00f3rzano, presidente de la Fundaci\u00f3n Caballos de Acero Juan 23 y vocero presidencial de personas con discapacidad, manifest\u00f3 que se encuentran ubicados en el 23 de enero, en los espacios del Inces Sim\u00f3n Rodr\u00edguez de la zona F, donde tienen un taller de reparaci\u00f3n de sillas de rueda y ayuda t\u00e9cnica, sin embargo, \u00a0se les dificulta la accesibilidad hacia el lugar.<\/p>\n<p style=\"text-align: justify;\">Por lo tanto, durante la reuni\u00f3n solicitaron la articulaci\u00f3n con el MPPPST sobre esos espacios ubicados en la DRO para poder tomarlos y continuar con sus labores, ya que tienen m\u00e1s facilidad de acceso.<\/p>\n<p style=\"text-align: justify;\">Sol\u00f3rzano dijo sentirse muy contento por el recibimiento por parte de los representantes del MPPPST y destac\u00f3 que tal como siempre lo dec\u00eda el Comandante Eterno, Hugo Ch\u00e1vez, sobre visibilizar a las personas con discapacidad, as\u00ed fueron atendidos con el compromiso de apoyarlos. Asimismo, agradeci\u00f3 la disposici\u00f3n y atenci\u00f3n ofrecida.<\/p>\n<p style=\"text-align: justify;\">Redacci\u00f3n: Miliseth Ysea<\/p>\n<p style=\"text-align: justify;\">Fotograf\u00eda: Maritza Higuera<\/p>\n","protected":false},"excerpt":{"rendered":"<p>Representantes del MPPPST, recibieron a un grupo de personas con discapacidad pertenecientes a la Fundaci\u00f3n Caballo de Acero Juan 23.<\/p>\n","protected":false},"author":25,"featured_media":4598,"comment_status":"closed","ping_status":"closed","sticky":false,"template":"","format":"standard","meta":{"footnotes":""},"categories":[83],"tags":[],"yoast_head":"<!-- This site is optimized with the Yoast SEO plugin v22.5 - https:\/\/yoast.com\/wordpress\/plugins\/seo\/ -->\n<title>Personas con discapacidad solicitan desarrollar proyectos para la producci\u00f3n - MPPPST<\/title>\n<meta name=\"robots\" content=\"index, follow, max-snippet:-1, max-image-preview:large, max-video-preview:-1\" \/>\n<link rel=\"canonical\" href=\"https:\/\/www.mpppst.gob.ve\/mpppstweb\/index.php\/2016\/02\/04\/personas-con-discapacidad-solicitan-desarrollar-proyectos-para-la-produccion\/\" \/>\n<meta property=\"og:locale\" content=\"es_ES\" \/>\n<meta property=\"og:type\" content=\"article\" \/>\n<meta property=\"og:title\" content=\"Personas con discapacidad solicitan desarrollar proyectos para la producci\u00f3n - MPPPST\" \/>\n<meta property=\"og:description\" content=\"Representantes del MPPPST, recibieron a un grupo de personas con discapacidad pertenecientes a la Fundaci\u00f3n Caballo de Acero Juan 23.\" \/>\n<meta property=\"og:url\" content=\"https:\/\/www.mpppst.gob.ve\/mpppstweb\/index.php\/2016\/02\/04\/personas-con-discapacidad-solicitan-desarrollar-proyectos-para-la-produccion\/\" \/>\n<meta property=\"og:site_name\" content=\"MPPPST\" \/>\n<meta property=\"article:published_time\" content=\"2016-02-04T09:12:12+00:00\" \/>\n<meta property=\"article:modified_time\" content=\"2016-07-01T18:13:03+00:00\" \/>\n<meta name=\"author\" content=\"MPPPST Prensa\" \/>\n<meta name=\"twitter:card\" content=\"summary_large_image\" \/>\n<meta name=\"twitter:label1\" content=\"Escrito por\" \/>\n\t<meta name=\"twitter:data1\" content=\"MPPPST Prensa\" \/>\n\t<meta name=\"twitter:label2\" content=\"Tiempo de lectura\" \/>\n\t<meta name=\"twitter:data2\" content=\"2 minutos\" \/>\n<script type=\"application\/ld+json\" class=\"yoast-schema-graph\">{\"@context\":\"https:\/\/schema.org\",\"@graph\":[{\"@type\":\"Article\",\"@id\":\"https:\/\/www.mpppst.gob.ve\/mpppstweb\/index.php\/2016\/02\/04\/personas-con-discapacidad-solicitan-desarrollar-proyectos-para-la-produccion\/#article\",\"isPartOf\":{\"@id\":\"https:\/\/www.mpppst.gob.ve\/mpppstweb\/index.php\/2016\/02\/04\/personas-con-discapacidad-solicitan-desarrollar-proyectos-para-la-produccion\/\"},\"author\":{\"name\":\"MPPPST Prensa\",\"@id\":\"https:\/\/www.mpppst.gob.ve\/mpppstweb\/#\/schema\/person\/fc187ee8ead412bd4c9304b62f900ea4\"},\"headline\":\"Personas con discapacidad solicitan desarrollar proyectos para la producci\u00f3n\",\"datePublished\":\"2016-02-04T09:12:12+00:00\",\"dateModified\":\"2016-07-01T18:13:03+00:00\",\"mainEntityOfPage\":{\"@id\":\"https:\/\/www.mpppst.gob.ve\/mpppstweb\/index.php\/2016\/02\/04\/personas-con-discapacidad-solicitan-desarrollar-proyectos-para-la-produccion\/\"},\"wordCount\":376,\"publisher\":{\"@id\":\"https:\/\/www.mpppst.gob.ve\/mpppstweb\/#organization\"},\"image\":{\"@id\":\"https:\/\/www.mpppst.gob.ve\/mpppstweb\/index.php\/2016\/02\/04\/personas-con-discapacidad-solicitan-desarrollar-proyectos-para-la-produccion\/#primaryimage\"},\"thumbnailUrl\":\"\",\"articleSection\":[\"Ministerio\"],\"inLanguage\":\"es\"},{\"@type\":\"WebPage\",\"@id\":\"https:\/\/www.mpppst.gob.ve\/mpppstweb\/index.php\/2016\/02\/04\/personas-con-discapacidad-solicitan-desarrollar-proyectos-para-la-produccion\/\",\"url\":\"https:\/\/www.mpppst.gob.ve\/mpppstweb\/index.php\/2016\/02\/04\/personas-con-discapacidad-solicitan-desarrollar-proyectos-para-la-produccion\/\",\"name\":\"Personas con discapacidad solicitan desarrollar proyectos para la producci\u00f3n - MPPPST\",\"isPartOf\":{\"@id\":\"https:\/\/www.mpppst.gob.ve\/mpppstweb\/#website\"},\"primaryImageOfPage\":{\"@id\":\"https:\/\/www.mpppst.gob.ve\/mpppstweb\/index.php\/2016\/02\/04\/personas-con-discapacidad-solicitan-desarrollar-proyectos-para-la-produccion\/#primaryimage\"},\"image\":{\"@id\":\"https:\/\/www.mpppst.gob.ve\/mpppstweb\/index.php\/2016\/02\/04\/personas-con-discapacidad-solicitan-desarrollar-proyectos-para-la-produccion\/#primaryimage\"},\"thumbnailUrl\":\"\",\"datePublished\":\"2016-02-04T09:12:12+00:00\",\"dateModified\":\"2016-07-01T18:13:03+00:00\",\"breadcrumb\":{\"@id\":\"https:\/\/www.mpppst.gob.ve\/mpppstweb\/index.php\/2016\/02\/04\/personas-con-discapacidad-solicitan-desarrollar-proyectos-para-la-produccion\/#breadcrumb\"},\"inLanguage\":\"es\",\"potentialAction\":[{\"@type\":\"ReadAction\",\"target\":[\"https:\/\/www.mpppst.gob.ve\/mpppstweb\/index.php\/2016\/02\/04\/personas-con-discapacidad-solicitan-desarrollar-proyectos-para-la-produccion\/\"]}]},{\"@type\":\"ImageObject\",\"inLanguage\":\"es\",\"@id\":\"https:\/\/www.mpppst.gob.ve\/mpppstweb\/index.php\/2016\/02\/04\/personas-con-discapacidad-solicitan-desarrollar-proyectos-para-la-produccion\/#primaryimage\",\"url\":\"\",\"contentUrl\":\"\"},{\"@type\":\"BreadcrumbList\",\"@id\":\"https:\/\/www.mpppst.gob.ve\/mpppstweb\/index.php\/2016\/02\/04\/personas-con-discapacidad-solicitan-desarrollar-proyectos-para-la-produccion\/#breadcrumb\",\"itemListElement\":[{\"@type\":\"ListItem\",\"position\":1,\"name\":\"Home\",\"item\":\"https:\/\/www.mpppst.gob.ve\/mpppstweb\/\"},{\"@type\":\"ListItem\",\"position\":2,\"name\":\"Personas con discapacidad solicitan desarrollar proyectos para la producci\u00f3n\"}]},{\"@type\":\"WebSite\",\"@id\":\"https:\/\/www.mpppst.gob.ve\/mpppstweb\/#website\",\"url\":\"https:\/\/www.mpppst.gob.ve\/mpppstweb\/\",\"name\":\"MPPPST\",\"description\":\"Ministerio del Poder Popular para el Proceso Social de Trabajo\",\"publisher\":{\"@id\":\"https:\/\/www.mpppst.gob.ve\/mpppstweb\/#organization\"},\"potentialAction\":[{\"@type\":\"SearchAction\",\"target\":{\"@type\":\"EntryPoint\",\"urlTemplate\":\"https:\/\/www.mpppst.gob.ve\/mpppstweb\/?s={search_term_string}\"},\"query-input\":\"required name=search_term_string\"}],\"inLanguage\":\"es\"},{\"@type\":\"Organization\",\"@id\":\"https:\/\/www.mpppst.gob.ve\/mpppstweb\/#organization\",\"name\":\"mpppst\",\"url\":\"https:\/\/www.mpppst.gob.ve\/mpppstweb\/\",\"logo\":{\"@type\":\"ImageObject\",\"inLanguage\":\"es\",\"@id\":\"https:\/\/www.mpppst.gob.ve\/mpppstweb\/#\/schema\/logo\/image\/\",\"url\":\"https:\/\/www.mpppst.gob.ve\/mpppstweb\/wp-content\/uploads\/2025\/07\/cropped-cropped-g910.png\",\"contentUrl\":\"https:\/\/www.mpppst.gob.ve\/mpppstweb\/wp-content\/uploads\/2025\/07\/cropped-cropped-g910.png\",\"width\":1080,\"height\":241,\"caption\":\"mpppst\"},\"image\":{\"@id\":\"https:\/\/www.mpppst.gob.ve\/mpppstweb\/#\/schema\/logo\/image\/\"}},{\"@type\":\"Person\",\"@id\":\"https:\/\/www.mpppst.gob.ve\/mpppstweb\/#\/schema\/person\/fc187ee8ead412bd4c9304b62f900ea4\",\"name\":\"MPPPST Prensa\",\"url\":\"https:\/\/www.mpppst.gob.ve\/mpppstweb\/index.php\/author\/prensa-mpppst\/\"}]}<\/script>\n<!-- \/ Yoast SEO plugin. -->","yoast_head_json":{"title":"Personas con discapacidad solicitan desarrollar proyectos para la producci\u00f3n - MPPPST","robots":{"index":"index","follow":"follow","max-snippet":"max-snippet:-1","max-image-preview":"max-image-preview:large","max-video-preview":"max-video-preview:-1"},"canonical":"https:\/\/www.mpppst.gob.ve\/mpppstweb\/index.php\/2016\/02\/04\/personas-con-discapacidad-solicitan-desarrollar-proyectos-para-la-produccion\/","og_locale":"es_ES","og_type":"article","og_title":"Personas con discapacidad solicitan desarrollar proyectos para la producci\u00f3n - MPPPST","og_description":"Representantes del MPPPST, recibieron a un grupo de personas con discapacidad pertenecientes a la Fundaci\u00f3n Caballo de Acero Juan 23.","og_url":"https:\/\/www.mpppst.gob.ve\/mpppstweb\/index.php\/2016\/02\/04\/personas-con-discapacidad-solicitan-desarrollar-proyectos-para-la-produccion\/","og_site_name":"MPPPST","article_published_time":"2016-02-04T09:12:12+00:00","article_modified_time":"2016-07-01T18:13:03+00:00","author":"MPPPST Prensa","twitter_card":"summary_large_image","twitter_misc":{"Escrito por":"MPPPST Prensa","Tiempo de lectura":"2 minutos"},"schema":{"@context":"https:\/\/schema.org","@graph":[{"@type":"Article","@id":"https:\/\/www.mpppst.gob.ve\/mpppstweb\/index.php\/2016\/02\/04\/personas-con-discapacidad-solicitan-desarrollar-proyectos-para-la-produccion\/#article","isPartOf":{"@id":"https:\/\/www.mpppst.gob.ve\/mpppstweb\/index.php\/2016\/02\/04\/personas-con-discapacidad-solicitan-desarrollar-proyectos-para-la-produccion\/"},"author":{"name":"MPPPST Prensa","@id":"https:\/\/www.mpppst.gob.ve\/mpppstweb\/#\/schema\/person\/fc187ee8ead412bd4c9304b62f900ea4"},"headline":"Personas con discapacidad solicitan desarrollar proyectos para la producci\u00f3n","datePublished":"2016-02-04T09:12:12+00:00","dateModified":"2016-07-01T18:13:03+00:00","mainEntityOfPage":{"@id":"https:\/\/www.mpppst.gob.ve\/mpppstweb\/index.php\/2016\/02\/04\/personas-con-discapacidad-solicitan-desarrollar-proyectos-para-la-produccion\/"},"wordCount":376,"publisher":{"@id":"https:\/\/www.mpppst.gob.ve\/mpppstweb\/#organization"},"image":{"@id":"https:\/\/www.mpppst.gob.ve\/mpppstweb\/index.php\/2016\/02\/04\/personas-con-discapacidad-solicitan-desarrollar-proyectos-para-la-produccion\/#primaryimage"},"thumbnailUrl":"","articleSection":["Ministerio"],"inLanguage":"es"},{"@type":"WebPage","@id":"https:\/\/www.mpppst.gob.ve\/mpppstweb\/index.php\/2016\/02\/04\/personas-con-discapacidad-solicitan-desarrollar-proyectos-para-la-produccion\/","url":"https:\/\/www.mpppst.gob.ve\/mpppstweb\/index.php\/2016\/02\/04\/personas-con-discapacidad-solicitan-desarrollar-proyectos-para-la-produccion\/","name":"Personas con discapacidad solicitan desarrollar proyectos para la producci\u00f3n - MPPPST","isPartOf":{"@id":"https:\/\/www.mpppst.gob.ve\/mpppstweb\/#website"},"primaryImageOfPage":{"@id":"https:\/\/www.mpppst.gob.ve\/mpppstweb\/index.php\/2016\/02\/04\/personas-con-discapacidad-solicitan-desarrollar-proyectos-para-la-produccion\/#primaryimage"},"image":{"@id":"https:\/\/www.mpppst.gob.ve\/mpppstweb\/index.php\/2016\/02\/04\/personas-con-discapacidad-solicitan-desarrollar-proyectos-para-la-produccion\/#primaryimage"},"thumbnailUrl":"","datePublished":"2016-02-04T09:12:12+00:00","dateModified":"2016-07-01T18:13:03+00:00","breadcrumb":{"@id":"https:\/\/www.mpppst.gob.ve\/mpppstweb\/index.php\/2016\/02\/04\/personas-con-discapacidad-solicitan-desarrollar-proyectos-para-la-produccion\/#breadcrumb"},"inLanguage":"es","potentialAction":[{"@type":"ReadAction","target":["https:\/\/www.mpppst.gob.ve\/mpppstweb\/index.php\/2016\/02\/04\/personas-con-discapacidad-solicitan-desarrollar-proyectos-para-la-produccion\/"]}]},{"@type":"ImageObject","inLanguage":"es","@id":"https:\/\/www.mpppst.gob.ve\/mpppstweb\/index.php\/2016\/02\/04\/personas-con-discapacidad-solicitan-desarrollar-proyectos-para-la-produccion\/#primaryimage","url":"","contentUrl":""},{"@type":"BreadcrumbList","@id":"https:\/\/www.mpppst.gob.ve\/mpppstweb\/index.php\/2016\/02\/04\/personas-con-discapacidad-solicitan-desarrollar-proyectos-para-la-produccion\/#breadcrumb","itemListElement":[{"@type":"ListItem","position":1,"name":"Home","item":"https:\/\/www.mpppst.gob.ve\/mpppstweb\/"},{"@type":"ListItem","position":2,"name":"Personas con discapacidad solicitan desarrollar proyectos para la producci\u00f3n"}]},{"@type":"WebSite","@id":"https:\/\/www.mpppst.gob.ve\/mpppstweb\/#website","url":"https:\/\/www.mpppst.gob.ve\/mpppstweb\/","name":"MPPPST","description":"Ministerio del Poder Popular para el Proceso Social de Trabajo","publisher":{"@id":"https:\/\/www.mpppst.gob.ve\/mpppstweb\/#organization"},"potentialAction":[{"@type":"SearchAction","target":{"@type":"EntryPoint","urlTemplate":"https:\/\/www.mpppst.gob.ve\/mpppstweb\/?s={search_term_string}"},"query-input":"required name=search_term_string"}],"inLanguage":"es"},{"@type":"Organization","@id":"https:\/\/www.mpppst.gob.ve\/mpppstweb\/#organization","name":"mpppst","url":"https:\/\/www.mpppst.gob.ve\/mpppstweb\/","logo":{"@type":"ImageObject","inLanguage":"es","@id":"https:\/\/www.mpppst.gob.ve\/mpppstweb\/#\/schema\/logo\/image\/","url":"https:\/\/www.mpppst.gob.ve\/mpppstweb\/wp-content\/uploads\/2025\/07\/cropped-cropped-g910.png","contentUrl":"https:\/\/www.mpppst.gob.ve\/mpppstweb\/wp-content\/uploads\/2025\/07\/cropped-cropped-g910.png","width":1080,"height":241,"caption":"mpppst"},"image":{"@id":"https:\/\/www.mpppst.gob.ve\/mpppstweb\/#\/schema\/logo\/image\/"}},{"@type":"Person","@id":"https:\/\/www.mpppst.gob.ve\/mpppstweb\/#\/schema\/person\/fc187ee8ead412bd4c9304b62f900ea4","name":"MPPPST Prensa","url":"https:\/\/www.mpppst.gob.ve\/mpppstweb\/index.php\/author\/prensa-mpppst\/"}]}},"_links":{"self":[{"href":"https:\/\/www.mpppst.gob.ve\/mpppstweb\/index.php\/wp-json\/wp\/v2\/posts\/4597"}],"collection":[{"href":"https:\/\/www.mpppst.gob.ve\/mpppstweb\/index.php\/wp-json\/wp\/v2\/posts"}],"about":[{"href":"https:\/\/www.mpppst.gob.ve\/mpppstweb\/index.php\/wp-json\/wp\/v2\/types\/post"}],"author":[{"embeddable":true,"href":"https:\/\/www.mpppst.gob.ve\/mpppstweb\/index.php\/wp-json\/wp\/v2\/users\/25"}],"replies":[{"embeddable":true,"href":"https:\/\/www.mpppst.gob.ve\/mpppstweb\/index.php\/wp-json\/wp\/v2\/comments?post=4597"}],"version-history":[{"count":1,"href":"https:\/\/www.mpppst.gob.ve\/mpppstweb\/index.php\/wp-json\/wp\/v2\/posts\/4597\/revisions"}],"predecessor-version":[{"id":6999,"href":"https:\/\/www.mpppst.gob.ve\/mpppstweb\/index.php\/wp-json\/wp\/v2\/posts\/4597\/revisions\/6999"}],"wp:featuredmedia":[{"embeddable":true,"href":"https:\/\/www.mpppst.gob.ve\/mpppstweb\/index.php\/wp-json\/"}],"wp:attachment":[{"href":"https:\/\/www.mpppst.gob.ve\/mpppstweb\/index.php\/wp-json\/wp\/v2\/media?parent=4597"}],"wp:term":[{"taxonomy":"category","embeddable":true,"href":"https:\/\/www.mpppst.gob.ve\/mpppstweb\/index.php\/wp-json\/wp\/v2\/categories?post=4597"},{"taxonomy":"post_tag","embeddable":true,"href":"https:\/\/www.mpppst.gob.ve\/mpppstweb\/index.php\/wp-json\/wp\/v2\/tags?post=4597"}],"curies":[{"name":"wp","href":"https:\/\/api.w.org\/{rel}","templated":true}]}}