{"id":4611,"date":"2016-02-04T14:21:48","date_gmt":"2016-02-04T14:21:48","guid":{"rendered":"http:\/\/www.mpppst.gob.ve\/mpppstweb\/?p=4611"},"modified":"2016-07-20T13:41:22","modified_gmt":"2016-07-20T13:41:22","slug":"ministro-oswaldo-vera-el-4f-de-1992-nace-la-esperanza-del-pueblo","status":"publish","type":"post","link":"https:\/\/www.mpppst.gob.ve\/mpppstweb\/index.php\/2016\/02\/04\/ministro-oswaldo-vera-el-4f-de-1992-nace-la-esperanza-del-pueblo\/","title":{"rendered":"Ministro Oswaldo Vera: el 4F de 1992  nace la esperanza del pueblo"},"content":{"rendered":"<p>En el seno de la \u00a0marcha realizada el d\u00eda de hoy con el fin de conmemorar la gesta hist\u00f3rica del 4 de Febrero de 1992, el ministro Oswaldo Vera se\u00f1al\u00f3 que en esta fecha \u201cnaci\u00f3 la esperanza del pueblo venezolano\u201d, el mismo pueblo que en el pasado hab\u00eda sido masacrado el 27 y 28 de Febrero de 1989. Se\u00f1al\u00f3 tambi\u00e9n que antes del 4F los trabajadores y trabajadoras hab\u00edan perdido la esperanza, pues se les hab\u00eda despojado de sus reivindicaciones y derechos. \u201cTambi\u00e9n a los viejitos, a los estudiantes que no ten\u00edan acceso a las casas de Estudios del pa\u00eds; a los trabajadores y trabajadoras, a quienes se les hab\u00eda eliminado la retroactividad de las prestaciones sociales\u2026\u201d<\/p>\n<p>El ministro Vera explic\u00f3 que se trataba de una \u201csociedad sin esperanza\u201d y fue precisamente Hugo Ch\u00e1vez Fr\u00edas, \u00a0quien tuvo una contundente victoria pol\u00edtica el 4 de Febrero y a partir de entonces el pueblo se incorpor\u00f3 masivamente en el proceso de inclusi\u00f3n con miras a transformar la Patria, refundar la Patria con el proceso constituyente. Hoy conmemoramos esa lucha pero tambi\u00e9n celebramos el nacimiento de la Patria\u2026<\/p>\n<p>A\u00f1adi\u00f3 que a los trabajadores y a las trabajadoras con la Ley Org\u00e1nica del Trabajo, los Trabajadores y las Trabajadoras se les devuelve la retroactividad de las prestaciones sociales. Ahora el trabajo se concibe como una fuerza para redistribuir la riqueza que producimos, \u00a0no para que vaya a las manos del capital.<\/p>\n<p><strong>Reto de cara a la coyuntura <\/strong><\/p>\n<p>Asimismo, dijo que el gran reto que tienen los venezolanos y venezolanas hoy, y particularmente los trabajadores y trabajadoras, de cara a la realidad actual, consiste en cambiar el patr\u00f3n productivo: \u201cEse modelo que dependi\u00f3 exclusivamente del petr\u00f3leo y de su renta. El gran compromiso de los trabajadores y trabajadoras es la producci\u00f3n. Es lograr que Venezuela tenga una econom\u00eda diversificada\u201d, al tiempo que argumentaba sobre la necesidad de impulsar a\u00fan m\u00e1s las empresas del Estado, garantizar los bienes y servicios y defender lo que tanto nos ha costado. \u201cVamos a la econom\u00eda productiva, tal como lo ha solicitado el Presidente\u201d.<\/p>\n<p><strong>Mensaje para la oposici\u00f3n <\/strong><\/p>\n<p>Asimismo, refiri\u00f3 que el gran s\u00edmbolo de los revolucionarios es la paz, es la garant\u00eda de tener Patria, de tener nuestras propias decisiones\u2026 No existe posibilidad de devolver la revoluci\u00f3n\u00a0 Bolivariana porque ya est\u00e1 en la sangre de los venezolanos, as\u00ed como en toda Am\u00e9rica Latina. El mensaje que ha dado el propio Presidente Nicol\u00e1s Maduro es que nos incorporemos todos, tenemos una Patria que es de todos\u2026 Y hoy, bajo la conducci\u00f3n del Presidente Maduro y con el esfuerzo mancomunado, hasta de quienes nos adversan, seguiremos con esta Patria que es de todos. No es a trav\u00e9s de la violencia ni del saboteo, finaliz\u00f3.<\/p>\n<p>&nbsp;<\/p>\n<p>Prensa MPPPST<\/p>\n<p>Foto: F\u00e9lix Ordaz<\/p>\n","protected":false},"excerpt":{"rendered":"<p>En el seno de la marcha realizada para conmemorar la gesta hist\u00f3rica del 4 de Febrero de 1992, el ministro Oswaldo Vera se\u00f1al\u00f3 que en esta fecha \u201cnaci\u00f3 la esperanza del pueblo venezolano.<\/p>\n","protected":false},"author":25,"featured_media":4614,"comment_status":"closed","ping_status":"closed","sticky":false,"template":"","format":"standard","meta":{"footnotes":""},"categories":[82],"tags":[],"yoast_head":"<!-- This site is optimized with the Yoast SEO plugin v22.5 - https:\/\/yoast.com\/wordpress\/plugins\/seo\/ -->\n<title>Ministro Oswaldo Vera: el 4F de 1992 nace la esperanza del pueblo - MPPPST<\/title>\n<meta name=\"robots\" content=\"index, follow, max-snippet:-1, max-image-preview:large, max-video-preview:-1\" \/>\n<link rel=\"canonical\" href=\"https:\/\/www.mpppst.gob.ve\/mpppstweb\/index.php\/2016\/02\/04\/ministro-oswaldo-vera-el-4f-de-1992-nace-la-esperanza-del-pueblo\/\" \/>\n<meta property=\"og:locale\" content=\"es_ES\" \/>\n<meta property=\"og:type\" content=\"article\" \/>\n<meta property=\"og:title\" content=\"Ministro Oswaldo Vera: el 4F de 1992 nace la esperanza del pueblo - MPPPST\" \/>\n<meta property=\"og:description\" content=\"En el seno de la marcha realizada para conmemorar la gesta hist\u00f3rica del 4 de Febrero de 1992, el ministro Oswaldo Vera se\u00f1al\u00f3 que en esta fecha \u201cnaci\u00f3 la esperanza del pueblo venezolano.\" \/>\n<meta property=\"og:url\" content=\"https:\/\/www.mpppst.gob.ve\/mpppstweb\/index.php\/2016\/02\/04\/ministro-oswaldo-vera-el-4f-de-1992-nace-la-esperanza-del-pueblo\/\" \/>\n<meta property=\"og:site_name\" content=\"MPPPST\" \/>\n<meta property=\"article:published_time\" content=\"2016-02-04T14:21:48+00:00\" \/>\n<meta property=\"article:modified_time\" content=\"2016-07-20T13:41:22+00:00\" \/>\n<meta property=\"og:image\" content=\"https:\/\/www.mpppst.gob.ve\/mpppstweb\/wp-content\/uploads\/2016\/02\/sin-t\u00edtulo-55.jpg\" \/>\n\t<meta property=\"og:image:width\" content=\"669\" \/>\n\t<meta property=\"og:image:height\" content=\"1000\" \/>\n\t<meta property=\"og:image:type\" content=\"image\/jpeg\" \/>\n<meta name=\"author\" content=\"MPPPST Prensa\" \/>\n<meta name=\"twitter:card\" content=\"summary_large_image\" \/>\n<meta name=\"twitter:label1\" content=\"Escrito por\" \/>\n\t<meta name=\"twitter:data1\" content=\"MPPPST Prensa\" \/>\n\t<meta name=\"twitter:label2\" content=\"Tiempo de lectura\" \/>\n\t<meta name=\"twitter:data2\" content=\"2 minutos\" \/>\n<script type=\"application\/ld+json\" class=\"yoast-schema-graph\">{\"@context\":\"https:\/\/schema.org\",\"@graph\":[{\"@type\":\"Article\",\"@id\":\"https:\/\/www.mpppst.gob.ve\/mpppstweb\/index.php\/2016\/02\/04\/ministro-oswaldo-vera-el-4f-de-1992-nace-la-esperanza-del-pueblo\/#article\",\"isPartOf\":{\"@id\":\"https:\/\/www.mpppst.gob.ve\/mpppstweb\/index.php\/2016\/02\/04\/ministro-oswaldo-vera-el-4f-de-1992-nace-la-esperanza-del-pueblo\/\"},\"author\":{\"name\":\"MPPPST Prensa\",\"@id\":\"https:\/\/www.mpppst.gob.ve\/mpppstweb\/#\/schema\/person\/fc187ee8ead412bd4c9304b62f900ea4\"},\"headline\":\"Ministro Oswaldo Vera: el 4F de 1992 nace la esperanza del pueblo\",\"datePublished\":\"2016-02-04T14:21:48+00:00\",\"dateModified\":\"2016-07-20T13:41:22+00:00\",\"mainEntityOfPage\":{\"@id\":\"https:\/\/www.mpppst.gob.ve\/mpppstweb\/index.php\/2016\/02\/04\/ministro-oswaldo-vera-el-4f-de-1992-nace-la-esperanza-del-pueblo\/\"},\"wordCount\":499,\"publisher\":{\"@id\":\"https:\/\/www.mpppst.gob.ve\/mpppstweb\/#organization\"},\"image\":{\"@id\":\"https:\/\/www.mpppst.gob.ve\/mpppstweb\/index.php\/2016\/02\/04\/ministro-oswaldo-vera-el-4f-de-1992-nace-la-esperanza-del-pueblo\/#primaryimage\"},\"thumbnailUrl\":\"https:\/\/www.mpppst.gob.ve\/mpppstweb\/wp-content\/uploads\/2016\/02\/sin-t\u00edtulo-55.jpg\",\"articleSection\":[\"Gobierno Nacional\"],\"inLanguage\":\"es\"},{\"@type\":\"WebPage\",\"@id\":\"https:\/\/www.mpppst.gob.ve\/mpppstweb\/index.php\/2016\/02\/04\/ministro-oswaldo-vera-el-4f-de-1992-nace-la-esperanza-del-pueblo\/\",\"url\":\"https:\/\/www.mpppst.gob.ve\/mpppstweb\/index.php\/2016\/02\/04\/ministro-oswaldo-vera-el-4f-de-1992-nace-la-esperanza-del-pueblo\/\",\"name\":\"Ministro Oswaldo Vera: el 4F de 1992 nace la esperanza del pueblo - MPPPST\",\"isPartOf\":{\"@id\":\"https:\/\/www.mpppst.gob.ve\/mpppstweb\/#website\"},\"primaryImageOfPage\":{\"@id\":\"https:\/\/www.mpppst.gob.ve\/mpppstweb\/index.php\/2016\/02\/04\/ministro-oswaldo-vera-el-4f-de-1992-nace-la-esperanza-del-pueblo\/#primaryimage\"},\"image\":{\"@id\":\"https:\/\/www.mpppst.gob.ve\/mpppstweb\/index.php\/2016\/02\/04\/ministro-oswaldo-vera-el-4f-de-1992-nace-la-esperanza-del-pueblo\/#primaryimage\"},\"thumbnailUrl\":\"https:\/\/www.mpppst.gob.ve\/mpppstweb\/wp-content\/uploads\/2016\/02\/sin-t\u00edtulo-55.jpg\",\"datePublished\":\"2016-02-04T14:21:48+00:00\",\"dateModified\":\"2016-07-20T13:41:22+00:00\",\"breadcrumb\":{\"@id\":\"https:\/\/www.mpppst.gob.ve\/mpppstweb\/index.php\/2016\/02\/04\/ministro-oswaldo-vera-el-4f-de-1992-nace-la-esperanza-del-pueblo\/#breadcrumb\"},\"inLanguage\":\"es\",\"potentialAction\":[{\"@type\":\"ReadAction\",\"target\":[\"https:\/\/www.mpppst.gob.ve\/mpppstweb\/index.php\/2016\/02\/04\/ministro-oswaldo-vera-el-4f-de-1992-nace-la-esperanza-del-pueblo\/\"]}]},{\"@type\":\"ImageObject\",\"inLanguage\":\"es\",\"@id\":\"https:\/\/www.mpppst.gob.ve\/mpppstweb\/index.php\/2016\/02\/04\/ministro-oswaldo-vera-el-4f-de-1992-nace-la-esperanza-del-pueblo\/#primaryimage\",\"url\":\"https:\/\/www.mpppst.gob.ve\/mpppstweb\/wp-content\/uploads\/2016\/02\/sin-t\u00edtulo-55.jpg\",\"contentUrl\":\"https:\/\/www.mpppst.gob.ve\/mpppstweb\/wp-content\/uploads\/2016\/02\/sin-t\u00edtulo-55.jpg\",\"width\":669,\"height\":1000},{\"@type\":\"BreadcrumbList\",\"@id\":\"https:\/\/www.mpppst.gob.ve\/mpppstweb\/index.php\/2016\/02\/04\/ministro-oswaldo-vera-el-4f-de-1992-nace-la-esperanza-del-pueblo\/#breadcrumb\",\"itemListElement\":[{\"@type\":\"ListItem\",\"position\":1,\"name\":\"Home\",\"item\":\"https:\/\/www.mpppst.gob.ve\/mpppstweb\/\"},{\"@type\":\"ListItem\",\"position\":2,\"name\":\"Ministro Oswaldo Vera: el 4F de 1992 nace la esperanza del pueblo\"}]},{\"@type\":\"WebSite\",\"@id\":\"https:\/\/www.mpppst.gob.ve\/mpppstweb\/#website\",\"url\":\"https:\/\/www.mpppst.gob.ve\/mpppstweb\/\",\"name\":\"MPPPST\",\"description\":\"Ministerio del Poder Popular para el Proceso Social de Trabajo\",\"publisher\":{\"@id\":\"https:\/\/www.mpppst.gob.ve\/mpppstweb\/#organization\"},\"potentialAction\":[{\"@type\":\"SearchAction\",\"target\":{\"@type\":\"EntryPoint\",\"urlTemplate\":\"https:\/\/www.mpppst.gob.ve\/mpppstweb\/?s={search_term_string}\"},\"query-input\":\"required name=search_term_string\"}],\"inLanguage\":\"es\"},{\"@type\":\"Organization\",\"@id\":\"https:\/\/www.mpppst.gob.ve\/mpppstweb\/#organization\",\"name\":\"mpppst\",\"url\":\"https:\/\/www.mpppst.gob.ve\/mpppstweb\/\",\"logo\":{\"@type\":\"ImageObject\",\"inLanguage\":\"es\",\"@id\":\"https:\/\/www.mpppst.gob.ve\/mpppstweb\/#\/schema\/logo\/image\/\",\"url\":\"https:\/\/www.mpppst.gob.ve\/mpppstweb\/wp-content\/uploads\/2025\/07\/cropped-cropped-g910.png\",\"contentUrl\":\"https:\/\/www.mpppst.gob.ve\/mpppstweb\/wp-content\/uploads\/2025\/07\/cropped-cropped-g910.png\",\"width\":1080,\"height\":241,\"caption\":\"mpppst\"},\"image\":{\"@id\":\"https:\/\/www.mpppst.gob.ve\/mpppstweb\/#\/schema\/logo\/image\/\"}},{\"@type\":\"Person\",\"@id\":\"https:\/\/www.mpppst.gob.ve\/mpppstweb\/#\/schema\/person\/fc187ee8ead412bd4c9304b62f900ea4\",\"name\":\"MPPPST Prensa\",\"url\":\"https:\/\/www.mpppst.gob.ve\/mpppstweb\/index.php\/author\/prensa-mpppst\/\"}]}<\/script>\n<!-- \/ Yoast SEO plugin. -->","yoast_head_json":{"title":"Ministro Oswaldo Vera: el 4F de 1992 nace la esperanza del pueblo - MPPPST","robots":{"index":"index","follow":"follow","max-snippet":"max-snippet:-1","max-image-preview":"max-image-preview:large","max-video-preview":"max-video-preview:-1"},"canonical":"https:\/\/www.mpppst.gob.ve\/mpppstweb\/index.php\/2016\/02\/04\/ministro-oswaldo-vera-el-4f-de-1992-nace-la-esperanza-del-pueblo\/","og_locale":"es_ES","og_type":"article","og_title":"Ministro Oswaldo Vera: el 4F de 1992 nace la esperanza del pueblo - MPPPST","og_description":"En el seno de la marcha realizada para conmemorar la gesta hist\u00f3rica del 4 de Febrero de 1992, el ministro Oswaldo Vera se\u00f1al\u00f3 que en esta fecha \u201cnaci\u00f3 la esperanza del pueblo venezolano.","og_url":"https:\/\/www.mpppst.gob.ve\/mpppstweb\/index.php\/2016\/02\/04\/ministro-oswaldo-vera-el-4f-de-1992-nace-la-esperanza-del-pueblo\/","og_site_name":"MPPPST","article_published_time":"2016-02-04T14:21:48+00:00","article_modified_time":"2016-07-20T13:41:22+00:00","og_image":[{"width":669,"height":1000,"url":"https:\/\/www.mpppst.gob.ve\/mpppstweb\/wp-content\/uploads\/2016\/02\/sin-t\u00edtulo-55.jpg","type":"image\/jpeg"}],"author":"MPPPST Prensa","twitter_card":"summary_large_image","twitter_misc":{"Escrito por":"MPPPST Prensa","Tiempo de lectura":"2 minutos"},"schema":{"@context":"https:\/\/schema.org","@graph":[{"@type":"Article","@id":"https:\/\/www.mpppst.gob.ve\/mpppstweb\/index.php\/2016\/02\/04\/ministro-oswaldo-vera-el-4f-de-1992-nace-la-esperanza-del-pueblo\/#article","isPartOf":{"@id":"https:\/\/www.mpppst.gob.ve\/mpppstweb\/index.php\/2016\/02\/04\/ministro-oswaldo-vera-el-4f-de-1992-nace-la-esperanza-del-pueblo\/"},"author":{"name":"MPPPST Prensa","@id":"https:\/\/www.mpppst.gob.ve\/mpppstweb\/#\/schema\/person\/fc187ee8ead412bd4c9304b62f900ea4"},"headline":"Ministro Oswaldo Vera: el 4F de 1992 nace la esperanza del pueblo","datePublished":"2016-02-04T14:21:48+00:00","dateModified":"2016-07-20T13:41:22+00:00","mainEntityOfPage":{"@id":"https:\/\/www.mpppst.gob.ve\/mpppstweb\/index.php\/2016\/02\/04\/ministro-oswaldo-vera-el-4f-de-1992-nace-la-esperanza-del-pueblo\/"},"wordCount":499,"publisher":{"@id":"https:\/\/www.mpppst.gob.ve\/mpppstweb\/#organization"},"image":{"@id":"https:\/\/www.mpppst.gob.ve\/mpppstweb\/index.php\/2016\/02\/04\/ministro-oswaldo-vera-el-4f-de-1992-nace-la-esperanza-del-pueblo\/#primaryimage"},"thumbnailUrl":"https:\/\/www.mpppst.gob.ve\/mpppstweb\/wp-content\/uploads\/2016\/02\/sin-t\u00edtulo-55.jpg","articleSection":["Gobierno Nacional"],"inLanguage":"es"},{"@type":"WebPage","@id":"https:\/\/www.mpppst.gob.ve\/mpppstweb\/index.php\/2016\/02\/04\/ministro-oswaldo-vera-el-4f-de-1992-nace-la-esperanza-del-pueblo\/","url":"https:\/\/www.mpppst.gob.ve\/mpppstweb\/index.php\/2016\/02\/04\/ministro-oswaldo-vera-el-4f-de-1992-nace-la-esperanza-del-pueblo\/","name":"Ministro Oswaldo Vera: el 4F de 1992 nace la esperanza del pueblo - MPPPST","isPartOf":{"@id":"https:\/\/www.mpppst.gob.ve\/mpppstweb\/#website"},"primaryImageOfPage":{"@id":"https:\/\/www.mpppst.gob.ve\/mpppstweb\/index.php\/2016\/02\/04\/ministro-oswaldo-vera-el-4f-de-1992-nace-la-esperanza-del-pueblo\/#primaryimage"},"image":{"@id":"https:\/\/www.mpppst.gob.ve\/mpppstweb\/index.php\/2016\/02\/04\/ministro-oswaldo-vera-el-4f-de-1992-nace-la-esperanza-del-pueblo\/#primaryimage"},"thumbnailUrl":"https:\/\/www.mpppst.gob.ve\/mpppstweb\/wp-content\/uploads\/2016\/02\/sin-t\u00edtulo-55.jpg","datePublished":"2016-02-04T14:21:48+00:00","dateModified":"2016-07-20T13:41:22+00:00","breadcrumb":{"@id":"https:\/\/www.mpppst.gob.ve\/mpppstweb\/index.php\/2016\/02\/04\/ministro-oswaldo-vera-el-4f-de-1992-nace-la-esperanza-del-pueblo\/#breadcrumb"},"inLanguage":"es","potentialAction":[{"@type":"ReadAction","target":["https:\/\/www.mpppst.gob.ve\/mpppstweb\/index.php\/2016\/02\/04\/ministro-oswaldo-vera-el-4f-de-1992-nace-la-esperanza-del-pueblo\/"]}]},{"@type":"ImageObject","inLanguage":"es","@id":"https:\/\/www.mpppst.gob.ve\/mpppstweb\/index.php\/2016\/02\/04\/ministro-oswaldo-vera-el-4f-de-1992-nace-la-esperanza-del-pueblo\/#primaryimage","url":"https:\/\/www.mpppst.gob.ve\/mpppstweb\/wp-content\/uploads\/2016\/02\/sin-t\u00edtulo-55.jpg","contentUrl":"https:\/\/www.mpppst.gob.ve\/mpppstweb\/wp-content\/uploads\/2016\/02\/sin-t\u00edtulo-55.jpg","width":669,"height":1000},{"@type":"BreadcrumbList","@id":"https:\/\/www.mpppst.gob.ve\/mpppstweb\/index.php\/2016\/02\/04\/ministro-oswaldo-vera-el-4f-de-1992-nace-la-esperanza-del-pueblo\/#breadcrumb","itemListElement":[{"@type":"ListItem","position":1,"name":"Home","item":"https:\/\/www.mpppst.gob.ve\/mpppstweb\/"},{"@type":"ListItem","position":2,"name":"Ministro Oswaldo Vera: el 4F de 1992 nace la esperanza del pueblo"}]},{"@type":"WebSite","@id":"https:\/\/www.mpppst.gob.ve\/mpppstweb\/#website","url":"https:\/\/www.mpppst.gob.ve\/mpppstweb\/","name":"MPPPST","description":"Ministerio del Poder Popular para el Proceso Social de Trabajo","publisher":{"@id":"https:\/\/www.mpppst.gob.ve\/mpppstweb\/#organization"},"potentialAction":[{"@type":"SearchAction","target":{"@type":"EntryPoint","urlTemplate":"https:\/\/www.mpppst.gob.ve\/mpppstweb\/?s={search_term_string}"},"query-input":"required name=search_term_string"}],"inLanguage":"es"},{"@type":"Organization","@id":"https:\/\/www.mpppst.gob.ve\/mpppstweb\/#organization","name":"mpppst","url":"https:\/\/www.mpppst.gob.ve\/mpppstweb\/","logo":{"@type":"ImageObject","inLanguage":"es","@id":"https:\/\/www.mpppst.gob.ve\/mpppstweb\/#\/schema\/logo\/image\/","url":"https:\/\/www.mpppst.gob.ve\/mpppstweb\/wp-content\/uploads\/2025\/07\/cropped-cropped-g910.png","contentUrl":"https:\/\/www.mpppst.gob.ve\/mpppstweb\/wp-content\/uploads\/2025\/07\/cropped-cropped-g910.png","width":1080,"height":241,"caption":"mpppst"},"image":{"@id":"https:\/\/www.mpppst.gob.ve\/mpppstweb\/#\/schema\/logo\/image\/"}},{"@type":"Person","@id":"https:\/\/www.mpppst.gob.ve\/mpppstweb\/#\/schema\/person\/fc187ee8ead412bd4c9304b62f900ea4","name":"MPPPST Prensa","url":"https:\/\/www.mpppst.gob.ve\/mpppstweb\/index.php\/author\/prensa-mpppst\/"}]}},"_links":{"self":[{"href":"https:\/\/www.mpppst.gob.ve\/mpppstweb\/index.php\/wp-json\/wp\/v2\/posts\/4611"}],"collection":[{"href":"https:\/\/www.mpppst.gob.ve\/mpppstweb\/index.php\/wp-json\/wp\/v2\/posts"}],"about":[{"href":"https:\/\/www.mpppst.gob.ve\/mpppstweb\/index.php\/wp-json\/wp\/v2\/types\/post"}],"author":[{"embeddable":true,"href":"https:\/\/www.mpppst.gob.ve\/mpppstweb\/index.php\/wp-json\/wp\/v2\/users\/25"}],"replies":[{"embeddable":true,"href":"https:\/\/www.mpppst.gob.ve\/mpppstweb\/index.php\/wp-json\/wp\/v2\/comments?post=4611"}],"version-history":[{"count":1,"href":"https:\/\/www.mpppst.gob.ve\/mpppstweb\/index.php\/wp-json\/wp\/v2\/posts\/4611\/revisions"}],"predecessor-version":[{"id":7001,"href":"https:\/\/www.mpppst.gob.ve\/mpppstweb\/index.php\/wp-json\/wp\/v2\/posts\/4611\/revisions\/7001"}],"wp:featuredmedia":[{"embeddable":true,"href":"https:\/\/www.mpppst.gob.ve\/mpppstweb\/index.php\/wp-json\/wp\/v2\/media\/4614"}],"wp:attachment":[{"href":"https:\/\/www.mpppst.gob.ve\/mpppstweb\/index.php\/wp-json\/wp\/v2\/media?parent=4611"}],"wp:term":[{"taxonomy":"category","embeddable":true,"href":"https:\/\/www.mpppst.gob.ve\/mpppstweb\/index.php\/wp-json\/wp\/v2\/categories?post=4611"},{"taxonomy":"post_tag","embeddable":true,"href":"https:\/\/www.mpppst.gob.ve\/mpppstweb\/index.php\/wp-json\/wp\/v2\/tags?post=4611"}],"curies":[{"name":"wp","href":"https:\/\/api.w.org\/{rel}","templated":true}]}}