{"id":4615,"date":"2016-02-04T15:44:17","date_gmt":"2016-02-04T15:44:17","guid":{"rendered":"http:\/\/www.mpppst.gob.ve\/mpppstweb\/?p=4615"},"modified":"2016-07-01T18:13:53","modified_gmt":"2016-07-01T18:13:53","slug":"cronica-de-un-4-de-febrero-de-dignidad-y-rebeldia","status":"publish","type":"post","link":"https:\/\/www.mpppst.gob.ve\/mpppstweb\/index.php\/2016\/02\/04\/cronica-de-un-4-de-febrero-de-dignidad-y-rebeldia\/","title":{"rendered":"Cr\u00f3nica de un 4 de Febrero de dignidad y rebeld\u00eda"},"content":{"rendered":"<p>La marcha del d\u00eda de hoy nos deja varias lecturas. La primera: el pueblo se niega, de forma decisiva, a volver al pasado que lo castr\u00f3. Segundo: existe un renacimiento del sentimiento patriota\u00a0 que asume como gu\u00eda inspiradora la acci\u00f3n que Ch\u00e1vez dio aquel\u00a0 4 de Febrero de 1992. Inspiradora por varias razones, pero la m\u00e1s importante, sin duda alguna, porque se trat\u00f3 de una acci\u00f3n en la que el Comandante dio al traste con el <em>status quo,<\/em> con la corrupci\u00f3n imperante en aquellos d\u00edas, con las pol\u00edticas asfixiantes de los organismos financieros internacionales (FMI, BM, BID), con las medidas econ\u00f3micas que pon\u00edan como centro las variables macroecon\u00f3micas muy por encima del pueblo. Inspiradora porque Hugo Ch\u00e1vez demostr\u00f3 un liderazgo \u2013nada convencional, por cierto- que ech\u00f3 las bases para las transformaciones que estamos viviendo en estos d\u00edas.<\/p>\n<p>Ch\u00e1vez se opuso a una oligarqu\u00eda que \u201cgobern\u00f3\u201d, cuando realmente entreg\u00f3 al pa\u00eds con la aprobaci\u00f3n de instrumentos legales que ced\u00edan nuestros recursos energ\u00e9ticos a las grandes potencias: las mismas que se hac\u00edan llamar \u201cpa\u00edses-centro\u201d, \u201cpotencias\u201d, \u201cpa\u00edses industrializados\u201d, por la v\u00eda de las empresas transnacionales. Fue el inicio de \u00a0una llamarada que recorri\u00f3 las conciencias de los pueblos decididos a fomentar otro paradigma de sociedad. Por ello la marcha de hoy nos dice que la Rebeli\u00f3n del pueblo est\u00e1 m\u00e1s viva que nunca.<\/p>\n<p>Vale recordar que el Comandante Ch\u00e1vez, basado en las tres ra\u00edces,\u00a0 Bol\u00edvar, Zamora y Rodr\u00edguez, inici\u00f3 un proceso de refundaci\u00f3n\u00a0 de la Rep\u00fablica. \u00a0Tal proceso se ha materializado en la militancia revolucionaria, que vuelve a rebelarse contra un sistema que sencillamente desconoce a los seres humanos. All\u00ed estaban los estudiantes de la UBV, de la Misi\u00f3n Sucre, los viejitos pensionados, personas discapacitadas, mujeres, los trabajadores y trabajadoras, a quienes\u00a0 la Revoluci\u00f3n les ha reconocido su condici\u00f3n humana y por lo tanto, los ha asumido como sujetos de derechos. Los ha incorporado como sujetos activos en este complejo entramado social.<\/p>\n<p>La marcha del 4 de Febrero, d\u00eda de Rebeli\u00f3n y de Dignidad, no pudo sino poner a tambalear a la prepotente derecha del pa\u00eds. Fue una lecci\u00f3n de unidad, de verdadera unidad y organizaci\u00f3n, en el marco de una lucha que no puede dar lugar sino a la victoria definitiva de la\u00a0 Revoluci\u00f3n.<\/p>\n<p>Esta marcha nos dijo, tal como lo expres\u00f3 el Presidente Maduro, que no hay vuelta atr\u00e1s, que el pueblo conoce bien la agenda que tiene en manos la derecha y la oligarqu\u00eda nacional con sus aliados internacionales, y que pese a las dificultades y a las guerras de todo signo, existe un pueblo dispuesto a poner freno a quienes buscan borrar las conquistas que solo han sido posible en Revoluci\u00f3n.<\/p>\n<p>&nbsp;<\/p>\n<p>Foto: F\u00e9lix Ordaz<\/p>\n<p>Redacci\u00f3n: Marbelys Mav\u00e1rez Laguna<\/p>\n","protected":false},"excerpt":{"rendered":"<p>Cr\u00f3nica de la marcha del 4 de febrero<\/p>\n","protected":false},"author":25,"featured_media":4616,"comment_status":"closed","ping_status":"closed","sticky":false,"template":"","format":"standard","meta":{"footnotes":""},"categories":[82],"tags":[],"yoast_head":"<!-- This site is optimized with the Yoast SEO plugin v22.5 - https:\/\/yoast.com\/wordpress\/plugins\/seo\/ -->\n<title>Cr\u00f3nica de un 4 de Febrero de dignidad y rebeld\u00eda - MPPPST<\/title>\n<meta name=\"robots\" content=\"index, follow, max-snippet:-1, max-image-preview:large, max-video-preview:-1\" \/>\n<link rel=\"canonical\" href=\"https:\/\/www.mpppst.gob.ve\/mpppstweb\/index.php\/2016\/02\/04\/cronica-de-un-4-de-febrero-de-dignidad-y-rebeldia\/\" \/>\n<meta property=\"og:locale\" content=\"es_ES\" \/>\n<meta property=\"og:type\" content=\"article\" \/>\n<meta property=\"og:title\" content=\"Cr\u00f3nica de un 4 de Febrero de dignidad y rebeld\u00eda - MPPPST\" \/>\n<meta property=\"og:description\" content=\"Cr\u00f3nica de la marcha del 4 de febrero\" \/>\n<meta property=\"og:url\" content=\"https:\/\/www.mpppst.gob.ve\/mpppstweb\/index.php\/2016\/02\/04\/cronica-de-un-4-de-febrero-de-dignidad-y-rebeldia\/\" \/>\n<meta property=\"og:site_name\" content=\"MPPPST\" \/>\n<meta property=\"article:published_time\" content=\"2016-02-04T15:44:17+00:00\" \/>\n<meta property=\"article:modified_time\" content=\"2016-07-01T18:13:53+00:00\" \/>\n<meta property=\"og:image\" content=\"https:\/\/www.mpppst.gob.ve\/mpppstweb\/wp-content\/uploads\/2016\/02\/para-cr\u00f3nica-del-4F.jpg\" \/>\n\t<meta property=\"og:image:width\" content=\"1000\" \/>\n\t<meta property=\"og:image:height\" content=\"669\" \/>\n\t<meta property=\"og:image:type\" content=\"image\/jpeg\" \/>\n<meta name=\"author\" content=\"MPPPST Prensa\" \/>\n<meta name=\"twitter:card\" content=\"summary_large_image\" \/>\n<meta name=\"twitter:label1\" content=\"Escrito por\" \/>\n\t<meta name=\"twitter:data1\" content=\"MPPPST Prensa\" \/>\n\t<meta name=\"twitter:label2\" content=\"Tiempo de lectura\" \/>\n\t<meta name=\"twitter:data2\" content=\"2 minutos\" \/>\n<script type=\"application\/ld+json\" class=\"yoast-schema-graph\">{\"@context\":\"https:\/\/schema.org\",\"@graph\":[{\"@type\":\"Article\",\"@id\":\"https:\/\/www.mpppst.gob.ve\/mpppstweb\/index.php\/2016\/02\/04\/cronica-de-un-4-de-febrero-de-dignidad-y-rebeldia\/#article\",\"isPartOf\":{\"@id\":\"https:\/\/www.mpppst.gob.ve\/mpppstweb\/index.php\/2016\/02\/04\/cronica-de-un-4-de-febrero-de-dignidad-y-rebeldia\/\"},\"author\":{\"name\":\"MPPPST Prensa\",\"@id\":\"https:\/\/www.mpppst.gob.ve\/mpppstweb\/#\/schema\/person\/fc187ee8ead412bd4c9304b62f900ea4\"},\"headline\":\"Cr\u00f3nica de un 4 de Febrero de dignidad y rebeld\u00eda\",\"datePublished\":\"2016-02-04T15:44:17+00:00\",\"dateModified\":\"2016-07-01T18:13:53+00:00\",\"mainEntityOfPage\":{\"@id\":\"https:\/\/www.mpppst.gob.ve\/mpppstweb\/index.php\/2016\/02\/04\/cronica-de-un-4-de-febrero-de-dignidad-y-rebeldia\/\"},\"wordCount\":505,\"publisher\":{\"@id\":\"https:\/\/www.mpppst.gob.ve\/mpppstweb\/#organization\"},\"image\":{\"@id\":\"https:\/\/www.mpppst.gob.ve\/mpppstweb\/index.php\/2016\/02\/04\/cronica-de-un-4-de-febrero-de-dignidad-y-rebeldia\/#primaryimage\"},\"thumbnailUrl\":\"https:\/\/www.mpppst.gob.ve\/mpppstweb\/wp-content\/uploads\/2016\/02\/para-cr\u00f3nica-del-4F.jpg\",\"articleSection\":[\"Gobierno Nacional\"],\"inLanguage\":\"es\"},{\"@type\":\"WebPage\",\"@id\":\"https:\/\/www.mpppst.gob.ve\/mpppstweb\/index.php\/2016\/02\/04\/cronica-de-un-4-de-febrero-de-dignidad-y-rebeldia\/\",\"url\":\"https:\/\/www.mpppst.gob.ve\/mpppstweb\/index.php\/2016\/02\/04\/cronica-de-un-4-de-febrero-de-dignidad-y-rebeldia\/\",\"name\":\"Cr\u00f3nica de un 4 de Febrero de dignidad y rebeld\u00eda - MPPPST\",\"isPartOf\":{\"@id\":\"https:\/\/www.mpppst.gob.ve\/mpppstweb\/#website\"},\"primaryImageOfPage\":{\"@id\":\"https:\/\/www.mpppst.gob.ve\/mpppstweb\/index.php\/2016\/02\/04\/cronica-de-un-4-de-febrero-de-dignidad-y-rebeldia\/#primaryimage\"},\"image\":{\"@id\":\"https:\/\/www.mpppst.gob.ve\/mpppstweb\/index.php\/2016\/02\/04\/cronica-de-un-4-de-febrero-de-dignidad-y-rebeldia\/#primaryimage\"},\"thumbnailUrl\":\"https:\/\/www.mpppst.gob.ve\/mpppstweb\/wp-content\/uploads\/2016\/02\/para-cr\u00f3nica-del-4F.jpg\",\"datePublished\":\"2016-02-04T15:44:17+00:00\",\"dateModified\":\"2016-07-01T18:13:53+00:00\",\"breadcrumb\":{\"@id\":\"https:\/\/www.mpppst.gob.ve\/mpppstweb\/index.php\/2016\/02\/04\/cronica-de-un-4-de-febrero-de-dignidad-y-rebeldia\/#breadcrumb\"},\"inLanguage\":\"es\",\"potentialAction\":[{\"@type\":\"ReadAction\",\"target\":[\"https:\/\/www.mpppst.gob.ve\/mpppstweb\/index.php\/2016\/02\/04\/cronica-de-un-4-de-febrero-de-dignidad-y-rebeldia\/\"]}]},{\"@type\":\"ImageObject\",\"inLanguage\":\"es\",\"@id\":\"https:\/\/www.mpppst.gob.ve\/mpppstweb\/index.php\/2016\/02\/04\/cronica-de-un-4-de-febrero-de-dignidad-y-rebeldia\/#primaryimage\",\"url\":\"https:\/\/www.mpppst.gob.ve\/mpppstweb\/wp-content\/uploads\/2016\/02\/para-cr\u00f3nica-del-4F.jpg\",\"contentUrl\":\"https:\/\/www.mpppst.gob.ve\/mpppstweb\/wp-content\/uploads\/2016\/02\/para-cr\u00f3nica-del-4F.jpg\",\"width\":1000,\"height\":669},{\"@type\":\"BreadcrumbList\",\"@id\":\"https:\/\/www.mpppst.gob.ve\/mpppstweb\/index.php\/2016\/02\/04\/cronica-de-un-4-de-febrero-de-dignidad-y-rebeldia\/#breadcrumb\",\"itemListElement\":[{\"@type\":\"ListItem\",\"position\":1,\"name\":\"Home\",\"item\":\"https:\/\/www.mpppst.gob.ve\/mpppstweb\/\"},{\"@type\":\"ListItem\",\"position\":2,\"name\":\"Cr\u00f3nica de un 4 de Febrero de dignidad y rebeld\u00eda\"}]},{\"@type\":\"WebSite\",\"@id\":\"https:\/\/www.mpppst.gob.ve\/mpppstweb\/#website\",\"url\":\"https:\/\/www.mpppst.gob.ve\/mpppstweb\/\",\"name\":\"MPPPST\",\"description\":\"Ministerio del Poder Popular para el Proceso Social de Trabajo\",\"publisher\":{\"@id\":\"https:\/\/www.mpppst.gob.ve\/mpppstweb\/#organization\"},\"potentialAction\":[{\"@type\":\"SearchAction\",\"target\":{\"@type\":\"EntryPoint\",\"urlTemplate\":\"https:\/\/www.mpppst.gob.ve\/mpppstweb\/?s={search_term_string}\"},\"query-input\":\"required name=search_term_string\"}],\"inLanguage\":\"es\"},{\"@type\":\"Organization\",\"@id\":\"https:\/\/www.mpppst.gob.ve\/mpppstweb\/#organization\",\"name\":\"mpppst\",\"url\":\"https:\/\/www.mpppst.gob.ve\/mpppstweb\/\",\"logo\":{\"@type\":\"ImageObject\",\"inLanguage\":\"es\",\"@id\":\"https:\/\/www.mpppst.gob.ve\/mpppstweb\/#\/schema\/logo\/image\/\",\"url\":\"https:\/\/www.mpppst.gob.ve\/mpppstweb\/wp-content\/uploads\/2025\/07\/cropped-cropped-g910.png\",\"contentUrl\":\"https:\/\/www.mpppst.gob.ve\/mpppstweb\/wp-content\/uploads\/2025\/07\/cropped-cropped-g910.png\",\"width\":1080,\"height\":241,\"caption\":\"mpppst\"},\"image\":{\"@id\":\"https:\/\/www.mpppst.gob.ve\/mpppstweb\/#\/schema\/logo\/image\/\"}},{\"@type\":\"Person\",\"@id\":\"https:\/\/www.mpppst.gob.ve\/mpppstweb\/#\/schema\/person\/fc187ee8ead412bd4c9304b62f900ea4\",\"name\":\"MPPPST Prensa\",\"url\":\"https:\/\/www.mpppst.gob.ve\/mpppstweb\/index.php\/author\/prensa-mpppst\/\"}]}<\/script>\n<!-- \/ Yoast SEO plugin. -->","yoast_head_json":{"title":"Cr\u00f3nica de un 4 de Febrero de dignidad y rebeld\u00eda - MPPPST","robots":{"index":"index","follow":"follow","max-snippet":"max-snippet:-1","max-image-preview":"max-image-preview:large","max-video-preview":"max-video-preview:-1"},"canonical":"https:\/\/www.mpppst.gob.ve\/mpppstweb\/index.php\/2016\/02\/04\/cronica-de-un-4-de-febrero-de-dignidad-y-rebeldia\/","og_locale":"es_ES","og_type":"article","og_title":"Cr\u00f3nica de un 4 de Febrero de dignidad y rebeld\u00eda - MPPPST","og_description":"Cr\u00f3nica de la marcha del 4 de febrero","og_url":"https:\/\/www.mpppst.gob.ve\/mpppstweb\/index.php\/2016\/02\/04\/cronica-de-un-4-de-febrero-de-dignidad-y-rebeldia\/","og_site_name":"MPPPST","article_published_time":"2016-02-04T15:44:17+00:00","article_modified_time":"2016-07-01T18:13:53+00:00","og_image":[{"width":1000,"height":669,"url":"https:\/\/www.mpppst.gob.ve\/mpppstweb\/wp-content\/uploads\/2016\/02\/para-cr\u00f3nica-del-4F.jpg","type":"image\/jpeg"}],"author":"MPPPST Prensa","twitter_card":"summary_large_image","twitter_misc":{"Escrito por":"MPPPST Prensa","Tiempo de lectura":"2 minutos"},"schema":{"@context":"https:\/\/schema.org","@graph":[{"@type":"Article","@id":"https:\/\/www.mpppst.gob.ve\/mpppstweb\/index.php\/2016\/02\/04\/cronica-de-un-4-de-febrero-de-dignidad-y-rebeldia\/#article","isPartOf":{"@id":"https:\/\/www.mpppst.gob.ve\/mpppstweb\/index.php\/2016\/02\/04\/cronica-de-un-4-de-febrero-de-dignidad-y-rebeldia\/"},"author":{"name":"MPPPST Prensa","@id":"https:\/\/www.mpppst.gob.ve\/mpppstweb\/#\/schema\/person\/fc187ee8ead412bd4c9304b62f900ea4"},"headline":"Cr\u00f3nica de un 4 de Febrero de dignidad y rebeld\u00eda","datePublished":"2016-02-04T15:44:17+00:00","dateModified":"2016-07-01T18:13:53+00:00","mainEntityOfPage":{"@id":"https:\/\/www.mpppst.gob.ve\/mpppstweb\/index.php\/2016\/02\/04\/cronica-de-un-4-de-febrero-de-dignidad-y-rebeldia\/"},"wordCount":505,"publisher":{"@id":"https:\/\/www.mpppst.gob.ve\/mpppstweb\/#organization"},"image":{"@id":"https:\/\/www.mpppst.gob.ve\/mpppstweb\/index.php\/2016\/02\/04\/cronica-de-un-4-de-febrero-de-dignidad-y-rebeldia\/#primaryimage"},"thumbnailUrl":"https:\/\/www.mpppst.gob.ve\/mpppstweb\/wp-content\/uploads\/2016\/02\/para-cr\u00f3nica-del-4F.jpg","articleSection":["Gobierno Nacional"],"inLanguage":"es"},{"@type":"WebPage","@id":"https:\/\/www.mpppst.gob.ve\/mpppstweb\/index.php\/2016\/02\/04\/cronica-de-un-4-de-febrero-de-dignidad-y-rebeldia\/","url":"https:\/\/www.mpppst.gob.ve\/mpppstweb\/index.php\/2016\/02\/04\/cronica-de-un-4-de-febrero-de-dignidad-y-rebeldia\/","name":"Cr\u00f3nica de un 4 de Febrero de dignidad y rebeld\u00eda - MPPPST","isPartOf":{"@id":"https:\/\/www.mpppst.gob.ve\/mpppstweb\/#website"},"primaryImageOfPage":{"@id":"https:\/\/www.mpppst.gob.ve\/mpppstweb\/index.php\/2016\/02\/04\/cronica-de-un-4-de-febrero-de-dignidad-y-rebeldia\/#primaryimage"},"image":{"@id":"https:\/\/www.mpppst.gob.ve\/mpppstweb\/index.php\/2016\/02\/04\/cronica-de-un-4-de-febrero-de-dignidad-y-rebeldia\/#primaryimage"},"thumbnailUrl":"https:\/\/www.mpppst.gob.ve\/mpppstweb\/wp-content\/uploads\/2016\/02\/para-cr\u00f3nica-del-4F.jpg","datePublished":"2016-02-04T15:44:17+00:00","dateModified":"2016-07-01T18:13:53+00:00","breadcrumb":{"@id":"https:\/\/www.mpppst.gob.ve\/mpppstweb\/index.php\/2016\/02\/04\/cronica-de-un-4-de-febrero-de-dignidad-y-rebeldia\/#breadcrumb"},"inLanguage":"es","potentialAction":[{"@type":"ReadAction","target":["https:\/\/www.mpppst.gob.ve\/mpppstweb\/index.php\/2016\/02\/04\/cronica-de-un-4-de-febrero-de-dignidad-y-rebeldia\/"]}]},{"@type":"ImageObject","inLanguage":"es","@id":"https:\/\/www.mpppst.gob.ve\/mpppstweb\/index.php\/2016\/02\/04\/cronica-de-un-4-de-febrero-de-dignidad-y-rebeldia\/#primaryimage","url":"https:\/\/www.mpppst.gob.ve\/mpppstweb\/wp-content\/uploads\/2016\/02\/para-cr\u00f3nica-del-4F.jpg","contentUrl":"https:\/\/www.mpppst.gob.ve\/mpppstweb\/wp-content\/uploads\/2016\/02\/para-cr\u00f3nica-del-4F.jpg","width":1000,"height":669},{"@type":"BreadcrumbList","@id":"https:\/\/www.mpppst.gob.ve\/mpppstweb\/index.php\/2016\/02\/04\/cronica-de-un-4-de-febrero-de-dignidad-y-rebeldia\/#breadcrumb","itemListElement":[{"@type":"ListItem","position":1,"name":"Home","item":"https:\/\/www.mpppst.gob.ve\/mpppstweb\/"},{"@type":"ListItem","position":2,"name":"Cr\u00f3nica de un 4 de Febrero de dignidad y rebeld\u00eda"}]},{"@type":"WebSite","@id":"https:\/\/www.mpppst.gob.ve\/mpppstweb\/#website","url":"https:\/\/www.mpppst.gob.ve\/mpppstweb\/","name":"MPPPST","description":"Ministerio del Poder Popular para el Proceso Social de Trabajo","publisher":{"@id":"https:\/\/www.mpppst.gob.ve\/mpppstweb\/#organization"},"potentialAction":[{"@type":"SearchAction","target":{"@type":"EntryPoint","urlTemplate":"https:\/\/www.mpppst.gob.ve\/mpppstweb\/?s={search_term_string}"},"query-input":"required name=search_term_string"}],"inLanguage":"es"},{"@type":"Organization","@id":"https:\/\/www.mpppst.gob.ve\/mpppstweb\/#organization","name":"mpppst","url":"https:\/\/www.mpppst.gob.ve\/mpppstweb\/","logo":{"@type":"ImageObject","inLanguage":"es","@id":"https:\/\/www.mpppst.gob.ve\/mpppstweb\/#\/schema\/logo\/image\/","url":"https:\/\/www.mpppst.gob.ve\/mpppstweb\/wp-content\/uploads\/2025\/07\/cropped-cropped-g910.png","contentUrl":"https:\/\/www.mpppst.gob.ve\/mpppstweb\/wp-content\/uploads\/2025\/07\/cropped-cropped-g910.png","width":1080,"height":241,"caption":"mpppst"},"image":{"@id":"https:\/\/www.mpppst.gob.ve\/mpppstweb\/#\/schema\/logo\/image\/"}},{"@type":"Person","@id":"https:\/\/www.mpppst.gob.ve\/mpppstweb\/#\/schema\/person\/fc187ee8ead412bd4c9304b62f900ea4","name":"MPPPST Prensa","url":"https:\/\/www.mpppst.gob.ve\/mpppstweb\/index.php\/author\/prensa-mpppst\/"}]}},"_links":{"self":[{"href":"https:\/\/www.mpppst.gob.ve\/mpppstweb\/index.php\/wp-json\/wp\/v2\/posts\/4615"}],"collection":[{"href":"https:\/\/www.mpppst.gob.ve\/mpppstweb\/index.php\/wp-json\/wp\/v2\/posts"}],"about":[{"href":"https:\/\/www.mpppst.gob.ve\/mpppstweb\/index.php\/wp-json\/wp\/v2\/types\/post"}],"author":[{"embeddable":true,"href":"https:\/\/www.mpppst.gob.ve\/mpppstweb\/index.php\/wp-json\/wp\/v2\/users\/25"}],"replies":[{"embeddable":true,"href":"https:\/\/www.mpppst.gob.ve\/mpppstweb\/index.php\/wp-json\/wp\/v2\/comments?post=4615"}],"version-history":[{"count":1,"href":"https:\/\/www.mpppst.gob.ve\/mpppstweb\/index.php\/wp-json\/wp\/v2\/posts\/4615\/revisions"}],"predecessor-version":[{"id":7002,"href":"https:\/\/www.mpppst.gob.ve\/mpppstweb\/index.php\/wp-json\/wp\/v2\/posts\/4615\/revisions\/7002"}],"wp:featuredmedia":[{"embeddable":true,"href":"https:\/\/www.mpppst.gob.ve\/mpppstweb\/index.php\/wp-json\/wp\/v2\/media\/4616"}],"wp:attachment":[{"href":"https:\/\/www.mpppst.gob.ve\/mpppstweb\/index.php\/wp-json\/wp\/v2\/media?parent=4615"}],"wp:term":[{"taxonomy":"category","embeddable":true,"href":"https:\/\/www.mpppst.gob.ve\/mpppstweb\/index.php\/wp-json\/wp\/v2\/categories?post=4615"},{"taxonomy":"post_tag","embeddable":true,"href":"https:\/\/www.mpppst.gob.ve\/mpppstweb\/index.php\/wp-json\/wp\/v2\/tags?post=4615"}],"curies":[{"name":"wp","href":"https:\/\/api.w.org\/{rel}","templated":true}]}}