{"id":4618,"date":"2016-02-04T16:59:15","date_gmt":"2016-02-04T16:59:15","guid":{"rendered":"http:\/\/www.mpppst.gob.ve\/mpppstweb\/?p=4618"},"modified":"2016-07-01T18:14:09","modified_gmt":"2016-07-01T18:14:09","slug":"4f-pueblo-venezolano-conmemoro-el-dia-de-la-dignidad-nacional","status":"publish","type":"post","link":"https:\/\/www.mpppst.gob.ve\/mpppstweb\/index.php\/2016\/02\/04\/4f-pueblo-venezolano-conmemoro-el-dia-de-la-dignidad-nacional\/","title":{"rendered":"4F: Pueblo venezolano conmemor\u00f3 el d\u00eda de la Dignidad Nacional"},"content":{"rendered":"<p>Caracas, 4 de febrero (MPPPST). El d\u00eda de hoy el pueblo revolucionario celebr\u00f3 la conmemoraci\u00f3n de los 24 a\u00f1os de la rebeli\u00f3n c\u00edvico-militar que el Comandante Hugo Ch\u00e1vez lider\u00f3 el 4 de febrero de 1992, conocido como el d\u00eda de la Dignidad Nacional.Con el inolvidable \u00ab<em>por ahora<\/em>\u00ab, expresi\u00f3n con la que el pueblo despert\u00f3 su esperanza y su vocaci\u00f3n independentista, y con la imagen del Comandante Eterno, se desarroll\u00f3 esta actividad, plet\u00f3rica de pueblo dispuesto a defender la Patria.<\/p>\n<p>Desde muy temprano, la concentraci\u00f3n se ubic\u00f3 en la Avenida Libertador de Caracas, donde el pueblo march\u00f3 hasta el Palacio de Miraflores, sede del Gobierno Nacional, para ser recibidos por el presidente obrero Nicol\u00e1s Maduro.<\/p>\n<p>El ministro del Poder Popular para el Proceso Social de Trabajo, Oswaldo Vera acompa\u00f1\u00f3 al pueblo durante la concentraci\u00f3n y destac\u00f3 que ese 4 de febrero de 1992 fue un acto de esperanza para el pueblo venezolano.<\/p>\n<p><strong>El renacer de la esperanza <\/strong><\/p>\n<p>\u201cLos trabajadores y las trabajadoras hab\u00edan perdido la esperanza en esa \u00e9poca, se les hab\u00eda eliminado gran parte de sus reivindicaciones y las prestaciones sociales, los estudiantes no ten\u00edan la posibilidad de ingresar a una casa de estudios (\u2026) a partir de ese por ahora dicho por el comandante Hugo Ch\u00e1vez nace la esperanza del pueblo venezolano, donde surge un proceso de inclusi\u00f3n para el pueblo\u201d.<\/p>\n<p>Vera destac\u00f3 que solo en revoluci\u00f3n los derechos laborales de los trabajadores y trabajadoras est\u00e1n garantizados. \u201cLos trabajadores hemos visto gran parte de las reivindicaciones obtenidas en revoluci\u00f3n, se crea la ley org\u00e1nica del trabajo, esta ley nos devuelve la retroactividad de las prestaciones sociales y sobre todo el cambio del modelo de transformaci\u00f3n de la patria\u201d.<\/p>\n<p>Por su parte, Reynaldo Morales, presidente del INCRET, sostuvo que el 4 de Febrero es una fecha que marca un hito en la historia de Venezuela porque representa el inicio de un proceso que se consolid\u00f3 en la Revoluci\u00f3n Bolivariana.<\/p>\n<p>\u201cHoy con esta inmensa concentraci\u00f3n vemos la importancia de esa fecha. El pueblo venezolano recuerda ese <em>por ahora<\/em> que fue una luz para las pol\u00edticas neoliberales que se viv\u00edan en los tiempos de cuarta Rep\u00fablica, por eso hoy y siempre debemos recordar ese 4 de febrero de 1992\u201d, recalc\u00f3 Morales.<\/p>\n<p><strong>4F: Inicio de la Revoluci\u00f3n Bolivariana <\/strong><\/p>\n<p>El presidente de la Agencia Bolivariana para Actividades Espaciales (Abae), V\u00edctor Cano, destac\u00f3 que el inicio de la Revoluci\u00f3n Bolivariana fue el 4 de Febrero de 1992, cuando el pueblo decidi\u00f3 alzarse contra las pol\u00edticas impuestas por Carlos Andr\u00e9s P\u00e9rez.<\/p>\n<p>\u201cEse de 4 de Febrero fue un impulso para el cambio que nos permiti\u00f3 entrar en un proceso verdaderamente revolucionario para transformar el pa\u00eds, Venezuela hoy es un pa\u00eds que se respeta a nivel nacional y todo gracias al l\u00edder de la revoluci\u00f3n, Hugo Ch\u00e1vez\u201d.<\/p>\n<p>Gustavo Mej\u00eda, trabajador de la Superintendencia de Precios Justos, destac\u00f3 que hoy m\u00e1s que nunca hay que apoyar el legado del Comandante Hugo Ch\u00e1vez que ese 4F dio la cara por el pueblo venezolano.<\/p>\n<p>\u201cComo pueblo revolucionario seguimos firmes a los ideales de nuestro Comandante Ch\u00e1vez, a pesar que la oposici\u00f3n tiene la mayor\u00eda en la Asamblea Nacional, es momento de defender nuestra Revoluci\u00f3n porque es mucho lo que el pueblo ha logrado a trav\u00e9s de ella\u201d, puntualiz\u00f3.<\/p>\n<p>Por su parte,Milagros Arteaga de la fundaci\u00f3n Misi\u00f3n Sucre, destac\u00f3 que el 4 de Febrero sell\u00f3 el despertar del pueblo venezolano que estaba excluido de los derechos y de los beneficios que le correspond\u00edan. \u201cEl comandante Ch\u00e1vez le dio un despertar al pueblo venezolano que estaba amedrentado por las pol\u00edticas neoliberales de los gobiernos de la cuarta Rep\u00fablica, despu\u00e9s de ese d\u00eda el pueblo entendi\u00f3 que el camino a seguir es la revoluci\u00f3n\u201d.<\/p>\n<p>&nbsp;<\/p>\n<p>Redacci\u00f3n: Carlos Palacios<\/p>\n<p>Fotograf\u00eda: F\u00e9lix Ordaz<\/p>\n<p>&nbsp;<\/p>\n","protected":false},"excerpt":{"rendered":"<p>El pueblo revolucionario celebr\u00f3 la conmemoraci\u00f3n de los 24 a\u00f1os de la rebeli\u00f3n c\u00edvico-militar que el Comandante Hugo Ch\u00e1vez lider\u00f3 el 4 de febrero de 1992.<\/p>\n","protected":false},"author":25,"featured_media":4622,"comment_status":"closed","ping_status":"closed","sticky":false,"template":"","format":"standard","meta":{"footnotes":""},"categories":[82],"tags":[],"yoast_head":"<!-- This site is optimized with the Yoast SEO plugin v22.5 - https:\/\/yoast.com\/wordpress\/plugins\/seo\/ -->\n<title>4F: Pueblo venezolano conmemor\u00f3 el d\u00eda de la Dignidad Nacional - MPPPST<\/title>\n<meta name=\"robots\" content=\"index, follow, max-snippet:-1, max-image-preview:large, max-video-preview:-1\" \/>\n<link rel=\"canonical\" href=\"https:\/\/www.mpppst.gob.ve\/mpppstweb\/index.php\/2016\/02\/04\/4f-pueblo-venezolano-conmemoro-el-dia-de-la-dignidad-nacional\/\" \/>\n<meta property=\"og:locale\" content=\"es_ES\" \/>\n<meta property=\"og:type\" content=\"article\" \/>\n<meta property=\"og:title\" content=\"4F: Pueblo venezolano conmemor\u00f3 el d\u00eda de la Dignidad Nacional - MPPPST\" \/>\n<meta property=\"og:description\" content=\"El pueblo revolucionario celebr\u00f3 la conmemoraci\u00f3n de los 24 a\u00f1os de la rebeli\u00f3n c\u00edvico-militar que el Comandante Hugo Ch\u00e1vez lider\u00f3 el 4 de febrero de 1992.\" \/>\n<meta property=\"og:url\" content=\"https:\/\/www.mpppst.gob.ve\/mpppstweb\/index.php\/2016\/02\/04\/4f-pueblo-venezolano-conmemoro-el-dia-de-la-dignidad-nacional\/\" \/>\n<meta property=\"og:site_name\" content=\"MPPPST\" \/>\n<meta property=\"article:published_time\" content=\"2016-02-04T16:59:15+00:00\" \/>\n<meta property=\"article:modified_time\" content=\"2016-07-01T18:14:09+00:00\" \/>\n<meta property=\"og:image\" content=\"https:\/\/www.mpppst.gob.ve\/mpppstweb\/wp-content\/uploads\/2016\/02\/Foto-marcha-web.jpg\" \/>\n\t<meta property=\"og:image:width\" content=\"640\" \/>\n\t<meta property=\"og:image:height\" content=\"360\" \/>\n\t<meta property=\"og:image:type\" content=\"image\/jpeg\" \/>\n<meta name=\"author\" content=\"MPPPST Prensa\" \/>\n<meta name=\"twitter:card\" content=\"summary_large_image\" \/>\n<meta name=\"twitter:label1\" content=\"Escrito por\" \/>\n\t<meta name=\"twitter:data1\" content=\"MPPPST Prensa\" \/>\n\t<meta name=\"twitter:label2\" content=\"Tiempo de lectura\" \/>\n\t<meta name=\"twitter:data2\" content=\"3 minutos\" \/>\n<script type=\"application\/ld+json\" class=\"yoast-schema-graph\">{\"@context\":\"https:\/\/schema.org\",\"@graph\":[{\"@type\":\"Article\",\"@id\":\"https:\/\/www.mpppst.gob.ve\/mpppstweb\/index.php\/2016\/02\/04\/4f-pueblo-venezolano-conmemoro-el-dia-de-la-dignidad-nacional\/#article\",\"isPartOf\":{\"@id\":\"https:\/\/www.mpppst.gob.ve\/mpppstweb\/index.php\/2016\/02\/04\/4f-pueblo-venezolano-conmemoro-el-dia-de-la-dignidad-nacional\/\"},\"author\":{\"name\":\"MPPPST Prensa\",\"@id\":\"https:\/\/www.mpppst.gob.ve\/mpppstweb\/#\/schema\/person\/fc187ee8ead412bd4c9304b62f900ea4\"},\"headline\":\"4F: Pueblo venezolano conmemor\u00f3 el d\u00eda de la Dignidad Nacional\",\"datePublished\":\"2016-02-04T16:59:15+00:00\",\"dateModified\":\"2016-07-01T18:14:09+00:00\",\"mainEntityOfPage\":{\"@id\":\"https:\/\/www.mpppst.gob.ve\/mpppstweb\/index.php\/2016\/02\/04\/4f-pueblo-venezolano-conmemoro-el-dia-de-la-dignidad-nacional\/\"},\"wordCount\":677,\"publisher\":{\"@id\":\"https:\/\/www.mpppst.gob.ve\/mpppstweb\/#organization\"},\"image\":{\"@id\":\"https:\/\/www.mpppst.gob.ve\/mpppstweb\/index.php\/2016\/02\/04\/4f-pueblo-venezolano-conmemoro-el-dia-de-la-dignidad-nacional\/#primaryimage\"},\"thumbnailUrl\":\"https:\/\/www.mpppst.gob.ve\/mpppstweb\/wp-content\/uploads\/2016\/02\/Foto-marcha-web.jpg\",\"articleSection\":[\"Gobierno Nacional\"],\"inLanguage\":\"es\"},{\"@type\":\"WebPage\",\"@id\":\"https:\/\/www.mpppst.gob.ve\/mpppstweb\/index.php\/2016\/02\/04\/4f-pueblo-venezolano-conmemoro-el-dia-de-la-dignidad-nacional\/\",\"url\":\"https:\/\/www.mpppst.gob.ve\/mpppstweb\/index.php\/2016\/02\/04\/4f-pueblo-venezolano-conmemoro-el-dia-de-la-dignidad-nacional\/\",\"name\":\"4F: Pueblo venezolano conmemor\u00f3 el d\u00eda de la Dignidad Nacional - MPPPST\",\"isPartOf\":{\"@id\":\"https:\/\/www.mpppst.gob.ve\/mpppstweb\/#website\"},\"primaryImageOfPage\":{\"@id\":\"https:\/\/www.mpppst.gob.ve\/mpppstweb\/index.php\/2016\/02\/04\/4f-pueblo-venezolano-conmemoro-el-dia-de-la-dignidad-nacional\/#primaryimage\"},\"image\":{\"@id\":\"https:\/\/www.mpppst.gob.ve\/mpppstweb\/index.php\/2016\/02\/04\/4f-pueblo-venezolano-conmemoro-el-dia-de-la-dignidad-nacional\/#primaryimage\"},\"thumbnailUrl\":\"https:\/\/www.mpppst.gob.ve\/mpppstweb\/wp-content\/uploads\/2016\/02\/Foto-marcha-web.jpg\",\"datePublished\":\"2016-02-04T16:59:15+00:00\",\"dateModified\":\"2016-07-01T18:14:09+00:00\",\"breadcrumb\":{\"@id\":\"https:\/\/www.mpppst.gob.ve\/mpppstweb\/index.php\/2016\/02\/04\/4f-pueblo-venezolano-conmemoro-el-dia-de-la-dignidad-nacional\/#breadcrumb\"},\"inLanguage\":\"es\",\"potentialAction\":[{\"@type\":\"ReadAction\",\"target\":[\"https:\/\/www.mpppst.gob.ve\/mpppstweb\/index.php\/2016\/02\/04\/4f-pueblo-venezolano-conmemoro-el-dia-de-la-dignidad-nacional\/\"]}]},{\"@type\":\"ImageObject\",\"inLanguage\":\"es\",\"@id\":\"https:\/\/www.mpppst.gob.ve\/mpppstweb\/index.php\/2016\/02\/04\/4f-pueblo-venezolano-conmemoro-el-dia-de-la-dignidad-nacional\/#primaryimage\",\"url\":\"https:\/\/www.mpppst.gob.ve\/mpppstweb\/wp-content\/uploads\/2016\/02\/Foto-marcha-web.jpg\",\"contentUrl\":\"https:\/\/www.mpppst.gob.ve\/mpppstweb\/wp-content\/uploads\/2016\/02\/Foto-marcha-web.jpg\",\"width\":640,\"height\":360},{\"@type\":\"BreadcrumbList\",\"@id\":\"https:\/\/www.mpppst.gob.ve\/mpppstweb\/index.php\/2016\/02\/04\/4f-pueblo-venezolano-conmemoro-el-dia-de-la-dignidad-nacional\/#breadcrumb\",\"itemListElement\":[{\"@type\":\"ListItem\",\"position\":1,\"name\":\"Home\",\"item\":\"https:\/\/www.mpppst.gob.ve\/mpppstweb\/\"},{\"@type\":\"ListItem\",\"position\":2,\"name\":\"4F: Pueblo venezolano conmemor\u00f3 el d\u00eda de la Dignidad Nacional\"}]},{\"@type\":\"WebSite\",\"@id\":\"https:\/\/www.mpppst.gob.ve\/mpppstweb\/#website\",\"url\":\"https:\/\/www.mpppst.gob.ve\/mpppstweb\/\",\"name\":\"MPPPST\",\"description\":\"Ministerio del Poder Popular para el Proceso Social de Trabajo\",\"publisher\":{\"@id\":\"https:\/\/www.mpppst.gob.ve\/mpppstweb\/#organization\"},\"potentialAction\":[{\"@type\":\"SearchAction\",\"target\":{\"@type\":\"EntryPoint\",\"urlTemplate\":\"https:\/\/www.mpppst.gob.ve\/mpppstweb\/?s={search_term_string}\"},\"query-input\":\"required name=search_term_string\"}],\"inLanguage\":\"es\"},{\"@type\":\"Organization\",\"@id\":\"https:\/\/www.mpppst.gob.ve\/mpppstweb\/#organization\",\"name\":\"mpppst\",\"url\":\"https:\/\/www.mpppst.gob.ve\/mpppstweb\/\",\"logo\":{\"@type\":\"ImageObject\",\"inLanguage\":\"es\",\"@id\":\"https:\/\/www.mpppst.gob.ve\/mpppstweb\/#\/schema\/logo\/image\/\",\"url\":\"https:\/\/www.mpppst.gob.ve\/mpppstweb\/wp-content\/uploads\/2025\/07\/cropped-cropped-g910.png\",\"contentUrl\":\"https:\/\/www.mpppst.gob.ve\/mpppstweb\/wp-content\/uploads\/2025\/07\/cropped-cropped-g910.png\",\"width\":1080,\"height\":241,\"caption\":\"mpppst\"},\"image\":{\"@id\":\"https:\/\/www.mpppst.gob.ve\/mpppstweb\/#\/schema\/logo\/image\/\"}},{\"@type\":\"Person\",\"@id\":\"https:\/\/www.mpppst.gob.ve\/mpppstweb\/#\/schema\/person\/fc187ee8ead412bd4c9304b62f900ea4\",\"name\":\"MPPPST Prensa\",\"url\":\"https:\/\/www.mpppst.gob.ve\/mpppstweb\/index.php\/author\/prensa-mpppst\/\"}]}<\/script>\n<!-- \/ Yoast SEO plugin. -->","yoast_head_json":{"title":"4F: Pueblo venezolano conmemor\u00f3 el d\u00eda de la Dignidad Nacional - MPPPST","robots":{"index":"index","follow":"follow","max-snippet":"max-snippet:-1","max-image-preview":"max-image-preview:large","max-video-preview":"max-video-preview:-1"},"canonical":"https:\/\/www.mpppst.gob.ve\/mpppstweb\/index.php\/2016\/02\/04\/4f-pueblo-venezolano-conmemoro-el-dia-de-la-dignidad-nacional\/","og_locale":"es_ES","og_type":"article","og_title":"4F: Pueblo venezolano conmemor\u00f3 el d\u00eda de la Dignidad Nacional - MPPPST","og_description":"El pueblo revolucionario celebr\u00f3 la conmemoraci\u00f3n de los 24 a\u00f1os de la rebeli\u00f3n c\u00edvico-militar que el Comandante Hugo Ch\u00e1vez lider\u00f3 el 4 de febrero de 1992.","og_url":"https:\/\/www.mpppst.gob.ve\/mpppstweb\/index.php\/2016\/02\/04\/4f-pueblo-venezolano-conmemoro-el-dia-de-la-dignidad-nacional\/","og_site_name":"MPPPST","article_published_time":"2016-02-04T16:59:15+00:00","article_modified_time":"2016-07-01T18:14:09+00:00","og_image":[{"width":640,"height":360,"url":"https:\/\/www.mpppst.gob.ve\/mpppstweb\/wp-content\/uploads\/2016\/02\/Foto-marcha-web.jpg","type":"image\/jpeg"}],"author":"MPPPST Prensa","twitter_card":"summary_large_image","twitter_misc":{"Escrito por":"MPPPST Prensa","Tiempo de lectura":"3 minutos"},"schema":{"@context":"https:\/\/schema.org","@graph":[{"@type":"Article","@id":"https:\/\/www.mpppst.gob.ve\/mpppstweb\/index.php\/2016\/02\/04\/4f-pueblo-venezolano-conmemoro-el-dia-de-la-dignidad-nacional\/#article","isPartOf":{"@id":"https:\/\/www.mpppst.gob.ve\/mpppstweb\/index.php\/2016\/02\/04\/4f-pueblo-venezolano-conmemoro-el-dia-de-la-dignidad-nacional\/"},"author":{"name":"MPPPST Prensa","@id":"https:\/\/www.mpppst.gob.ve\/mpppstweb\/#\/schema\/person\/fc187ee8ead412bd4c9304b62f900ea4"},"headline":"4F: Pueblo venezolano conmemor\u00f3 el d\u00eda de la Dignidad Nacional","datePublished":"2016-02-04T16:59:15+00:00","dateModified":"2016-07-01T18:14:09+00:00","mainEntityOfPage":{"@id":"https:\/\/www.mpppst.gob.ve\/mpppstweb\/index.php\/2016\/02\/04\/4f-pueblo-venezolano-conmemoro-el-dia-de-la-dignidad-nacional\/"},"wordCount":677,"publisher":{"@id":"https:\/\/www.mpppst.gob.ve\/mpppstweb\/#organization"},"image":{"@id":"https:\/\/www.mpppst.gob.ve\/mpppstweb\/index.php\/2016\/02\/04\/4f-pueblo-venezolano-conmemoro-el-dia-de-la-dignidad-nacional\/#primaryimage"},"thumbnailUrl":"https:\/\/www.mpppst.gob.ve\/mpppstweb\/wp-content\/uploads\/2016\/02\/Foto-marcha-web.jpg","articleSection":["Gobierno Nacional"],"inLanguage":"es"},{"@type":"WebPage","@id":"https:\/\/www.mpppst.gob.ve\/mpppstweb\/index.php\/2016\/02\/04\/4f-pueblo-venezolano-conmemoro-el-dia-de-la-dignidad-nacional\/","url":"https:\/\/www.mpppst.gob.ve\/mpppstweb\/index.php\/2016\/02\/04\/4f-pueblo-venezolano-conmemoro-el-dia-de-la-dignidad-nacional\/","name":"4F: Pueblo venezolano conmemor\u00f3 el d\u00eda de la Dignidad Nacional - MPPPST","isPartOf":{"@id":"https:\/\/www.mpppst.gob.ve\/mpppstweb\/#website"},"primaryImageOfPage":{"@id":"https:\/\/www.mpppst.gob.ve\/mpppstweb\/index.php\/2016\/02\/04\/4f-pueblo-venezolano-conmemoro-el-dia-de-la-dignidad-nacional\/#primaryimage"},"image":{"@id":"https:\/\/www.mpppst.gob.ve\/mpppstweb\/index.php\/2016\/02\/04\/4f-pueblo-venezolano-conmemoro-el-dia-de-la-dignidad-nacional\/#primaryimage"},"thumbnailUrl":"https:\/\/www.mpppst.gob.ve\/mpppstweb\/wp-content\/uploads\/2016\/02\/Foto-marcha-web.jpg","datePublished":"2016-02-04T16:59:15+00:00","dateModified":"2016-07-01T18:14:09+00:00","breadcrumb":{"@id":"https:\/\/www.mpppst.gob.ve\/mpppstweb\/index.php\/2016\/02\/04\/4f-pueblo-venezolano-conmemoro-el-dia-de-la-dignidad-nacional\/#breadcrumb"},"inLanguage":"es","potentialAction":[{"@type":"ReadAction","target":["https:\/\/www.mpppst.gob.ve\/mpppstweb\/index.php\/2016\/02\/04\/4f-pueblo-venezolano-conmemoro-el-dia-de-la-dignidad-nacional\/"]}]},{"@type":"ImageObject","inLanguage":"es","@id":"https:\/\/www.mpppst.gob.ve\/mpppstweb\/index.php\/2016\/02\/04\/4f-pueblo-venezolano-conmemoro-el-dia-de-la-dignidad-nacional\/#primaryimage","url":"https:\/\/www.mpppst.gob.ve\/mpppstweb\/wp-content\/uploads\/2016\/02\/Foto-marcha-web.jpg","contentUrl":"https:\/\/www.mpppst.gob.ve\/mpppstweb\/wp-content\/uploads\/2016\/02\/Foto-marcha-web.jpg","width":640,"height":360},{"@type":"BreadcrumbList","@id":"https:\/\/www.mpppst.gob.ve\/mpppstweb\/index.php\/2016\/02\/04\/4f-pueblo-venezolano-conmemoro-el-dia-de-la-dignidad-nacional\/#breadcrumb","itemListElement":[{"@type":"ListItem","position":1,"name":"Home","item":"https:\/\/www.mpppst.gob.ve\/mpppstweb\/"},{"@type":"ListItem","position":2,"name":"4F: Pueblo venezolano conmemor\u00f3 el d\u00eda de la Dignidad Nacional"}]},{"@type":"WebSite","@id":"https:\/\/www.mpppst.gob.ve\/mpppstweb\/#website","url":"https:\/\/www.mpppst.gob.ve\/mpppstweb\/","name":"MPPPST","description":"Ministerio del Poder Popular para el Proceso Social de Trabajo","publisher":{"@id":"https:\/\/www.mpppst.gob.ve\/mpppstweb\/#organization"},"potentialAction":[{"@type":"SearchAction","target":{"@type":"EntryPoint","urlTemplate":"https:\/\/www.mpppst.gob.ve\/mpppstweb\/?s={search_term_string}"},"query-input":"required name=search_term_string"}],"inLanguage":"es"},{"@type":"Organization","@id":"https:\/\/www.mpppst.gob.ve\/mpppstweb\/#organization","name":"mpppst","url":"https:\/\/www.mpppst.gob.ve\/mpppstweb\/","logo":{"@type":"ImageObject","inLanguage":"es","@id":"https:\/\/www.mpppst.gob.ve\/mpppstweb\/#\/schema\/logo\/image\/","url":"https:\/\/www.mpppst.gob.ve\/mpppstweb\/wp-content\/uploads\/2025\/07\/cropped-cropped-g910.png","contentUrl":"https:\/\/www.mpppst.gob.ve\/mpppstweb\/wp-content\/uploads\/2025\/07\/cropped-cropped-g910.png","width":1080,"height":241,"caption":"mpppst"},"image":{"@id":"https:\/\/www.mpppst.gob.ve\/mpppstweb\/#\/schema\/logo\/image\/"}},{"@type":"Person","@id":"https:\/\/www.mpppst.gob.ve\/mpppstweb\/#\/schema\/person\/fc187ee8ead412bd4c9304b62f900ea4","name":"MPPPST Prensa","url":"https:\/\/www.mpppst.gob.ve\/mpppstweb\/index.php\/author\/prensa-mpppst\/"}]}},"_links":{"self":[{"href":"https:\/\/www.mpppst.gob.ve\/mpppstweb\/index.php\/wp-json\/wp\/v2\/posts\/4618"}],"collection":[{"href":"https:\/\/www.mpppst.gob.ve\/mpppstweb\/index.php\/wp-json\/wp\/v2\/posts"}],"about":[{"href":"https:\/\/www.mpppst.gob.ve\/mpppstweb\/index.php\/wp-json\/wp\/v2\/types\/post"}],"author":[{"embeddable":true,"href":"https:\/\/www.mpppst.gob.ve\/mpppstweb\/index.php\/wp-json\/wp\/v2\/users\/25"}],"replies":[{"embeddable":true,"href":"https:\/\/www.mpppst.gob.ve\/mpppstweb\/index.php\/wp-json\/wp\/v2\/comments?post=4618"}],"version-history":[{"count":1,"href":"https:\/\/www.mpppst.gob.ve\/mpppstweb\/index.php\/wp-json\/wp\/v2\/posts\/4618\/revisions"}],"predecessor-version":[{"id":7003,"href":"https:\/\/www.mpppst.gob.ve\/mpppstweb\/index.php\/wp-json\/wp\/v2\/posts\/4618\/revisions\/7003"}],"wp:featuredmedia":[{"embeddable":true,"href":"https:\/\/www.mpppst.gob.ve\/mpppstweb\/index.php\/wp-json\/wp\/v2\/media\/4622"}],"wp:attachment":[{"href":"https:\/\/www.mpppst.gob.ve\/mpppstweb\/index.php\/wp-json\/wp\/v2\/media?parent=4618"}],"wp:term":[{"taxonomy":"category","embeddable":true,"href":"https:\/\/www.mpppst.gob.ve\/mpppstweb\/index.php\/wp-json\/wp\/v2\/categories?post=4618"},{"taxonomy":"post_tag","embeddable":true,"href":"https:\/\/www.mpppst.gob.ve\/mpppstweb\/index.php\/wp-json\/wp\/v2\/tags?post=4618"}],"curies":[{"name":"wp","href":"https:\/\/api.w.org\/{rel}","templated":true}]}}