{"id":4631,"date":"2016-02-05T16:40:01","date_gmt":"2016-02-05T16:40:01","guid":{"rendered":"http:\/\/www.mpppst.gob.ve\/mpppstweb\/?p=4631"},"modified":"2016-07-20T13:41:10","modified_gmt":"2016-07-20T13:41:10","slug":"los-trabajadores-y-trabajadoras-tienen-el-compromiso-de-impulsar-una-economia-diversificada","status":"publish","type":"post","link":"https:\/\/www.mpppst.gob.ve\/mpppstweb\/index.php\/2016\/02\/05\/los-trabajadores-y-trabajadoras-tienen-el-compromiso-de-impulsar-una-economia-diversificada\/","title":{"rendered":"Los trabajadores y trabajadoras tienen el compromiso de impulsar una econom\u00eda diversificada"},"content":{"rendered":"<p style=\"text-align: justify;\">Caracas, 05 de febrero de 2016.- El compromiso de los trabajadores y trabajadoras del pa\u00eds es impulsar una econom\u00eda diversificada a trav\u00e9s de la producci\u00f3n, y de esta forma dejar de depender de la renta petrolera, de acuerdo con \u00a0el ministro del Poder Popular para el Proceso Social de Trabajo, Oswaldo Vera.<\/p>\n<p style=\"text-align: justify;\">Estas declaraciones fueron dadas por el ministro Vera en el marco de la marcha realizada para conmemorar la gesta hist\u00f3rica del Comandante Eterno, Hugo Ch\u00e1vez, l\u00edder de la rebeli\u00f3n c\u00edvico-militar del 4 de febrero de 1992. El ministro Vera adem\u00e1s explic\u00f3 que en el pa\u00eds hab\u00eda la necesidad de impulsar a\u00fan m\u00e1s las empresas del Estado para garantizar los bienes y servicios para la poblaci\u00f3n \u00a0y de esta forma enrumbarnos hacia una econom\u00eda productiva, tal como lo ha solicitado el presidente Nicol\u00e1s Maduro.<\/p>\n<p style=\"text-align: justify;\">Record\u00f3 que en la nueva Ley Org\u00e1nica del Trabajo, los Trabajadores y las Trabajadoras (LOTTT), aprobada por el l\u00edder de la Revoluci\u00f3n Bolivariana, Hugo Ch\u00e1vez, el 30 de abril de 2012, el trabajo es concebido como un proceso social y una fuerza para redistribuir la riqueza que producimos y no para que vaya a las manos del Capitalismo.<\/p>\n<p style=\"text-align: justify;\">Finaliz\u00f3 se\u00f1alando que todos los revolucionarios y revolucionarias tenemos la garant\u00eda de tener Patria. En tal sentido, cit\u00f3 el mensaje del Presidente Nicol\u00e1s Maduro, quien llam\u00f3 a todos los venezolanos y venezolanas a incorporarse en este proceso, y enfatiz\u00f3 que \u201choy, bajo la conducci\u00f3n del Presidente Maduro y con el esfuerzo mancomunado, hasta de quienes nos adversan, seguiremos con esta Patria, que es de todos\u201d.<\/p>\n","protected":false},"excerpt":{"rendered":"<p>El compromiso de los trabajadores y trabajadoras del pa\u00eds es impulsar una econom\u00eda diversificada a trav\u00e9s de la producci\u00f3n<\/p>\n","protected":false},"author":25,"featured_media":4632,"comment_status":"closed","ping_status":"closed","sticky":false,"template":"","format":"standard","meta":{"footnotes":""},"categories":[82],"tags":[],"yoast_head":"<!-- This site is optimized with the Yoast SEO plugin v22.5 - https:\/\/yoast.com\/wordpress\/plugins\/seo\/ -->\n<title>Los trabajadores y trabajadoras tienen el compromiso de impulsar una econom\u00eda diversificada - MPPPST<\/title>\n<meta name=\"robots\" content=\"index, follow, max-snippet:-1, max-image-preview:large, max-video-preview:-1\" \/>\n<link rel=\"canonical\" href=\"https:\/\/www.mpppst.gob.ve\/mpppstweb\/index.php\/2016\/02\/05\/los-trabajadores-y-trabajadoras-tienen-el-compromiso-de-impulsar-una-economia-diversificada\/\" \/>\n<meta property=\"og:locale\" content=\"es_ES\" \/>\n<meta property=\"og:type\" content=\"article\" \/>\n<meta property=\"og:title\" content=\"Los trabajadores y trabajadoras tienen el compromiso de impulsar una econom\u00eda diversificada - MPPPST\" \/>\n<meta property=\"og:description\" content=\"El compromiso de los trabajadores y trabajadoras del pa\u00eds es impulsar una econom\u00eda diversificada a trav\u00e9s de la producci\u00f3n\" \/>\n<meta property=\"og:url\" content=\"https:\/\/www.mpppst.gob.ve\/mpppstweb\/index.php\/2016\/02\/05\/los-trabajadores-y-trabajadoras-tienen-el-compromiso-de-impulsar-una-economia-diversificada\/\" \/>\n<meta property=\"og:site_name\" content=\"MPPPST\" \/>\n<meta property=\"article:published_time\" content=\"2016-02-05T16:40:01+00:00\" \/>\n<meta property=\"article:modified_time\" content=\"2016-07-20T13:41:10+00:00\" \/>\n<meta name=\"author\" content=\"MPPPST Prensa\" \/>\n<meta name=\"twitter:card\" content=\"summary_large_image\" \/>\n<meta name=\"twitter:label1\" content=\"Escrito por\" \/>\n\t<meta name=\"twitter:data1\" content=\"MPPPST Prensa\" \/>\n\t<meta name=\"twitter:label2\" content=\"Tiempo de lectura\" \/>\n\t<meta name=\"twitter:data2\" content=\"1 minuto\" \/>\n<script type=\"application\/ld+json\" class=\"yoast-schema-graph\">{\"@context\":\"https:\/\/schema.org\",\"@graph\":[{\"@type\":\"Article\",\"@id\":\"https:\/\/www.mpppst.gob.ve\/mpppstweb\/index.php\/2016\/02\/05\/los-trabajadores-y-trabajadoras-tienen-el-compromiso-de-impulsar-una-economia-diversificada\/#article\",\"isPartOf\":{\"@id\":\"https:\/\/www.mpppst.gob.ve\/mpppstweb\/index.php\/2016\/02\/05\/los-trabajadores-y-trabajadoras-tienen-el-compromiso-de-impulsar-una-economia-diversificada\/\"},\"author\":{\"name\":\"MPPPST Prensa\",\"@id\":\"https:\/\/www.mpppst.gob.ve\/mpppstweb\/#\/schema\/person\/fc187ee8ead412bd4c9304b62f900ea4\"},\"headline\":\"Los trabajadores y trabajadoras tienen el compromiso de impulsar una econom\u00eda diversificada\",\"datePublished\":\"2016-02-05T16:40:01+00:00\",\"dateModified\":\"2016-07-20T13:41:10+00:00\",\"mainEntityOfPage\":{\"@id\":\"https:\/\/www.mpppst.gob.ve\/mpppstweb\/index.php\/2016\/02\/05\/los-trabajadores-y-trabajadoras-tienen-el-compromiso-de-impulsar-una-economia-diversificada\/\"},\"wordCount\":291,\"publisher\":{\"@id\":\"https:\/\/www.mpppst.gob.ve\/mpppstweb\/#organization\"},\"image\":{\"@id\":\"https:\/\/www.mpppst.gob.ve\/mpppstweb\/index.php\/2016\/02\/05\/los-trabajadores-y-trabajadoras-tienen-el-compromiso-de-impulsar-una-economia-diversificada\/#primaryimage\"},\"thumbnailUrl\":\"\",\"articleSection\":[\"Gobierno Nacional\"],\"inLanguage\":\"es\"},{\"@type\":\"WebPage\",\"@id\":\"https:\/\/www.mpppst.gob.ve\/mpppstweb\/index.php\/2016\/02\/05\/los-trabajadores-y-trabajadoras-tienen-el-compromiso-de-impulsar-una-economia-diversificada\/\",\"url\":\"https:\/\/www.mpppst.gob.ve\/mpppstweb\/index.php\/2016\/02\/05\/los-trabajadores-y-trabajadoras-tienen-el-compromiso-de-impulsar-una-economia-diversificada\/\",\"name\":\"Los trabajadores y trabajadoras tienen el compromiso de impulsar una econom\u00eda diversificada - MPPPST\",\"isPartOf\":{\"@id\":\"https:\/\/www.mpppst.gob.ve\/mpppstweb\/#website\"},\"primaryImageOfPage\":{\"@id\":\"https:\/\/www.mpppst.gob.ve\/mpppstweb\/index.php\/2016\/02\/05\/los-trabajadores-y-trabajadoras-tienen-el-compromiso-de-impulsar-una-economia-diversificada\/#primaryimage\"},\"image\":{\"@id\":\"https:\/\/www.mpppst.gob.ve\/mpppstweb\/index.php\/2016\/02\/05\/los-trabajadores-y-trabajadoras-tienen-el-compromiso-de-impulsar-una-economia-diversificada\/#primaryimage\"},\"thumbnailUrl\":\"\",\"datePublished\":\"2016-02-05T16:40:01+00:00\",\"dateModified\":\"2016-07-20T13:41:10+00:00\",\"breadcrumb\":{\"@id\":\"https:\/\/www.mpppst.gob.ve\/mpppstweb\/index.php\/2016\/02\/05\/los-trabajadores-y-trabajadoras-tienen-el-compromiso-de-impulsar-una-economia-diversificada\/#breadcrumb\"},\"inLanguage\":\"es\",\"potentialAction\":[{\"@type\":\"ReadAction\",\"target\":[\"https:\/\/www.mpppst.gob.ve\/mpppstweb\/index.php\/2016\/02\/05\/los-trabajadores-y-trabajadoras-tienen-el-compromiso-de-impulsar-una-economia-diversificada\/\"]}]},{\"@type\":\"ImageObject\",\"inLanguage\":\"es\",\"@id\":\"https:\/\/www.mpppst.gob.ve\/mpppstweb\/index.php\/2016\/02\/05\/los-trabajadores-y-trabajadoras-tienen-el-compromiso-de-impulsar-una-economia-diversificada\/#primaryimage\",\"url\":\"\",\"contentUrl\":\"\"},{\"@type\":\"BreadcrumbList\",\"@id\":\"https:\/\/www.mpppst.gob.ve\/mpppstweb\/index.php\/2016\/02\/05\/los-trabajadores-y-trabajadoras-tienen-el-compromiso-de-impulsar-una-economia-diversificada\/#breadcrumb\",\"itemListElement\":[{\"@type\":\"ListItem\",\"position\":1,\"name\":\"Home\",\"item\":\"https:\/\/www.mpppst.gob.ve\/mpppstweb\/\"},{\"@type\":\"ListItem\",\"position\":2,\"name\":\"Los trabajadores y trabajadoras tienen el compromiso de impulsar una econom\u00eda diversificada\"}]},{\"@type\":\"WebSite\",\"@id\":\"https:\/\/www.mpppst.gob.ve\/mpppstweb\/#website\",\"url\":\"https:\/\/www.mpppst.gob.ve\/mpppstweb\/\",\"name\":\"MPPPST\",\"description\":\"Ministerio del Poder Popular para el Proceso Social de Trabajo\",\"publisher\":{\"@id\":\"https:\/\/www.mpppst.gob.ve\/mpppstweb\/#organization\"},\"potentialAction\":[{\"@type\":\"SearchAction\",\"target\":{\"@type\":\"EntryPoint\",\"urlTemplate\":\"https:\/\/www.mpppst.gob.ve\/mpppstweb\/?s={search_term_string}\"},\"query-input\":\"required name=search_term_string\"}],\"inLanguage\":\"es\"},{\"@type\":\"Organization\",\"@id\":\"https:\/\/www.mpppst.gob.ve\/mpppstweb\/#organization\",\"name\":\"mpppst\",\"url\":\"https:\/\/www.mpppst.gob.ve\/mpppstweb\/\",\"logo\":{\"@type\":\"ImageObject\",\"inLanguage\":\"es\",\"@id\":\"https:\/\/www.mpppst.gob.ve\/mpppstweb\/#\/schema\/logo\/image\/\",\"url\":\"https:\/\/www.mpppst.gob.ve\/mpppstweb\/wp-content\/uploads\/2025\/07\/cropped-cropped-g910.png\",\"contentUrl\":\"https:\/\/www.mpppst.gob.ve\/mpppstweb\/wp-content\/uploads\/2025\/07\/cropped-cropped-g910.png\",\"width\":1080,\"height\":241,\"caption\":\"mpppst\"},\"image\":{\"@id\":\"https:\/\/www.mpppst.gob.ve\/mpppstweb\/#\/schema\/logo\/image\/\"}},{\"@type\":\"Person\",\"@id\":\"https:\/\/www.mpppst.gob.ve\/mpppstweb\/#\/schema\/person\/fc187ee8ead412bd4c9304b62f900ea4\",\"name\":\"MPPPST Prensa\",\"url\":\"https:\/\/www.mpppst.gob.ve\/mpppstweb\/index.php\/author\/prensa-mpppst\/\"}]}<\/script>\n<!-- \/ Yoast SEO plugin. -->","yoast_head_json":{"title":"Los trabajadores y trabajadoras tienen el compromiso de impulsar una econom\u00eda diversificada - MPPPST","robots":{"index":"index","follow":"follow","max-snippet":"max-snippet:-1","max-image-preview":"max-image-preview:large","max-video-preview":"max-video-preview:-1"},"canonical":"https:\/\/www.mpppst.gob.ve\/mpppstweb\/index.php\/2016\/02\/05\/los-trabajadores-y-trabajadoras-tienen-el-compromiso-de-impulsar-una-economia-diversificada\/","og_locale":"es_ES","og_type":"article","og_title":"Los trabajadores y trabajadoras tienen el compromiso de impulsar una econom\u00eda diversificada - MPPPST","og_description":"El compromiso de los trabajadores y trabajadoras del pa\u00eds es impulsar una econom\u00eda diversificada a trav\u00e9s de la producci\u00f3n","og_url":"https:\/\/www.mpppst.gob.ve\/mpppstweb\/index.php\/2016\/02\/05\/los-trabajadores-y-trabajadoras-tienen-el-compromiso-de-impulsar-una-economia-diversificada\/","og_site_name":"MPPPST","article_published_time":"2016-02-05T16:40:01+00:00","article_modified_time":"2016-07-20T13:41:10+00:00","author":"MPPPST Prensa","twitter_card":"summary_large_image","twitter_misc":{"Escrito por":"MPPPST Prensa","Tiempo de lectura":"1 minuto"},"schema":{"@context":"https:\/\/schema.org","@graph":[{"@type":"Article","@id":"https:\/\/www.mpppst.gob.ve\/mpppstweb\/index.php\/2016\/02\/05\/los-trabajadores-y-trabajadoras-tienen-el-compromiso-de-impulsar-una-economia-diversificada\/#article","isPartOf":{"@id":"https:\/\/www.mpppst.gob.ve\/mpppstweb\/index.php\/2016\/02\/05\/los-trabajadores-y-trabajadoras-tienen-el-compromiso-de-impulsar-una-economia-diversificada\/"},"author":{"name":"MPPPST Prensa","@id":"https:\/\/www.mpppst.gob.ve\/mpppstweb\/#\/schema\/person\/fc187ee8ead412bd4c9304b62f900ea4"},"headline":"Los trabajadores y trabajadoras tienen el compromiso de impulsar una econom\u00eda diversificada","datePublished":"2016-02-05T16:40:01+00:00","dateModified":"2016-07-20T13:41:10+00:00","mainEntityOfPage":{"@id":"https:\/\/www.mpppst.gob.ve\/mpppstweb\/index.php\/2016\/02\/05\/los-trabajadores-y-trabajadoras-tienen-el-compromiso-de-impulsar-una-economia-diversificada\/"},"wordCount":291,"publisher":{"@id":"https:\/\/www.mpppst.gob.ve\/mpppstweb\/#organization"},"image":{"@id":"https:\/\/www.mpppst.gob.ve\/mpppstweb\/index.php\/2016\/02\/05\/los-trabajadores-y-trabajadoras-tienen-el-compromiso-de-impulsar-una-economia-diversificada\/#primaryimage"},"thumbnailUrl":"","articleSection":["Gobierno Nacional"],"inLanguage":"es"},{"@type":"WebPage","@id":"https:\/\/www.mpppst.gob.ve\/mpppstweb\/index.php\/2016\/02\/05\/los-trabajadores-y-trabajadoras-tienen-el-compromiso-de-impulsar-una-economia-diversificada\/","url":"https:\/\/www.mpppst.gob.ve\/mpppstweb\/index.php\/2016\/02\/05\/los-trabajadores-y-trabajadoras-tienen-el-compromiso-de-impulsar-una-economia-diversificada\/","name":"Los trabajadores y trabajadoras tienen el compromiso de impulsar una econom\u00eda diversificada - MPPPST","isPartOf":{"@id":"https:\/\/www.mpppst.gob.ve\/mpppstweb\/#website"},"primaryImageOfPage":{"@id":"https:\/\/www.mpppst.gob.ve\/mpppstweb\/index.php\/2016\/02\/05\/los-trabajadores-y-trabajadoras-tienen-el-compromiso-de-impulsar-una-economia-diversificada\/#primaryimage"},"image":{"@id":"https:\/\/www.mpppst.gob.ve\/mpppstweb\/index.php\/2016\/02\/05\/los-trabajadores-y-trabajadoras-tienen-el-compromiso-de-impulsar-una-economia-diversificada\/#primaryimage"},"thumbnailUrl":"","datePublished":"2016-02-05T16:40:01+00:00","dateModified":"2016-07-20T13:41:10+00:00","breadcrumb":{"@id":"https:\/\/www.mpppst.gob.ve\/mpppstweb\/index.php\/2016\/02\/05\/los-trabajadores-y-trabajadoras-tienen-el-compromiso-de-impulsar-una-economia-diversificada\/#breadcrumb"},"inLanguage":"es","potentialAction":[{"@type":"ReadAction","target":["https:\/\/www.mpppst.gob.ve\/mpppstweb\/index.php\/2016\/02\/05\/los-trabajadores-y-trabajadoras-tienen-el-compromiso-de-impulsar-una-economia-diversificada\/"]}]},{"@type":"ImageObject","inLanguage":"es","@id":"https:\/\/www.mpppst.gob.ve\/mpppstweb\/index.php\/2016\/02\/05\/los-trabajadores-y-trabajadoras-tienen-el-compromiso-de-impulsar-una-economia-diversificada\/#primaryimage","url":"","contentUrl":""},{"@type":"BreadcrumbList","@id":"https:\/\/www.mpppst.gob.ve\/mpppstweb\/index.php\/2016\/02\/05\/los-trabajadores-y-trabajadoras-tienen-el-compromiso-de-impulsar-una-economia-diversificada\/#breadcrumb","itemListElement":[{"@type":"ListItem","position":1,"name":"Home","item":"https:\/\/www.mpppst.gob.ve\/mpppstweb\/"},{"@type":"ListItem","position":2,"name":"Los trabajadores y trabajadoras tienen el compromiso de impulsar una econom\u00eda diversificada"}]},{"@type":"WebSite","@id":"https:\/\/www.mpppst.gob.ve\/mpppstweb\/#website","url":"https:\/\/www.mpppst.gob.ve\/mpppstweb\/","name":"MPPPST","description":"Ministerio del Poder Popular para el Proceso Social de Trabajo","publisher":{"@id":"https:\/\/www.mpppst.gob.ve\/mpppstweb\/#organization"},"potentialAction":[{"@type":"SearchAction","target":{"@type":"EntryPoint","urlTemplate":"https:\/\/www.mpppst.gob.ve\/mpppstweb\/?s={search_term_string}"},"query-input":"required name=search_term_string"}],"inLanguage":"es"},{"@type":"Organization","@id":"https:\/\/www.mpppst.gob.ve\/mpppstweb\/#organization","name":"mpppst","url":"https:\/\/www.mpppst.gob.ve\/mpppstweb\/","logo":{"@type":"ImageObject","inLanguage":"es","@id":"https:\/\/www.mpppst.gob.ve\/mpppstweb\/#\/schema\/logo\/image\/","url":"https:\/\/www.mpppst.gob.ve\/mpppstweb\/wp-content\/uploads\/2025\/07\/cropped-cropped-g910.png","contentUrl":"https:\/\/www.mpppst.gob.ve\/mpppstweb\/wp-content\/uploads\/2025\/07\/cropped-cropped-g910.png","width":1080,"height":241,"caption":"mpppst"},"image":{"@id":"https:\/\/www.mpppst.gob.ve\/mpppstweb\/#\/schema\/logo\/image\/"}},{"@type":"Person","@id":"https:\/\/www.mpppst.gob.ve\/mpppstweb\/#\/schema\/person\/fc187ee8ead412bd4c9304b62f900ea4","name":"MPPPST Prensa","url":"https:\/\/www.mpppst.gob.ve\/mpppstweb\/index.php\/author\/prensa-mpppst\/"}]}},"_links":{"self":[{"href":"https:\/\/www.mpppst.gob.ve\/mpppstweb\/index.php\/wp-json\/wp\/v2\/posts\/4631"}],"collection":[{"href":"https:\/\/www.mpppst.gob.ve\/mpppstweb\/index.php\/wp-json\/wp\/v2\/posts"}],"about":[{"href":"https:\/\/www.mpppst.gob.ve\/mpppstweb\/index.php\/wp-json\/wp\/v2\/types\/post"}],"author":[{"embeddable":true,"href":"https:\/\/www.mpppst.gob.ve\/mpppstweb\/index.php\/wp-json\/wp\/v2\/users\/25"}],"replies":[{"embeddable":true,"href":"https:\/\/www.mpppst.gob.ve\/mpppstweb\/index.php\/wp-json\/wp\/v2\/comments?post=4631"}],"version-history":[{"count":1,"href":"https:\/\/www.mpppst.gob.ve\/mpppstweb\/index.php\/wp-json\/wp\/v2\/posts\/4631\/revisions"}],"predecessor-version":[{"id":7004,"href":"https:\/\/www.mpppst.gob.ve\/mpppstweb\/index.php\/wp-json\/wp\/v2\/posts\/4631\/revisions\/7004"}],"wp:featuredmedia":[{"embeddable":true,"href":"https:\/\/www.mpppst.gob.ve\/mpppstweb\/index.php\/wp-json\/"}],"wp:attachment":[{"href":"https:\/\/www.mpppst.gob.ve\/mpppstweb\/index.php\/wp-json\/wp\/v2\/media?parent=4631"}],"wp:term":[{"taxonomy":"category","embeddable":true,"href":"https:\/\/www.mpppst.gob.ve\/mpppstweb\/index.php\/wp-json\/wp\/v2\/categories?post=4631"},{"taxonomy":"post_tag","embeddable":true,"href":"https:\/\/www.mpppst.gob.ve\/mpppstweb\/index.php\/wp-json\/wp\/v2\/tags?post=4631"}],"curies":[{"name":"wp","href":"https:\/\/api.w.org\/{rel}","templated":true}]}}