{"id":4634,"date":"2016-02-05T16:56:02","date_gmt":"2016-02-05T16:56:02","guid":{"rendered":"http:\/\/www.mpppst.gob.ve\/mpppstweb\/?p=4634"},"modified":"2016-07-20T13:40:57","modified_gmt":"2016-07-20T13:40:57","slug":"trabajadores-y-trabajadoras-del-mpppst-celebran-paradura-del-nino-jesus","status":"publish","type":"post","link":"https:\/\/www.mpppst.gob.ve\/mpppstweb\/index.php\/2016\/02\/05\/trabajadores-y-trabajadoras-del-mpppst-celebran-paradura-del-nino-jesus\/","title":{"rendered":"Trabajadores y trabajadoras del MPPPST celebran paradura del ni\u00f1o Jes\u00fas"},"content":{"rendered":"<p style=\"text-align: justify;\">Caracas, 5 de febrero de 2016.- Entre Gaitas y Villancicos los trabajadores y trabajadoras del Ministerio del Poder Popular para el Proceso Social de Trabajo (MPPPST), levantaron al ni\u00f1o Jes\u00fas del pesebre de la Divisi\u00f3n de Habilitadur\u00eda y le hicieron un recorrido por todas las oficinas, acompa\u00f1ados de\u00a0 cantos y \u00a0velas.<\/p>\n<p style=\"text-align: justify;\">Nelsida Paredes dijo que esta tradici\u00f3n de la Paradura del Ni\u00f1o se realiza desde hace muchos a\u00f1os en el Ministerio, donde los trabajadores, trabajadoras y hasta los jubilados se re\u00fanen para rezarle, cantarle, pasearlo y hacer sus respectivas peticiones.<\/p>\n<p style=\"text-align: justify;\">Greisy Padr\u00f3n, de la Divisi\u00f3n de Habilitadur\u00eda, manifest\u00f3 que los trabajadores y trabajadoras, esperan todos los a\u00f1os el dos de Febrero o el viernes siguiente a esa fecha para hacer la paradura, y acompa\u00f1ar al ni\u00f1o Jes\u00fas al recorrido acostumbrado por los pasillos y oficinas del Ministerio.<\/p>\n<p style=\"text-align: justify;\">Maritza Bastidas agreg\u00f3 que esta tradici\u00f3n es una de las m\u00e1s hermosas del pa\u00eds, y que aqu\u00ed en el Ministerio todos aprovechan para compartir, cantar, rezar y recibir bendiciones. Y que todo esto termina con un peque\u00f1o compartir en la oficina de la Divisi\u00f3n de habilitados.<\/p>\n<p style=\"text-align: justify;\">Finalmente, Judith Colmenares, dijo que ella siempre acompa\u00f1a con mucha fe este recorrido del ni\u00f1o, y record\u00f3 que siempre eligen a dos padrinos. Este a\u00f1o los padrinos fueron Adriana S\u00e1nchez, directora de Finanzas, y Nelson Pinto, director de Administraci\u00f3n.<\/p>\n<p>&nbsp;<\/p>\n","protected":false},"excerpt":{"rendered":"<p>Entre Gaitas y Villancicos los trabajadores y trabajadoras del MPPPST levantaron al ni\u00f1o Jes\u00fas del pesebre de la Divisi\u00f3n de Habilitadur\u00eda<\/p>\n","protected":false},"author":25,"featured_media":4635,"comment_status":"closed","ping_status":"closed","sticky":false,"template":"","format":"standard","meta":{"footnotes":""},"categories":[82],"tags":[],"yoast_head":"<!-- This site is optimized with the Yoast SEO plugin v22.5 - https:\/\/yoast.com\/wordpress\/plugins\/seo\/ -->\n<title>Trabajadores y trabajadoras del MPPPST celebran paradura del ni\u00f1o Jes\u00fas - MPPPST<\/title>\n<meta name=\"robots\" content=\"index, follow, max-snippet:-1, max-image-preview:large, max-video-preview:-1\" \/>\n<link rel=\"canonical\" href=\"https:\/\/www.mpppst.gob.ve\/mpppstweb\/index.php\/2016\/02\/05\/trabajadores-y-trabajadoras-del-mpppst-celebran-paradura-del-nino-jesus\/\" \/>\n<meta property=\"og:locale\" content=\"es_ES\" \/>\n<meta property=\"og:type\" content=\"article\" \/>\n<meta property=\"og:title\" content=\"Trabajadores y trabajadoras del MPPPST celebran paradura del ni\u00f1o Jes\u00fas - MPPPST\" \/>\n<meta property=\"og:description\" content=\"Entre Gaitas y Villancicos los trabajadores y trabajadoras del MPPPST levantaron al ni\u00f1o Jes\u00fas del pesebre de la Divisi\u00f3n de Habilitadur\u00eda\" \/>\n<meta property=\"og:url\" content=\"https:\/\/www.mpppst.gob.ve\/mpppstweb\/index.php\/2016\/02\/05\/trabajadores-y-trabajadoras-del-mpppst-celebran-paradura-del-nino-jesus\/\" \/>\n<meta property=\"og:site_name\" content=\"MPPPST\" \/>\n<meta property=\"article:published_time\" content=\"2016-02-05T16:56:02+00:00\" \/>\n<meta property=\"article:modified_time\" content=\"2016-07-20T13:40:57+00:00\" \/>\n<meta name=\"author\" content=\"MPPPST Prensa\" \/>\n<meta name=\"twitter:card\" content=\"summary_large_image\" \/>\n<meta name=\"twitter:label1\" content=\"Escrito por\" \/>\n\t<meta name=\"twitter:data1\" content=\"MPPPST Prensa\" \/>\n\t<meta name=\"twitter:label2\" content=\"Tiempo de lectura\" \/>\n\t<meta name=\"twitter:data2\" content=\"1 minuto\" \/>\n<script type=\"application\/ld+json\" class=\"yoast-schema-graph\">{\"@context\":\"https:\/\/schema.org\",\"@graph\":[{\"@type\":\"Article\",\"@id\":\"https:\/\/www.mpppst.gob.ve\/mpppstweb\/index.php\/2016\/02\/05\/trabajadores-y-trabajadoras-del-mpppst-celebran-paradura-del-nino-jesus\/#article\",\"isPartOf\":{\"@id\":\"https:\/\/www.mpppst.gob.ve\/mpppstweb\/index.php\/2016\/02\/05\/trabajadores-y-trabajadoras-del-mpppst-celebran-paradura-del-nino-jesus\/\"},\"author\":{\"name\":\"MPPPST Prensa\",\"@id\":\"https:\/\/www.mpppst.gob.ve\/mpppstweb\/#\/schema\/person\/fc187ee8ead412bd4c9304b62f900ea4\"},\"headline\":\"Trabajadores y trabajadoras del MPPPST celebran paradura del ni\u00f1o Jes\u00fas\",\"datePublished\":\"2016-02-05T16:56:02+00:00\",\"dateModified\":\"2016-07-20T13:40:57+00:00\",\"mainEntityOfPage\":{\"@id\":\"https:\/\/www.mpppst.gob.ve\/mpppstweb\/index.php\/2016\/02\/05\/trabajadores-y-trabajadoras-del-mpppst-celebran-paradura-del-nino-jesus\/\"},\"wordCount\":260,\"publisher\":{\"@id\":\"https:\/\/www.mpppst.gob.ve\/mpppstweb\/#organization\"},\"image\":{\"@id\":\"https:\/\/www.mpppst.gob.ve\/mpppstweb\/index.php\/2016\/02\/05\/trabajadores-y-trabajadoras-del-mpppst-celebran-paradura-del-nino-jesus\/#primaryimage\"},\"thumbnailUrl\":\"\",\"articleSection\":[\"Gobierno Nacional\"],\"inLanguage\":\"es\"},{\"@type\":\"WebPage\",\"@id\":\"https:\/\/www.mpppst.gob.ve\/mpppstweb\/index.php\/2016\/02\/05\/trabajadores-y-trabajadoras-del-mpppst-celebran-paradura-del-nino-jesus\/\",\"url\":\"https:\/\/www.mpppst.gob.ve\/mpppstweb\/index.php\/2016\/02\/05\/trabajadores-y-trabajadoras-del-mpppst-celebran-paradura-del-nino-jesus\/\",\"name\":\"Trabajadores y trabajadoras del MPPPST celebran paradura del ni\u00f1o Jes\u00fas - MPPPST\",\"isPartOf\":{\"@id\":\"https:\/\/www.mpppst.gob.ve\/mpppstweb\/#website\"},\"primaryImageOfPage\":{\"@id\":\"https:\/\/www.mpppst.gob.ve\/mpppstweb\/index.php\/2016\/02\/05\/trabajadores-y-trabajadoras-del-mpppst-celebran-paradura-del-nino-jesus\/#primaryimage\"},\"image\":{\"@id\":\"https:\/\/www.mpppst.gob.ve\/mpppstweb\/index.php\/2016\/02\/05\/trabajadores-y-trabajadoras-del-mpppst-celebran-paradura-del-nino-jesus\/#primaryimage\"},\"thumbnailUrl\":\"\",\"datePublished\":\"2016-02-05T16:56:02+00:00\",\"dateModified\":\"2016-07-20T13:40:57+00:00\",\"breadcrumb\":{\"@id\":\"https:\/\/www.mpppst.gob.ve\/mpppstweb\/index.php\/2016\/02\/05\/trabajadores-y-trabajadoras-del-mpppst-celebran-paradura-del-nino-jesus\/#breadcrumb\"},\"inLanguage\":\"es\",\"potentialAction\":[{\"@type\":\"ReadAction\",\"target\":[\"https:\/\/www.mpppst.gob.ve\/mpppstweb\/index.php\/2016\/02\/05\/trabajadores-y-trabajadoras-del-mpppst-celebran-paradura-del-nino-jesus\/\"]}]},{\"@type\":\"ImageObject\",\"inLanguage\":\"es\",\"@id\":\"https:\/\/www.mpppst.gob.ve\/mpppstweb\/index.php\/2016\/02\/05\/trabajadores-y-trabajadoras-del-mpppst-celebran-paradura-del-nino-jesus\/#primaryimage\",\"url\":\"\",\"contentUrl\":\"\"},{\"@type\":\"BreadcrumbList\",\"@id\":\"https:\/\/www.mpppst.gob.ve\/mpppstweb\/index.php\/2016\/02\/05\/trabajadores-y-trabajadoras-del-mpppst-celebran-paradura-del-nino-jesus\/#breadcrumb\",\"itemListElement\":[{\"@type\":\"ListItem\",\"position\":1,\"name\":\"Home\",\"item\":\"https:\/\/www.mpppst.gob.ve\/mpppstweb\/\"},{\"@type\":\"ListItem\",\"position\":2,\"name\":\"Trabajadores y trabajadoras del MPPPST celebran paradura del ni\u00f1o Jes\u00fas\"}]},{\"@type\":\"WebSite\",\"@id\":\"https:\/\/www.mpppst.gob.ve\/mpppstweb\/#website\",\"url\":\"https:\/\/www.mpppst.gob.ve\/mpppstweb\/\",\"name\":\"MPPPST\",\"description\":\"Ministerio del Poder Popular para el Proceso Social de Trabajo\",\"publisher\":{\"@id\":\"https:\/\/www.mpppst.gob.ve\/mpppstweb\/#organization\"},\"potentialAction\":[{\"@type\":\"SearchAction\",\"target\":{\"@type\":\"EntryPoint\",\"urlTemplate\":\"https:\/\/www.mpppst.gob.ve\/mpppstweb\/?s={search_term_string}\"},\"query-input\":\"required name=search_term_string\"}],\"inLanguage\":\"es\"},{\"@type\":\"Organization\",\"@id\":\"https:\/\/www.mpppst.gob.ve\/mpppstweb\/#organization\",\"name\":\"mpppst\",\"url\":\"https:\/\/www.mpppst.gob.ve\/mpppstweb\/\",\"logo\":{\"@type\":\"ImageObject\",\"inLanguage\":\"es\",\"@id\":\"https:\/\/www.mpppst.gob.ve\/mpppstweb\/#\/schema\/logo\/image\/\",\"url\":\"https:\/\/www.mpppst.gob.ve\/mpppstweb\/wp-content\/uploads\/2025\/07\/cropped-cropped-g910.png\",\"contentUrl\":\"https:\/\/www.mpppst.gob.ve\/mpppstweb\/wp-content\/uploads\/2025\/07\/cropped-cropped-g910.png\",\"width\":1080,\"height\":241,\"caption\":\"mpppst\"},\"image\":{\"@id\":\"https:\/\/www.mpppst.gob.ve\/mpppstweb\/#\/schema\/logo\/image\/\"}},{\"@type\":\"Person\",\"@id\":\"https:\/\/www.mpppst.gob.ve\/mpppstweb\/#\/schema\/person\/fc187ee8ead412bd4c9304b62f900ea4\",\"name\":\"MPPPST Prensa\",\"url\":\"https:\/\/www.mpppst.gob.ve\/mpppstweb\/index.php\/author\/prensa-mpppst\/\"}]}<\/script>\n<!-- \/ Yoast SEO plugin. -->","yoast_head_json":{"title":"Trabajadores y trabajadoras del MPPPST celebran paradura del ni\u00f1o Jes\u00fas - MPPPST","robots":{"index":"index","follow":"follow","max-snippet":"max-snippet:-1","max-image-preview":"max-image-preview:large","max-video-preview":"max-video-preview:-1"},"canonical":"https:\/\/www.mpppst.gob.ve\/mpppstweb\/index.php\/2016\/02\/05\/trabajadores-y-trabajadoras-del-mpppst-celebran-paradura-del-nino-jesus\/","og_locale":"es_ES","og_type":"article","og_title":"Trabajadores y trabajadoras del MPPPST celebran paradura del ni\u00f1o Jes\u00fas - MPPPST","og_description":"Entre Gaitas y Villancicos los trabajadores y trabajadoras del MPPPST levantaron al ni\u00f1o Jes\u00fas del pesebre de la Divisi\u00f3n de Habilitadur\u00eda","og_url":"https:\/\/www.mpppst.gob.ve\/mpppstweb\/index.php\/2016\/02\/05\/trabajadores-y-trabajadoras-del-mpppst-celebran-paradura-del-nino-jesus\/","og_site_name":"MPPPST","article_published_time":"2016-02-05T16:56:02+00:00","article_modified_time":"2016-07-20T13:40:57+00:00","author":"MPPPST Prensa","twitter_card":"summary_large_image","twitter_misc":{"Escrito por":"MPPPST Prensa","Tiempo de lectura":"1 minuto"},"schema":{"@context":"https:\/\/schema.org","@graph":[{"@type":"Article","@id":"https:\/\/www.mpppst.gob.ve\/mpppstweb\/index.php\/2016\/02\/05\/trabajadores-y-trabajadoras-del-mpppst-celebran-paradura-del-nino-jesus\/#article","isPartOf":{"@id":"https:\/\/www.mpppst.gob.ve\/mpppstweb\/index.php\/2016\/02\/05\/trabajadores-y-trabajadoras-del-mpppst-celebran-paradura-del-nino-jesus\/"},"author":{"name":"MPPPST Prensa","@id":"https:\/\/www.mpppst.gob.ve\/mpppstweb\/#\/schema\/person\/fc187ee8ead412bd4c9304b62f900ea4"},"headline":"Trabajadores y trabajadoras del MPPPST celebran paradura del ni\u00f1o Jes\u00fas","datePublished":"2016-02-05T16:56:02+00:00","dateModified":"2016-07-20T13:40:57+00:00","mainEntityOfPage":{"@id":"https:\/\/www.mpppst.gob.ve\/mpppstweb\/index.php\/2016\/02\/05\/trabajadores-y-trabajadoras-del-mpppst-celebran-paradura-del-nino-jesus\/"},"wordCount":260,"publisher":{"@id":"https:\/\/www.mpppst.gob.ve\/mpppstweb\/#organization"},"image":{"@id":"https:\/\/www.mpppst.gob.ve\/mpppstweb\/index.php\/2016\/02\/05\/trabajadores-y-trabajadoras-del-mpppst-celebran-paradura-del-nino-jesus\/#primaryimage"},"thumbnailUrl":"","articleSection":["Gobierno Nacional"],"inLanguage":"es"},{"@type":"WebPage","@id":"https:\/\/www.mpppst.gob.ve\/mpppstweb\/index.php\/2016\/02\/05\/trabajadores-y-trabajadoras-del-mpppst-celebran-paradura-del-nino-jesus\/","url":"https:\/\/www.mpppst.gob.ve\/mpppstweb\/index.php\/2016\/02\/05\/trabajadores-y-trabajadoras-del-mpppst-celebran-paradura-del-nino-jesus\/","name":"Trabajadores y trabajadoras del MPPPST celebran paradura del ni\u00f1o Jes\u00fas - MPPPST","isPartOf":{"@id":"https:\/\/www.mpppst.gob.ve\/mpppstweb\/#website"},"primaryImageOfPage":{"@id":"https:\/\/www.mpppst.gob.ve\/mpppstweb\/index.php\/2016\/02\/05\/trabajadores-y-trabajadoras-del-mpppst-celebran-paradura-del-nino-jesus\/#primaryimage"},"image":{"@id":"https:\/\/www.mpppst.gob.ve\/mpppstweb\/index.php\/2016\/02\/05\/trabajadores-y-trabajadoras-del-mpppst-celebran-paradura-del-nino-jesus\/#primaryimage"},"thumbnailUrl":"","datePublished":"2016-02-05T16:56:02+00:00","dateModified":"2016-07-20T13:40:57+00:00","breadcrumb":{"@id":"https:\/\/www.mpppst.gob.ve\/mpppstweb\/index.php\/2016\/02\/05\/trabajadores-y-trabajadoras-del-mpppst-celebran-paradura-del-nino-jesus\/#breadcrumb"},"inLanguage":"es","potentialAction":[{"@type":"ReadAction","target":["https:\/\/www.mpppst.gob.ve\/mpppstweb\/index.php\/2016\/02\/05\/trabajadores-y-trabajadoras-del-mpppst-celebran-paradura-del-nino-jesus\/"]}]},{"@type":"ImageObject","inLanguage":"es","@id":"https:\/\/www.mpppst.gob.ve\/mpppstweb\/index.php\/2016\/02\/05\/trabajadores-y-trabajadoras-del-mpppst-celebran-paradura-del-nino-jesus\/#primaryimage","url":"","contentUrl":""},{"@type":"BreadcrumbList","@id":"https:\/\/www.mpppst.gob.ve\/mpppstweb\/index.php\/2016\/02\/05\/trabajadores-y-trabajadoras-del-mpppst-celebran-paradura-del-nino-jesus\/#breadcrumb","itemListElement":[{"@type":"ListItem","position":1,"name":"Home","item":"https:\/\/www.mpppst.gob.ve\/mpppstweb\/"},{"@type":"ListItem","position":2,"name":"Trabajadores y trabajadoras del MPPPST celebran paradura del ni\u00f1o Jes\u00fas"}]},{"@type":"WebSite","@id":"https:\/\/www.mpppst.gob.ve\/mpppstweb\/#website","url":"https:\/\/www.mpppst.gob.ve\/mpppstweb\/","name":"MPPPST","description":"Ministerio del Poder Popular para el Proceso Social de Trabajo","publisher":{"@id":"https:\/\/www.mpppst.gob.ve\/mpppstweb\/#organization"},"potentialAction":[{"@type":"SearchAction","target":{"@type":"EntryPoint","urlTemplate":"https:\/\/www.mpppst.gob.ve\/mpppstweb\/?s={search_term_string}"},"query-input":"required name=search_term_string"}],"inLanguage":"es"},{"@type":"Organization","@id":"https:\/\/www.mpppst.gob.ve\/mpppstweb\/#organization","name":"mpppst","url":"https:\/\/www.mpppst.gob.ve\/mpppstweb\/","logo":{"@type":"ImageObject","inLanguage":"es","@id":"https:\/\/www.mpppst.gob.ve\/mpppstweb\/#\/schema\/logo\/image\/","url":"https:\/\/www.mpppst.gob.ve\/mpppstweb\/wp-content\/uploads\/2025\/07\/cropped-cropped-g910.png","contentUrl":"https:\/\/www.mpppst.gob.ve\/mpppstweb\/wp-content\/uploads\/2025\/07\/cropped-cropped-g910.png","width":1080,"height":241,"caption":"mpppst"},"image":{"@id":"https:\/\/www.mpppst.gob.ve\/mpppstweb\/#\/schema\/logo\/image\/"}},{"@type":"Person","@id":"https:\/\/www.mpppst.gob.ve\/mpppstweb\/#\/schema\/person\/fc187ee8ead412bd4c9304b62f900ea4","name":"MPPPST Prensa","url":"https:\/\/www.mpppst.gob.ve\/mpppstweb\/index.php\/author\/prensa-mpppst\/"}]}},"_links":{"self":[{"href":"https:\/\/www.mpppst.gob.ve\/mpppstweb\/index.php\/wp-json\/wp\/v2\/posts\/4634"}],"collection":[{"href":"https:\/\/www.mpppst.gob.ve\/mpppstweb\/index.php\/wp-json\/wp\/v2\/posts"}],"about":[{"href":"https:\/\/www.mpppst.gob.ve\/mpppstweb\/index.php\/wp-json\/wp\/v2\/types\/post"}],"author":[{"embeddable":true,"href":"https:\/\/www.mpppst.gob.ve\/mpppstweb\/index.php\/wp-json\/wp\/v2\/users\/25"}],"replies":[{"embeddable":true,"href":"https:\/\/www.mpppst.gob.ve\/mpppstweb\/index.php\/wp-json\/wp\/v2\/comments?post=4634"}],"version-history":[{"count":1,"href":"https:\/\/www.mpppst.gob.ve\/mpppstweb\/index.php\/wp-json\/wp\/v2\/posts\/4634\/revisions"}],"predecessor-version":[{"id":7005,"href":"https:\/\/www.mpppst.gob.ve\/mpppstweb\/index.php\/wp-json\/wp\/v2\/posts\/4634\/revisions\/7005"}],"wp:featuredmedia":[{"embeddable":true,"href":"https:\/\/www.mpppst.gob.ve\/mpppstweb\/index.php\/wp-json\/"}],"wp:attachment":[{"href":"https:\/\/www.mpppst.gob.ve\/mpppstweb\/index.php\/wp-json\/wp\/v2\/media?parent=4634"}],"wp:term":[{"taxonomy":"category","embeddable":true,"href":"https:\/\/www.mpppst.gob.ve\/mpppstweb\/index.php\/wp-json\/wp\/v2\/categories?post=4634"},{"taxonomy":"post_tag","embeddable":true,"href":"https:\/\/www.mpppst.gob.ve\/mpppstweb\/index.php\/wp-json\/wp\/v2\/tags?post=4634"}],"curies":[{"name":"wp","href":"https:\/\/api.w.org\/{rel}","templated":true}]}}